{"id":9978,"date":"2025-09-16T17:48:55","date_gmt":"2025-09-16T15:48:55","guid":{"rendered":"https:\/\/kunmedierne.dk\/thy\/?p=9978"},"modified":"2025-09-16T14:12:33","modified_gmt":"2025-09-16T12:12:33","slug":"akut-og-opfoelgende-hjaelp-til-boern-og-unge-med-ondt-i-sjaelen","status":"publish","type":"post","link":"https:\/\/kunmedierne.dk\/thy\/akut-og-opfoelgende-hjaelp-til-boern-og-unge-med-ondt-i-sjaelen\/","title":{"rendered":"Akut og opf\u00f8lgende hj\u00e6lp til b\u00f8rn og unge med ondt i sj\u00e6len"},"content":{"rendered":"<p><strong>THY-HANN\u00c6S:\u00a0<\/strong>Et nyt subakut team i B\u00f8rne- og Ungepsykiatrien vil fremover give st\u00f8tte og vejledning til familier, n\u00e5r b\u00f8rn og unge bliver sendt hjem fra Psykiatrisk Skadestue efter en akut krise.<\/p>\n<p>Det nye tilbud er allerede i gang og er f\u00f8rste konkrete tilbud i udrulningen af det 5-\u00e5rige projekt Bedst for Os, der skal forbedre hj\u00e6lpen til b\u00f8rn og unge i psykisk mistrivsel og behandling.<\/p>\n<p class=\"v1Mail-Normal\">\u00c5rligt bliver lidt over 400 b\u00f8rn og unge visiteret til at blive set i den psykiatriske skadestue i Aalborg, men kun omkring en fjerdedel bliver indlagt p\u00e5 baggrund af skadestuebes\u00f8get.<\/p>\n<a class=\"dvrt-link\" onClick=\"cdmtrack_click(683,jQuery(this));return false\" href=\"https:\/\/vester-begr.dk\/?utm_source=google&amp;utm_medium=advative&amp;gad_source=1&amp;gclid=Cj0KCQjwtJ6_BhDWARIsAGanmKfl-hGVVjCYiOgSKoGoxrow4kvXybZsnruKJYTslvqZDywT6a9PCQwaAmBjEALw_wcB\"><img decoding=\"async\" style=\"width:100%;\" src=\"https:\/\/kunmedierne.dk\/thy\/wp-content\/uploads\/sites\/2\/2025\/03\/260203VesterHoukaer-02022026.jpg\"><\/a><script>cdmtrack_view(683);<\/script>\n<p>Det fremg\u00e5r af en pressemeddelelse fra Region Nordjylland:<\/p>\n<p class=\"v1Mail-Normal\">&#8220;Efterf\u00f8lgende kan nogen af dem derfor f\u00f8le sig overladt til sig selv uden at kunne overskue at finde den rette hj\u00e6lp, n\u00e5r de bliver sendt hjem efter den akutte krise. Det skal der nu g\u00f8res en indsats for at modvirke&#8221;.<\/p>\n<p><strong>Tv\u00e6rfagligt tilbud<\/strong><\/p>\n<p class=\"v1Mail-Normal\">Det store Bedst for Os projekt, der blev offentliggjort for et \u00e5r siden, har derfor lanceret sit f\u00f8rste konkrete tilbud i form af et nyt &#8220;subakut team&#8221;. Det er et tv\u00e6rfagligt tilbud, hvor b\u00f8rn og unge under 18 \u00e5r og deres familier \u2013 efter et bes\u00f8g i den psykiatriske skadestue \u2013 f\u00e5r mulighed for enkelte opf\u00f8lgende samtaler med en psykolog, l\u00e6ge eller socialr\u00e5dgiver fra b\u00f8rne- og ungdomspsykiatrien og et netv\u00e6rksm\u00f8de.<\/p>\n<p class=\"v1Mail-Normal\">&#8211; N\u00e5r et barn eller ung har v\u00e6ret p\u00e5 den psykiatriske skadestue, bliver de fleste sendt hjem med anbefalinger til mulig st\u00f8tte og hj\u00e6lp, samt en underretning til kommunen. Men for\u00e6ldre fort\u00e6ller, at det kan v\u00e6re uoverskueligt at finde den rigtige hj\u00e6lp, mens de samtidig st\u00e5r midt i en krise. M\u00e5let med det nye tilbud er at give familierne en h\u00e5ndsr\u00e6kning i tiden efter en akut krise, s\u00e5 de ikke st\u00e5r alene, og samtidig bygge bro til skole, kommune eller andre relevante akt\u00f8rer, fort\u00e6ller Jan Mainz, programdirekt\u00f8r for Bedst for Os, Psykiatrien, Region Nordjylland.<\/p>\n<a class=\"dvrt-link\" onClick=\"cdmtrack_click(1130,jQuery(this));return false\" href=\"https:\/\/www.thistedforsikring.dk\/?utm_source=partnerskaber&amp;utm_campaign=kun_thy\"><img decoding=\"async\" style=\"width:100%;\" src=\"https:\/\/kunmedierne.dk\/thy\/wp-content\/uploads\/sites\/2\/2025\/04\/260409KunThyThisted-For-1.png\"><\/a><script>cdmtrack_view(1130);<\/script>\n<p class=\"v1Mail-Normal\">Tilbuddet henvender sig til nogle af de b\u00f8rn og unge, som har v\u00e6ret visiteret til den psykiatriske skademodtagelse p\u00e5 grund af akutte symptomer p\u00e5 psykisk mistrivsel \u2013 fx tanker om selvskade eller selvmord. N\u00e5r b\u00f8rn og unge kommer p\u00e5 psykiatrisk skadestue, er det ofte i en sv\u00e6r og uoverskuelig situation \u2013 b\u00e5de for dem selv og deres familier.<\/p>\n<p class=\"v1Mail-Normal\">&#8211; Form\u00e5let med indsatsen er at skabe ro og st\u00f8tte i hverdagen. Forl\u00f8bet skal hj\u00e6lpe familien med at forst\u00e5, hvad der f\u00f8rte til krisen, og hvordan den unge kan blive bedre st\u00f8ttet fremover, forklarer Sara Poulsen, der er ledende overl\u00e6ge i Enhed for Tv\u00e6rsektoriel Udvikling og Samarbejde (TUS) i B\u00f8rne- og Ungdomspsykiatrien i Region Nordjylland, hvor indsatsen er forankret.<\/p>\n<p><strong>Typisk forl\u00f8b over seks uger<\/strong><\/p>\n<p class=\"v1Mail-Normal\">Et typisk forl\u00f8b varer ca. seks uger og best\u00e5r af en opstartssamtale, en eller to opf\u00f8lgende samtaler og et afsluttende netv\u00e6rksm\u00f8de, hvor der ogs\u00e5 gives anbefalinger til det videre forl\u00f8b. Under forl\u00f8bet f\u00e5r man hj\u00e6lp til at f\u00e5 skabt kontakt til de rette fagpersoner, der kan hj\u00e6lpe og st\u00f8tte barnet\/den unge og familien i efterforl\u00f8bet efter et bes\u00f8g i psykiatrisk skadestue. Forl\u00f8bet tilbydes ikke til familier, hvor barnet allerede er henvist til B\u00f8rne- og Ungdomspsykiatrien eller har et \u00e5bent forl\u00f8b i psykiatrien.<\/p>\n<a class=\"dvrt-link\" onClick=\"cdmtrack_click(683,jQuery(this));return false\" href=\"https:\/\/vester-begr.dk\/?utm_source=google&amp;utm_medium=advative&amp;gad_source=1&amp;gclid=Cj0KCQjwtJ6_BhDWARIsAGanmKfl-hGVVjCYiOgSKoGoxrow4kvXybZsnruKJYTslvqZDywT6a9PCQwaAmBjEALw_wcB\"><img decoding=\"async\" style=\"width:100%;\" src=\"https:\/\/kunmedierne.dk\/thy\/wp-content\/uploads\/sites\/2\/2025\/03\/260203VesterHoukaer-02022026.jpg\"><\/a><script>cdmtrack_view(683);<\/script>\n<p class=\"v1Mail-Normal\">Allerede fra september er tilbuddet sat i v\u00e6rk, s\u00e5 op til tre familier ugentligt kan blive tilbudt et forl\u00f8b.<\/p>\n<p class=\"v1Mail-Normal\">Det subakutte team bygger videre p\u00e5 positive erfaringer med etablering af Bakkehuset i Region Sj\u00e6lland, der ogs\u00e5 tilbyder korte opf\u00f8lgningsforl\u00f8b efter at et barn eller en ung har v\u00e6ret i psykiatrisk skadestue.<\/p>\n<blockquote>\n<p class=\"v1Mail-Overskrift3\">Fakta om Bedst for Os<\/p>\n<p class=\"v1Mail-Normal\">&#8211;\u00a0\u00a0\u00a0\u00a0\u00a0\u00a0\u00a0Et 5-\u00e5rigt projekt i b\u00f8rne- og ungdomspsykiatrien, der st\u00f8ttes med op til 150 mio. kr. af Novo Nordisk Fonden og 30 mio. kr. af Det Obelske Familiefond.<\/p>\n<p class=\"v1Mail-Normal\">&#8211;\u00a0\u00a0\u00a0\u00a0\u00a0\u00a0\u00a0Skal komme med konkrete l\u00f8sninger til, hvordan m\u00e5ls\u00e6tningerne p\u00e5 det b\u00f8rne- og ungdomspsykiatriske omr\u00e5de i den nationale 10-\u00e5rsplan for psykiatrien kan n\u00e5s.<\/p>\n<p class=\"v1Mail-Normal\">&#8211;\u00a0\u00a0\u00a0\u00a0\u00a0\u00a0\u00a0Bevillingen giver desuden Region Nordjylland mulighed for at optimere de fysiske rammer i b\u00f8rne- og ungdomspsykiatrien, s\u00e5 der kan skabes en st\u00f8rre f\u00f8lelse af tryghed og n\u00e6rhed for b\u00f8rn og unge i behandling.<\/p>\n<p class=\"v1Mail-Normal\">&#8211;\u00a0\u00a0\u00a0\u00a0\u00a0\u00a0\u00a0Tager udgangspunkt i det regionale omr\u00e5de i Nordjylland, hvor fagprofessionelle akt\u00f8rer i kommuner, skoler, praktiserende l\u00e6ger samt civilsamfundet vil arbejde t\u00e6t sammen for at forbedre hj\u00e6lpen til b\u00f8rn og unge i psykisk mistrivsel og behandling.<\/p>\n<p class=\"v1Mail-Normal\">&#8211;\u00a0\u00a0\u00a0\u00a0\u00a0\u00a0\u00a0Har de fire nordjyske kommuner i Aalborg, Hj\u00f8rring, Mariagerfjord og Thisted som prim\u00e6re kommunale partnere i projektet, men regionens \u00f8vrige kommuner bliver ogs\u00e5 inddraget, ligesom Aalborg Universitet forskningsm\u00e6ssigt er en central samarbejdspartner i projektet.<\/p>\n<p class=\"v1Mail-Normal\">&#8211;\u00a0\u00a0\u00a0\u00a0\u00a0\u00a0\u00a0Har et t\u00e6t samarbejde med andre relevante akt\u00f8rer p\u00e5 nationalt plan, herunder b\u00f8rne- og ungdomspsykiatrien i de \u00f8vrige fire regioner.<\/p>\n<\/blockquote>\n","protected":false},"excerpt":{"rendered":"<p>THY-HANN\u00c6S:\u00a0Et nyt subakut team i B\u00f8rne- og Ungepsykiatrien vil fremover give st\u00f8tte og vejledning til familier, n\u00e5r b\u00f8rn og unge bliver sendt hjem fra Psykiatrisk Skadestue efter en akut krise. Det nye tilbud er allerede i gang og er f\u00f8rste konkrete tilbud i udrulningen af det 5-\u00e5rige projekt Bedst for Os, der skal forbedre hj\u00e6lpen [&hellip;]<\/p>\n","protected":false},"author":1925,"featured_media":0,"comment_status":"closed","ping_status":"closed","sticky":false,"template":"","format":"standard","meta":{"_acf_changed":false,"footnotes":""},"categories":[24],"tags":[47],"class_list":["post-9978","post","type-post","status-publish","format-standard","hentry","category-lokalt","tag-sundhed"],"acf":[],"yoast_head":"<!-- This site is optimized with the Yoast SEO plugin v26.8 - https:\/\/yoast.com\/product\/yoast-seo-wordpress\/ -->\n<title>Akut og opf\u00f8lgende hj\u00e6lp til b\u00f8rn og unge med ondt i sj\u00e6len - Thy<\/title>\n<meta name=\"robots\" content=\"index, follow, max-snippet:-1, max-image-preview:large, max-video-preview:-1\" \/>\n<link rel=\"canonical\" href=\"https:\/\/kunmedierne.dk\/thy\/akut-og-opfoelgende-hjaelp-til-boern-og-unge-med-ondt-i-sjaelen\/\" \/>\n<meta property=\"og:locale\" content=\"da_DK\" \/>\n<meta property=\"og:type\" content=\"article\" \/>\n<meta property=\"og:title\" content=\"Akut og opf\u00f8lgende hj\u00e6lp til b\u00f8rn og unge med ondt i sj\u00e6len - Thy\" \/>\n<meta property=\"og:description\" content=\"THY-HANN\u00c6S:\u00a0Et nyt subakut team i B\u00f8rne- og Ungepsykiatrien vil fremover give st\u00f8tte og vejledning til familier, n\u00e5r b\u00f8rn og unge bliver sendt hjem fra Psykiatrisk Skadestue efter en akut krise. Det nye tilbud er allerede i gang og er f\u00f8rste konkrete tilbud i udrulningen af det 5-\u00e5rige projekt Bedst for Os, der skal forbedre hj\u00e6lpen [&hellip;]\" \/>\n<meta property=\"og:url\" content=\"https:\/\/kunmedierne.dk\/thy\/akut-og-opfoelgende-hjaelp-til-boern-og-unge-med-ondt-i-sjaelen\/\" \/>\n<meta property=\"og:site_name\" content=\"Thy\" \/>\n<meta property=\"article:published_time\" content=\"2025-09-16T15:48:55+00:00\" \/>\n<meta name=\"author\" content=\"Lone L\u00e6rke Krog\" \/>\n<meta name=\"twitter:card\" content=\"summary_large_image\" \/>\n<meta name=\"twitter:label1\" content=\"Skrevet af\" \/>\n\t<meta name=\"twitter:data1\" content=\"Lone L\u00e6rke Krog\" \/>\n\t<meta name=\"twitter:label2\" content=\"Estimeret l\u00e6setid\" \/>\n\t<meta name=\"twitter:data2\" content=\"4 minutter\" \/>\n<script type=\"application\/ld+json\" class=\"yoast-schema-graph\">{\"@context\":\"https:\/\/schema.org\",\"@graph\":[{\"@type\":\"Article\",\"@id\":\"https:\/\/kunmedierne.dk\/thy\/akut-og-opfoelgende-hjaelp-til-boern-og-unge-med-ondt-i-sjaelen\/#article\",\"isPartOf\":{\"@id\":\"https:\/\/kunmedierne.dk\/thy\/akut-og-opfoelgende-hjaelp-til-boern-og-unge-med-ondt-i-sjaelen\/\"},\"author\":{\"name\":\"Lone L\u00e6rke Krog\",\"@id\":\"https:\/\/kunmedierne.dk\/thy\/#\/schema\/person\/d266634ba6550d075ecf540d63b245d2\"},\"headline\":\"Akut og opf\u00f8lgende hj\u00e6lp til b\u00f8rn og unge med ondt i sj\u00e6len\",\"datePublished\":\"2025-09-16T15:48:55+00:00\",\"mainEntityOfPage\":{\"@id\":\"https:\/\/kunmedierne.dk\/thy\/akut-og-opfoelgende-hjaelp-til-boern-og-unge-med-ondt-i-sjaelen\/\"},\"wordCount\":871,\"publisher\":{\"@id\":\"https:\/\/kunmedierne.dk\/thy\/#organization\"},\"keywords\":[\"Sundhed\"],\"articleSection\":[\"Lokalt\"],\"inLanguage\":\"da-DK\"},{\"@type\":\"WebPage\",\"@id\":\"https:\/\/kunmedierne.dk\/thy\/akut-og-opfoelgende-hjaelp-til-boern-og-unge-med-ondt-i-sjaelen\/\",\"url\":\"https:\/\/kunmedierne.dk\/thy\/akut-og-opfoelgende-hjaelp-til-boern-og-unge-med-ondt-i-sjaelen\/\",\"name\":\"Akut og opf\u00f8lgende hj\u00e6lp til b\u00f8rn og unge med ondt i sj\u00e6len - Thy\",\"isPartOf\":{\"@id\":\"https:\/\/kunmedierne.dk\/thy\/#website\"},\"datePublished\":\"2025-09-16T15:48:55+00:00\",\"breadcrumb\":{\"@id\":\"https:\/\/kunmedierne.dk\/thy\/akut-og-opfoelgende-hjaelp-til-boern-og-unge-med-ondt-i-sjaelen\/#breadcrumb\"},\"inLanguage\":\"da-DK\",\"potentialAction\":[{\"@type\":\"ReadAction\",\"target\":[\"https:\/\/kunmedierne.dk\/thy\/akut-og-opfoelgende-hjaelp-til-boern-og-unge-med-ondt-i-sjaelen\/\"]}]},{\"@type\":\"BreadcrumbList\",\"@id\":\"https:\/\/kunmedierne.dk\/thy\/akut-og-opfoelgende-hjaelp-til-boern-og-unge-med-ondt-i-sjaelen\/#breadcrumb\",\"itemListElement\":[{\"@type\":\"ListItem\",\"position\":1,\"name\":\"Home\",\"item\":\"https:\/\/kunmedierne.dk\/thy\/\"},{\"@type\":\"ListItem\",\"position\":2,\"name\":\"Akut og opf\u00f8lgende hj\u00e6lp til b\u00f8rn og unge med ondt i sj\u00e6len\"}]},{\"@type\":\"WebSite\",\"@id\":\"https:\/\/kunmedierne.dk\/thy\/#website\",\"url\":\"https:\/\/kunmedierne.dk\/thy\/\",\"name\":\"Thy\",\"description\":\"et netmedie med journalistik om livet i Thy\",\"publisher\":{\"@id\":\"https:\/\/kunmedierne.dk\/thy\/#organization\"},\"potentialAction\":[{\"@type\":\"SearchAction\",\"target\":{\"@type\":\"EntryPoint\",\"urlTemplate\":\"https:\/\/kunmedierne.dk\/thy\/?s={search_term_string}\"},\"query-input\":{\"@type\":\"PropertyValueSpecification\",\"valueRequired\":true,\"valueName\":\"search_term_string\"}}],\"inLanguage\":\"da-DK\"},{\"@type\":\"Organization\",\"@id\":\"https:\/\/kunmedierne.dk\/thy\/#organization\",\"name\":\"Thy\",\"url\":\"https:\/\/kunmedierne.dk\/thy\/\",\"logo\":{\"@type\":\"ImageObject\",\"inLanguage\":\"da-DK\",\"@id\":\"https:\/\/kunmedierne.dk\/thy\/#\/schema\/logo\/image\/\",\"url\":\"https:\/\/kunmedierne.dk\/thy\/wp-content\/uploads\/sites\/2\/2025\/04\/kunthy-logo.svg\",\"contentUrl\":\"https:\/\/kunmedierne.dk\/thy\/wp-content\/uploads\/sites\/2\/2025\/04\/kunthy-logo.svg\",\"caption\":\"Thy\"},\"image\":{\"@id\":\"https:\/\/kunmedierne.dk\/thy\/#\/schema\/logo\/image\/\"}},{\"@type\":\"Person\",\"@id\":\"https:\/\/kunmedierne.dk\/thy\/#\/schema\/person\/d266634ba6550d075ecf540d63b245d2\",\"name\":\"Lone L\u00e6rke Krog\",\"image\":{\"@type\":\"ImageObject\",\"inLanguage\":\"da-DK\",\"@id\":\"https:\/\/kunmedierne.dk\/thy\/#\/schema\/person\/image\/\",\"url\":\"https:\/\/secure.gravatar.com\/avatar\/496ddc7080e56b4ac64cfd4e56bd6d1ee396fa3db1923aa22f11346f60bb135b?s=96&d=mm&r=g\",\"contentUrl\":\"https:\/\/secure.gravatar.com\/avatar\/496ddc7080e56b4ac64cfd4e56bd6d1ee396fa3db1923aa22f11346f60bb135b?s=96&d=mm&r=g\",\"caption\":\"Lone L\u00e6rke Krog\"},\"url\":\"https:\/\/kunmedierne.dk\/thy\/author\/llk\/\"}]}<\/script>\n<!-- \/ Yoast SEO plugin. -->","yoast_head_json":{"title":"Akut og opf\u00f8lgende hj\u00e6lp til b\u00f8rn og unge med ondt i sj\u00e6len - Thy","robots":{"index":"index","follow":"follow","max-snippet":"max-snippet:-1","max-image-preview":"max-image-preview:large","max-video-preview":"max-video-preview:-1"},"canonical":"https:\/\/kunmedierne.dk\/thy\/akut-og-opfoelgende-hjaelp-til-boern-og-unge-med-ondt-i-sjaelen\/","og_locale":"da_DK","og_type":"article","og_title":"Akut og opf\u00f8lgende hj\u00e6lp til b\u00f8rn og unge med ondt i sj\u00e6len - Thy","og_description":"THY-HANN\u00c6S:\u00a0Et nyt subakut team i B\u00f8rne- og Ungepsykiatrien vil fremover give st\u00f8tte og vejledning til familier, n\u00e5r b\u00f8rn og unge bliver sendt hjem fra Psykiatrisk Skadestue efter en akut krise. Det nye tilbud er allerede i gang og er f\u00f8rste konkrete tilbud i udrulningen af det 5-\u00e5rige projekt Bedst for Os, der skal forbedre hj\u00e6lpen [&hellip;]","og_url":"https:\/\/kunmedierne.dk\/thy\/akut-og-opfoelgende-hjaelp-til-boern-og-unge-med-ondt-i-sjaelen\/","og_site_name":"Thy","article_published_time":"2025-09-16T15:48:55+00:00","author":"Lone L\u00e6rke Krog","twitter_card":"summary_large_image","twitter_misc":{"Skrevet af":"Lone L\u00e6rke Krog","Estimeret l\u00e6setid":"4 minutter"},"schema":{"@context":"https:\/\/schema.org","@graph":[{"@type":"Article","@id":"https:\/\/kunmedierne.dk\/thy\/akut-og-opfoelgende-hjaelp-til-boern-og-unge-med-ondt-i-sjaelen\/#article","isPartOf":{"@id":"https:\/\/kunmedierne.dk\/thy\/akut-og-opfoelgende-hjaelp-til-boern-og-unge-med-ondt-i-sjaelen\/"},"author":{"name":"Lone L\u00e6rke Krog","@id":"https:\/\/kunmedierne.dk\/thy\/#\/schema\/person\/d266634ba6550d075ecf540d63b245d2"},"headline":"Akut og opf\u00f8lgende hj\u00e6lp til b\u00f8rn og unge med ondt i sj\u00e6len","datePublished":"2025-09-16T15:48:55+00:00","mainEntityOfPage":{"@id":"https:\/\/kunmedierne.dk\/thy\/akut-og-opfoelgende-hjaelp-til-boern-og-unge-med-ondt-i-sjaelen\/"},"wordCount":871,"publisher":{"@id":"https:\/\/kunmedierne.dk\/thy\/#organization"},"keywords":["Sundhed"],"articleSection":["Lokalt"],"inLanguage":"da-DK"},{"@type":"WebPage","@id":"https:\/\/kunmedierne.dk\/thy\/akut-og-opfoelgende-hjaelp-til-boern-og-unge-med-ondt-i-sjaelen\/","url":"https:\/\/kunmedierne.dk\/thy\/akut-og-opfoelgende-hjaelp-til-boern-og-unge-med-ondt-i-sjaelen\/","name":"Akut og opf\u00f8lgende hj\u00e6lp til b\u00f8rn og unge med ondt i sj\u00e6len - Thy","isPartOf":{"@id":"https:\/\/kunmedierne.dk\/thy\/#website"},"datePublished":"2025-09-16T15:48:55+00:00","breadcrumb":{"@id":"https:\/\/kunmedierne.dk\/thy\/akut-og-opfoelgende-hjaelp-til-boern-og-unge-med-ondt-i-sjaelen\/#breadcrumb"},"inLanguage":"da-DK","potentialAction":[{"@type":"ReadAction","target":["https:\/\/kunmedierne.dk\/thy\/akut-og-opfoelgende-hjaelp-til-boern-og-unge-med-ondt-i-sjaelen\/"]}]},{"@type":"BreadcrumbList","@id":"https:\/\/kunmedierne.dk\/thy\/akut-og-opfoelgende-hjaelp-til-boern-og-unge-med-ondt-i-sjaelen\/#breadcrumb","itemListElement":[{"@type":"ListItem","position":1,"name":"Home","item":"https:\/\/kunmedierne.dk\/thy\/"},{"@type":"ListItem","position":2,"name":"Akut og opf\u00f8lgende hj\u00e6lp til b\u00f8rn og unge med ondt i sj\u00e6len"}]},{"@type":"WebSite","@id":"https:\/\/kunmedierne.dk\/thy\/#website","url":"https:\/\/kunmedierne.dk\/thy\/","name":"Thy","description":"et netmedie med journalistik om livet i Thy","publisher":{"@id":"https:\/\/kunmedierne.dk\/thy\/#organization"},"potentialAction":[{"@type":"SearchAction","target":{"@type":"EntryPoint","urlTemplate":"https:\/\/kunmedierne.dk\/thy\/?s={search_term_string}"},"query-input":{"@type":"PropertyValueSpecification","valueRequired":true,"valueName":"search_term_string"}}],"inLanguage":"da-DK"},{"@type":"Organization","@id":"https:\/\/kunmedierne.dk\/thy\/#organization","name":"Thy","url":"https:\/\/kunmedierne.dk\/thy\/","logo":{"@type":"ImageObject","inLanguage":"da-DK","@id":"https:\/\/kunmedierne.dk\/thy\/#\/schema\/logo\/image\/","url":"https:\/\/kunmedierne.dk\/thy\/wp-content\/uploads\/sites\/2\/2025\/04\/kunthy-logo.svg","contentUrl":"https:\/\/kunmedierne.dk\/thy\/wp-content\/uploads\/sites\/2\/2025\/04\/kunthy-logo.svg","caption":"Thy"},"image":{"@id":"https:\/\/kunmedierne.dk\/thy\/#\/schema\/logo\/image\/"}},{"@type":"Person","@id":"https:\/\/kunmedierne.dk\/thy\/#\/schema\/person\/d266634ba6550d075ecf540d63b245d2","name":"Lone L\u00e6rke Krog","image":{"@type":"ImageObject","inLanguage":"da-DK","@id":"https:\/\/kunmedierne.dk\/thy\/#\/schema\/person\/image\/","url":"https:\/\/secure.gravatar.com\/avatar\/496ddc7080e56b4ac64cfd4e56bd6d1ee396fa3db1923aa22f11346f60bb135b?s=96&d=mm&r=g","contentUrl":"https:\/\/secure.gravatar.com\/avatar\/496ddc7080e56b4ac64cfd4e56bd6d1ee396fa3db1923aa22f11346f60bb135b?s=96&d=mm&r=g","caption":"Lone L\u00e6rke Krog"},"url":"https:\/\/kunmedierne.dk\/thy\/author\/llk\/"}]}},"_links":{"self":[{"href":"https:\/\/kunmedierne.dk\/thy\/wp-json\/wp\/v2\/posts\/9978","targetHints":{"allow":["GET"]}}],"collection":[{"href":"https:\/\/kunmedierne.dk\/thy\/wp-json\/wp\/v2\/posts"}],"about":[{"href":"https:\/\/kunmedierne.dk\/thy\/wp-json\/wp\/v2\/types\/post"}],"author":[{"embeddable":true,"href":"https:\/\/kunmedierne.dk\/thy\/wp-json\/wp\/v2\/users\/1925"}],"replies":[{"embeddable":true,"href":"https:\/\/kunmedierne.dk\/thy\/wp-json\/wp\/v2\/comments?post=9978"}],"version-history":[{"count":3,"href":"https:\/\/kunmedierne.dk\/thy\/wp-json\/wp\/v2\/posts\/9978\/revisions"}],"predecessor-version":[{"id":9983,"href":"https:\/\/kunmedierne.dk\/thy\/wp-json\/wp\/v2\/posts\/9978\/revisions\/9983"}],"wp:attachment":[{"href":"https:\/\/kunmedierne.dk\/thy\/wp-json\/wp\/v2\/media?parent=9978"}],"wp:term":[{"taxonomy":"category","embeddable":true,"href":"https:\/\/kunmedierne.dk\/thy\/wp-json\/wp\/v2\/categories?post=9978"},{"taxonomy":"post_tag","embeddable":true,"href":"https:\/\/kunmedierne.dk\/thy\/wp-json\/wp\/v2\/tags?post=9978"}],"curies":[{"name":"wp","href":"https:\/\/api.w.org\/{rel}","templated":true}]}}