{"id":9807,"date":"2025-09-14T09:59:30","date_gmt":"2025-09-14T07:59:30","guid":{"rendered":"https:\/\/kunmedierne.dk\/thy\/?p=9807"},"modified":"2025-09-12T16:00:04","modified_gmt":"2025-09-12T14:00:04","slug":"smk-thy-har-haft-9000-gaester-paa-to-uger","status":"publish","type":"post","link":"https:\/\/kunmedierne.dk\/thy\/smk-thy-har-haft-9000-gaester-paa-to-uger\/","title":{"rendered":"SMK Thy har haft 9000 g\u00e6ster p\u00e5 to uger"},"content":{"rendered":"<p><strong>DOVERODDE:<\/strong> Det er ikke kun nyhedens interesse, der har f\u00e5et publikum til at str\u00f8mme til Doverodde K\u00f8bmandsgaard efter \u00e5bningen af SMK Thy og udstillingen &#8220;Rejsen fra Paris&#8221; 29. august.<\/p>\n<p>Nina Peitersen, der er kommunikationsansvarlig for SMK Thy fort\u00e6ller, at omkring 9000 har bes\u00f8gt stedet siden \u00e5bningen. Hun t\u00f8ver derfor ikke med at kalde det en succes, at Statens Museum for kunst nu er til stede i Thy.<\/p>\n<p>&#8211; Vi har virkelig mange bes\u00f8gende, og der kan godt v\u00e6re lang k\u00f8 til udstillingen stadigv\u00e6k, siger hun.<\/p>\n<a class=\"dvrt-link\" onClick=\"cdmtrack_click(689,jQuery(this));return false\" href=\"https:\/\/www.thistedbolig.dk\"><img decoding=\"async\" style=\"width:100%;\" src=\"https:\/\/kunmedierne.dk\/thy\/wp-content\/uploads\/sites\/2\/2025\/03\/260414ThistedBoligApril-opslag-002-1.jpg\"><\/a><script>cdmtrack_view(689);<\/script>\n<p>Den 29. august m\u00f8dte omkring 3500 mennesker op til festlighederne ved indvielsen af kunstmuseet i det nyrenoverede pakhus i Doverodde K\u00f8bmandsgaard. Den dag var der gratis entr\u00e9, og der blev lukket 1400 mennesker ind i udstillingsrummet &#8211; 100 ad gangen.<\/p>\n<p>Fra 30. august til 11. september er der solgt 5451 billetter.<\/p>\n<p>Alle har lige adgang, og man kan kun k\u00f8be billet p\u00e5 stedet, hvilket har f\u00e5et telefonerne til at gl\u00f8de hos SMK Thy.<\/p>\n<p>&#8211; Mange k\u00f8rer langt, og vi f\u00e5r mange opkald, fordi de er nerv\u00f8se for, om de nu ogs\u00e5 kan n\u00e5 at f\u00e5 billet.<\/p>\n<p>Nina Peitersen kan dog berolige folk.<\/p>\n<p>&#8211; Vi har endnu ikke oplevet, at vi ikke har kunnet lukke alle folk ind.<\/p>\n<a class=\"dvrt-link\" onClick=\"cdmtrack_click(689,jQuery(this));return false\" href=\"https:\/\/www.thistedbolig.dk\"><img decoding=\"async\" style=\"width:100%;\" src=\"https:\/\/kunmedierne.dk\/thy\/wp-content\/uploads\/sites\/2\/2025\/03\/260414ThistedBoligApril-opslag-002-1.jpg\"><\/a><script>cdmtrack_view(689);<\/script>\n<p>Nina Peitersen har dog et godt r\u00e5d til kommende g\u00e6ster, der vil undg\u00e5 at st\u00e5 i k\u00f8 for l\u00e6nge.<\/p>\n<p>&#8211; Vi \u00f8nsker, at alle skal have den bedst mulige oplevelse, og derfor anbefaler vi, at man skubber sit bes\u00f8g til lidt l\u00e6ngere oppe ad dagen.<\/p>\n<p>Nina Peitersen fort\u00e6ller, at ogs\u00e5 spisestedet p\u00e5 Doverodde K\u00f8bmandsgaard har travlt lige omkring frokosttid. S\u00e5 hvis man t\u00e6nker at k\u00f8be mad og drikke, kan det ogs\u00e5 v\u00e6re en id\u00e9 at vente til efter kl. 14.<\/p>\n<p>SMK Thy har \u00e5bent alle dage undtagen mandag fra kl. 12-17.<\/p>\n<p>Der lukkes 140 ind i udstillingen ad gangen.<\/p>\n","protected":false},"excerpt":{"rendered":"<p>DOVERODDE: Det er ikke kun nyhedens interesse, der har f\u00e5et publikum til at str\u00f8mme til Doverodde K\u00f8bmandsgaard efter \u00e5bningen af SMK Thy og udstillingen &#8220;Rejsen fra Paris&#8221; 29. august. Nina Peitersen, der er kommunikationsansvarlig for SMK Thy fort\u00e6ller, at omkring 9000 har bes\u00f8gt stedet siden \u00e5bningen. Hun t\u00f8ver derfor ikke med at kalde det en [&hellip;]<\/p>\n","protected":false},"author":1925,"featured_media":0,"comment_status":"closed","ping_status":"closed","sticky":false,"template":"","format":"standard","meta":{"_acf_changed":false,"footnotes":""},"categories":[21],"tags":[85,38,45],"class_list":["post-9807","post","type-post","status-publish","format-standard","hentry","category-kultur","tag-kultur","tag-mennesker","tag-museer"],"acf":[],"yoast_head":"<!-- This site is optimized with the Yoast SEO plugin v26.8 - https:\/\/yoast.com\/product\/yoast-seo-wordpress\/ -->\n<title>SMK Thy har haft 9000 g\u00e6ster p\u00e5 to uger - Thy<\/title>\n<meta name=\"robots\" content=\"index, follow, max-snippet:-1, max-image-preview:large, max-video-preview:-1\" \/>\n<link rel=\"canonical\" href=\"https:\/\/kunmedierne.dk\/thy\/smk-thy-har-haft-9000-gaester-paa-to-uger\/\" \/>\n<meta property=\"og:locale\" content=\"da_DK\" \/>\n<meta property=\"og:type\" content=\"article\" \/>\n<meta property=\"og:title\" content=\"SMK Thy har haft 9000 g\u00e6ster p\u00e5 to uger - Thy\" \/>\n<meta property=\"og:description\" content=\"DOVERODDE: Det er ikke kun nyhedens interesse, der har f\u00e5et publikum til at str\u00f8mme til Doverodde K\u00f8bmandsgaard efter \u00e5bningen af SMK Thy og udstillingen &#8220;Rejsen fra Paris&#8221; 29. august. Nina Peitersen, der er kommunikationsansvarlig for SMK Thy fort\u00e6ller, at omkring 9000 har bes\u00f8gt stedet siden \u00e5bningen. Hun t\u00f8ver derfor ikke med at kalde det en [&hellip;]\" \/>\n<meta property=\"og:url\" content=\"https:\/\/kunmedierne.dk\/thy\/smk-thy-har-haft-9000-gaester-paa-to-uger\/\" \/>\n<meta property=\"og:site_name\" content=\"Thy\" \/>\n<meta property=\"article:published_time\" content=\"2025-09-14T07:59:30+00:00\" \/>\n<meta name=\"author\" content=\"Lone L\u00e6rke Krog\" \/>\n<meta name=\"twitter:card\" content=\"summary_large_image\" \/>\n<meta name=\"twitter:label1\" content=\"Skrevet af\" \/>\n\t<meta name=\"twitter:data1\" content=\"Lone L\u00e6rke Krog\" \/>\n\t<meta name=\"twitter:label2\" content=\"Estimeret l\u00e6setid\" \/>\n\t<meta name=\"twitter:data2\" content=\"2 minutter\" \/>\n<script type=\"application\/ld+json\" class=\"yoast-schema-graph\">{\"@context\":\"https:\/\/schema.org\",\"@graph\":[{\"@type\":\"Article\",\"@id\":\"https:\/\/kunmedierne.dk\/thy\/smk-thy-har-haft-9000-gaester-paa-to-uger\/#article\",\"isPartOf\":{\"@id\":\"https:\/\/kunmedierne.dk\/thy\/smk-thy-har-haft-9000-gaester-paa-to-uger\/\"},\"author\":{\"name\":\"Lone L\u00e6rke Krog\",\"@id\":\"https:\/\/kunmedierne.dk\/thy\/#\/schema\/person\/d266634ba6550d075ecf540d63b245d2\"},\"headline\":\"SMK Thy har haft 9000 g\u00e6ster p\u00e5 to uger\",\"datePublished\":\"2025-09-14T07:59:30+00:00\",\"mainEntityOfPage\":{\"@id\":\"https:\/\/kunmedierne.dk\/thy\/smk-thy-har-haft-9000-gaester-paa-to-uger\/\"},\"wordCount\":330,\"publisher\":{\"@id\":\"https:\/\/kunmedierne.dk\/thy\/#organization\"},\"keywords\":[\"kultur\",\"Mennesker\",\"Museer\"],\"articleSection\":[\"Kultur\"],\"inLanguage\":\"da-DK\"},{\"@type\":\"WebPage\",\"@id\":\"https:\/\/kunmedierne.dk\/thy\/smk-thy-har-haft-9000-gaester-paa-to-uger\/\",\"url\":\"https:\/\/kunmedierne.dk\/thy\/smk-thy-har-haft-9000-gaester-paa-to-uger\/\",\"name\":\"SMK Thy har haft 9000 g\u00e6ster p\u00e5 to uger - Thy\",\"isPartOf\":{\"@id\":\"https:\/\/kunmedierne.dk\/thy\/#website\"},\"datePublished\":\"2025-09-14T07:59:30+00:00\",\"breadcrumb\":{\"@id\":\"https:\/\/kunmedierne.dk\/thy\/smk-thy-har-haft-9000-gaester-paa-to-uger\/#breadcrumb\"},\"inLanguage\":\"da-DK\",\"potentialAction\":[{\"@type\":\"ReadAction\",\"target\":[\"https:\/\/kunmedierne.dk\/thy\/smk-thy-har-haft-9000-gaester-paa-to-uger\/\"]}]},{\"@type\":\"BreadcrumbList\",\"@id\":\"https:\/\/kunmedierne.dk\/thy\/smk-thy-har-haft-9000-gaester-paa-to-uger\/#breadcrumb\",\"itemListElement\":[{\"@type\":\"ListItem\",\"position\":1,\"name\":\"Home\",\"item\":\"https:\/\/kunmedierne.dk\/thy\/\"},{\"@type\":\"ListItem\",\"position\":2,\"name\":\"SMK Thy har haft 9000 g\u00e6ster p\u00e5 to uger\"}]},{\"@type\":\"WebSite\",\"@id\":\"https:\/\/kunmedierne.dk\/thy\/#website\",\"url\":\"https:\/\/kunmedierne.dk\/thy\/\",\"name\":\"Thy\",\"description\":\"et netmedie med journalistik om livet i Thy\",\"publisher\":{\"@id\":\"https:\/\/kunmedierne.dk\/thy\/#organization\"},\"potentialAction\":[{\"@type\":\"SearchAction\",\"target\":{\"@type\":\"EntryPoint\",\"urlTemplate\":\"https:\/\/kunmedierne.dk\/thy\/?s={search_term_string}\"},\"query-input\":{\"@type\":\"PropertyValueSpecification\",\"valueRequired\":true,\"valueName\":\"search_term_string\"}}],\"inLanguage\":\"da-DK\"},{\"@type\":\"Organization\",\"@id\":\"https:\/\/kunmedierne.dk\/thy\/#organization\",\"name\":\"Thy\",\"url\":\"https:\/\/kunmedierne.dk\/thy\/\",\"logo\":{\"@type\":\"ImageObject\",\"inLanguage\":\"da-DK\",\"@id\":\"https:\/\/kunmedierne.dk\/thy\/#\/schema\/logo\/image\/\",\"url\":\"https:\/\/kunmedierne.dk\/thy\/wp-content\/uploads\/sites\/2\/2025\/04\/kunthy-logo.svg\",\"contentUrl\":\"https:\/\/kunmedierne.dk\/thy\/wp-content\/uploads\/sites\/2\/2025\/04\/kunthy-logo.svg\",\"caption\":\"Thy\"},\"image\":{\"@id\":\"https:\/\/kunmedierne.dk\/thy\/#\/schema\/logo\/image\/\"}},{\"@type\":\"Person\",\"@id\":\"https:\/\/kunmedierne.dk\/thy\/#\/schema\/person\/d266634ba6550d075ecf540d63b245d2\",\"name\":\"Lone L\u00e6rke Krog\",\"image\":{\"@type\":\"ImageObject\",\"inLanguage\":\"da-DK\",\"@id\":\"https:\/\/kunmedierne.dk\/thy\/#\/schema\/person\/image\/\",\"url\":\"https:\/\/secure.gravatar.com\/avatar\/496ddc7080e56b4ac64cfd4e56bd6d1ee396fa3db1923aa22f11346f60bb135b?s=96&d=mm&r=g\",\"contentUrl\":\"https:\/\/secure.gravatar.com\/avatar\/496ddc7080e56b4ac64cfd4e56bd6d1ee396fa3db1923aa22f11346f60bb135b?s=96&d=mm&r=g\",\"caption\":\"Lone L\u00e6rke Krog\"},\"url\":\"https:\/\/kunmedierne.dk\/thy\/author\/llk\/\"}]}<\/script>\n<!-- \/ Yoast SEO plugin. -->","yoast_head_json":{"title":"SMK Thy har haft 9000 g\u00e6ster p\u00e5 to uger - Thy","robots":{"index":"index","follow":"follow","max-snippet":"max-snippet:-1","max-image-preview":"max-image-preview:large","max-video-preview":"max-video-preview:-1"},"canonical":"https:\/\/kunmedierne.dk\/thy\/smk-thy-har-haft-9000-gaester-paa-to-uger\/","og_locale":"da_DK","og_type":"article","og_title":"SMK Thy har haft 9000 g\u00e6ster p\u00e5 to uger - Thy","og_description":"DOVERODDE: Det er ikke kun nyhedens interesse, der har f\u00e5et publikum til at str\u00f8mme til Doverodde K\u00f8bmandsgaard efter \u00e5bningen af SMK Thy og udstillingen &#8220;Rejsen fra Paris&#8221; 29. august. Nina Peitersen, der er kommunikationsansvarlig for SMK Thy fort\u00e6ller, at omkring 9000 har bes\u00f8gt stedet siden \u00e5bningen. Hun t\u00f8ver derfor ikke med at kalde det en [&hellip;]","og_url":"https:\/\/kunmedierne.dk\/thy\/smk-thy-har-haft-9000-gaester-paa-to-uger\/","og_site_name":"Thy","article_published_time":"2025-09-14T07:59:30+00:00","author":"Lone L\u00e6rke Krog","twitter_card":"summary_large_image","twitter_misc":{"Skrevet af":"Lone L\u00e6rke Krog","Estimeret l\u00e6setid":"2 minutter"},"schema":{"@context":"https:\/\/schema.org","@graph":[{"@type":"Article","@id":"https:\/\/kunmedierne.dk\/thy\/smk-thy-har-haft-9000-gaester-paa-to-uger\/#article","isPartOf":{"@id":"https:\/\/kunmedierne.dk\/thy\/smk-thy-har-haft-9000-gaester-paa-to-uger\/"},"author":{"name":"Lone L\u00e6rke Krog","@id":"https:\/\/kunmedierne.dk\/thy\/#\/schema\/person\/d266634ba6550d075ecf540d63b245d2"},"headline":"SMK Thy har haft 9000 g\u00e6ster p\u00e5 to uger","datePublished":"2025-09-14T07:59:30+00:00","mainEntityOfPage":{"@id":"https:\/\/kunmedierne.dk\/thy\/smk-thy-har-haft-9000-gaester-paa-to-uger\/"},"wordCount":330,"publisher":{"@id":"https:\/\/kunmedierne.dk\/thy\/#organization"},"keywords":["kultur","Mennesker","Museer"],"articleSection":["Kultur"],"inLanguage":"da-DK"},{"@type":"WebPage","@id":"https:\/\/kunmedierne.dk\/thy\/smk-thy-har-haft-9000-gaester-paa-to-uger\/","url":"https:\/\/kunmedierne.dk\/thy\/smk-thy-har-haft-9000-gaester-paa-to-uger\/","name":"SMK Thy har haft 9000 g\u00e6ster p\u00e5 to uger - Thy","isPartOf":{"@id":"https:\/\/kunmedierne.dk\/thy\/#website"},"datePublished":"2025-09-14T07:59:30+00:00","breadcrumb":{"@id":"https:\/\/kunmedierne.dk\/thy\/smk-thy-har-haft-9000-gaester-paa-to-uger\/#breadcrumb"},"inLanguage":"da-DK","potentialAction":[{"@type":"ReadAction","target":["https:\/\/kunmedierne.dk\/thy\/smk-thy-har-haft-9000-gaester-paa-to-uger\/"]}]},{"@type":"BreadcrumbList","@id":"https:\/\/kunmedierne.dk\/thy\/smk-thy-har-haft-9000-gaester-paa-to-uger\/#breadcrumb","itemListElement":[{"@type":"ListItem","position":1,"name":"Home","item":"https:\/\/kunmedierne.dk\/thy\/"},{"@type":"ListItem","position":2,"name":"SMK Thy har haft 9000 g\u00e6ster p\u00e5 to uger"}]},{"@type":"WebSite","@id":"https:\/\/kunmedierne.dk\/thy\/#website","url":"https:\/\/kunmedierne.dk\/thy\/","name":"Thy","description":"et netmedie med journalistik om livet i Thy","publisher":{"@id":"https:\/\/kunmedierne.dk\/thy\/#organization"},"potentialAction":[{"@type":"SearchAction","target":{"@type":"EntryPoint","urlTemplate":"https:\/\/kunmedierne.dk\/thy\/?s={search_term_string}"},"query-input":{"@type":"PropertyValueSpecification","valueRequired":true,"valueName":"search_term_string"}}],"inLanguage":"da-DK"},{"@type":"Organization","@id":"https:\/\/kunmedierne.dk\/thy\/#organization","name":"Thy","url":"https:\/\/kunmedierne.dk\/thy\/","logo":{"@type":"ImageObject","inLanguage":"da-DK","@id":"https:\/\/kunmedierne.dk\/thy\/#\/schema\/logo\/image\/","url":"https:\/\/kunmedierne.dk\/thy\/wp-content\/uploads\/sites\/2\/2025\/04\/kunthy-logo.svg","contentUrl":"https:\/\/kunmedierne.dk\/thy\/wp-content\/uploads\/sites\/2\/2025\/04\/kunthy-logo.svg","caption":"Thy"},"image":{"@id":"https:\/\/kunmedierne.dk\/thy\/#\/schema\/logo\/image\/"}},{"@type":"Person","@id":"https:\/\/kunmedierne.dk\/thy\/#\/schema\/person\/d266634ba6550d075ecf540d63b245d2","name":"Lone L\u00e6rke Krog","image":{"@type":"ImageObject","inLanguage":"da-DK","@id":"https:\/\/kunmedierne.dk\/thy\/#\/schema\/person\/image\/","url":"https:\/\/secure.gravatar.com\/avatar\/496ddc7080e56b4ac64cfd4e56bd6d1ee396fa3db1923aa22f11346f60bb135b?s=96&d=mm&r=g","contentUrl":"https:\/\/secure.gravatar.com\/avatar\/496ddc7080e56b4ac64cfd4e56bd6d1ee396fa3db1923aa22f11346f60bb135b?s=96&d=mm&r=g","caption":"Lone L\u00e6rke Krog"},"url":"https:\/\/kunmedierne.dk\/thy\/author\/llk\/"}]}},"_links":{"self":[{"href":"https:\/\/kunmedierne.dk\/thy\/wp-json\/wp\/v2\/posts\/9807","targetHints":{"allow":["GET"]}}],"collection":[{"href":"https:\/\/kunmedierne.dk\/thy\/wp-json\/wp\/v2\/posts"}],"about":[{"href":"https:\/\/kunmedierne.dk\/thy\/wp-json\/wp\/v2\/types\/post"}],"author":[{"embeddable":true,"href":"https:\/\/kunmedierne.dk\/thy\/wp-json\/wp\/v2\/users\/1925"}],"replies":[{"embeddable":true,"href":"https:\/\/kunmedierne.dk\/thy\/wp-json\/wp\/v2\/comments?post=9807"}],"version-history":[{"count":3,"href":"https:\/\/kunmedierne.dk\/thy\/wp-json\/wp\/v2\/posts\/9807\/revisions"}],"predecessor-version":[{"id":9823,"href":"https:\/\/kunmedierne.dk\/thy\/wp-json\/wp\/v2\/posts\/9807\/revisions\/9823"}],"wp:attachment":[{"href":"https:\/\/kunmedierne.dk\/thy\/wp-json\/wp\/v2\/media?parent=9807"}],"wp:term":[{"taxonomy":"category","embeddable":true,"href":"https:\/\/kunmedierne.dk\/thy\/wp-json\/wp\/v2\/categories?post=9807"},{"taxonomy":"post_tag","embeddable":true,"href":"https:\/\/kunmedierne.dk\/thy\/wp-json\/wp\/v2\/tags?post=9807"}],"curies":[{"name":"wp","href":"https:\/\/api.w.org\/{rel}","templated":true}]}}