{"id":9194,"date":"2025-09-03T11:09:02","date_gmt":"2025-09-03T09:09:02","guid":{"rendered":"https:\/\/kunmedierne.dk\/thy\/?p=9194"},"modified":"2025-11-04T10:25:46","modified_gmt":"2025-11-04T09:25:46","slug":"laeserbrev-vi-maa-tage-senfoelger-efter-kraeft-alvorligt-ogsaa-i-thisted-kommune","status":"publish","type":"post","link":"https:\/\/kunmedierne.dk\/thy\/laeserbrev-vi-maa-tage-senfoelger-efter-kraeft-alvorligt-ogsaa-i-thisted-kommune\/","title":{"rendered":"<span>L\u00e6serbrev: <\/span>Vi m\u00e5 tage senf\u00f8lger efter kr\u00e6ft alvorligt \u2013 ogs\u00e5 i Thisted Kommune"},"content":{"rendered":"<p><strong>DEBAT:<\/strong>\u00a0Flere og flere overlever kr\u00e6ft og det er positivt. De bliver hjulpet godt over et kr\u00e6ftforl\u00f8b i sundhedsv\u00e6senet, men der kan opst\u00e5 nye udfordringer med senf\u00f8lger. For livet efter kr\u00e6ft er ikke n\u00f8dvendigvis et liv uden m\u00e9n.<\/p>\n<p>Op mod 70 % af tidligere kr\u00e6ftpatienter lever med fysiske, psykiske eller sociale senf\u00f8lger. Det kan v\u00e6re tr\u00e6thed, smerter, angst, hukommelsesproblemer eller lymf\u00f8dem. Mange oplever, at hj\u00e6lpen stopper, n\u00e5r behandlingen g\u00f8r det.<\/p>\n<a class=\"dvrt-link\" onClick=\"cdmtrack_click(687,jQuery(this));return false\" href=\"https:\/\/konpap.dk\/?gad_source=1&gclid=Cj0KCQjwtJ6_BhDWARIsAGanmKfOBLC3RBm6obWL5sEb-mp4bsp5QjqWW4j4nx22y0YT2iMiXJcv3MoaApR_EALw_wcB\"><img decoding=\"async\" style=\"width:100%;\" src=\"https:\/\/kunmedierne.dk\/thy\/wp-content\/uploads\/sites\/2\/2025\/03\/redoffice.jpg\"><\/a><script>cdmtrack_view(687);<\/script>\n<p>Senf\u00f8lger har store konsekvenser for livskvaliteten \u2013 og det g\u00e6lder ikke kun kr\u00e6ftpatienter, men ogs\u00e5 andre med langvarige sygdomsforl\u00f8b. Derfor er det afg\u00f8rende, at vi som samfund tager senf\u00f8lger alvorligt og sikrer en sammenh\u00e6ngende indsats. Senf\u00f8lger rammer ikke kun den enkelte \u2013 de p\u00e5virker hele familien.\u00a0P\u00e5r\u00f8rende st\u00e5r ofte med store bekymringer og behov for st\u00f8tte, og derfor skal vi ogs\u00e5 t\u00e6nke dem ind i indsatsen.<\/p>\n<p>Vi vil arbejde for, at Thisted Kommune tilbyder r\u00e5dgivning og netv\u00e6rkstilbud til p\u00e5r\u00f8rende, s\u00e5 ingen st\u00e5r alene. Sammen kan vi skabe et f\u00e6llesskab, hvor der er plads til b\u00e5de s\u00e5rbarhed og h\u00e5b.<\/p>\n<p>I Kr\u00e6ftplan V er der afsat midler til etablering af senf\u00f8lgeklinikker i alle regioner. I Region Nordjylland etableres klinikken i Aalborg i \u00e5r med 6 mio. kroner med en gradvis udbygning frem mod 2030, hvor bevillingen bliver 10 mio.<\/p>\n<a class=\"dvrt-link\" onClick=\"cdmtrack_click(687,jQuery(this));return false\" href=\"https:\/\/konpap.dk\/?gad_source=1&gclid=Cj0KCQjwtJ6_BhDWARIsAGanmKfOBLC3RBm6obWL5sEb-mp4bsp5QjqWW4j4nx22y0YT2iMiXJcv3MoaApR_EALw_wcB\"><img decoding=\"async\" style=\"width:100%;\" src=\"https:\/\/kunmedierne.dk\/thy\/wp-content\/uploads\/sites\/2\/2025\/03\/redoffice.jpg\"><\/a><script>cdmtrack_view(687);<\/script>\n<p>Klinikken forankres i Socialmedicinsk Enhed p\u00e5 Aalborg Universitetshospital og skal tilbyde b\u00e5de individuelle og gruppeforl\u00f8b, styrke tv\u00e6rfaglighed og sikre bedre st\u00f8tte til patienter og p\u00e5r\u00f8rende. Senf\u00f8lgeklinik i Regionen er m\u00e5lrettet patienter med komplekse senf\u00f8lger, men der planl\u00e6gges ogs\u00e5 lokale aktiviteter i Thisted og Hj\u00f8rring.<\/p>\n<p>Det er et vigtigt skridt, men det er ikke nok. Kommunerne spiller en afg\u00f8rende rolle i den opf\u00f8lgende indsats. Det er her, borgerne lever deres liv \u2013 og det er her, st\u00f8tten skal v\u00e6re t\u00e6t p\u00e5. Vi skal sikre, at borgere med senf\u00f8lger f\u00e5r adgang til genoptr\u00e6ning, r\u00e5dgivning og sociale tilbud, der kan hj\u00e6lpe dem videre.<\/p>\n<p>Det kr\u00e6ver samarbejde mellem hospitaler, almen praksis og kommuner \u2013 og en vilje til at t\u00e6nke rehabilitering og livskvalitet som en del af det samlede sundhedstilbud.<\/p>\n<a class=\"dvrt-link\" onClick=\"cdmtrack_click(18790,jQuery(this));return false\" href=\"https:\/\/thymors.dk\/sponsorater\/15-til-faellesskabet?utm_source=kunthy&amp;utm_medium=annonce&amp;utm_campaign=sponsorater\"><img decoding=\"async\" style=\"width:100%;\" src=\"https:\/\/kunmedierne.dk\/thy\/wp-content\/uploads\/sites\/2\/2026\/03\/260407ThyMors-energi_faellesskab_generel-1.jpg\"><\/a><script>cdmtrack_view(18790);<\/script>\n<p>Vi har netop deltaget i et m\u00f8de i Kr\u00e6ftens Bek\u00e6mpelses lokalforening i Thisted, hvor vi dr\u00f8ftede, hvordan vi som politikere \u2013 b\u00e5de regionalt og kommunalt \u2013 kan tage bedre h\u00e5nd om dem, der lever med senf\u00f8lger. Allerede i dag er der mange gode tilbagemeldinger om gode forl\u00f8b i Rehabiliteringen og undervisningsforl\u00f8b i Thisted kommune.<\/p>\n<p>Med den kommende sundhedsreform er det oplagt at t\u00e6nke senf\u00f8lger ind som en del af det n\u00e6re og sammenh\u00e6ngende sundhedsv\u00e6sen. Vi skal sikre, at ingen st\u00e5r alene med f\u00f8lgerne af en kr\u00e6ftsygdom \u2013 og at hj\u00e6lpen ikke stopper, n\u00e5r behandlingen g\u00f8r det.<\/p>\n<p>Som regionspolitiker og kommunalpolitiker vil vi arbejde for, at Nordjylland bliver en region og Thisted en kommune, der tager senf\u00f8lger alvorligt. Det handler om livskvalitet og v\u00e6rdighed.<\/p>\n","protected":false},"excerpt":{"rendered":"<p>DEBAT:\u00a0Flere og flere overlever kr\u00e6ft og det er positivt. De bliver hjulpet godt over et kr\u00e6ftforl\u00f8b i sundhedsv\u00e6senet, men der kan opst\u00e5 nye udfordringer med senf\u00f8lger. For livet efter kr\u00e6ft er ikke n\u00f8dvendigvis et liv uden m\u00e9n. Op mod 70 % af tidligere kr\u00e6ftpatienter lever med fysiske, psykiske eller sociale senf\u00f8lger. Det kan v\u00e6re tr\u00e6thed, [&hellip;]<\/p>\n","protected":false},"author":11,"featured_media":0,"comment_status":"closed","ping_status":"closed","sticky":false,"template":"","format":"standard","meta":{"_acf_changed":false,"footnotes":""},"categories":[56,24],"tags":[47],"class_list":["post-9194","post","type-post","status-publish","format-standard","hentry","category-debat","category-lokalt","tag-sundhed"],"acf":[],"yoast_head":"<!-- This site is optimized with the Yoast SEO plugin v26.8 - https:\/\/yoast.com\/product\/yoast-seo-wordpress\/ -->\n<title>L\u00e6serbrev: Vi m\u00e5 tage senf\u00f8lger efter kr\u00e6ft alvorligt \u2013 ogs\u00e5 i Thisted Kommune - Thy<\/title>\n<meta name=\"robots\" content=\"index, follow, max-snippet:-1, max-image-preview:large, max-video-preview:-1\" \/>\n<link rel=\"canonical\" href=\"https:\/\/kunmedierne.dk\/thy\/laeserbrev-vi-maa-tage-senfoelger-efter-kraeft-alvorligt-ogsaa-i-thisted-kommune\/\" \/>\n<meta property=\"og:locale\" content=\"da_DK\" \/>\n<meta property=\"og:type\" content=\"article\" \/>\n<meta property=\"og:title\" content=\"L\u00e6serbrev: Vi m\u00e5 tage senf\u00f8lger efter kr\u00e6ft alvorligt \u2013 ogs\u00e5 i Thisted Kommune - Thy\" \/>\n<meta property=\"og:description\" content=\"DEBAT:\u00a0Flere og flere overlever kr\u00e6ft og det er positivt. De bliver hjulpet godt over et kr\u00e6ftforl\u00f8b i sundhedsv\u00e6senet, men der kan opst\u00e5 nye udfordringer med senf\u00f8lger. For livet efter kr\u00e6ft er ikke n\u00f8dvendigvis et liv uden m\u00e9n. Op mod 70 % af tidligere kr\u00e6ftpatienter lever med fysiske, psykiske eller sociale senf\u00f8lger. Det kan v\u00e6re tr\u00e6thed, [&hellip;]\" \/>\n<meta property=\"og:url\" content=\"https:\/\/kunmedierne.dk\/thy\/laeserbrev-vi-maa-tage-senfoelger-efter-kraeft-alvorligt-ogsaa-i-thisted-kommune\/\" \/>\n<meta property=\"og:site_name\" content=\"Thy\" \/>\n<meta property=\"article:published_time\" content=\"2025-09-03T09:09:02+00:00\" \/>\n<meta property=\"article:modified_time\" content=\"2025-11-04T09:25:46+00:00\" \/>\n<meta name=\"author\" content=\"Debat\" \/>\n<meta name=\"twitter:card\" content=\"summary_large_image\" \/>\n<meta name=\"twitter:label1\" content=\"Skrevet af\" \/>\n\t<meta name=\"twitter:data1\" content=\"Debat\" \/>\n\t<meta name=\"twitter:label2\" content=\"Estimeret l\u00e6setid\" \/>\n\t<meta name=\"twitter:data2\" content=\"3 minutter\" \/>\n<script type=\"application\/ld+json\" class=\"yoast-schema-graph\">{\"@context\":\"https:\/\/schema.org\",\"@graph\":[{\"@type\":\"Article\",\"@id\":\"https:\/\/kunmedierne.dk\/thy\/laeserbrev-vi-maa-tage-senfoelger-efter-kraeft-alvorligt-ogsaa-i-thisted-kommune\/#article\",\"isPartOf\":{\"@id\":\"https:\/\/kunmedierne.dk\/thy\/laeserbrev-vi-maa-tage-senfoelger-efter-kraeft-alvorligt-ogsaa-i-thisted-kommune\/\"},\"author\":{\"name\":\"Debat\",\"@id\":\"https:\/\/kunmedierne.dk\/thy\/#\/schema\/person\/84c1391bce0b43b9bb3a49736bc0ad78\"},\"headline\":\"L\u00e6serbrev: Vi m\u00e5 tage senf\u00f8lger efter kr\u00e6ft alvorligt \u2013 ogs\u00e5 i Thisted Kommune\",\"datePublished\":\"2025-09-03T09:09:02+00:00\",\"dateModified\":\"2025-11-04T09:25:46+00:00\",\"mainEntityOfPage\":{\"@id\":\"https:\/\/kunmedierne.dk\/thy\/laeserbrev-vi-maa-tage-senfoelger-efter-kraeft-alvorligt-ogsaa-i-thisted-kommune\/\"},\"wordCount\":551,\"publisher\":{\"@id\":\"https:\/\/kunmedierne.dk\/thy\/#organization\"},\"keywords\":[\"Sundhed\"],\"articleSection\":[\"Debat\",\"Lokalt\"],\"inLanguage\":\"da-DK\"},{\"@type\":\"WebPage\",\"@id\":\"https:\/\/kunmedierne.dk\/thy\/laeserbrev-vi-maa-tage-senfoelger-efter-kraeft-alvorligt-ogsaa-i-thisted-kommune\/\",\"url\":\"https:\/\/kunmedierne.dk\/thy\/laeserbrev-vi-maa-tage-senfoelger-efter-kraeft-alvorligt-ogsaa-i-thisted-kommune\/\",\"name\":\"L\u00e6serbrev: Vi m\u00e5 tage senf\u00f8lger efter kr\u00e6ft alvorligt \u2013 ogs\u00e5 i Thisted Kommune - Thy\",\"isPartOf\":{\"@id\":\"https:\/\/kunmedierne.dk\/thy\/#website\"},\"datePublished\":\"2025-09-03T09:09:02+00:00\",\"dateModified\":\"2025-11-04T09:25:46+00:00\",\"breadcrumb\":{\"@id\":\"https:\/\/kunmedierne.dk\/thy\/laeserbrev-vi-maa-tage-senfoelger-efter-kraeft-alvorligt-ogsaa-i-thisted-kommune\/#breadcrumb\"},\"inLanguage\":\"da-DK\",\"potentialAction\":[{\"@type\":\"ReadAction\",\"target\":[\"https:\/\/kunmedierne.dk\/thy\/laeserbrev-vi-maa-tage-senfoelger-efter-kraeft-alvorligt-ogsaa-i-thisted-kommune\/\"]}]},{\"@type\":\"BreadcrumbList\",\"@id\":\"https:\/\/kunmedierne.dk\/thy\/laeserbrev-vi-maa-tage-senfoelger-efter-kraeft-alvorligt-ogsaa-i-thisted-kommune\/#breadcrumb\",\"itemListElement\":[{\"@type\":\"ListItem\",\"position\":1,\"name\":\"Home\",\"item\":\"https:\/\/kunmedierne.dk\/thy\/\"},{\"@type\":\"ListItem\",\"position\":2,\"name\":\"L\u00e6serbrev: Vi m\u00e5 tage senf\u00f8lger efter kr\u00e6ft alvorligt \u2013 ogs\u00e5 i Thisted Kommune\"}]},{\"@type\":\"WebSite\",\"@id\":\"https:\/\/kunmedierne.dk\/thy\/#website\",\"url\":\"https:\/\/kunmedierne.dk\/thy\/\",\"name\":\"Thy\",\"description\":\"et netmedie med journalistik om livet i Thy\",\"publisher\":{\"@id\":\"https:\/\/kunmedierne.dk\/thy\/#organization\"},\"potentialAction\":[{\"@type\":\"SearchAction\",\"target\":{\"@type\":\"EntryPoint\",\"urlTemplate\":\"https:\/\/kunmedierne.dk\/thy\/?s={search_term_string}\"},\"query-input\":{\"@type\":\"PropertyValueSpecification\",\"valueRequired\":true,\"valueName\":\"search_term_string\"}}],\"inLanguage\":\"da-DK\"},{\"@type\":\"Organization\",\"@id\":\"https:\/\/kunmedierne.dk\/thy\/#organization\",\"name\":\"Thy\",\"url\":\"https:\/\/kunmedierne.dk\/thy\/\",\"logo\":{\"@type\":\"ImageObject\",\"inLanguage\":\"da-DK\",\"@id\":\"https:\/\/kunmedierne.dk\/thy\/#\/schema\/logo\/image\/\",\"url\":\"https:\/\/kunmedierne.dk\/thy\/wp-content\/uploads\/sites\/2\/2025\/04\/kunthy-logo.svg\",\"contentUrl\":\"https:\/\/kunmedierne.dk\/thy\/wp-content\/uploads\/sites\/2\/2025\/04\/kunthy-logo.svg\",\"caption\":\"Thy\"},\"image\":{\"@id\":\"https:\/\/kunmedierne.dk\/thy\/#\/schema\/logo\/image\/\"}},{\"@type\":\"Person\",\"@id\":\"https:\/\/kunmedierne.dk\/thy\/#\/schema\/person\/84c1391bce0b43b9bb3a49736bc0ad78\",\"name\":\"Debat\",\"image\":{\"@type\":\"ImageObject\",\"inLanguage\":\"da-DK\",\"@id\":\"https:\/\/kunmedierne.dk\/thy\/#\/schema\/person\/image\/\",\"url\":\"https:\/\/secure.gravatar.com\/avatar\/b0fb2e221d618f7c65162ab0d49c7e8a0b580c871ca03af90e42b47b4150654c?s=96&d=mm&r=g\",\"contentUrl\":\"https:\/\/secure.gravatar.com\/avatar\/b0fb2e221d618f7c65162ab0d49c7e8a0b580c871ca03af90e42b47b4150654c?s=96&d=mm&r=g\",\"caption\":\"Debat\"},\"url\":\"https:\/\/kunmedierne.dk\/thy\/author\/debat\/\"}]}<\/script>\n<!-- \/ Yoast SEO plugin. -->","yoast_head_json":{"title":"L\u00e6serbrev: Vi m\u00e5 tage senf\u00f8lger efter kr\u00e6ft alvorligt \u2013 ogs\u00e5 i Thisted Kommune - Thy","robots":{"index":"index","follow":"follow","max-snippet":"max-snippet:-1","max-image-preview":"max-image-preview:large","max-video-preview":"max-video-preview:-1"},"canonical":"https:\/\/kunmedierne.dk\/thy\/laeserbrev-vi-maa-tage-senfoelger-efter-kraeft-alvorligt-ogsaa-i-thisted-kommune\/","og_locale":"da_DK","og_type":"article","og_title":"L\u00e6serbrev: Vi m\u00e5 tage senf\u00f8lger efter kr\u00e6ft alvorligt \u2013 ogs\u00e5 i Thisted Kommune - Thy","og_description":"DEBAT:\u00a0Flere og flere overlever kr\u00e6ft og det er positivt. De bliver hjulpet godt over et kr\u00e6ftforl\u00f8b i sundhedsv\u00e6senet, men der kan opst\u00e5 nye udfordringer med senf\u00f8lger. For livet efter kr\u00e6ft er ikke n\u00f8dvendigvis et liv uden m\u00e9n. Op mod 70 % af tidligere kr\u00e6ftpatienter lever med fysiske, psykiske eller sociale senf\u00f8lger. Det kan v\u00e6re tr\u00e6thed, [&hellip;]","og_url":"https:\/\/kunmedierne.dk\/thy\/laeserbrev-vi-maa-tage-senfoelger-efter-kraeft-alvorligt-ogsaa-i-thisted-kommune\/","og_site_name":"Thy","article_published_time":"2025-09-03T09:09:02+00:00","article_modified_time":"2025-11-04T09:25:46+00:00","author":"Debat","twitter_card":"summary_large_image","twitter_misc":{"Skrevet af":"Debat","Estimeret l\u00e6setid":"3 minutter"},"schema":{"@context":"https:\/\/schema.org","@graph":[{"@type":"Article","@id":"https:\/\/kunmedierne.dk\/thy\/laeserbrev-vi-maa-tage-senfoelger-efter-kraeft-alvorligt-ogsaa-i-thisted-kommune\/#article","isPartOf":{"@id":"https:\/\/kunmedierne.dk\/thy\/laeserbrev-vi-maa-tage-senfoelger-efter-kraeft-alvorligt-ogsaa-i-thisted-kommune\/"},"author":{"name":"Debat","@id":"https:\/\/kunmedierne.dk\/thy\/#\/schema\/person\/84c1391bce0b43b9bb3a49736bc0ad78"},"headline":"L\u00e6serbrev: Vi m\u00e5 tage senf\u00f8lger efter kr\u00e6ft alvorligt \u2013 ogs\u00e5 i Thisted Kommune","datePublished":"2025-09-03T09:09:02+00:00","dateModified":"2025-11-04T09:25:46+00:00","mainEntityOfPage":{"@id":"https:\/\/kunmedierne.dk\/thy\/laeserbrev-vi-maa-tage-senfoelger-efter-kraeft-alvorligt-ogsaa-i-thisted-kommune\/"},"wordCount":551,"publisher":{"@id":"https:\/\/kunmedierne.dk\/thy\/#organization"},"keywords":["Sundhed"],"articleSection":["Debat","Lokalt"],"inLanguage":"da-DK"},{"@type":"WebPage","@id":"https:\/\/kunmedierne.dk\/thy\/laeserbrev-vi-maa-tage-senfoelger-efter-kraeft-alvorligt-ogsaa-i-thisted-kommune\/","url":"https:\/\/kunmedierne.dk\/thy\/laeserbrev-vi-maa-tage-senfoelger-efter-kraeft-alvorligt-ogsaa-i-thisted-kommune\/","name":"L\u00e6serbrev: Vi m\u00e5 tage senf\u00f8lger efter kr\u00e6ft alvorligt \u2013 ogs\u00e5 i Thisted Kommune - Thy","isPartOf":{"@id":"https:\/\/kunmedierne.dk\/thy\/#website"},"datePublished":"2025-09-03T09:09:02+00:00","dateModified":"2025-11-04T09:25:46+00:00","breadcrumb":{"@id":"https:\/\/kunmedierne.dk\/thy\/laeserbrev-vi-maa-tage-senfoelger-efter-kraeft-alvorligt-ogsaa-i-thisted-kommune\/#breadcrumb"},"inLanguage":"da-DK","potentialAction":[{"@type":"ReadAction","target":["https:\/\/kunmedierne.dk\/thy\/laeserbrev-vi-maa-tage-senfoelger-efter-kraeft-alvorligt-ogsaa-i-thisted-kommune\/"]}]},{"@type":"BreadcrumbList","@id":"https:\/\/kunmedierne.dk\/thy\/laeserbrev-vi-maa-tage-senfoelger-efter-kraeft-alvorligt-ogsaa-i-thisted-kommune\/#breadcrumb","itemListElement":[{"@type":"ListItem","position":1,"name":"Home","item":"https:\/\/kunmedierne.dk\/thy\/"},{"@type":"ListItem","position":2,"name":"L\u00e6serbrev: Vi m\u00e5 tage senf\u00f8lger efter kr\u00e6ft alvorligt \u2013 ogs\u00e5 i Thisted Kommune"}]},{"@type":"WebSite","@id":"https:\/\/kunmedierne.dk\/thy\/#website","url":"https:\/\/kunmedierne.dk\/thy\/","name":"Thy","description":"et netmedie med journalistik om livet i Thy","publisher":{"@id":"https:\/\/kunmedierne.dk\/thy\/#organization"},"potentialAction":[{"@type":"SearchAction","target":{"@type":"EntryPoint","urlTemplate":"https:\/\/kunmedierne.dk\/thy\/?s={search_term_string}"},"query-input":{"@type":"PropertyValueSpecification","valueRequired":true,"valueName":"search_term_string"}}],"inLanguage":"da-DK"},{"@type":"Organization","@id":"https:\/\/kunmedierne.dk\/thy\/#organization","name":"Thy","url":"https:\/\/kunmedierne.dk\/thy\/","logo":{"@type":"ImageObject","inLanguage":"da-DK","@id":"https:\/\/kunmedierne.dk\/thy\/#\/schema\/logo\/image\/","url":"https:\/\/kunmedierne.dk\/thy\/wp-content\/uploads\/sites\/2\/2025\/04\/kunthy-logo.svg","contentUrl":"https:\/\/kunmedierne.dk\/thy\/wp-content\/uploads\/sites\/2\/2025\/04\/kunthy-logo.svg","caption":"Thy"},"image":{"@id":"https:\/\/kunmedierne.dk\/thy\/#\/schema\/logo\/image\/"}},{"@type":"Person","@id":"https:\/\/kunmedierne.dk\/thy\/#\/schema\/person\/84c1391bce0b43b9bb3a49736bc0ad78","name":"Debat","image":{"@type":"ImageObject","inLanguage":"da-DK","@id":"https:\/\/kunmedierne.dk\/thy\/#\/schema\/person\/image\/","url":"https:\/\/secure.gravatar.com\/avatar\/b0fb2e221d618f7c65162ab0d49c7e8a0b580c871ca03af90e42b47b4150654c?s=96&d=mm&r=g","contentUrl":"https:\/\/secure.gravatar.com\/avatar\/b0fb2e221d618f7c65162ab0d49c7e8a0b580c871ca03af90e42b47b4150654c?s=96&d=mm&r=g","caption":"Debat"},"url":"https:\/\/kunmedierne.dk\/thy\/author\/debat\/"}]}},"_links":{"self":[{"href":"https:\/\/kunmedierne.dk\/thy\/wp-json\/wp\/v2\/posts\/9194","targetHints":{"allow":["GET"]}}],"collection":[{"href":"https:\/\/kunmedierne.dk\/thy\/wp-json\/wp\/v2\/posts"}],"about":[{"href":"https:\/\/kunmedierne.dk\/thy\/wp-json\/wp\/v2\/types\/post"}],"author":[{"embeddable":true,"href":"https:\/\/kunmedierne.dk\/thy\/wp-json\/wp\/v2\/users\/11"}],"replies":[{"embeddable":true,"href":"https:\/\/kunmedierne.dk\/thy\/wp-json\/wp\/v2\/comments?post=9194"}],"version-history":[{"count":10,"href":"https:\/\/kunmedierne.dk\/thy\/wp-json\/wp\/v2\/posts\/9194\/revisions"}],"predecessor-version":[{"id":12555,"href":"https:\/\/kunmedierne.dk\/thy\/wp-json\/wp\/v2\/posts\/9194\/revisions\/12555"}],"wp:attachment":[{"href":"https:\/\/kunmedierne.dk\/thy\/wp-json\/wp\/v2\/media?parent=9194"}],"wp:term":[{"taxonomy":"category","embeddable":true,"href":"https:\/\/kunmedierne.dk\/thy\/wp-json\/wp\/v2\/categories?post=9194"},{"taxonomy":"post_tag","embeddable":true,"href":"https:\/\/kunmedierne.dk\/thy\/wp-json\/wp\/v2\/tags?post=9194"}],"curies":[{"name":"wp","href":"https:\/\/api.w.org\/{rel}","templated":true}]}}