{"id":8931,"date":"2025-08-29T11:12:06","date_gmt":"2025-08-29T09:12:06","guid":{"rendered":"https:\/\/kunmedierne.dk\/thy\/?p=8931"},"modified":"2025-08-29T21:07:52","modified_gmt":"2025-08-29T19:07:52","slug":"rejsen-fra-paris-til-doverodde","status":"publish","type":"post","link":"https:\/\/kunmedierne.dk\/thy\/rejsen-fra-paris-til-doverodde\/","title":{"rendered":"Rejsen fra Paris &#8211; til Doverodde"},"content":{"rendered":"<p><strong>DOVERODDE:<\/strong> Det f\u00f8rste billede, der m\u00f8der \u00e9n i den store udstillingssal i toppen af pakhuset i Doverodde er v\u00e6rket &#8220;Danserinden Anita&#8221;, der blev malet i 1909 af Kees van Dongen &#8211; en hollandsk kunstner, der bosatte sig i Paris i 1899 og snart kom ind i kredsen af unge, eksperimenterende kunstnere.<\/p>\n<p>Maleriet fangede den danske ingeni\u00f8r og boligspekulant Johannes Rumps opm\u00e6rksomhed, da han bes\u00f8gte Paris i 1912, og han k\u00f8bte det til sin samling.<\/p>\n<a class=\"dvrt-link\" onClick=\"cdmtrack_click(687,jQuery(this));return false\" href=\"https:\/\/konpap.dk\/?gad_source=1&gclid=Cj0KCQjwtJ6_BhDWARIsAGanmKfOBLC3RBm6obWL5sEb-mp4bsp5QjqWW4j4nx22y0YT2iMiXJcv3MoaApR_EALw_wcB\"><img decoding=\"async\" style=\"width:100%;\" src=\"https:\/\/kunmedierne.dk\/thy\/wp-content\/uploads\/sites\/2\/2025\/03\/redoffice.jpg\"><\/a><script>cdmtrack_view(687);<\/script>\n<p>Takket v\u00e6re Johannes Rump og en anden kunstinteresseret rigmand p\u00e5 den tid, korngrosserer Christian Tetzen-Lund, kan vi 100 \u00e5r senere g\u00e5 p\u00e5 museum og opleve en perler\u00e6kke af kraftfulde og for deres tid vovede og eksperimenterende v\u00e6rker. For mange af dem blev doneret til det danske nationalgalleri.<\/p>\n<p>Statens Museum for Kunst i S\u00f8lvgade i K\u00f8benhavn huser en af verdens fineste samlinger af moderne fransk kunst.<\/p>\n<p>Lige nu er hele den franske afdeling lukket, for et udvalg af de mest kostbare v\u00e6rker er rykket til Doverodde.<\/p>\n<p>SMK Thy \u00e5bner i dag som den f\u00f8rste afdeling uden for hovedstaden.<\/p>\n<p>Stedet \u00e5bner med udstillingen &#8220;Rejsen fra Paris&#8221;. For publikum er der lagt op til en sanselig, farverig og oplysende udstilling.<\/p>\n<a class=\"dvrt-link\" onClick=\"cdmtrack_click(689,jQuery(this));return false\" href=\"https:\/\/www.thistedbolig.dk\"><img decoding=\"async\" style=\"width:100%;\" src=\"https:\/\/kunmedierne.dk\/thy\/wp-content\/uploads\/sites\/2\/2025\/03\/260414ThistedBoligApril-opslag-002-1.jpg\"><\/a><script>cdmtrack_view(689);<\/script>\n<p>Som beskuer kan man fordybe sig i hvert enkelt v\u00e6rk, dr\u00f8mme sig tilbage til en svunden tid, spejle sit eget liv og blive klogere p\u00e5 kunstnernes oplevelse af verden.<\/p>\n<p>Men udover selve v\u00e6rkerne pr\u00e6senterer udstillingen en helt fascinerende fort\u00e6lling om to af datidens st\u00f8rste danske kunstsamlere, nemlig den nordjyske korngrosserer Christian Tetzen-Lund og den k\u00f8benhavnske politiker og boligspekulant Johannes Rump.<\/p>\n<p>&#8220;Deres blik for moderne fransk kunst og deres mod til at k\u00f8be v\u00e6rker skabt i en af kunsthistoriens mest h\u00e6bl\u00e6sende og revolutionerende perioder var enest\u00e5ende og er baggrunden for, at SMK i dag huser en af verdens fineste samlinger af moderne fransk kunst&#8221;, som det fremg\u00e5r af en pressemeddelelse fra Statens Museum for Kunst.<\/p>\n<a class=\"dvrt-link\" onClick=\"cdmtrack_click(4416,jQuery(this));return false\" href=\"https:\/\/sdrhaa.dk\/\"><img decoding=\"async\" style=\"width:100%;\" src=\"https:\/\/kunmedierne.dk\/thy\/wp-content\/uploads\/sites\/2\/2025\/05\/260302Din-gebyrvenlige-sparekasse_SHS_Thy-1.gif\"><\/a><script>cdmtrack_view(4416);<\/script>\n<p>\u00c5bningsudstillingen i Doverodde viser landskaber, portr\u00e6tter og opstillinger skabt i Frankrig i \u00e5rene lige efter 1900. Mange af v\u00e6rkerne er malet i landlige omgivelser &#8211; s\u00e6rligt i Sydfrankrig &#8211; enkelte skildrer storbylivet, mens andre igen giver et kig ind i kunstnernes atelierer.<\/p>\n<div id=\"attachment_8943\" style=\"width: 1242px\" class=\"wp-caption alignnone\"><img loading=\"lazy\" decoding=\"async\" aria-describedby=\"caption-attachment-8943\" class=\"wp-image-8943 size-full\" src=\"https:\/\/kunmedierne.dk\/thy\/wp-content\/uploads\/sites\/2\/2025\/08\/Unavngivet-1232-x-802-px-24.jpg\" alt=\"\" width=\"1232\" height=\"802\" srcset=\"https:\/\/kunmedierne.dk\/thy\/wp-content\/uploads\/sites\/2\/2025\/08\/Unavngivet-1232-x-802-px-24.jpg 1232w, https:\/\/kunmedierne.dk\/thy\/wp-content\/uploads\/sites\/2\/2025\/08\/Unavngivet-1232-x-802-px-24-300x195.jpg 300w, https:\/\/kunmedierne.dk\/thy\/wp-content\/uploads\/sites\/2\/2025\/08\/Unavngivet-1232-x-802-px-24-1024x667.jpg 1024w, https:\/\/kunmedierne.dk\/thy\/wp-content\/uploads\/sites\/2\/2025\/08\/Unavngivet-1232-x-802-px-24-510x332.jpg 510w\" sizes=\"auto, (max-width: 1232px) 100vw, 1232px\" \/><p id=\"caption-attachment-8943\" class=\"wp-caption-text\">&#8220;Solglimt p\u00e5 havet ved Sainte-Adresse&#8221;, malet af Raoul Dufy i 1906 er et af v\u00e6rkerne p\u00e5 udstillingen. Foto: Lone L\u00e6rke Krog.<\/p><\/div>\n<p>F\u00e6lles for dem alle er, at kunstnerne har eksperimenteret med former og farver og bidraget til at nyt\u00e6nke arbejdet med maleri, tegning og skulptur. I begyndelsen af 1900-tallet var Paris et internationalt kunstcentrum, tiltrak kunstnere fra hele verden og fungerede som en dynamisk smeltedigel for nye ideer og udtryksformer.<\/p>\n<p>Udstillingen p\u00e5 SMK Thy er begr\u00e6nset til 200 kvadratmeter, men den viser et unikt udvalg af v\u00e6rker, der har sat afg\u00f8rende spor i dansk kunsthistorie.<\/p>\n<p>Ideen om en afdeling af Statens Museum for Kunst i Thy blev fostret for n\u00e6sten ti \u00e5r siden. Den er udviklet i et samarbejde mellem SMK og Thisted Kommune.<\/p>\n<p>En gener\u00f8s donation fra A. P. M\u00f8ller og Hustru Chastine Mc-Kinney M\u00f8llers fond til almene Formaal p\u00e5 50 mio. kr. gjorde dr\u00f8mmen til virkelighed i et smukt byggeri tegnet af norsk-danske Reiulf Ramstad Arkitekter.<\/p>\n<a class=\"dvrt-link\" onClick=\"cdmtrack_click(689,jQuery(this));return false\" href=\"https:\/\/www.thistedbolig.dk\"><img decoding=\"async\" style=\"width:100%;\" src=\"https:\/\/kunmedierne.dk\/thy\/wp-content\/uploads\/sites\/2\/2025\/03\/260414ThistedBoligApril-opslag-002-1.jpg\"><\/a><script>cdmtrack_view(689);<\/script>\n<p>Emilia Nykj\u00e6r Isaksson, daglig leder af SMK Thy, fort\u00e6ller om udstillingsbygningen, det n\u00e6nsomt genopf\u00f8rte pakhus i Doverodde, at det er som et &#8220;skrin&#8221;, man lukkes ind i.<\/p>\n<p>Tanken er, at SMK Thy skal udvikle sig i \u00e5rene frem i samklang med de lokale kulturinstitutioner og den lokale befolkning, Og det tegner rigtig godt.<\/p>\n<p>&#8211; Jeg f\u00e5r helt g\u00e5sehud af den g\u00e6stfrihed, vi oplever her. Vi m\u00e6rker, at folk har haft et stort \u00f8nske om at dele den her egn, og den lokale opbakning er helt afg\u00f8rende for at lykkes med SMK Thy, siger Emilia Nykj\u00e6r Isaksson.<\/p>\n<p>Udstillingen &#8220;Rejsen fra Paris&#8221; er \u00e5ben til og med 2. november.<\/p>\n<p>I dag fredag 29. august klokken 14 indvies SMK Thy med pomp og pragt, taler, introduktion til kunstsamlingen, fort\u00e6lling om arkitekturen, fort\u00e6lling for b\u00f8rn og live-koncert ved Limfjorden.<\/p>\n<p>Doveroddes nye spisested sl\u00e5r ogs\u00e5 d\u00f8rene op. S\u00e5 der vil v\u00e6re oplevelser for enhver smag.<\/p>\n<p>Der er gratis adgang til SMK Thy i p\u00e5 \u00e5bningsdagen.<\/p>\n<div id=\"attachment_8944\" style=\"width: 1242px\" class=\"wp-caption alignnone\"><img loading=\"lazy\" decoding=\"async\" aria-describedby=\"caption-attachment-8944\" class=\"wp-image-8944 size-full\" src=\"https:\/\/kunmedierne.dk\/thy\/wp-content\/uploads\/sites\/2\/2025\/08\/Unavngivet-1232-x-802-px-25.jpg\" alt=\"\" width=\"1232\" height=\"802\" srcset=\"https:\/\/kunmedierne.dk\/thy\/wp-content\/uploads\/sites\/2\/2025\/08\/Unavngivet-1232-x-802-px-25.jpg 1232w, https:\/\/kunmedierne.dk\/thy\/wp-content\/uploads\/sites\/2\/2025\/08\/Unavngivet-1232-x-802-px-25-300x195.jpg 300w, https:\/\/kunmedierne.dk\/thy\/wp-content\/uploads\/sites\/2\/2025\/08\/Unavngivet-1232-x-802-px-25-1024x667.jpg 1024w, https:\/\/kunmedierne.dk\/thy\/wp-content\/uploads\/sites\/2\/2025\/08\/Unavngivet-1232-x-802-px-25-510x332.jpg 510w\" sizes=\"auto, (max-width: 1232px) 100vw, 1232px\" \/><p id=\"caption-attachment-8944\" class=\"wp-caption-text\">Omr\u00e5det ved Doverodde K\u00f8bmandsgaard har gennemg\u00e5et en stor forvandling. Pakhuset er blevet genopf\u00f8rt &#8211; i h\u00f8j grad med brug af de gamle mursten og tegl. Inden d\u00f8re er pakhuset \u00e6ndret til en moderne museumsbygning med klimaanl\u00e6g og sikkerhedsforanstaltninger. Foto: Lone L\u00e6rke Krog.<\/p><\/div>\n","protected":false},"excerpt":{"rendered":"<p>DOVERODDE: Det f\u00f8rste billede, der m\u00f8der \u00e9n i den store udstillingssal i toppen af pakhuset i Doverodde er v\u00e6rket &#8220;Danserinden Anita&#8221;, der blev malet i 1909 af Kees van Dongen &#8211; en hollandsk kunstner, der bosatte sig i Paris i 1899 og snart kom ind i kredsen af unge, eksperimenterende kunstnere. Maleriet fangede den danske [&hellip;]<\/p>\n","protected":false},"author":1925,"featured_media":0,"comment_status":"closed","ping_status":"closed","sticky":false,"template":"","format":"standard","meta":{"_acf_changed":false,"footnotes":""},"categories":[24],"tags":[85],"class_list":["post-8931","post","type-post","status-publish","format-standard","hentry","category-lokalt","tag-kultur"],"acf":[],"yoast_head":"<!-- This site is optimized with the Yoast SEO plugin v26.8 - https:\/\/yoast.com\/product\/yoast-seo-wordpress\/ -->\n<title>Rejsen fra Paris - til Doverodde - Thy<\/title>\n<meta name=\"robots\" content=\"index, follow, max-snippet:-1, max-image-preview:large, max-video-preview:-1\" \/>\n<link rel=\"canonical\" href=\"https:\/\/kunmedierne.dk\/thy\/rejsen-fra-paris-til-doverodde\/\" \/>\n<meta property=\"og:locale\" content=\"da_DK\" \/>\n<meta property=\"og:type\" content=\"article\" \/>\n<meta property=\"og:title\" content=\"Rejsen fra Paris - til Doverodde - Thy\" \/>\n<meta property=\"og:description\" content=\"DOVERODDE: Det f\u00f8rste billede, der m\u00f8der \u00e9n i den store udstillingssal i toppen af pakhuset i Doverodde er v\u00e6rket &#8220;Danserinden Anita&#8221;, der blev malet i 1909 af Kees van Dongen &#8211; en hollandsk kunstner, der bosatte sig i Paris i 1899 og snart kom ind i kredsen af unge, eksperimenterende kunstnere. Maleriet fangede den danske [&hellip;]\" \/>\n<meta property=\"og:url\" content=\"https:\/\/kunmedierne.dk\/thy\/rejsen-fra-paris-til-doverodde\/\" \/>\n<meta property=\"og:site_name\" content=\"Thy\" \/>\n<meta property=\"article:published_time\" content=\"2025-08-29T09:12:06+00:00\" \/>\n<meta property=\"article:modified_time\" content=\"2025-08-29T19:07:52+00:00\" \/>\n<meta property=\"og:image\" content=\"https:\/\/kunmedierne.dk\/thy\/wp-content\/uploads\/sites\/2\/2025\/08\/Unavngivet-1232-x-802-px-24.jpg\" \/>\n<meta name=\"author\" content=\"Lone L\u00e6rke Krog\" \/>\n<meta name=\"twitter:card\" content=\"summary_large_image\" \/>\n<meta name=\"twitter:label1\" content=\"Skrevet af\" \/>\n\t<meta name=\"twitter:data1\" content=\"Lone L\u00e6rke Krog\" \/>\n\t<meta name=\"twitter:label2\" content=\"Estimeret l\u00e6setid\" \/>\n\t<meta name=\"twitter:data2\" content=\"5 minutter\" \/>\n<script type=\"application\/ld+json\" class=\"yoast-schema-graph\">{\"@context\":\"https:\/\/schema.org\",\"@graph\":[{\"@type\":\"Article\",\"@id\":\"https:\/\/kunmedierne.dk\/thy\/rejsen-fra-paris-til-doverodde\/#article\",\"isPartOf\":{\"@id\":\"https:\/\/kunmedierne.dk\/thy\/rejsen-fra-paris-til-doverodde\/\"},\"author\":{\"name\":\"Lone L\u00e6rke Krog\",\"@id\":\"https:\/\/kunmedierne.dk\/thy\/#\/schema\/person\/d266634ba6550d075ecf540d63b245d2\"},\"headline\":\"Rejsen fra Paris &#8211; til Doverodde\",\"datePublished\":\"2025-08-29T09:12:06+00:00\",\"dateModified\":\"2025-08-29T19:07:52+00:00\",\"mainEntityOfPage\":{\"@id\":\"https:\/\/kunmedierne.dk\/thy\/rejsen-fra-paris-til-doverodde\/\"},\"wordCount\":790,\"publisher\":{\"@id\":\"https:\/\/kunmedierne.dk\/thy\/#organization\"},\"image\":{\"@id\":\"https:\/\/kunmedierne.dk\/thy\/rejsen-fra-paris-til-doverodde\/#primaryimage\"},\"thumbnailUrl\":\"https:\/\/kunmedierne.dk\/thy\/wp-content\/uploads\/sites\/2\/2025\/08\/Unavngivet-1232-x-802-px-24.jpg\",\"keywords\":[\"kultur\"],\"articleSection\":[\"Lokalt\"],\"inLanguage\":\"da-DK\"},{\"@type\":\"WebPage\",\"@id\":\"https:\/\/kunmedierne.dk\/thy\/rejsen-fra-paris-til-doverodde\/\",\"url\":\"https:\/\/kunmedierne.dk\/thy\/rejsen-fra-paris-til-doverodde\/\",\"name\":\"Rejsen fra Paris - til Doverodde - Thy\",\"isPartOf\":{\"@id\":\"https:\/\/kunmedierne.dk\/thy\/#website\"},\"primaryImageOfPage\":{\"@id\":\"https:\/\/kunmedierne.dk\/thy\/rejsen-fra-paris-til-doverodde\/#primaryimage\"},\"image\":{\"@id\":\"https:\/\/kunmedierne.dk\/thy\/rejsen-fra-paris-til-doverodde\/#primaryimage\"},\"thumbnailUrl\":\"https:\/\/kunmedierne.dk\/thy\/wp-content\/uploads\/sites\/2\/2025\/08\/Unavngivet-1232-x-802-px-24.jpg\",\"datePublished\":\"2025-08-29T09:12:06+00:00\",\"dateModified\":\"2025-08-29T19:07:52+00:00\",\"breadcrumb\":{\"@id\":\"https:\/\/kunmedierne.dk\/thy\/rejsen-fra-paris-til-doverodde\/#breadcrumb\"},\"inLanguage\":\"da-DK\",\"potentialAction\":[{\"@type\":\"ReadAction\",\"target\":[\"https:\/\/kunmedierne.dk\/thy\/rejsen-fra-paris-til-doverodde\/\"]}]},{\"@type\":\"ImageObject\",\"inLanguage\":\"da-DK\",\"@id\":\"https:\/\/kunmedierne.dk\/thy\/rejsen-fra-paris-til-doverodde\/#primaryimage\",\"url\":\"https:\/\/kunmedierne.dk\/thy\/wp-content\/uploads\/sites\/2\/2025\/08\/Unavngivet-1232-x-802-px-24.jpg\",\"contentUrl\":\"https:\/\/kunmedierne.dk\/thy\/wp-content\/uploads\/sites\/2\/2025\/08\/Unavngivet-1232-x-802-px-24.jpg\",\"width\":1232,\"height\":802},{\"@type\":\"BreadcrumbList\",\"@id\":\"https:\/\/kunmedierne.dk\/thy\/rejsen-fra-paris-til-doverodde\/#breadcrumb\",\"itemListElement\":[{\"@type\":\"ListItem\",\"position\":1,\"name\":\"Home\",\"item\":\"https:\/\/kunmedierne.dk\/thy\/\"},{\"@type\":\"ListItem\",\"position\":2,\"name\":\"Rejsen fra Paris &#8211; til Doverodde\"}]},{\"@type\":\"WebSite\",\"@id\":\"https:\/\/kunmedierne.dk\/thy\/#website\",\"url\":\"https:\/\/kunmedierne.dk\/thy\/\",\"name\":\"Thy\",\"description\":\"et netmedie med journalistik om livet i Thy\",\"publisher\":{\"@id\":\"https:\/\/kunmedierne.dk\/thy\/#organization\"},\"potentialAction\":[{\"@type\":\"SearchAction\",\"target\":{\"@type\":\"EntryPoint\",\"urlTemplate\":\"https:\/\/kunmedierne.dk\/thy\/?s={search_term_string}\"},\"query-input\":{\"@type\":\"PropertyValueSpecification\",\"valueRequired\":true,\"valueName\":\"search_term_string\"}}],\"inLanguage\":\"da-DK\"},{\"@type\":\"Organization\",\"@id\":\"https:\/\/kunmedierne.dk\/thy\/#organization\",\"name\":\"Thy\",\"url\":\"https:\/\/kunmedierne.dk\/thy\/\",\"logo\":{\"@type\":\"ImageObject\",\"inLanguage\":\"da-DK\",\"@id\":\"https:\/\/kunmedierne.dk\/thy\/#\/schema\/logo\/image\/\",\"url\":\"https:\/\/kunmedierne.dk\/thy\/wp-content\/uploads\/sites\/2\/2025\/04\/kunthy-logo.svg\",\"contentUrl\":\"https:\/\/kunmedierne.dk\/thy\/wp-content\/uploads\/sites\/2\/2025\/04\/kunthy-logo.svg\",\"caption\":\"Thy\"},\"image\":{\"@id\":\"https:\/\/kunmedierne.dk\/thy\/#\/schema\/logo\/image\/\"}},{\"@type\":\"Person\",\"@id\":\"https:\/\/kunmedierne.dk\/thy\/#\/schema\/person\/d266634ba6550d075ecf540d63b245d2\",\"name\":\"Lone L\u00e6rke Krog\",\"image\":{\"@type\":\"ImageObject\",\"inLanguage\":\"da-DK\",\"@id\":\"https:\/\/kunmedierne.dk\/thy\/#\/schema\/person\/image\/\",\"url\":\"https:\/\/secure.gravatar.com\/avatar\/496ddc7080e56b4ac64cfd4e56bd6d1ee396fa3db1923aa22f11346f60bb135b?s=96&d=mm&r=g\",\"contentUrl\":\"https:\/\/secure.gravatar.com\/avatar\/496ddc7080e56b4ac64cfd4e56bd6d1ee396fa3db1923aa22f11346f60bb135b?s=96&d=mm&r=g\",\"caption\":\"Lone L\u00e6rke Krog\"},\"url\":\"https:\/\/kunmedierne.dk\/thy\/author\/llk\/\"}]}<\/script>\n<!-- \/ Yoast SEO plugin. -->","yoast_head_json":{"title":"Rejsen fra Paris - til Doverodde - Thy","robots":{"index":"index","follow":"follow","max-snippet":"max-snippet:-1","max-image-preview":"max-image-preview:large","max-video-preview":"max-video-preview:-1"},"canonical":"https:\/\/kunmedierne.dk\/thy\/rejsen-fra-paris-til-doverodde\/","og_locale":"da_DK","og_type":"article","og_title":"Rejsen fra Paris - til Doverodde - Thy","og_description":"DOVERODDE: Det f\u00f8rste billede, der m\u00f8der \u00e9n i den store udstillingssal i toppen af pakhuset i Doverodde er v\u00e6rket &#8220;Danserinden Anita&#8221;, der blev malet i 1909 af Kees van Dongen &#8211; en hollandsk kunstner, der bosatte sig i Paris i 1899 og snart kom ind i kredsen af unge, eksperimenterende kunstnere. Maleriet fangede den danske [&hellip;]","og_url":"https:\/\/kunmedierne.dk\/thy\/rejsen-fra-paris-til-doverodde\/","og_site_name":"Thy","article_published_time":"2025-08-29T09:12:06+00:00","article_modified_time":"2025-08-29T19:07:52+00:00","og_image":[{"url":"https:\/\/kunmedierne.dk\/thy\/wp-content\/uploads\/sites\/2\/2025\/08\/Unavngivet-1232-x-802-px-24.jpg","type":"","width":"","height":""}],"author":"Lone L\u00e6rke Krog","twitter_card":"summary_large_image","twitter_misc":{"Skrevet af":"Lone L\u00e6rke Krog","Estimeret l\u00e6setid":"5 minutter"},"schema":{"@context":"https:\/\/schema.org","@graph":[{"@type":"Article","@id":"https:\/\/kunmedierne.dk\/thy\/rejsen-fra-paris-til-doverodde\/#article","isPartOf":{"@id":"https:\/\/kunmedierne.dk\/thy\/rejsen-fra-paris-til-doverodde\/"},"author":{"name":"Lone L\u00e6rke Krog","@id":"https:\/\/kunmedierne.dk\/thy\/#\/schema\/person\/d266634ba6550d075ecf540d63b245d2"},"headline":"Rejsen fra Paris &#8211; til Doverodde","datePublished":"2025-08-29T09:12:06+00:00","dateModified":"2025-08-29T19:07:52+00:00","mainEntityOfPage":{"@id":"https:\/\/kunmedierne.dk\/thy\/rejsen-fra-paris-til-doverodde\/"},"wordCount":790,"publisher":{"@id":"https:\/\/kunmedierne.dk\/thy\/#organization"},"image":{"@id":"https:\/\/kunmedierne.dk\/thy\/rejsen-fra-paris-til-doverodde\/#primaryimage"},"thumbnailUrl":"https:\/\/kunmedierne.dk\/thy\/wp-content\/uploads\/sites\/2\/2025\/08\/Unavngivet-1232-x-802-px-24.jpg","keywords":["kultur"],"articleSection":["Lokalt"],"inLanguage":"da-DK"},{"@type":"WebPage","@id":"https:\/\/kunmedierne.dk\/thy\/rejsen-fra-paris-til-doverodde\/","url":"https:\/\/kunmedierne.dk\/thy\/rejsen-fra-paris-til-doverodde\/","name":"Rejsen fra Paris - til Doverodde - Thy","isPartOf":{"@id":"https:\/\/kunmedierne.dk\/thy\/#website"},"primaryImageOfPage":{"@id":"https:\/\/kunmedierne.dk\/thy\/rejsen-fra-paris-til-doverodde\/#primaryimage"},"image":{"@id":"https:\/\/kunmedierne.dk\/thy\/rejsen-fra-paris-til-doverodde\/#primaryimage"},"thumbnailUrl":"https:\/\/kunmedierne.dk\/thy\/wp-content\/uploads\/sites\/2\/2025\/08\/Unavngivet-1232-x-802-px-24.jpg","datePublished":"2025-08-29T09:12:06+00:00","dateModified":"2025-08-29T19:07:52+00:00","breadcrumb":{"@id":"https:\/\/kunmedierne.dk\/thy\/rejsen-fra-paris-til-doverodde\/#breadcrumb"},"inLanguage":"da-DK","potentialAction":[{"@type":"ReadAction","target":["https:\/\/kunmedierne.dk\/thy\/rejsen-fra-paris-til-doverodde\/"]}]},{"@type":"ImageObject","inLanguage":"da-DK","@id":"https:\/\/kunmedierne.dk\/thy\/rejsen-fra-paris-til-doverodde\/#primaryimage","url":"https:\/\/kunmedierne.dk\/thy\/wp-content\/uploads\/sites\/2\/2025\/08\/Unavngivet-1232-x-802-px-24.jpg","contentUrl":"https:\/\/kunmedierne.dk\/thy\/wp-content\/uploads\/sites\/2\/2025\/08\/Unavngivet-1232-x-802-px-24.jpg","width":1232,"height":802},{"@type":"BreadcrumbList","@id":"https:\/\/kunmedierne.dk\/thy\/rejsen-fra-paris-til-doverodde\/#breadcrumb","itemListElement":[{"@type":"ListItem","position":1,"name":"Home","item":"https:\/\/kunmedierne.dk\/thy\/"},{"@type":"ListItem","position":2,"name":"Rejsen fra Paris &#8211; til Doverodde"}]},{"@type":"WebSite","@id":"https:\/\/kunmedierne.dk\/thy\/#website","url":"https:\/\/kunmedierne.dk\/thy\/","name":"Thy","description":"et netmedie med journalistik om livet i Thy","publisher":{"@id":"https:\/\/kunmedierne.dk\/thy\/#organization"},"potentialAction":[{"@type":"SearchAction","target":{"@type":"EntryPoint","urlTemplate":"https:\/\/kunmedierne.dk\/thy\/?s={search_term_string}"},"query-input":{"@type":"PropertyValueSpecification","valueRequired":true,"valueName":"search_term_string"}}],"inLanguage":"da-DK"},{"@type":"Organization","@id":"https:\/\/kunmedierne.dk\/thy\/#organization","name":"Thy","url":"https:\/\/kunmedierne.dk\/thy\/","logo":{"@type":"ImageObject","inLanguage":"da-DK","@id":"https:\/\/kunmedierne.dk\/thy\/#\/schema\/logo\/image\/","url":"https:\/\/kunmedierne.dk\/thy\/wp-content\/uploads\/sites\/2\/2025\/04\/kunthy-logo.svg","contentUrl":"https:\/\/kunmedierne.dk\/thy\/wp-content\/uploads\/sites\/2\/2025\/04\/kunthy-logo.svg","caption":"Thy"},"image":{"@id":"https:\/\/kunmedierne.dk\/thy\/#\/schema\/logo\/image\/"}},{"@type":"Person","@id":"https:\/\/kunmedierne.dk\/thy\/#\/schema\/person\/d266634ba6550d075ecf540d63b245d2","name":"Lone L\u00e6rke Krog","image":{"@type":"ImageObject","inLanguage":"da-DK","@id":"https:\/\/kunmedierne.dk\/thy\/#\/schema\/person\/image\/","url":"https:\/\/secure.gravatar.com\/avatar\/496ddc7080e56b4ac64cfd4e56bd6d1ee396fa3db1923aa22f11346f60bb135b?s=96&d=mm&r=g","contentUrl":"https:\/\/secure.gravatar.com\/avatar\/496ddc7080e56b4ac64cfd4e56bd6d1ee396fa3db1923aa22f11346f60bb135b?s=96&d=mm&r=g","caption":"Lone L\u00e6rke Krog"},"url":"https:\/\/kunmedierne.dk\/thy\/author\/llk\/"}]}},"_links":{"self":[{"href":"https:\/\/kunmedierne.dk\/thy\/wp-json\/wp\/v2\/posts\/8931","targetHints":{"allow":["GET"]}}],"collection":[{"href":"https:\/\/kunmedierne.dk\/thy\/wp-json\/wp\/v2\/posts"}],"about":[{"href":"https:\/\/kunmedierne.dk\/thy\/wp-json\/wp\/v2\/types\/post"}],"author":[{"embeddable":true,"href":"https:\/\/kunmedierne.dk\/thy\/wp-json\/wp\/v2\/users\/1925"}],"replies":[{"embeddable":true,"href":"https:\/\/kunmedierne.dk\/thy\/wp-json\/wp\/v2\/comments?post=8931"}],"version-history":[{"count":6,"href":"https:\/\/kunmedierne.dk\/thy\/wp-json\/wp\/v2\/posts\/8931\/revisions"}],"predecessor-version":[{"id":8946,"href":"https:\/\/kunmedierne.dk\/thy\/wp-json\/wp\/v2\/posts\/8931\/revisions\/8946"}],"wp:attachment":[{"href":"https:\/\/kunmedierne.dk\/thy\/wp-json\/wp\/v2\/media?parent=8931"}],"wp:term":[{"taxonomy":"category","embeddable":true,"href":"https:\/\/kunmedierne.dk\/thy\/wp-json\/wp\/v2\/categories?post=8931"},{"taxonomy":"post_tag","embeddable":true,"href":"https:\/\/kunmedierne.dk\/thy\/wp-json\/wp\/v2\/tags?post=8931"}],"curies":[{"name":"wp","href":"https:\/\/api.w.org\/{rel}","templated":true}]}}