{"id":8712,"date":"2025-08-26T21:17:33","date_gmt":"2025-08-26T19:17:33","guid":{"rendered":"https:\/\/kunmedierne.dk\/thy\/?p=8712"},"modified":"2025-08-27T19:14:03","modified_gmt":"2025-08-27T17:14:03","slug":"thy-fik-en-kongelig-dag","status":"publish","type":"post","link":"https:\/\/kunmedierne.dk\/thy\/thy-fik-en-kongelig-dag\/","title":{"rendered":"Thy fik en kongelig dag"},"content":{"rendered":"<p><strong>THY: <\/strong>Vild Is og iv\u00e6rks\u00e6tteri i Vorup\u00f8r &#8211; og selvf\u00f8lgelig ogs\u00e5 en lejlighed til at bes\u00f8ge landingspladsen og se ud over havet stod i kontrast til Doverodde med Naturlandsbyen og SMK Thy.<\/p>\n<a class=\"dvrt-link\" onClick=\"cdmtrack_click(689,jQuery(this));return false\" href=\"https:\/\/www.thistedbolig.dk\"><img decoding=\"async\" style=\"width:100%;\" src=\"https:\/\/kunmedierne.dk\/thy\/wp-content\/uploads\/sites\/2\/2025\/03\/260414ThistedBoligApril-opslag-002-1.jpg\"><\/a><script>cdmtrack_view(689);<\/script>\n<p>Men Doverodde og Vorup\u00f8r var eftermiddagens bes\u00f8gsm\u00e5l for kongeparret, som faktisk n\u00e5ede en hel del, efter de var g\u00e5et fra borde fra kongeskibet Dannebrog i Hanstholm tirsdag klokken 10 tirsdag formiddag.<\/p>\n<div id=\"attachment_8728\" style=\"width: 1242px\" class=\"wp-caption alignnone\"><img loading=\"lazy\" decoding=\"async\" aria-describedby=\"caption-attachment-8728\" class=\"wp-image-8728 size-full\" src=\"https:\/\/kunmedierne.dk\/thy\/wp-content\/uploads\/sites\/2\/2025\/08\/Design-uden-navn-2025-08-26T194736.288.jpg\" alt=\"\" width=\"1232\" height=\"821\" srcset=\"https:\/\/kunmedierne.dk\/thy\/wp-content\/uploads\/sites\/2\/2025\/08\/Design-uden-navn-2025-08-26T194736.288.jpg 1232w, https:\/\/kunmedierne.dk\/thy\/wp-content\/uploads\/sites\/2\/2025\/08\/Design-uden-navn-2025-08-26T194736.288-300x200.jpg 300w, https:\/\/kunmedierne.dk\/thy\/wp-content\/uploads\/sites\/2\/2025\/08\/Design-uden-navn-2025-08-26T194736.288-1024x682.jpg 1024w, https:\/\/kunmedierne.dk\/thy\/wp-content\/uploads\/sites\/2\/2025\/08\/Design-uden-navn-2025-08-26T194736.288-510x340.jpg 510w\" sizes=\"auto, (max-width: 1232px) 100vw, 1232px\" \/><p id=\"caption-attachment-8728\" class=\"wp-caption-text\">Dannebrog gik til kaj i Hanstholm klokken 10 tirsdag formiddag med kongelige vink til de mange fremm\u00f8dte. Foto: Jens Fogh-Andersen<\/p><\/div>\n<p>Fra Hanstholm gik turen til Thisted med karettur gennem byen og modtagelse p\u00e5 det gamle r\u00e5dhus p\u00e5 Store Torv, inden Kongen og Dronningen fortsatte turen ud i Thy.<\/p>\n<p>Ikke i karet, men i den til lejligheden medbragte Bentley, som kort f\u00f8r klokken 13 ankom til Doverodde, som med den netop indviede Naturlandsby og SMK Thy, der indvies p\u00e5 fredag, helt klart var et kongeligt bes\u00f8g v\u00e6rd.<\/p>\n<div id=\"attachment_8718\" style=\"width: 1242px\" class=\"wp-caption alignnone\"><img loading=\"lazy\" decoding=\"async\" aria-describedby=\"caption-attachment-8718\" class=\"wp-image-8718 size-full\" src=\"https:\/\/kunmedierne.dk\/thy\/wp-content\/uploads\/sites\/2\/2025\/08\/Design-uden-navn-2025-08-26T194247.448.jpg\" alt=\"\" width=\"1232\" height=\"821\" srcset=\"https:\/\/kunmedierne.dk\/thy\/wp-content\/uploads\/sites\/2\/2025\/08\/Design-uden-navn-2025-08-26T194247.448.jpg 1232w, https:\/\/kunmedierne.dk\/thy\/wp-content\/uploads\/sites\/2\/2025\/08\/Design-uden-navn-2025-08-26T194247.448-300x200.jpg 300w, https:\/\/kunmedierne.dk\/thy\/wp-content\/uploads\/sites\/2\/2025\/08\/Design-uden-navn-2025-08-26T194247.448-1024x682.jpg 1024w, https:\/\/kunmedierne.dk\/thy\/wp-content\/uploads\/sites\/2\/2025\/08\/Design-uden-navn-2025-08-26T194247.448-510x340.jpg 510w\" sizes=\"auto, (max-width: 1232px) 100vw, 1232px\" \/><p id=\"caption-attachment-8718\" class=\"wp-caption-text\">Doverodde var f\u00f8rste stop p\u00e5 eftermiddagens program. Foto: Jens Fogh-Andersen.<\/p><\/div>\n<p>Ogs\u00e5 i Doverodde var der mulighed for at se b\u00e5de Limfjorden og omr\u00e5dets natur og g\u00f8re det fra toppen af den 42 meter h\u00f8je silo, der knejser over den gamle k\u00f8bmandsg\u00e5rd. Kongeparret brugte anledningen til at se det hele fra oven inden det var tid til frokost i Naturv\u00e6rkstedet.<\/p>\n<div id=\"attachment_8730\" style=\"width: 1242px\" class=\"wp-caption alignnone\"><img loading=\"lazy\" decoding=\"async\" aria-describedby=\"caption-attachment-8730\" class=\"wp-image-8730 size-full\" src=\"https:\/\/kunmedierne.dk\/thy\/wp-content\/uploads\/sites\/2\/2025\/08\/Design-uden-navn-2025-08-26T194853.048.jpg\" alt=\"\" width=\"1232\" height=\"821\" srcset=\"https:\/\/kunmedierne.dk\/thy\/wp-content\/uploads\/sites\/2\/2025\/08\/Design-uden-navn-2025-08-26T194853.048.jpg 1232w, https:\/\/kunmedierne.dk\/thy\/wp-content\/uploads\/sites\/2\/2025\/08\/Design-uden-navn-2025-08-26T194853.048-300x200.jpg 300w, https:\/\/kunmedierne.dk\/thy\/wp-content\/uploads\/sites\/2\/2025\/08\/Design-uden-navn-2025-08-26T194853.048-1024x682.jpg 1024w, https:\/\/kunmedierne.dk\/thy\/wp-content\/uploads\/sites\/2\/2025\/08\/Design-uden-navn-2025-08-26T194853.048-510x340.jpg 510w\" sizes=\"auto, (max-width: 1232px) 100vw, 1232px\" \/><p id=\"caption-attachment-8730\" class=\"wp-caption-text\">Der var tid til at se n\u00e6rmere p\u00e5 Doverodde, hvor bygningerne ved den gamle k\u00f8bmandsg\u00e5rd nu st\u00e5r f\u00e6rdige efter en omfattende renovering. Foto: Jens Fogh-Andersen.<\/p><\/div>\n<p>Efter frokost var der tid til at se n\u00e6rmere p\u00e5 Naturlandsbyen, hvor det summede af liv. Rigtig mange af dem, der i det daglige bruger stedet, var m\u00f8dt op og havde svar p\u00e5 rede h\u00e5nd, n\u00e5r Kongen og Dronningen spurgte ind til aktiviteterne.<\/p>\n<p><img loading=\"lazy\" decoding=\"async\" class=\"alignnone wp-image-8729 size-full\" src=\"https:\/\/kunmedierne.dk\/thy\/wp-content\/uploads\/sites\/2\/2025\/08\/Design-uden-navn-2025-08-26T194808.464.jpg\" alt=\"\" width=\"1232\" height=\"821\" srcset=\"https:\/\/kunmedierne.dk\/thy\/wp-content\/uploads\/sites\/2\/2025\/08\/Design-uden-navn-2025-08-26T194808.464.jpg 1232w, https:\/\/kunmedierne.dk\/thy\/wp-content\/uploads\/sites\/2\/2025\/08\/Design-uden-navn-2025-08-26T194808.464-300x200.jpg 300w, https:\/\/kunmedierne.dk\/thy\/wp-content\/uploads\/sites\/2\/2025\/08\/Design-uden-navn-2025-08-26T194808.464-1024x682.jpg 1024w, https:\/\/kunmedierne.dk\/thy\/wp-content\/uploads\/sites\/2\/2025\/08\/Design-uden-navn-2025-08-26T194808.464-510x340.jpg 510w\" sizes=\"auto, (max-width: 1232px) 100vw, 1232px\" \/><\/p>\n<p>En af dem var kunsten at tilberede et stykke vildt over b\u00e5l. Det er en fort\u00e6lling i sig selv og med sin egen overskrift, &#8220;Snak og \u00c6d&#8221;, og med garanti for at komme til sat dufte af br\u00e6nder\u00f8g mere end af parfume.<\/p>\n<a class=\"dvrt-link\" onClick=\"cdmtrack_click(1130,jQuery(this));return false\" href=\"https:\/\/www.thistedforsikring.dk\/?utm_source=partnerskaber&amp;utm_campaign=kun_thy\"><img decoding=\"async\" style=\"width:100%;\" src=\"https:\/\/kunmedierne.dk\/thy\/wp-content\/uploads\/sites\/2\/2025\/04\/260409KunThyThisted-For-1.png\"><\/a><script>cdmtrack_view(1130);<\/script>\n<p>Anderledes i Vorup\u00f8r. Her var f\u00f8rste stop ved den gamle skole, som i dag er hjemsted for kontorf\u00e6llesskabet &#8220;Surf and Vork&#8221;.<\/p>\n<div id=\"attachment_8719\" style=\"width: 1242px\" class=\"wp-caption alignnone\"><img loading=\"lazy\" decoding=\"async\" aria-describedby=\"caption-attachment-8719\" class=\"wp-image-8719 size-full\" src=\"https:\/\/kunmedierne.dk\/thy\/wp-content\/uploads\/sites\/2\/2025\/08\/Design-uden-navn-2025-08-26T194327.098.jpg\" alt=\"\" width=\"1232\" height=\"821\" srcset=\"https:\/\/kunmedierne.dk\/thy\/wp-content\/uploads\/sites\/2\/2025\/08\/Design-uden-navn-2025-08-26T194327.098.jpg 1232w, https:\/\/kunmedierne.dk\/thy\/wp-content\/uploads\/sites\/2\/2025\/08\/Design-uden-navn-2025-08-26T194327.098-300x200.jpg 300w, https:\/\/kunmedierne.dk\/thy\/wp-content\/uploads\/sites\/2\/2025\/08\/Design-uden-navn-2025-08-26T194327.098-1024x682.jpg 1024w, https:\/\/kunmedierne.dk\/thy\/wp-content\/uploads\/sites\/2\/2025\/08\/Design-uden-navn-2025-08-26T194327.098-510x340.jpg 510w\" sizes=\"auto, (max-width: 1232px) 100vw, 1232px\" \/><p id=\"caption-attachment-8719\" class=\"wp-caption-text\">Alexander Bengtsen, medstifter af Surf &amp; Work, byder Kongeparret velkommen. Foto: Jens Fogh-Andersen.<\/p><\/div>\n<p>Alexander Bengtsen, en af initiativtagerne til kontorf\u00e6llesskabet, som er grundlagt i 2017, tog imod og viste Kongen og Dronningen rundt i bygningen, som i dag er arbejdssted for 40 iv\u00e6rks\u00e6ttere.<\/p>\n<div id=\"attachment_8720\" style=\"width: 1242px\" class=\"wp-caption alignnone\"><img loading=\"lazy\" decoding=\"async\" aria-describedby=\"caption-attachment-8720\" class=\"wp-image-8720 size-full\" src=\"https:\/\/kunmedierne.dk\/thy\/wp-content\/uploads\/sites\/2\/2025\/08\/Design-uden-navn-2025-08-26T194408.461.jpg\" alt=\"\" width=\"1232\" height=\"821\" srcset=\"https:\/\/kunmedierne.dk\/thy\/wp-content\/uploads\/sites\/2\/2025\/08\/Design-uden-navn-2025-08-26T194408.461.jpg 1232w, https:\/\/kunmedierne.dk\/thy\/wp-content\/uploads\/sites\/2\/2025\/08\/Design-uden-navn-2025-08-26T194408.461-300x200.jpg 300w, https:\/\/kunmedierne.dk\/thy\/wp-content\/uploads\/sites\/2\/2025\/08\/Design-uden-navn-2025-08-26T194408.461-1024x682.jpg 1024w, https:\/\/kunmedierne.dk\/thy\/wp-content\/uploads\/sites\/2\/2025\/08\/Design-uden-navn-2025-08-26T194408.461-510x340.jpg 510w\" sizes=\"auto, (max-width: 1232px) 100vw, 1232px\" \/><p id=\"caption-attachment-8720\" class=\"wp-caption-text\">Kongeparret blev pr\u00e6senteret for en l\u00e6skedrik lavet p\u00e5 havtorn. Foto: Jens Fogh-Andersen<\/p><\/div>\n<p>Alexander Bengtsen er en af dem. Han fortalte om sit projekt, Vild Is med i dag 150 forhandlere rundt om i landet, men der blev ogs\u00e5 sat ord p\u00e5 betydningen af at have et sted som &#8220;Surf and Work&#8221;, for ud over iv\u00e6rks\u00e6tteri bidrager det ogs\u00e5 til tilflytning og til et stigende b\u00f8rnetal.<\/p>\n<p><img loading=\"lazy\" decoding=\"async\" class=\"alignnone wp-image-8742 size-full\" src=\"https:\/\/kunmedierne.dk\/thy\/wp-content\/uploads\/sites\/2\/2025\/08\/Design-uden-navn-2025-08-26T212807.589.jpg\" alt=\"\" width=\"1232\" height=\"821\" srcset=\"https:\/\/kunmedierne.dk\/thy\/wp-content\/uploads\/sites\/2\/2025\/08\/Design-uden-navn-2025-08-26T212807.589.jpg 1232w, https:\/\/kunmedierne.dk\/thy\/wp-content\/uploads\/sites\/2\/2025\/08\/Design-uden-navn-2025-08-26T212807.589-300x200.jpg 300w, https:\/\/kunmedierne.dk\/thy\/wp-content\/uploads\/sites\/2\/2025\/08\/Design-uden-navn-2025-08-26T212807.589-1024x682.jpg 1024w, https:\/\/kunmedierne.dk\/thy\/wp-content\/uploads\/sites\/2\/2025\/08\/Design-uden-navn-2025-08-26T212807.589-510x340.jpg 510w\" sizes=\"auto, (max-width: 1232px) 100vw, 1232px\" \/><\/p>\n<p>Hollandske Marten Kaufmann er en af stedets iv\u00e6rks\u00e6ttere. Han har v\u00e6ret en del af f\u00e6llesskabet i nu fem \u00e5r &#8211; selv om hans tanke oprindelig var et \u00e5r.<\/p>\n<a class=\"dvrt-link\" onClick=\"cdmtrack_click(687,jQuery(this));return false\" href=\"https:\/\/konpap.dk\/?gad_source=1&gclid=Cj0KCQjwtJ6_BhDWARIsAGanmKfOBLC3RBm6obWL5sEb-mp4bsp5QjqWW4j4nx22y0YT2iMiXJcv3MoaApR_EALw_wcB\"><img decoding=\"async\" style=\"width:100%;\" src=\"https:\/\/kunmedierne.dk\/thy\/wp-content\/uploads\/sites\/2\/2025\/03\/redoffice.jpg\"><\/a><script>cdmtrack_view(687);<\/script>\n<p>&#8211; Stedet s\u00e6tter ringe i vandet i et lokalsamfund som her, forklarede Stine Kondrup.<\/p>\n<p>Hun er selv tilflytter, iv\u00e6rks\u00e6tter og projektleder, for den store vision for den tidligere skole er at omdanne den til et egentligt folkehus og en ramme om et levende f\u00e6llesskab, som kan skabe grobund for et samfund i udvikling og ikke i afvikling.<\/p>\n<div id=\"attachment_8722\" style=\"width: 1242px\" class=\"wp-caption alignnone\"><img loading=\"lazy\" decoding=\"async\" aria-describedby=\"caption-attachment-8722\" class=\"wp-image-8722 size-full\" src=\"https:\/\/kunmedierne.dk\/thy\/wp-content\/uploads\/sites\/2\/2025\/08\/Design-uden-navn-2025-08-26T194511.583.jpg\" alt=\"\" width=\"1232\" height=\"821\" srcset=\"https:\/\/kunmedierne.dk\/thy\/wp-content\/uploads\/sites\/2\/2025\/08\/Design-uden-navn-2025-08-26T194511.583.jpg 1232w, https:\/\/kunmedierne.dk\/thy\/wp-content\/uploads\/sites\/2\/2025\/08\/Design-uden-navn-2025-08-26T194511.583-300x200.jpg 300w, https:\/\/kunmedierne.dk\/thy\/wp-content\/uploads\/sites\/2\/2025\/08\/Design-uden-navn-2025-08-26T194511.583-1024x682.jpg 1024w, https:\/\/kunmedierne.dk\/thy\/wp-content\/uploads\/sites\/2\/2025\/08\/Design-uden-navn-2025-08-26T194511.583-510x340.jpg 510w\" sizes=\"auto, (max-width: 1232px) 100vw, 1232px\" \/><p id=\"caption-attachment-8722\" class=\"wp-caption-text\">Kongeligt bes\u00f8g p\u00e5 Landingspladsen i Vorup\u00f8r. Foto: Jens Fogh-Andersen<\/p><\/div>\n<p>Kystbyerne i Thy, Vorup\u00f8r en af dem, er ogs\u00e5 en del af Cold Hawaii, det er turiststeder og for Vorup\u00f8rs vedkommende ogs\u00e5 et sted, hvor der stadig fiskes fra kysten.<\/p>\n<p>Tirsdag eftermiddag var ikke til surf, s\u00e5 de f\u00e5, der var p\u00e5 vandet havde god plads.<\/p>\n<p><img loading=\"lazy\" decoding=\"async\" class=\"alignnone wp-image-8725 size-full\" src=\"https:\/\/kunmedierne.dk\/thy\/wp-content\/uploads\/sites\/2\/2025\/08\/Design-uden-navn-2025-08-26T194612.734.jpg\" alt=\"\" width=\"1232\" height=\"821\" srcset=\"https:\/\/kunmedierne.dk\/thy\/wp-content\/uploads\/sites\/2\/2025\/08\/Design-uden-navn-2025-08-26T194612.734.jpg 1232w, https:\/\/kunmedierne.dk\/thy\/wp-content\/uploads\/sites\/2\/2025\/08\/Design-uden-navn-2025-08-26T194612.734-300x200.jpg 300w, https:\/\/kunmedierne.dk\/thy\/wp-content\/uploads\/sites\/2\/2025\/08\/Design-uden-navn-2025-08-26T194612.734-1024x682.jpg 1024w, https:\/\/kunmedierne.dk\/thy\/wp-content\/uploads\/sites\/2\/2025\/08\/Design-uden-navn-2025-08-26T194612.734-510x340.jpg 510w\" sizes=\"auto, (max-width: 1232px) 100vw, 1232px\" \/><\/p>\n<p>Det kunne b\u00e5de Kongen og Dronningen se med egne \u00f8jne fra udsigtsplatformen p\u00e5 toppen af velf\u00e6rdsbygningen ved havbadet, men i mangel p\u00e5 surfere kunne de ved selvsyn f\u00f8lge et par af stedets kystb\u00e5de sejle ind mod stranden efter en tur p\u00e5 havet med lystfiskere ombord.<\/p>\n<div id=\"attachment_8723\" style=\"width: 1242px\" class=\"wp-caption alignnone\"><img loading=\"lazy\" decoding=\"async\" aria-describedby=\"caption-attachment-8723\" class=\"wp-image-8723 size-full\" src=\"https:\/\/kunmedierne.dk\/thy\/wp-content\/uploads\/sites\/2\/2025\/08\/Design-uden-navn-2025-08-26T194543.192.jpg\" alt=\"\" width=\"1232\" height=\"821\" srcset=\"https:\/\/kunmedierne.dk\/thy\/wp-content\/uploads\/sites\/2\/2025\/08\/Design-uden-navn-2025-08-26T194543.192.jpg 1232w, https:\/\/kunmedierne.dk\/thy\/wp-content\/uploads\/sites\/2\/2025\/08\/Design-uden-navn-2025-08-26T194543.192-300x200.jpg 300w, https:\/\/kunmedierne.dk\/thy\/wp-content\/uploads\/sites\/2\/2025\/08\/Design-uden-navn-2025-08-26T194543.192-1024x682.jpg 1024w, https:\/\/kunmedierne.dk\/thy\/wp-content\/uploads\/sites\/2\/2025\/08\/Design-uden-navn-2025-08-26T194543.192-510x340.jpg 510w\" sizes=\"auto, (max-width: 1232px) 100vw, 1232px\" \/><p id=\"caption-attachment-8723\" class=\"wp-caption-text\">Kongeparret svarede p\u00e5 sp\u00f8rgsm\u00e5l om iv\u00e6rks\u00e6tteri og om work-life balance. Foto: Jens Fogh-Andersen<\/p><\/div>\n<p>Vorup\u00f8r var sidste stop p\u00e5 kongeparrets tur gennem Thy inden de returnerede til Hanstholm, hvor Dannebrog l\u00e5 klar til at sejle dem til L\u00e6s\u00f8, n\u00e6ste stop p\u00e5 sommertogtet. Men inden skibet lagde fra kaj og blev sunget ud af havnen af Thys St\u00f8rste Sangkor var Kongeparret v\u00e6rt ved en reception for indbudte g\u00e6ster.<\/p>\n","protected":false},"excerpt":{"rendered":"<p>THY: Vild Is og iv\u00e6rks\u00e6tteri i Vorup\u00f8r &#8211; og selvf\u00f8lgelig ogs\u00e5 en lejlighed til at bes\u00f8ge landingspladsen og se ud over havet stod i kontrast til Doverodde med Naturlandsbyen og SMK Thy. Men Doverodde og Vorup\u00f8r var eftermiddagens bes\u00f8gsm\u00e5l for kongeparret, som faktisk n\u00e5ede en hel del, efter de var g\u00e5et fra borde fra kongeskibet [&hellip;]<\/p>\n","protected":false},"author":4535,"featured_media":0,"comment_status":"closed","ping_status":"closed","sticky":false,"template":"","format":"standard","meta":{"_acf_changed":false,"footnotes":""},"categories":[24],"tags":[87],"class_list":["post-8712","post","type-post","status-publish","format-standard","hentry","category-lokalt","tag-kongebesoeg"],"acf":[],"yoast_head":"<!-- This site is optimized with the Yoast SEO plugin v26.8 - https:\/\/yoast.com\/product\/yoast-seo-wordpress\/ -->\n<title>Thy fik en kongelig dag - Thy<\/title>\n<meta name=\"robots\" content=\"index, follow, max-snippet:-1, max-image-preview:large, max-video-preview:-1\" \/>\n<link rel=\"canonical\" href=\"https:\/\/kunmedierne.dk\/thy\/thy-fik-en-kongelig-dag\/\" \/>\n<meta property=\"og:locale\" content=\"da_DK\" \/>\n<meta property=\"og:type\" content=\"article\" \/>\n<meta property=\"og:title\" content=\"Thy fik en kongelig dag - Thy\" \/>\n<meta property=\"og:description\" content=\"THY: Vild Is og iv\u00e6rks\u00e6tteri i Vorup\u00f8r &#8211; og selvf\u00f8lgelig ogs\u00e5 en lejlighed til at bes\u00f8ge landingspladsen og se ud over havet stod i kontrast til Doverodde med Naturlandsbyen og SMK Thy. Men Doverodde og Vorup\u00f8r var eftermiddagens bes\u00f8gsm\u00e5l for kongeparret, som faktisk n\u00e5ede en hel del, efter de var g\u00e5et fra borde fra kongeskibet [&hellip;]\" \/>\n<meta property=\"og:url\" content=\"https:\/\/kunmedierne.dk\/thy\/thy-fik-en-kongelig-dag\/\" \/>\n<meta property=\"og:site_name\" content=\"Thy\" \/>\n<meta property=\"article:published_time\" content=\"2025-08-26T19:17:33+00:00\" \/>\n<meta property=\"article:modified_time\" content=\"2025-08-27T17:14:03+00:00\" \/>\n<meta property=\"og:image\" content=\"https:\/\/kunmedierne.dk\/thy\/wp-content\/uploads\/sites\/2\/2025\/08\/Design-uden-navn-2025-08-26T194736.288.jpg\" \/>\n<meta name=\"author\" content=\"Jens Fogh Andersen\" \/>\n<meta name=\"twitter:card\" content=\"summary_large_image\" \/>\n<meta name=\"twitter:label1\" content=\"Skrevet af\" \/>\n\t<meta name=\"twitter:data1\" content=\"Jens Fogh Andersen\" \/>\n\t<meta name=\"twitter:label2\" content=\"Estimeret l\u00e6setid\" \/>\n\t<meta name=\"twitter:data2\" content=\"6 minutter\" \/>\n<script type=\"application\/ld+json\" class=\"yoast-schema-graph\">{\"@context\":\"https:\/\/schema.org\",\"@graph\":[{\"@type\":\"Article\",\"@id\":\"https:\/\/kunmedierne.dk\/thy\/thy-fik-en-kongelig-dag\/#article\",\"isPartOf\":{\"@id\":\"https:\/\/kunmedierne.dk\/thy\/thy-fik-en-kongelig-dag\/\"},\"author\":{\"name\":\"Jens Fogh Andersen\",\"@id\":\"https:\/\/kunmedierne.dk\/thy\/#\/schema\/person\/88f5be46809ca2a5533760eb574fef93\"},\"headline\":\"Thy fik en kongelig dag\",\"datePublished\":\"2025-08-26T19:17:33+00:00\",\"dateModified\":\"2025-08-27T17:14:03+00:00\",\"mainEntityOfPage\":{\"@id\":\"https:\/\/kunmedierne.dk\/thy\/thy-fik-en-kongelig-dag\/\"},\"wordCount\":824,\"publisher\":{\"@id\":\"https:\/\/kunmedierne.dk\/thy\/#organization\"},\"image\":{\"@id\":\"https:\/\/kunmedierne.dk\/thy\/thy-fik-en-kongelig-dag\/#primaryimage\"},\"thumbnailUrl\":\"https:\/\/kunmedierne.dk\/thy\/wp-content\/uploads\/sites\/2\/2025\/08\/Design-uden-navn-2025-08-26T194736.288.jpg\",\"keywords\":[\"kongebes\u00f8g\"],\"articleSection\":[\"Lokalt\"],\"inLanguage\":\"da-DK\"},{\"@type\":\"WebPage\",\"@id\":\"https:\/\/kunmedierne.dk\/thy\/thy-fik-en-kongelig-dag\/\",\"url\":\"https:\/\/kunmedierne.dk\/thy\/thy-fik-en-kongelig-dag\/\",\"name\":\"Thy fik en kongelig dag - Thy\",\"isPartOf\":{\"@id\":\"https:\/\/kunmedierne.dk\/thy\/#website\"},\"primaryImageOfPage\":{\"@id\":\"https:\/\/kunmedierne.dk\/thy\/thy-fik-en-kongelig-dag\/#primaryimage\"},\"image\":{\"@id\":\"https:\/\/kunmedierne.dk\/thy\/thy-fik-en-kongelig-dag\/#primaryimage\"},\"thumbnailUrl\":\"https:\/\/kunmedierne.dk\/thy\/wp-content\/uploads\/sites\/2\/2025\/08\/Design-uden-navn-2025-08-26T194736.288.jpg\",\"datePublished\":\"2025-08-26T19:17:33+00:00\",\"dateModified\":\"2025-08-27T17:14:03+00:00\",\"breadcrumb\":{\"@id\":\"https:\/\/kunmedierne.dk\/thy\/thy-fik-en-kongelig-dag\/#breadcrumb\"},\"inLanguage\":\"da-DK\",\"potentialAction\":[{\"@type\":\"ReadAction\",\"target\":[\"https:\/\/kunmedierne.dk\/thy\/thy-fik-en-kongelig-dag\/\"]}]},{\"@type\":\"ImageObject\",\"inLanguage\":\"da-DK\",\"@id\":\"https:\/\/kunmedierne.dk\/thy\/thy-fik-en-kongelig-dag\/#primaryimage\",\"url\":\"https:\/\/kunmedierne.dk\/thy\/wp-content\/uploads\/sites\/2\/2025\/08\/Design-uden-navn-2025-08-26T194736.288.jpg\",\"contentUrl\":\"https:\/\/kunmedierne.dk\/thy\/wp-content\/uploads\/sites\/2\/2025\/08\/Design-uden-navn-2025-08-26T194736.288.jpg\",\"width\":1232,\"height\":821},{\"@type\":\"BreadcrumbList\",\"@id\":\"https:\/\/kunmedierne.dk\/thy\/thy-fik-en-kongelig-dag\/#breadcrumb\",\"itemListElement\":[{\"@type\":\"ListItem\",\"position\":1,\"name\":\"Home\",\"item\":\"https:\/\/kunmedierne.dk\/thy\/\"},{\"@type\":\"ListItem\",\"position\":2,\"name\":\"Thy fik en kongelig dag\"}]},{\"@type\":\"WebSite\",\"@id\":\"https:\/\/kunmedierne.dk\/thy\/#website\",\"url\":\"https:\/\/kunmedierne.dk\/thy\/\",\"name\":\"Thy\",\"description\":\"et netmedie med journalistik om livet i Thy\",\"publisher\":{\"@id\":\"https:\/\/kunmedierne.dk\/thy\/#organization\"},\"potentialAction\":[{\"@type\":\"SearchAction\",\"target\":{\"@type\":\"EntryPoint\",\"urlTemplate\":\"https:\/\/kunmedierne.dk\/thy\/?s={search_term_string}\"},\"query-input\":{\"@type\":\"PropertyValueSpecification\",\"valueRequired\":true,\"valueName\":\"search_term_string\"}}],\"inLanguage\":\"da-DK\"},{\"@type\":\"Organization\",\"@id\":\"https:\/\/kunmedierne.dk\/thy\/#organization\",\"name\":\"Thy\",\"url\":\"https:\/\/kunmedierne.dk\/thy\/\",\"logo\":{\"@type\":\"ImageObject\",\"inLanguage\":\"da-DK\",\"@id\":\"https:\/\/kunmedierne.dk\/thy\/#\/schema\/logo\/image\/\",\"url\":\"https:\/\/kunmedierne.dk\/thy\/wp-content\/uploads\/sites\/2\/2025\/04\/kunthy-logo.svg\",\"contentUrl\":\"https:\/\/kunmedierne.dk\/thy\/wp-content\/uploads\/sites\/2\/2025\/04\/kunthy-logo.svg\",\"caption\":\"Thy\"},\"image\":{\"@id\":\"https:\/\/kunmedierne.dk\/thy\/#\/schema\/logo\/image\/\"}},{\"@type\":\"Person\",\"@id\":\"https:\/\/kunmedierne.dk\/thy\/#\/schema\/person\/88f5be46809ca2a5533760eb574fef93\",\"name\":\"Jens Fogh Andersen\",\"image\":{\"@type\":\"ImageObject\",\"inLanguage\":\"da-DK\",\"@id\":\"https:\/\/kunmedierne.dk\/thy\/#\/schema\/person\/image\/\",\"url\":\"https:\/\/secure.gravatar.com\/avatar\/2b367a4ef139b1c41dccc9ee7af926b81f8b4cca3359772e86c7fd5ced26c0a3?s=96&d=mm&r=g\",\"contentUrl\":\"https:\/\/secure.gravatar.com\/avatar\/2b367a4ef139b1c41dccc9ee7af926b81f8b4cca3359772e86c7fd5ced26c0a3?s=96&d=mm&r=g\",\"caption\":\"Jens Fogh Andersen\"},\"url\":\"https:\/\/kunmedierne.dk\/thy\/author\/jfa\/\"}]}<\/script>\n<!-- \/ Yoast SEO plugin. -->","yoast_head_json":{"title":"Thy fik en kongelig dag - Thy","robots":{"index":"index","follow":"follow","max-snippet":"max-snippet:-1","max-image-preview":"max-image-preview:large","max-video-preview":"max-video-preview:-1"},"canonical":"https:\/\/kunmedierne.dk\/thy\/thy-fik-en-kongelig-dag\/","og_locale":"da_DK","og_type":"article","og_title":"Thy fik en kongelig dag - Thy","og_description":"THY: Vild Is og iv\u00e6rks\u00e6tteri i Vorup\u00f8r &#8211; og selvf\u00f8lgelig ogs\u00e5 en lejlighed til at bes\u00f8ge landingspladsen og se ud over havet stod i kontrast til Doverodde med Naturlandsbyen og SMK Thy. Men Doverodde og Vorup\u00f8r var eftermiddagens bes\u00f8gsm\u00e5l for kongeparret, som faktisk n\u00e5ede en hel del, efter de var g\u00e5et fra borde fra kongeskibet [&hellip;]","og_url":"https:\/\/kunmedierne.dk\/thy\/thy-fik-en-kongelig-dag\/","og_site_name":"Thy","article_published_time":"2025-08-26T19:17:33+00:00","article_modified_time":"2025-08-27T17:14:03+00:00","og_image":[{"url":"https:\/\/kunmedierne.dk\/thy\/wp-content\/uploads\/sites\/2\/2025\/08\/Design-uden-navn-2025-08-26T194736.288.jpg","type":"","width":"","height":""}],"author":"Jens Fogh Andersen","twitter_card":"summary_large_image","twitter_misc":{"Skrevet af":"Jens Fogh Andersen","Estimeret l\u00e6setid":"6 minutter"},"schema":{"@context":"https:\/\/schema.org","@graph":[{"@type":"Article","@id":"https:\/\/kunmedierne.dk\/thy\/thy-fik-en-kongelig-dag\/#article","isPartOf":{"@id":"https:\/\/kunmedierne.dk\/thy\/thy-fik-en-kongelig-dag\/"},"author":{"name":"Jens Fogh Andersen","@id":"https:\/\/kunmedierne.dk\/thy\/#\/schema\/person\/88f5be46809ca2a5533760eb574fef93"},"headline":"Thy fik en kongelig dag","datePublished":"2025-08-26T19:17:33+00:00","dateModified":"2025-08-27T17:14:03+00:00","mainEntityOfPage":{"@id":"https:\/\/kunmedierne.dk\/thy\/thy-fik-en-kongelig-dag\/"},"wordCount":824,"publisher":{"@id":"https:\/\/kunmedierne.dk\/thy\/#organization"},"image":{"@id":"https:\/\/kunmedierne.dk\/thy\/thy-fik-en-kongelig-dag\/#primaryimage"},"thumbnailUrl":"https:\/\/kunmedierne.dk\/thy\/wp-content\/uploads\/sites\/2\/2025\/08\/Design-uden-navn-2025-08-26T194736.288.jpg","keywords":["kongebes\u00f8g"],"articleSection":["Lokalt"],"inLanguage":"da-DK"},{"@type":"WebPage","@id":"https:\/\/kunmedierne.dk\/thy\/thy-fik-en-kongelig-dag\/","url":"https:\/\/kunmedierne.dk\/thy\/thy-fik-en-kongelig-dag\/","name":"Thy fik en kongelig dag - Thy","isPartOf":{"@id":"https:\/\/kunmedierne.dk\/thy\/#website"},"primaryImageOfPage":{"@id":"https:\/\/kunmedierne.dk\/thy\/thy-fik-en-kongelig-dag\/#primaryimage"},"image":{"@id":"https:\/\/kunmedierne.dk\/thy\/thy-fik-en-kongelig-dag\/#primaryimage"},"thumbnailUrl":"https:\/\/kunmedierne.dk\/thy\/wp-content\/uploads\/sites\/2\/2025\/08\/Design-uden-navn-2025-08-26T194736.288.jpg","datePublished":"2025-08-26T19:17:33+00:00","dateModified":"2025-08-27T17:14:03+00:00","breadcrumb":{"@id":"https:\/\/kunmedierne.dk\/thy\/thy-fik-en-kongelig-dag\/#breadcrumb"},"inLanguage":"da-DK","potentialAction":[{"@type":"ReadAction","target":["https:\/\/kunmedierne.dk\/thy\/thy-fik-en-kongelig-dag\/"]}]},{"@type":"ImageObject","inLanguage":"da-DK","@id":"https:\/\/kunmedierne.dk\/thy\/thy-fik-en-kongelig-dag\/#primaryimage","url":"https:\/\/kunmedierne.dk\/thy\/wp-content\/uploads\/sites\/2\/2025\/08\/Design-uden-navn-2025-08-26T194736.288.jpg","contentUrl":"https:\/\/kunmedierne.dk\/thy\/wp-content\/uploads\/sites\/2\/2025\/08\/Design-uden-navn-2025-08-26T194736.288.jpg","width":1232,"height":821},{"@type":"BreadcrumbList","@id":"https:\/\/kunmedierne.dk\/thy\/thy-fik-en-kongelig-dag\/#breadcrumb","itemListElement":[{"@type":"ListItem","position":1,"name":"Home","item":"https:\/\/kunmedierne.dk\/thy\/"},{"@type":"ListItem","position":2,"name":"Thy fik en kongelig dag"}]},{"@type":"WebSite","@id":"https:\/\/kunmedierne.dk\/thy\/#website","url":"https:\/\/kunmedierne.dk\/thy\/","name":"Thy","description":"et netmedie med journalistik om livet i Thy","publisher":{"@id":"https:\/\/kunmedierne.dk\/thy\/#organization"},"potentialAction":[{"@type":"SearchAction","target":{"@type":"EntryPoint","urlTemplate":"https:\/\/kunmedierne.dk\/thy\/?s={search_term_string}"},"query-input":{"@type":"PropertyValueSpecification","valueRequired":true,"valueName":"search_term_string"}}],"inLanguage":"da-DK"},{"@type":"Organization","@id":"https:\/\/kunmedierne.dk\/thy\/#organization","name":"Thy","url":"https:\/\/kunmedierne.dk\/thy\/","logo":{"@type":"ImageObject","inLanguage":"da-DK","@id":"https:\/\/kunmedierne.dk\/thy\/#\/schema\/logo\/image\/","url":"https:\/\/kunmedierne.dk\/thy\/wp-content\/uploads\/sites\/2\/2025\/04\/kunthy-logo.svg","contentUrl":"https:\/\/kunmedierne.dk\/thy\/wp-content\/uploads\/sites\/2\/2025\/04\/kunthy-logo.svg","caption":"Thy"},"image":{"@id":"https:\/\/kunmedierne.dk\/thy\/#\/schema\/logo\/image\/"}},{"@type":"Person","@id":"https:\/\/kunmedierne.dk\/thy\/#\/schema\/person\/88f5be46809ca2a5533760eb574fef93","name":"Jens Fogh Andersen","image":{"@type":"ImageObject","inLanguage":"da-DK","@id":"https:\/\/kunmedierne.dk\/thy\/#\/schema\/person\/image\/","url":"https:\/\/secure.gravatar.com\/avatar\/2b367a4ef139b1c41dccc9ee7af926b81f8b4cca3359772e86c7fd5ced26c0a3?s=96&d=mm&r=g","contentUrl":"https:\/\/secure.gravatar.com\/avatar\/2b367a4ef139b1c41dccc9ee7af926b81f8b4cca3359772e86c7fd5ced26c0a3?s=96&d=mm&r=g","caption":"Jens Fogh Andersen"},"url":"https:\/\/kunmedierne.dk\/thy\/author\/jfa\/"}]}},"_links":{"self":[{"href":"https:\/\/kunmedierne.dk\/thy\/wp-json\/wp\/v2\/posts\/8712","targetHints":{"allow":["GET"]}}],"collection":[{"href":"https:\/\/kunmedierne.dk\/thy\/wp-json\/wp\/v2\/posts"}],"about":[{"href":"https:\/\/kunmedierne.dk\/thy\/wp-json\/wp\/v2\/types\/post"}],"author":[{"embeddable":true,"href":"https:\/\/kunmedierne.dk\/thy\/wp-json\/wp\/v2\/users\/4535"}],"replies":[{"embeddable":true,"href":"https:\/\/kunmedierne.dk\/thy\/wp-json\/wp\/v2\/comments?post=8712"}],"version-history":[{"count":15,"href":"https:\/\/kunmedierne.dk\/thy\/wp-json\/wp\/v2\/posts\/8712\/revisions"}],"predecessor-version":[{"id":8744,"href":"https:\/\/kunmedierne.dk\/thy\/wp-json\/wp\/v2\/posts\/8712\/revisions\/8744"}],"wp:attachment":[{"href":"https:\/\/kunmedierne.dk\/thy\/wp-json\/wp\/v2\/media?parent=8712"}],"wp:term":[{"taxonomy":"category","embeddable":true,"href":"https:\/\/kunmedierne.dk\/thy\/wp-json\/wp\/v2\/categories?post=8712"},{"taxonomy":"post_tag","embeddable":true,"href":"https:\/\/kunmedierne.dk\/thy\/wp-json\/wp\/v2\/tags?post=8712"}],"curies":[{"name":"wp","href":"https:\/\/api.w.org\/{rel}","templated":true}]}}