{"id":8271,"date":"2025-08-19T06:42:52","date_gmt":"2025-08-19T04:42:52","guid":{"rendered":"https:\/\/kunmedierne.dk\/thy\/?p=8271"},"modified":"2025-08-19T06:42:52","modified_gmt":"2025-08-19T04:42:52","slug":"aabent-spoergsmaal-til-nuvaerende-og-kommende-politikere-hvad-med-de-unges-mentale-trivsel","status":"publish","type":"post","link":"https:\/\/kunmedierne.dk\/thy\/aabent-spoergsmaal-til-nuvaerende-og-kommende-politikere-hvad-med-de-unges-mentale-trivsel\/","title":{"rendered":"\u00c5bent sp\u00f8rgsm\u00e5l til nuv\u00e6rende og kommende politikere: Hvad med de unges mentale trivsel"},"content":{"rendered":"<p><strong>THISTED:<\/strong> Mens Mors\u00f8 Kommune gennem flere \u00e5r har tilbud gratis psykologhj\u00e6lp til unge, \u00e5bner der sig m\u00e5ske en mulighed for et samarbejde med Thisted Kommune om at f\u00f8je endnu et headspace-center til de 36 centre, som allerede er etableret rundt om i landets kommuner og drives med 150 ansatte og 600 frivillige.<\/p>\n<a class=\"dvrt-link\" onClick=\"cdmtrack_click(683,jQuery(this));return false\" href=\"https:\/\/vester-begr.dk\/?utm_source=google&amp;utm_medium=advative&amp;gad_source=1&amp;gclid=Cj0KCQjwtJ6_BhDWARIsAGanmKfl-hGVVjCYiOgSKoGoxrow4kvXybZsnruKJYTslvqZDywT6a9PCQwaAmBjEALw_wcB\"><img decoding=\"async\" style=\"width:100%;\" src=\"https:\/\/kunmedierne.dk\/thy\/wp-content\/uploads\/sites\/2\/2025\/03\/260203VesterHoukaer-02022026.jpg\"><\/a><script>cdmtrack_view(683);<\/script>\n<p>Meldingen kom fra Pia Storm, socialdemokratisk medlem af Mors\u00f8 Kommunalbestyrelse, da Thisted Rotary Klub mandag havde samlet et panel af kommunalpolitikere til at dr\u00f8fte muligheden af at etablere et headspace-center som et tilbud til b\u00f8rn og unge med ondt i livet.<\/p>\n<p>Ikke som endnu et behandlingstilbud, men som et tilbud fra civilsamfundet om noget s\u00e5 enkelt som at give de unge nogen at tale med om de problemer, der udfordrer dem i dagligdagen &#8211; og g\u00f8re det s\u00e5 tilpas tidligt, at de undg\u00e5r at blive en del af et etableret behandlingstilbud.<\/p>\n<p>En samarbejdsmodel kunne ogs\u00e5 inddrage Jammerbugt Kommune og omfatte et hovedcenter og to mindre centre. Men det hele afh\u00e6nger af den politiske stillingtagen til muligheden af af bruge kommunale kroner p\u00e5 et headspace-center.<\/p>\n<p>&#8211; Headspace er ikke et supplement til andre etablerede behandlingstilbud. Det er et andet tilbud, l\u00f8d det fra S\u00f8ren Mejrup Jensen, politisk chef i Det sociale netv\u00e6rk\/headspace Danmark.<\/p>\n<p><strong>R\u00e5dgivning til 150 unge p\u00e5 \u00e5rsbasis<\/strong><\/p>\n<p>Han gjorde rede for, hvad headspace tilbyder &#8211; og hvordan tilbuddet udm\u00f8ntes som et \u00e5bent tilbud til unge med behov for en at tale med og &#8220;samle dem op inden de er blevet s\u00e5 d\u00e5rlige, at de passer ind i et offentligt behandlingstilbud&#8221;, som det blev formuleret.<\/p>\n<a class=\"dvrt-link\" onClick=\"cdmtrack_click(18790,jQuery(this));return false\" href=\"https:\/\/thymors.dk\/sponsorater\/15-til-faellesskabet?utm_source=kunthy&amp;utm_medium=annonce&amp;utm_campaign=sponsorater\"><img decoding=\"async\" style=\"width:100%;\" src=\"https:\/\/kunmedierne.dk\/thy\/wp-content\/uploads\/sites\/2\/2026\/03\/260407ThyMors-energi_faellesskab_generel-1.jpg\"><\/a><script>cdmtrack_view(18790);<\/script>\n<p>Sk\u00f8nnet er, at et headspace-center i Thisted Kommue p\u00e5 \u00e5rsbasis kan give individuel r\u00e5dgivning til 150 b\u00f8rn og unge og inddrage andre 1500 i workshops og lignende rundt om i kommunen.<\/p>\n<p>&#8211; Headspace kan l\u00f8se nogle problemer, som ikke beh\u00f8ver at g\u00f8res mere komplicerede end de er. Psykologer skal ikke klare alle ting, l\u00f8d det fra S\u00f8ren Mejrup Jensen som understregede, at headspace ikke skal taget noget fra nogen, fordi der er plads til tilbuddet i forhold til \u00f8vrige tilbud.<\/p>\n<p>Annika Fr\u00f8kj\u00e6r Kanstrup, kandidat for Venstre, tog tr\u00e5den op.<\/p>\n<p>&#8211; Vi skal ikke sygeligg\u00f8re vores b\u00f8rn og unge, hvis et problem kan l\u00f8ses med en god og dyb samtale, sagde hun, mens Nikolaj M\u00f8ller, kandidat for Liberal Alliance, s\u00e5 en risiko i, at en kommune kunne fristes til at bruge headspace frem for dyrere tilbud. Han s\u00e5 imidlertid ogs\u00e5 fordele i et tilbud baseret p\u00e5 frivillighed, specielt hvis headspace kan hj\u00e6lpe unge, inden de f\u00e5r brug for dyrere tilbud.<\/p>\n<div id=\"attachment_8288\" style=\"width: 1242px\" class=\"wp-caption alignnone\"><img loading=\"lazy\" decoding=\"async\" aria-describedby=\"caption-attachment-8288\" class=\"wp-image-8288 size-full\" src=\"https:\/\/kunmedierne.dk\/thy\/wp-content\/uploads\/sites\/2\/2025\/08\/Design-uden-navn-2025-08-19T000404.078.jpg\" alt=\"\" width=\"1232\" height=\"821\" srcset=\"https:\/\/kunmedierne.dk\/thy\/wp-content\/uploads\/sites\/2\/2025\/08\/Design-uden-navn-2025-08-19T000404.078.jpg 1232w, https:\/\/kunmedierne.dk\/thy\/wp-content\/uploads\/sites\/2\/2025\/08\/Design-uden-navn-2025-08-19T000404.078-300x200.jpg 300w, https:\/\/kunmedierne.dk\/thy\/wp-content\/uploads\/sites\/2\/2025\/08\/Design-uden-navn-2025-08-19T000404.078-1024x682.jpg 1024w, https:\/\/kunmedierne.dk\/thy\/wp-content\/uploads\/sites\/2\/2025\/08\/Design-uden-navn-2025-08-19T000404.078-510x340.jpg 510w\" sizes=\"auto, (max-width: 1232px) 100vw, 1232px\" \/><p id=\"caption-attachment-8288\" class=\"wp-caption-text\">Thisted Rotary Klub havde samlet et panel med 10 nuv\u00e6rende og m\u00e5ske kommende kommunalpolitikere til at tale headspace som en mulighed for at hj\u00e6lpe b\u00f8rn og unge med ondt i livet. Foto: Jens Fogh-Andersen<\/p><\/div>\n<p>Efter et par timers debat i Teatersalen i Thisted l\u00f8d det fra en m\u00f8dedeltager: Vi mangler et tilbud som det her. Der burde klappes i h\u00e6nderne, for det er dumt at sige &#8220;nej&#8221;, n\u00e5r vi ved, hvor langt der er til andre tilbud&#8221;.<\/p>\n<p><strong>Perspektiver i samarbejde<\/strong><\/p>\n<p>Bem\u00e6rkningen fik de 10 politikere i panelet, b\u00e5de nuv\u00e6rende medlemmer af kommunalbestyrelsen og kandidater, til at tilkendegive, hvad de personligt mente om at f\u00e5 et lokalt headspace-center. Og ikke kun var Pia Storm s\u00e5 positivt p\u00e5 den mulighed.<\/p>\n<p>&#8211; Men jeg tror, at udfordringen bliver at finde frivillige, sagde hun.<\/p>\n<p>Hendes partif\u00e6lle, Jan Fink Mejlgaard, medlem af Thisted Kommunalbestyrelse, s\u00e5 ogs\u00e5 perspektiver i et headspace-samarbejde med Mors\u00f8 Kommune.<\/p>\n<p>&#8211; S\u00e5 er der noget at komme i gang med, sagde han.<\/p>\n<a class=\"dvrt-link\" onClick=\"cdmtrack_click(1130,jQuery(this));return false\" href=\"https:\/\/www.thistedforsikring.dk\/?utm_source=partnerskaber&amp;utm_campaign=kun_thy\"><img decoding=\"async\" style=\"width:100%;\" src=\"https:\/\/kunmedierne.dk\/thy\/wp-content\/uploads\/sites\/2\/2025\/04\/260409KunThyThisted-For-1.png\"><\/a><script>cdmtrack_view(1130);<\/script>\n<p>Michael Riber J\u00f8rgensen, Enhedslisten, mente, at der b\u00f8r siges &#8220;ja til en fremstrakt h\u00e5nd&#8221;, Thorkild Olesen, SF, kaldte ideen &#8220;fremragende&#8221; og tilf\u00f8jede, at han tidligere havde talt for et uvisiteret r\u00e5dgivningstilbud for unge.<\/p>\n<p><strong>Udfordring i at finde flertal<\/strong><\/p>\n<p>Ib Poulsen, DF, s\u00e5 en udfordring i at finde politisk flertal for at bruge de penge, kommunen skal skyde i et headspace-center &#8211; 750.000 kroner i driftstilskud, fremgik det. S\u00f8ren Mejrup Jensen havde tidligere forholdt sig til den problematik med en bem\u00e6rkning om, at det &#8220;ikke er sundt for headspace at komme ind i en kommune med et sn\u00e6vert politisk flertal&#8221;.<\/p>\n<p>Pia Elk\u00e6r, konservativ kandidat, s\u00e5 headspace som et tilbud for en bredere gruppe unge og anbefalede at se p\u00e5 mulighederne for samspil med andre tilbud.<\/p>\n<p>&#8211; S\u00e5 kan vi spille hinanden ekstra gode. Det er gode tanker, men det kr\u00e6ver benarbejde, sagde hun.<\/p>\n<p>Brian Nielsen, Nye Borgerlige, understregede, at der skal v\u00e6re et bredt politisk flertal for et samarbejde med headspace og fremh\u00e6vede, at hvis der siges ja til at bruge penge p\u00e5 headspace, m\u00e5 det ikke v\u00e6re penge, der fjernes fra andre tilbud.<\/p>\n<p>Dorit Maibom, kandidat for Danmarksdemokraterne, s\u00e5 det som en fordel, at headspace var en kortere vej fra, at der er konstateret et behov til den unge har en at tale med &#8211; uden f\u00f8rst at skulle gennem et &#8220;tungt system&#8221;.<\/p>\n<p>&nbsp;<\/p>\n<blockquote>\n<h4>Det sociale netv\u00e6rk\/headspace Danmark<\/h4>\n<h5>headspace er et samtaletilbud, der tager udgangspunkt i den unge og det, den unge har brug for at tale om.<\/h5>\n<h5>headspace er ikke psykologer, men tror p\u00e5, at den unge selv bedst ved, hvad der er brug for. headspace hj\u00e6lper med at stille de rette sp\u00f8rgsm\u00e5l.<\/h5>\n<h5>De fleste r\u00e5dgivere er frivillige i alle aldre, der br\u00e6nder for at hj\u00e6lpe og lytter fordomsfrit.<\/h5>\n<h5>Alle r\u00e5dgivere f\u00e5r undervisning i samtaleteknik og lovgivning. headspace st\u00f8tter brobygning til andre tilbud, hvis n\u00f8dvendigt.<\/h5>\n<h5>headspace er akkrediteret af R\u00e5dgivnings-Danmark, og f\u00f8lger samtaleforl\u00f8b t\u00e6t for at sikre, at det virker.<\/h5>\n<h5>R\u00e5dgivningen er sundhedsfremmende og forebyggende. headspace er her for at lytte.<\/h5>\n<h5>headspace kom til Danmark efter australsk forbillede i 2013 og de f\u00f8rste seks headspace-centre \u00e5bnede samme \u00e5r i Danmark i 2013.<\/h5>\n<h5>headspace-centrene er ledet af en lokal centerchef, der ofte leder 2-3 centre. Hvert center drives af et lille hold af l\u00f8nnede unger\u00e5dgivere, der f\u00e5r hj\u00e6lp af en masse frivillige, der alle har gennemg\u00e5et en intern uddannelse i headspace.<\/h5>\n<div data-olk-copy-source=\"MessageBody\">\n<h5>Kommunerne, der medfinansierer headspace, har en \u201cudstationeret\u201d medarbejder i headspace, ligesom de fleste regioner har en medarbejder fra psykiatrien tilknyttet centrene.<\/h5>\n<h5>Konstruktionen sikrer, at der altid er en person fra enten kommune eller region, der kan brobygge til andre tilbud, hvis det skulle blive n\u00f8dvendigt.<\/h5>\n<h5><\/h5>\n<h5>Kilde: www.headspace.dk<\/h5>\n<\/div>\n<p>&nbsp;<\/p><\/blockquote>\n","protected":false},"excerpt":{"rendered":"<p>THISTED: Mens Mors\u00f8 Kommune gennem flere \u00e5r har tilbud gratis psykologhj\u00e6lp til unge, \u00e5bner der sig m\u00e5ske en mulighed for et samarbejde med Thisted Kommune om at f\u00f8je endnu et headspace-center til de 36 centre, som allerede er etableret rundt om i landets kommuner og drives med 150 ansatte og 600 frivillige. Meldingen kom fra [&hellip;]<\/p>\n","protected":false},"author":4535,"featured_media":0,"comment_status":"closed","ping_status":"closed","sticky":false,"template":"","format":"standard","meta":{"_acf_changed":false,"footnotes":""},"categories":[24],"tags":[38,47],"class_list":["post-8271","post","type-post","status-publish","format-standard","hentry","category-lokalt","tag-mennesker","tag-sundhed"],"acf":[],"yoast_head":"<!-- This site is optimized with the Yoast SEO plugin v26.8 - https:\/\/yoast.com\/product\/yoast-seo-wordpress\/ -->\n<title>\u00c5bent sp\u00f8rgsm\u00e5l til nuv\u00e6rende og kommende politikere: Hvad med de unges mentale trivsel - Thy<\/title>\n<meta name=\"robots\" content=\"index, follow, max-snippet:-1, max-image-preview:large, max-video-preview:-1\" \/>\n<link rel=\"canonical\" href=\"https:\/\/kunmedierne.dk\/thy\/aabent-spoergsmaal-til-nuvaerende-og-kommende-politikere-hvad-med-de-unges-mentale-trivsel\/\" \/>\n<meta property=\"og:locale\" content=\"da_DK\" \/>\n<meta property=\"og:type\" content=\"article\" \/>\n<meta property=\"og:title\" content=\"\u00c5bent sp\u00f8rgsm\u00e5l til nuv\u00e6rende og kommende politikere: Hvad med de unges mentale trivsel - Thy\" \/>\n<meta property=\"og:description\" content=\"THISTED: Mens Mors\u00f8 Kommune gennem flere \u00e5r har tilbud gratis psykologhj\u00e6lp til unge, \u00e5bner der sig m\u00e5ske en mulighed for et samarbejde med Thisted Kommune om at f\u00f8je endnu et headspace-center til de 36 centre, som allerede er etableret rundt om i landets kommuner og drives med 150 ansatte og 600 frivillige. Meldingen kom fra [&hellip;]\" \/>\n<meta property=\"og:url\" content=\"https:\/\/kunmedierne.dk\/thy\/aabent-spoergsmaal-til-nuvaerende-og-kommende-politikere-hvad-med-de-unges-mentale-trivsel\/\" \/>\n<meta property=\"og:site_name\" content=\"Thy\" \/>\n<meta property=\"article:published_time\" content=\"2025-08-19T04:42:52+00:00\" \/>\n<meta property=\"og:image\" content=\"https:\/\/kunmedierne.dk\/thy\/wp-content\/uploads\/sites\/2\/2025\/08\/Design-uden-navn-2025-08-19T000404.078.jpg\" \/>\n<meta name=\"author\" content=\"Jens Fogh Andersen\" \/>\n<meta name=\"twitter:card\" content=\"summary_large_image\" \/>\n<meta name=\"twitter:label1\" content=\"Skrevet af\" \/>\n\t<meta name=\"twitter:data1\" content=\"Jens Fogh Andersen\" \/>\n\t<meta name=\"twitter:label2\" content=\"Estimeret l\u00e6setid\" \/>\n\t<meta name=\"twitter:data2\" content=\"5 minutter\" \/>\n<script type=\"application\/ld+json\" class=\"yoast-schema-graph\">{\"@context\":\"https:\/\/schema.org\",\"@graph\":[{\"@type\":\"Article\",\"@id\":\"https:\/\/kunmedierne.dk\/thy\/aabent-spoergsmaal-til-nuvaerende-og-kommende-politikere-hvad-med-de-unges-mentale-trivsel\/#article\",\"isPartOf\":{\"@id\":\"https:\/\/kunmedierne.dk\/thy\/aabent-spoergsmaal-til-nuvaerende-og-kommende-politikere-hvad-med-de-unges-mentale-trivsel\/\"},\"author\":{\"name\":\"Jens Fogh Andersen\",\"@id\":\"https:\/\/kunmedierne.dk\/thy\/#\/schema\/person\/88f5be46809ca2a5533760eb574fef93\"},\"headline\":\"\u00c5bent sp\u00f8rgsm\u00e5l til nuv\u00e6rende og kommende politikere: Hvad med de unges mentale trivsel\",\"datePublished\":\"2025-08-19T04:42:52+00:00\",\"mainEntityOfPage\":{\"@id\":\"https:\/\/kunmedierne.dk\/thy\/aabent-spoergsmaal-til-nuvaerende-og-kommende-politikere-hvad-med-de-unges-mentale-trivsel\/\"},\"wordCount\":1117,\"publisher\":{\"@id\":\"https:\/\/kunmedierne.dk\/thy\/#organization\"},\"image\":{\"@id\":\"https:\/\/kunmedierne.dk\/thy\/aabent-spoergsmaal-til-nuvaerende-og-kommende-politikere-hvad-med-de-unges-mentale-trivsel\/#primaryimage\"},\"thumbnailUrl\":\"https:\/\/kunmedierne.dk\/thy\/wp-content\/uploads\/sites\/2\/2025\/08\/Design-uden-navn-2025-08-19T000404.078.jpg\",\"keywords\":[\"Mennesker\",\"Sundhed\"],\"articleSection\":[\"Lokalt\"],\"inLanguage\":\"da-DK\"},{\"@type\":\"WebPage\",\"@id\":\"https:\/\/kunmedierne.dk\/thy\/aabent-spoergsmaal-til-nuvaerende-og-kommende-politikere-hvad-med-de-unges-mentale-trivsel\/\",\"url\":\"https:\/\/kunmedierne.dk\/thy\/aabent-spoergsmaal-til-nuvaerende-og-kommende-politikere-hvad-med-de-unges-mentale-trivsel\/\",\"name\":\"\u00c5bent sp\u00f8rgsm\u00e5l til nuv\u00e6rende og kommende politikere: Hvad med de unges mentale trivsel - Thy\",\"isPartOf\":{\"@id\":\"https:\/\/kunmedierne.dk\/thy\/#website\"},\"primaryImageOfPage\":{\"@id\":\"https:\/\/kunmedierne.dk\/thy\/aabent-spoergsmaal-til-nuvaerende-og-kommende-politikere-hvad-med-de-unges-mentale-trivsel\/#primaryimage\"},\"image\":{\"@id\":\"https:\/\/kunmedierne.dk\/thy\/aabent-spoergsmaal-til-nuvaerende-og-kommende-politikere-hvad-med-de-unges-mentale-trivsel\/#primaryimage\"},\"thumbnailUrl\":\"https:\/\/kunmedierne.dk\/thy\/wp-content\/uploads\/sites\/2\/2025\/08\/Design-uden-navn-2025-08-19T000404.078.jpg\",\"datePublished\":\"2025-08-19T04:42:52+00:00\",\"breadcrumb\":{\"@id\":\"https:\/\/kunmedierne.dk\/thy\/aabent-spoergsmaal-til-nuvaerende-og-kommende-politikere-hvad-med-de-unges-mentale-trivsel\/#breadcrumb\"},\"inLanguage\":\"da-DK\",\"potentialAction\":[{\"@type\":\"ReadAction\",\"target\":[\"https:\/\/kunmedierne.dk\/thy\/aabent-spoergsmaal-til-nuvaerende-og-kommende-politikere-hvad-med-de-unges-mentale-trivsel\/\"]}]},{\"@type\":\"ImageObject\",\"inLanguage\":\"da-DK\",\"@id\":\"https:\/\/kunmedierne.dk\/thy\/aabent-spoergsmaal-til-nuvaerende-og-kommende-politikere-hvad-med-de-unges-mentale-trivsel\/#primaryimage\",\"url\":\"https:\/\/kunmedierne.dk\/thy\/wp-content\/uploads\/sites\/2\/2025\/08\/Design-uden-navn-2025-08-19T000404.078.jpg\",\"contentUrl\":\"https:\/\/kunmedierne.dk\/thy\/wp-content\/uploads\/sites\/2\/2025\/08\/Design-uden-navn-2025-08-19T000404.078.jpg\",\"width\":1232,\"height\":821},{\"@type\":\"BreadcrumbList\",\"@id\":\"https:\/\/kunmedierne.dk\/thy\/aabent-spoergsmaal-til-nuvaerende-og-kommende-politikere-hvad-med-de-unges-mentale-trivsel\/#breadcrumb\",\"itemListElement\":[{\"@type\":\"ListItem\",\"position\":1,\"name\":\"Home\",\"item\":\"https:\/\/kunmedierne.dk\/thy\/\"},{\"@type\":\"ListItem\",\"position\":2,\"name\":\"\u00c5bent sp\u00f8rgsm\u00e5l til nuv\u00e6rende og kommende politikere: Hvad med de unges mentale trivsel\"}]},{\"@type\":\"WebSite\",\"@id\":\"https:\/\/kunmedierne.dk\/thy\/#website\",\"url\":\"https:\/\/kunmedierne.dk\/thy\/\",\"name\":\"Thy\",\"description\":\"et netmedie med journalistik om livet i Thy\",\"publisher\":{\"@id\":\"https:\/\/kunmedierne.dk\/thy\/#organization\"},\"potentialAction\":[{\"@type\":\"SearchAction\",\"target\":{\"@type\":\"EntryPoint\",\"urlTemplate\":\"https:\/\/kunmedierne.dk\/thy\/?s={search_term_string}\"},\"query-input\":{\"@type\":\"PropertyValueSpecification\",\"valueRequired\":true,\"valueName\":\"search_term_string\"}}],\"inLanguage\":\"da-DK\"},{\"@type\":\"Organization\",\"@id\":\"https:\/\/kunmedierne.dk\/thy\/#organization\",\"name\":\"Thy\",\"url\":\"https:\/\/kunmedierne.dk\/thy\/\",\"logo\":{\"@type\":\"ImageObject\",\"inLanguage\":\"da-DK\",\"@id\":\"https:\/\/kunmedierne.dk\/thy\/#\/schema\/logo\/image\/\",\"url\":\"https:\/\/kunmedierne.dk\/thy\/wp-content\/uploads\/sites\/2\/2025\/04\/kunthy-logo.svg\",\"contentUrl\":\"https:\/\/kunmedierne.dk\/thy\/wp-content\/uploads\/sites\/2\/2025\/04\/kunthy-logo.svg\",\"caption\":\"Thy\"},\"image\":{\"@id\":\"https:\/\/kunmedierne.dk\/thy\/#\/schema\/logo\/image\/\"}},{\"@type\":\"Person\",\"@id\":\"https:\/\/kunmedierne.dk\/thy\/#\/schema\/person\/88f5be46809ca2a5533760eb574fef93\",\"name\":\"Jens Fogh Andersen\",\"image\":{\"@type\":\"ImageObject\",\"inLanguage\":\"da-DK\",\"@id\":\"https:\/\/kunmedierne.dk\/thy\/#\/schema\/person\/image\/\",\"url\":\"https:\/\/secure.gravatar.com\/avatar\/2b367a4ef139b1c41dccc9ee7af926b81f8b4cca3359772e86c7fd5ced26c0a3?s=96&d=mm&r=g\",\"contentUrl\":\"https:\/\/secure.gravatar.com\/avatar\/2b367a4ef139b1c41dccc9ee7af926b81f8b4cca3359772e86c7fd5ced26c0a3?s=96&d=mm&r=g\",\"caption\":\"Jens Fogh Andersen\"},\"url\":\"https:\/\/kunmedierne.dk\/thy\/author\/jfa\/\"}]}<\/script>\n<!-- \/ Yoast SEO plugin. -->","yoast_head_json":{"title":"\u00c5bent sp\u00f8rgsm\u00e5l til nuv\u00e6rende og kommende politikere: Hvad med de unges mentale trivsel - Thy","robots":{"index":"index","follow":"follow","max-snippet":"max-snippet:-1","max-image-preview":"max-image-preview:large","max-video-preview":"max-video-preview:-1"},"canonical":"https:\/\/kunmedierne.dk\/thy\/aabent-spoergsmaal-til-nuvaerende-og-kommende-politikere-hvad-med-de-unges-mentale-trivsel\/","og_locale":"da_DK","og_type":"article","og_title":"\u00c5bent sp\u00f8rgsm\u00e5l til nuv\u00e6rende og kommende politikere: Hvad med de unges mentale trivsel - Thy","og_description":"THISTED: Mens Mors\u00f8 Kommune gennem flere \u00e5r har tilbud gratis psykologhj\u00e6lp til unge, \u00e5bner der sig m\u00e5ske en mulighed for et samarbejde med Thisted Kommune om at f\u00f8je endnu et headspace-center til de 36 centre, som allerede er etableret rundt om i landets kommuner og drives med 150 ansatte og 600 frivillige. Meldingen kom fra [&hellip;]","og_url":"https:\/\/kunmedierne.dk\/thy\/aabent-spoergsmaal-til-nuvaerende-og-kommende-politikere-hvad-med-de-unges-mentale-trivsel\/","og_site_name":"Thy","article_published_time":"2025-08-19T04:42:52+00:00","og_image":[{"url":"https:\/\/kunmedierne.dk\/thy\/wp-content\/uploads\/sites\/2\/2025\/08\/Design-uden-navn-2025-08-19T000404.078.jpg","type":"","width":"","height":""}],"author":"Jens Fogh Andersen","twitter_card":"summary_large_image","twitter_misc":{"Skrevet af":"Jens Fogh Andersen","Estimeret l\u00e6setid":"5 minutter"},"schema":{"@context":"https:\/\/schema.org","@graph":[{"@type":"Article","@id":"https:\/\/kunmedierne.dk\/thy\/aabent-spoergsmaal-til-nuvaerende-og-kommende-politikere-hvad-med-de-unges-mentale-trivsel\/#article","isPartOf":{"@id":"https:\/\/kunmedierne.dk\/thy\/aabent-spoergsmaal-til-nuvaerende-og-kommende-politikere-hvad-med-de-unges-mentale-trivsel\/"},"author":{"name":"Jens Fogh Andersen","@id":"https:\/\/kunmedierne.dk\/thy\/#\/schema\/person\/88f5be46809ca2a5533760eb574fef93"},"headline":"\u00c5bent sp\u00f8rgsm\u00e5l til nuv\u00e6rende og kommende politikere: Hvad med de unges mentale trivsel","datePublished":"2025-08-19T04:42:52+00:00","mainEntityOfPage":{"@id":"https:\/\/kunmedierne.dk\/thy\/aabent-spoergsmaal-til-nuvaerende-og-kommende-politikere-hvad-med-de-unges-mentale-trivsel\/"},"wordCount":1117,"publisher":{"@id":"https:\/\/kunmedierne.dk\/thy\/#organization"},"image":{"@id":"https:\/\/kunmedierne.dk\/thy\/aabent-spoergsmaal-til-nuvaerende-og-kommende-politikere-hvad-med-de-unges-mentale-trivsel\/#primaryimage"},"thumbnailUrl":"https:\/\/kunmedierne.dk\/thy\/wp-content\/uploads\/sites\/2\/2025\/08\/Design-uden-navn-2025-08-19T000404.078.jpg","keywords":["Mennesker","Sundhed"],"articleSection":["Lokalt"],"inLanguage":"da-DK"},{"@type":"WebPage","@id":"https:\/\/kunmedierne.dk\/thy\/aabent-spoergsmaal-til-nuvaerende-og-kommende-politikere-hvad-med-de-unges-mentale-trivsel\/","url":"https:\/\/kunmedierne.dk\/thy\/aabent-spoergsmaal-til-nuvaerende-og-kommende-politikere-hvad-med-de-unges-mentale-trivsel\/","name":"\u00c5bent sp\u00f8rgsm\u00e5l til nuv\u00e6rende og kommende politikere: Hvad med de unges mentale trivsel - Thy","isPartOf":{"@id":"https:\/\/kunmedierne.dk\/thy\/#website"},"primaryImageOfPage":{"@id":"https:\/\/kunmedierne.dk\/thy\/aabent-spoergsmaal-til-nuvaerende-og-kommende-politikere-hvad-med-de-unges-mentale-trivsel\/#primaryimage"},"image":{"@id":"https:\/\/kunmedierne.dk\/thy\/aabent-spoergsmaal-til-nuvaerende-og-kommende-politikere-hvad-med-de-unges-mentale-trivsel\/#primaryimage"},"thumbnailUrl":"https:\/\/kunmedierne.dk\/thy\/wp-content\/uploads\/sites\/2\/2025\/08\/Design-uden-navn-2025-08-19T000404.078.jpg","datePublished":"2025-08-19T04:42:52+00:00","breadcrumb":{"@id":"https:\/\/kunmedierne.dk\/thy\/aabent-spoergsmaal-til-nuvaerende-og-kommende-politikere-hvad-med-de-unges-mentale-trivsel\/#breadcrumb"},"inLanguage":"da-DK","potentialAction":[{"@type":"ReadAction","target":["https:\/\/kunmedierne.dk\/thy\/aabent-spoergsmaal-til-nuvaerende-og-kommende-politikere-hvad-med-de-unges-mentale-trivsel\/"]}]},{"@type":"ImageObject","inLanguage":"da-DK","@id":"https:\/\/kunmedierne.dk\/thy\/aabent-spoergsmaal-til-nuvaerende-og-kommende-politikere-hvad-med-de-unges-mentale-trivsel\/#primaryimage","url":"https:\/\/kunmedierne.dk\/thy\/wp-content\/uploads\/sites\/2\/2025\/08\/Design-uden-navn-2025-08-19T000404.078.jpg","contentUrl":"https:\/\/kunmedierne.dk\/thy\/wp-content\/uploads\/sites\/2\/2025\/08\/Design-uden-navn-2025-08-19T000404.078.jpg","width":1232,"height":821},{"@type":"BreadcrumbList","@id":"https:\/\/kunmedierne.dk\/thy\/aabent-spoergsmaal-til-nuvaerende-og-kommende-politikere-hvad-med-de-unges-mentale-trivsel\/#breadcrumb","itemListElement":[{"@type":"ListItem","position":1,"name":"Home","item":"https:\/\/kunmedierne.dk\/thy\/"},{"@type":"ListItem","position":2,"name":"\u00c5bent sp\u00f8rgsm\u00e5l til nuv\u00e6rende og kommende politikere: Hvad med de unges mentale trivsel"}]},{"@type":"WebSite","@id":"https:\/\/kunmedierne.dk\/thy\/#website","url":"https:\/\/kunmedierne.dk\/thy\/","name":"Thy","description":"et netmedie med journalistik om livet i Thy","publisher":{"@id":"https:\/\/kunmedierne.dk\/thy\/#organization"},"potentialAction":[{"@type":"SearchAction","target":{"@type":"EntryPoint","urlTemplate":"https:\/\/kunmedierne.dk\/thy\/?s={search_term_string}"},"query-input":{"@type":"PropertyValueSpecification","valueRequired":true,"valueName":"search_term_string"}}],"inLanguage":"da-DK"},{"@type":"Organization","@id":"https:\/\/kunmedierne.dk\/thy\/#organization","name":"Thy","url":"https:\/\/kunmedierne.dk\/thy\/","logo":{"@type":"ImageObject","inLanguage":"da-DK","@id":"https:\/\/kunmedierne.dk\/thy\/#\/schema\/logo\/image\/","url":"https:\/\/kunmedierne.dk\/thy\/wp-content\/uploads\/sites\/2\/2025\/04\/kunthy-logo.svg","contentUrl":"https:\/\/kunmedierne.dk\/thy\/wp-content\/uploads\/sites\/2\/2025\/04\/kunthy-logo.svg","caption":"Thy"},"image":{"@id":"https:\/\/kunmedierne.dk\/thy\/#\/schema\/logo\/image\/"}},{"@type":"Person","@id":"https:\/\/kunmedierne.dk\/thy\/#\/schema\/person\/88f5be46809ca2a5533760eb574fef93","name":"Jens Fogh Andersen","image":{"@type":"ImageObject","inLanguage":"da-DK","@id":"https:\/\/kunmedierne.dk\/thy\/#\/schema\/person\/image\/","url":"https:\/\/secure.gravatar.com\/avatar\/2b367a4ef139b1c41dccc9ee7af926b81f8b4cca3359772e86c7fd5ced26c0a3?s=96&d=mm&r=g","contentUrl":"https:\/\/secure.gravatar.com\/avatar\/2b367a4ef139b1c41dccc9ee7af926b81f8b4cca3359772e86c7fd5ced26c0a3?s=96&d=mm&r=g","caption":"Jens Fogh Andersen"},"url":"https:\/\/kunmedierne.dk\/thy\/author\/jfa\/"}]}},"_links":{"self":[{"href":"https:\/\/kunmedierne.dk\/thy\/wp-json\/wp\/v2\/posts\/8271","targetHints":{"allow":["GET"]}}],"collection":[{"href":"https:\/\/kunmedierne.dk\/thy\/wp-json\/wp\/v2\/posts"}],"about":[{"href":"https:\/\/kunmedierne.dk\/thy\/wp-json\/wp\/v2\/types\/post"}],"author":[{"embeddable":true,"href":"https:\/\/kunmedierne.dk\/thy\/wp-json\/wp\/v2\/users\/4535"}],"replies":[{"embeddable":true,"href":"https:\/\/kunmedierne.dk\/thy\/wp-json\/wp\/v2\/comments?post=8271"}],"version-history":[{"count":19,"href":"https:\/\/kunmedierne.dk\/thy\/wp-json\/wp\/v2\/posts\/8271\/revisions"}],"predecessor-version":[{"id":8297,"href":"https:\/\/kunmedierne.dk\/thy\/wp-json\/wp\/v2\/posts\/8271\/revisions\/8297"}],"wp:attachment":[{"href":"https:\/\/kunmedierne.dk\/thy\/wp-json\/wp\/v2\/media?parent=8271"}],"wp:term":[{"taxonomy":"category","embeddable":true,"href":"https:\/\/kunmedierne.dk\/thy\/wp-json\/wp\/v2\/categories?post=8271"},{"taxonomy":"post_tag","embeddable":true,"href":"https:\/\/kunmedierne.dk\/thy\/wp-json\/wp\/v2\/tags?post=8271"}],"curies":[{"name":"wp","href":"https:\/\/api.w.org\/{rel}","templated":true}]}}