{"id":8237,"date":"2025-08-18T17:46:56","date_gmt":"2025-08-18T15:46:56","guid":{"rendered":"https:\/\/kunmedierne.dk\/thy\/?p=8237"},"modified":"2025-08-18T16:14:46","modified_gmt":"2025-08-18T14:14:46","slug":"laeseinspiration-reimer-bo-christensens-droemmefabrikken-fortaeller-om-den-danske-revolution","status":"publish","type":"post","link":"https:\/\/kunmedierne.dk\/thy\/laeseinspiration-reimer-bo-christensens-droemmefabrikken-fortaeller-om-den-danske-revolution\/","title":{"rendered":"L\u00e6seinspiration: Reimer Bo Christensens &#8220;Dr\u00f8mmefabrikken&#8221; fort\u00e6ller om den danske revolution"},"content":{"rendered":"<p><strong>B\u00d8GER:<\/strong> I efter\u00e5ret 1971 gik d\u00f8ren op til et kontor i Thisted, og en gruppe unge mennesker tr\u00e5dte ind.<\/p>\n<p>De ville h\u00f8re, om medarbejderne kunne hj\u00e6lpe dem med at finde et sted at bo i Thisted?<\/p>\n<p>Bag et af skrivebordene p\u00e5 kontoret sad Reimer Bo Christensen, og de unge mennesker, der lige havde indtaget kontoret i Thisted, skulle i fremtiden komme til at optage ham meget mere, end man lige umiddelbart skulle tro.<\/p>\n<a class=\"dvrt-link\" onClick=\"cdmtrack_click(683,jQuery(this));return false\" href=\"https:\/\/vester-begr.dk\/?utm_source=google&amp;utm_medium=advative&amp;gad_source=1&amp;gclid=Cj0KCQjwtJ6_BhDWARIsAGanmKfl-hGVVjCYiOgSKoGoxrow4kvXybZsnruKJYTslvqZDywT6a9PCQwaAmBjEALw_wcB\"><img decoding=\"async\" style=\"width:100%;\" src=\"https:\/\/kunmedierne.dk\/thy\/wp-content\/uploads\/sites\/2\/2025\/03\/260203VesterHoukaer-02022026.jpg\"><\/a><script>cdmtrack_view(683);<\/script>\n<p>&nbsp;<\/p>\n<p><strong>Revolutionen i Aalborg<\/strong><\/p>\n<p>I dag, 54 \u00e5r efter det f\u00f8rste m\u00f8de i Thisted, har journalist Reimer Bo Christensen skrevet en bog om de unge mennesker og de dr\u00f8mme de bar p\u00e5 i 1970&#8217;erne.<\/p>\n<p>Bogen hedder &#8220;Dr\u00f8mmefabrikken &#8211; Da revolutionen kom til Jylland&#8221; og fort\u00e6ller historien om en gruppe unge mennesker der slog sig ned i Aalborg med en dr\u00f8m om at udf\u00f8re en socialistisk revolution i Danmark.<\/p>\n<a class=\"dvrt-link\" onClick=\"cdmtrack_click(18790,jQuery(this));return false\" href=\"https:\/\/thymors.dk\/sponsorater\/15-til-faellesskabet?utm_source=kunthy&amp;utm_medium=annonce&amp;utm_campaign=sponsorater\"><img decoding=\"async\" style=\"width:100%;\" src=\"https:\/\/kunmedierne.dk\/thy\/wp-content\/uploads\/sites\/2\/2026\/03\/260407ThyMors-energi_faellesskab_generel-1.jpg\"><\/a><script>cdmtrack_view(18790);<\/script>\n<p>Bogen er en dokumentarisk fort\u00e6lling, der giver et unikt indblik ind i venstrefl\u00f8jen og s\u00e6rligt ind i Kommunistisk Forbund.<\/p>\n<p>For at skrive bogen har Reimer Bo Christensen foretaget op mod 100 interviews med nogle af de menensker der var mest aktive for at leve dr\u00f8mmene om en revolution ud.<\/p>\n<p>F\u00e6lles for dem alle er, at de voksede op med troen p\u00e5, at de var udd\u00f8delige, og at alt var muligt. De lod sig ikke h\u00e6mme af autoriteter &#8211; politisk eller p\u00e5 arbejdsmarkedet. De troede p\u00e5 deres dr\u00f8m om en revolution i Danmark.<\/p>\n","protected":false},"excerpt":{"rendered":"<p>B\u00d8GER: I efter\u00e5ret 1971 gik d\u00f8ren op til et kontor i Thisted, og en gruppe unge mennesker tr\u00e5dte ind. De ville h\u00f8re, om medarbejderne kunne hj\u00e6lpe dem med at finde et sted at bo i Thisted? Bag et af skrivebordene p\u00e5 kontoret sad Reimer Bo Christensen, og de unge mennesker, der lige havde indtaget kontoret [&hellip;]<\/p>\n","protected":false},"author":5146,"featured_media":0,"comment_status":"closed","ping_status":"closed","sticky":false,"template":"","format":"standard","meta":{"_acf_changed":false,"footnotes":""},"categories":[21],"tags":[85],"class_list":["post-8237","post","type-post","status-publish","format-standard","hentry","category-kultur","tag-kultur"],"acf":[],"yoast_head":"<!-- This site is optimized with the Yoast SEO plugin v26.8 - https:\/\/yoast.com\/product\/yoast-seo-wordpress\/ -->\n<title>L\u00e6seinspiration: Reimer Bo Christensens &quot;Dr\u00f8mmefabrikken&quot; fort\u00e6ller om den danske revolution - Thy<\/title>\n<meta name=\"robots\" content=\"index, follow, max-snippet:-1, max-image-preview:large, max-video-preview:-1\" \/>\n<link rel=\"canonical\" href=\"https:\/\/kunmedierne.dk\/thy\/laeseinspiration-reimer-bo-christensens-droemmefabrikken-fortaeller-om-den-danske-revolution\/\" \/>\n<meta property=\"og:locale\" content=\"da_DK\" \/>\n<meta property=\"og:type\" content=\"article\" \/>\n<meta property=\"og:title\" content=\"L\u00e6seinspiration: Reimer Bo Christensens &quot;Dr\u00f8mmefabrikken&quot; fort\u00e6ller om den danske revolution - Thy\" \/>\n<meta property=\"og:description\" content=\"B\u00d8GER: I efter\u00e5ret 1971 gik d\u00f8ren op til et kontor i Thisted, og en gruppe unge mennesker tr\u00e5dte ind. De ville h\u00f8re, om medarbejderne kunne hj\u00e6lpe dem med at finde et sted at bo i Thisted? Bag et af skrivebordene p\u00e5 kontoret sad Reimer Bo Christensen, og de unge mennesker, der lige havde indtaget kontoret [&hellip;]\" \/>\n<meta property=\"og:url\" content=\"https:\/\/kunmedierne.dk\/thy\/laeseinspiration-reimer-bo-christensens-droemmefabrikken-fortaeller-om-den-danske-revolution\/\" \/>\n<meta property=\"og:site_name\" content=\"Thy\" \/>\n<meta property=\"article:published_time\" content=\"2025-08-18T15:46:56+00:00\" \/>\n<meta name=\"author\" content=\"Katrine Kronstrand\" \/>\n<meta name=\"twitter:card\" content=\"summary_large_image\" \/>\n<meta name=\"twitter:label1\" content=\"Skrevet af\" \/>\n\t<meta name=\"twitter:data1\" content=\"Katrine Kronstrand\" \/>\n\t<meta name=\"twitter:label2\" content=\"Estimeret l\u00e6setid\" \/>\n\t<meta name=\"twitter:data2\" content=\"2 minutter\" \/>\n<script type=\"application\/ld+json\" class=\"yoast-schema-graph\">{\"@context\":\"https:\/\/schema.org\",\"@graph\":[{\"@type\":\"Article\",\"@id\":\"https:\/\/kunmedierne.dk\/thy\/laeseinspiration-reimer-bo-christensens-droemmefabrikken-fortaeller-om-den-danske-revolution\/#article\",\"isPartOf\":{\"@id\":\"https:\/\/kunmedierne.dk\/thy\/laeseinspiration-reimer-bo-christensens-droemmefabrikken-fortaeller-om-den-danske-revolution\/\"},\"author\":{\"name\":\"Katrine Kronstrand\",\"@id\":\"https:\/\/kunmedierne.dk\/thy\/#\/schema\/person\/41289bce3056a3e3d485ec8f09a96d28\"},\"headline\":\"L\u00e6seinspiration: Reimer Bo Christensens &#8220;Dr\u00f8mmefabrikken&#8221; fort\u00e6ller om den danske revolution\",\"datePublished\":\"2025-08-18T15:46:56+00:00\",\"mainEntityOfPage\":{\"@id\":\"https:\/\/kunmedierne.dk\/thy\/laeseinspiration-reimer-bo-christensens-droemmefabrikken-fortaeller-om-den-danske-revolution\/\"},\"wordCount\":268,\"publisher\":{\"@id\":\"https:\/\/kunmedierne.dk\/thy\/#organization\"},\"keywords\":[\"kultur\"],\"articleSection\":[\"Kultur\"],\"inLanguage\":\"da-DK\"},{\"@type\":\"WebPage\",\"@id\":\"https:\/\/kunmedierne.dk\/thy\/laeseinspiration-reimer-bo-christensens-droemmefabrikken-fortaeller-om-den-danske-revolution\/\",\"url\":\"https:\/\/kunmedierne.dk\/thy\/laeseinspiration-reimer-bo-christensens-droemmefabrikken-fortaeller-om-den-danske-revolution\/\",\"name\":\"L\u00e6seinspiration: Reimer Bo Christensens \\\"Dr\u00f8mmefabrikken\\\" fort\u00e6ller om den danske revolution - Thy\",\"isPartOf\":{\"@id\":\"https:\/\/kunmedierne.dk\/thy\/#website\"},\"datePublished\":\"2025-08-18T15:46:56+00:00\",\"breadcrumb\":{\"@id\":\"https:\/\/kunmedierne.dk\/thy\/laeseinspiration-reimer-bo-christensens-droemmefabrikken-fortaeller-om-den-danske-revolution\/#breadcrumb\"},\"inLanguage\":\"da-DK\",\"potentialAction\":[{\"@type\":\"ReadAction\",\"target\":[\"https:\/\/kunmedierne.dk\/thy\/laeseinspiration-reimer-bo-christensens-droemmefabrikken-fortaeller-om-den-danske-revolution\/\"]}]},{\"@type\":\"BreadcrumbList\",\"@id\":\"https:\/\/kunmedierne.dk\/thy\/laeseinspiration-reimer-bo-christensens-droemmefabrikken-fortaeller-om-den-danske-revolution\/#breadcrumb\",\"itemListElement\":[{\"@type\":\"ListItem\",\"position\":1,\"name\":\"Home\",\"item\":\"https:\/\/kunmedierne.dk\/thy\/\"},{\"@type\":\"ListItem\",\"position\":2,\"name\":\"L\u00e6seinspiration: Reimer Bo Christensens &#8220;Dr\u00f8mmefabrikken&#8221; fort\u00e6ller om den danske revolution\"}]},{\"@type\":\"WebSite\",\"@id\":\"https:\/\/kunmedierne.dk\/thy\/#website\",\"url\":\"https:\/\/kunmedierne.dk\/thy\/\",\"name\":\"Thy\",\"description\":\"et netmedie med journalistik om livet i Thy\",\"publisher\":{\"@id\":\"https:\/\/kunmedierne.dk\/thy\/#organization\"},\"potentialAction\":[{\"@type\":\"SearchAction\",\"target\":{\"@type\":\"EntryPoint\",\"urlTemplate\":\"https:\/\/kunmedierne.dk\/thy\/?s={search_term_string}\"},\"query-input\":{\"@type\":\"PropertyValueSpecification\",\"valueRequired\":true,\"valueName\":\"search_term_string\"}}],\"inLanguage\":\"da-DK\"},{\"@type\":\"Organization\",\"@id\":\"https:\/\/kunmedierne.dk\/thy\/#organization\",\"name\":\"Thy\",\"url\":\"https:\/\/kunmedierne.dk\/thy\/\",\"logo\":{\"@type\":\"ImageObject\",\"inLanguage\":\"da-DK\",\"@id\":\"https:\/\/kunmedierne.dk\/thy\/#\/schema\/logo\/image\/\",\"url\":\"https:\/\/kunmedierne.dk\/thy\/wp-content\/uploads\/sites\/2\/2025\/04\/kunthy-logo.svg\",\"contentUrl\":\"https:\/\/kunmedierne.dk\/thy\/wp-content\/uploads\/sites\/2\/2025\/04\/kunthy-logo.svg\",\"caption\":\"Thy\"},\"image\":{\"@id\":\"https:\/\/kunmedierne.dk\/thy\/#\/schema\/logo\/image\/\"}},{\"@type\":\"Person\",\"@id\":\"https:\/\/kunmedierne.dk\/thy\/#\/schema\/person\/41289bce3056a3e3d485ec8f09a96d28\",\"name\":\"Katrine Kronstrand\",\"image\":{\"@type\":\"ImageObject\",\"inLanguage\":\"da-DK\",\"@id\":\"https:\/\/kunmedierne.dk\/thy\/#\/schema\/person\/image\/\",\"url\":\"https:\/\/secure.gravatar.com\/avatar\/5b3afd06fc2a282f448c39083508b630e100945e4d8eec6e2fb5d79f7596e886?s=96&d=mm&r=g\",\"contentUrl\":\"https:\/\/secure.gravatar.com\/avatar\/5b3afd06fc2a282f448c39083508b630e100945e4d8eec6e2fb5d79f7596e886?s=96&d=mm&r=g\",\"caption\":\"Katrine Kronstrand\"},\"url\":\"https:\/\/kunmedierne.dk\/thy\/author\/katrine-kronstrand\/\"}]}<\/script>\n<!-- \/ Yoast SEO plugin. -->","yoast_head_json":{"title":"L\u00e6seinspiration: Reimer Bo Christensens \"Dr\u00f8mmefabrikken\" fort\u00e6ller om den danske revolution - Thy","robots":{"index":"index","follow":"follow","max-snippet":"max-snippet:-1","max-image-preview":"max-image-preview:large","max-video-preview":"max-video-preview:-1"},"canonical":"https:\/\/kunmedierne.dk\/thy\/laeseinspiration-reimer-bo-christensens-droemmefabrikken-fortaeller-om-den-danske-revolution\/","og_locale":"da_DK","og_type":"article","og_title":"L\u00e6seinspiration: Reimer Bo Christensens \"Dr\u00f8mmefabrikken\" fort\u00e6ller om den danske revolution - Thy","og_description":"B\u00d8GER: I efter\u00e5ret 1971 gik d\u00f8ren op til et kontor i Thisted, og en gruppe unge mennesker tr\u00e5dte ind. De ville h\u00f8re, om medarbejderne kunne hj\u00e6lpe dem med at finde et sted at bo i Thisted? Bag et af skrivebordene p\u00e5 kontoret sad Reimer Bo Christensen, og de unge mennesker, der lige havde indtaget kontoret [&hellip;]","og_url":"https:\/\/kunmedierne.dk\/thy\/laeseinspiration-reimer-bo-christensens-droemmefabrikken-fortaeller-om-den-danske-revolution\/","og_site_name":"Thy","article_published_time":"2025-08-18T15:46:56+00:00","author":"Katrine Kronstrand","twitter_card":"summary_large_image","twitter_misc":{"Skrevet af":"Katrine Kronstrand","Estimeret l\u00e6setid":"2 minutter"},"schema":{"@context":"https:\/\/schema.org","@graph":[{"@type":"Article","@id":"https:\/\/kunmedierne.dk\/thy\/laeseinspiration-reimer-bo-christensens-droemmefabrikken-fortaeller-om-den-danske-revolution\/#article","isPartOf":{"@id":"https:\/\/kunmedierne.dk\/thy\/laeseinspiration-reimer-bo-christensens-droemmefabrikken-fortaeller-om-den-danske-revolution\/"},"author":{"name":"Katrine Kronstrand","@id":"https:\/\/kunmedierne.dk\/thy\/#\/schema\/person\/41289bce3056a3e3d485ec8f09a96d28"},"headline":"L\u00e6seinspiration: Reimer Bo Christensens &#8220;Dr\u00f8mmefabrikken&#8221; fort\u00e6ller om den danske revolution","datePublished":"2025-08-18T15:46:56+00:00","mainEntityOfPage":{"@id":"https:\/\/kunmedierne.dk\/thy\/laeseinspiration-reimer-bo-christensens-droemmefabrikken-fortaeller-om-den-danske-revolution\/"},"wordCount":268,"publisher":{"@id":"https:\/\/kunmedierne.dk\/thy\/#organization"},"keywords":["kultur"],"articleSection":["Kultur"],"inLanguage":"da-DK"},{"@type":"WebPage","@id":"https:\/\/kunmedierne.dk\/thy\/laeseinspiration-reimer-bo-christensens-droemmefabrikken-fortaeller-om-den-danske-revolution\/","url":"https:\/\/kunmedierne.dk\/thy\/laeseinspiration-reimer-bo-christensens-droemmefabrikken-fortaeller-om-den-danske-revolution\/","name":"L\u00e6seinspiration: Reimer Bo Christensens \"Dr\u00f8mmefabrikken\" fort\u00e6ller om den danske revolution - Thy","isPartOf":{"@id":"https:\/\/kunmedierne.dk\/thy\/#website"},"datePublished":"2025-08-18T15:46:56+00:00","breadcrumb":{"@id":"https:\/\/kunmedierne.dk\/thy\/laeseinspiration-reimer-bo-christensens-droemmefabrikken-fortaeller-om-den-danske-revolution\/#breadcrumb"},"inLanguage":"da-DK","potentialAction":[{"@type":"ReadAction","target":["https:\/\/kunmedierne.dk\/thy\/laeseinspiration-reimer-bo-christensens-droemmefabrikken-fortaeller-om-den-danske-revolution\/"]}]},{"@type":"BreadcrumbList","@id":"https:\/\/kunmedierne.dk\/thy\/laeseinspiration-reimer-bo-christensens-droemmefabrikken-fortaeller-om-den-danske-revolution\/#breadcrumb","itemListElement":[{"@type":"ListItem","position":1,"name":"Home","item":"https:\/\/kunmedierne.dk\/thy\/"},{"@type":"ListItem","position":2,"name":"L\u00e6seinspiration: Reimer Bo Christensens &#8220;Dr\u00f8mmefabrikken&#8221; fort\u00e6ller om den danske revolution"}]},{"@type":"WebSite","@id":"https:\/\/kunmedierne.dk\/thy\/#website","url":"https:\/\/kunmedierne.dk\/thy\/","name":"Thy","description":"et netmedie med journalistik om livet i Thy","publisher":{"@id":"https:\/\/kunmedierne.dk\/thy\/#organization"},"potentialAction":[{"@type":"SearchAction","target":{"@type":"EntryPoint","urlTemplate":"https:\/\/kunmedierne.dk\/thy\/?s={search_term_string}"},"query-input":{"@type":"PropertyValueSpecification","valueRequired":true,"valueName":"search_term_string"}}],"inLanguage":"da-DK"},{"@type":"Organization","@id":"https:\/\/kunmedierne.dk\/thy\/#organization","name":"Thy","url":"https:\/\/kunmedierne.dk\/thy\/","logo":{"@type":"ImageObject","inLanguage":"da-DK","@id":"https:\/\/kunmedierne.dk\/thy\/#\/schema\/logo\/image\/","url":"https:\/\/kunmedierne.dk\/thy\/wp-content\/uploads\/sites\/2\/2025\/04\/kunthy-logo.svg","contentUrl":"https:\/\/kunmedierne.dk\/thy\/wp-content\/uploads\/sites\/2\/2025\/04\/kunthy-logo.svg","caption":"Thy"},"image":{"@id":"https:\/\/kunmedierne.dk\/thy\/#\/schema\/logo\/image\/"}},{"@type":"Person","@id":"https:\/\/kunmedierne.dk\/thy\/#\/schema\/person\/41289bce3056a3e3d485ec8f09a96d28","name":"Katrine Kronstrand","image":{"@type":"ImageObject","inLanguage":"da-DK","@id":"https:\/\/kunmedierne.dk\/thy\/#\/schema\/person\/image\/","url":"https:\/\/secure.gravatar.com\/avatar\/5b3afd06fc2a282f448c39083508b630e100945e4d8eec6e2fb5d79f7596e886?s=96&d=mm&r=g","contentUrl":"https:\/\/secure.gravatar.com\/avatar\/5b3afd06fc2a282f448c39083508b630e100945e4d8eec6e2fb5d79f7596e886?s=96&d=mm&r=g","caption":"Katrine Kronstrand"},"url":"https:\/\/kunmedierne.dk\/thy\/author\/katrine-kronstrand\/"}]}},"_links":{"self":[{"href":"https:\/\/kunmedierne.dk\/thy\/wp-json\/wp\/v2\/posts\/8237","targetHints":{"allow":["GET"]}}],"collection":[{"href":"https:\/\/kunmedierne.dk\/thy\/wp-json\/wp\/v2\/posts"}],"about":[{"href":"https:\/\/kunmedierne.dk\/thy\/wp-json\/wp\/v2\/types\/post"}],"author":[{"embeddable":true,"href":"https:\/\/kunmedierne.dk\/thy\/wp-json\/wp\/v2\/users\/5146"}],"replies":[{"embeddable":true,"href":"https:\/\/kunmedierne.dk\/thy\/wp-json\/wp\/v2\/comments?post=8237"}],"version-history":[{"count":6,"href":"https:\/\/kunmedierne.dk\/thy\/wp-json\/wp\/v2\/posts\/8237\/revisions"}],"predecessor-version":[{"id":8274,"href":"https:\/\/kunmedierne.dk\/thy\/wp-json\/wp\/v2\/posts\/8237\/revisions\/8274"}],"wp:attachment":[{"href":"https:\/\/kunmedierne.dk\/thy\/wp-json\/wp\/v2\/media?parent=8237"}],"wp:term":[{"taxonomy":"category","embeddable":true,"href":"https:\/\/kunmedierne.dk\/thy\/wp-json\/wp\/v2\/categories?post=8237"},{"taxonomy":"post_tag","embeddable":true,"href":"https:\/\/kunmedierne.dk\/thy\/wp-json\/wp\/v2\/tags?post=8237"}],"curies":[{"name":"wp","href":"https:\/\/api.w.org\/{rel}","templated":true}]}}