{"id":8008,"date":"2025-08-11T19:39:39","date_gmt":"2025-08-11T17:39:39","guid":{"rendered":"https:\/\/kunmedierne.dk\/thy\/?p=8008"},"modified":"2025-08-11T16:40:10","modified_gmt":"2025-08-11T14:40:10","slug":"olsen-banden-er-populaere-paa-hanstholm-bunkermuseum","status":"publish","type":"post","link":"https:\/\/kunmedierne.dk\/thy\/olsen-banden-er-populaere-paa-hanstholm-bunkermuseum\/","title":{"rendered":"Olsen Banden er popul\u00e6re p\u00e5 Hanstholm Bunkermuseum"},"content":{"rendered":"<p><strong>HANSTHOLM:<\/strong> Den danske sommerferie er slut, og p\u00e5 Bunkermuseum Hanstholm har der v\u00e6ret mange intresserede g\u00e6ster p\u00e5 bes\u00f8g i l\u00f8bet af sommerferien.<\/p>\n<p>Det fort\u00e6ller museumsinspekt\u00f8r og afdelingsleder p\u00e5 Bunkermuseum Hanstholm, Jens Andersen.<\/p>\n<p>Bunkermuseum Hanstholm havde kronede dage under coronanedlukningen, og bes\u00f8gstallene er da heller ikke liges\u00e5 store som dengang. Alligvel er Jens Andersen tilfreds.<\/p>\n<p>&#8211; Tilbage under nedlukning s\u00f8gte mange herud for at f\u00e5 noget frisk luft. S\u00e5 vi er ikke oppe p\u00e5 de bes\u00f8gstal igen, men det har v\u00e6ret en god sommer alligevel.<\/p>\n<a class=\"dvrt-link\" onClick=\"cdmtrack_click(689,jQuery(this));return false\" href=\"https:\/\/www.thistedbolig.dk\"><img decoding=\"async\" style=\"width:100%;\" src=\"https:\/\/kunmedierne.dk\/thy\/wp-content\/uploads\/sites\/2\/2025\/03\/260414ThistedBoligApril-opslag-002-1.jpg\"><\/a><script>cdmtrack_view(689);<\/script>\n<p>&nbsp;<\/p>\n<p><strong>Danskerne dominerer<\/strong><\/p>\n<p>Bunkermuseum Hanstholm tiltr\u00e6kker ikke kun danskere til, men i skolernes sommerferie, er det dem, der dominerer bes\u00f8gstallene p\u00e5 museet.<\/p>\n<p>&#8211; Det vi kan se, det er, at nu begynder skolerne igen, og s\u00e5 er st\u00f8rstedelen af de bes\u00f8gende, her i hverdagene, tyskere. De har lidt l\u00e6ngere sommerferie end os danskere.<\/p>\n<p>Jo l\u00e6ngere v\u00e6k fra skolernes sommerferie, jo flere tyskere bes\u00f8ger museet. Jens Andersen fort\u00e6ller, at n\u00e5r kalenderen siger september m\u00e5ned, s\u00e5 kan man n\u00e6sten v\u00e6re sikker p\u00e5, at det er tyskere, der kommer ind ad d\u00f8ren i hverdagene.<\/p>\n<p>&#8211; S\u00e5 kan man n\u00e6sten liges\u00e5 godt l\u00e6gge ud med at hilse p\u00e5 tysk, fort\u00e6ller han.<\/p>\n<a class=\"dvrt-link\" onClick=\"cdmtrack_click(18790,jQuery(this));return false\" href=\"https:\/\/thymors.dk\/sponsorater\/15-til-faellesskabet?utm_source=kunthy&amp;utm_medium=annonce&amp;utm_campaign=sponsorater\"><img decoding=\"async\" style=\"width:100%;\" src=\"https:\/\/kunmedierne.dk\/thy\/wp-content\/uploads\/sites\/2\/2026\/03\/260407ThyMors-energi_faellesskab_generel-1.jpg\"><\/a><script>cdmtrack_view(18790);<\/script>\n<p>&nbsp;<\/p>\n<p><strong>En s\u00e6rlig bande har v\u00e6ret popul\u00e6r<\/strong><\/p>\n<p>I l\u00f8bet af sommeren har en s\u00e6rudstilling ageret stort tr\u00e6kplaster til museet. Nemlig s\u00e6rudstillingen &#8220;Olsen-Banden i Thy&#8221;.<\/p>\n<p>Her kan g\u00e6sterne l\u00e6se om optagelserne til filmen, lokationenerne der blev brugt og om den fam\u00f8se bunker, der i virkeligheden var tre forskellige bunkere. Udstillignen er desuden krydret med b\u00e5de filmklip, rekvisitter, og s\u00e5 kan man selv opleve den store granat, der k\u00f8rer langs bunkerens loft.<\/p>\n<p>&#8211; Udstillingen har virkelig v\u00e6ret et tr\u00e6kplaster her i sommeren &#8211; b\u00e5de for danskere og for tyskere, der begge kan forholde sig til filmen og persongallariet, fort\u00e6ller Jens Andersen.<\/p>\n<a class=\"dvrt-link\" onClick=\"cdmtrack_click(689,jQuery(this));return false\" href=\"https:\/\/www.thistedbolig.dk\"><img decoding=\"async\" style=\"width:100%;\" src=\"https:\/\/kunmedierne.dk\/thy\/wp-content\/uploads\/sites\/2\/2025\/03\/260414ThistedBoligApril-opslag-002-1.jpg\"><\/a><script>cdmtrack_view(689);<\/script>\n<p>Det var ikke kun her i Danmark Olsen Banden var popul\u00e6re. I det gamle DDR var filmene, som gik under navnet Die Olsenbande, ogs\u00e5 meget popul\u00e6re.<\/p>\n<p>&#8211; Folk i det gamle \u00d8sttyskland kunne relatere til Olsen Banden, fordi det var den lille mand mod magten. Og s\u00e5 var det jo nogle af de f\u00e5 film, man kunne f\u00e5 lov til at se i \u00d8sttyskland, fort\u00e6ller Jens Andersen om filmenes kultstatus i DDR.<\/p>\n<p>Selvom &#8220;Olsen-banden i Thy&#8221; er en s\u00e6rudstilling, er der lige nu ikke en dato for, hvorn\u00e5r udstillignen lukker igen. Derfor er der god tid, hvis man gerne vil opleve den.<\/p>\n","protected":false},"excerpt":{"rendered":"<p>HANSTHOLM: Den danske sommerferie er slut, og p\u00e5 Bunkermuseum Hanstholm har der v\u00e6ret mange intresserede g\u00e6ster p\u00e5 bes\u00f8g i l\u00f8bet af sommerferien. Det fort\u00e6ller museumsinspekt\u00f8r og afdelingsleder p\u00e5 Bunkermuseum Hanstholm, Jens Andersen. Bunkermuseum Hanstholm havde kronede dage under coronanedlukningen, og bes\u00f8gstallene er da heller ikke liges\u00e5 store som dengang. Alligvel er Jens Andersen tilfreds. &#8211; [&hellip;]<\/p>\n","protected":false},"author":5146,"featured_media":0,"comment_status":"closed","ping_status":"closed","sticky":false,"template":"","format":"standard","meta":{"_acf_changed":false,"footnotes":""},"categories":[21],"tags":[46,45,66],"class_list":["post-8008","post","type-post","status-publish","format-standard","hentry","category-kultur","tag-historie","tag-museer","tag-turisme"],"acf":[],"yoast_head":"<!-- This site is optimized with the Yoast SEO plugin v26.8 - https:\/\/yoast.com\/product\/yoast-seo-wordpress\/ -->\n<title>Olsen Banden er popul\u00e6re p\u00e5 Hanstholm Bunkermuseum - Thy<\/title>\n<meta name=\"robots\" content=\"index, follow, max-snippet:-1, max-image-preview:large, max-video-preview:-1\" \/>\n<link rel=\"canonical\" href=\"https:\/\/kunmedierne.dk\/thy\/olsen-banden-er-populaere-paa-hanstholm-bunkermuseum\/\" \/>\n<meta property=\"og:locale\" content=\"da_DK\" \/>\n<meta property=\"og:type\" content=\"article\" \/>\n<meta property=\"og:title\" content=\"Olsen Banden er popul\u00e6re p\u00e5 Hanstholm Bunkermuseum - Thy\" \/>\n<meta property=\"og:description\" content=\"HANSTHOLM: Den danske sommerferie er slut, og p\u00e5 Bunkermuseum Hanstholm har der v\u00e6ret mange intresserede g\u00e6ster p\u00e5 bes\u00f8g i l\u00f8bet af sommerferien. Det fort\u00e6ller museumsinspekt\u00f8r og afdelingsleder p\u00e5 Bunkermuseum Hanstholm, Jens Andersen. Bunkermuseum Hanstholm havde kronede dage under coronanedlukningen, og bes\u00f8gstallene er da heller ikke liges\u00e5 store som dengang. Alligvel er Jens Andersen tilfreds. &#8211; [&hellip;]\" \/>\n<meta property=\"og:url\" content=\"https:\/\/kunmedierne.dk\/thy\/olsen-banden-er-populaere-paa-hanstholm-bunkermuseum\/\" \/>\n<meta property=\"og:site_name\" content=\"Thy\" \/>\n<meta property=\"article:published_time\" content=\"2025-08-11T17:39:39+00:00\" \/>\n<meta name=\"author\" content=\"Katrine Kronstrand\" \/>\n<meta name=\"twitter:card\" content=\"summary_large_image\" \/>\n<meta name=\"twitter:label1\" content=\"Skrevet af\" \/>\n\t<meta name=\"twitter:data1\" content=\"Katrine Kronstrand\" \/>\n\t<meta name=\"twitter:label2\" content=\"Estimeret l\u00e6setid\" \/>\n\t<meta name=\"twitter:data2\" content=\"3 minutter\" \/>\n<script type=\"application\/ld+json\" class=\"yoast-schema-graph\">{\"@context\":\"https:\/\/schema.org\",\"@graph\":[{\"@type\":\"Article\",\"@id\":\"https:\/\/kunmedierne.dk\/thy\/olsen-banden-er-populaere-paa-hanstholm-bunkermuseum\/#article\",\"isPartOf\":{\"@id\":\"https:\/\/kunmedierne.dk\/thy\/olsen-banden-er-populaere-paa-hanstholm-bunkermuseum\/\"},\"author\":{\"name\":\"Katrine Kronstrand\",\"@id\":\"https:\/\/kunmedierne.dk\/thy\/#\/schema\/person\/41289bce3056a3e3d485ec8f09a96d28\"},\"headline\":\"Olsen Banden er popul\u00e6re p\u00e5 Hanstholm Bunkermuseum\",\"datePublished\":\"2025-08-11T17:39:39+00:00\",\"mainEntityOfPage\":{\"@id\":\"https:\/\/kunmedierne.dk\/thy\/olsen-banden-er-populaere-paa-hanstholm-bunkermuseum\/\"},\"wordCount\":454,\"publisher\":{\"@id\":\"https:\/\/kunmedierne.dk\/thy\/#organization\"},\"keywords\":[\"Historie\",\"Museer\",\"Turisme\"],\"articleSection\":[\"Kultur\"],\"inLanguage\":\"da-DK\"},{\"@type\":\"WebPage\",\"@id\":\"https:\/\/kunmedierne.dk\/thy\/olsen-banden-er-populaere-paa-hanstholm-bunkermuseum\/\",\"url\":\"https:\/\/kunmedierne.dk\/thy\/olsen-banden-er-populaere-paa-hanstholm-bunkermuseum\/\",\"name\":\"Olsen Banden er popul\u00e6re p\u00e5 Hanstholm Bunkermuseum - Thy\",\"isPartOf\":{\"@id\":\"https:\/\/kunmedierne.dk\/thy\/#website\"},\"datePublished\":\"2025-08-11T17:39:39+00:00\",\"breadcrumb\":{\"@id\":\"https:\/\/kunmedierne.dk\/thy\/olsen-banden-er-populaere-paa-hanstholm-bunkermuseum\/#breadcrumb\"},\"inLanguage\":\"da-DK\",\"potentialAction\":[{\"@type\":\"ReadAction\",\"target\":[\"https:\/\/kunmedierne.dk\/thy\/olsen-banden-er-populaere-paa-hanstholm-bunkermuseum\/\"]}]},{\"@type\":\"BreadcrumbList\",\"@id\":\"https:\/\/kunmedierne.dk\/thy\/olsen-banden-er-populaere-paa-hanstholm-bunkermuseum\/#breadcrumb\",\"itemListElement\":[{\"@type\":\"ListItem\",\"position\":1,\"name\":\"Home\",\"item\":\"https:\/\/kunmedierne.dk\/thy\/\"},{\"@type\":\"ListItem\",\"position\":2,\"name\":\"Olsen Banden er popul\u00e6re p\u00e5 Hanstholm Bunkermuseum\"}]},{\"@type\":\"WebSite\",\"@id\":\"https:\/\/kunmedierne.dk\/thy\/#website\",\"url\":\"https:\/\/kunmedierne.dk\/thy\/\",\"name\":\"Thy\",\"description\":\"et netmedie med journalistik om livet i Thy\",\"publisher\":{\"@id\":\"https:\/\/kunmedierne.dk\/thy\/#organization\"},\"potentialAction\":[{\"@type\":\"SearchAction\",\"target\":{\"@type\":\"EntryPoint\",\"urlTemplate\":\"https:\/\/kunmedierne.dk\/thy\/?s={search_term_string}\"},\"query-input\":{\"@type\":\"PropertyValueSpecification\",\"valueRequired\":true,\"valueName\":\"search_term_string\"}}],\"inLanguage\":\"da-DK\"},{\"@type\":\"Organization\",\"@id\":\"https:\/\/kunmedierne.dk\/thy\/#organization\",\"name\":\"Thy\",\"url\":\"https:\/\/kunmedierne.dk\/thy\/\",\"logo\":{\"@type\":\"ImageObject\",\"inLanguage\":\"da-DK\",\"@id\":\"https:\/\/kunmedierne.dk\/thy\/#\/schema\/logo\/image\/\",\"url\":\"https:\/\/kunmedierne.dk\/thy\/wp-content\/uploads\/sites\/2\/2025\/04\/kunthy-logo.svg\",\"contentUrl\":\"https:\/\/kunmedierne.dk\/thy\/wp-content\/uploads\/sites\/2\/2025\/04\/kunthy-logo.svg\",\"caption\":\"Thy\"},\"image\":{\"@id\":\"https:\/\/kunmedierne.dk\/thy\/#\/schema\/logo\/image\/\"}},{\"@type\":\"Person\",\"@id\":\"https:\/\/kunmedierne.dk\/thy\/#\/schema\/person\/41289bce3056a3e3d485ec8f09a96d28\",\"name\":\"Katrine Kronstrand\",\"image\":{\"@type\":\"ImageObject\",\"inLanguage\":\"da-DK\",\"@id\":\"https:\/\/kunmedierne.dk\/thy\/#\/schema\/person\/image\/\",\"url\":\"https:\/\/secure.gravatar.com\/avatar\/5b3afd06fc2a282f448c39083508b630e100945e4d8eec6e2fb5d79f7596e886?s=96&d=mm&r=g\",\"contentUrl\":\"https:\/\/secure.gravatar.com\/avatar\/5b3afd06fc2a282f448c39083508b630e100945e4d8eec6e2fb5d79f7596e886?s=96&d=mm&r=g\",\"caption\":\"Katrine Kronstrand\"},\"url\":\"https:\/\/kunmedierne.dk\/thy\/author\/katrine-kronstrand\/\"}]}<\/script>\n<!-- \/ Yoast SEO plugin. -->","yoast_head_json":{"title":"Olsen Banden er popul\u00e6re p\u00e5 Hanstholm Bunkermuseum - Thy","robots":{"index":"index","follow":"follow","max-snippet":"max-snippet:-1","max-image-preview":"max-image-preview:large","max-video-preview":"max-video-preview:-1"},"canonical":"https:\/\/kunmedierne.dk\/thy\/olsen-banden-er-populaere-paa-hanstholm-bunkermuseum\/","og_locale":"da_DK","og_type":"article","og_title":"Olsen Banden er popul\u00e6re p\u00e5 Hanstholm Bunkermuseum - Thy","og_description":"HANSTHOLM: Den danske sommerferie er slut, og p\u00e5 Bunkermuseum Hanstholm har der v\u00e6ret mange intresserede g\u00e6ster p\u00e5 bes\u00f8g i l\u00f8bet af sommerferien. Det fort\u00e6ller museumsinspekt\u00f8r og afdelingsleder p\u00e5 Bunkermuseum Hanstholm, Jens Andersen. Bunkermuseum Hanstholm havde kronede dage under coronanedlukningen, og bes\u00f8gstallene er da heller ikke liges\u00e5 store som dengang. Alligvel er Jens Andersen tilfreds. &#8211; [&hellip;]","og_url":"https:\/\/kunmedierne.dk\/thy\/olsen-banden-er-populaere-paa-hanstholm-bunkermuseum\/","og_site_name":"Thy","article_published_time":"2025-08-11T17:39:39+00:00","author":"Katrine Kronstrand","twitter_card":"summary_large_image","twitter_misc":{"Skrevet af":"Katrine Kronstrand","Estimeret l\u00e6setid":"3 minutter"},"schema":{"@context":"https:\/\/schema.org","@graph":[{"@type":"Article","@id":"https:\/\/kunmedierne.dk\/thy\/olsen-banden-er-populaere-paa-hanstholm-bunkermuseum\/#article","isPartOf":{"@id":"https:\/\/kunmedierne.dk\/thy\/olsen-banden-er-populaere-paa-hanstholm-bunkermuseum\/"},"author":{"name":"Katrine Kronstrand","@id":"https:\/\/kunmedierne.dk\/thy\/#\/schema\/person\/41289bce3056a3e3d485ec8f09a96d28"},"headline":"Olsen Banden er popul\u00e6re p\u00e5 Hanstholm Bunkermuseum","datePublished":"2025-08-11T17:39:39+00:00","mainEntityOfPage":{"@id":"https:\/\/kunmedierne.dk\/thy\/olsen-banden-er-populaere-paa-hanstholm-bunkermuseum\/"},"wordCount":454,"publisher":{"@id":"https:\/\/kunmedierne.dk\/thy\/#organization"},"keywords":["Historie","Museer","Turisme"],"articleSection":["Kultur"],"inLanguage":"da-DK"},{"@type":"WebPage","@id":"https:\/\/kunmedierne.dk\/thy\/olsen-banden-er-populaere-paa-hanstholm-bunkermuseum\/","url":"https:\/\/kunmedierne.dk\/thy\/olsen-banden-er-populaere-paa-hanstholm-bunkermuseum\/","name":"Olsen Banden er popul\u00e6re p\u00e5 Hanstholm Bunkermuseum - Thy","isPartOf":{"@id":"https:\/\/kunmedierne.dk\/thy\/#website"},"datePublished":"2025-08-11T17:39:39+00:00","breadcrumb":{"@id":"https:\/\/kunmedierne.dk\/thy\/olsen-banden-er-populaere-paa-hanstholm-bunkermuseum\/#breadcrumb"},"inLanguage":"da-DK","potentialAction":[{"@type":"ReadAction","target":["https:\/\/kunmedierne.dk\/thy\/olsen-banden-er-populaere-paa-hanstholm-bunkermuseum\/"]}]},{"@type":"BreadcrumbList","@id":"https:\/\/kunmedierne.dk\/thy\/olsen-banden-er-populaere-paa-hanstholm-bunkermuseum\/#breadcrumb","itemListElement":[{"@type":"ListItem","position":1,"name":"Home","item":"https:\/\/kunmedierne.dk\/thy\/"},{"@type":"ListItem","position":2,"name":"Olsen Banden er popul\u00e6re p\u00e5 Hanstholm Bunkermuseum"}]},{"@type":"WebSite","@id":"https:\/\/kunmedierne.dk\/thy\/#website","url":"https:\/\/kunmedierne.dk\/thy\/","name":"Thy","description":"et netmedie med journalistik om livet i Thy","publisher":{"@id":"https:\/\/kunmedierne.dk\/thy\/#organization"},"potentialAction":[{"@type":"SearchAction","target":{"@type":"EntryPoint","urlTemplate":"https:\/\/kunmedierne.dk\/thy\/?s={search_term_string}"},"query-input":{"@type":"PropertyValueSpecification","valueRequired":true,"valueName":"search_term_string"}}],"inLanguage":"da-DK"},{"@type":"Organization","@id":"https:\/\/kunmedierne.dk\/thy\/#organization","name":"Thy","url":"https:\/\/kunmedierne.dk\/thy\/","logo":{"@type":"ImageObject","inLanguage":"da-DK","@id":"https:\/\/kunmedierne.dk\/thy\/#\/schema\/logo\/image\/","url":"https:\/\/kunmedierne.dk\/thy\/wp-content\/uploads\/sites\/2\/2025\/04\/kunthy-logo.svg","contentUrl":"https:\/\/kunmedierne.dk\/thy\/wp-content\/uploads\/sites\/2\/2025\/04\/kunthy-logo.svg","caption":"Thy"},"image":{"@id":"https:\/\/kunmedierne.dk\/thy\/#\/schema\/logo\/image\/"}},{"@type":"Person","@id":"https:\/\/kunmedierne.dk\/thy\/#\/schema\/person\/41289bce3056a3e3d485ec8f09a96d28","name":"Katrine Kronstrand","image":{"@type":"ImageObject","inLanguage":"da-DK","@id":"https:\/\/kunmedierne.dk\/thy\/#\/schema\/person\/image\/","url":"https:\/\/secure.gravatar.com\/avatar\/5b3afd06fc2a282f448c39083508b630e100945e4d8eec6e2fb5d79f7596e886?s=96&d=mm&r=g","contentUrl":"https:\/\/secure.gravatar.com\/avatar\/5b3afd06fc2a282f448c39083508b630e100945e4d8eec6e2fb5d79f7596e886?s=96&d=mm&r=g","caption":"Katrine Kronstrand"},"url":"https:\/\/kunmedierne.dk\/thy\/author\/katrine-kronstrand\/"}]}},"_links":{"self":[{"href":"https:\/\/kunmedierne.dk\/thy\/wp-json\/wp\/v2\/posts\/8008","targetHints":{"allow":["GET"]}}],"collection":[{"href":"https:\/\/kunmedierne.dk\/thy\/wp-json\/wp\/v2\/posts"}],"about":[{"href":"https:\/\/kunmedierne.dk\/thy\/wp-json\/wp\/v2\/types\/post"}],"author":[{"embeddable":true,"href":"https:\/\/kunmedierne.dk\/thy\/wp-json\/wp\/v2\/users\/5146"}],"replies":[{"embeddable":true,"href":"https:\/\/kunmedierne.dk\/thy\/wp-json\/wp\/v2\/comments?post=8008"}],"version-history":[{"count":4,"href":"https:\/\/kunmedierne.dk\/thy\/wp-json\/wp\/v2\/posts\/8008\/revisions"}],"predecessor-version":[{"id":8025,"href":"https:\/\/kunmedierne.dk\/thy\/wp-json\/wp\/v2\/posts\/8008\/revisions\/8025"}],"wp:attachment":[{"href":"https:\/\/kunmedierne.dk\/thy\/wp-json\/wp\/v2\/media?parent=8008"}],"wp:term":[{"taxonomy":"category","embeddable":true,"href":"https:\/\/kunmedierne.dk\/thy\/wp-json\/wp\/v2\/categories?post=8008"},{"taxonomy":"post_tag","embeddable":true,"href":"https:\/\/kunmedierne.dk\/thy\/wp-json\/wp\/v2\/tags?post=8008"}],"curies":[{"name":"wp","href":"https:\/\/api.w.org\/{rel}","templated":true}]}}