{"id":7792,"date":"2025-08-07T11:36:38","date_gmt":"2025-08-07T09:36:38","guid":{"rendered":"https:\/\/kunmedierne.dk\/thy\/?p=7792"},"modified":"2025-08-06T11:37:36","modified_gmt":"2025-08-06T09:37:36","slug":"nyt-tilbud-i-thy-hjaelp-til-paaroerende-til-mennesker-med-psykisk-sygdom","status":"publish","type":"post","link":"https:\/\/kunmedierne.dk\/thy\/nyt-tilbud-i-thy-hjaelp-til-paaroerende-til-mennesker-med-psykisk-sygdom\/","title":{"rendered":"Nyt tilbud i Thy: Hj\u00e6lp til p\u00e5r\u00f8rende til mennesker med psykisk sygdom"},"content":{"rendered":"<p><strong>THISTED:<\/strong> Bedre Psykiatri, landsforeningen for p\u00e5r\u00f8rende, tilbyder fra 9. oktober et gratis kursusforl\u00f8b for for\u00e6ldre, \u00e6gtef\u00e6ller og andre n\u00e6re p\u00e5r\u00f8rende til mennesker med psykisk sygdom eller udviklingsforstyrrelse forl\u00f8bet omfatter seks sessioner p\u00e5 torsdage mellem klokken 17 og 19.<\/p>\n<p>M\u00e5let med P\u00e5r\u00f8rendeKurset er, at man som p\u00e5r\u00f8rende bliver bedre rustet til at hj\u00e6lpe sin k\u00e6re samtidig med, at man selv f\u00e5r f\u00e6rre bekymringer og mindre risiko for stress og sygdom, fremg\u00e5r det af en pressemeddelelse fra Bedre Psykiatri.<\/p>\n<a class=\"dvrt-link\" onClick=\"cdmtrack_click(685,jQuery(this));return false\" href=\"https:\/\/wensien.dk\/begravelse\/?gad_source=1&gclid=Cj0KCQjwtJ6_BhDWARIsAGanmKcWw6hbeoepGti1oApJGHln52gMbg8EBRZ86__3P1AJZ5dcsw4ZvNEaAk7JEALw_wcB\"><img decoding=\"async\" style=\"width:100%;\" src=\"https:\/\/kunmedierne.dk\/thy\/wp-content\/uploads\/sites\/2\/2025\/03\/wensien-stenhugger.jpg\"><\/a><script>cdmtrack_view(685);<\/script>\n<p>P\u00e5 kurset for den p\u00e5r\u00f8rende blandt andet hj\u00e6lp og redskaber til at undg\u00e5 stress og overbelastning, bedre forst\u00e5else af systemet og kendskab til sine rettigheder, r\u00e5d til at st\u00f8tte sin n\u00e6rtst\u00e5endes behandling og viden om diagnoser og behandling.<\/p>\n<p>Kurset er et solidt fagligt funderet undervisningsforl\u00f8b, som hj\u00e6lper p\u00e5r\u00f8rende med at forst\u00e5 og h\u00e5ndtere sundhedsv\u00e6senet, psykisk sygdom og de mange udfordringer, man m\u00f8der som p\u00e5r\u00f8rende.<\/p>\n<p>&#8211; Det kan v\u00e6re ekstremt h\u00e5rdt at v\u00e6re n\u00e6r p\u00e5r\u00f8rende til en med psykisk sygdom eller udviklingsforstyrrelse. Mange bliver slidt ned af de konstante bekymringer, frustrationer og det store praktiske arbejde med blandt andet koordinering, sygehusindkaldelser og ans\u00f8gninger om hj\u00e6lp i kommunen. Derfor er st\u00f8tte og undervisning en stor hj\u00e6lp for mange. Det hj\u00e6lper b\u00e5de de p\u00e5r\u00f8rende og dem, der er ramt af sygdom, siger Jane Alr\u00f8 S\u00f8rensen, generalsekret\u00e6r i Bedre Psykiatri.<\/p>\n<p>Holdene p\u00e5 kurset har 16-20 deltager. Det afvikles hos Psykiatrien, Thylandsvej 37, 7700 Thisted. Mere om kurset p\u00e5: https:\/\/bedrepsykiatri.dk\/kursus\/<\/p>\n","protected":false},"excerpt":{"rendered":"<p>THISTED: Bedre Psykiatri, landsforeningen for p\u00e5r\u00f8rende, tilbyder fra 9. oktober et gratis kursusforl\u00f8b for for\u00e6ldre, \u00e6gtef\u00e6ller og andre n\u00e6re p\u00e5r\u00f8rende til mennesker med psykisk sygdom eller udviklingsforstyrrelse forl\u00f8bet omfatter seks sessioner p\u00e5 torsdage mellem klokken 17 og 19. M\u00e5let med P\u00e5r\u00f8rendeKurset er, at man som p\u00e5r\u00f8rende bliver bedre rustet til at hj\u00e6lpe sin k\u00e6re samtidig [&hellip;]<\/p>\n","protected":false},"author":4535,"featured_media":0,"comment_status":"closed","ping_status":"closed","sticky":false,"template":"","format":"standard","meta":{"_acf_changed":false,"footnotes":""},"categories":[24],"tags":[47],"class_list":["post-7792","post","type-post","status-publish","format-standard","hentry","category-lokalt","tag-sundhed"],"acf":[],"yoast_head":"<!-- This site is optimized with the Yoast SEO plugin v26.8 - https:\/\/yoast.com\/product\/yoast-seo-wordpress\/ -->\n<title>Nyt tilbud i Thy: Hj\u00e6lp til p\u00e5r\u00f8rende til mennesker med psykisk sygdom - Thy<\/title>\n<meta name=\"robots\" content=\"index, follow, max-snippet:-1, max-image-preview:large, max-video-preview:-1\" \/>\n<link rel=\"canonical\" href=\"https:\/\/kunmedierne.dk\/thy\/nyt-tilbud-i-thy-hjaelp-til-paaroerende-til-mennesker-med-psykisk-sygdom\/\" \/>\n<meta property=\"og:locale\" content=\"da_DK\" \/>\n<meta property=\"og:type\" content=\"article\" \/>\n<meta property=\"og:title\" content=\"Nyt tilbud i Thy: Hj\u00e6lp til p\u00e5r\u00f8rende til mennesker med psykisk sygdom - Thy\" \/>\n<meta property=\"og:description\" content=\"THISTED: Bedre Psykiatri, landsforeningen for p\u00e5r\u00f8rende, tilbyder fra 9. oktober et gratis kursusforl\u00f8b for for\u00e6ldre, \u00e6gtef\u00e6ller og andre n\u00e6re p\u00e5r\u00f8rende til mennesker med psykisk sygdom eller udviklingsforstyrrelse forl\u00f8bet omfatter seks sessioner p\u00e5 torsdage mellem klokken 17 og 19. M\u00e5let med P\u00e5r\u00f8rendeKurset er, at man som p\u00e5r\u00f8rende bliver bedre rustet til at hj\u00e6lpe sin k\u00e6re samtidig [&hellip;]\" \/>\n<meta property=\"og:url\" content=\"https:\/\/kunmedierne.dk\/thy\/nyt-tilbud-i-thy-hjaelp-til-paaroerende-til-mennesker-med-psykisk-sygdom\/\" \/>\n<meta property=\"og:site_name\" content=\"Thy\" \/>\n<meta property=\"article:published_time\" content=\"2025-08-07T09:36:38+00:00\" \/>\n<meta name=\"author\" content=\"Jens Fogh Andersen\" \/>\n<meta name=\"twitter:card\" content=\"summary_large_image\" \/>\n<meta name=\"twitter:label1\" content=\"Skrevet af\" \/>\n\t<meta name=\"twitter:data1\" content=\"Jens Fogh Andersen\" \/>\n\t<meta name=\"twitter:label2\" content=\"Estimeret l\u00e6setid\" \/>\n\t<meta name=\"twitter:data2\" content=\"2 minutter\" \/>\n<script type=\"application\/ld+json\" class=\"yoast-schema-graph\">{\"@context\":\"https:\/\/schema.org\",\"@graph\":[{\"@type\":\"Article\",\"@id\":\"https:\/\/kunmedierne.dk\/thy\/nyt-tilbud-i-thy-hjaelp-til-paaroerende-til-mennesker-med-psykisk-sygdom\/#article\",\"isPartOf\":{\"@id\":\"https:\/\/kunmedierne.dk\/thy\/nyt-tilbud-i-thy-hjaelp-til-paaroerende-til-mennesker-med-psykisk-sygdom\/\"},\"author\":{\"name\":\"Jens Fogh Andersen\",\"@id\":\"https:\/\/kunmedierne.dk\/thy\/#\/schema\/person\/88f5be46809ca2a5533760eb574fef93\"},\"headline\":\"Nyt tilbud i Thy: Hj\u00e6lp til p\u00e5r\u00f8rende til mennesker med psykisk sygdom\",\"datePublished\":\"2025-08-07T09:36:38+00:00\",\"mainEntityOfPage\":{\"@id\":\"https:\/\/kunmedierne.dk\/thy\/nyt-tilbud-i-thy-hjaelp-til-paaroerende-til-mennesker-med-psykisk-sygdom\/\"},\"wordCount\":299,\"publisher\":{\"@id\":\"https:\/\/kunmedierne.dk\/thy\/#organization\"},\"keywords\":[\"Sundhed\"],\"articleSection\":[\"Lokalt\"],\"inLanguage\":\"da-DK\"},{\"@type\":\"WebPage\",\"@id\":\"https:\/\/kunmedierne.dk\/thy\/nyt-tilbud-i-thy-hjaelp-til-paaroerende-til-mennesker-med-psykisk-sygdom\/\",\"url\":\"https:\/\/kunmedierne.dk\/thy\/nyt-tilbud-i-thy-hjaelp-til-paaroerende-til-mennesker-med-psykisk-sygdom\/\",\"name\":\"Nyt tilbud i Thy: Hj\u00e6lp til p\u00e5r\u00f8rende til mennesker med psykisk sygdom - Thy\",\"isPartOf\":{\"@id\":\"https:\/\/kunmedierne.dk\/thy\/#website\"},\"datePublished\":\"2025-08-07T09:36:38+00:00\",\"breadcrumb\":{\"@id\":\"https:\/\/kunmedierne.dk\/thy\/nyt-tilbud-i-thy-hjaelp-til-paaroerende-til-mennesker-med-psykisk-sygdom\/#breadcrumb\"},\"inLanguage\":\"da-DK\",\"potentialAction\":[{\"@type\":\"ReadAction\",\"target\":[\"https:\/\/kunmedierne.dk\/thy\/nyt-tilbud-i-thy-hjaelp-til-paaroerende-til-mennesker-med-psykisk-sygdom\/\"]}]},{\"@type\":\"BreadcrumbList\",\"@id\":\"https:\/\/kunmedierne.dk\/thy\/nyt-tilbud-i-thy-hjaelp-til-paaroerende-til-mennesker-med-psykisk-sygdom\/#breadcrumb\",\"itemListElement\":[{\"@type\":\"ListItem\",\"position\":1,\"name\":\"Home\",\"item\":\"https:\/\/kunmedierne.dk\/thy\/\"},{\"@type\":\"ListItem\",\"position\":2,\"name\":\"Nyt tilbud i Thy: Hj\u00e6lp til p\u00e5r\u00f8rende til mennesker med psykisk sygdom\"}]},{\"@type\":\"WebSite\",\"@id\":\"https:\/\/kunmedierne.dk\/thy\/#website\",\"url\":\"https:\/\/kunmedierne.dk\/thy\/\",\"name\":\"Thy\",\"description\":\"et netmedie med journalistik om livet i Thy\",\"publisher\":{\"@id\":\"https:\/\/kunmedierne.dk\/thy\/#organization\"},\"potentialAction\":[{\"@type\":\"SearchAction\",\"target\":{\"@type\":\"EntryPoint\",\"urlTemplate\":\"https:\/\/kunmedierne.dk\/thy\/?s={search_term_string}\"},\"query-input\":{\"@type\":\"PropertyValueSpecification\",\"valueRequired\":true,\"valueName\":\"search_term_string\"}}],\"inLanguage\":\"da-DK\"},{\"@type\":\"Organization\",\"@id\":\"https:\/\/kunmedierne.dk\/thy\/#organization\",\"name\":\"Thy\",\"url\":\"https:\/\/kunmedierne.dk\/thy\/\",\"logo\":{\"@type\":\"ImageObject\",\"inLanguage\":\"da-DK\",\"@id\":\"https:\/\/kunmedierne.dk\/thy\/#\/schema\/logo\/image\/\",\"url\":\"https:\/\/kunmedierne.dk\/thy\/wp-content\/uploads\/sites\/2\/2025\/04\/kunthy-logo.svg\",\"contentUrl\":\"https:\/\/kunmedierne.dk\/thy\/wp-content\/uploads\/sites\/2\/2025\/04\/kunthy-logo.svg\",\"caption\":\"Thy\"},\"image\":{\"@id\":\"https:\/\/kunmedierne.dk\/thy\/#\/schema\/logo\/image\/\"}},{\"@type\":\"Person\",\"@id\":\"https:\/\/kunmedierne.dk\/thy\/#\/schema\/person\/88f5be46809ca2a5533760eb574fef93\",\"name\":\"Jens Fogh Andersen\",\"image\":{\"@type\":\"ImageObject\",\"inLanguage\":\"da-DK\",\"@id\":\"https:\/\/kunmedierne.dk\/thy\/#\/schema\/person\/image\/\",\"url\":\"https:\/\/secure.gravatar.com\/avatar\/2b367a4ef139b1c41dccc9ee7af926b81f8b4cca3359772e86c7fd5ced26c0a3?s=96&d=mm&r=g\",\"contentUrl\":\"https:\/\/secure.gravatar.com\/avatar\/2b367a4ef139b1c41dccc9ee7af926b81f8b4cca3359772e86c7fd5ced26c0a3?s=96&d=mm&r=g\",\"caption\":\"Jens Fogh Andersen\"},\"url\":\"https:\/\/kunmedierne.dk\/thy\/author\/jfa\/\"}]}<\/script>\n<!-- \/ Yoast SEO plugin. -->","yoast_head_json":{"title":"Nyt tilbud i Thy: Hj\u00e6lp til p\u00e5r\u00f8rende til mennesker med psykisk sygdom - Thy","robots":{"index":"index","follow":"follow","max-snippet":"max-snippet:-1","max-image-preview":"max-image-preview:large","max-video-preview":"max-video-preview:-1"},"canonical":"https:\/\/kunmedierne.dk\/thy\/nyt-tilbud-i-thy-hjaelp-til-paaroerende-til-mennesker-med-psykisk-sygdom\/","og_locale":"da_DK","og_type":"article","og_title":"Nyt tilbud i Thy: Hj\u00e6lp til p\u00e5r\u00f8rende til mennesker med psykisk sygdom - Thy","og_description":"THISTED: Bedre Psykiatri, landsforeningen for p\u00e5r\u00f8rende, tilbyder fra 9. oktober et gratis kursusforl\u00f8b for for\u00e6ldre, \u00e6gtef\u00e6ller og andre n\u00e6re p\u00e5r\u00f8rende til mennesker med psykisk sygdom eller udviklingsforstyrrelse forl\u00f8bet omfatter seks sessioner p\u00e5 torsdage mellem klokken 17 og 19. M\u00e5let med P\u00e5r\u00f8rendeKurset er, at man som p\u00e5r\u00f8rende bliver bedre rustet til at hj\u00e6lpe sin k\u00e6re samtidig [&hellip;]","og_url":"https:\/\/kunmedierne.dk\/thy\/nyt-tilbud-i-thy-hjaelp-til-paaroerende-til-mennesker-med-psykisk-sygdom\/","og_site_name":"Thy","article_published_time":"2025-08-07T09:36:38+00:00","author":"Jens Fogh Andersen","twitter_card":"summary_large_image","twitter_misc":{"Skrevet af":"Jens Fogh Andersen","Estimeret l\u00e6setid":"2 minutter"},"schema":{"@context":"https:\/\/schema.org","@graph":[{"@type":"Article","@id":"https:\/\/kunmedierne.dk\/thy\/nyt-tilbud-i-thy-hjaelp-til-paaroerende-til-mennesker-med-psykisk-sygdom\/#article","isPartOf":{"@id":"https:\/\/kunmedierne.dk\/thy\/nyt-tilbud-i-thy-hjaelp-til-paaroerende-til-mennesker-med-psykisk-sygdom\/"},"author":{"name":"Jens Fogh Andersen","@id":"https:\/\/kunmedierne.dk\/thy\/#\/schema\/person\/88f5be46809ca2a5533760eb574fef93"},"headline":"Nyt tilbud i Thy: Hj\u00e6lp til p\u00e5r\u00f8rende til mennesker med psykisk sygdom","datePublished":"2025-08-07T09:36:38+00:00","mainEntityOfPage":{"@id":"https:\/\/kunmedierne.dk\/thy\/nyt-tilbud-i-thy-hjaelp-til-paaroerende-til-mennesker-med-psykisk-sygdom\/"},"wordCount":299,"publisher":{"@id":"https:\/\/kunmedierne.dk\/thy\/#organization"},"keywords":["Sundhed"],"articleSection":["Lokalt"],"inLanguage":"da-DK"},{"@type":"WebPage","@id":"https:\/\/kunmedierne.dk\/thy\/nyt-tilbud-i-thy-hjaelp-til-paaroerende-til-mennesker-med-psykisk-sygdom\/","url":"https:\/\/kunmedierne.dk\/thy\/nyt-tilbud-i-thy-hjaelp-til-paaroerende-til-mennesker-med-psykisk-sygdom\/","name":"Nyt tilbud i Thy: Hj\u00e6lp til p\u00e5r\u00f8rende til mennesker med psykisk sygdom - Thy","isPartOf":{"@id":"https:\/\/kunmedierne.dk\/thy\/#website"},"datePublished":"2025-08-07T09:36:38+00:00","breadcrumb":{"@id":"https:\/\/kunmedierne.dk\/thy\/nyt-tilbud-i-thy-hjaelp-til-paaroerende-til-mennesker-med-psykisk-sygdom\/#breadcrumb"},"inLanguage":"da-DK","potentialAction":[{"@type":"ReadAction","target":["https:\/\/kunmedierne.dk\/thy\/nyt-tilbud-i-thy-hjaelp-til-paaroerende-til-mennesker-med-psykisk-sygdom\/"]}]},{"@type":"BreadcrumbList","@id":"https:\/\/kunmedierne.dk\/thy\/nyt-tilbud-i-thy-hjaelp-til-paaroerende-til-mennesker-med-psykisk-sygdom\/#breadcrumb","itemListElement":[{"@type":"ListItem","position":1,"name":"Home","item":"https:\/\/kunmedierne.dk\/thy\/"},{"@type":"ListItem","position":2,"name":"Nyt tilbud i Thy: Hj\u00e6lp til p\u00e5r\u00f8rende til mennesker med psykisk sygdom"}]},{"@type":"WebSite","@id":"https:\/\/kunmedierne.dk\/thy\/#website","url":"https:\/\/kunmedierne.dk\/thy\/","name":"Thy","description":"et netmedie med journalistik om livet i Thy","publisher":{"@id":"https:\/\/kunmedierne.dk\/thy\/#organization"},"potentialAction":[{"@type":"SearchAction","target":{"@type":"EntryPoint","urlTemplate":"https:\/\/kunmedierne.dk\/thy\/?s={search_term_string}"},"query-input":{"@type":"PropertyValueSpecification","valueRequired":true,"valueName":"search_term_string"}}],"inLanguage":"da-DK"},{"@type":"Organization","@id":"https:\/\/kunmedierne.dk\/thy\/#organization","name":"Thy","url":"https:\/\/kunmedierne.dk\/thy\/","logo":{"@type":"ImageObject","inLanguage":"da-DK","@id":"https:\/\/kunmedierne.dk\/thy\/#\/schema\/logo\/image\/","url":"https:\/\/kunmedierne.dk\/thy\/wp-content\/uploads\/sites\/2\/2025\/04\/kunthy-logo.svg","contentUrl":"https:\/\/kunmedierne.dk\/thy\/wp-content\/uploads\/sites\/2\/2025\/04\/kunthy-logo.svg","caption":"Thy"},"image":{"@id":"https:\/\/kunmedierne.dk\/thy\/#\/schema\/logo\/image\/"}},{"@type":"Person","@id":"https:\/\/kunmedierne.dk\/thy\/#\/schema\/person\/88f5be46809ca2a5533760eb574fef93","name":"Jens Fogh Andersen","image":{"@type":"ImageObject","inLanguage":"da-DK","@id":"https:\/\/kunmedierne.dk\/thy\/#\/schema\/person\/image\/","url":"https:\/\/secure.gravatar.com\/avatar\/2b367a4ef139b1c41dccc9ee7af926b81f8b4cca3359772e86c7fd5ced26c0a3?s=96&d=mm&r=g","contentUrl":"https:\/\/secure.gravatar.com\/avatar\/2b367a4ef139b1c41dccc9ee7af926b81f8b4cca3359772e86c7fd5ced26c0a3?s=96&d=mm&r=g","caption":"Jens Fogh Andersen"},"url":"https:\/\/kunmedierne.dk\/thy\/author\/jfa\/"}]}},"_links":{"self":[{"href":"https:\/\/kunmedierne.dk\/thy\/wp-json\/wp\/v2\/posts\/7792","targetHints":{"allow":["GET"]}}],"collection":[{"href":"https:\/\/kunmedierne.dk\/thy\/wp-json\/wp\/v2\/posts"}],"about":[{"href":"https:\/\/kunmedierne.dk\/thy\/wp-json\/wp\/v2\/types\/post"}],"author":[{"embeddable":true,"href":"https:\/\/kunmedierne.dk\/thy\/wp-json\/wp\/v2\/users\/4535"}],"replies":[{"embeddable":true,"href":"https:\/\/kunmedierne.dk\/thy\/wp-json\/wp\/v2\/comments?post=7792"}],"version-history":[{"count":5,"href":"https:\/\/kunmedierne.dk\/thy\/wp-json\/wp\/v2\/posts\/7792\/revisions"}],"predecessor-version":[{"id":7808,"href":"https:\/\/kunmedierne.dk\/thy\/wp-json\/wp\/v2\/posts\/7792\/revisions\/7808"}],"wp:attachment":[{"href":"https:\/\/kunmedierne.dk\/thy\/wp-json\/wp\/v2\/media?parent=7792"}],"wp:term":[{"taxonomy":"category","embeddable":true,"href":"https:\/\/kunmedierne.dk\/thy\/wp-json\/wp\/v2\/categories?post=7792"},{"taxonomy":"post_tag","embeddable":true,"href":"https:\/\/kunmedierne.dk\/thy\/wp-json\/wp\/v2\/tags?post=7792"}],"curies":[{"name":"wp","href":"https:\/\/api.w.org\/{rel}","templated":true}]}}