{"id":7625,"date":"2026-01-02T05:59:21","date_gmt":"2026-01-02T04:59:21","guid":{"rendered":"https:\/\/kunmedierne.dk\/thy\/?p=7625"},"modified":"2026-01-01T13:55:09","modified_gmt":"2026-01-01T12:55:09","slug":"for-32-aar-siden-brugte-peter-konfirmationspengene-paa-en-veteran-traktor-og-han-har-den-stadig","status":"publish","type":"post","link":"https:\/\/kunmedierne.dk\/thy\/for-32-aar-siden-brugte-peter-konfirmationspengene-paa-en-veteran-traktor-og-han-har-den-stadig\/","title":{"rendered":"For 32 \u00e5r siden brugte Peter konfirmationspengene p\u00e5 en veteran-traktor &#8211; og han har den stadig"},"content":{"rendered":"<h5>P\u00e5 KunThy kigger vi tilbage p\u00e5 \u00e5ret der gik. Dette er en genudgivelse. Artiklen udkom f\u00f8rste gang den 3. august 2025<\/h5>\n<p><strong>VANG:<\/strong> De kom fra Mors, Sydthy, Hjardem\u00e5l og helt fra Lemvig &#8211; og s\u00e5 var der Peter Rysgaard, som havde taget turen fra Sundby Thy til Peter Gregersens gr\u00e6smark p\u00e5 Mellemvej i Vang, som siden 2014 er brugt til en kombination af veterantraktortr\u00e6k og en festdag ikke mindst for medlemmerne af Vang-Tvorup-Vangs\u00e5 Borgerforening.<\/p>\n<a class=\"dvrt-link\" onClick=\"cdmtrack_click(689,jQuery(this));return false\" href=\"https:\/\/www.thistedbolig.dk\"><img decoding=\"async\" style=\"width:100%;\" src=\"https:\/\/kunmedierne.dk\/thy\/wp-content\/uploads\/sites\/2\/2025\/03\/260414ThistedBoligApril-opslag-002-1.jpg\"><\/a><script>cdmtrack_view(689);<\/script>\n<p>I \u00e5r var der samlet 32 veterantraktorer, med det til f\u00e6lles, at de alle er fra f\u00f8r 1965. Der var nyere modeller p\u00e5 pladsen, men kun som udstillingsgenstande og m\u00e5ske ogs\u00e5 for at g\u00f8re det muligt at f\u00e5 en fornemmelse af, hvor sm\u00e5 de traktorer, der tidligere blev brugt i landbruget, egentlig var sammenlignet med nutidens maskiner.<\/p>\n<p>Det kan Peter Rysgaard tale med om. Han satte sig fra morgenstunden p\u00e5 sin Bolinder-Munktell traktor, \u00e5rgang 1964 med 40 hestekr\u00e6fter og dieselmotor, og trillede mod marken i Vang.<\/p>\n<div id=\"attachment_7629\" style=\"width: 1242px\" class=\"wp-caption alignnone\"><img loading=\"lazy\" decoding=\"async\" aria-describedby=\"caption-attachment-7629\" class=\"wp-image-7629 size-full\" src=\"https:\/\/kunmedierne.dk\/thy\/wp-content\/uploads\/sites\/2\/2025\/08\/Design-uden-navn-2025-08-02T211352.693.jpg\" alt=\"\" width=\"1232\" height=\"821\" srcset=\"https:\/\/kunmedierne.dk\/thy\/wp-content\/uploads\/sites\/2\/2025\/08\/Design-uden-navn-2025-08-02T211352.693.jpg 1232w, https:\/\/kunmedierne.dk\/thy\/wp-content\/uploads\/sites\/2\/2025\/08\/Design-uden-navn-2025-08-02T211352.693-300x200.jpg 300w, https:\/\/kunmedierne.dk\/thy\/wp-content\/uploads\/sites\/2\/2025\/08\/Design-uden-navn-2025-08-02T211352.693-1024x682.jpg 1024w, https:\/\/kunmedierne.dk\/thy\/wp-content\/uploads\/sites\/2\/2025\/08\/Design-uden-navn-2025-08-02T211352.693-510x340.jpg 510w\" sizes=\"auto, (max-width: 1232px) 100vw, 1232px\" \/><p id=\"caption-attachment-7629\" class=\"wp-caption-text\">Peter Rysgaard slippe alle Bolinder-Munktell traktorens 40 hestekr\u00e6fter l\u00f8s i endnu et fors\u00f8g p\u00e5 at tr\u00e6kke sl\u00e6den l\u00e6ngst muligt. Foto: Jens Fogh-Andersen<\/p><\/div>\n<p>&nbsp;<\/p>\n<p>Fra Sundby Thy er det en tur p\u00e5 en times tid, men dagen p\u00e5 marken er det hele v\u00e6rd, n\u00e5r man som Peter er passioneret veterantraktor-entusiast og ikke bare ejer en, men hele to Bolinder-Munktell traktorer. Ingen af dem er prydgenstande, det er traktorer, der skal bruges, n\u00e5r lejligheden byder sig.<\/p>\n<p><strong>Handlet til 3.500 kroner<\/strong><\/p>\n<p>Peters traktor ser gammel ud. Den originale maling er temmelig afskallet, og p\u00e5 den ene bagsk\u00e6rm er den helt slidt af.<\/p>\n<p>&#8211; Det er der, ham som i sin tid brugte den i marken, har hvilet sin h\u00f8jre h\u00e5nd, s\u00e5 det er blevet til nogen timer i marken p\u00e5 den traktor, siger Peter Rysgaard som forklaring p\u00e5, hvorfor traktoren ikke er f\u00f8rt tilbage til det udseende den havde, da den for 61 \u00e5r siden var ny. Det er den ikke mere, og m\u00e5 gerne ses.<\/p>\n<a class=\"dvrt-link\" onClick=\"cdmtrack_click(4416,jQuery(this));return false\" href=\"https:\/\/sdrhaa.dk\/\"><img decoding=\"async\" style=\"width:100%;\" src=\"https:\/\/kunmedierne.dk\/thy\/wp-content\/uploads\/sites\/2\/2025\/05\/260302Din-gebyrvenlige-sparekasse_SHS_Thy-1.gif\"><\/a><script>cdmtrack_view(4416);<\/script>\n<p>Bolinder-Munktell er en svensk traktor. Firmaet blev k\u00f8bt af Volvo i 1950 og s\u00e5 blev navnet til BM Volvo.<\/p>\n<p>Peters konkurrencetraktor er k\u00f8bt p\u00e5 Sj\u00e6lland for 15 \u00e5r siden som hans anden Bolinder-Munktell. Han havde en i forvejen, en \u00e5rgang 1963 med benzinmotor. Den k\u00f8bte han for 32 \u00e5r siden for sine konfirmationspenge. S\u00e6lgeren var naboen hjemme i Gl. Bedsted, og traktoren blev handlet til 3.500 kroner.<\/p>\n<div id=\"attachment_7634\" style=\"width: 1242px\" class=\"wp-caption alignnone\"><img loading=\"lazy\" decoding=\"async\" aria-describedby=\"caption-attachment-7634\" class=\"wp-image-7634 size-full\" src=\"https:\/\/kunmedierne.dk\/thy\/wp-content\/uploads\/sites\/2\/2025\/08\/Design-uden-navn-2025-08-02T211505.831.jpg\" alt=\"\" width=\"1232\" height=\"821\" srcset=\"https:\/\/kunmedierne.dk\/thy\/wp-content\/uploads\/sites\/2\/2025\/08\/Design-uden-navn-2025-08-02T211505.831.jpg 1232w, https:\/\/kunmedierne.dk\/thy\/wp-content\/uploads\/sites\/2\/2025\/08\/Design-uden-navn-2025-08-02T211505.831-300x200.jpg 300w, https:\/\/kunmedierne.dk\/thy\/wp-content\/uploads\/sites\/2\/2025\/08\/Design-uden-navn-2025-08-02T211505.831-1024x682.jpg 1024w, https:\/\/kunmedierne.dk\/thy\/wp-content\/uploads\/sites\/2\/2025\/08\/Design-uden-navn-2025-08-02T211505.831-510x340.jpg 510w\" sizes=\"auto, (max-width: 1232px) 100vw, 1232px\" \/><p id=\"caption-attachment-7634\" class=\"wp-caption-text\">Dette fors\u00f8g endte p\u00e5 56,9 meter. Foto: Jens Fogh-Andersen<\/p><\/div>\n<p>&nbsp;<\/p>\n<p>&#8211; Jeg har de to traktorer s\u00e5dan mest for sjov. Det er en hobby, men de bliver da ogs\u00e5 brugt, siger Peter Rysgaard til tilf\u00f8jer, at traktortr\u00e6kket i Vang er en af de sjove anledninger til at f\u00e5 gang i det gamle maskineri, som fungerer up\u00e5klageligt.<\/p>\n<p><strong>Fornemmelse for mekanik<\/strong><\/p>\n<p>&#8211; Traktorerne skal bare passes og holdes i orden. S\u00e5 k\u00f8rer de. Reservedele kan skaffes, hvis det er n\u00f8dvendigt og s\u00e5 kr\u00e6ver det bare lidt tid og passe dem i \u00e5rets l\u00f8b, fort\u00e6ller han.<\/p>\n<div id=\"attachment_7631\" style=\"width: 1242px\" class=\"wp-caption alignnone\"><img loading=\"lazy\" decoding=\"async\" aria-describedby=\"caption-attachment-7631\" class=\"wp-image-7631 size-full\" src=\"https:\/\/kunmedierne.dk\/thy\/wp-content\/uploads\/sites\/2\/2025\/08\/Design-uden-navn-2025-08-02T211611.890.jpg\" alt=\"\" width=\"1232\" height=\"821\" srcset=\"https:\/\/kunmedierne.dk\/thy\/wp-content\/uploads\/sites\/2\/2025\/08\/Design-uden-navn-2025-08-02T211611.890.jpg 1232w, https:\/\/kunmedierne.dk\/thy\/wp-content\/uploads\/sites\/2\/2025\/08\/Design-uden-navn-2025-08-02T211611.890-300x200.jpg 300w, https:\/\/kunmedierne.dk\/thy\/wp-content\/uploads\/sites\/2\/2025\/08\/Design-uden-navn-2025-08-02T211611.890-1024x682.jpg 1024w, https:\/\/kunmedierne.dk\/thy\/wp-content\/uploads\/sites\/2\/2025\/08\/Design-uden-navn-2025-08-02T211611.890-510x340.jpg 510w\" sizes=\"auto, (max-width: 1232px) 100vw, 1232px\" \/><p id=\"caption-attachment-7631\" class=\"wp-caption-text\">Alderen kan ingen l\u00f8be fra. Heller ikke en traktor, men det er helt op til ejeren selv at bestemme, hvordan den skal tage sig ud. Foto: Jerns Fogh-Andersen.<\/p><\/div>\n<p>&nbsp;<\/p>\n<p>Tid er 10-20 timer \u00e5rligt, men det skader heller ikke at have lidt fornemmelse for mekanik og motorer, hvis hobbyen ikke skal blive alt for dyr. Og det har Peter, som er udl\u00e6rt automekaniker og til daglig arbejder med maskiner.<\/p>\n<p>&#8211; Man skal vide, hvad man har med at g\u00f8re, s\u00e5 jo, det her er nok en hobby for dem, der ved noget om mekanik, siger Peter og tilf\u00f8jer, at han ikke vil anbefale g\u00f8r det selv-manden uden h\u00e5ndelag for mekanik at give sig i kast med en veterantraktor. Det kan blive en dyr forn\u00f8jelse.<\/p>\n<a class=\"dvrt-link\" onClick=\"cdmtrack_click(683,jQuery(this));return false\" href=\"https:\/\/vester-begr.dk\/?utm_source=google&amp;utm_medium=advative&amp;gad_source=1&amp;gclid=Cj0KCQjwtJ6_BhDWARIsAGanmKfl-hGVVjCYiOgSKoGoxrow4kvXybZsnruKJYTslvqZDywT6a9PCQwaAmBjEALw_wcB\"><img decoding=\"async\" style=\"width:100%;\" src=\"https:\/\/kunmedierne.dk\/thy\/wp-content\/uploads\/sites\/2\/2025\/03\/260203VesterHoukaer-02022026.jpg\"><\/a><script>cdmtrack_view(683);<\/script>\n<p>Til geng\u00e6ld er det en hobby, Peter Rysgaard har helt for sig selv. Hverken hans kone eller parrets tre d\u00f8tre interesserer sig for veterantraktorer eller traktortr\u00e6k, s\u00e5 n\u00e5r han pusler med traktorerne, laver familien noget andet.<\/p>\n<div id=\"attachment_7630\" style=\"width: 1242px\" class=\"wp-caption alignnone\"><img loading=\"lazy\" decoding=\"async\" aria-describedby=\"caption-attachment-7630\" class=\"wp-image-7630 size-full\" src=\"https:\/\/kunmedierne.dk\/thy\/wp-content\/uploads\/sites\/2\/2025\/08\/Design-uden-navn-2025-08-02T211321.085.jpg\" alt=\"\" width=\"1232\" height=\"821\" srcset=\"https:\/\/kunmedierne.dk\/thy\/wp-content\/uploads\/sites\/2\/2025\/08\/Design-uden-navn-2025-08-02T211321.085.jpg 1232w, https:\/\/kunmedierne.dk\/thy\/wp-content\/uploads\/sites\/2\/2025\/08\/Design-uden-navn-2025-08-02T211321.085-300x200.jpg 300w, https:\/\/kunmedierne.dk\/thy\/wp-content\/uploads\/sites\/2\/2025\/08\/Design-uden-navn-2025-08-02T211321.085-1024x682.jpg 1024w, https:\/\/kunmedierne.dk\/thy\/wp-content\/uploads\/sites\/2\/2025\/08\/Design-uden-navn-2025-08-02T211321.085-510x340.jpg 510w\" sizes=\"auto, (max-width: 1232px) 100vw, 1232px\" \/><p id=\"caption-attachment-7630\" class=\"wp-caption-text\">S\u00e5 skal der tr\u00e6kkes&#8230; Foto: Jens Fogh-Andersen<\/p><\/div>\n<p>&nbsp;<\/p>\n<p>&#8211; Selv synes jeg ikke, man bliver for gammel til det her &#8211; og heller ikke for ung, siger den 48-\u00e5rige traktorentusiast, inden han f\u00e5r traktoren sp\u00e6ndt for sl\u00e6den og gasser op i et nyt fors\u00f8g p\u00e5 at n\u00e5 et &#8220;full pull&#8221;. Han kom ud p\u00e5 56,9 meter.<\/p>\n<p><strong>Et spor i marken<\/strong><\/p>\n<p>Peter Gregersen l\u00e6gger mark til traktortr\u00e6kket og alt det, der f\u00f8lger med af underholdning i l\u00f8bet af en dag, som slutter med grillet kamsteg med tilbeh\u00f8r for de 80, som sikrede sig en kuvert ved bordene i teltet, som i dages l\u00f8b er samlingspunkt for tilskuerne p\u00e5 pladsen.<\/p>\n<p>Dagen er lavet i samarbejde mellem borgerforeningen og Vang-Tvorup Veterantraktortr\u00e6k Klub og den forening, der ejer sl\u00e6den, som traktorerne tr\u00e6kker hen over marken.<\/p>\n<a class=\"dvrt-link\" onClick=\"cdmtrack_click(18790,jQuery(this));return false\" href=\"https:\/\/thymors.dk\/sponsorater\/15-til-faellesskabet?utm_source=kunthy&amp;utm_medium=annonce&amp;utm_campaign=sponsorater\"><img decoding=\"async\" style=\"width:100%;\" src=\"https:\/\/kunmedierne.dk\/thy\/wp-content\/uploads\/sites\/2\/2026\/03\/260407ThyMors-energi_faellesskab_generel-1.jpg\"><\/a><script>cdmtrack_view(18790);<\/script>\n<p>&#8211; Vi startede det her for 14 \u00e5r siden, siger Peter Gregersen som lige denne dag p\u00e5 \u00e5ret godt vil kalde det stadig mere mudrede spor i gr\u00e6smarken for Veterantraktortr\u00e6kbane Vang.<\/p>\n<div id=\"attachment_7632\" style=\"width: 1242px\" class=\"wp-caption alignnone\"><img loading=\"lazy\" decoding=\"async\" aria-describedby=\"caption-attachment-7632\" class=\"wp-image-7632 size-full\" src=\"https:\/\/kunmedierne.dk\/thy\/wp-content\/uploads\/sites\/2\/2025\/08\/Design-uden-navn-2025-08-02T211539.763.jpg\" alt=\"\" width=\"1232\" height=\"821\" srcset=\"https:\/\/kunmedierne.dk\/thy\/wp-content\/uploads\/sites\/2\/2025\/08\/Design-uden-navn-2025-08-02T211539.763.jpg 1232w, https:\/\/kunmedierne.dk\/thy\/wp-content\/uploads\/sites\/2\/2025\/08\/Design-uden-navn-2025-08-02T211539.763-300x200.jpg 300w, https:\/\/kunmedierne.dk\/thy\/wp-content\/uploads\/sites\/2\/2025\/08\/Design-uden-navn-2025-08-02T211539.763-1024x682.jpg 1024w, https:\/\/kunmedierne.dk\/thy\/wp-content\/uploads\/sites\/2\/2025\/08\/Design-uden-navn-2025-08-02T211539.763-510x340.jpg 510w\" sizes=\"auto, (max-width: 1232px) 100vw, 1232px\" \/><p id=\"caption-attachment-7632\" class=\"wp-caption-text\">Jo l\u00e6ngere ud af banen, jo h\u00e5rdere bliver det &#8211; og s\u00e5 g\u00e5r det i st\u00e5. Foto: Jens Fogh-Andersen<\/p><\/div>\n<p>&nbsp;<\/p>\n<p>Peter Gregersen k\u00f8bte sl\u00e6den i Doverodde, og s\u00e5 var der grundlag for at g\u00e5 all in, denne ene gang om \u00e5ret. Og s\u00e5 blev der lavet en &#8220;sl\u00e6deforening&#8221; for en to tre \u00e5r siden for at forankre det \u00e5rlige traktortr\u00e6k som endnu en lokal begivenhed at samles om.<\/p>\n<p>Og mangler Peter Gregersen traktorer til at tr\u00e6kke sl\u00e6den, har han selv rigeligt. Han har 16-17 stykker foruden andre gamle k\u00f8ret\u00f8jer i samlingen, som vokser, s\u00e5 l\u00e6nge der er plads p\u00e5 hans ejendom.<\/p>\n<p>&nbsp;<\/p>\n","protected":false},"excerpt":{"rendered":"<p>P\u00e5 KunThy kigger vi tilbage p\u00e5 \u00e5ret der gik. Dette er en genudgivelse. Artiklen udkom f\u00f8rste gang den 3. august 2025 VANG: De kom fra Mors, Sydthy, Hjardem\u00e5l og helt fra Lemvig &#8211; og s\u00e5 var der Peter Rysgaard, som havde taget turen fra Sundby Thy til Peter Gregersens gr\u00e6smark p\u00e5 Mellemvej i Vang, som [&hellip;]<\/p>\n","protected":false},"author":4535,"featured_media":0,"comment_status":"closed","ping_status":"closed","sticky":false,"template":"","format":"standard","meta":{"_acf_changed":false,"footnotes":""},"categories":[24],"tags":[52,38],"class_list":["post-7625","post","type-post","status-publish","format-standard","hentry","category-lokalt","tag-fritid","tag-mennesker"],"acf":[],"yoast_head":"<!-- This site is optimized with the Yoast SEO plugin v26.8 - https:\/\/yoast.com\/product\/yoast-seo-wordpress\/ -->\n<title>For 32 \u00e5r siden brugte Peter konfirmationspengene p\u00e5 en veteran-traktor - og han har den stadig - Thy<\/title>\n<meta name=\"robots\" content=\"index, follow, max-snippet:-1, max-image-preview:large, max-video-preview:-1\" \/>\n<link rel=\"canonical\" href=\"https:\/\/kunmedierne.dk\/thy\/for-32-aar-siden-brugte-peter-konfirmationspengene-paa-en-veteran-traktor-og-han-har-den-stadig\/\" \/>\n<meta property=\"og:locale\" content=\"da_DK\" \/>\n<meta property=\"og:type\" content=\"article\" \/>\n<meta property=\"og:title\" content=\"For 32 \u00e5r siden brugte Peter konfirmationspengene p\u00e5 en veteran-traktor - og han har den stadig - Thy\" \/>\n<meta property=\"og:description\" content=\"P\u00e5 KunThy kigger vi tilbage p\u00e5 \u00e5ret der gik. Dette er en genudgivelse. Artiklen udkom f\u00f8rste gang den 3. august 2025 VANG: De kom fra Mors, Sydthy, Hjardem\u00e5l og helt fra Lemvig &#8211; og s\u00e5 var der Peter Rysgaard, som havde taget turen fra Sundby Thy til Peter Gregersens gr\u00e6smark p\u00e5 Mellemvej i Vang, som [&hellip;]\" \/>\n<meta property=\"og:url\" content=\"https:\/\/kunmedierne.dk\/thy\/for-32-aar-siden-brugte-peter-konfirmationspengene-paa-en-veteran-traktor-og-han-har-den-stadig\/\" \/>\n<meta property=\"og:site_name\" content=\"Thy\" \/>\n<meta property=\"article:published_time\" content=\"2026-01-02T04:59:21+00:00\" \/>\n<meta property=\"og:image\" content=\"https:\/\/kunmedierne.dk\/thy\/wp-content\/uploads\/sites\/2\/2025\/08\/Design-uden-navn-2025-08-02T211352.693.jpg\" \/>\n<meta name=\"author\" content=\"Jens Fogh Andersen\" \/>\n<meta name=\"twitter:card\" content=\"summary_large_image\" \/>\n<meta name=\"twitter:label1\" content=\"Skrevet af\" \/>\n\t<meta name=\"twitter:data1\" content=\"Jens Fogh Andersen\" \/>\n\t<meta name=\"twitter:label2\" content=\"Estimeret l\u00e6setid\" \/>\n\t<meta name=\"twitter:data2\" content=\"7 minutter\" \/>\n<script type=\"application\/ld+json\" class=\"yoast-schema-graph\">{\"@context\":\"https:\/\/schema.org\",\"@graph\":[{\"@type\":\"Article\",\"@id\":\"https:\/\/kunmedierne.dk\/thy\/for-32-aar-siden-brugte-peter-konfirmationspengene-paa-en-veteran-traktor-og-han-har-den-stadig\/#article\",\"isPartOf\":{\"@id\":\"https:\/\/kunmedierne.dk\/thy\/for-32-aar-siden-brugte-peter-konfirmationspengene-paa-en-veteran-traktor-og-han-har-den-stadig\/\"},\"author\":{\"name\":\"Jens Fogh Andersen\",\"@id\":\"https:\/\/kunmedierne.dk\/thy\/#\/schema\/person\/88f5be46809ca2a5533760eb574fef93\"},\"headline\":\"For 32 \u00e5r siden brugte Peter konfirmationspengene p\u00e5 en veteran-traktor &#8211; og han har den stadig\",\"datePublished\":\"2026-01-02T04:59:21+00:00\",\"mainEntityOfPage\":{\"@id\":\"https:\/\/kunmedierne.dk\/thy\/for-32-aar-siden-brugte-peter-konfirmationspengene-paa-en-veteran-traktor-og-han-har-den-stadig\/\"},\"wordCount\":1023,\"publisher\":{\"@id\":\"https:\/\/kunmedierne.dk\/thy\/#organization\"},\"image\":{\"@id\":\"https:\/\/kunmedierne.dk\/thy\/for-32-aar-siden-brugte-peter-konfirmationspengene-paa-en-veteran-traktor-og-han-har-den-stadig\/#primaryimage\"},\"thumbnailUrl\":\"https:\/\/kunmedierne.dk\/thy\/wp-content\/uploads\/sites\/2\/2025\/08\/Design-uden-navn-2025-08-02T211352.693.jpg\",\"keywords\":[\"Fritid\",\"Mennesker\"],\"articleSection\":[\"Lokalt\"],\"inLanguage\":\"da-DK\"},{\"@type\":\"WebPage\",\"@id\":\"https:\/\/kunmedierne.dk\/thy\/for-32-aar-siden-brugte-peter-konfirmationspengene-paa-en-veteran-traktor-og-han-har-den-stadig\/\",\"url\":\"https:\/\/kunmedierne.dk\/thy\/for-32-aar-siden-brugte-peter-konfirmationspengene-paa-en-veteran-traktor-og-han-har-den-stadig\/\",\"name\":\"For 32 \u00e5r siden brugte Peter konfirmationspengene p\u00e5 en veteran-traktor - og han har den stadig - Thy\",\"isPartOf\":{\"@id\":\"https:\/\/kunmedierne.dk\/thy\/#website\"},\"primaryImageOfPage\":{\"@id\":\"https:\/\/kunmedierne.dk\/thy\/for-32-aar-siden-brugte-peter-konfirmationspengene-paa-en-veteran-traktor-og-han-har-den-stadig\/#primaryimage\"},\"image\":{\"@id\":\"https:\/\/kunmedierne.dk\/thy\/for-32-aar-siden-brugte-peter-konfirmationspengene-paa-en-veteran-traktor-og-han-har-den-stadig\/#primaryimage\"},\"thumbnailUrl\":\"https:\/\/kunmedierne.dk\/thy\/wp-content\/uploads\/sites\/2\/2025\/08\/Design-uden-navn-2025-08-02T211352.693.jpg\",\"datePublished\":\"2026-01-02T04:59:21+00:00\",\"breadcrumb\":{\"@id\":\"https:\/\/kunmedierne.dk\/thy\/for-32-aar-siden-brugte-peter-konfirmationspengene-paa-en-veteran-traktor-og-han-har-den-stadig\/#breadcrumb\"},\"inLanguage\":\"da-DK\",\"potentialAction\":[{\"@type\":\"ReadAction\",\"target\":[\"https:\/\/kunmedierne.dk\/thy\/for-32-aar-siden-brugte-peter-konfirmationspengene-paa-en-veteran-traktor-og-han-har-den-stadig\/\"]}]},{\"@type\":\"ImageObject\",\"inLanguage\":\"da-DK\",\"@id\":\"https:\/\/kunmedierne.dk\/thy\/for-32-aar-siden-brugte-peter-konfirmationspengene-paa-en-veteran-traktor-og-han-har-den-stadig\/#primaryimage\",\"url\":\"https:\/\/kunmedierne.dk\/thy\/wp-content\/uploads\/sites\/2\/2025\/08\/Design-uden-navn-2025-08-02T211352.693.jpg\",\"contentUrl\":\"https:\/\/kunmedierne.dk\/thy\/wp-content\/uploads\/sites\/2\/2025\/08\/Design-uden-navn-2025-08-02T211352.693.jpg\",\"width\":1232,\"height\":821},{\"@type\":\"BreadcrumbList\",\"@id\":\"https:\/\/kunmedierne.dk\/thy\/for-32-aar-siden-brugte-peter-konfirmationspengene-paa-en-veteran-traktor-og-han-har-den-stadig\/#breadcrumb\",\"itemListElement\":[{\"@type\":\"ListItem\",\"position\":1,\"name\":\"Home\",\"item\":\"https:\/\/kunmedierne.dk\/thy\/\"},{\"@type\":\"ListItem\",\"position\":2,\"name\":\"For 32 \u00e5r siden brugte Peter konfirmationspengene p\u00e5 en veteran-traktor &#8211; og han har den stadig\"}]},{\"@type\":\"WebSite\",\"@id\":\"https:\/\/kunmedierne.dk\/thy\/#website\",\"url\":\"https:\/\/kunmedierne.dk\/thy\/\",\"name\":\"Thy\",\"description\":\"et netmedie med journalistik om livet i Thy\",\"publisher\":{\"@id\":\"https:\/\/kunmedierne.dk\/thy\/#organization\"},\"potentialAction\":[{\"@type\":\"SearchAction\",\"target\":{\"@type\":\"EntryPoint\",\"urlTemplate\":\"https:\/\/kunmedierne.dk\/thy\/?s={search_term_string}\"},\"query-input\":{\"@type\":\"PropertyValueSpecification\",\"valueRequired\":true,\"valueName\":\"search_term_string\"}}],\"inLanguage\":\"da-DK\"},{\"@type\":\"Organization\",\"@id\":\"https:\/\/kunmedierne.dk\/thy\/#organization\",\"name\":\"Thy\",\"url\":\"https:\/\/kunmedierne.dk\/thy\/\",\"logo\":{\"@type\":\"ImageObject\",\"inLanguage\":\"da-DK\",\"@id\":\"https:\/\/kunmedierne.dk\/thy\/#\/schema\/logo\/image\/\",\"url\":\"https:\/\/kunmedierne.dk\/thy\/wp-content\/uploads\/sites\/2\/2025\/04\/kunthy-logo.svg\",\"contentUrl\":\"https:\/\/kunmedierne.dk\/thy\/wp-content\/uploads\/sites\/2\/2025\/04\/kunthy-logo.svg\",\"caption\":\"Thy\"},\"image\":{\"@id\":\"https:\/\/kunmedierne.dk\/thy\/#\/schema\/logo\/image\/\"}},{\"@type\":\"Person\",\"@id\":\"https:\/\/kunmedierne.dk\/thy\/#\/schema\/person\/88f5be46809ca2a5533760eb574fef93\",\"name\":\"Jens Fogh Andersen\",\"image\":{\"@type\":\"ImageObject\",\"inLanguage\":\"da-DK\",\"@id\":\"https:\/\/kunmedierne.dk\/thy\/#\/schema\/person\/image\/\",\"url\":\"https:\/\/secure.gravatar.com\/avatar\/2b367a4ef139b1c41dccc9ee7af926b81f8b4cca3359772e86c7fd5ced26c0a3?s=96&d=mm&r=g\",\"contentUrl\":\"https:\/\/secure.gravatar.com\/avatar\/2b367a4ef139b1c41dccc9ee7af926b81f8b4cca3359772e86c7fd5ced26c0a3?s=96&d=mm&r=g\",\"caption\":\"Jens Fogh Andersen\"},\"url\":\"https:\/\/kunmedierne.dk\/thy\/author\/jfa\/\"}]}<\/script>\n<!-- \/ Yoast SEO plugin. -->","yoast_head_json":{"title":"For 32 \u00e5r siden brugte Peter konfirmationspengene p\u00e5 en veteran-traktor - og han har den stadig - Thy","robots":{"index":"index","follow":"follow","max-snippet":"max-snippet:-1","max-image-preview":"max-image-preview:large","max-video-preview":"max-video-preview:-1"},"canonical":"https:\/\/kunmedierne.dk\/thy\/for-32-aar-siden-brugte-peter-konfirmationspengene-paa-en-veteran-traktor-og-han-har-den-stadig\/","og_locale":"da_DK","og_type":"article","og_title":"For 32 \u00e5r siden brugte Peter konfirmationspengene p\u00e5 en veteran-traktor - og han har den stadig - Thy","og_description":"P\u00e5 KunThy kigger vi tilbage p\u00e5 \u00e5ret der gik. Dette er en genudgivelse. Artiklen udkom f\u00f8rste gang den 3. august 2025 VANG: De kom fra Mors, Sydthy, Hjardem\u00e5l og helt fra Lemvig &#8211; og s\u00e5 var der Peter Rysgaard, som havde taget turen fra Sundby Thy til Peter Gregersens gr\u00e6smark p\u00e5 Mellemvej i Vang, som [&hellip;]","og_url":"https:\/\/kunmedierne.dk\/thy\/for-32-aar-siden-brugte-peter-konfirmationspengene-paa-en-veteran-traktor-og-han-har-den-stadig\/","og_site_name":"Thy","article_published_time":"2026-01-02T04:59:21+00:00","og_image":[{"url":"https:\/\/kunmedierne.dk\/thy\/wp-content\/uploads\/sites\/2\/2025\/08\/Design-uden-navn-2025-08-02T211352.693.jpg","type":"","width":"","height":""}],"author":"Jens Fogh Andersen","twitter_card":"summary_large_image","twitter_misc":{"Skrevet af":"Jens Fogh Andersen","Estimeret l\u00e6setid":"7 minutter"},"schema":{"@context":"https:\/\/schema.org","@graph":[{"@type":"Article","@id":"https:\/\/kunmedierne.dk\/thy\/for-32-aar-siden-brugte-peter-konfirmationspengene-paa-en-veteran-traktor-og-han-har-den-stadig\/#article","isPartOf":{"@id":"https:\/\/kunmedierne.dk\/thy\/for-32-aar-siden-brugte-peter-konfirmationspengene-paa-en-veteran-traktor-og-han-har-den-stadig\/"},"author":{"name":"Jens Fogh Andersen","@id":"https:\/\/kunmedierne.dk\/thy\/#\/schema\/person\/88f5be46809ca2a5533760eb574fef93"},"headline":"For 32 \u00e5r siden brugte Peter konfirmationspengene p\u00e5 en veteran-traktor &#8211; og han har den stadig","datePublished":"2026-01-02T04:59:21+00:00","mainEntityOfPage":{"@id":"https:\/\/kunmedierne.dk\/thy\/for-32-aar-siden-brugte-peter-konfirmationspengene-paa-en-veteran-traktor-og-han-har-den-stadig\/"},"wordCount":1023,"publisher":{"@id":"https:\/\/kunmedierne.dk\/thy\/#organization"},"image":{"@id":"https:\/\/kunmedierne.dk\/thy\/for-32-aar-siden-brugte-peter-konfirmationspengene-paa-en-veteran-traktor-og-han-har-den-stadig\/#primaryimage"},"thumbnailUrl":"https:\/\/kunmedierne.dk\/thy\/wp-content\/uploads\/sites\/2\/2025\/08\/Design-uden-navn-2025-08-02T211352.693.jpg","keywords":["Fritid","Mennesker"],"articleSection":["Lokalt"],"inLanguage":"da-DK"},{"@type":"WebPage","@id":"https:\/\/kunmedierne.dk\/thy\/for-32-aar-siden-brugte-peter-konfirmationspengene-paa-en-veteran-traktor-og-han-har-den-stadig\/","url":"https:\/\/kunmedierne.dk\/thy\/for-32-aar-siden-brugte-peter-konfirmationspengene-paa-en-veteran-traktor-og-han-har-den-stadig\/","name":"For 32 \u00e5r siden brugte Peter konfirmationspengene p\u00e5 en veteran-traktor - og han har den stadig - Thy","isPartOf":{"@id":"https:\/\/kunmedierne.dk\/thy\/#website"},"primaryImageOfPage":{"@id":"https:\/\/kunmedierne.dk\/thy\/for-32-aar-siden-brugte-peter-konfirmationspengene-paa-en-veteran-traktor-og-han-har-den-stadig\/#primaryimage"},"image":{"@id":"https:\/\/kunmedierne.dk\/thy\/for-32-aar-siden-brugte-peter-konfirmationspengene-paa-en-veteran-traktor-og-han-har-den-stadig\/#primaryimage"},"thumbnailUrl":"https:\/\/kunmedierne.dk\/thy\/wp-content\/uploads\/sites\/2\/2025\/08\/Design-uden-navn-2025-08-02T211352.693.jpg","datePublished":"2026-01-02T04:59:21+00:00","breadcrumb":{"@id":"https:\/\/kunmedierne.dk\/thy\/for-32-aar-siden-brugte-peter-konfirmationspengene-paa-en-veteran-traktor-og-han-har-den-stadig\/#breadcrumb"},"inLanguage":"da-DK","potentialAction":[{"@type":"ReadAction","target":["https:\/\/kunmedierne.dk\/thy\/for-32-aar-siden-brugte-peter-konfirmationspengene-paa-en-veteran-traktor-og-han-har-den-stadig\/"]}]},{"@type":"ImageObject","inLanguage":"da-DK","@id":"https:\/\/kunmedierne.dk\/thy\/for-32-aar-siden-brugte-peter-konfirmationspengene-paa-en-veteran-traktor-og-han-har-den-stadig\/#primaryimage","url":"https:\/\/kunmedierne.dk\/thy\/wp-content\/uploads\/sites\/2\/2025\/08\/Design-uden-navn-2025-08-02T211352.693.jpg","contentUrl":"https:\/\/kunmedierne.dk\/thy\/wp-content\/uploads\/sites\/2\/2025\/08\/Design-uden-navn-2025-08-02T211352.693.jpg","width":1232,"height":821},{"@type":"BreadcrumbList","@id":"https:\/\/kunmedierne.dk\/thy\/for-32-aar-siden-brugte-peter-konfirmationspengene-paa-en-veteran-traktor-og-han-har-den-stadig\/#breadcrumb","itemListElement":[{"@type":"ListItem","position":1,"name":"Home","item":"https:\/\/kunmedierne.dk\/thy\/"},{"@type":"ListItem","position":2,"name":"For 32 \u00e5r siden brugte Peter konfirmationspengene p\u00e5 en veteran-traktor &#8211; og han har den stadig"}]},{"@type":"WebSite","@id":"https:\/\/kunmedierne.dk\/thy\/#website","url":"https:\/\/kunmedierne.dk\/thy\/","name":"Thy","description":"et netmedie med journalistik om livet i Thy","publisher":{"@id":"https:\/\/kunmedierne.dk\/thy\/#organization"},"potentialAction":[{"@type":"SearchAction","target":{"@type":"EntryPoint","urlTemplate":"https:\/\/kunmedierne.dk\/thy\/?s={search_term_string}"},"query-input":{"@type":"PropertyValueSpecification","valueRequired":true,"valueName":"search_term_string"}}],"inLanguage":"da-DK"},{"@type":"Organization","@id":"https:\/\/kunmedierne.dk\/thy\/#organization","name":"Thy","url":"https:\/\/kunmedierne.dk\/thy\/","logo":{"@type":"ImageObject","inLanguage":"da-DK","@id":"https:\/\/kunmedierne.dk\/thy\/#\/schema\/logo\/image\/","url":"https:\/\/kunmedierne.dk\/thy\/wp-content\/uploads\/sites\/2\/2025\/04\/kunthy-logo.svg","contentUrl":"https:\/\/kunmedierne.dk\/thy\/wp-content\/uploads\/sites\/2\/2025\/04\/kunthy-logo.svg","caption":"Thy"},"image":{"@id":"https:\/\/kunmedierne.dk\/thy\/#\/schema\/logo\/image\/"}},{"@type":"Person","@id":"https:\/\/kunmedierne.dk\/thy\/#\/schema\/person\/88f5be46809ca2a5533760eb574fef93","name":"Jens Fogh Andersen","image":{"@type":"ImageObject","inLanguage":"da-DK","@id":"https:\/\/kunmedierne.dk\/thy\/#\/schema\/person\/image\/","url":"https:\/\/secure.gravatar.com\/avatar\/2b367a4ef139b1c41dccc9ee7af926b81f8b4cca3359772e86c7fd5ced26c0a3?s=96&d=mm&r=g","contentUrl":"https:\/\/secure.gravatar.com\/avatar\/2b367a4ef139b1c41dccc9ee7af926b81f8b4cca3359772e86c7fd5ced26c0a3?s=96&d=mm&r=g","caption":"Jens Fogh Andersen"},"url":"https:\/\/kunmedierne.dk\/thy\/author\/jfa\/"}]}},"_links":{"self":[{"href":"https:\/\/kunmedierne.dk\/thy\/wp-json\/wp\/v2\/posts\/7625","targetHints":{"allow":["GET"]}}],"collection":[{"href":"https:\/\/kunmedierne.dk\/thy\/wp-json\/wp\/v2\/posts"}],"about":[{"href":"https:\/\/kunmedierne.dk\/thy\/wp-json\/wp\/v2\/types\/post"}],"author":[{"embeddable":true,"href":"https:\/\/kunmedierne.dk\/thy\/wp-json\/wp\/v2\/users\/4535"}],"replies":[{"embeddable":true,"href":"https:\/\/kunmedierne.dk\/thy\/wp-json\/wp\/v2\/comments?post=7625"}],"version-history":[{"count":13,"href":"https:\/\/kunmedierne.dk\/thy\/wp-json\/wp\/v2\/posts\/7625\/revisions"}],"predecessor-version":[{"id":14676,"href":"https:\/\/kunmedierne.dk\/thy\/wp-json\/wp\/v2\/posts\/7625\/revisions\/14676"}],"wp:attachment":[{"href":"https:\/\/kunmedierne.dk\/thy\/wp-json\/wp\/v2\/media?parent=7625"}],"wp:term":[{"taxonomy":"category","embeddable":true,"href":"https:\/\/kunmedierne.dk\/thy\/wp-json\/wp\/v2\/categories?post=7625"},{"taxonomy":"post_tag","embeddable":true,"href":"https:\/\/kunmedierne.dk\/thy\/wp-json\/wp\/v2\/tags?post=7625"}],"curies":[{"name":"wp","href":"https:\/\/api.w.org\/{rel}","templated":true}]}}