{"id":7240,"date":"2025-07-26T16:29:06","date_gmt":"2025-07-26T14:29:06","guid":{"rendered":"https:\/\/kunmedierne.dk\/thy\/?p=7240"},"modified":"2025-07-26T08:41:44","modified_gmt":"2025-07-26T06:41:44","slug":"klassisk-musik-i-alle-hjoerner-af-thy-i-august","status":"publish","type":"post","link":"https:\/\/kunmedierne.dk\/thy\/klassisk-musik-i-alle-hjoerner-af-thy-i-august\/","title":{"rendered":"Klassisk musik i alle hj\u00f8rner af Thy i august"},"content":{"rendered":"<p>THY-HANN\u00c6S:\u00a0Igen i \u00e5r vil unge musikere fra nogle af verdens bedste musikskoler og konservatorier s\u00e6tte hinanden st\u00e6vne i et hj\u00f8rne af Danmark for at dyrke deres passion for kammermusik. Det g\u00f8r de sammen med fem \u00e6ldre, internationalt anerkendte kolleger, der alle har titel af professorer, men som optr\u00e6der sammen med de unge ved de 15 koncerter under Thy Kammermusikfestival.<\/p>\n<p>Festivalen, der har mere end 30 \u00e5r p\u00e5 bagen, er blevet en institution i det nordvestjyske kulturliv, og kan ogs\u00e5 tiltr\u00e6kke publikum langvejs fra.<\/p>\n<a class=\"dvrt-link\" onClick=\"cdmtrack_click(18790,jQuery(this));return false\" href=\"https:\/\/thymors.dk\/sponsorater\/15-til-faellesskabet?utm_source=kunthy&amp;utm_medium=annonce&amp;utm_campaign=sponsorater\"><img decoding=\"async\" style=\"width:100%;\" src=\"https:\/\/kunmedierne.dk\/thy\/wp-content\/uploads\/sites\/2\/2026\/03\/260407ThyMors-energi_faellesskab_generel-1.jpg\"><\/a><script>cdmtrack_view(18790);<\/script>\n<p>I \u00e5r afvikles festivalen 14.-24. august med koncerter p\u00e5 spillesteder rundt omkring i Thy samt i Nyk\u00f8bing Mors, Skive, Viborg, Lemvig og i Gug ved Aalborg. Viborg Domkirke er med som et nyt koncertsted i \u00e5r.<\/p>\n<p>Der findes talrige internationale masterclasser for musiktalenter. Men det ligev\u00e6rdige samarbejde p\u00e5 tv\u00e6rs af generationerne \u2013 alle bor og \u00f8ver i 14 dage under samme tag \u2013 har gjort Thy Kammermusikfestival til et eftertragtet tilbud for unge musikere fra hele verden. Samspillet og den f\u00e6lles oplevelse medvirker desuden til at opfylde et af festivalens erkl\u00e6rede form\u00e5l, der &#8211; udover at opf\u00f8re kammermusik af h\u00f8j kunstnerisk kvalitet &#8211; ogs\u00e5 er at fremme mellemfolkelig forst\u00e5else.<\/p>\n<a class=\"dvrt-link\" onClick=\"cdmtrack_click(683,jQuery(this));return false\" href=\"https:\/\/vester-begr.dk\/?utm_source=google&amp;utm_medium=advative&amp;gad_source=1&amp;gclid=Cj0KCQjwtJ6_BhDWARIsAGanmKfl-hGVVjCYiOgSKoGoxrow4kvXybZsnruKJYTslvqZDywT6a9PCQwaAmBjEALw_wcB\"><img decoding=\"async\" style=\"width:100%;\" src=\"https:\/\/kunmedierne.dk\/thy\/wp-content\/uploads\/sites\/2\/2025\/03\/260203VesterHoukaer-02022026.jpg\"><\/a><script>cdmtrack_view(683);<\/script>\n<p>\u00c5rets 15 deltagere er valgt blandt 67 ans\u00f8gere med 29 nationaliteter. De fem professorer, anf\u00f8rt af festivalens kunstneriske leder, den fransk-amerikanske \u2013 og dansk gifte \u2013 fl\u00f8jtenist Craig Goodman, har st\u00e5et for udv\u00e6lgelsen p\u00e5 baggrund af indsendte optagelser.<\/p>\n<p>Deltagerne kommer i \u00e5r fra 11 forskellige lande og fire kontinenter. De er mellem 20 og 31 \u00e5r og er typisk i gang med den afsluttende del af deres uddannelse. Men deres unge alder til trods har de alle l\u00e6nge haft et aktivt liv med musikken. Mange har plads i anerkendte kammerensembler og symfoniorkestre, og nogle optr\u00e6der allerede som solister.<\/p>\n<p>Koncertprogrammet var fastlagt inden ans\u00f8gningsfristens udl\u00f8b, og deltagerne forventes at kunne v\u00e6rkerne inden festivalen. Men naturligvis f\u00e5r de lejlighed til at \u00f8ve det kammermusikalske sammenspil i de til lejligheden dannede grupper.<\/p>\n<a class=\"dvrt-link\" onClick=\"cdmtrack_click(1130,jQuery(this));return false\" href=\"https:\/\/www.thistedforsikring.dk\/?utm_source=partnerskaber&amp;utm_campaign=kun_thy\"><img decoding=\"async\" style=\"width:100%;\" src=\"https:\/\/kunmedierne.dk\/thy\/wp-content\/uploads\/sites\/2\/2025\/04\/260409KunThyThisted-For-1.png\"><\/a><script>cdmtrack_view(1130);<\/script>\n<p>Programmet sp\u00e6nder i \u00e5r fra senbarokken over wienerklassikken og romantikken til helt ny kammermusik.<\/p>\n<p>Som s\u00e6dvanlig st\u00e5r et hold frivillige for alt det praktiske under Thy Kammermusikfestival, herunder bespisning af musikerne og transport til og fra koncertstederne. Primus motor for dette arbejde er Aase Odfeldt, der i \u00e5r kan fejre 20 \u00e5rs jubil\u00e6um som formand for festivalen.<\/p>\n<p>Dette \u00e5relange engagement overg\u00e5s dog af Craig Goodman, der har v\u00e6ret med i 30 \u00e5r, n\u00e6sten alle \u00e5rene som kunstnerisk leder.<\/p>\n<p>&nbsp;<\/p>\n<hr \/>\n<p>&nbsp;<\/p>\n<p>&nbsp;<\/p>\n<div id=\"attachment_7281\" style=\"width: 730px\" class=\"wp-caption alignnone\"><img loading=\"lazy\" decoding=\"async\" aria-describedby=\"caption-attachment-7281\" class=\"wp-image-7281 size-full\" src=\"https:\/\/kunmedierne.dk\/thy\/wp-content\/uploads\/sites\/2\/2025\/07\/thy-kammermusik-koncertraekke.png\" alt=\"\" width=\"720\" height=\"480\" srcset=\"https:\/\/kunmedierne.dk\/thy\/wp-content\/uploads\/sites\/2\/2025\/07\/thy-kammermusik-koncertraekke.png 720w, https:\/\/kunmedierne.dk\/thy\/wp-content\/uploads\/sites\/2\/2025\/07\/thy-kammermusik-koncertraekke-300x200.png 300w, https:\/\/kunmedierne.dk\/thy\/wp-content\/uploads\/sites\/2\/2025\/07\/thy-kammermusik-koncertraekke-510x340.png 510w\" sizes=\"auto, (max-width: 720px) 100vw, 720px\" \/><p id=\"caption-attachment-7281\" class=\"wp-caption-text\">Programmet for dette \u00e5rs koncerter i Thy Kammermusikfestival.<\/p><\/div>\n<p>&nbsp;<\/p>\n<p>&nbsp;<\/p>\n","protected":false},"excerpt":{"rendered":"<p>THY-HANN\u00c6S:\u00a0Igen i \u00e5r vil unge musikere fra nogle af verdens bedste musikskoler og konservatorier s\u00e6tte hinanden st\u00e6vne i et hj\u00f8rne af Danmark for at dyrke deres passion for kammermusik. Det g\u00f8r de sammen med fem \u00e6ldre, internationalt anerkendte kolleger, der alle har titel af professorer, men som optr\u00e6der sammen med de unge ved de 15 [&hellip;]<\/p>\n","protected":false},"author":1925,"featured_media":0,"comment_status":"closed","ping_status":"closed","sticky":false,"template":"","format":"standard","meta":{"_acf_changed":false,"footnotes":""},"categories":[21],"tags":[38,65],"class_list":["post-7240","post","type-post","status-publish","format-standard","hentry","category-kultur","tag-mennesker","tag-musik"],"acf":[],"yoast_head":"<!-- This site is optimized with the Yoast SEO plugin v26.8 - https:\/\/yoast.com\/product\/yoast-seo-wordpress\/ -->\n<title>Klassisk musik i alle hj\u00f8rner af Thy i august - Thy<\/title>\n<meta name=\"robots\" content=\"index, follow, max-snippet:-1, max-image-preview:large, max-video-preview:-1\" \/>\n<link rel=\"canonical\" href=\"https:\/\/kunmedierne.dk\/thy\/klassisk-musik-i-alle-hjoerner-af-thy-i-august\/\" \/>\n<meta property=\"og:locale\" content=\"da_DK\" \/>\n<meta property=\"og:type\" content=\"article\" \/>\n<meta property=\"og:title\" content=\"Klassisk musik i alle hj\u00f8rner af Thy i august - Thy\" \/>\n<meta property=\"og:description\" content=\"THY-HANN\u00c6S:\u00a0Igen i \u00e5r vil unge musikere fra nogle af verdens bedste musikskoler og konservatorier s\u00e6tte hinanden st\u00e6vne i et hj\u00f8rne af Danmark for at dyrke deres passion for kammermusik. Det g\u00f8r de sammen med fem \u00e6ldre, internationalt anerkendte kolleger, der alle har titel af professorer, men som optr\u00e6der sammen med de unge ved de 15 [&hellip;]\" \/>\n<meta property=\"og:url\" content=\"https:\/\/kunmedierne.dk\/thy\/klassisk-musik-i-alle-hjoerner-af-thy-i-august\/\" \/>\n<meta property=\"og:site_name\" content=\"Thy\" \/>\n<meta property=\"article:published_time\" content=\"2025-07-26T14:29:06+00:00\" \/>\n<meta property=\"og:image\" content=\"https:\/\/kunmedierne.dk\/thy\/wp-content\/uploads\/sites\/2\/2025\/07\/thy-kammermusik-koncertraekke.png\" \/>\n<meta name=\"author\" content=\"Lone L\u00e6rke Krog\" \/>\n<meta name=\"twitter:card\" content=\"summary_large_image\" \/>\n<meta name=\"twitter:label1\" content=\"Skrevet af\" \/>\n\t<meta name=\"twitter:data1\" content=\"Lone L\u00e6rke Krog\" \/>\n\t<meta name=\"twitter:label2\" content=\"Estimeret l\u00e6setid\" \/>\n\t<meta name=\"twitter:data2\" content=\"3 minutter\" \/>\n<script type=\"application\/ld+json\" class=\"yoast-schema-graph\">{\"@context\":\"https:\/\/schema.org\",\"@graph\":[{\"@type\":\"Article\",\"@id\":\"https:\/\/kunmedierne.dk\/thy\/klassisk-musik-i-alle-hjoerner-af-thy-i-august\/#article\",\"isPartOf\":{\"@id\":\"https:\/\/kunmedierne.dk\/thy\/klassisk-musik-i-alle-hjoerner-af-thy-i-august\/\"},\"author\":{\"name\":\"Lone L\u00e6rke Krog\",\"@id\":\"https:\/\/kunmedierne.dk\/thy\/#\/schema\/person\/d266634ba6550d075ecf540d63b245d2\"},\"headline\":\"Klassisk musik i alle hj\u00f8rner af Thy i august\",\"datePublished\":\"2025-07-26T14:29:06+00:00\",\"mainEntityOfPage\":{\"@id\":\"https:\/\/kunmedierne.dk\/thy\/klassisk-musik-i-alle-hjoerner-af-thy-i-august\/\"},\"wordCount\":455,\"publisher\":{\"@id\":\"https:\/\/kunmedierne.dk\/thy\/#organization\"},\"image\":{\"@id\":\"https:\/\/kunmedierne.dk\/thy\/klassisk-musik-i-alle-hjoerner-af-thy-i-august\/#primaryimage\"},\"thumbnailUrl\":\"https:\/\/kunmedierne.dk\/thy\/wp-content\/uploads\/sites\/2\/2025\/07\/thy-kammermusik-koncertraekke.png\",\"keywords\":[\"Mennesker\",\"Musik\"],\"articleSection\":[\"Kultur\"],\"inLanguage\":\"da-DK\"},{\"@type\":\"WebPage\",\"@id\":\"https:\/\/kunmedierne.dk\/thy\/klassisk-musik-i-alle-hjoerner-af-thy-i-august\/\",\"url\":\"https:\/\/kunmedierne.dk\/thy\/klassisk-musik-i-alle-hjoerner-af-thy-i-august\/\",\"name\":\"Klassisk musik i alle hj\u00f8rner af Thy i august - Thy\",\"isPartOf\":{\"@id\":\"https:\/\/kunmedierne.dk\/thy\/#website\"},\"primaryImageOfPage\":{\"@id\":\"https:\/\/kunmedierne.dk\/thy\/klassisk-musik-i-alle-hjoerner-af-thy-i-august\/#primaryimage\"},\"image\":{\"@id\":\"https:\/\/kunmedierne.dk\/thy\/klassisk-musik-i-alle-hjoerner-af-thy-i-august\/#primaryimage\"},\"thumbnailUrl\":\"https:\/\/kunmedierne.dk\/thy\/wp-content\/uploads\/sites\/2\/2025\/07\/thy-kammermusik-koncertraekke.png\",\"datePublished\":\"2025-07-26T14:29:06+00:00\",\"breadcrumb\":{\"@id\":\"https:\/\/kunmedierne.dk\/thy\/klassisk-musik-i-alle-hjoerner-af-thy-i-august\/#breadcrumb\"},\"inLanguage\":\"da-DK\",\"potentialAction\":[{\"@type\":\"ReadAction\",\"target\":[\"https:\/\/kunmedierne.dk\/thy\/klassisk-musik-i-alle-hjoerner-af-thy-i-august\/\"]}]},{\"@type\":\"ImageObject\",\"inLanguage\":\"da-DK\",\"@id\":\"https:\/\/kunmedierne.dk\/thy\/klassisk-musik-i-alle-hjoerner-af-thy-i-august\/#primaryimage\",\"url\":\"https:\/\/kunmedierne.dk\/thy\/wp-content\/uploads\/sites\/2\/2025\/07\/thy-kammermusik-koncertraekke.png\",\"contentUrl\":\"https:\/\/kunmedierne.dk\/thy\/wp-content\/uploads\/sites\/2\/2025\/07\/thy-kammermusik-koncertraekke.png\",\"width\":720,\"height\":480},{\"@type\":\"BreadcrumbList\",\"@id\":\"https:\/\/kunmedierne.dk\/thy\/klassisk-musik-i-alle-hjoerner-af-thy-i-august\/#breadcrumb\",\"itemListElement\":[{\"@type\":\"ListItem\",\"position\":1,\"name\":\"Home\",\"item\":\"https:\/\/kunmedierne.dk\/thy\/\"},{\"@type\":\"ListItem\",\"position\":2,\"name\":\"Klassisk musik i alle hj\u00f8rner af Thy i august\"}]},{\"@type\":\"WebSite\",\"@id\":\"https:\/\/kunmedierne.dk\/thy\/#website\",\"url\":\"https:\/\/kunmedierne.dk\/thy\/\",\"name\":\"Thy\",\"description\":\"et netmedie med journalistik om livet i Thy\",\"publisher\":{\"@id\":\"https:\/\/kunmedierne.dk\/thy\/#organization\"},\"potentialAction\":[{\"@type\":\"SearchAction\",\"target\":{\"@type\":\"EntryPoint\",\"urlTemplate\":\"https:\/\/kunmedierne.dk\/thy\/?s={search_term_string}\"},\"query-input\":{\"@type\":\"PropertyValueSpecification\",\"valueRequired\":true,\"valueName\":\"search_term_string\"}}],\"inLanguage\":\"da-DK\"},{\"@type\":\"Organization\",\"@id\":\"https:\/\/kunmedierne.dk\/thy\/#organization\",\"name\":\"Thy\",\"url\":\"https:\/\/kunmedierne.dk\/thy\/\",\"logo\":{\"@type\":\"ImageObject\",\"inLanguage\":\"da-DK\",\"@id\":\"https:\/\/kunmedierne.dk\/thy\/#\/schema\/logo\/image\/\",\"url\":\"https:\/\/kunmedierne.dk\/thy\/wp-content\/uploads\/sites\/2\/2025\/04\/kunthy-logo.svg\",\"contentUrl\":\"https:\/\/kunmedierne.dk\/thy\/wp-content\/uploads\/sites\/2\/2025\/04\/kunthy-logo.svg\",\"caption\":\"Thy\"},\"image\":{\"@id\":\"https:\/\/kunmedierne.dk\/thy\/#\/schema\/logo\/image\/\"}},{\"@type\":\"Person\",\"@id\":\"https:\/\/kunmedierne.dk\/thy\/#\/schema\/person\/d266634ba6550d075ecf540d63b245d2\",\"name\":\"Lone L\u00e6rke Krog\",\"image\":{\"@type\":\"ImageObject\",\"inLanguage\":\"da-DK\",\"@id\":\"https:\/\/kunmedierne.dk\/thy\/#\/schema\/person\/image\/\",\"url\":\"https:\/\/secure.gravatar.com\/avatar\/496ddc7080e56b4ac64cfd4e56bd6d1ee396fa3db1923aa22f11346f60bb135b?s=96&d=mm&r=g\",\"contentUrl\":\"https:\/\/secure.gravatar.com\/avatar\/496ddc7080e56b4ac64cfd4e56bd6d1ee396fa3db1923aa22f11346f60bb135b?s=96&d=mm&r=g\",\"caption\":\"Lone L\u00e6rke Krog\"},\"url\":\"https:\/\/kunmedierne.dk\/thy\/author\/llk\/\"}]}<\/script>\n<!-- \/ Yoast SEO plugin. -->","yoast_head_json":{"title":"Klassisk musik i alle hj\u00f8rner af Thy i august - Thy","robots":{"index":"index","follow":"follow","max-snippet":"max-snippet:-1","max-image-preview":"max-image-preview:large","max-video-preview":"max-video-preview:-1"},"canonical":"https:\/\/kunmedierne.dk\/thy\/klassisk-musik-i-alle-hjoerner-af-thy-i-august\/","og_locale":"da_DK","og_type":"article","og_title":"Klassisk musik i alle hj\u00f8rner af Thy i august - Thy","og_description":"THY-HANN\u00c6S:\u00a0Igen i \u00e5r vil unge musikere fra nogle af verdens bedste musikskoler og konservatorier s\u00e6tte hinanden st\u00e6vne i et hj\u00f8rne af Danmark for at dyrke deres passion for kammermusik. Det g\u00f8r de sammen med fem \u00e6ldre, internationalt anerkendte kolleger, der alle har titel af professorer, men som optr\u00e6der sammen med de unge ved de 15 [&hellip;]","og_url":"https:\/\/kunmedierne.dk\/thy\/klassisk-musik-i-alle-hjoerner-af-thy-i-august\/","og_site_name":"Thy","article_published_time":"2025-07-26T14:29:06+00:00","og_image":[{"url":"https:\/\/kunmedierne.dk\/thy\/wp-content\/uploads\/sites\/2\/2025\/07\/thy-kammermusik-koncertraekke.png","type":"","width":"","height":""}],"author":"Lone L\u00e6rke Krog","twitter_card":"summary_large_image","twitter_misc":{"Skrevet af":"Lone L\u00e6rke Krog","Estimeret l\u00e6setid":"3 minutter"},"schema":{"@context":"https:\/\/schema.org","@graph":[{"@type":"Article","@id":"https:\/\/kunmedierne.dk\/thy\/klassisk-musik-i-alle-hjoerner-af-thy-i-august\/#article","isPartOf":{"@id":"https:\/\/kunmedierne.dk\/thy\/klassisk-musik-i-alle-hjoerner-af-thy-i-august\/"},"author":{"name":"Lone L\u00e6rke Krog","@id":"https:\/\/kunmedierne.dk\/thy\/#\/schema\/person\/d266634ba6550d075ecf540d63b245d2"},"headline":"Klassisk musik i alle hj\u00f8rner af Thy i august","datePublished":"2025-07-26T14:29:06+00:00","mainEntityOfPage":{"@id":"https:\/\/kunmedierne.dk\/thy\/klassisk-musik-i-alle-hjoerner-af-thy-i-august\/"},"wordCount":455,"publisher":{"@id":"https:\/\/kunmedierne.dk\/thy\/#organization"},"image":{"@id":"https:\/\/kunmedierne.dk\/thy\/klassisk-musik-i-alle-hjoerner-af-thy-i-august\/#primaryimage"},"thumbnailUrl":"https:\/\/kunmedierne.dk\/thy\/wp-content\/uploads\/sites\/2\/2025\/07\/thy-kammermusik-koncertraekke.png","keywords":["Mennesker","Musik"],"articleSection":["Kultur"],"inLanguage":"da-DK"},{"@type":"WebPage","@id":"https:\/\/kunmedierne.dk\/thy\/klassisk-musik-i-alle-hjoerner-af-thy-i-august\/","url":"https:\/\/kunmedierne.dk\/thy\/klassisk-musik-i-alle-hjoerner-af-thy-i-august\/","name":"Klassisk musik i alle hj\u00f8rner af Thy i august - Thy","isPartOf":{"@id":"https:\/\/kunmedierne.dk\/thy\/#website"},"primaryImageOfPage":{"@id":"https:\/\/kunmedierne.dk\/thy\/klassisk-musik-i-alle-hjoerner-af-thy-i-august\/#primaryimage"},"image":{"@id":"https:\/\/kunmedierne.dk\/thy\/klassisk-musik-i-alle-hjoerner-af-thy-i-august\/#primaryimage"},"thumbnailUrl":"https:\/\/kunmedierne.dk\/thy\/wp-content\/uploads\/sites\/2\/2025\/07\/thy-kammermusik-koncertraekke.png","datePublished":"2025-07-26T14:29:06+00:00","breadcrumb":{"@id":"https:\/\/kunmedierne.dk\/thy\/klassisk-musik-i-alle-hjoerner-af-thy-i-august\/#breadcrumb"},"inLanguage":"da-DK","potentialAction":[{"@type":"ReadAction","target":["https:\/\/kunmedierne.dk\/thy\/klassisk-musik-i-alle-hjoerner-af-thy-i-august\/"]}]},{"@type":"ImageObject","inLanguage":"da-DK","@id":"https:\/\/kunmedierne.dk\/thy\/klassisk-musik-i-alle-hjoerner-af-thy-i-august\/#primaryimage","url":"https:\/\/kunmedierne.dk\/thy\/wp-content\/uploads\/sites\/2\/2025\/07\/thy-kammermusik-koncertraekke.png","contentUrl":"https:\/\/kunmedierne.dk\/thy\/wp-content\/uploads\/sites\/2\/2025\/07\/thy-kammermusik-koncertraekke.png","width":720,"height":480},{"@type":"BreadcrumbList","@id":"https:\/\/kunmedierne.dk\/thy\/klassisk-musik-i-alle-hjoerner-af-thy-i-august\/#breadcrumb","itemListElement":[{"@type":"ListItem","position":1,"name":"Home","item":"https:\/\/kunmedierne.dk\/thy\/"},{"@type":"ListItem","position":2,"name":"Klassisk musik i alle hj\u00f8rner af Thy i august"}]},{"@type":"WebSite","@id":"https:\/\/kunmedierne.dk\/thy\/#website","url":"https:\/\/kunmedierne.dk\/thy\/","name":"Thy","description":"et netmedie med journalistik om livet i Thy","publisher":{"@id":"https:\/\/kunmedierne.dk\/thy\/#organization"},"potentialAction":[{"@type":"SearchAction","target":{"@type":"EntryPoint","urlTemplate":"https:\/\/kunmedierne.dk\/thy\/?s={search_term_string}"},"query-input":{"@type":"PropertyValueSpecification","valueRequired":true,"valueName":"search_term_string"}}],"inLanguage":"da-DK"},{"@type":"Organization","@id":"https:\/\/kunmedierne.dk\/thy\/#organization","name":"Thy","url":"https:\/\/kunmedierne.dk\/thy\/","logo":{"@type":"ImageObject","inLanguage":"da-DK","@id":"https:\/\/kunmedierne.dk\/thy\/#\/schema\/logo\/image\/","url":"https:\/\/kunmedierne.dk\/thy\/wp-content\/uploads\/sites\/2\/2025\/04\/kunthy-logo.svg","contentUrl":"https:\/\/kunmedierne.dk\/thy\/wp-content\/uploads\/sites\/2\/2025\/04\/kunthy-logo.svg","caption":"Thy"},"image":{"@id":"https:\/\/kunmedierne.dk\/thy\/#\/schema\/logo\/image\/"}},{"@type":"Person","@id":"https:\/\/kunmedierne.dk\/thy\/#\/schema\/person\/d266634ba6550d075ecf540d63b245d2","name":"Lone L\u00e6rke Krog","image":{"@type":"ImageObject","inLanguage":"da-DK","@id":"https:\/\/kunmedierne.dk\/thy\/#\/schema\/person\/image\/","url":"https:\/\/secure.gravatar.com\/avatar\/496ddc7080e56b4ac64cfd4e56bd6d1ee396fa3db1923aa22f11346f60bb135b?s=96&d=mm&r=g","contentUrl":"https:\/\/secure.gravatar.com\/avatar\/496ddc7080e56b4ac64cfd4e56bd6d1ee396fa3db1923aa22f11346f60bb135b?s=96&d=mm&r=g","caption":"Lone L\u00e6rke Krog"},"url":"https:\/\/kunmedierne.dk\/thy\/author\/llk\/"}]}},"_links":{"self":[{"href":"https:\/\/kunmedierne.dk\/thy\/wp-json\/wp\/v2\/posts\/7240","targetHints":{"allow":["GET"]}}],"collection":[{"href":"https:\/\/kunmedierne.dk\/thy\/wp-json\/wp\/v2\/posts"}],"about":[{"href":"https:\/\/kunmedierne.dk\/thy\/wp-json\/wp\/v2\/types\/post"}],"author":[{"embeddable":true,"href":"https:\/\/kunmedierne.dk\/thy\/wp-json\/wp\/v2\/users\/1925"}],"replies":[{"embeddable":true,"href":"https:\/\/kunmedierne.dk\/thy\/wp-json\/wp\/v2\/comments?post=7240"}],"version-history":[{"count":3,"href":"https:\/\/kunmedierne.dk\/thy\/wp-json\/wp\/v2\/posts\/7240\/revisions"}],"predecessor-version":[{"id":7283,"href":"https:\/\/kunmedierne.dk\/thy\/wp-json\/wp\/v2\/posts\/7240\/revisions\/7283"}],"wp:attachment":[{"href":"https:\/\/kunmedierne.dk\/thy\/wp-json\/wp\/v2\/media?parent=7240"}],"wp:term":[{"taxonomy":"category","embeddable":true,"href":"https:\/\/kunmedierne.dk\/thy\/wp-json\/wp\/v2\/categories?post=7240"},{"taxonomy":"post_tag","embeddable":true,"href":"https:\/\/kunmedierne.dk\/thy\/wp-json\/wp\/v2\/tags?post=7240"}],"curies":[{"name":"wp","href":"https:\/\/api.w.org\/{rel}","templated":true}]}}