{"id":7151,"date":"2025-07-26T11:33:56","date_gmt":"2025-07-26T09:33:56","guid":{"rendered":"https:\/\/kunmedierne.dk\/thy\/?p=7151"},"modified":"2025-07-25T17:34:19","modified_gmt":"2025-07-25T15:34:19","slug":"badelivet-i-vorupoer-overvaages-af-skarpe-oejne-her-handler-det-om-badesikkerhed","status":"publish","type":"post","link":"https:\/\/kunmedierne.dk\/thy\/badelivet-i-vorupoer-overvaages-af-skarpe-oejne-her-handler-det-om-badesikkerhed\/","title":{"rendered":"Badelivet i Vorup\u00f8r overv\u00e5ges af skarpe \u00f8jne: Her handler det om badesikkerhed"},"content":{"rendered":"<p><strong>VORUP\u00d8R:<\/strong> N\u00e5r solen skinner, er der rigtig mange mennesker p\u00e5 stranden nord for landingspladsen i Vorup\u00f8r. Men det er der ogs\u00e5 p\u00e5 en gr\u00e5vejrsdag. For det er et rigtigt godt sted at surfe, og for surfere er det vandet og b\u00f8lgerne der t\u00e6ller mere end om solen skinner.<\/p>\n<a class=\"dvrt-link\" onClick=\"cdmtrack_click(4416,jQuery(this));return false\" href=\"https:\/\/sdrhaa.dk\/\"><img decoding=\"async\" style=\"width:100%;\" src=\"https:\/\/kunmedierne.dk\/thy\/wp-content\/uploads\/sites\/2\/2025\/05\/260302Din-gebyrvenlige-sparekasse_SHS_Thy-1.gif\"><\/a><script>cdmtrack_view(4416);<\/script>\n<p>Derfor er der sj\u00e6ldent en stille dag p\u00e5 stranden for de tre livreddere, der bemander TrygFondens r\u00f8d og hvidmalede t\u00e5rn i den nord\u00f8stlige udkant af landingspladsen. For foden af t\u00e5rnet st\u00e5r livreddernes gule terr\u00e6ng\u00e5ende firehjulstr\u00e6kker og fra t\u00e5rnets top er der godt overblik over vandet ved en af omr\u00e5dets mest s\u00f8gte strande, hvor livredderne deres hurtige gummib\u00e5d liggende. Klar til at s\u00e6tte i vandet, n\u00e5r og hvis det kr\u00e6ves.<\/p>\n<div id=\"attachment_7193\" style=\"width: 1242px\" class=\"wp-caption alignnone\"><img loading=\"lazy\" decoding=\"async\" aria-describedby=\"caption-attachment-7193\" class=\"wp-image-7193 size-full\" src=\"https:\/\/kunmedierne.dk\/thy\/wp-content\/uploads\/sites\/2\/2025\/07\/Design-uden-navn-2025-07-24T212204.213.jpg\" alt=\"\" width=\"1232\" height=\"821\" srcset=\"https:\/\/kunmedierne.dk\/thy\/wp-content\/uploads\/sites\/2\/2025\/07\/Design-uden-navn-2025-07-24T212204.213.jpg 1232w, https:\/\/kunmedierne.dk\/thy\/wp-content\/uploads\/sites\/2\/2025\/07\/Design-uden-navn-2025-07-24T212204.213-300x200.jpg 300w, https:\/\/kunmedierne.dk\/thy\/wp-content\/uploads\/sites\/2\/2025\/07\/Design-uden-navn-2025-07-24T212204.213-1024x682.jpg 1024w, https:\/\/kunmedierne.dk\/thy\/wp-content\/uploads\/sites\/2\/2025\/07\/Design-uden-navn-2025-07-24T212204.213-510x340.jpg 510w\" sizes=\"auto, (max-width: 1232px) 100vw, 1232px\" \/><p id=\"caption-attachment-7193\" class=\"wp-caption-text\">Kystlivreddernes r\u00f8d- og hvidmalede t\u00e5rn er stillet s\u00e5 der er et godt overblik over b\u00e5de strand og b\u00f8lger ved et at de mest popul\u00e6re surf- og badesteder i Vorup\u00f8r. Foto: Jens Fogh-Andersen<\/p><\/div>\n<p>&nbsp;<\/p>\n<p>Indtil videre har denne sommer v\u00e6ret uden de alvorlige h\u00e6ndelser p\u00e5 stranden, fort\u00e6ller Thor S\u00f8rensen, en at de tre livreddere i t\u00e5rnet.<\/p>\n<p>&#8211; I bund og grund handler det om at h\u00e5ndtere tingene pr\u00e6ventivt og forhindre, at ulykkerne opst\u00e5r. S\u00e5 undg\u00e5r vi forh\u00e5bentlig de situationer, hvor vi skal i vandet og hente folk, fordi det er g\u00e5et galt, forklarer Thor S\u00f8rensen.<\/p>\n<p><strong>Tilbage p\u00e5 stranden<\/strong><\/p>\n<p>Thor er fra Holb\u00e6k, men kender b\u00e5de vand og b\u00f8lger ved Vorup\u00f8r og ved Klitm\u00f8ller rigtig godt. Forklaringen er enkel. Han har boet to \u00e5r i Klitm\u00f8ller, hvor han har g\u00e5et p\u00e5 HF Cold Hawaii, som han afsluttede sidste \u00e5r.<\/p>\n<p>Nu er han tilbage p\u00e5 stranden som kystlivredder &#8211; en overbygning p\u00e5 uddannelsen som \u00e5bent-vand livreddere. Den er kr\u00e6vet af de livreddere, der bemander t\u00e5rnene p\u00e5 Vestkysten.<\/p>\n<a class=\"dvrt-link\" onClick=\"cdmtrack_click(683,jQuery(this));return false\" href=\"https:\/\/vester-begr.dk\/?utm_source=google&amp;utm_medium=advative&amp;gad_source=1&amp;gclid=Cj0KCQjwtJ6_BhDWARIsAGanmKfl-hGVVjCYiOgSKoGoxrow4kvXybZsnruKJYTslvqZDywT6a9PCQwaAmBjEALw_wcB\"><img decoding=\"async\" style=\"width:100%;\" src=\"https:\/\/kunmedierne.dk\/thy\/wp-content\/uploads\/sites\/2\/2025\/03\/260203VesterHoukaer-02022026.jpg\"><\/a><script>cdmtrack_view(683);<\/script>\n<p>Livredderne skal som minimum kunne arbejde fem uger i en sommers\u00e6son og f\u00e5r som udgangspunkt tildelt mindst tre uger. For Thor er det et sommerferiejob, der giver mening.<\/p>\n<p>&#8211; Jeg har f\u00e5et tre og en halv uge. Fra Vorup\u00f8r skal jeg til Blokhus og derfra videre til Moesgaard Strand ved Aarhus, s\u00e5 jeg f\u00e5r set nogle forskellige strande, siger han.<\/p>\n<div id=\"attachment_7194\" style=\"width: 1242px\" class=\"wp-caption alignnone\"><img loading=\"lazy\" decoding=\"async\" aria-describedby=\"caption-attachment-7194\" class=\"wp-image-7194 size-full\" src=\"https:\/\/kunmedierne.dk\/thy\/wp-content\/uploads\/sites\/2\/2025\/07\/Design-uden-navn-2025-07-24T212331.942.jpg\" alt=\"\" width=\"1232\" height=\"821\" srcset=\"https:\/\/kunmedierne.dk\/thy\/wp-content\/uploads\/sites\/2\/2025\/07\/Design-uden-navn-2025-07-24T212331.942.jpg 1232w, https:\/\/kunmedierne.dk\/thy\/wp-content\/uploads\/sites\/2\/2025\/07\/Design-uden-navn-2025-07-24T212331.942-300x200.jpg 300w, https:\/\/kunmedierne.dk\/thy\/wp-content\/uploads\/sites\/2\/2025\/07\/Design-uden-navn-2025-07-24T212331.942-1024x682.jpg 1024w, https:\/\/kunmedierne.dk\/thy\/wp-content\/uploads\/sites\/2\/2025\/07\/Design-uden-navn-2025-07-24T212331.942-510x340.jpg 510w\" sizes=\"auto, (max-width: 1232px) 100vw, 1232px\" \/><p id=\"caption-attachment-7194\" class=\"wp-caption-text\">Thor S\u00f8rensen, tv., er sammen med Johan Schade to tredjedele af livreddertrioen p\u00e5 stranden i Vorup\u00f8r. Men inden s\u00e6sonen er slut, har de v\u00e6ret p\u00e5 andre strande. Foto: Jens Fogh-Andersen<\/p><\/div>\n<p>For de, der har et billede af livredderne og deres arbejde fra TV-serien Baywatch, som gik over tv-sk\u00e6rmene i det sidste \u00e5rti af det forrige \u00e5rhundrede, er livredder-tjansen p\u00e5 stranden i Vorup\u00f8r ikke n\u00e6r s\u00e5 dramatisk som i seriens fiktive verden. Men en ting har virkelighed og fiktion til f\u00e6lles. Livredderens ultimative opgave er at redde liv.<\/p>\n<p><strong>Gode r\u00e5d og vejledning<\/strong><\/p>\n<p>&#8211; Men vi bruger rigtig meget af vores tid p\u00e5 at hj\u00e6lpe og r\u00e5dgive folk. Is\u00e6r n\u00e5r vi har det gule flag oppe, siger Thor med tanke for flaget, der kommer op, n\u00e5r vind og vejrforhold kr\u00e6ver s\u00e6rlig opm\u00e6rksomhed ved badning og det m\u00e5ske er lige s\u00e5 smart at nyde udsigten over havet fra stranden uden n\u00f8dvendigvis at hoppe i b\u00f8lgerne.<\/p>\n<p>Der r\u00e5dgives om bader\u00e5dene, brandm\u00e6nd, badesikkerhed og masser af andre sm\u00e5 og store praktiske ting.<\/p>\n<p>&#8211; Men indimellem m\u00e5 vi ogs\u00e5 sige til folk: Det du har gang i der, ligner en rigtig d\u00e5rlig id\u00e9 &#8211; og s\u00e5 h\u00e5ber vi, at der bliver lyttet.<\/p>\n<p>&nbsp;<\/p>\n<div id=\"attachment_7197\" style=\"width: 1242px\" class=\"wp-caption alignnone\"><img loading=\"lazy\" decoding=\"async\" aria-describedby=\"caption-attachment-7197\" class=\"wp-image-7197 size-full\" src=\"https:\/\/kunmedierne.dk\/thy\/wp-content\/uploads\/sites\/2\/2025\/07\/Design-uden-navn-2025-07-24T212635.856.jpg\" alt=\"\" width=\"1232\" height=\"821\" srcset=\"https:\/\/kunmedierne.dk\/thy\/wp-content\/uploads\/sites\/2\/2025\/07\/Design-uden-navn-2025-07-24T212635.856.jpg 1232w, https:\/\/kunmedierne.dk\/thy\/wp-content\/uploads\/sites\/2\/2025\/07\/Design-uden-navn-2025-07-24T212635.856-300x200.jpg 300w, https:\/\/kunmedierne.dk\/thy\/wp-content\/uploads\/sites\/2\/2025\/07\/Design-uden-navn-2025-07-24T212635.856-1024x682.jpg 1024w, https:\/\/kunmedierne.dk\/thy\/wp-content\/uploads\/sites\/2\/2025\/07\/Design-uden-navn-2025-07-24T212635.856-510x340.jpg 510w\" sizes=\"auto, (max-width: 1232px) 100vw, 1232px\" \/><p id=\"caption-attachment-7197\" class=\"wp-caption-text\">Cecilie Vangsted starter dagen med en tr\u00e6ningstur p\u00e5 surfboard, men hun er ogs\u00e5 en rigtig skrap sv\u00f8mmer, siger kollegerne i livreddert\u00e5rnet. Foto: Jens Fogh-Andersen<\/p><\/div>\n<p>&nbsp;<\/p>\n<p>Selv om livredderne har blik for, hvad der sker p\u00e5 vandet, er der i Vorup\u00f8r ogs\u00e5 grund til at holde \u00f8je med, hvad der sker p\u00e5 stranden.<\/p>\n<a class=\"dvrt-link\" onClick=\"cdmtrack_click(687,jQuery(this));return false\" href=\"https:\/\/konpap.dk\/?gad_source=1&gclid=Cj0KCQjwtJ6_BhDWARIsAGanmKfOBLC3RBm6obWL5sEb-mp4bsp5QjqWW4j4nx22y0YT2iMiXJcv3MoaApR_EALw_wcB\"><img decoding=\"async\" style=\"width:100%;\" src=\"https:\/\/kunmedierne.dk\/thy\/wp-content\/uploads\/sites\/2\/2025\/03\/redoffice.jpg\"><\/a><script>cdmtrack_view(687);<\/script>\n<p>Nogle f\u00e5 hundrede meter fra livreddert\u00e5rnet skete der i august sidste \u00e5r en tragisk ulykke. To tyske b\u00f8rn omkom efter at v\u00e6re begravet under et sandskred. Risikoen for nye sandskred er der stadig, og ikke mindst de lokale, der kender risikoen, advarer om at bruge de stejle klitter mod vandet som legeplads.<\/p>\n<p>&#8211; Det g\u00f8r vi ogs\u00e5. Ser vi nogen, der graver i sandet i klitterne p\u00e5 den del af stranden, vi holder \u00f8je med, s\u00e5 reagerer vi naturligvis, siger Thor med henvisning til de to flag, som markerer den zone, der holdes \u00f8je med fra livreddert\u00e5rnet.<\/p>\n<p>Det er i \u00f8vrigt bemandet mellem klokken 10 og 18.<\/p>\n<p>&nbsp;<\/p>\n<blockquote>\n<h4>Uddannelsen som livredder<\/h4>\n<h5>TrygFondens livredderuddannelse har to trin:<\/h5>\n<h5>Det f\u00f8rste \u00e5r bliver livredderen uddannet som \u00e5bent-vandlivredder.<\/h5>\n<h5>\u00c5bent-vandlivreddere arbejder ved s\u00f8bade, havnebade, fjorde og rolige strande.<\/h5>\n<h5>Det f\u00f8lgende \u00e5r er det muligt at videreuddanne sig til kystlivredder.<\/h5>\n<h5>Kystlivredderen arbejder p\u00e5 stranden, informerer om badesikkerhed, overv\u00e5ger badende og udf\u00f8rer redningsaktioner i samarbejde med andre kystlivreddere. Uddannelsen \u00a0indeholder pr\u00f8ver i at betjene en livredderb\u00e5d og anvende livredderbil p\u00e5 stranden.<\/h5>\n<h5>P\u00e5 tredje \u00e5r skal\u00a0 kystlivredderpr\u00f8verne repeteres. Pr\u00f8verne omfatter blandt andet en formpr\u00f8ve i \u00e5bent vand. Pr\u00f8ven indeholder bl.a.: 2000 m sv\u00f8mning med ABC og redningstorpedo, dybdedyk,\u00a0 200 m l\u00f8b i sand p\u00e5 maksimalt 40 sekunder, 3&#215;200 m p\u00e5 maksimalt 7 min. og 30 sekunder. (200 m l\u00f8b i sand + 200 m sv\u00f8mning + 200 m l\u00f8b i sand). Kilde: www.respektforvand.dk<\/h5>\n<h5><\/h5>\n<\/blockquote>\n<p>&nbsp;<\/p>\n<p>&nbsp;<\/p>\n<p>&nbsp;<\/p>\n<p>&nbsp;<\/p>\n<p>&nbsp;<\/p>\n<p>&nbsp;<\/p>\n<p>&nbsp;<\/p>\n","protected":false},"excerpt":{"rendered":"<p>VORUP\u00d8R: N\u00e5r solen skinner, er der rigtig mange mennesker p\u00e5 stranden nord for landingspladsen i Vorup\u00f8r. Men det er der ogs\u00e5 p\u00e5 en gr\u00e5vejrsdag. For det er et rigtigt godt sted at surfe, og for surfere er det vandet og b\u00f8lgerne der t\u00e6ller mere end om solen skinner. Derfor er der sj\u00e6ldent en stille dag [&hellip;]<\/p>\n","protected":false},"author":4535,"featured_media":0,"comment_status":"closed","ping_status":"closed","sticky":false,"template":"","format":"standard","meta":{"_acf_changed":false,"footnotes":""},"categories":[24],"tags":[54,66],"class_list":["post-7151","post","type-post","status-publish","format-standard","hentry","category-lokalt","tag-beredskab","tag-turisme"],"acf":[],"yoast_head":"<!-- This site is optimized with the Yoast SEO plugin v26.8 - https:\/\/yoast.com\/product\/yoast-seo-wordpress\/ -->\n<title>Badelivet i Vorup\u00f8r overv\u00e5ges af skarpe \u00f8jne: Her handler det om badesikkerhed - Thy<\/title>\n<meta name=\"robots\" content=\"index, follow, max-snippet:-1, max-image-preview:large, max-video-preview:-1\" \/>\n<link rel=\"canonical\" href=\"https:\/\/kunmedierne.dk\/thy\/badelivet-i-vorupoer-overvaages-af-skarpe-oejne-her-handler-det-om-badesikkerhed\/\" \/>\n<meta property=\"og:locale\" content=\"da_DK\" \/>\n<meta property=\"og:type\" content=\"article\" \/>\n<meta property=\"og:title\" content=\"Badelivet i Vorup\u00f8r overv\u00e5ges af skarpe \u00f8jne: Her handler det om badesikkerhed - Thy\" \/>\n<meta property=\"og:description\" content=\"VORUP\u00d8R: N\u00e5r solen skinner, er der rigtig mange mennesker p\u00e5 stranden nord for landingspladsen i Vorup\u00f8r. Men det er der ogs\u00e5 p\u00e5 en gr\u00e5vejrsdag. For det er et rigtigt godt sted at surfe, og for surfere er det vandet og b\u00f8lgerne der t\u00e6ller mere end om solen skinner. Derfor er der sj\u00e6ldent en stille dag [&hellip;]\" \/>\n<meta property=\"og:url\" content=\"https:\/\/kunmedierne.dk\/thy\/badelivet-i-vorupoer-overvaages-af-skarpe-oejne-her-handler-det-om-badesikkerhed\/\" \/>\n<meta property=\"og:site_name\" content=\"Thy\" \/>\n<meta property=\"article:published_time\" content=\"2025-07-26T09:33:56+00:00\" \/>\n<meta property=\"og:image\" content=\"https:\/\/kunmedierne.dk\/thy\/wp-content\/uploads\/sites\/2\/2025\/07\/Design-uden-navn-2025-07-24T212204.213.jpg\" \/>\n<meta name=\"author\" content=\"Jens Fogh Andersen\" \/>\n<meta name=\"twitter:card\" content=\"summary_large_image\" \/>\n<meta name=\"twitter:label1\" content=\"Skrevet af\" \/>\n\t<meta name=\"twitter:data1\" content=\"Jens Fogh Andersen\" \/>\n\t<meta name=\"twitter:label2\" content=\"Estimeret l\u00e6setid\" \/>\n\t<meta name=\"twitter:data2\" content=\"5 minutter\" \/>\n<script type=\"application\/ld+json\" class=\"yoast-schema-graph\">{\"@context\":\"https:\/\/schema.org\",\"@graph\":[{\"@type\":\"Article\",\"@id\":\"https:\/\/kunmedierne.dk\/thy\/badelivet-i-vorupoer-overvaages-af-skarpe-oejne-her-handler-det-om-badesikkerhed\/#article\",\"isPartOf\":{\"@id\":\"https:\/\/kunmedierne.dk\/thy\/badelivet-i-vorupoer-overvaages-af-skarpe-oejne-her-handler-det-om-badesikkerhed\/\"},\"author\":{\"name\":\"Jens Fogh Andersen\",\"@id\":\"https:\/\/kunmedierne.dk\/thy\/#\/schema\/person\/88f5be46809ca2a5533760eb574fef93\"},\"headline\":\"Badelivet i Vorup\u00f8r overv\u00e5ges af skarpe \u00f8jne: Her handler det om badesikkerhed\",\"datePublished\":\"2025-07-26T09:33:56+00:00\",\"mainEntityOfPage\":{\"@id\":\"https:\/\/kunmedierne.dk\/thy\/badelivet-i-vorupoer-overvaages-af-skarpe-oejne-her-handler-det-om-badesikkerhed\/\"},\"wordCount\":968,\"publisher\":{\"@id\":\"https:\/\/kunmedierne.dk\/thy\/#organization\"},\"image\":{\"@id\":\"https:\/\/kunmedierne.dk\/thy\/badelivet-i-vorupoer-overvaages-af-skarpe-oejne-her-handler-det-om-badesikkerhed\/#primaryimage\"},\"thumbnailUrl\":\"https:\/\/kunmedierne.dk\/thy\/wp-content\/uploads\/sites\/2\/2025\/07\/Design-uden-navn-2025-07-24T212204.213.jpg\",\"keywords\":[\"Beredskab\",\"Turisme\"],\"articleSection\":[\"Lokalt\"],\"inLanguage\":\"da-DK\"},{\"@type\":\"WebPage\",\"@id\":\"https:\/\/kunmedierne.dk\/thy\/badelivet-i-vorupoer-overvaages-af-skarpe-oejne-her-handler-det-om-badesikkerhed\/\",\"url\":\"https:\/\/kunmedierne.dk\/thy\/badelivet-i-vorupoer-overvaages-af-skarpe-oejne-her-handler-det-om-badesikkerhed\/\",\"name\":\"Badelivet i Vorup\u00f8r overv\u00e5ges af skarpe \u00f8jne: Her handler det om badesikkerhed - Thy\",\"isPartOf\":{\"@id\":\"https:\/\/kunmedierne.dk\/thy\/#website\"},\"primaryImageOfPage\":{\"@id\":\"https:\/\/kunmedierne.dk\/thy\/badelivet-i-vorupoer-overvaages-af-skarpe-oejne-her-handler-det-om-badesikkerhed\/#primaryimage\"},\"image\":{\"@id\":\"https:\/\/kunmedierne.dk\/thy\/badelivet-i-vorupoer-overvaages-af-skarpe-oejne-her-handler-det-om-badesikkerhed\/#primaryimage\"},\"thumbnailUrl\":\"https:\/\/kunmedierne.dk\/thy\/wp-content\/uploads\/sites\/2\/2025\/07\/Design-uden-navn-2025-07-24T212204.213.jpg\",\"datePublished\":\"2025-07-26T09:33:56+00:00\",\"breadcrumb\":{\"@id\":\"https:\/\/kunmedierne.dk\/thy\/badelivet-i-vorupoer-overvaages-af-skarpe-oejne-her-handler-det-om-badesikkerhed\/#breadcrumb\"},\"inLanguage\":\"da-DK\",\"potentialAction\":[{\"@type\":\"ReadAction\",\"target\":[\"https:\/\/kunmedierne.dk\/thy\/badelivet-i-vorupoer-overvaages-af-skarpe-oejne-her-handler-det-om-badesikkerhed\/\"]}]},{\"@type\":\"ImageObject\",\"inLanguage\":\"da-DK\",\"@id\":\"https:\/\/kunmedierne.dk\/thy\/badelivet-i-vorupoer-overvaages-af-skarpe-oejne-her-handler-det-om-badesikkerhed\/#primaryimage\",\"url\":\"https:\/\/kunmedierne.dk\/thy\/wp-content\/uploads\/sites\/2\/2025\/07\/Design-uden-navn-2025-07-24T212204.213.jpg\",\"contentUrl\":\"https:\/\/kunmedierne.dk\/thy\/wp-content\/uploads\/sites\/2\/2025\/07\/Design-uden-navn-2025-07-24T212204.213.jpg\",\"width\":1232,\"height\":821},{\"@type\":\"BreadcrumbList\",\"@id\":\"https:\/\/kunmedierne.dk\/thy\/badelivet-i-vorupoer-overvaages-af-skarpe-oejne-her-handler-det-om-badesikkerhed\/#breadcrumb\",\"itemListElement\":[{\"@type\":\"ListItem\",\"position\":1,\"name\":\"Home\",\"item\":\"https:\/\/kunmedierne.dk\/thy\/\"},{\"@type\":\"ListItem\",\"position\":2,\"name\":\"Badelivet i Vorup\u00f8r overv\u00e5ges af skarpe \u00f8jne: Her handler det om badesikkerhed\"}]},{\"@type\":\"WebSite\",\"@id\":\"https:\/\/kunmedierne.dk\/thy\/#website\",\"url\":\"https:\/\/kunmedierne.dk\/thy\/\",\"name\":\"Thy\",\"description\":\"et netmedie med journalistik om livet i Thy\",\"publisher\":{\"@id\":\"https:\/\/kunmedierne.dk\/thy\/#organization\"},\"potentialAction\":[{\"@type\":\"SearchAction\",\"target\":{\"@type\":\"EntryPoint\",\"urlTemplate\":\"https:\/\/kunmedierne.dk\/thy\/?s={search_term_string}\"},\"query-input\":{\"@type\":\"PropertyValueSpecification\",\"valueRequired\":true,\"valueName\":\"search_term_string\"}}],\"inLanguage\":\"da-DK\"},{\"@type\":\"Organization\",\"@id\":\"https:\/\/kunmedierne.dk\/thy\/#organization\",\"name\":\"Thy\",\"url\":\"https:\/\/kunmedierne.dk\/thy\/\",\"logo\":{\"@type\":\"ImageObject\",\"inLanguage\":\"da-DK\",\"@id\":\"https:\/\/kunmedierne.dk\/thy\/#\/schema\/logo\/image\/\",\"url\":\"https:\/\/kunmedierne.dk\/thy\/wp-content\/uploads\/sites\/2\/2025\/04\/kunthy-logo.svg\",\"contentUrl\":\"https:\/\/kunmedierne.dk\/thy\/wp-content\/uploads\/sites\/2\/2025\/04\/kunthy-logo.svg\",\"caption\":\"Thy\"},\"image\":{\"@id\":\"https:\/\/kunmedierne.dk\/thy\/#\/schema\/logo\/image\/\"}},{\"@type\":\"Person\",\"@id\":\"https:\/\/kunmedierne.dk\/thy\/#\/schema\/person\/88f5be46809ca2a5533760eb574fef93\",\"name\":\"Jens Fogh Andersen\",\"image\":{\"@type\":\"ImageObject\",\"inLanguage\":\"da-DK\",\"@id\":\"https:\/\/kunmedierne.dk\/thy\/#\/schema\/person\/image\/\",\"url\":\"https:\/\/secure.gravatar.com\/avatar\/2b367a4ef139b1c41dccc9ee7af926b81f8b4cca3359772e86c7fd5ced26c0a3?s=96&d=mm&r=g\",\"contentUrl\":\"https:\/\/secure.gravatar.com\/avatar\/2b367a4ef139b1c41dccc9ee7af926b81f8b4cca3359772e86c7fd5ced26c0a3?s=96&d=mm&r=g\",\"caption\":\"Jens Fogh Andersen\"},\"url\":\"https:\/\/kunmedierne.dk\/thy\/author\/jfa\/\"}]}<\/script>\n<!-- \/ Yoast SEO plugin. -->","yoast_head_json":{"title":"Badelivet i Vorup\u00f8r overv\u00e5ges af skarpe \u00f8jne: Her handler det om badesikkerhed - Thy","robots":{"index":"index","follow":"follow","max-snippet":"max-snippet:-1","max-image-preview":"max-image-preview:large","max-video-preview":"max-video-preview:-1"},"canonical":"https:\/\/kunmedierne.dk\/thy\/badelivet-i-vorupoer-overvaages-af-skarpe-oejne-her-handler-det-om-badesikkerhed\/","og_locale":"da_DK","og_type":"article","og_title":"Badelivet i Vorup\u00f8r overv\u00e5ges af skarpe \u00f8jne: Her handler det om badesikkerhed - Thy","og_description":"VORUP\u00d8R: N\u00e5r solen skinner, er der rigtig mange mennesker p\u00e5 stranden nord for landingspladsen i Vorup\u00f8r. Men det er der ogs\u00e5 p\u00e5 en gr\u00e5vejrsdag. For det er et rigtigt godt sted at surfe, og for surfere er det vandet og b\u00f8lgerne der t\u00e6ller mere end om solen skinner. Derfor er der sj\u00e6ldent en stille dag [&hellip;]","og_url":"https:\/\/kunmedierne.dk\/thy\/badelivet-i-vorupoer-overvaages-af-skarpe-oejne-her-handler-det-om-badesikkerhed\/","og_site_name":"Thy","article_published_time":"2025-07-26T09:33:56+00:00","og_image":[{"url":"https:\/\/kunmedierne.dk\/thy\/wp-content\/uploads\/sites\/2\/2025\/07\/Design-uden-navn-2025-07-24T212204.213.jpg","type":"","width":"","height":""}],"author":"Jens Fogh Andersen","twitter_card":"summary_large_image","twitter_misc":{"Skrevet af":"Jens Fogh Andersen","Estimeret l\u00e6setid":"5 minutter"},"schema":{"@context":"https:\/\/schema.org","@graph":[{"@type":"Article","@id":"https:\/\/kunmedierne.dk\/thy\/badelivet-i-vorupoer-overvaages-af-skarpe-oejne-her-handler-det-om-badesikkerhed\/#article","isPartOf":{"@id":"https:\/\/kunmedierne.dk\/thy\/badelivet-i-vorupoer-overvaages-af-skarpe-oejne-her-handler-det-om-badesikkerhed\/"},"author":{"name":"Jens Fogh Andersen","@id":"https:\/\/kunmedierne.dk\/thy\/#\/schema\/person\/88f5be46809ca2a5533760eb574fef93"},"headline":"Badelivet i Vorup\u00f8r overv\u00e5ges af skarpe \u00f8jne: Her handler det om badesikkerhed","datePublished":"2025-07-26T09:33:56+00:00","mainEntityOfPage":{"@id":"https:\/\/kunmedierne.dk\/thy\/badelivet-i-vorupoer-overvaages-af-skarpe-oejne-her-handler-det-om-badesikkerhed\/"},"wordCount":968,"publisher":{"@id":"https:\/\/kunmedierne.dk\/thy\/#organization"},"image":{"@id":"https:\/\/kunmedierne.dk\/thy\/badelivet-i-vorupoer-overvaages-af-skarpe-oejne-her-handler-det-om-badesikkerhed\/#primaryimage"},"thumbnailUrl":"https:\/\/kunmedierne.dk\/thy\/wp-content\/uploads\/sites\/2\/2025\/07\/Design-uden-navn-2025-07-24T212204.213.jpg","keywords":["Beredskab","Turisme"],"articleSection":["Lokalt"],"inLanguage":"da-DK"},{"@type":"WebPage","@id":"https:\/\/kunmedierne.dk\/thy\/badelivet-i-vorupoer-overvaages-af-skarpe-oejne-her-handler-det-om-badesikkerhed\/","url":"https:\/\/kunmedierne.dk\/thy\/badelivet-i-vorupoer-overvaages-af-skarpe-oejne-her-handler-det-om-badesikkerhed\/","name":"Badelivet i Vorup\u00f8r overv\u00e5ges af skarpe \u00f8jne: Her handler det om badesikkerhed - Thy","isPartOf":{"@id":"https:\/\/kunmedierne.dk\/thy\/#website"},"primaryImageOfPage":{"@id":"https:\/\/kunmedierne.dk\/thy\/badelivet-i-vorupoer-overvaages-af-skarpe-oejne-her-handler-det-om-badesikkerhed\/#primaryimage"},"image":{"@id":"https:\/\/kunmedierne.dk\/thy\/badelivet-i-vorupoer-overvaages-af-skarpe-oejne-her-handler-det-om-badesikkerhed\/#primaryimage"},"thumbnailUrl":"https:\/\/kunmedierne.dk\/thy\/wp-content\/uploads\/sites\/2\/2025\/07\/Design-uden-navn-2025-07-24T212204.213.jpg","datePublished":"2025-07-26T09:33:56+00:00","breadcrumb":{"@id":"https:\/\/kunmedierne.dk\/thy\/badelivet-i-vorupoer-overvaages-af-skarpe-oejne-her-handler-det-om-badesikkerhed\/#breadcrumb"},"inLanguage":"da-DK","potentialAction":[{"@type":"ReadAction","target":["https:\/\/kunmedierne.dk\/thy\/badelivet-i-vorupoer-overvaages-af-skarpe-oejne-her-handler-det-om-badesikkerhed\/"]}]},{"@type":"ImageObject","inLanguage":"da-DK","@id":"https:\/\/kunmedierne.dk\/thy\/badelivet-i-vorupoer-overvaages-af-skarpe-oejne-her-handler-det-om-badesikkerhed\/#primaryimage","url":"https:\/\/kunmedierne.dk\/thy\/wp-content\/uploads\/sites\/2\/2025\/07\/Design-uden-navn-2025-07-24T212204.213.jpg","contentUrl":"https:\/\/kunmedierne.dk\/thy\/wp-content\/uploads\/sites\/2\/2025\/07\/Design-uden-navn-2025-07-24T212204.213.jpg","width":1232,"height":821},{"@type":"BreadcrumbList","@id":"https:\/\/kunmedierne.dk\/thy\/badelivet-i-vorupoer-overvaages-af-skarpe-oejne-her-handler-det-om-badesikkerhed\/#breadcrumb","itemListElement":[{"@type":"ListItem","position":1,"name":"Home","item":"https:\/\/kunmedierne.dk\/thy\/"},{"@type":"ListItem","position":2,"name":"Badelivet i Vorup\u00f8r overv\u00e5ges af skarpe \u00f8jne: Her handler det om badesikkerhed"}]},{"@type":"WebSite","@id":"https:\/\/kunmedierne.dk\/thy\/#website","url":"https:\/\/kunmedierne.dk\/thy\/","name":"Thy","description":"et netmedie med journalistik om livet i Thy","publisher":{"@id":"https:\/\/kunmedierne.dk\/thy\/#organization"},"potentialAction":[{"@type":"SearchAction","target":{"@type":"EntryPoint","urlTemplate":"https:\/\/kunmedierne.dk\/thy\/?s={search_term_string}"},"query-input":{"@type":"PropertyValueSpecification","valueRequired":true,"valueName":"search_term_string"}}],"inLanguage":"da-DK"},{"@type":"Organization","@id":"https:\/\/kunmedierne.dk\/thy\/#organization","name":"Thy","url":"https:\/\/kunmedierne.dk\/thy\/","logo":{"@type":"ImageObject","inLanguage":"da-DK","@id":"https:\/\/kunmedierne.dk\/thy\/#\/schema\/logo\/image\/","url":"https:\/\/kunmedierne.dk\/thy\/wp-content\/uploads\/sites\/2\/2025\/04\/kunthy-logo.svg","contentUrl":"https:\/\/kunmedierne.dk\/thy\/wp-content\/uploads\/sites\/2\/2025\/04\/kunthy-logo.svg","caption":"Thy"},"image":{"@id":"https:\/\/kunmedierne.dk\/thy\/#\/schema\/logo\/image\/"}},{"@type":"Person","@id":"https:\/\/kunmedierne.dk\/thy\/#\/schema\/person\/88f5be46809ca2a5533760eb574fef93","name":"Jens Fogh Andersen","image":{"@type":"ImageObject","inLanguage":"da-DK","@id":"https:\/\/kunmedierne.dk\/thy\/#\/schema\/person\/image\/","url":"https:\/\/secure.gravatar.com\/avatar\/2b367a4ef139b1c41dccc9ee7af926b81f8b4cca3359772e86c7fd5ced26c0a3?s=96&d=mm&r=g","contentUrl":"https:\/\/secure.gravatar.com\/avatar\/2b367a4ef139b1c41dccc9ee7af926b81f8b4cca3359772e86c7fd5ced26c0a3?s=96&d=mm&r=g","caption":"Jens Fogh Andersen"},"url":"https:\/\/kunmedierne.dk\/thy\/author\/jfa\/"}]}},"_links":{"self":[{"href":"https:\/\/kunmedierne.dk\/thy\/wp-json\/wp\/v2\/posts\/7151","targetHints":{"allow":["GET"]}}],"collection":[{"href":"https:\/\/kunmedierne.dk\/thy\/wp-json\/wp\/v2\/posts"}],"about":[{"href":"https:\/\/kunmedierne.dk\/thy\/wp-json\/wp\/v2\/types\/post"}],"author":[{"embeddable":true,"href":"https:\/\/kunmedierne.dk\/thy\/wp-json\/wp\/v2\/users\/4535"}],"replies":[{"embeddable":true,"href":"https:\/\/kunmedierne.dk\/thy\/wp-json\/wp\/v2\/comments?post=7151"}],"version-history":[{"count":19,"href":"https:\/\/kunmedierne.dk\/thy\/wp-json\/wp\/v2\/posts\/7151\/revisions"}],"predecessor-version":[{"id":7267,"href":"https:\/\/kunmedierne.dk\/thy\/wp-json\/wp\/v2\/posts\/7151\/revisions\/7267"}],"wp:attachment":[{"href":"https:\/\/kunmedierne.dk\/thy\/wp-json\/wp\/v2\/media?parent=7151"}],"wp:term":[{"taxonomy":"category","embeddable":true,"href":"https:\/\/kunmedierne.dk\/thy\/wp-json\/wp\/v2\/categories?post=7151"},{"taxonomy":"post_tag","embeddable":true,"href":"https:\/\/kunmedierne.dk\/thy\/wp-json\/wp\/v2\/tags?post=7151"}],"curies":[{"name":"wp","href":"https:\/\/api.w.org\/{rel}","templated":true}]}}