{"id":6731,"date":"2025-07-17T11:56:45","date_gmt":"2025-07-17T09:56:45","guid":{"rendered":"https:\/\/kunmedierne.dk\/thy\/?p=6731"},"modified":"2025-07-16T15:57:03","modified_gmt":"2025-07-16T13:57:03","slug":"unge-laeger-i-thisted-ekg-maalinger-er-langt-fra-altid-noedvendige","status":"publish","type":"post","link":"https:\/\/kunmedierne.dk\/thy\/unge-laeger-i-thisted-ekg-maalinger-er-langt-fra-altid-noedvendige\/","title":{"rendered":"Unge l\u00e6ger i Thisted: EKG-m\u00e5linger er langt fra altid n\u00f8dvendige"},"content":{"rendered":"<p><strong>THISTED:<\/strong> &#8211; Vores hypotese var, at alle patienter f\u00e5r taget et EKG rutinem\u00e6ssigt, n\u00e5r de kommer ind &#8211; p\u00e5 samme m\u00e5de som man f\u00e5r taget en blodpr\u00f8vepakke. Vi stillede sp\u00f8rgsm\u00e5let, om det gav mening at tage det p\u00e5 alle.<\/p>\n<p>S\u00e5dan forklarer Victor Hagenau om udgangspunktet for det arbejde, som han og kollegaen Benedikte Bagger Poulsen har haft med udviklingen af et &#8220;flowchart&#8221; &#8211; et beslutningsv\u00e6rkt\u00f8j for sygeplejersker og l\u00e6ger i akutmodtagelsen p\u00e5 Aalborg Universitetshospital i Thisted.<\/p>\n<p>Victor og Benedikte har fulgtes ad siden medicinstudiet, og i for\u00e5ret 2024 fik de begge en KBU-stilling i Thisted. KBU st\u00e5r for klinisk basis uddannelse og er det f\u00f8rste trin efter embedseksamen i medicin.<\/p>\n<a class=\"dvrt-link\" onClick=\"cdmtrack_click(689,jQuery(this));return false\" href=\"https:\/\/www.thistedbolig.dk\"><img decoding=\"async\" style=\"width:100%;\" src=\"https:\/\/kunmedierne.dk\/thy\/wp-content\/uploads\/sites\/2\/2025\/03\/260414ThistedBoligApril-opslag-002-1.jpg\"><\/a><script>cdmtrack_view(689);<\/script>\n<p>I marts i \u00e5r tiltr\u00e5dte Benedikte Bagger Poulsen s\u00e5 stillingen som introl\u00e6ge til det medicinske speciale og en m\u00e5ned senere begyndte Victor i en lignende stilling.<\/p>\n<p>&#8211; Jeg er meget interesseret i kardiologi, og det var nok ogs\u00e5 derfor, at overl\u00e6ge Jens Juul spurgte mig, om jeg havde lyst til at arbejde med EKG-projektet &#8211; og om Victor ikke kunne v\u00e6re en oplagt kollega at arbejde sammen med om det, fort\u00e6ller Benedikte Bagger Poulsen.<\/p>\n<p>I samarbejde med en enhed (Business Intelligence) under Aalborg Universitetshospital fik de unge introl\u00e6ger trukket data ud om, hvor mange patienter i akutmodtagelsen i Thisted, der f\u00e5r taget en EKG. Det viste sig, at det i gennemsnit over de seneste tre \u00e5r var 93 procent af patienterne.<\/p>\n<p>Som n\u00e6vnt stillede de unge l\u00e6ger sp\u00f8rgsm\u00e5lstegn ved, om det var meningsfuldt at tage EKG s\u00e5 rutinem\u00e6ssigt. Og derfor gav de sig i kast med at angive retningslinjer for, hvorn\u00e5r det giver mening.<\/p>\n<p>&#8211; En EKG b\u00f8r tages velovervejet og p\u00e5 rette indikation, understreger Benedikte Bagger Poulsen.<\/p>\n<a class=\"dvrt-link\" onClick=\"cdmtrack_click(689,jQuery(this));return false\" href=\"https:\/\/www.thistedbolig.dk\"><img decoding=\"async\" style=\"width:100%;\" src=\"https:\/\/kunmedierne.dk\/thy\/wp-content\/uploads\/sites\/2\/2025\/03\/260414ThistedBoligApril-opslag-002-1.jpg\"><\/a><script>cdmtrack_view(689);<\/script>\n<p>De to unge l\u00e6ger har f\u00e5et trykt et flowchart, der p\u00e5 meget overskuelig m\u00e5de angiver, hvorn\u00e5r den modtagende sygeplejerske skal ordinere en EKG-m\u00e5ling foretaget. Det er ved bevidsthedstab, brystsmerter, \u00e5nden\u00f8d, el-st\u00f8d, forgiftning, ved melding om hyperkali\u00e6mi (for meget eller for lidt kalium i blodet) eller ved alarmerende h\u00f8j puls\/blodtryk (over visse v\u00e6rdier).<\/p>\n<p>Hvis der allerede er taget en EKG i ambulancen, kan det v\u00e6re n\u00f8dvendigt at tage endnu \u00e9n ved ankomsten til sygehuset, hvis patienten har brystsmerter.<\/p>\n<p>I alle andre tilf\u00e6lde b\u00f8r en eventuel EKG-m\u00e5ling afvente, at en l\u00e6ge har tilset og talt med patienten.<\/p>\n<p>Victor Hagenau H\u00f8jgaard S\u00f8rensen forklarer, hvorfor det overhovedet er relevant at undg\u00e5 un\u00f8dvendige EKG-m\u00e5linger.<\/p>\n<p>&#8211; Det er prim\u00e6rt af den grund, at vi ikke \u00f8nsker at forsinke anden relevant behandling af patienten. Vi tager jo heller ikke r\u00f8ntgenbilleder af alle.<\/p>\n<a class=\"dvrt-link\" onClick=\"cdmtrack_click(685,jQuery(this));return false\" href=\"https:\/\/wensien.dk\/begravelse\/?gad_source=1&gclid=Cj0KCQjwtJ6_BhDWARIsAGanmKcWw6hbeoepGti1oApJGHln52gMbg8EBRZ86__3P1AJZ5dcsw4ZvNEaAk7JEALw_wcB\"><img decoding=\"async\" style=\"width:100%;\" src=\"https:\/\/kunmedierne.dk\/thy\/wp-content\/uploads\/sites\/2\/2025\/03\/wensien-stenhugger.jpg\"><\/a><script>cdmtrack_view(685);<\/script>\n<p>Det tager fem til ti minutter for en bioanalytiker at foretage en EKG-m\u00e5ling, og derefter tager det tilsvarende tid for en l\u00e6ge at analysere billedet &#8211; og m\u00e5ske skal en bagvagt kontaktes med henblik p\u00e5 yderligere udredning.<\/p>\n<p>Det kan v\u00e6re kostbar tid, hvis der er indikation p\u00e5 en anden sygdomstilstand.<\/p>\n<p>&#8211; Hvis patienten kommer ind med en perforeret tarm, s\u00e5 skal vi behandle den tilstand fremfor at se p\u00e5 en EKG, hvor der findes noget abnormt men ikke akut behandlingskr\u00e6vende, forklarer Benedikte &#8211; og tilf\u00f8jer:<\/p>\n<p>&#8211; Det kan v\u00e6re, at EKG&#8217;en indikerer noget, der skal udredes p\u00e5 et tidspunkt &#8211; men ikke i akutmodtagelsen. Vi skal huske, at akutmodtagelsen er til akutte tilstande.<\/p>\n<p>De to unge l\u00e6gers beslutningsv\u00e6rkt\u00f8j blev taget i brug 1. juni, og efter en m\u00e5ned har de i samarbejde med enheden p\u00e5 Aalborg Universitet set p\u00e5, om det har haft en effekt.<\/p>\n<a class=\"dvrt-link\" onClick=\"cdmtrack_click(689,jQuery(this));return false\" href=\"https:\/\/www.thistedbolig.dk\"><img decoding=\"async\" style=\"width:100%;\" src=\"https:\/\/kunmedierne.dk\/thy\/wp-content\/uploads\/sites\/2\/2025\/03\/260414ThistedBoligApril-opslag-002-1.jpg\"><\/a><script>cdmtrack_view(689);<\/script>\n<p>I l\u00f8bet af den m\u00e5ned er 690 patienter kommet ind p\u00e5 akutmodtagelsen i Thisted.<\/p>\n<p>Dataanalysen viser, at der har v\u00e6ret en relativ reduktion p\u00e5 43 procent i forhold til den andel, der tidligere automatisk fik ordineret en EKG-m\u00e5ling.<\/p>\n<p>&#8211; Det bekr\u00e6fter vores hypotese om, at vi har taget for mange f\u00f8r, siger Benedikte.<\/p>\n<p>Hun tilf\u00f8jer, at de ogs\u00e5 har set p\u00e5, om nogle patienter er &#8220;blevet tabt&#8221; p\u00e5 den bekostning. Det er ikke tilf\u00e6ldet. Der er kun tilbagemeldinger om to patienter, der fik taget en ekstra EKG efter l\u00e6gelig ordination.<\/p>\n<p>Victor Hagenau mener, at en del af forklaringen p\u00e5 den markante \u00e6ndring i handlingsm\u00f8nstret kan v\u00e6re, at flowchartet netop er blevet introduceret til alle l\u00e6ger og sygeplejesker, hvorfor de har haft det fremme i bevidstheden.<\/p>\n<a class=\"dvrt-link\" onClick=\"cdmtrack_click(1130,jQuery(this));return false\" href=\"https:\/\/www.thistedforsikring.dk\/?utm_source=partnerskaber&amp;utm_campaign=kun_thy\"><img decoding=\"async\" style=\"width:100%;\" src=\"https:\/\/kunmedierne.dk\/thy\/wp-content\/uploads\/sites\/2\/2025\/04\/260409KunThyThisted-For-1.png\"><\/a><script>cdmtrack_view(1130);<\/script>\n<p>Nogle f\u00e5 af kollegerne har v\u00e6ret en smule skeptiske, men de unge l\u00e6ger har i h\u00f8j grad inddraget erfarne kolleger i udarbejdelsen af beslutningsv\u00e6rkt\u00f8jet, og derfor er det i stigende graf blevet m\u00f8dt med begejstring i implementeringsprocessen.<\/p>\n<p>Aalborg Universitetshospital har lavet et lille opslag p\u00e5 Facebook om det nye beslutningsv\u00e6rkt\u00f8j, som Victor og Benedikte har udviklet &#8211; i \u00f8vrigt p\u00e5 basis af et lignende fokus p\u00e5 sygehuset i Horsens.<\/p>\n<p>Nogle har reageret med bekymring for, om de f\u00e6rre EKG-m\u00e5linger vil g\u00e5 ud over patientsikkerheden. Det er der absolut ingen grund til, understreger Victor:<\/p>\n<p>&#8211; Den gruppe af patienter, der er bekymring for, kommer ind i den kategori, hvor de straks vil f\u00e5 ordineret en EKG, for eksempel ved \u00e5nden\u00f8d og brystsmerter.<\/p>\n<p>For Victor handler det om en skifte til en tankegang, hvor man v\u00e6lger de kloge beslutninger &#8211; og kvalitet frem for rutine.<\/p>\n<a class=\"dvrt-link\" onClick=\"cdmtrack_click(685,jQuery(this));return false\" href=\"https:\/\/wensien.dk\/begravelse\/?gad_source=1&gclid=Cj0KCQjwtJ6_BhDWARIsAGanmKcWw6hbeoepGti1oApJGHln52gMbg8EBRZ86__3P1AJZ5dcsw4ZvNEaAk7JEALw_wcB\"><img decoding=\"async\" style=\"width:100%;\" src=\"https:\/\/kunmedierne.dk\/thy\/wp-content\/uploads\/sites\/2\/2025\/03\/wensien-stenhugger.jpg\"><\/a><script>cdmtrack_view(685);<\/script>\n<p>Benedikte pointerer, at et fravalg af EKG altid ske ved en samlet l\u00e6gelig vurdering ud fra symptomer og samtale med patienten, idet alle patienter i akutmodtagelsen tilses af en l\u00e6ge.<\/p>\n<p>&#8211; Det, der kendetegner et godt sundhedsv\u00e6sen er velovervejede beslutninger. Som l\u00e6ger er vi vant til at tage beslutninger ud fra det, vi m\u00f8der og ser. Vi er stolte af vores faglighed.<\/p>\n<p>Victor Hagenau og Benedikte Bagger Poulsen har glade for, at de som unge l\u00e6ger har f\u00e5et ansvar for udvikling af beslutningsv\u00e6rkt\u00f8jet.<\/p>\n<p>&#8211; Det er super motiverende, at vi kan f\u00e5 lov at st\u00e5 for vores eget projekt. Vi er virkelig glade for at v\u00e6re her i Thisted, siger Victor.<\/p>\n<p>Victor og Benedikte h\u00e5ber, at deres beslutningsv\u00e6rkt\u00f8j kan blive udbredt til andre akutmodtagelser i Nordjylland.<\/p>\n<p>&#8211; Vi har en lille dr\u00f8m om, at det kan blive implementeret i Aalborg, siger Victor Hagenau.<\/p>\n<p>Men f\u00f8rst skal projektet evalueres. Der vil blive fulgt op efter tre m\u00e5neder og seks m\u00e5neder.<\/p>\n<p>&#8211; Vi h\u00e5ber, det bliver et vedvarende v\u00e6rkt\u00f8j for patienternes skyld og for at undg\u00e5 overdiagnosticering, siger Benedikte Bagger Poulsen.<\/p>\n<p>&nbsp;<\/p>\n<div id=\"attachment_6742\" style=\"width: 1242px\" class=\"wp-caption alignnone\"><img loading=\"lazy\" decoding=\"async\" aria-describedby=\"caption-attachment-6742\" class=\"wp-image-6742 size-full\" src=\"https:\/\/kunmedierne.dk\/thy\/wp-content\/uploads\/sites\/2\/2025\/07\/800-x-600-24.jpg\" alt=\"\" width=\"1232\" height=\"821\" srcset=\"https:\/\/kunmedierne.dk\/thy\/wp-content\/uploads\/sites\/2\/2025\/07\/800-x-600-24.jpg 1232w, https:\/\/kunmedierne.dk\/thy\/wp-content\/uploads\/sites\/2\/2025\/07\/800-x-600-24-300x200.jpg 300w, https:\/\/kunmedierne.dk\/thy\/wp-content\/uploads\/sites\/2\/2025\/07\/800-x-600-24-1024x682.jpg 1024w, https:\/\/kunmedierne.dk\/thy\/wp-content\/uploads\/sites\/2\/2025\/07\/800-x-600-24-510x340.jpg 510w\" sizes=\"auto, (max-width: 1232px) 100vw, 1232px\" \/><p id=\"caption-attachment-6742\" class=\"wp-caption-text\">I juni m\u00e5ned ankom 690 patienter til akutmodtagelsen i Thisted. Foto: Lone L\u00e6rke Krog.<\/p><\/div>\n<p>&nbsp;<\/p>\n<p>&nbsp;<\/p>\n<p>&nbsp;<\/p>\n<p>&nbsp;<\/p>\n","protected":false},"excerpt":{"rendered":"<p>THISTED: &#8211; Vores hypotese var, at alle patienter f\u00e5r taget et EKG rutinem\u00e6ssigt, n\u00e5r de kommer ind &#8211; p\u00e5 samme m\u00e5de som man f\u00e5r taget en blodpr\u00f8vepakke. Vi stillede sp\u00f8rgsm\u00e5let, om det gav mening at tage det p\u00e5 alle. S\u00e5dan forklarer Victor Hagenau om udgangspunktet for det arbejde, som han og kollegaen Benedikte Bagger Poulsen [&hellip;]<\/p>\n","protected":false},"author":1925,"featured_media":0,"comment_status":"closed","ping_status":"closed","sticky":false,"template":"","format":"standard","meta":{"_acf_changed":false,"footnotes":""},"categories":[24],"tags":[47],"class_list":["post-6731","post","type-post","status-publish","format-standard","hentry","category-lokalt","tag-sundhed"],"acf":[],"yoast_head":"<!-- This site is optimized with the Yoast SEO plugin v26.8 - https:\/\/yoast.com\/product\/yoast-seo-wordpress\/ -->\n<title>Unge l\u00e6ger i Thisted: EKG-m\u00e5linger er langt fra altid n\u00f8dvendige - Thy<\/title>\n<meta name=\"robots\" content=\"index, follow, max-snippet:-1, max-image-preview:large, max-video-preview:-1\" \/>\n<link rel=\"canonical\" href=\"https:\/\/kunmedierne.dk\/thy\/unge-laeger-i-thisted-ekg-maalinger-er-langt-fra-altid-noedvendige\/\" \/>\n<meta property=\"og:locale\" content=\"da_DK\" \/>\n<meta property=\"og:type\" content=\"article\" \/>\n<meta property=\"og:title\" content=\"Unge l\u00e6ger i Thisted: EKG-m\u00e5linger er langt fra altid n\u00f8dvendige - Thy\" \/>\n<meta property=\"og:description\" content=\"THISTED: &#8211; Vores hypotese var, at alle patienter f\u00e5r taget et EKG rutinem\u00e6ssigt, n\u00e5r de kommer ind &#8211; p\u00e5 samme m\u00e5de som man f\u00e5r taget en blodpr\u00f8vepakke. Vi stillede sp\u00f8rgsm\u00e5let, om det gav mening at tage det p\u00e5 alle. S\u00e5dan forklarer Victor Hagenau om udgangspunktet for det arbejde, som han og kollegaen Benedikte Bagger Poulsen [&hellip;]\" \/>\n<meta property=\"og:url\" content=\"https:\/\/kunmedierne.dk\/thy\/unge-laeger-i-thisted-ekg-maalinger-er-langt-fra-altid-noedvendige\/\" \/>\n<meta property=\"og:site_name\" content=\"Thy\" \/>\n<meta property=\"article:published_time\" content=\"2025-07-17T09:56:45+00:00\" \/>\n<meta property=\"og:image\" content=\"https:\/\/kunmedierne.dk\/thy\/wp-content\/uploads\/sites\/2\/2025\/07\/800-x-600-24.jpg\" \/>\n<meta name=\"author\" content=\"Lone L\u00e6rke Krog\" \/>\n<meta name=\"twitter:card\" content=\"summary_large_image\" \/>\n<meta name=\"twitter:label1\" content=\"Skrevet af\" \/>\n\t<meta name=\"twitter:data1\" content=\"Lone L\u00e6rke Krog\" \/>\n\t<meta name=\"twitter:label2\" content=\"Estimeret l\u00e6setid\" \/>\n\t<meta name=\"twitter:data2\" content=\"6 minutter\" \/>\n<script type=\"application\/ld+json\" class=\"yoast-schema-graph\">{\"@context\":\"https:\/\/schema.org\",\"@graph\":[{\"@type\":\"Article\",\"@id\":\"https:\/\/kunmedierne.dk\/thy\/unge-laeger-i-thisted-ekg-maalinger-er-langt-fra-altid-noedvendige\/#article\",\"isPartOf\":{\"@id\":\"https:\/\/kunmedierne.dk\/thy\/unge-laeger-i-thisted-ekg-maalinger-er-langt-fra-altid-noedvendige\/\"},\"author\":{\"name\":\"Lone L\u00e6rke Krog\",\"@id\":\"https:\/\/kunmedierne.dk\/thy\/#\/schema\/person\/d266634ba6550d075ecf540d63b245d2\"},\"headline\":\"Unge l\u00e6ger i Thisted: EKG-m\u00e5linger er langt fra altid n\u00f8dvendige\",\"datePublished\":\"2025-07-17T09:56:45+00:00\",\"mainEntityOfPage\":{\"@id\":\"https:\/\/kunmedierne.dk\/thy\/unge-laeger-i-thisted-ekg-maalinger-er-langt-fra-altid-noedvendige\/\"},\"wordCount\":1161,\"publisher\":{\"@id\":\"https:\/\/kunmedierne.dk\/thy\/#organization\"},\"image\":{\"@id\":\"https:\/\/kunmedierne.dk\/thy\/unge-laeger-i-thisted-ekg-maalinger-er-langt-fra-altid-noedvendige\/#primaryimage\"},\"thumbnailUrl\":\"https:\/\/kunmedierne.dk\/thy\/wp-content\/uploads\/sites\/2\/2025\/07\/800-x-600-24.jpg\",\"keywords\":[\"Sundhed\"],\"articleSection\":[\"Lokalt\"],\"inLanguage\":\"da-DK\"},{\"@type\":\"WebPage\",\"@id\":\"https:\/\/kunmedierne.dk\/thy\/unge-laeger-i-thisted-ekg-maalinger-er-langt-fra-altid-noedvendige\/\",\"url\":\"https:\/\/kunmedierne.dk\/thy\/unge-laeger-i-thisted-ekg-maalinger-er-langt-fra-altid-noedvendige\/\",\"name\":\"Unge l\u00e6ger i Thisted: EKG-m\u00e5linger er langt fra altid n\u00f8dvendige - Thy\",\"isPartOf\":{\"@id\":\"https:\/\/kunmedierne.dk\/thy\/#website\"},\"primaryImageOfPage\":{\"@id\":\"https:\/\/kunmedierne.dk\/thy\/unge-laeger-i-thisted-ekg-maalinger-er-langt-fra-altid-noedvendige\/#primaryimage\"},\"image\":{\"@id\":\"https:\/\/kunmedierne.dk\/thy\/unge-laeger-i-thisted-ekg-maalinger-er-langt-fra-altid-noedvendige\/#primaryimage\"},\"thumbnailUrl\":\"https:\/\/kunmedierne.dk\/thy\/wp-content\/uploads\/sites\/2\/2025\/07\/800-x-600-24.jpg\",\"datePublished\":\"2025-07-17T09:56:45+00:00\",\"breadcrumb\":{\"@id\":\"https:\/\/kunmedierne.dk\/thy\/unge-laeger-i-thisted-ekg-maalinger-er-langt-fra-altid-noedvendige\/#breadcrumb\"},\"inLanguage\":\"da-DK\",\"potentialAction\":[{\"@type\":\"ReadAction\",\"target\":[\"https:\/\/kunmedierne.dk\/thy\/unge-laeger-i-thisted-ekg-maalinger-er-langt-fra-altid-noedvendige\/\"]}]},{\"@type\":\"ImageObject\",\"inLanguage\":\"da-DK\",\"@id\":\"https:\/\/kunmedierne.dk\/thy\/unge-laeger-i-thisted-ekg-maalinger-er-langt-fra-altid-noedvendige\/#primaryimage\",\"url\":\"https:\/\/kunmedierne.dk\/thy\/wp-content\/uploads\/sites\/2\/2025\/07\/800-x-600-24.jpg\",\"contentUrl\":\"https:\/\/kunmedierne.dk\/thy\/wp-content\/uploads\/sites\/2\/2025\/07\/800-x-600-24.jpg\",\"width\":1232,\"height\":821},{\"@type\":\"BreadcrumbList\",\"@id\":\"https:\/\/kunmedierne.dk\/thy\/unge-laeger-i-thisted-ekg-maalinger-er-langt-fra-altid-noedvendige\/#breadcrumb\",\"itemListElement\":[{\"@type\":\"ListItem\",\"position\":1,\"name\":\"Home\",\"item\":\"https:\/\/kunmedierne.dk\/thy\/\"},{\"@type\":\"ListItem\",\"position\":2,\"name\":\"Unge l\u00e6ger i Thisted: EKG-m\u00e5linger er langt fra altid n\u00f8dvendige\"}]},{\"@type\":\"WebSite\",\"@id\":\"https:\/\/kunmedierne.dk\/thy\/#website\",\"url\":\"https:\/\/kunmedierne.dk\/thy\/\",\"name\":\"Thy\",\"description\":\"et netmedie med journalistik om livet i Thy\",\"publisher\":{\"@id\":\"https:\/\/kunmedierne.dk\/thy\/#organization\"},\"potentialAction\":[{\"@type\":\"SearchAction\",\"target\":{\"@type\":\"EntryPoint\",\"urlTemplate\":\"https:\/\/kunmedierne.dk\/thy\/?s={search_term_string}\"},\"query-input\":{\"@type\":\"PropertyValueSpecification\",\"valueRequired\":true,\"valueName\":\"search_term_string\"}}],\"inLanguage\":\"da-DK\"},{\"@type\":\"Organization\",\"@id\":\"https:\/\/kunmedierne.dk\/thy\/#organization\",\"name\":\"Thy\",\"url\":\"https:\/\/kunmedierne.dk\/thy\/\",\"logo\":{\"@type\":\"ImageObject\",\"inLanguage\":\"da-DK\",\"@id\":\"https:\/\/kunmedierne.dk\/thy\/#\/schema\/logo\/image\/\",\"url\":\"https:\/\/kunmedierne.dk\/thy\/wp-content\/uploads\/sites\/2\/2025\/04\/kunthy-logo.svg\",\"contentUrl\":\"https:\/\/kunmedierne.dk\/thy\/wp-content\/uploads\/sites\/2\/2025\/04\/kunthy-logo.svg\",\"caption\":\"Thy\"},\"image\":{\"@id\":\"https:\/\/kunmedierne.dk\/thy\/#\/schema\/logo\/image\/\"}},{\"@type\":\"Person\",\"@id\":\"https:\/\/kunmedierne.dk\/thy\/#\/schema\/person\/d266634ba6550d075ecf540d63b245d2\",\"name\":\"Lone L\u00e6rke Krog\",\"image\":{\"@type\":\"ImageObject\",\"inLanguage\":\"da-DK\",\"@id\":\"https:\/\/kunmedierne.dk\/thy\/#\/schema\/person\/image\/\",\"url\":\"https:\/\/secure.gravatar.com\/avatar\/496ddc7080e56b4ac64cfd4e56bd6d1ee396fa3db1923aa22f11346f60bb135b?s=96&d=mm&r=g\",\"contentUrl\":\"https:\/\/secure.gravatar.com\/avatar\/496ddc7080e56b4ac64cfd4e56bd6d1ee396fa3db1923aa22f11346f60bb135b?s=96&d=mm&r=g\",\"caption\":\"Lone L\u00e6rke Krog\"},\"url\":\"https:\/\/kunmedierne.dk\/thy\/author\/llk\/\"}]}<\/script>\n<!-- \/ Yoast SEO plugin. -->","yoast_head_json":{"title":"Unge l\u00e6ger i Thisted: EKG-m\u00e5linger er langt fra altid n\u00f8dvendige - Thy","robots":{"index":"index","follow":"follow","max-snippet":"max-snippet:-1","max-image-preview":"max-image-preview:large","max-video-preview":"max-video-preview:-1"},"canonical":"https:\/\/kunmedierne.dk\/thy\/unge-laeger-i-thisted-ekg-maalinger-er-langt-fra-altid-noedvendige\/","og_locale":"da_DK","og_type":"article","og_title":"Unge l\u00e6ger i Thisted: EKG-m\u00e5linger er langt fra altid n\u00f8dvendige - Thy","og_description":"THISTED: &#8211; Vores hypotese var, at alle patienter f\u00e5r taget et EKG rutinem\u00e6ssigt, n\u00e5r de kommer ind &#8211; p\u00e5 samme m\u00e5de som man f\u00e5r taget en blodpr\u00f8vepakke. Vi stillede sp\u00f8rgsm\u00e5let, om det gav mening at tage det p\u00e5 alle. S\u00e5dan forklarer Victor Hagenau om udgangspunktet for det arbejde, som han og kollegaen Benedikte Bagger Poulsen [&hellip;]","og_url":"https:\/\/kunmedierne.dk\/thy\/unge-laeger-i-thisted-ekg-maalinger-er-langt-fra-altid-noedvendige\/","og_site_name":"Thy","article_published_time":"2025-07-17T09:56:45+00:00","og_image":[{"url":"https:\/\/kunmedierne.dk\/thy\/wp-content\/uploads\/sites\/2\/2025\/07\/800-x-600-24.jpg","type":"","width":"","height":""}],"author":"Lone L\u00e6rke Krog","twitter_card":"summary_large_image","twitter_misc":{"Skrevet af":"Lone L\u00e6rke Krog","Estimeret l\u00e6setid":"6 minutter"},"schema":{"@context":"https:\/\/schema.org","@graph":[{"@type":"Article","@id":"https:\/\/kunmedierne.dk\/thy\/unge-laeger-i-thisted-ekg-maalinger-er-langt-fra-altid-noedvendige\/#article","isPartOf":{"@id":"https:\/\/kunmedierne.dk\/thy\/unge-laeger-i-thisted-ekg-maalinger-er-langt-fra-altid-noedvendige\/"},"author":{"name":"Lone L\u00e6rke Krog","@id":"https:\/\/kunmedierne.dk\/thy\/#\/schema\/person\/d266634ba6550d075ecf540d63b245d2"},"headline":"Unge l\u00e6ger i Thisted: EKG-m\u00e5linger er langt fra altid n\u00f8dvendige","datePublished":"2025-07-17T09:56:45+00:00","mainEntityOfPage":{"@id":"https:\/\/kunmedierne.dk\/thy\/unge-laeger-i-thisted-ekg-maalinger-er-langt-fra-altid-noedvendige\/"},"wordCount":1161,"publisher":{"@id":"https:\/\/kunmedierne.dk\/thy\/#organization"},"image":{"@id":"https:\/\/kunmedierne.dk\/thy\/unge-laeger-i-thisted-ekg-maalinger-er-langt-fra-altid-noedvendige\/#primaryimage"},"thumbnailUrl":"https:\/\/kunmedierne.dk\/thy\/wp-content\/uploads\/sites\/2\/2025\/07\/800-x-600-24.jpg","keywords":["Sundhed"],"articleSection":["Lokalt"],"inLanguage":"da-DK"},{"@type":"WebPage","@id":"https:\/\/kunmedierne.dk\/thy\/unge-laeger-i-thisted-ekg-maalinger-er-langt-fra-altid-noedvendige\/","url":"https:\/\/kunmedierne.dk\/thy\/unge-laeger-i-thisted-ekg-maalinger-er-langt-fra-altid-noedvendige\/","name":"Unge l\u00e6ger i Thisted: EKG-m\u00e5linger er langt fra altid n\u00f8dvendige - Thy","isPartOf":{"@id":"https:\/\/kunmedierne.dk\/thy\/#website"},"primaryImageOfPage":{"@id":"https:\/\/kunmedierne.dk\/thy\/unge-laeger-i-thisted-ekg-maalinger-er-langt-fra-altid-noedvendige\/#primaryimage"},"image":{"@id":"https:\/\/kunmedierne.dk\/thy\/unge-laeger-i-thisted-ekg-maalinger-er-langt-fra-altid-noedvendige\/#primaryimage"},"thumbnailUrl":"https:\/\/kunmedierne.dk\/thy\/wp-content\/uploads\/sites\/2\/2025\/07\/800-x-600-24.jpg","datePublished":"2025-07-17T09:56:45+00:00","breadcrumb":{"@id":"https:\/\/kunmedierne.dk\/thy\/unge-laeger-i-thisted-ekg-maalinger-er-langt-fra-altid-noedvendige\/#breadcrumb"},"inLanguage":"da-DK","potentialAction":[{"@type":"ReadAction","target":["https:\/\/kunmedierne.dk\/thy\/unge-laeger-i-thisted-ekg-maalinger-er-langt-fra-altid-noedvendige\/"]}]},{"@type":"ImageObject","inLanguage":"da-DK","@id":"https:\/\/kunmedierne.dk\/thy\/unge-laeger-i-thisted-ekg-maalinger-er-langt-fra-altid-noedvendige\/#primaryimage","url":"https:\/\/kunmedierne.dk\/thy\/wp-content\/uploads\/sites\/2\/2025\/07\/800-x-600-24.jpg","contentUrl":"https:\/\/kunmedierne.dk\/thy\/wp-content\/uploads\/sites\/2\/2025\/07\/800-x-600-24.jpg","width":1232,"height":821},{"@type":"BreadcrumbList","@id":"https:\/\/kunmedierne.dk\/thy\/unge-laeger-i-thisted-ekg-maalinger-er-langt-fra-altid-noedvendige\/#breadcrumb","itemListElement":[{"@type":"ListItem","position":1,"name":"Home","item":"https:\/\/kunmedierne.dk\/thy\/"},{"@type":"ListItem","position":2,"name":"Unge l\u00e6ger i Thisted: EKG-m\u00e5linger er langt fra altid n\u00f8dvendige"}]},{"@type":"WebSite","@id":"https:\/\/kunmedierne.dk\/thy\/#website","url":"https:\/\/kunmedierne.dk\/thy\/","name":"Thy","description":"et netmedie med journalistik om livet i Thy","publisher":{"@id":"https:\/\/kunmedierne.dk\/thy\/#organization"},"potentialAction":[{"@type":"SearchAction","target":{"@type":"EntryPoint","urlTemplate":"https:\/\/kunmedierne.dk\/thy\/?s={search_term_string}"},"query-input":{"@type":"PropertyValueSpecification","valueRequired":true,"valueName":"search_term_string"}}],"inLanguage":"da-DK"},{"@type":"Organization","@id":"https:\/\/kunmedierne.dk\/thy\/#organization","name":"Thy","url":"https:\/\/kunmedierne.dk\/thy\/","logo":{"@type":"ImageObject","inLanguage":"da-DK","@id":"https:\/\/kunmedierne.dk\/thy\/#\/schema\/logo\/image\/","url":"https:\/\/kunmedierne.dk\/thy\/wp-content\/uploads\/sites\/2\/2025\/04\/kunthy-logo.svg","contentUrl":"https:\/\/kunmedierne.dk\/thy\/wp-content\/uploads\/sites\/2\/2025\/04\/kunthy-logo.svg","caption":"Thy"},"image":{"@id":"https:\/\/kunmedierne.dk\/thy\/#\/schema\/logo\/image\/"}},{"@type":"Person","@id":"https:\/\/kunmedierne.dk\/thy\/#\/schema\/person\/d266634ba6550d075ecf540d63b245d2","name":"Lone L\u00e6rke Krog","image":{"@type":"ImageObject","inLanguage":"da-DK","@id":"https:\/\/kunmedierne.dk\/thy\/#\/schema\/person\/image\/","url":"https:\/\/secure.gravatar.com\/avatar\/496ddc7080e56b4ac64cfd4e56bd6d1ee396fa3db1923aa22f11346f60bb135b?s=96&d=mm&r=g","contentUrl":"https:\/\/secure.gravatar.com\/avatar\/496ddc7080e56b4ac64cfd4e56bd6d1ee396fa3db1923aa22f11346f60bb135b?s=96&d=mm&r=g","caption":"Lone L\u00e6rke Krog"},"url":"https:\/\/kunmedierne.dk\/thy\/author\/llk\/"}]}},"_links":{"self":[{"href":"https:\/\/kunmedierne.dk\/thy\/wp-json\/wp\/v2\/posts\/6731","targetHints":{"allow":["GET"]}}],"collection":[{"href":"https:\/\/kunmedierne.dk\/thy\/wp-json\/wp\/v2\/posts"}],"about":[{"href":"https:\/\/kunmedierne.dk\/thy\/wp-json\/wp\/v2\/types\/post"}],"author":[{"embeddable":true,"href":"https:\/\/kunmedierne.dk\/thy\/wp-json\/wp\/v2\/users\/1925"}],"replies":[{"embeddable":true,"href":"https:\/\/kunmedierne.dk\/thy\/wp-json\/wp\/v2\/comments?post=6731"}],"version-history":[{"count":11,"href":"https:\/\/kunmedierne.dk\/thy\/wp-json\/wp\/v2\/posts\/6731\/revisions"}],"predecessor-version":[{"id":6759,"href":"https:\/\/kunmedierne.dk\/thy\/wp-json\/wp\/v2\/posts\/6731\/revisions\/6759"}],"wp:attachment":[{"href":"https:\/\/kunmedierne.dk\/thy\/wp-json\/wp\/v2\/media?parent=6731"}],"wp:term":[{"taxonomy":"category","embeddable":true,"href":"https:\/\/kunmedierne.dk\/thy\/wp-json\/wp\/v2\/categories?post=6731"},{"taxonomy":"post_tag","embeddable":true,"href":"https:\/\/kunmedierne.dk\/thy\/wp-json\/wp\/v2\/tags?post=6731"}],"curies":[{"name":"wp","href":"https:\/\/api.w.org\/{rel}","templated":true}]}}