{"id":6096,"date":"2025-07-05T14:43:03","date_gmt":"2025-07-05T12:43:03","guid":{"rendered":"https:\/\/kunmedierne.dk\/thy\/?p=6096"},"modified":"2025-07-04T14:57:36","modified_gmt":"2025-07-04T12:57:36","slug":"teateroplevelser-under-aaben-himmel-i-thisted","status":"publish","type":"post","link":"https:\/\/kunmedierne.dk\/thy\/teateroplevelser-under-aaben-himmel-i-thisted\/","title":{"rendered":"Teateroplevelser under \u00e5ben himmel i Thisted"},"content":{"rendered":"<p><strong>THISTED<\/strong>:\u00a0Thisted Teaterkreds inviterer til to gratis teateroplevelser under \u00e5ben himmel i august.<\/p>\n<p>&#8220;Opera mellem Himmel og Hav&#8221; finder sted mandag den 4. august kl. 19 i Smedjen i Thisted.<\/p>\n<p>Medvirkende er\u00a0guidOpera &#8211; med f\u00f8lgende trup af sangere: Guido Paevatalu, Signe Asmussen, Niels J\u00f8rgen Riis og Leif Greibe.<\/p>\n<a class=\"dvrt-link\" onClick=\"cdmtrack_click(687,jQuery(this));return false\" href=\"https:\/\/konpap.dk\/?gad_source=1&gclid=Cj0KCQjwtJ6_BhDWARIsAGanmKfOBLC3RBm6obWL5sEb-mp4bsp5QjqWW4j4nx22y0YT2iMiXJcv3MoaApR_EALw_wcB\"><img decoding=\"async\" style=\"width:100%;\" src=\"https:\/\/kunmedierne.dk\/thy\/wp-content\/uploads\/sites\/2\/2025\/03\/redoffice.jpg\"><\/a><script>cdmtrack_view(687);<\/script>\n<p>Opera Mellem Himmel og Hav er en operaform, der skal p\u00e5 turne til havne og \u00f8er i Danmark.<\/p>\n<p>Det er nu fjerde gang, at Thisted Teaterkreds inviterer til gratis opera i Smedjen i Thisted.<\/p>\n<p>Aftenen vil byde p\u00e5 arier og duetter fra Mozart, Verdi, Wagner og Puccini.<\/p>\n<p>&#8211; Kom og oplev h\u00f8jdepunkter og udpluk fra de allerbedste operaer, sunget og spillet af nogle af Danmarks allerbedste i feltet, lyder det i opfordringen fra Claus Nystrup Ehlers, Thisted Teaterkreds.<\/p>\n<a class=\"dvrt-link\" onClick=\"cdmtrack_click(4416,jQuery(this));return false\" href=\"https:\/\/sdrhaa.dk\/\"><img decoding=\"async\" style=\"width:100%;\" src=\"https:\/\/kunmedierne.dk\/thy\/wp-content\/uploads\/sites\/2\/2025\/05\/260302Din-gebyrvenlige-sparekasse_SHS_Thy-1.gif\"><\/a><script>cdmtrack_view(4416);<\/script>\n<p>Den n\u00e6ste forestilling under \u00e5ben himmel er om aftenen l\u00f8rdag 9. august kl. 18.30 p\u00e5 Den Gamle Kirkeg\u00e5rd, Thisted (Gr\u00e6spl\u00e6nen bag ved Thisted Kirke)<\/p>\n<p>Medvirkende er truppen Shakes i samarbejde med Limfjordsteatret og Folketeatret.<\/p>\n<p>I \u00e5r tages Shakespeares ber\u00f8mte skuespil Helligtrekongersaften under k\u00e6rlig behandling, n\u00e5r Tina Gylling Mortensen, Anne Sofie Wanstrup, Mathilde Eusebius, Kasper Leisner og Tue Lunding skruer op for charmen og hiver Shakespeare ud af teaterst\u00f8vet og ned p\u00e5 gadeplan, hvor alle kan f\u00e5 gl\u00e6de af den britiske poets ud\u00f8delige fort\u00e6llinger.<\/p>\n<p>Shakes fusionerer Shakespeares \u00e6dle tradition med pop og vilde kostumer og giver publikum i alle aldre og fra alle samfundsgrupper adgang til en gedigen teaterfest.<br \/>\nDet bliver vildt!<\/p>\n<a class=\"dvrt-link\" onClick=\"cdmtrack_click(689,jQuery(this));return false\" href=\"https:\/\/www.thistedbolig.dk\"><img decoding=\"async\" style=\"width:100%;\" src=\"https:\/\/kunmedierne.dk\/thy\/wp-content\/uploads\/sites\/2\/2025\/03\/260414ThistedBoligApril-opslag-002-1.jpg\"><\/a><script>cdmtrack_view(689);<\/script>\n<p>Thisted Teaterkreds er i \u00f8vrigt klar med programmet for den kommende s\u00e6son. Det byder p\u00e5 alt fra klassiske dramaer og musikforestillinger til b\u00f8rneteater og kabaret. Blandt h\u00f8jdepunkterne er F\u00f8rst nu forst\u00e5r jeg intet, Sallys Far, STOLT, Meter i sekundet, Ellen \u2013 Velkommen til helvede og Rubys Julekabaret.<\/p>\n<p>Der skulle v\u00e6re noget for enhver smag \u2013 og b\u00e5de abonnementsforestillinger og enkeltbilletter.<\/p>\n<p>&nbsp;<\/p>\n<p><a href=\"https:\/\/www.teaterkredsen.dk\">Se hele teaterkredsens program for 2025-26 her:<\/a><\/p>\n<p>&nbsp;<\/p>\n","protected":false},"excerpt":{"rendered":"<p>THISTED:\u00a0Thisted Teaterkreds inviterer til to gratis teateroplevelser under \u00e5ben himmel i august. &#8220;Opera mellem Himmel og Hav&#8221; finder sted mandag den 4. august kl. 19 i Smedjen i Thisted. Medvirkende er\u00a0guidOpera &#8211; med f\u00f8lgende trup af sangere: Guido Paevatalu, Signe Asmussen, Niels J\u00f8rgen Riis og Leif Greibe. Opera Mellem Himmel og Hav er en operaform, [&hellip;]<\/p>\n","protected":false},"author":1925,"featured_media":0,"comment_status":"closed","ping_status":"closed","sticky":false,"template":"","format":"standard","meta":{"_acf_changed":false,"footnotes":""},"categories":[21],"tags":[],"class_list":["post-6096","post","type-post","status-publish","format-standard","hentry","category-kultur"],"acf":[],"yoast_head":"<!-- This site is optimized with the Yoast SEO plugin v26.8 - https:\/\/yoast.com\/product\/yoast-seo-wordpress\/ -->\n<title>Teateroplevelser under \u00e5ben himmel i Thisted - Thy<\/title>\n<meta name=\"robots\" content=\"index, follow, max-snippet:-1, max-image-preview:large, max-video-preview:-1\" \/>\n<link rel=\"canonical\" href=\"https:\/\/kunmedierne.dk\/thy\/teateroplevelser-under-aaben-himmel-i-thisted\/\" \/>\n<meta property=\"og:locale\" content=\"da_DK\" \/>\n<meta property=\"og:type\" content=\"article\" \/>\n<meta property=\"og:title\" content=\"Teateroplevelser under \u00e5ben himmel i Thisted - Thy\" \/>\n<meta property=\"og:description\" content=\"THISTED:\u00a0Thisted Teaterkreds inviterer til to gratis teateroplevelser under \u00e5ben himmel i august. &#8220;Opera mellem Himmel og Hav&#8221; finder sted mandag den 4. august kl. 19 i Smedjen i Thisted. Medvirkende er\u00a0guidOpera &#8211; med f\u00f8lgende trup af sangere: Guido Paevatalu, Signe Asmussen, Niels J\u00f8rgen Riis og Leif Greibe. Opera Mellem Himmel og Hav er en operaform, [&hellip;]\" \/>\n<meta property=\"og:url\" content=\"https:\/\/kunmedierne.dk\/thy\/teateroplevelser-under-aaben-himmel-i-thisted\/\" \/>\n<meta property=\"og:site_name\" content=\"Thy\" \/>\n<meta property=\"article:published_time\" content=\"2025-07-05T12:43:03+00:00\" \/>\n<meta name=\"author\" content=\"Lone L\u00e6rke Krog\" \/>\n<meta name=\"twitter:card\" content=\"summary_large_image\" \/>\n<meta name=\"twitter:label1\" content=\"Skrevet af\" \/>\n\t<meta name=\"twitter:data1\" content=\"Lone L\u00e6rke Krog\" \/>\n\t<meta name=\"twitter:label2\" content=\"Estimeret l\u00e6setid\" \/>\n\t<meta name=\"twitter:data2\" content=\"2 minutter\" \/>\n<script type=\"application\/ld+json\" class=\"yoast-schema-graph\">{\"@context\":\"https:\/\/schema.org\",\"@graph\":[{\"@type\":\"Article\",\"@id\":\"https:\/\/kunmedierne.dk\/thy\/teateroplevelser-under-aaben-himmel-i-thisted\/#article\",\"isPartOf\":{\"@id\":\"https:\/\/kunmedierne.dk\/thy\/teateroplevelser-under-aaben-himmel-i-thisted\/\"},\"author\":{\"name\":\"Lone L\u00e6rke Krog\",\"@id\":\"https:\/\/kunmedierne.dk\/thy\/#\/schema\/person\/d266634ba6550d075ecf540d63b245d2\"},\"headline\":\"Teateroplevelser under \u00e5ben himmel i Thisted\",\"datePublished\":\"2025-07-05T12:43:03+00:00\",\"mainEntityOfPage\":{\"@id\":\"https:\/\/kunmedierne.dk\/thy\/teateroplevelser-under-aaben-himmel-i-thisted\/\"},\"wordCount\":335,\"publisher\":{\"@id\":\"https:\/\/kunmedierne.dk\/thy\/#organization\"},\"articleSection\":[\"Kultur\"],\"inLanguage\":\"da-DK\"},{\"@type\":\"WebPage\",\"@id\":\"https:\/\/kunmedierne.dk\/thy\/teateroplevelser-under-aaben-himmel-i-thisted\/\",\"url\":\"https:\/\/kunmedierne.dk\/thy\/teateroplevelser-under-aaben-himmel-i-thisted\/\",\"name\":\"Teateroplevelser under \u00e5ben himmel i Thisted - Thy\",\"isPartOf\":{\"@id\":\"https:\/\/kunmedierne.dk\/thy\/#website\"},\"datePublished\":\"2025-07-05T12:43:03+00:00\",\"breadcrumb\":{\"@id\":\"https:\/\/kunmedierne.dk\/thy\/teateroplevelser-under-aaben-himmel-i-thisted\/#breadcrumb\"},\"inLanguage\":\"da-DK\",\"potentialAction\":[{\"@type\":\"ReadAction\",\"target\":[\"https:\/\/kunmedierne.dk\/thy\/teateroplevelser-under-aaben-himmel-i-thisted\/\"]}]},{\"@type\":\"BreadcrumbList\",\"@id\":\"https:\/\/kunmedierne.dk\/thy\/teateroplevelser-under-aaben-himmel-i-thisted\/#breadcrumb\",\"itemListElement\":[{\"@type\":\"ListItem\",\"position\":1,\"name\":\"Home\",\"item\":\"https:\/\/kunmedierne.dk\/thy\/\"},{\"@type\":\"ListItem\",\"position\":2,\"name\":\"Teateroplevelser under \u00e5ben himmel i Thisted\"}]},{\"@type\":\"WebSite\",\"@id\":\"https:\/\/kunmedierne.dk\/thy\/#website\",\"url\":\"https:\/\/kunmedierne.dk\/thy\/\",\"name\":\"Thy\",\"description\":\"et netmedie med journalistik om livet i Thy\",\"publisher\":{\"@id\":\"https:\/\/kunmedierne.dk\/thy\/#organization\"},\"potentialAction\":[{\"@type\":\"SearchAction\",\"target\":{\"@type\":\"EntryPoint\",\"urlTemplate\":\"https:\/\/kunmedierne.dk\/thy\/?s={search_term_string}\"},\"query-input\":{\"@type\":\"PropertyValueSpecification\",\"valueRequired\":true,\"valueName\":\"search_term_string\"}}],\"inLanguage\":\"da-DK\"},{\"@type\":\"Organization\",\"@id\":\"https:\/\/kunmedierne.dk\/thy\/#organization\",\"name\":\"Thy\",\"url\":\"https:\/\/kunmedierne.dk\/thy\/\",\"logo\":{\"@type\":\"ImageObject\",\"inLanguage\":\"da-DK\",\"@id\":\"https:\/\/kunmedierne.dk\/thy\/#\/schema\/logo\/image\/\",\"url\":\"https:\/\/kunmedierne.dk\/thy\/wp-content\/uploads\/sites\/2\/2025\/04\/kunthy-logo.svg\",\"contentUrl\":\"https:\/\/kunmedierne.dk\/thy\/wp-content\/uploads\/sites\/2\/2025\/04\/kunthy-logo.svg\",\"caption\":\"Thy\"},\"image\":{\"@id\":\"https:\/\/kunmedierne.dk\/thy\/#\/schema\/logo\/image\/\"}},{\"@type\":\"Person\",\"@id\":\"https:\/\/kunmedierne.dk\/thy\/#\/schema\/person\/d266634ba6550d075ecf540d63b245d2\",\"name\":\"Lone L\u00e6rke Krog\",\"image\":{\"@type\":\"ImageObject\",\"inLanguage\":\"da-DK\",\"@id\":\"https:\/\/kunmedierne.dk\/thy\/#\/schema\/person\/image\/\",\"url\":\"https:\/\/secure.gravatar.com\/avatar\/496ddc7080e56b4ac64cfd4e56bd6d1ee396fa3db1923aa22f11346f60bb135b?s=96&d=mm&r=g\",\"contentUrl\":\"https:\/\/secure.gravatar.com\/avatar\/496ddc7080e56b4ac64cfd4e56bd6d1ee396fa3db1923aa22f11346f60bb135b?s=96&d=mm&r=g\",\"caption\":\"Lone L\u00e6rke Krog\"},\"url\":\"https:\/\/kunmedierne.dk\/thy\/author\/llk\/\"}]}<\/script>\n<!-- \/ Yoast SEO plugin. -->","yoast_head_json":{"title":"Teateroplevelser under \u00e5ben himmel i Thisted - Thy","robots":{"index":"index","follow":"follow","max-snippet":"max-snippet:-1","max-image-preview":"max-image-preview:large","max-video-preview":"max-video-preview:-1"},"canonical":"https:\/\/kunmedierne.dk\/thy\/teateroplevelser-under-aaben-himmel-i-thisted\/","og_locale":"da_DK","og_type":"article","og_title":"Teateroplevelser under \u00e5ben himmel i Thisted - Thy","og_description":"THISTED:\u00a0Thisted Teaterkreds inviterer til to gratis teateroplevelser under \u00e5ben himmel i august. &#8220;Opera mellem Himmel og Hav&#8221; finder sted mandag den 4. august kl. 19 i Smedjen i Thisted. Medvirkende er\u00a0guidOpera &#8211; med f\u00f8lgende trup af sangere: Guido Paevatalu, Signe Asmussen, Niels J\u00f8rgen Riis og Leif Greibe. Opera Mellem Himmel og Hav er en operaform, [&hellip;]","og_url":"https:\/\/kunmedierne.dk\/thy\/teateroplevelser-under-aaben-himmel-i-thisted\/","og_site_name":"Thy","article_published_time":"2025-07-05T12:43:03+00:00","author":"Lone L\u00e6rke Krog","twitter_card":"summary_large_image","twitter_misc":{"Skrevet af":"Lone L\u00e6rke Krog","Estimeret l\u00e6setid":"2 minutter"},"schema":{"@context":"https:\/\/schema.org","@graph":[{"@type":"Article","@id":"https:\/\/kunmedierne.dk\/thy\/teateroplevelser-under-aaben-himmel-i-thisted\/#article","isPartOf":{"@id":"https:\/\/kunmedierne.dk\/thy\/teateroplevelser-under-aaben-himmel-i-thisted\/"},"author":{"name":"Lone L\u00e6rke Krog","@id":"https:\/\/kunmedierne.dk\/thy\/#\/schema\/person\/d266634ba6550d075ecf540d63b245d2"},"headline":"Teateroplevelser under \u00e5ben himmel i Thisted","datePublished":"2025-07-05T12:43:03+00:00","mainEntityOfPage":{"@id":"https:\/\/kunmedierne.dk\/thy\/teateroplevelser-under-aaben-himmel-i-thisted\/"},"wordCount":335,"publisher":{"@id":"https:\/\/kunmedierne.dk\/thy\/#organization"},"articleSection":["Kultur"],"inLanguage":"da-DK"},{"@type":"WebPage","@id":"https:\/\/kunmedierne.dk\/thy\/teateroplevelser-under-aaben-himmel-i-thisted\/","url":"https:\/\/kunmedierne.dk\/thy\/teateroplevelser-under-aaben-himmel-i-thisted\/","name":"Teateroplevelser under \u00e5ben himmel i Thisted - Thy","isPartOf":{"@id":"https:\/\/kunmedierne.dk\/thy\/#website"},"datePublished":"2025-07-05T12:43:03+00:00","breadcrumb":{"@id":"https:\/\/kunmedierne.dk\/thy\/teateroplevelser-under-aaben-himmel-i-thisted\/#breadcrumb"},"inLanguage":"da-DK","potentialAction":[{"@type":"ReadAction","target":["https:\/\/kunmedierne.dk\/thy\/teateroplevelser-under-aaben-himmel-i-thisted\/"]}]},{"@type":"BreadcrumbList","@id":"https:\/\/kunmedierne.dk\/thy\/teateroplevelser-under-aaben-himmel-i-thisted\/#breadcrumb","itemListElement":[{"@type":"ListItem","position":1,"name":"Home","item":"https:\/\/kunmedierne.dk\/thy\/"},{"@type":"ListItem","position":2,"name":"Teateroplevelser under \u00e5ben himmel i Thisted"}]},{"@type":"WebSite","@id":"https:\/\/kunmedierne.dk\/thy\/#website","url":"https:\/\/kunmedierne.dk\/thy\/","name":"Thy","description":"et netmedie med journalistik om livet i Thy","publisher":{"@id":"https:\/\/kunmedierne.dk\/thy\/#organization"},"potentialAction":[{"@type":"SearchAction","target":{"@type":"EntryPoint","urlTemplate":"https:\/\/kunmedierne.dk\/thy\/?s={search_term_string}"},"query-input":{"@type":"PropertyValueSpecification","valueRequired":true,"valueName":"search_term_string"}}],"inLanguage":"da-DK"},{"@type":"Organization","@id":"https:\/\/kunmedierne.dk\/thy\/#organization","name":"Thy","url":"https:\/\/kunmedierne.dk\/thy\/","logo":{"@type":"ImageObject","inLanguage":"da-DK","@id":"https:\/\/kunmedierne.dk\/thy\/#\/schema\/logo\/image\/","url":"https:\/\/kunmedierne.dk\/thy\/wp-content\/uploads\/sites\/2\/2025\/04\/kunthy-logo.svg","contentUrl":"https:\/\/kunmedierne.dk\/thy\/wp-content\/uploads\/sites\/2\/2025\/04\/kunthy-logo.svg","caption":"Thy"},"image":{"@id":"https:\/\/kunmedierne.dk\/thy\/#\/schema\/logo\/image\/"}},{"@type":"Person","@id":"https:\/\/kunmedierne.dk\/thy\/#\/schema\/person\/d266634ba6550d075ecf540d63b245d2","name":"Lone L\u00e6rke Krog","image":{"@type":"ImageObject","inLanguage":"da-DK","@id":"https:\/\/kunmedierne.dk\/thy\/#\/schema\/person\/image\/","url":"https:\/\/secure.gravatar.com\/avatar\/496ddc7080e56b4ac64cfd4e56bd6d1ee396fa3db1923aa22f11346f60bb135b?s=96&d=mm&r=g","contentUrl":"https:\/\/secure.gravatar.com\/avatar\/496ddc7080e56b4ac64cfd4e56bd6d1ee396fa3db1923aa22f11346f60bb135b?s=96&d=mm&r=g","caption":"Lone L\u00e6rke Krog"},"url":"https:\/\/kunmedierne.dk\/thy\/author\/llk\/"}]}},"_links":{"self":[{"href":"https:\/\/kunmedierne.dk\/thy\/wp-json\/wp\/v2\/posts\/6096","targetHints":{"allow":["GET"]}}],"collection":[{"href":"https:\/\/kunmedierne.dk\/thy\/wp-json\/wp\/v2\/posts"}],"about":[{"href":"https:\/\/kunmedierne.dk\/thy\/wp-json\/wp\/v2\/types\/post"}],"author":[{"embeddable":true,"href":"https:\/\/kunmedierne.dk\/thy\/wp-json\/wp\/v2\/users\/1925"}],"replies":[{"embeddable":true,"href":"https:\/\/kunmedierne.dk\/thy\/wp-json\/wp\/v2\/comments?post=6096"}],"version-history":[{"count":3,"href":"https:\/\/kunmedierne.dk\/thy\/wp-json\/wp\/v2\/posts\/6096\/revisions"}],"predecessor-version":[{"id":6112,"href":"https:\/\/kunmedierne.dk\/thy\/wp-json\/wp\/v2\/posts\/6096\/revisions\/6112"}],"wp:attachment":[{"href":"https:\/\/kunmedierne.dk\/thy\/wp-json\/wp\/v2\/media?parent=6096"}],"wp:term":[{"taxonomy":"category","embeddable":true,"href":"https:\/\/kunmedierne.dk\/thy\/wp-json\/wp\/v2\/categories?post=6096"},{"taxonomy":"post_tag","embeddable":true,"href":"https:\/\/kunmedierne.dk\/thy\/wp-json\/wp\/v2\/tags?post=6096"}],"curies":[{"name":"wp","href":"https:\/\/api.w.org\/{rel}","templated":true}]}}