{"id":5939,"date":"2025-06-30T12:00:50","date_gmt":"2025-06-30T10:00:50","guid":{"rendered":"https:\/\/kunmedierne.dk\/thy\/?p=5939"},"modified":"2025-06-30T12:27:41","modified_gmt":"2025-06-30T10:27:41","slug":"planlaegning-af-hospice-thy-godt-paa-vej","status":"publish","type":"post","link":"https:\/\/kunmedierne.dk\/thy\/planlaegning-af-hospice-thy-godt-paa-vej\/","title":{"rendered":"Planl\u00e6gning af Hospice Thy godt p\u00e5 vej"},"content":{"rendered":"<p><strong>THISTED:<\/strong> &#8211; Jeg appellerer til, at vi finder en l\u00f8sning i forhold til landzoneproblematikken.<\/p>\n<p>S\u00e5dan l\u00f8d det fra kommunalpolitiker Ida Pedersen (S), da hun forleden tog ordet i byr\u00e5dssalen og holdt en lille brandtale til fordel for Hospice Thy, hvor hun ogs\u00e5 er suppleant til bestyrelsen.<\/p>\n<p>&#8211; Jeg mener virkelig, vi har brug for et hospice her i Thy. Det handler om n\u00e6rhed, tryghed og lighed i sundhed.\u00a0 Der, hvor det er \u00f8nsket placeret, er rigtig godt &#8211; i landlige omgivelser og t\u00e6t p\u00e5 byen.<\/p>\n<a class=\"dvrt-link\" onClick=\"cdmtrack_click(18790,jQuery(this));return false\" href=\"https:\/\/thymors.dk\/sponsorater\/15-til-faellesskabet?utm_source=kunthy&amp;utm_medium=annonce&amp;utm_campaign=sponsorater\"><img decoding=\"async\" style=\"width:100%;\" src=\"https:\/\/kunmedierne.dk\/thy\/wp-content\/uploads\/sites\/2\/2026\/03\/260407ThyMors-energi_faellesskab_generel-1.jpg\"><\/a><script>cdmtrack_view(18790);<\/script>\n<p>Da Ida Pedersen talte, var det under punktet, hvor politikerne skulle godkende kommuneplanen for 2025-37. Og hvorfor s\u00e5 det?<\/p>\n<p>&nbsp;<\/p>\n<p><strong>En kilometer uden for byzonen<\/strong><\/p>\n<p>Bestyrelsen for Hospice Thy havde sendt en r\u00e6kke bem\u00e6rkninger til kommuneplanen, hvor det blev fremf\u00f8rt, at man \u00f8nsker at placere et hospice p\u00e5 matr. nr. 1g Silstrup by Tilsted, og der blev argumenteret for, at placeringen b\u00f8r danne grundlag for en planl\u00e6gningsm\u00e6ssig undtagelse og b\u00f8r udl\u00e6gges i Kommuneplan 2025-2037.<\/p>\n<p>\u00d8nsket til den bestemte placering af et hospice 1,06 km uden for byzonen, skyldes, at en anonym privatperson har doneret en grund til projektet.<\/p>\n<p>I bem\u00e6rkningerne til kommuneplanen er uddrag af Hospice Thys begrundelse taget med:<\/p>\n<p><em>Begrunder, at der er et behov for hospice i lokalomr\u00e5det og<\/em><br \/>\n<em>beskriver at placeringen har en stor betydning for hospicets<\/em><br \/>\n<em>funktion og kvalitet, og kan ikke erstattes af en byn\u00e6r<\/em><br \/>\n<em>placering uden v\u00e6sentlige kompromiser, som ro,<\/em><br \/>\n<em>naturn\u00e6rhed, lys, udsigt, sansep\u00e5virkning samt<\/em><br \/>\n<em>afsk\u00e6rmning for st\u00f8j og trafik.<\/em><\/p>\n<p>Bestyrelsen argumenterede for, at der et andet sted uden for byzone &#8211; midt mellem Thisted og Vilsund &#8211; ligger en institution, Forsorgshjemmet, \u00c5svej 39.<\/p>\n<a class=\"dvrt-link\" onClick=\"cdmtrack_click(1130,jQuery(this));return false\" href=\"https:\/\/www.thistedforsikring.dk\/?utm_source=partnerskaber&amp;utm_campaign=kun_thy\"><img decoding=\"async\" style=\"width:100%;\" src=\"https:\/\/kunmedierne.dk\/thy\/wp-content\/uploads\/sites\/2\/2025\/04\/260409KunThyThisted-For-1.png\"><\/a><script>cdmtrack_view(1130);<\/script>\n<p>Af et svar fra kommunens planafdeling fremg\u00e5r f\u00f8lgende svar:<\/p>\n<p>&#8220;Thisted Kommune bem\u00e6rker, at udl\u00e6g af en kommuneplanramme til hospice p\u00e5 den \u00f8nskede placering ikke er muligt jf. planlovens \u00a7 11 a, stk. 8, som fastl\u00e6gger, at et nyt areal til byzone skal placeres i tilknytning til eksisterende bym\u00e6ssig bebyggelse i byzone&#8221;.<\/p>\n<p>og videre:<\/p>\n<p>&#8220;Der henvises til, at projektet s\u00f8ges realiseret i landzone i henhold til planlovens landzonebestemmelser, \u00a7\u00a7 35- 38&#8221;.<\/p>\n<p>&nbsp;<\/p>\n<p><strong>God dialog<\/strong><\/p>\n<p>Formanden for Hospice Thy, Kim Bislev, oplyser, at han og Brian Pedersen fra bestyrelsen har haft et m\u00f8de og en god dialog med Thisted Kommunes plan- og milj\u00f8chef Kim Daniel Larsen.<\/p>\n<p>&#8211; Kommunen vurderer, at en ans\u00f8gning om landzonetilladelse er den rigtige vej at g\u00e5, siger Kim Bislev.<\/p>\n<a class=\"dvrt-link\" onClick=\"cdmtrack_click(18790,jQuery(this));return false\" href=\"https:\/\/thymors.dk\/sponsorater\/15-til-faellesskabet?utm_source=kunthy&amp;utm_medium=annonce&amp;utm_campaign=sponsorater\"><img decoding=\"async\" style=\"width:100%;\" src=\"https:\/\/kunmedierne.dk\/thy\/wp-content\/uploads\/sites\/2\/2026\/03\/260407ThyMors-energi_faellesskab_generel-1.jpg\"><\/a><script>cdmtrack_view(18790);<\/script>\n<p>Bestyrelsen har nu hyret en ekstern r\u00e5dgiver til at f\u00e5 lavet projektspecifikke skitser og visualisering til den endelige projektbeskrivelse af ans\u00f8gning til kommunen om byggeri p\u00e5 en skr\u00e5ning \u00f8st for \u00c5svej ned mod Limfjorden &#8211; dog uden for strandbeskyttelseslinjen.<\/p>\n<p>Sidel\u00f8bende har Kim Bislev og et andet bestyrelsesmedlem, l\u00e6ge Kristian Qvist, haft m\u00f8de med to socialdemokratiske folketingsmedlemmer, Simon Kollerup og Lea Wermelin.<\/p>\n<p>Simon Kollerup er valgt i Thisted-kredsen, og Lea Wermelin er sundhedsordf\u00f8rer for Socialdemokratiet.<\/p>\n<p>M\u00f8det med MF&#8217;erne, der kom i stand ved Ida Pedersens hj\u00e6lp, var en opf\u00f8lgning p\u00e5 et m\u00f8de tidligere p\u00e5 \u00e5ret med regionsr\u00e5dets sundhedsudvalg om drifts\u00f8konomien i Hospice Thy.<\/p>\n<p>&#8211; \u00a0Vi fik en meget positiv tilbagemelding fra regionen &#8211; men ogs\u00e5 en besked om, at regionen ikke ville kunne l\u00f8fte drifts\u00f8konomien alene. S\u00e5 m\u00f8det med folketingspolitikerne handlede om, hvordan vi bedst kommer videre. Lea Wermelin vil pr\u00f8ve at tale med sit bagland. M\u00e5ske er der noget i den nye kr\u00e6ftplan 5, der kunne komme til at g\u00e5 vores vej, lyder det forh\u00e5bningsfuldt fra Kim Bislev.<\/p>\n<p>&nbsp;<\/p>\n<p><strong>Kr\u00e6ftsyg farfar d\u00f8de i hjemmet<\/strong><\/p>\n<p>Han mistede sin farfar p\u00e5 grund af kr\u00e6ft for f\u00e5 \u00e5r siden, og det var netop farfarens sygdomsforl\u00f8b og n\u00f8dvendige pleje som d\u00f8ende i hjemmet &#8211; med farmoren ved sin side, der gav Kim Bislev anledning til at g\u00e5 ind i arbejdet for et hospice i Thy.<\/p>\n<p>Bestyrelsen i Hospice Thy m\u00f8des efter sommerferien, og her pr\u00e6senteres medlemmerne for projektbeskrivelsen fra den eksterne r\u00e5dgiver &#8211; og s\u00e5 er den efter planen klar til at blive sendt som formel ans\u00f8gning til kommunen.<\/p>\n<a class=\"dvrt-link\" onClick=\"cdmtrack_click(685,jQuery(this));return false\" href=\"https:\/\/wensien.dk\/begravelse\/?gad_source=1&gclid=Cj0KCQjwtJ6_BhDWARIsAGanmKcWw6hbeoepGti1oApJGHln52gMbg8EBRZ86__3P1AJZ5dcsw4ZvNEaAk7JEALw_wcB\"><img decoding=\"async\" style=\"width:100%;\" src=\"https:\/\/kunmedierne.dk\/thy\/wp-content\/uploads\/sites\/2\/2025\/03\/wensien-stenhugger.jpg\"><\/a><script>cdmtrack_view(685);<\/script>\n<p>N\u00e6ste skridt er at holde et orienteringsm\u00f8de for de ber\u00f8rte naboer til det kommende Hospice Thy.<\/p>\n<p>&#8211; Vi vil rigtig gerne forklare om projektet, siger Kim Bislev.<\/p>\n<p>H\u00e5bet er, at Hospice Thy-byggeriet kan g\u00e5 i gang om tre \u00e5r &#8211; og at stedet vil v\u00e6re klar til brug i 2030.<\/p>\n<p>&#8211; Jeg har fuld tillid til, at det vil lykkes, siger Kim Bislev.<\/p>\n<p>Ida Pedersen:<\/p>\n<p>&#8211;\u00a0 Vi arbejder p\u00e5 sagen, og jeg er optimist.<\/p>\n<p>Hospice Thy har lige knap 1700 medlemmer nu, et \u00e5r og tre m\u00e5neder efter den stiftende generalforsamling.<\/p>\n<p><a href=\"https:\/\/kunmedierne.dk\/thy\/kaempestor-interesse-for-hospice-plan\/\">L\u00e6s om de faglige tanker bag Hospice Thy<\/a><\/p>\n<p><a href=\"https:\/\/kunmedierne.dk\/thy\/alex-passede-sin-hustru-hjemme-da-hun-skulle-doe\/\">L\u00e6s om Alex, der passede sin d\u00f8ende hustru hjemme.<\/a><\/p>\n<p>&nbsp;<\/p>\n","protected":false},"excerpt":{"rendered":"<p>THISTED: &#8211; Jeg appellerer til, at vi finder en l\u00f8sning i forhold til landzoneproblematikken. S\u00e5dan l\u00f8d det fra kommunalpolitiker Ida Pedersen (S), da hun forleden tog ordet i byr\u00e5dssalen og holdt en lille brandtale til fordel for Hospice Thy, hvor hun ogs\u00e5 er suppleant til bestyrelsen. &#8211; Jeg mener virkelig, vi har brug for et [&hellip;]<\/p>\n","protected":false},"author":1925,"featured_media":0,"comment_status":"closed","ping_status":"closed","sticky":false,"template":"","format":"standard","meta":{"_acf_changed":false,"footnotes":""},"categories":[24],"tags":[40,36,47],"class_list":["post-5939","post","type-post","status-publish","format-standard","hentry","category-lokalt","tag-institutioner","tag-politik","tag-sundhed"],"acf":[],"yoast_head":"<!-- This site is optimized with the Yoast SEO plugin v26.8 - https:\/\/yoast.com\/product\/yoast-seo-wordpress\/ -->\n<title>Planl\u00e6gning af Hospice Thy godt p\u00e5 vej - Thy<\/title>\n<meta name=\"robots\" content=\"index, follow, max-snippet:-1, max-image-preview:large, max-video-preview:-1\" \/>\n<link rel=\"canonical\" href=\"https:\/\/kunmedierne.dk\/thy\/planlaegning-af-hospice-thy-godt-paa-vej\/\" \/>\n<meta property=\"og:locale\" content=\"da_DK\" \/>\n<meta property=\"og:type\" content=\"article\" \/>\n<meta property=\"og:title\" content=\"Planl\u00e6gning af Hospice Thy godt p\u00e5 vej - Thy\" \/>\n<meta property=\"og:description\" content=\"THISTED: &#8211; Jeg appellerer til, at vi finder en l\u00f8sning i forhold til landzoneproblematikken. S\u00e5dan l\u00f8d det fra kommunalpolitiker Ida Pedersen (S), da hun forleden tog ordet i byr\u00e5dssalen og holdt en lille brandtale til fordel for Hospice Thy, hvor hun ogs\u00e5 er suppleant til bestyrelsen. &#8211; Jeg mener virkelig, vi har brug for et [&hellip;]\" \/>\n<meta property=\"og:url\" content=\"https:\/\/kunmedierne.dk\/thy\/planlaegning-af-hospice-thy-godt-paa-vej\/\" \/>\n<meta property=\"og:site_name\" content=\"Thy\" \/>\n<meta property=\"article:published_time\" content=\"2025-06-30T10:00:50+00:00\" \/>\n<meta property=\"article:modified_time\" content=\"2025-06-30T10:27:41+00:00\" \/>\n<meta name=\"author\" content=\"Lone L\u00e6rke Krog\" \/>\n<meta name=\"twitter:card\" content=\"summary_large_image\" \/>\n<meta name=\"twitter:label1\" content=\"Skrevet af\" \/>\n\t<meta name=\"twitter:data1\" content=\"Lone L\u00e6rke Krog\" \/>\n\t<meta name=\"twitter:label2\" content=\"Estimeret l\u00e6setid\" \/>\n\t<meta name=\"twitter:data2\" content=\"5 minutter\" \/>\n<script type=\"application\/ld+json\" class=\"yoast-schema-graph\">{\"@context\":\"https:\/\/schema.org\",\"@graph\":[{\"@type\":\"Article\",\"@id\":\"https:\/\/kunmedierne.dk\/thy\/planlaegning-af-hospice-thy-godt-paa-vej\/#article\",\"isPartOf\":{\"@id\":\"https:\/\/kunmedierne.dk\/thy\/planlaegning-af-hospice-thy-godt-paa-vej\/\"},\"author\":{\"name\":\"Lone L\u00e6rke Krog\",\"@id\":\"https:\/\/kunmedierne.dk\/thy\/#\/schema\/person\/d266634ba6550d075ecf540d63b245d2\"},\"headline\":\"Planl\u00e6gning af Hospice Thy godt p\u00e5 vej\",\"datePublished\":\"2025-06-30T10:00:50+00:00\",\"dateModified\":\"2025-06-30T10:27:41+00:00\",\"mainEntityOfPage\":{\"@id\":\"https:\/\/kunmedierne.dk\/thy\/planlaegning-af-hospice-thy-godt-paa-vej\/\"},\"wordCount\":828,\"publisher\":{\"@id\":\"https:\/\/kunmedierne.dk\/thy\/#organization\"},\"keywords\":[\"Institutioner\",\"Politik\",\"Sundhed\"],\"articleSection\":[\"Lokalt\"],\"inLanguage\":\"da-DK\"},{\"@type\":\"WebPage\",\"@id\":\"https:\/\/kunmedierne.dk\/thy\/planlaegning-af-hospice-thy-godt-paa-vej\/\",\"url\":\"https:\/\/kunmedierne.dk\/thy\/planlaegning-af-hospice-thy-godt-paa-vej\/\",\"name\":\"Planl\u00e6gning af Hospice Thy godt p\u00e5 vej - Thy\",\"isPartOf\":{\"@id\":\"https:\/\/kunmedierne.dk\/thy\/#website\"},\"datePublished\":\"2025-06-30T10:00:50+00:00\",\"dateModified\":\"2025-06-30T10:27:41+00:00\",\"breadcrumb\":{\"@id\":\"https:\/\/kunmedierne.dk\/thy\/planlaegning-af-hospice-thy-godt-paa-vej\/#breadcrumb\"},\"inLanguage\":\"da-DK\",\"potentialAction\":[{\"@type\":\"ReadAction\",\"target\":[\"https:\/\/kunmedierne.dk\/thy\/planlaegning-af-hospice-thy-godt-paa-vej\/\"]}]},{\"@type\":\"BreadcrumbList\",\"@id\":\"https:\/\/kunmedierne.dk\/thy\/planlaegning-af-hospice-thy-godt-paa-vej\/#breadcrumb\",\"itemListElement\":[{\"@type\":\"ListItem\",\"position\":1,\"name\":\"Home\",\"item\":\"https:\/\/kunmedierne.dk\/thy\/\"},{\"@type\":\"ListItem\",\"position\":2,\"name\":\"Planl\u00e6gning af Hospice Thy godt p\u00e5 vej\"}]},{\"@type\":\"WebSite\",\"@id\":\"https:\/\/kunmedierne.dk\/thy\/#website\",\"url\":\"https:\/\/kunmedierne.dk\/thy\/\",\"name\":\"Thy\",\"description\":\"et netmedie med journalistik om livet i Thy\",\"publisher\":{\"@id\":\"https:\/\/kunmedierne.dk\/thy\/#organization\"},\"potentialAction\":[{\"@type\":\"SearchAction\",\"target\":{\"@type\":\"EntryPoint\",\"urlTemplate\":\"https:\/\/kunmedierne.dk\/thy\/?s={search_term_string}\"},\"query-input\":{\"@type\":\"PropertyValueSpecification\",\"valueRequired\":true,\"valueName\":\"search_term_string\"}}],\"inLanguage\":\"da-DK\"},{\"@type\":\"Organization\",\"@id\":\"https:\/\/kunmedierne.dk\/thy\/#organization\",\"name\":\"Thy\",\"url\":\"https:\/\/kunmedierne.dk\/thy\/\",\"logo\":{\"@type\":\"ImageObject\",\"inLanguage\":\"da-DK\",\"@id\":\"https:\/\/kunmedierne.dk\/thy\/#\/schema\/logo\/image\/\",\"url\":\"https:\/\/kunmedierne.dk\/thy\/wp-content\/uploads\/sites\/2\/2025\/04\/kunthy-logo.svg\",\"contentUrl\":\"https:\/\/kunmedierne.dk\/thy\/wp-content\/uploads\/sites\/2\/2025\/04\/kunthy-logo.svg\",\"caption\":\"Thy\"},\"image\":{\"@id\":\"https:\/\/kunmedierne.dk\/thy\/#\/schema\/logo\/image\/\"}},{\"@type\":\"Person\",\"@id\":\"https:\/\/kunmedierne.dk\/thy\/#\/schema\/person\/d266634ba6550d075ecf540d63b245d2\",\"name\":\"Lone L\u00e6rke Krog\",\"image\":{\"@type\":\"ImageObject\",\"inLanguage\":\"da-DK\",\"@id\":\"https:\/\/kunmedierne.dk\/thy\/#\/schema\/person\/image\/\",\"url\":\"https:\/\/secure.gravatar.com\/avatar\/496ddc7080e56b4ac64cfd4e56bd6d1ee396fa3db1923aa22f11346f60bb135b?s=96&d=mm&r=g\",\"contentUrl\":\"https:\/\/secure.gravatar.com\/avatar\/496ddc7080e56b4ac64cfd4e56bd6d1ee396fa3db1923aa22f11346f60bb135b?s=96&d=mm&r=g\",\"caption\":\"Lone L\u00e6rke Krog\"},\"url\":\"https:\/\/kunmedierne.dk\/thy\/author\/llk\/\"}]}<\/script>\n<!-- \/ Yoast SEO plugin. -->","yoast_head_json":{"title":"Planl\u00e6gning af Hospice Thy godt p\u00e5 vej - Thy","robots":{"index":"index","follow":"follow","max-snippet":"max-snippet:-1","max-image-preview":"max-image-preview:large","max-video-preview":"max-video-preview:-1"},"canonical":"https:\/\/kunmedierne.dk\/thy\/planlaegning-af-hospice-thy-godt-paa-vej\/","og_locale":"da_DK","og_type":"article","og_title":"Planl\u00e6gning af Hospice Thy godt p\u00e5 vej - Thy","og_description":"THISTED: &#8211; Jeg appellerer til, at vi finder en l\u00f8sning i forhold til landzoneproblematikken. S\u00e5dan l\u00f8d det fra kommunalpolitiker Ida Pedersen (S), da hun forleden tog ordet i byr\u00e5dssalen og holdt en lille brandtale til fordel for Hospice Thy, hvor hun ogs\u00e5 er suppleant til bestyrelsen. &#8211; Jeg mener virkelig, vi har brug for et [&hellip;]","og_url":"https:\/\/kunmedierne.dk\/thy\/planlaegning-af-hospice-thy-godt-paa-vej\/","og_site_name":"Thy","article_published_time":"2025-06-30T10:00:50+00:00","article_modified_time":"2025-06-30T10:27:41+00:00","author":"Lone L\u00e6rke Krog","twitter_card":"summary_large_image","twitter_misc":{"Skrevet af":"Lone L\u00e6rke Krog","Estimeret l\u00e6setid":"5 minutter"},"schema":{"@context":"https:\/\/schema.org","@graph":[{"@type":"Article","@id":"https:\/\/kunmedierne.dk\/thy\/planlaegning-af-hospice-thy-godt-paa-vej\/#article","isPartOf":{"@id":"https:\/\/kunmedierne.dk\/thy\/planlaegning-af-hospice-thy-godt-paa-vej\/"},"author":{"name":"Lone L\u00e6rke Krog","@id":"https:\/\/kunmedierne.dk\/thy\/#\/schema\/person\/d266634ba6550d075ecf540d63b245d2"},"headline":"Planl\u00e6gning af Hospice Thy godt p\u00e5 vej","datePublished":"2025-06-30T10:00:50+00:00","dateModified":"2025-06-30T10:27:41+00:00","mainEntityOfPage":{"@id":"https:\/\/kunmedierne.dk\/thy\/planlaegning-af-hospice-thy-godt-paa-vej\/"},"wordCount":828,"publisher":{"@id":"https:\/\/kunmedierne.dk\/thy\/#organization"},"keywords":["Institutioner","Politik","Sundhed"],"articleSection":["Lokalt"],"inLanguage":"da-DK"},{"@type":"WebPage","@id":"https:\/\/kunmedierne.dk\/thy\/planlaegning-af-hospice-thy-godt-paa-vej\/","url":"https:\/\/kunmedierne.dk\/thy\/planlaegning-af-hospice-thy-godt-paa-vej\/","name":"Planl\u00e6gning af Hospice Thy godt p\u00e5 vej - Thy","isPartOf":{"@id":"https:\/\/kunmedierne.dk\/thy\/#website"},"datePublished":"2025-06-30T10:00:50+00:00","dateModified":"2025-06-30T10:27:41+00:00","breadcrumb":{"@id":"https:\/\/kunmedierne.dk\/thy\/planlaegning-af-hospice-thy-godt-paa-vej\/#breadcrumb"},"inLanguage":"da-DK","potentialAction":[{"@type":"ReadAction","target":["https:\/\/kunmedierne.dk\/thy\/planlaegning-af-hospice-thy-godt-paa-vej\/"]}]},{"@type":"BreadcrumbList","@id":"https:\/\/kunmedierne.dk\/thy\/planlaegning-af-hospice-thy-godt-paa-vej\/#breadcrumb","itemListElement":[{"@type":"ListItem","position":1,"name":"Home","item":"https:\/\/kunmedierne.dk\/thy\/"},{"@type":"ListItem","position":2,"name":"Planl\u00e6gning af Hospice Thy godt p\u00e5 vej"}]},{"@type":"WebSite","@id":"https:\/\/kunmedierne.dk\/thy\/#website","url":"https:\/\/kunmedierne.dk\/thy\/","name":"Thy","description":"et netmedie med journalistik om livet i Thy","publisher":{"@id":"https:\/\/kunmedierne.dk\/thy\/#organization"},"potentialAction":[{"@type":"SearchAction","target":{"@type":"EntryPoint","urlTemplate":"https:\/\/kunmedierne.dk\/thy\/?s={search_term_string}"},"query-input":{"@type":"PropertyValueSpecification","valueRequired":true,"valueName":"search_term_string"}}],"inLanguage":"da-DK"},{"@type":"Organization","@id":"https:\/\/kunmedierne.dk\/thy\/#organization","name":"Thy","url":"https:\/\/kunmedierne.dk\/thy\/","logo":{"@type":"ImageObject","inLanguage":"da-DK","@id":"https:\/\/kunmedierne.dk\/thy\/#\/schema\/logo\/image\/","url":"https:\/\/kunmedierne.dk\/thy\/wp-content\/uploads\/sites\/2\/2025\/04\/kunthy-logo.svg","contentUrl":"https:\/\/kunmedierne.dk\/thy\/wp-content\/uploads\/sites\/2\/2025\/04\/kunthy-logo.svg","caption":"Thy"},"image":{"@id":"https:\/\/kunmedierne.dk\/thy\/#\/schema\/logo\/image\/"}},{"@type":"Person","@id":"https:\/\/kunmedierne.dk\/thy\/#\/schema\/person\/d266634ba6550d075ecf540d63b245d2","name":"Lone L\u00e6rke Krog","image":{"@type":"ImageObject","inLanguage":"da-DK","@id":"https:\/\/kunmedierne.dk\/thy\/#\/schema\/person\/image\/","url":"https:\/\/secure.gravatar.com\/avatar\/496ddc7080e56b4ac64cfd4e56bd6d1ee396fa3db1923aa22f11346f60bb135b?s=96&d=mm&r=g","contentUrl":"https:\/\/secure.gravatar.com\/avatar\/496ddc7080e56b4ac64cfd4e56bd6d1ee396fa3db1923aa22f11346f60bb135b?s=96&d=mm&r=g","caption":"Lone L\u00e6rke Krog"},"url":"https:\/\/kunmedierne.dk\/thy\/author\/llk\/"}]}},"_links":{"self":[{"href":"https:\/\/kunmedierne.dk\/thy\/wp-json\/wp\/v2\/posts\/5939","targetHints":{"allow":["GET"]}}],"collection":[{"href":"https:\/\/kunmedierne.dk\/thy\/wp-json\/wp\/v2\/posts"}],"about":[{"href":"https:\/\/kunmedierne.dk\/thy\/wp-json\/wp\/v2\/types\/post"}],"author":[{"embeddable":true,"href":"https:\/\/kunmedierne.dk\/thy\/wp-json\/wp\/v2\/users\/1925"}],"replies":[{"embeddable":true,"href":"https:\/\/kunmedierne.dk\/thy\/wp-json\/wp\/v2\/comments?post=5939"}],"version-history":[{"count":10,"href":"https:\/\/kunmedierne.dk\/thy\/wp-json\/wp\/v2\/posts\/5939\/revisions"}],"predecessor-version":[{"id":5967,"href":"https:\/\/kunmedierne.dk\/thy\/wp-json\/wp\/v2\/posts\/5939\/revisions\/5967"}],"wp:attachment":[{"href":"https:\/\/kunmedierne.dk\/thy\/wp-json\/wp\/v2\/media?parent=5939"}],"wp:term":[{"taxonomy":"category","embeddable":true,"href":"https:\/\/kunmedierne.dk\/thy\/wp-json\/wp\/v2\/categories?post=5939"},{"taxonomy":"post_tag","embeddable":true,"href":"https:\/\/kunmedierne.dk\/thy\/wp-json\/wp\/v2\/tags?post=5939"}],"curies":[{"name":"wp","href":"https:\/\/api.w.org\/{rel}","templated":true}]}}