{"id":5474,"date":"2025-12-30T20:24:25","date_gmt":"2025-12-30T19:24:25","guid":{"rendered":"https:\/\/kunmedierne.dk\/thy\/?p=5474"},"modified":"2025-12-30T16:27:23","modified_gmt":"2025-12-30T15:27:23","slug":"glaeden-ved-ridning-har-ingen-alder-rytteren-er-85-aar-hesten-er-kun-34-aar","status":"publish","type":"post","link":"https:\/\/kunmedierne.dk\/thy\/glaeden-ved-ridning-har-ingen-alder-rytteren-er-85-aar-hesten-er-kun-34-aar\/","title":{"rendered":"Gl\u00e6den ved ridning har ingen alder: Rytteren er 85 \u00e5r &#8211; hesten er &#8220;kun&#8221; 34 \u00e5r"},"content":{"rendered":"<h5>P\u00e5 KunThy kigger vi tilbage p\u00e5 \u00e5ret der gik. Dette er en genudgivelse. Artiklen udkom f\u00f8rste gang den 21. juni 2025<\/h5>\n<p><strong>THY:<\/strong> Da Hanne Birch fyldte 80 \u00e5r, fik hun en ny ridehjelm. Nu, fem \u00e5r senere, er hun i en alder af 85 \u00e5r, f\u00f8dselsdagen er i morgen, s\u00f8ndag, stadig til hest.<\/p>\n<a class=\"dvrt-link\" onClick=\"cdmtrack_click(683,jQuery(this));return false\" href=\"https:\/\/vester-begr.dk\/?utm_source=google&amp;utm_medium=advative&amp;gad_source=1&amp;gclid=Cj0KCQjwtJ6_BhDWARIsAGanmKfl-hGVVjCYiOgSKoGoxrow4kvXybZsnruKJYTslvqZDywT6a9PCQwaAmBjEALw_wcB\"><img decoding=\"async\" style=\"width:100%;\" src=\"https:\/\/kunmedierne.dk\/thy\/wp-content\/uploads\/sites\/2\/2025\/03\/260203VesterHoukaer-02022026.jpg\"><\/a><script>cdmtrack_view(683);<\/script>\n<p>Det agter hun at blive ved med, s\u00e5 l\u00e6nge det er sjovt og ogs\u00e5 uden tanke for, hvad hendes j\u00e6vnaldrende og andre mener. De synes sikkert, det der OK, men det kan ikke udelukkes, at nogen vil mene, at hun kan bruge tiden p\u00e5 noget andet end ridning. Det skal de bare mene, for Hanne Birch g\u00f8r, som hun finder bedst for sig selv.<\/p>\n<div id=\"attachment_5492\" style=\"width: 1242px\" class=\"wp-caption alignnone\"><img loading=\"lazy\" decoding=\"async\" aria-describedby=\"caption-attachment-5492\" class=\"wp-image-5492 size-full\" src=\"https:\/\/kunmedierne.dk\/thy\/wp-content\/uploads\/sites\/2\/2025\/06\/Design-uden-navn-2025-06-19T163525.379.jpg\" alt=\"\" width=\"1232\" height=\"821\" srcset=\"https:\/\/kunmedierne.dk\/thy\/wp-content\/uploads\/sites\/2\/2025\/06\/Design-uden-navn-2025-06-19T163525.379.jpg 1232w, https:\/\/kunmedierne.dk\/thy\/wp-content\/uploads\/sites\/2\/2025\/06\/Design-uden-navn-2025-06-19T163525.379-300x200.jpg 300w, https:\/\/kunmedierne.dk\/thy\/wp-content\/uploads\/sites\/2\/2025\/06\/Design-uden-navn-2025-06-19T163525.379-1024x682.jpg 1024w, https:\/\/kunmedierne.dk\/thy\/wp-content\/uploads\/sites\/2\/2025\/06\/Design-uden-navn-2025-06-19T163525.379-510x340.jpg 510w\" sizes=\"auto, (max-width: 1232px) 100vw, 1232px\" \/><p id=\"caption-attachment-5492\" class=\"wp-caption-text\">Tak for turen. Rosita p\u00e5 34 \u00e5r har endnu en gang haft 85-\u00e5rige Hanne Birch med p\u00e5 en af de ture, der betyder ikke s\u00e5 lidt for rytteren. Foto: Jens Fogh-Andersen<\/p><\/div>\n<p>&nbsp;<\/p>\n<p>&#8211; Det, der sl\u00e5r mig mest, er nok, at jeg g\u00f8r det, men det g\u00f8r jeg alts\u00e5. Og jeg er lidt stolt af det, og det er min mand, Hans, ogs\u00e5, siger Hanne Birch og understreger, at alder ikke er en hindring for at v\u00e6re aktiv.<\/p>\n<p>&nbsp;<\/p>\n<p><strong>Hesten er st\u00e6rkest<\/strong><\/p>\n<p>Hun har v\u00e6ret fast deltager i ridefysioterapien hos Hundborg Rideklub, siden hun var 79 \u00e5r. I \u00f8vrigt efter opfordring fra en bekendt.<\/p>\n<p>En eller anden vil m\u00e5ske mene, at det for en 79-\u00e5rig ville v\u00e6re helt p\u00e5 sin plads at kaste sig over en aktivitet, som ikke kr\u00e6vede b\u00e5de samarbejde med en hest, her i form af den 34-\u00e5rige hoppe &#8220;Rosita&#8221;, og ridefysioterapeut Maibritt F. Christiansen.<\/p>\n<div id=\"attachment_5495\" style=\"width: 1242px\" class=\"wp-caption alignnone\"><img loading=\"lazy\" decoding=\"async\" aria-describedby=\"caption-attachment-5495\" class=\"wp-image-5495 size-full\" src=\"https:\/\/kunmedierne.dk\/thy\/wp-content\/uploads\/sites\/2\/2025\/06\/Design-uden-navn-2025-06-19T163744.177.jpg\" alt=\"N\u00e5r Hanne Birch er til hest, har hun to vigtige samarbejdspartnere. Den ene er hesten, 34-\u00e5rige Rosita, den anden er ridefysioterapeut Maibritt F. Christensen. Foto: Jens Fogh-Andersen \" width=\"1232\" height=\"821\" srcset=\"https:\/\/kunmedierne.dk\/thy\/wp-content\/uploads\/sites\/2\/2025\/06\/Design-uden-navn-2025-06-19T163744.177.jpg 1232w, https:\/\/kunmedierne.dk\/thy\/wp-content\/uploads\/sites\/2\/2025\/06\/Design-uden-navn-2025-06-19T163744.177-300x200.jpg 300w, https:\/\/kunmedierne.dk\/thy\/wp-content\/uploads\/sites\/2\/2025\/06\/Design-uden-navn-2025-06-19T163744.177-1024x682.jpg 1024w, https:\/\/kunmedierne.dk\/thy\/wp-content\/uploads\/sites\/2\/2025\/06\/Design-uden-navn-2025-06-19T163744.177-510x340.jpg 510w\" sizes=\"auto, (max-width: 1232px) 100vw, 1232px\" \/><p id=\"caption-attachment-5495\" class=\"wp-caption-text\">N\u00e5r Hanne Birch er til hest, har hun to vigtige samarbejdspartnere. Den ene er hesten, 34-\u00e5rige Rosita, den anden er ridefysioterapeut Maibritt F. Christensen. Foto: Jens Fogh-Andersen<\/p><\/div>\n<p>&nbsp;<\/p>\n<p>&#8211; Rosita er en hoppe med personlighed, og jeg ved, at hun er den st\u00e6rkeste af os to, s\u00e5 vi tager tingene derfra, forklarer Hanne Birch over en kop kaffe i rytterstuen efter ugens tur til hest.<\/p>\n<a class=\"dvrt-link\" onClick=\"cdmtrack_click(685,jQuery(this));return false\" href=\"https:\/\/wensien.dk\/begravelse\/?gad_source=1&gclid=Cj0KCQjwtJ6_BhDWARIsAGanmKcWw6hbeoepGti1oApJGHln52gMbg8EBRZ86__3P1AJZ5dcsw4ZvNEaAk7JEALw_wcB\"><img decoding=\"async\" style=\"width:100%;\" src=\"https:\/\/kunmedierne.dk\/thy\/wp-content\/uploads\/sites\/2\/2025\/03\/wensien-stenhugger.jpg\"><\/a><script>cdmtrack_view(685);<\/script>\n<p>Den foreg\u00e5r b\u00e5de i ridehallen og i terr\u00e6net omkring rideskolen. Tempoet understreger, at det her handler om terapi som det prim\u00e6re form\u00e5l med ridningen.<\/p>\n<p>&nbsp;<\/p>\n<p><strong>F\u00e5r det bedre fysisk<\/strong><\/p>\n<p>Hanne Birch har redet, da hun var meget yngre end i dag. Nu rider hun for at f\u00e5 det bedre fysisk. Hun har d\u00e5rlig ryg og har haft det l\u00e6nge. Her hj\u00e6lper ridningen b\u00e5de p\u00e5 hendes fysiske velbefindende, p\u00e5 hendes evne til at g\u00e5 og p\u00e5 balance og muskelstyrke. Desuden er hun ramt af \u00f8jensygdommen AMD. Den sv\u00e6kker \u00f8jets evne til at se skarpt.<\/p>\n<div id=\"attachment_5494\" style=\"width: 1242px\" class=\"wp-caption alignnone\"><img loading=\"lazy\" decoding=\"async\" aria-describedby=\"caption-attachment-5494\" class=\"wp-image-5494 size-full\" src=\"https:\/\/kunmedierne.dk\/thy\/wp-content\/uploads\/sites\/2\/2025\/06\/Design-uden-navn-2025-06-19T163634.120.jpg\" alt=\"\" width=\"1232\" height=\"821\" srcset=\"https:\/\/kunmedierne.dk\/thy\/wp-content\/uploads\/sites\/2\/2025\/06\/Design-uden-navn-2025-06-19T163634.120.jpg 1232w, https:\/\/kunmedierne.dk\/thy\/wp-content\/uploads\/sites\/2\/2025\/06\/Design-uden-navn-2025-06-19T163634.120-300x200.jpg 300w, https:\/\/kunmedierne.dk\/thy\/wp-content\/uploads\/sites\/2\/2025\/06\/Design-uden-navn-2025-06-19T163634.120-1024x682.jpg 1024w, https:\/\/kunmedierne.dk\/thy\/wp-content\/uploads\/sites\/2\/2025\/06\/Design-uden-navn-2025-06-19T163634.120-510x340.jpg 510w\" sizes=\"auto, (max-width: 1232px) 100vw, 1232px\" \/><p id=\"caption-attachment-5494\" class=\"wp-caption-text\">En tur til hest ud i det gr\u00f8nne giver noget b\u00e5de fysisk og mentalt, siger Hanne Birch, som trods et nedsat syn sagtens kan f\u00e5 en oplevelse med hjem fra skovturen. Foto: Jens Fogh-Andersen<\/p><\/div>\n<p>&nbsp;<\/p>\n<p>&#8211; Hvis jeg bare kunne se, hvad jeg lavede, skulle jeg nok selv sadle Rosita op, siger Hanne Birch og tilf\u00f8jer, at hun p\u00e5 ingen m\u00e5de lader det blive ved ridningen.<\/p>\n<p>&#8211; Nej da, Jeg g\u00e5r b\u00e5de til vandgymnastik og til stolegymnastik. Det er godt for nogle andre muskler end ridning. Efter en gang vandgymnastik er jeg tr\u00e6t. Efter en ridetur f\u00f8ler jeg mig anderledes frisk. Ogs\u00e5 mentalt.<\/p>\n<a class=\"dvrt-link\" onClick=\"cdmtrack_click(687,jQuery(this));return false\" href=\"https:\/\/konpap.dk\/?gad_source=1&gclid=Cj0KCQjwtJ6_BhDWARIsAGanmKfOBLC3RBm6obWL5sEb-mp4bsp5QjqWW4j4nx22y0YT2iMiXJcv3MoaApR_EALw_wcB\"><img decoding=\"async\" style=\"width:100%;\" src=\"https:\/\/kunmedierne.dk\/thy\/wp-content\/uploads\/sites\/2\/2025\/03\/redoffice.jpg\"><\/a><script>cdmtrack_view(687);<\/script>\n<p>Hanne Birch har ogs\u00e5 hund. En storpudel, som hun g\u00e5r til tr\u00e6ning med.<\/p>\n<p>&#8211; I min alder handler det om at g\u00f8re de ting, man kan, i stedet for at begr\u00e6nse sig selv. Jeg kan ride, dyrke gymnastik og tr\u00e6ne med min hund, s\u00e5 selvf\u00f8lgelig g\u00f8r jeg det. Trods de skavanker, jeg har. Og det hj\u00e6lper, for ridningen g\u00f8r, at jeg ikke beh\u00f8ver at tage s\u00e5 mange piller mod d\u00e5rlig ryg. N\u00e5r jeg er p\u00e5 hesten, er jeg i et med det, jeg laver. Det er en god fornemmelse.<\/p>\n<p>&nbsp;<\/p>\n<p><strong>Brug mulighederne<\/strong><\/p>\n<p>Men hvad s\u00e5 med synet. Selv om Hanne Birch ikke ser alt lige tydeligt, s\u00e5 ser hun nok.<\/p>\n<p>&#8211; N\u00e5r vi er udend\u00f8rs, ser jeg b\u00e5de tr\u00e6erne, buskene, harer og r\u00e5dyr, selv om Rosita ser dem f\u00f8rst og g\u00f8r mig opm\u00e6rksom p\u00e5, at de er der. Jeg kan sagtens orientere mig, og s\u00e5 sker der det specielle, at min h\u00f8relse bliver bedre i takt med, at mit syn bliver d\u00e5rligere. Is\u00e6r n\u00e5r jeg er i et rum. Her har jeg ofte h\u00f8rt noget, f\u00f8r jeg ser, hvad det er, jeg h\u00f8rer, siger Hanne Birch og tilf\u00f8jer, at n\u00e5r hun er til hest i ridehallen, s\u00e5 kan hun se det hele. N\u00e6sten.<\/p>\n<div id=\"attachment_5496\" style=\"width: 1242px\" class=\"wp-caption alignnone\"><img loading=\"lazy\" decoding=\"async\" aria-describedby=\"caption-attachment-5496\" class=\"wp-image-5496 size-full\" src=\"https:\/\/kunmedierne.dk\/thy\/wp-content\/uploads\/sites\/2\/2025\/06\/Design-uden-navn-2025-06-19T163845.841.jpg\" alt=\"\" width=\"1232\" height=\"821\" srcset=\"https:\/\/kunmedierne.dk\/thy\/wp-content\/uploads\/sites\/2\/2025\/06\/Design-uden-navn-2025-06-19T163845.841.jpg 1232w, https:\/\/kunmedierne.dk\/thy\/wp-content\/uploads\/sites\/2\/2025\/06\/Design-uden-navn-2025-06-19T163845.841-300x200.jpg 300w, https:\/\/kunmedierne.dk\/thy\/wp-content\/uploads\/sites\/2\/2025\/06\/Design-uden-navn-2025-06-19T163845.841-1024x682.jpg 1024w, https:\/\/kunmedierne.dk\/thy\/wp-content\/uploads\/sites\/2\/2025\/06\/Design-uden-navn-2025-06-19T163845.841-510x340.jpg 510w\" sizes=\"auto, (max-width: 1232px) 100vw, 1232px\" \/><p id=\"caption-attachment-5496\" class=\"wp-caption-text\">Det var s\u00e5 det. Ugens tur er ved at v\u00e6re slut, og ryttere, hj\u00e6lpere og heste vender tilbage til ridehallen og m\u00e5ske ogs\u00e5 til en snak og en kop kaffe i rytterstuen. Foto: Jens Fogh-Andersen<\/p><\/div>\n<p>&nbsp;<\/p>\n<p>N\u00e5r Hanne Birch g\u00f8r de ting, hun g\u00f8r, s\u00e5 er det b\u00e5de fordi hun kan g\u00f8re det, og fordi hun har mulighed for det.<\/p>\n<p>&#8211; I dag er der s\u00e5 mange muligheder for at blive hjulpet til at f\u00e5 det bedre i dagligdagen. Ridning og gymnastik er nogen af den, Dansk Blindesamfund er en anden. Ogs\u00e5 her er der hj\u00e6lp at hente b\u00e5de for mig og andre med d\u00e5rligt syn. Og det g\u00e6lder da om at bruge mulighederne, n\u00e5r de er der.<\/p>\n<p>&nbsp;<\/p>\n","protected":false},"excerpt":{"rendered":"<p>P\u00e5 KunThy kigger vi tilbage p\u00e5 \u00e5ret der gik. Dette er en genudgivelse. Artiklen udkom f\u00f8rste gang den 21. juni 2025 THY: Da Hanne Birch fyldte 80 \u00e5r, fik hun en ny ridehjelm. Nu, fem \u00e5r senere, er hun i en alder af 85 \u00e5r, f\u00f8dselsdagen er i morgen, s\u00f8ndag, stadig til hest. Det agter [&hellip;]<\/p>\n","protected":false},"author":4535,"featured_media":0,"comment_status":"closed","ping_status":"closed","sticky":false,"template":"","format":"standard","meta":{"_acf_changed":false,"footnotes":""},"categories":[24],"tags":[38,47],"class_list":["post-5474","post","type-post","status-publish","format-standard","hentry","category-lokalt","tag-mennesker","tag-sundhed"],"acf":[],"yoast_head":"<!-- This site is optimized with the Yoast SEO plugin v26.8 - https:\/\/yoast.com\/product\/yoast-seo-wordpress\/ -->\n<title>Gl\u00e6den ved ridning har ingen alder: Rytteren er 85 \u00e5r - hesten er &quot;kun&quot; 34 \u00e5r - Thy<\/title>\n<meta name=\"robots\" content=\"index, follow, max-snippet:-1, max-image-preview:large, max-video-preview:-1\" \/>\n<link rel=\"canonical\" href=\"https:\/\/kunmedierne.dk\/thy\/glaeden-ved-ridning-har-ingen-alder-rytteren-er-85-aar-hesten-er-kun-34-aar\/\" \/>\n<meta property=\"og:locale\" content=\"da_DK\" \/>\n<meta property=\"og:type\" content=\"article\" \/>\n<meta property=\"og:title\" content=\"Gl\u00e6den ved ridning har ingen alder: Rytteren er 85 \u00e5r - hesten er &quot;kun&quot; 34 \u00e5r - Thy\" \/>\n<meta property=\"og:description\" content=\"P\u00e5 KunThy kigger vi tilbage p\u00e5 \u00e5ret der gik. Dette er en genudgivelse. Artiklen udkom f\u00f8rste gang den 21. juni 2025 THY: Da Hanne Birch fyldte 80 \u00e5r, fik hun en ny ridehjelm. Nu, fem \u00e5r senere, er hun i en alder af 85 \u00e5r, f\u00f8dselsdagen er i morgen, s\u00f8ndag, stadig til hest. Det agter [&hellip;]\" \/>\n<meta property=\"og:url\" content=\"https:\/\/kunmedierne.dk\/thy\/glaeden-ved-ridning-har-ingen-alder-rytteren-er-85-aar-hesten-er-kun-34-aar\/\" \/>\n<meta property=\"og:site_name\" content=\"Thy\" \/>\n<meta property=\"article:published_time\" content=\"2025-12-30T19:24:25+00:00\" \/>\n<meta property=\"og:image\" content=\"https:\/\/kunmedierne.dk\/thy\/wp-content\/uploads\/sites\/2\/2025\/06\/Design-uden-navn-2025-06-19T163525.379.jpg\" \/>\n<meta name=\"author\" content=\"Jens Fogh Andersen\" \/>\n<meta name=\"twitter:card\" content=\"summary_large_image\" \/>\n<meta name=\"twitter:label1\" content=\"Skrevet af\" \/>\n\t<meta name=\"twitter:data1\" content=\"Jens Fogh Andersen\" \/>\n\t<meta name=\"twitter:label2\" content=\"Estimeret l\u00e6setid\" \/>\n\t<meta name=\"twitter:data2\" content=\"6 minutter\" \/>\n<script type=\"application\/ld+json\" class=\"yoast-schema-graph\">{\"@context\":\"https:\/\/schema.org\",\"@graph\":[{\"@type\":\"Article\",\"@id\":\"https:\/\/kunmedierne.dk\/thy\/glaeden-ved-ridning-har-ingen-alder-rytteren-er-85-aar-hesten-er-kun-34-aar\/#article\",\"isPartOf\":{\"@id\":\"https:\/\/kunmedierne.dk\/thy\/glaeden-ved-ridning-har-ingen-alder-rytteren-er-85-aar-hesten-er-kun-34-aar\/\"},\"author\":{\"name\":\"Jens Fogh Andersen\",\"@id\":\"https:\/\/kunmedierne.dk\/thy\/#\/schema\/person\/88f5be46809ca2a5533760eb574fef93\"},\"headline\":\"Gl\u00e6den ved ridning har ingen alder: Rytteren er 85 \u00e5r &#8211; hesten er &#8220;kun&#8221; 34 \u00e5r\",\"datePublished\":\"2025-12-30T19:24:25+00:00\",\"mainEntityOfPage\":{\"@id\":\"https:\/\/kunmedierne.dk\/thy\/glaeden-ved-ridning-har-ingen-alder-rytteren-er-85-aar-hesten-er-kun-34-aar\/\"},\"wordCount\":975,\"publisher\":{\"@id\":\"https:\/\/kunmedierne.dk\/thy\/#organization\"},\"image\":{\"@id\":\"https:\/\/kunmedierne.dk\/thy\/glaeden-ved-ridning-har-ingen-alder-rytteren-er-85-aar-hesten-er-kun-34-aar\/#primaryimage\"},\"thumbnailUrl\":\"https:\/\/kunmedierne.dk\/thy\/wp-content\/uploads\/sites\/2\/2025\/06\/Design-uden-navn-2025-06-19T163525.379.jpg\",\"keywords\":[\"Mennesker\",\"Sundhed\"],\"articleSection\":[\"Lokalt\"],\"inLanguage\":\"da-DK\"},{\"@type\":\"WebPage\",\"@id\":\"https:\/\/kunmedierne.dk\/thy\/glaeden-ved-ridning-har-ingen-alder-rytteren-er-85-aar-hesten-er-kun-34-aar\/\",\"url\":\"https:\/\/kunmedierne.dk\/thy\/glaeden-ved-ridning-har-ingen-alder-rytteren-er-85-aar-hesten-er-kun-34-aar\/\",\"name\":\"Gl\u00e6den ved ridning har ingen alder: Rytteren er 85 \u00e5r - hesten er \\\"kun\\\" 34 \u00e5r - Thy\",\"isPartOf\":{\"@id\":\"https:\/\/kunmedierne.dk\/thy\/#website\"},\"primaryImageOfPage\":{\"@id\":\"https:\/\/kunmedierne.dk\/thy\/glaeden-ved-ridning-har-ingen-alder-rytteren-er-85-aar-hesten-er-kun-34-aar\/#primaryimage\"},\"image\":{\"@id\":\"https:\/\/kunmedierne.dk\/thy\/glaeden-ved-ridning-har-ingen-alder-rytteren-er-85-aar-hesten-er-kun-34-aar\/#primaryimage\"},\"thumbnailUrl\":\"https:\/\/kunmedierne.dk\/thy\/wp-content\/uploads\/sites\/2\/2025\/06\/Design-uden-navn-2025-06-19T163525.379.jpg\",\"datePublished\":\"2025-12-30T19:24:25+00:00\",\"breadcrumb\":{\"@id\":\"https:\/\/kunmedierne.dk\/thy\/glaeden-ved-ridning-har-ingen-alder-rytteren-er-85-aar-hesten-er-kun-34-aar\/#breadcrumb\"},\"inLanguage\":\"da-DK\",\"potentialAction\":[{\"@type\":\"ReadAction\",\"target\":[\"https:\/\/kunmedierne.dk\/thy\/glaeden-ved-ridning-har-ingen-alder-rytteren-er-85-aar-hesten-er-kun-34-aar\/\"]}]},{\"@type\":\"ImageObject\",\"inLanguage\":\"da-DK\",\"@id\":\"https:\/\/kunmedierne.dk\/thy\/glaeden-ved-ridning-har-ingen-alder-rytteren-er-85-aar-hesten-er-kun-34-aar\/#primaryimage\",\"url\":\"https:\/\/kunmedierne.dk\/thy\/wp-content\/uploads\/sites\/2\/2025\/06\/Design-uden-navn-2025-06-19T163525.379.jpg\",\"contentUrl\":\"https:\/\/kunmedierne.dk\/thy\/wp-content\/uploads\/sites\/2\/2025\/06\/Design-uden-navn-2025-06-19T163525.379.jpg\",\"width\":1232,\"height\":821},{\"@type\":\"BreadcrumbList\",\"@id\":\"https:\/\/kunmedierne.dk\/thy\/glaeden-ved-ridning-har-ingen-alder-rytteren-er-85-aar-hesten-er-kun-34-aar\/#breadcrumb\",\"itemListElement\":[{\"@type\":\"ListItem\",\"position\":1,\"name\":\"Home\",\"item\":\"https:\/\/kunmedierne.dk\/thy\/\"},{\"@type\":\"ListItem\",\"position\":2,\"name\":\"Gl\u00e6den ved ridning har ingen alder: Rytteren er 85 \u00e5r &#8211; hesten er &#8220;kun&#8221; 34 \u00e5r\"}]},{\"@type\":\"WebSite\",\"@id\":\"https:\/\/kunmedierne.dk\/thy\/#website\",\"url\":\"https:\/\/kunmedierne.dk\/thy\/\",\"name\":\"Thy\",\"description\":\"et netmedie med journalistik om livet i Thy\",\"publisher\":{\"@id\":\"https:\/\/kunmedierne.dk\/thy\/#organization\"},\"potentialAction\":[{\"@type\":\"SearchAction\",\"target\":{\"@type\":\"EntryPoint\",\"urlTemplate\":\"https:\/\/kunmedierne.dk\/thy\/?s={search_term_string}\"},\"query-input\":{\"@type\":\"PropertyValueSpecification\",\"valueRequired\":true,\"valueName\":\"search_term_string\"}}],\"inLanguage\":\"da-DK\"},{\"@type\":\"Organization\",\"@id\":\"https:\/\/kunmedierne.dk\/thy\/#organization\",\"name\":\"Thy\",\"url\":\"https:\/\/kunmedierne.dk\/thy\/\",\"logo\":{\"@type\":\"ImageObject\",\"inLanguage\":\"da-DK\",\"@id\":\"https:\/\/kunmedierne.dk\/thy\/#\/schema\/logo\/image\/\",\"url\":\"https:\/\/kunmedierne.dk\/thy\/wp-content\/uploads\/sites\/2\/2025\/04\/kunthy-logo.svg\",\"contentUrl\":\"https:\/\/kunmedierne.dk\/thy\/wp-content\/uploads\/sites\/2\/2025\/04\/kunthy-logo.svg\",\"caption\":\"Thy\"},\"image\":{\"@id\":\"https:\/\/kunmedierne.dk\/thy\/#\/schema\/logo\/image\/\"}},{\"@type\":\"Person\",\"@id\":\"https:\/\/kunmedierne.dk\/thy\/#\/schema\/person\/88f5be46809ca2a5533760eb574fef93\",\"name\":\"Jens Fogh Andersen\",\"image\":{\"@type\":\"ImageObject\",\"inLanguage\":\"da-DK\",\"@id\":\"https:\/\/kunmedierne.dk\/thy\/#\/schema\/person\/image\/\",\"url\":\"https:\/\/secure.gravatar.com\/avatar\/2b367a4ef139b1c41dccc9ee7af926b81f8b4cca3359772e86c7fd5ced26c0a3?s=96&d=mm&r=g\",\"contentUrl\":\"https:\/\/secure.gravatar.com\/avatar\/2b367a4ef139b1c41dccc9ee7af926b81f8b4cca3359772e86c7fd5ced26c0a3?s=96&d=mm&r=g\",\"caption\":\"Jens Fogh Andersen\"},\"url\":\"https:\/\/kunmedierne.dk\/thy\/author\/jfa\/\"}]}<\/script>\n<!-- \/ Yoast SEO plugin. -->","yoast_head_json":{"title":"Gl\u00e6den ved ridning har ingen alder: Rytteren er 85 \u00e5r - hesten er \"kun\" 34 \u00e5r - Thy","robots":{"index":"index","follow":"follow","max-snippet":"max-snippet:-1","max-image-preview":"max-image-preview:large","max-video-preview":"max-video-preview:-1"},"canonical":"https:\/\/kunmedierne.dk\/thy\/glaeden-ved-ridning-har-ingen-alder-rytteren-er-85-aar-hesten-er-kun-34-aar\/","og_locale":"da_DK","og_type":"article","og_title":"Gl\u00e6den ved ridning har ingen alder: Rytteren er 85 \u00e5r - hesten er \"kun\" 34 \u00e5r - Thy","og_description":"P\u00e5 KunThy kigger vi tilbage p\u00e5 \u00e5ret der gik. Dette er en genudgivelse. Artiklen udkom f\u00f8rste gang den 21. juni 2025 THY: Da Hanne Birch fyldte 80 \u00e5r, fik hun en ny ridehjelm. Nu, fem \u00e5r senere, er hun i en alder af 85 \u00e5r, f\u00f8dselsdagen er i morgen, s\u00f8ndag, stadig til hest. Det agter [&hellip;]","og_url":"https:\/\/kunmedierne.dk\/thy\/glaeden-ved-ridning-har-ingen-alder-rytteren-er-85-aar-hesten-er-kun-34-aar\/","og_site_name":"Thy","article_published_time":"2025-12-30T19:24:25+00:00","og_image":[{"url":"https:\/\/kunmedierne.dk\/thy\/wp-content\/uploads\/sites\/2\/2025\/06\/Design-uden-navn-2025-06-19T163525.379.jpg","type":"","width":"","height":""}],"author":"Jens Fogh Andersen","twitter_card":"summary_large_image","twitter_misc":{"Skrevet af":"Jens Fogh Andersen","Estimeret l\u00e6setid":"6 minutter"},"schema":{"@context":"https:\/\/schema.org","@graph":[{"@type":"Article","@id":"https:\/\/kunmedierne.dk\/thy\/glaeden-ved-ridning-har-ingen-alder-rytteren-er-85-aar-hesten-er-kun-34-aar\/#article","isPartOf":{"@id":"https:\/\/kunmedierne.dk\/thy\/glaeden-ved-ridning-har-ingen-alder-rytteren-er-85-aar-hesten-er-kun-34-aar\/"},"author":{"name":"Jens Fogh Andersen","@id":"https:\/\/kunmedierne.dk\/thy\/#\/schema\/person\/88f5be46809ca2a5533760eb574fef93"},"headline":"Gl\u00e6den ved ridning har ingen alder: Rytteren er 85 \u00e5r &#8211; hesten er &#8220;kun&#8221; 34 \u00e5r","datePublished":"2025-12-30T19:24:25+00:00","mainEntityOfPage":{"@id":"https:\/\/kunmedierne.dk\/thy\/glaeden-ved-ridning-har-ingen-alder-rytteren-er-85-aar-hesten-er-kun-34-aar\/"},"wordCount":975,"publisher":{"@id":"https:\/\/kunmedierne.dk\/thy\/#organization"},"image":{"@id":"https:\/\/kunmedierne.dk\/thy\/glaeden-ved-ridning-har-ingen-alder-rytteren-er-85-aar-hesten-er-kun-34-aar\/#primaryimage"},"thumbnailUrl":"https:\/\/kunmedierne.dk\/thy\/wp-content\/uploads\/sites\/2\/2025\/06\/Design-uden-navn-2025-06-19T163525.379.jpg","keywords":["Mennesker","Sundhed"],"articleSection":["Lokalt"],"inLanguage":"da-DK"},{"@type":"WebPage","@id":"https:\/\/kunmedierne.dk\/thy\/glaeden-ved-ridning-har-ingen-alder-rytteren-er-85-aar-hesten-er-kun-34-aar\/","url":"https:\/\/kunmedierne.dk\/thy\/glaeden-ved-ridning-har-ingen-alder-rytteren-er-85-aar-hesten-er-kun-34-aar\/","name":"Gl\u00e6den ved ridning har ingen alder: Rytteren er 85 \u00e5r - hesten er \"kun\" 34 \u00e5r - Thy","isPartOf":{"@id":"https:\/\/kunmedierne.dk\/thy\/#website"},"primaryImageOfPage":{"@id":"https:\/\/kunmedierne.dk\/thy\/glaeden-ved-ridning-har-ingen-alder-rytteren-er-85-aar-hesten-er-kun-34-aar\/#primaryimage"},"image":{"@id":"https:\/\/kunmedierne.dk\/thy\/glaeden-ved-ridning-har-ingen-alder-rytteren-er-85-aar-hesten-er-kun-34-aar\/#primaryimage"},"thumbnailUrl":"https:\/\/kunmedierne.dk\/thy\/wp-content\/uploads\/sites\/2\/2025\/06\/Design-uden-navn-2025-06-19T163525.379.jpg","datePublished":"2025-12-30T19:24:25+00:00","breadcrumb":{"@id":"https:\/\/kunmedierne.dk\/thy\/glaeden-ved-ridning-har-ingen-alder-rytteren-er-85-aar-hesten-er-kun-34-aar\/#breadcrumb"},"inLanguage":"da-DK","potentialAction":[{"@type":"ReadAction","target":["https:\/\/kunmedierne.dk\/thy\/glaeden-ved-ridning-har-ingen-alder-rytteren-er-85-aar-hesten-er-kun-34-aar\/"]}]},{"@type":"ImageObject","inLanguage":"da-DK","@id":"https:\/\/kunmedierne.dk\/thy\/glaeden-ved-ridning-har-ingen-alder-rytteren-er-85-aar-hesten-er-kun-34-aar\/#primaryimage","url":"https:\/\/kunmedierne.dk\/thy\/wp-content\/uploads\/sites\/2\/2025\/06\/Design-uden-navn-2025-06-19T163525.379.jpg","contentUrl":"https:\/\/kunmedierne.dk\/thy\/wp-content\/uploads\/sites\/2\/2025\/06\/Design-uden-navn-2025-06-19T163525.379.jpg","width":1232,"height":821},{"@type":"BreadcrumbList","@id":"https:\/\/kunmedierne.dk\/thy\/glaeden-ved-ridning-har-ingen-alder-rytteren-er-85-aar-hesten-er-kun-34-aar\/#breadcrumb","itemListElement":[{"@type":"ListItem","position":1,"name":"Home","item":"https:\/\/kunmedierne.dk\/thy\/"},{"@type":"ListItem","position":2,"name":"Gl\u00e6den ved ridning har ingen alder: Rytteren er 85 \u00e5r &#8211; hesten er &#8220;kun&#8221; 34 \u00e5r"}]},{"@type":"WebSite","@id":"https:\/\/kunmedierne.dk\/thy\/#website","url":"https:\/\/kunmedierne.dk\/thy\/","name":"Thy","description":"et netmedie med journalistik om livet i Thy","publisher":{"@id":"https:\/\/kunmedierne.dk\/thy\/#organization"},"potentialAction":[{"@type":"SearchAction","target":{"@type":"EntryPoint","urlTemplate":"https:\/\/kunmedierne.dk\/thy\/?s={search_term_string}"},"query-input":{"@type":"PropertyValueSpecification","valueRequired":true,"valueName":"search_term_string"}}],"inLanguage":"da-DK"},{"@type":"Organization","@id":"https:\/\/kunmedierne.dk\/thy\/#organization","name":"Thy","url":"https:\/\/kunmedierne.dk\/thy\/","logo":{"@type":"ImageObject","inLanguage":"da-DK","@id":"https:\/\/kunmedierne.dk\/thy\/#\/schema\/logo\/image\/","url":"https:\/\/kunmedierne.dk\/thy\/wp-content\/uploads\/sites\/2\/2025\/04\/kunthy-logo.svg","contentUrl":"https:\/\/kunmedierne.dk\/thy\/wp-content\/uploads\/sites\/2\/2025\/04\/kunthy-logo.svg","caption":"Thy"},"image":{"@id":"https:\/\/kunmedierne.dk\/thy\/#\/schema\/logo\/image\/"}},{"@type":"Person","@id":"https:\/\/kunmedierne.dk\/thy\/#\/schema\/person\/88f5be46809ca2a5533760eb574fef93","name":"Jens Fogh Andersen","image":{"@type":"ImageObject","inLanguage":"da-DK","@id":"https:\/\/kunmedierne.dk\/thy\/#\/schema\/person\/image\/","url":"https:\/\/secure.gravatar.com\/avatar\/2b367a4ef139b1c41dccc9ee7af926b81f8b4cca3359772e86c7fd5ced26c0a3?s=96&d=mm&r=g","contentUrl":"https:\/\/secure.gravatar.com\/avatar\/2b367a4ef139b1c41dccc9ee7af926b81f8b4cca3359772e86c7fd5ced26c0a3?s=96&d=mm&r=g","caption":"Jens Fogh Andersen"},"url":"https:\/\/kunmedierne.dk\/thy\/author\/jfa\/"}]}},"_links":{"self":[{"href":"https:\/\/kunmedierne.dk\/thy\/wp-json\/wp\/v2\/posts\/5474","targetHints":{"allow":["GET"]}}],"collection":[{"href":"https:\/\/kunmedierne.dk\/thy\/wp-json\/wp\/v2\/posts"}],"about":[{"href":"https:\/\/kunmedierne.dk\/thy\/wp-json\/wp\/v2\/types\/post"}],"author":[{"embeddable":true,"href":"https:\/\/kunmedierne.dk\/thy\/wp-json\/wp\/v2\/users\/4535"}],"replies":[{"embeddable":true,"href":"https:\/\/kunmedierne.dk\/thy\/wp-json\/wp\/v2\/comments?post=5474"}],"version-history":[{"count":12,"href":"https:\/\/kunmedierne.dk\/thy\/wp-json\/wp\/v2\/posts\/5474\/revisions"}],"predecessor-version":[{"id":15327,"href":"https:\/\/kunmedierne.dk\/thy\/wp-json\/wp\/v2\/posts\/5474\/revisions\/15327"}],"wp:attachment":[{"href":"https:\/\/kunmedierne.dk\/thy\/wp-json\/wp\/v2\/media?parent=5474"}],"wp:term":[{"taxonomy":"category","embeddable":true,"href":"https:\/\/kunmedierne.dk\/thy\/wp-json\/wp\/v2\/categories?post=5474"},{"taxonomy":"post_tag","embeddable":true,"href":"https:\/\/kunmedierne.dk\/thy\/wp-json\/wp\/v2\/tags?post=5474"}],"curies":[{"name":"wp","href":"https:\/\/api.w.org\/{rel}","templated":true}]}}