{"id":5416,"date":"2025-06-18T16:20:08","date_gmt":"2025-06-18T14:20:08","guid":{"rendered":"https:\/\/kunmedierne.dk\/thy\/?p=5416"},"modified":"2025-06-18T16:20:08","modified_gmt":"2025-06-18T14:20:08","slug":"thisted-senior-motion-er-del-af-en-trend-flere-aeldre-holder-sig-fysisk-aktive","status":"publish","type":"post","link":"https:\/\/kunmedierne.dk\/thy\/thisted-senior-motion-er-del-af-en-trend-flere-aeldre-holder-sig-fysisk-aktive\/","title":{"rendered":"Thisted Senior Motion er del af en trend: Flere \u00e6ldre holder sig fysisk aktive"},"content":{"rendered":"<p><strong>THISTED:<\/strong> Onsdag er normalt den dag p\u00e5 ugen, hvor rigtig mange medlemmer af Thisted Senior Motion m\u00f8der op i Thy Hallen. Lige bortset fra onsdag i denne uge.<\/p>\n<a class=\"dvrt-link\" onClick=\"cdmtrack_click(687,jQuery(this));return false\" href=\"https:\/\/konpap.dk\/?gad_source=1&gclid=Cj0KCQjwtJ6_BhDWARIsAGanmKfOBLC3RBm6obWL5sEb-mp4bsp5QjqWW4j4nx22y0YT2iMiXJcv3MoaApR_EALw_wcB\"><img decoding=\"async\" style=\"width:100%;\" src=\"https:\/\/kunmedierne.dk\/thy\/wp-content\/uploads\/sites\/2\/2025\/03\/redoffice.jpg\"><\/a><script>cdmtrack_view(687);<\/script>\n<p>Det var den dag, der var afsat til s\u00e6sonafslutning og sommerudflugt med bus til Jeppe Aakj\u00e6rs &#8220;Jenle&#8221; i Salling og til Kongenshus Mindepark. Turen havde samlet 75 deltagere, s\u00e5 det var andre end medlemmerne af Thisted Senior Motion, der var m\u00f8dt frem for at tr\u00e6ne.<\/p>\n<p>Thisted Senior Motion fejrede 30 \u00e5rs f\u00f8dselsdag i november 2024 med et medlemstal p\u00e5 500. Ambitionen er, at det tal skal holde i de kommende \u00e5r, men det m\u00e5 ogs\u00e5 gerne vokse, fort\u00e6ller Bjarne Schultz, formand for Thisted Senior Motion, som henvender sig til seniorer plus 60 \u00e5r og til f\u00f8rtidspensionister, der har rundet 50 \u00e5r.<\/p>\n<p>Blandt andet med det for \u00f8je, havde seniormotionisterne s\u00f8gt Thisted Kommunes Folkeoplysningsudvalg om 16.000 kroner til en medlemskampagne. Udvalget bevilgede halvdelen af det ans\u00f8gte bel\u00f8b. M\u00e5lgruppen for kampagnen er seniorer, som ikke allerede dyrker motion eller de, der gerne vil dyrke mere motion og samtidig v\u00e6re del af et socialt f\u00e6llesskab, hvor det mest handler om at v\u00e6re med end om at v\u00e6re bedst.<\/p>\n<a class=\"dvrt-link\" onClick=\"cdmtrack_click(687,jQuery(this));return false\" href=\"https:\/\/konpap.dk\/?gad_source=1&gclid=Cj0KCQjwtJ6_BhDWARIsAGanmKfOBLC3RBm6obWL5sEb-mp4bsp5QjqWW4j4nx22y0YT2iMiXJcv3MoaApR_EALw_wcB\"><img decoding=\"async\" style=\"width:100%;\" src=\"https:\/\/kunmedierne.dk\/thy\/wp-content\/uploads\/sites\/2\/2025\/03\/redoffice.jpg\"><\/a><script>cdmtrack_view(687);<\/script>\n<p>Tilbuddene til medlemmerne er adgang til motionscenter, gymnastik, badminton, yoga, sv\u00f8mning, vandgymnastik, musik, bordtennis, motionsbold og pickleball. Hertil kommer en kop kaffe efter motionen plus muligheden af at deltage i st\u00f8rre arrangementer som for\u00e5rsfest, efter\u00e5rsfest og sommerudflugt.<\/p>\n<p>&nbsp;<\/p>\n<p><strong>Sundhed er b\u00e5de fysisk og mentalt<\/strong><\/p>\n<p>&#8211; I Senior Motion taler vi ikke om konkurrence, ud over at der i spil som badminton og bordtennis vil v\u00e6re en vinder, for det g\u00e5r spillet ud p\u00e5, siger Bjarne Schultz og tilf\u00f8jer, at foreningen ogs\u00e5 er et socialt f\u00e6llesskab med \u00f8je for, at sundhed b\u00e5de er noget fysisk, men ogs\u00e5 noget mentalt.<\/p>\n<p>&#8211; Her kommer man for motionen og for samv\u00e6rets skyld. Mange kender hinanden, n\u00e5r de kommer, andre l\u00e6rer nye mennesker at kende, siger Bjarne Schultz og tilf\u00f8jer, at Thisted Senior Motion sidste \u00e5r fik 100 nye medlemmer, men sagde farvel til 50.<\/p>\n<p>&#8211; Men vi skal sikre, at vi f\u00e5r nye medlemmer, s\u00e5 vi hele tiden v\u00e6kster lidt. Vi har fors\u00f8gt at lave vores egne brochurer, men vil gerne g\u00f8re det lidt mere professionelt. Derfor s\u00f8gte vi penge til en medlemskampagne, siger Bjarne Holm og tilf\u00f8jer, at Senior Motion med Thy Hallen som udgangspunkt for sine aktiviteter ogs\u00e5 samarbejder med kommunens sundhedsafdeling, som opfordrer folk til at forts\u00e6tte deres tr\u00e6ning her, n\u00e5r de er f\u00e6rdige med andre tr\u00e6ningsforl\u00f8b.<\/p>\n<a class=\"dvrt-link\" onClick=\"cdmtrack_click(689,jQuery(this));return false\" href=\"https:\/\/www.thistedbolig.dk\"><img decoding=\"async\" style=\"width:100%;\" src=\"https:\/\/kunmedierne.dk\/thy\/wp-content\/uploads\/sites\/2\/2025\/03\/260414ThistedBoligApril-opslag-002-1.jpg\"><\/a><script>cdmtrack_view(689);<\/script>\n<p>Thisted Senior Motion har f\u00f8rst for nylig f\u00e5et status af folkeoplysende forening og dermed f\u00e5et adgang til at s\u00f8ge kommunens Folkeoplysningsudvalg om penge. Her til en medlemskampagne st\u00f8ttet med penge fra udvalgets udviklingspulje.<\/p>\n<p>&#8211; Vi har tidligere f\u00e5et ans\u00f8gninger om st\u00f8tte til medlemsfremst\u00f8d, men udvalget har vurderet, at de falder udenfor udviklingspuljens egentlige form\u00e5l. Siger vi &#8220;ja&#8221; til nogen ans\u00f8gninger, risikerer vi, at det danner pr\u00e6cedens, siger Steffen Kj\u00e6r Thiesen, formand for folkeoplysningsudvalget.<\/p>\n<p>&nbsp;<\/p>\n<p><strong>M\u00e5lrettet tilbud til en voksende gruppe<\/strong><\/p>\n<p>N\u00e5r udvalget alligevel im\u00f8dekom Senior Motion med 8000 kroner, halvdelen af det ans\u00f8gte bel\u00f8b, er det i lyset af, at det netop er blevet en folkeoplysende forening, som det giver mening at st\u00f8tte, forklarer formanden.<\/p>\n<p>&#8211; Foreningen henvender sig til en gruppe af kommunens borgere, som vi gerne vil se s\u00e5 aktive som muligt. Og her er nogle aktiviteter, som vi gerne vil underst\u00f8tte &#8211; og som er m\u00e5lrettet til en gruppe borgere, som der bliver flere af. Her er et tilbud, som b\u00e5de kombinerer aktivitet og har fokus p\u00e5 samv\u00e6r, siger Steffen Kj\u00e6r Thiesen.<\/p>\n<a class=\"dvrt-link\" onClick=\"cdmtrack_click(689,jQuery(this));return false\" href=\"https:\/\/www.thistedbolig.dk\"><img decoding=\"async\" style=\"width:100%;\" src=\"https:\/\/kunmedierne.dk\/thy\/wp-content\/uploads\/sites\/2\/2025\/03\/260414ThistedBoligApril-opslag-002-1.jpg\"><\/a><script>cdmtrack_view(689);<\/script>\n<p>Ud over ans\u00f8gningen fra Thisted Senior Motion s\u00e5 Folkeoplysningsudvalget p\u00e5 sit seneste m\u00f8de ogs\u00e5 i udviklingen i antallet af medlemmer i kommunens idr\u00e6tsforeninger fra 2023 til 2024. Det vil sige, at tallene d\u00e6kker en periode f\u00f8r Thisted Senior Motion blev til en folkeoplysende forening.<\/p>\n<p>&nbsp;<\/p>\n<p><strong>Flere \u00e6ldre er idr\u00e6tsaktive<\/strong><\/p>\n<p>Tallene siger, at medlemstallet i kommunens idr\u00e6tsforeninger steg fra 20.707 i 2023 til 21.067 i 2024. Det er en stigning p\u00e5 1,6 procent.<\/p>\n<p>Men tallene siger ogs\u00e5, at gruppen af \u00e6ldre over 70 \u00e5r er blevet flittigere til at benytte sig af idr\u00e6tsforeningernes tilbud. I 2023 var 1.778 \u00e6ldre over 70 \u00e5r aktive i en idr\u00e6tsforening, i 2024 var tallet vokset med 4,3 procent til 1.855. Den stigning er kun overg\u00e5et af gruppen af 25-39 \u00e5rige. I 2023 var 2.607 personer i den aldersgruppe medlem af en idr\u00e6tsforening. I 2024 var tallet stedet med 7,9 procent til 2814.<\/p>\n<p>Hvis Bjarne Schultz skal komme med et bud p\u00e5, hvorfor stadig flere \u00e6ldre er idr\u00e6tsaktive bed\u00f8mt ud fra Thisted Senior Motion konstaterer han, at det handler om at have nogle gode tilbud.<\/p>\n<p>&#8211; Vi har mange forskellige aktiviteter, og vores medlemmer kan v\u00e6re med, hvor de vil, for det samme kontingent. Og s\u00e5 har vi f\u00e6llesskabet og samv\u00e6ret som en del af tilbuddet.<\/p>\n","protected":false},"excerpt":{"rendered":"<p>THISTED: Onsdag er normalt den dag p\u00e5 ugen, hvor rigtig mange medlemmer af Thisted Senior Motion m\u00f8der op i Thy Hallen. Lige bortset fra onsdag i denne uge. Det var den dag, der var afsat til s\u00e6sonafslutning og sommerudflugt med bus til Jeppe Aakj\u00e6rs &#8220;Jenle&#8221; i Salling og til Kongenshus Mindepark. Turen havde samlet 75 [&hellip;]<\/p>\n","protected":false},"author":4535,"featured_media":0,"comment_status":"closed","ping_status":"closed","sticky":false,"template":"","format":"standard","meta":{"_acf_changed":false,"footnotes":""},"categories":[24],"tags":[67,47],"class_list":["post-5416","post","type-post","status-publish","format-standard","hentry","category-lokalt","tag-fritidstilbud","tag-sundhed"],"acf":[],"yoast_head":"<!-- This site is optimized with the Yoast SEO plugin v26.8 - https:\/\/yoast.com\/product\/yoast-seo-wordpress\/ -->\n<title>Thisted Senior Motion er del af en trend: Flere \u00e6ldre holder sig fysisk aktive - Thy<\/title>\n<meta name=\"robots\" content=\"index, follow, max-snippet:-1, max-image-preview:large, max-video-preview:-1\" \/>\n<link rel=\"canonical\" href=\"https:\/\/kunmedierne.dk\/thy\/thisted-senior-motion-er-del-af-en-trend-flere-aeldre-holder-sig-fysisk-aktive\/\" \/>\n<meta property=\"og:locale\" content=\"da_DK\" \/>\n<meta property=\"og:type\" content=\"article\" \/>\n<meta property=\"og:title\" content=\"Thisted Senior Motion er del af en trend: Flere \u00e6ldre holder sig fysisk aktive - Thy\" \/>\n<meta property=\"og:description\" content=\"THISTED: Onsdag er normalt den dag p\u00e5 ugen, hvor rigtig mange medlemmer af Thisted Senior Motion m\u00f8der op i Thy Hallen. Lige bortset fra onsdag i denne uge. Det var den dag, der var afsat til s\u00e6sonafslutning og sommerudflugt med bus til Jeppe Aakj\u00e6rs &#8220;Jenle&#8221; i Salling og til Kongenshus Mindepark. Turen havde samlet 75 [&hellip;]\" \/>\n<meta property=\"og:url\" content=\"https:\/\/kunmedierne.dk\/thy\/thisted-senior-motion-er-del-af-en-trend-flere-aeldre-holder-sig-fysisk-aktive\/\" \/>\n<meta property=\"og:site_name\" content=\"Thy\" \/>\n<meta property=\"article:published_time\" content=\"2025-06-18T14:20:08+00:00\" \/>\n<meta name=\"author\" content=\"Jens Fogh Andersen\" \/>\n<meta name=\"twitter:card\" content=\"summary_large_image\" \/>\n<meta name=\"twitter:label1\" content=\"Skrevet af\" \/>\n\t<meta name=\"twitter:data1\" content=\"Jens Fogh Andersen\" \/>\n\t<meta name=\"twitter:label2\" content=\"Estimeret l\u00e6setid\" \/>\n\t<meta name=\"twitter:data2\" content=\"5 minutter\" \/>\n<script type=\"application\/ld+json\" class=\"yoast-schema-graph\">{\"@context\":\"https:\/\/schema.org\",\"@graph\":[{\"@type\":\"Article\",\"@id\":\"https:\/\/kunmedierne.dk\/thy\/thisted-senior-motion-er-del-af-en-trend-flere-aeldre-holder-sig-fysisk-aktive\/#article\",\"isPartOf\":{\"@id\":\"https:\/\/kunmedierne.dk\/thy\/thisted-senior-motion-er-del-af-en-trend-flere-aeldre-holder-sig-fysisk-aktive\/\"},\"author\":{\"name\":\"Jens Fogh Andersen\",\"@id\":\"https:\/\/kunmedierne.dk\/thy\/#\/schema\/person\/88f5be46809ca2a5533760eb574fef93\"},\"headline\":\"Thisted Senior Motion er del af en trend: Flere \u00e6ldre holder sig fysisk aktive\",\"datePublished\":\"2025-06-18T14:20:08+00:00\",\"mainEntityOfPage\":{\"@id\":\"https:\/\/kunmedierne.dk\/thy\/thisted-senior-motion-er-del-af-en-trend-flere-aeldre-holder-sig-fysisk-aktive\/\"},\"wordCount\":869,\"publisher\":{\"@id\":\"https:\/\/kunmedierne.dk\/thy\/#organization\"},\"keywords\":[\"Fritidstilbud\",\"Sundhed\"],\"articleSection\":[\"Lokalt\"],\"inLanguage\":\"da-DK\"},{\"@type\":\"WebPage\",\"@id\":\"https:\/\/kunmedierne.dk\/thy\/thisted-senior-motion-er-del-af-en-trend-flere-aeldre-holder-sig-fysisk-aktive\/\",\"url\":\"https:\/\/kunmedierne.dk\/thy\/thisted-senior-motion-er-del-af-en-trend-flere-aeldre-holder-sig-fysisk-aktive\/\",\"name\":\"Thisted Senior Motion er del af en trend: Flere \u00e6ldre holder sig fysisk aktive - Thy\",\"isPartOf\":{\"@id\":\"https:\/\/kunmedierne.dk\/thy\/#website\"},\"datePublished\":\"2025-06-18T14:20:08+00:00\",\"breadcrumb\":{\"@id\":\"https:\/\/kunmedierne.dk\/thy\/thisted-senior-motion-er-del-af-en-trend-flere-aeldre-holder-sig-fysisk-aktive\/#breadcrumb\"},\"inLanguage\":\"da-DK\",\"potentialAction\":[{\"@type\":\"ReadAction\",\"target\":[\"https:\/\/kunmedierne.dk\/thy\/thisted-senior-motion-er-del-af-en-trend-flere-aeldre-holder-sig-fysisk-aktive\/\"]}]},{\"@type\":\"BreadcrumbList\",\"@id\":\"https:\/\/kunmedierne.dk\/thy\/thisted-senior-motion-er-del-af-en-trend-flere-aeldre-holder-sig-fysisk-aktive\/#breadcrumb\",\"itemListElement\":[{\"@type\":\"ListItem\",\"position\":1,\"name\":\"Home\",\"item\":\"https:\/\/kunmedierne.dk\/thy\/\"},{\"@type\":\"ListItem\",\"position\":2,\"name\":\"Thisted Senior Motion er del af en trend: Flere \u00e6ldre holder sig fysisk aktive\"}]},{\"@type\":\"WebSite\",\"@id\":\"https:\/\/kunmedierne.dk\/thy\/#website\",\"url\":\"https:\/\/kunmedierne.dk\/thy\/\",\"name\":\"Thy\",\"description\":\"et netmedie med journalistik om livet i Thy\",\"publisher\":{\"@id\":\"https:\/\/kunmedierne.dk\/thy\/#organization\"},\"potentialAction\":[{\"@type\":\"SearchAction\",\"target\":{\"@type\":\"EntryPoint\",\"urlTemplate\":\"https:\/\/kunmedierne.dk\/thy\/?s={search_term_string}\"},\"query-input\":{\"@type\":\"PropertyValueSpecification\",\"valueRequired\":true,\"valueName\":\"search_term_string\"}}],\"inLanguage\":\"da-DK\"},{\"@type\":\"Organization\",\"@id\":\"https:\/\/kunmedierne.dk\/thy\/#organization\",\"name\":\"Thy\",\"url\":\"https:\/\/kunmedierne.dk\/thy\/\",\"logo\":{\"@type\":\"ImageObject\",\"inLanguage\":\"da-DK\",\"@id\":\"https:\/\/kunmedierne.dk\/thy\/#\/schema\/logo\/image\/\",\"url\":\"https:\/\/kunmedierne.dk\/thy\/wp-content\/uploads\/sites\/2\/2025\/04\/kunthy-logo.svg\",\"contentUrl\":\"https:\/\/kunmedierne.dk\/thy\/wp-content\/uploads\/sites\/2\/2025\/04\/kunthy-logo.svg\",\"caption\":\"Thy\"},\"image\":{\"@id\":\"https:\/\/kunmedierne.dk\/thy\/#\/schema\/logo\/image\/\"}},{\"@type\":\"Person\",\"@id\":\"https:\/\/kunmedierne.dk\/thy\/#\/schema\/person\/88f5be46809ca2a5533760eb574fef93\",\"name\":\"Jens Fogh Andersen\",\"image\":{\"@type\":\"ImageObject\",\"inLanguage\":\"da-DK\",\"@id\":\"https:\/\/kunmedierne.dk\/thy\/#\/schema\/person\/image\/\",\"url\":\"https:\/\/secure.gravatar.com\/avatar\/2b367a4ef139b1c41dccc9ee7af926b81f8b4cca3359772e86c7fd5ced26c0a3?s=96&d=mm&r=g\",\"contentUrl\":\"https:\/\/secure.gravatar.com\/avatar\/2b367a4ef139b1c41dccc9ee7af926b81f8b4cca3359772e86c7fd5ced26c0a3?s=96&d=mm&r=g\",\"caption\":\"Jens Fogh Andersen\"},\"url\":\"https:\/\/kunmedierne.dk\/thy\/author\/jfa\/\"}]}<\/script>\n<!-- \/ Yoast SEO plugin. -->","yoast_head_json":{"title":"Thisted Senior Motion er del af en trend: Flere \u00e6ldre holder sig fysisk aktive - Thy","robots":{"index":"index","follow":"follow","max-snippet":"max-snippet:-1","max-image-preview":"max-image-preview:large","max-video-preview":"max-video-preview:-1"},"canonical":"https:\/\/kunmedierne.dk\/thy\/thisted-senior-motion-er-del-af-en-trend-flere-aeldre-holder-sig-fysisk-aktive\/","og_locale":"da_DK","og_type":"article","og_title":"Thisted Senior Motion er del af en trend: Flere \u00e6ldre holder sig fysisk aktive - Thy","og_description":"THISTED: Onsdag er normalt den dag p\u00e5 ugen, hvor rigtig mange medlemmer af Thisted Senior Motion m\u00f8der op i Thy Hallen. Lige bortset fra onsdag i denne uge. Det var den dag, der var afsat til s\u00e6sonafslutning og sommerudflugt med bus til Jeppe Aakj\u00e6rs &#8220;Jenle&#8221; i Salling og til Kongenshus Mindepark. Turen havde samlet 75 [&hellip;]","og_url":"https:\/\/kunmedierne.dk\/thy\/thisted-senior-motion-er-del-af-en-trend-flere-aeldre-holder-sig-fysisk-aktive\/","og_site_name":"Thy","article_published_time":"2025-06-18T14:20:08+00:00","author":"Jens Fogh Andersen","twitter_card":"summary_large_image","twitter_misc":{"Skrevet af":"Jens Fogh Andersen","Estimeret l\u00e6setid":"5 minutter"},"schema":{"@context":"https:\/\/schema.org","@graph":[{"@type":"Article","@id":"https:\/\/kunmedierne.dk\/thy\/thisted-senior-motion-er-del-af-en-trend-flere-aeldre-holder-sig-fysisk-aktive\/#article","isPartOf":{"@id":"https:\/\/kunmedierne.dk\/thy\/thisted-senior-motion-er-del-af-en-trend-flere-aeldre-holder-sig-fysisk-aktive\/"},"author":{"name":"Jens Fogh Andersen","@id":"https:\/\/kunmedierne.dk\/thy\/#\/schema\/person\/88f5be46809ca2a5533760eb574fef93"},"headline":"Thisted Senior Motion er del af en trend: Flere \u00e6ldre holder sig fysisk aktive","datePublished":"2025-06-18T14:20:08+00:00","mainEntityOfPage":{"@id":"https:\/\/kunmedierne.dk\/thy\/thisted-senior-motion-er-del-af-en-trend-flere-aeldre-holder-sig-fysisk-aktive\/"},"wordCount":869,"publisher":{"@id":"https:\/\/kunmedierne.dk\/thy\/#organization"},"keywords":["Fritidstilbud","Sundhed"],"articleSection":["Lokalt"],"inLanguage":"da-DK"},{"@type":"WebPage","@id":"https:\/\/kunmedierne.dk\/thy\/thisted-senior-motion-er-del-af-en-trend-flere-aeldre-holder-sig-fysisk-aktive\/","url":"https:\/\/kunmedierne.dk\/thy\/thisted-senior-motion-er-del-af-en-trend-flere-aeldre-holder-sig-fysisk-aktive\/","name":"Thisted Senior Motion er del af en trend: Flere \u00e6ldre holder sig fysisk aktive - Thy","isPartOf":{"@id":"https:\/\/kunmedierne.dk\/thy\/#website"},"datePublished":"2025-06-18T14:20:08+00:00","breadcrumb":{"@id":"https:\/\/kunmedierne.dk\/thy\/thisted-senior-motion-er-del-af-en-trend-flere-aeldre-holder-sig-fysisk-aktive\/#breadcrumb"},"inLanguage":"da-DK","potentialAction":[{"@type":"ReadAction","target":["https:\/\/kunmedierne.dk\/thy\/thisted-senior-motion-er-del-af-en-trend-flere-aeldre-holder-sig-fysisk-aktive\/"]}]},{"@type":"BreadcrumbList","@id":"https:\/\/kunmedierne.dk\/thy\/thisted-senior-motion-er-del-af-en-trend-flere-aeldre-holder-sig-fysisk-aktive\/#breadcrumb","itemListElement":[{"@type":"ListItem","position":1,"name":"Home","item":"https:\/\/kunmedierne.dk\/thy\/"},{"@type":"ListItem","position":2,"name":"Thisted Senior Motion er del af en trend: Flere \u00e6ldre holder sig fysisk aktive"}]},{"@type":"WebSite","@id":"https:\/\/kunmedierne.dk\/thy\/#website","url":"https:\/\/kunmedierne.dk\/thy\/","name":"Thy","description":"et netmedie med journalistik om livet i Thy","publisher":{"@id":"https:\/\/kunmedierne.dk\/thy\/#organization"},"potentialAction":[{"@type":"SearchAction","target":{"@type":"EntryPoint","urlTemplate":"https:\/\/kunmedierne.dk\/thy\/?s={search_term_string}"},"query-input":{"@type":"PropertyValueSpecification","valueRequired":true,"valueName":"search_term_string"}}],"inLanguage":"da-DK"},{"@type":"Organization","@id":"https:\/\/kunmedierne.dk\/thy\/#organization","name":"Thy","url":"https:\/\/kunmedierne.dk\/thy\/","logo":{"@type":"ImageObject","inLanguage":"da-DK","@id":"https:\/\/kunmedierne.dk\/thy\/#\/schema\/logo\/image\/","url":"https:\/\/kunmedierne.dk\/thy\/wp-content\/uploads\/sites\/2\/2025\/04\/kunthy-logo.svg","contentUrl":"https:\/\/kunmedierne.dk\/thy\/wp-content\/uploads\/sites\/2\/2025\/04\/kunthy-logo.svg","caption":"Thy"},"image":{"@id":"https:\/\/kunmedierne.dk\/thy\/#\/schema\/logo\/image\/"}},{"@type":"Person","@id":"https:\/\/kunmedierne.dk\/thy\/#\/schema\/person\/88f5be46809ca2a5533760eb574fef93","name":"Jens Fogh Andersen","image":{"@type":"ImageObject","inLanguage":"da-DK","@id":"https:\/\/kunmedierne.dk\/thy\/#\/schema\/person\/image\/","url":"https:\/\/secure.gravatar.com\/avatar\/2b367a4ef139b1c41dccc9ee7af926b81f8b4cca3359772e86c7fd5ced26c0a3?s=96&d=mm&r=g","contentUrl":"https:\/\/secure.gravatar.com\/avatar\/2b367a4ef139b1c41dccc9ee7af926b81f8b4cca3359772e86c7fd5ced26c0a3?s=96&d=mm&r=g","caption":"Jens Fogh Andersen"},"url":"https:\/\/kunmedierne.dk\/thy\/author\/jfa\/"}]}},"_links":{"self":[{"href":"https:\/\/kunmedierne.dk\/thy\/wp-json\/wp\/v2\/posts\/5416","targetHints":{"allow":["GET"]}}],"collection":[{"href":"https:\/\/kunmedierne.dk\/thy\/wp-json\/wp\/v2\/posts"}],"about":[{"href":"https:\/\/kunmedierne.dk\/thy\/wp-json\/wp\/v2\/types\/post"}],"author":[{"embeddable":true,"href":"https:\/\/kunmedierne.dk\/thy\/wp-json\/wp\/v2\/users\/4535"}],"replies":[{"embeddable":true,"href":"https:\/\/kunmedierne.dk\/thy\/wp-json\/wp\/v2\/comments?post=5416"}],"version-history":[{"count":12,"href":"https:\/\/kunmedierne.dk\/thy\/wp-json\/wp\/v2\/posts\/5416\/revisions"}],"predecessor-version":[{"id":5455,"href":"https:\/\/kunmedierne.dk\/thy\/wp-json\/wp\/v2\/posts\/5416\/revisions\/5455"}],"wp:attachment":[{"href":"https:\/\/kunmedierne.dk\/thy\/wp-json\/wp\/v2\/media?parent=5416"}],"wp:term":[{"taxonomy":"category","embeddable":true,"href":"https:\/\/kunmedierne.dk\/thy\/wp-json\/wp\/v2\/categories?post=5416"},{"taxonomy":"post_tag","embeddable":true,"href":"https:\/\/kunmedierne.dk\/thy\/wp-json\/wp\/v2\/tags?post=5416"}],"curies":[{"name":"wp","href":"https:\/\/api.w.org\/{rel}","templated":true}]}}