{"id":5302,"date":"2025-06-16T15:07:17","date_gmt":"2025-06-16T13:07:17","guid":{"rendered":"https:\/\/kunmedierne.dk\/thy\/?p=5302"},"modified":"2025-06-16T15:07:55","modified_gmt":"2025-06-16T13:07:55","slug":"pynten-pilles-af-sydthy-kur-og-svoemmebad-nu-skal-det-drives-bedst-muligt-uden-saerlige-tilbud","status":"publish","type":"post","link":"https:\/\/kunmedierne.dk\/thy\/pynten-pilles-af-sydthy-kur-og-svoemmebad-nu-skal-det-drives-bedst-muligt-uden-saerlige-tilbud\/","title":{"rendered":"Pynten pilles af Sydthy Kur- og Sv\u00f8mmebad: Nu skal det drives bedst muligt uden s\u00e6rlige tilbud"},"content":{"rendered":"<p><strong>HURUP:<\/strong> &#8211; Vi retter ind efter anvisningerne fra Ankestyrelsen. Personlig er jeg helt med p\u00e5, at drift af et kurbad ikke er en kommunal kerneopgave. Men samtidig undrer det mig, hvorfor det netop er Sydthy Kur- og Sv\u00f8mmebad, der er kommet i fokus. Jeg synes ikke, at nogle af de tilbud, der er her, adskiller sig ret meget fra tilsvarende tilbud andre steder, hvor kommunen driver noget tilsvarende.<\/p>\n<a class=\"dvrt-link\" onClick=\"cdmtrack_click(683,jQuery(this));return false\" href=\"https:\/\/vester-begr.dk\/?utm_source=google&amp;utm_medium=advative&amp;gad_source=1&amp;gclid=Cj0KCQjwtJ6_BhDWARIsAGanmKfl-hGVVjCYiOgSKoGoxrow4kvXybZsnruKJYTslvqZDywT6a9PCQwaAmBjEALw_wcB\"><img decoding=\"async\" style=\"width:100%;\" src=\"https:\/\/kunmedierne.dk\/thy\/wp-content\/uploads\/sites\/2\/2025\/03\/260203VesterHoukaer-02022026.jpg\"><\/a><script>cdmtrack_view(683);<\/script>\n<p>Det siger Torben Overgaard, K, formand for Thisted kommunes sundheds-, kultur- og fritidsudvalg, som p\u00e5 sit seneste m\u00f8de havde sagen om fremtiden for Sydthy Kur- og Sv\u00f8mmebad p\u00e5 dagsordenen.<\/p>\n<p>Sagen blev en &#8220;sag&#8221; for nu halvandet \u00e5r siden, da Ankestyrelsen vurderede, at kommunen drev kur- og sv\u00f8mmebadet i strid med kommunalfuldmagten. \u00c5rsagen var, at der blev udbudt flere aktiviteter, inklusive adgang til en caf\u00e9, end der var mulighed for indenfor reglerne.<\/p>\n<p>&#8211; I forhold til, hvad vi m\u00e5 eller ikke m\u00e5, s\u00e5 m\u00e5 vi ikke udbyde de aktiviteter, der er med til at g\u00f8re kurbadet til noget specielt, som l\u00e6nge kur- og sv\u00f8mmebadet er kommunalt, men vi m\u00e5 gerne drive det som et &#8220;almindeligt&#8221; sv\u00f8mmebad med offentlig adgang. S\u00e5dan er reglerne, men det er bare lidt \u00e6rgerligt, at det stedet s\u00e5 skal drives uden de tilbud, der har v\u00e6ret med til at g\u00f8re det til en attraktion. Ogs\u00e5 rent turistm\u00e6ssigt, siger Torben Overgaard.<\/p>\n<a class=\"dvrt-link\" onClick=\"cdmtrack_click(683,jQuery(this));return false\" href=\"https:\/\/vester-begr.dk\/?utm_source=google&amp;utm_medium=advative&amp;gad_source=1&amp;gclid=Cj0KCQjwtJ6_BhDWARIsAGanmKfl-hGVVjCYiOgSKoGoxrow4kvXybZsnruKJYTslvqZDywT6a9PCQwaAmBjEALw_wcB\"><img decoding=\"async\" style=\"width:100%;\" src=\"https:\/\/kunmedierne.dk\/thy\/wp-content\/uploads\/sites\/2\/2025\/03\/260203VesterHoukaer-02022026.jpg\"><\/a><script>cdmtrack_view(683);<\/script>\n<p>Men regler er regler, og derfor har udvalget taget ad notam, at der skal arbejdes for at drive kur- og sv\u00f8mmebadet videre i en udgave, hvor der ikke l\u00e6ngere tilbydes hverken entrepakker eller s\u00e6rlige arrangementer til g\u00e6sterne.<\/p>\n<p>&nbsp;<\/p>\n<p><strong>Andre muligheder i spil<\/strong><\/p>\n<p><span data-contrast=\"auto\">&#8211; Det vi skal er, at vi skal drive helt uden s\u00e5 godt vi kan indenfor de rammer, vi m\u00e5. Og det vil sige som et sv\u00f8mme- og kurbad, siger Torben Overgaard.<\/span><\/p>\n<p>Men for at fastholde muligheden af fortsat at komme med nogle af de tilbud, der ligger ud over en tur i sv\u00f8mmebadet, er det unders\u00f8gt, om det er muligt at bortforpagte den samlede caf\u00e9drift og behandlingstilbuddene i Sydthy Kur- og Sv\u00f8mmebad p\u00e5 markedsvilk\u00e5r.<\/p>\n<p>&#8211; Men det har der ikke v\u00e6ret interesse for, siger Torben Overgaard.<\/p>\n<p>Derfor har udvalget besluttet at unders\u00f8ge muligheden af at realisere en at to andre modeller:<\/p>\n<p>Den ene er at udleje Sydthy Kur- og Sv\u00f8mmebad, den anden er at s\u00f8ge kur- og sv\u00f8mmebadet solgt.<\/p>\n<p>&#8211; En mulighed er, at kommunen fortsat st\u00e5r som ejer af bygningerne, men lejer dem ud til en selvejende institution eller et driftsselskab, siger Torben Overgaard.<\/p>\n<a class=\"dvrt-link\" onClick=\"cdmtrack_click(683,jQuery(this));return false\" href=\"https:\/\/vester-begr.dk\/?utm_source=google&amp;utm_medium=advative&amp;gad_source=1&amp;gclid=Cj0KCQjwtJ6_BhDWARIsAGanmKfl-hGVVjCYiOgSKoGoxrow4kvXybZsnruKJYTslvqZDywT6a9PCQwaAmBjEALw_wcB\"><img decoding=\"async\" style=\"width:100%;\" src=\"https:\/\/kunmedierne.dk\/thy\/wp-content\/uploads\/sites\/2\/2025\/03\/260203VesterHoukaer-02022026.jpg\"><\/a><script>cdmtrack_view(683);<\/script>\n<p>Juridisk vurderes det at v\u00e6re muligt, men vurderingen fra en valuar er, \u201dat det ikke kan forventes, at nogen interessenter \u00f8nsker at leje hverken caf\u00e9er eller hele Sydthy Kur- og Sv\u00f8mmebad\u201d.<\/p>\n<p>&nbsp;<\/p>\n<p><strong>Mister det attraktive<\/strong><\/p>\n<p>Den tredje mulighed, et totalsalg af Sydthy Kur- og Sv\u00f8mmebad, vurderes ogs\u00e5 at v\u00e6re juridisk mulig, men ogs\u00e5 her rejser valuarens vurdering tvivl om det forretningsgrundlag for en potentiel k\u00f8ber.<\/p>\n<p>Dels er vurderingen, at det vil v\u00e6re &#8220;vanskeligt at lave en v\u00e6rdifasts\u00e6ttelse af ejendommen med udgangspunkt i kapitalisering af markedsniveau og -afkast\u201d, og at kur- og sv\u00f8mmebadets kontante handelsv\u00e6rdi ligger et sted mellem kr. 5.000.000 og kr. 10.000.000\u201d.<\/p>\n<p>Dels konstaterer valuaren, at \u201dder er generelt et vigende marked for salg af erhvervsejendomme i Nordvestjylland. Erhvervsejendomsmarkedet har gennem de seneste \u00e5r v\u00e6ret under pres, idet k\u00f8berne er nerv\u00f8se for fraflytning fra omr\u00e5det, udviklingen i lejeniveauer og salgspriser. Til en specialejendom som denne, vil k\u00f8berskaren v\u00e6re yderst begr\u00e6nset.\u201d<\/p>\n<a class=\"dvrt-link\" onClick=\"cdmtrack_click(1130,jQuery(this));return false\" href=\"https:\/\/www.thistedforsikring.dk\/?utm_source=partnerskaber&amp;utm_campaign=kun_thy\"><img decoding=\"async\" style=\"width:100%;\" src=\"https:\/\/kunmedierne.dk\/thy\/wp-content\/uploads\/sites\/2\/2025\/04\/260409KunThyThisted-For-1.png\"><\/a><script>cdmtrack_view(1130);<\/script>\n<p>&#8211; P\u00e5 trods af de tilkendegivelser mener udvalget, at det er v\u00e6rd at unders\u00f8ge om det er muligt at udleje eller at s\u00e6lge kur- og sv\u00f8mmebadet. Lykkes ingen af delene, st\u00e5r kommunen med et kur- og sv\u00f8mmebad, som ikke l\u00e6ngere m\u00e5 tilbyde de ekstraydelser og temapakker, der har gjort det til en attraktion, siger Torben Overgaard.<\/p>\n<p>Han tilf\u00f8jer, at hvis der kan findes en l\u00f8sning, som g\u00f8r det muligt at fastholde kur- og sv\u00f8mmebadets hidtidige vifte af tilbud, s\u00e5 ligger den et stykke ude i fremtiden.<\/p>\n<p>&#8211; S\u00e5 l\u00f8sningen er, at kommunens driver stedet videre, s\u00e5 godt det er muligt indenfor de rammer, vi m\u00e5, siger han.<\/p>\n","protected":false},"excerpt":{"rendered":"<p>HURUP: &#8211; Vi retter ind efter anvisningerne fra Ankestyrelsen. Personlig er jeg helt med p\u00e5, at drift af et kurbad ikke er en kommunal kerneopgave. Men samtidig undrer det mig, hvorfor det netop er Sydthy Kur- og Sv\u00f8mmebad, der er kommet i fokus. Jeg synes ikke, at nogle af de tilbud, der er her, adskiller [&hellip;]<\/p>\n","protected":false},"author":4535,"featured_media":0,"comment_status":"closed","ping_status":"closed","sticky":false,"template":"","format":"standard","meta":{"_acf_changed":false,"footnotes":""},"categories":[24],"tags":[67,47],"class_list":["post-5302","post","type-post","status-publish","format-standard","hentry","category-lokalt","tag-fritidstilbud","tag-sundhed"],"acf":[],"yoast_head":"<!-- This site is optimized with the Yoast SEO plugin v26.8 - https:\/\/yoast.com\/product\/yoast-seo-wordpress\/ -->\n<title>Pynten pilles af Sydthy Kur- og Sv\u00f8mmebad: Nu skal det drives bedst muligt uden s\u00e6rlige tilbud - Thy<\/title>\n<meta name=\"robots\" content=\"index, follow, max-snippet:-1, max-image-preview:large, max-video-preview:-1\" \/>\n<link rel=\"canonical\" href=\"https:\/\/kunmedierne.dk\/thy\/pynten-pilles-af-sydthy-kur-og-svoemmebad-nu-skal-det-drives-bedst-muligt-uden-saerlige-tilbud\/\" \/>\n<meta property=\"og:locale\" content=\"da_DK\" \/>\n<meta property=\"og:type\" content=\"article\" \/>\n<meta property=\"og:title\" content=\"Pynten pilles af Sydthy Kur- og Sv\u00f8mmebad: Nu skal det drives bedst muligt uden s\u00e6rlige tilbud - Thy\" \/>\n<meta property=\"og:description\" content=\"HURUP: &#8211; Vi retter ind efter anvisningerne fra Ankestyrelsen. Personlig er jeg helt med p\u00e5, at drift af et kurbad ikke er en kommunal kerneopgave. Men samtidig undrer det mig, hvorfor det netop er Sydthy Kur- og Sv\u00f8mmebad, der er kommet i fokus. Jeg synes ikke, at nogle af de tilbud, der er her, adskiller [&hellip;]\" \/>\n<meta property=\"og:url\" content=\"https:\/\/kunmedierne.dk\/thy\/pynten-pilles-af-sydthy-kur-og-svoemmebad-nu-skal-det-drives-bedst-muligt-uden-saerlige-tilbud\/\" \/>\n<meta property=\"og:site_name\" content=\"Thy\" \/>\n<meta property=\"article:published_time\" content=\"2025-06-16T13:07:17+00:00\" \/>\n<meta property=\"article:modified_time\" content=\"2025-06-16T13:07:55+00:00\" \/>\n<meta name=\"author\" content=\"Jens Fogh Andersen\" \/>\n<meta name=\"twitter:card\" content=\"summary_large_image\" \/>\n<meta name=\"twitter:label1\" content=\"Skrevet af\" \/>\n\t<meta name=\"twitter:data1\" content=\"Jens Fogh Andersen\" \/>\n\t<meta name=\"twitter:label2\" content=\"Estimeret l\u00e6setid\" \/>\n\t<meta name=\"twitter:data2\" content=\"4 minutter\" \/>\n<script type=\"application\/ld+json\" class=\"yoast-schema-graph\">{\"@context\":\"https:\/\/schema.org\",\"@graph\":[{\"@type\":\"Article\",\"@id\":\"https:\/\/kunmedierne.dk\/thy\/pynten-pilles-af-sydthy-kur-og-svoemmebad-nu-skal-det-drives-bedst-muligt-uden-saerlige-tilbud\/#article\",\"isPartOf\":{\"@id\":\"https:\/\/kunmedierne.dk\/thy\/pynten-pilles-af-sydthy-kur-og-svoemmebad-nu-skal-det-drives-bedst-muligt-uden-saerlige-tilbud\/\"},\"author\":{\"name\":\"Jens Fogh Andersen\",\"@id\":\"https:\/\/kunmedierne.dk\/thy\/#\/schema\/person\/88f5be46809ca2a5533760eb574fef93\"},\"headline\":\"Pynten pilles af Sydthy Kur- og Sv\u00f8mmebad: Nu skal det drives bedst muligt uden s\u00e6rlige tilbud\",\"datePublished\":\"2025-06-16T13:07:17+00:00\",\"dateModified\":\"2025-06-16T13:07:55+00:00\",\"mainEntityOfPage\":{\"@id\":\"https:\/\/kunmedierne.dk\/thy\/pynten-pilles-af-sydthy-kur-og-svoemmebad-nu-skal-det-drives-bedst-muligt-uden-saerlige-tilbud\/\"},\"wordCount\":749,\"publisher\":{\"@id\":\"https:\/\/kunmedierne.dk\/thy\/#organization\"},\"keywords\":[\"Fritidstilbud\",\"Sundhed\"],\"articleSection\":[\"Lokalt\"],\"inLanguage\":\"da-DK\"},{\"@type\":\"WebPage\",\"@id\":\"https:\/\/kunmedierne.dk\/thy\/pynten-pilles-af-sydthy-kur-og-svoemmebad-nu-skal-det-drives-bedst-muligt-uden-saerlige-tilbud\/\",\"url\":\"https:\/\/kunmedierne.dk\/thy\/pynten-pilles-af-sydthy-kur-og-svoemmebad-nu-skal-det-drives-bedst-muligt-uden-saerlige-tilbud\/\",\"name\":\"Pynten pilles af Sydthy Kur- og Sv\u00f8mmebad: Nu skal det drives bedst muligt uden s\u00e6rlige tilbud - Thy\",\"isPartOf\":{\"@id\":\"https:\/\/kunmedierne.dk\/thy\/#website\"},\"datePublished\":\"2025-06-16T13:07:17+00:00\",\"dateModified\":\"2025-06-16T13:07:55+00:00\",\"breadcrumb\":{\"@id\":\"https:\/\/kunmedierne.dk\/thy\/pynten-pilles-af-sydthy-kur-og-svoemmebad-nu-skal-det-drives-bedst-muligt-uden-saerlige-tilbud\/#breadcrumb\"},\"inLanguage\":\"da-DK\",\"potentialAction\":[{\"@type\":\"ReadAction\",\"target\":[\"https:\/\/kunmedierne.dk\/thy\/pynten-pilles-af-sydthy-kur-og-svoemmebad-nu-skal-det-drives-bedst-muligt-uden-saerlige-tilbud\/\"]}]},{\"@type\":\"BreadcrumbList\",\"@id\":\"https:\/\/kunmedierne.dk\/thy\/pynten-pilles-af-sydthy-kur-og-svoemmebad-nu-skal-det-drives-bedst-muligt-uden-saerlige-tilbud\/#breadcrumb\",\"itemListElement\":[{\"@type\":\"ListItem\",\"position\":1,\"name\":\"Home\",\"item\":\"https:\/\/kunmedierne.dk\/thy\/\"},{\"@type\":\"ListItem\",\"position\":2,\"name\":\"Pynten pilles af Sydthy Kur- og Sv\u00f8mmebad: Nu skal det drives bedst muligt uden s\u00e6rlige tilbud\"}]},{\"@type\":\"WebSite\",\"@id\":\"https:\/\/kunmedierne.dk\/thy\/#website\",\"url\":\"https:\/\/kunmedierne.dk\/thy\/\",\"name\":\"Thy\",\"description\":\"et netmedie med journalistik om livet i Thy\",\"publisher\":{\"@id\":\"https:\/\/kunmedierne.dk\/thy\/#organization\"},\"potentialAction\":[{\"@type\":\"SearchAction\",\"target\":{\"@type\":\"EntryPoint\",\"urlTemplate\":\"https:\/\/kunmedierne.dk\/thy\/?s={search_term_string}\"},\"query-input\":{\"@type\":\"PropertyValueSpecification\",\"valueRequired\":true,\"valueName\":\"search_term_string\"}}],\"inLanguage\":\"da-DK\"},{\"@type\":\"Organization\",\"@id\":\"https:\/\/kunmedierne.dk\/thy\/#organization\",\"name\":\"Thy\",\"url\":\"https:\/\/kunmedierne.dk\/thy\/\",\"logo\":{\"@type\":\"ImageObject\",\"inLanguage\":\"da-DK\",\"@id\":\"https:\/\/kunmedierne.dk\/thy\/#\/schema\/logo\/image\/\",\"url\":\"https:\/\/kunmedierne.dk\/thy\/wp-content\/uploads\/sites\/2\/2025\/04\/kunthy-logo.svg\",\"contentUrl\":\"https:\/\/kunmedierne.dk\/thy\/wp-content\/uploads\/sites\/2\/2025\/04\/kunthy-logo.svg\",\"caption\":\"Thy\"},\"image\":{\"@id\":\"https:\/\/kunmedierne.dk\/thy\/#\/schema\/logo\/image\/\"}},{\"@type\":\"Person\",\"@id\":\"https:\/\/kunmedierne.dk\/thy\/#\/schema\/person\/88f5be46809ca2a5533760eb574fef93\",\"name\":\"Jens Fogh Andersen\",\"image\":{\"@type\":\"ImageObject\",\"inLanguage\":\"da-DK\",\"@id\":\"https:\/\/kunmedierne.dk\/thy\/#\/schema\/person\/image\/\",\"url\":\"https:\/\/secure.gravatar.com\/avatar\/2b367a4ef139b1c41dccc9ee7af926b81f8b4cca3359772e86c7fd5ced26c0a3?s=96&d=mm&r=g\",\"contentUrl\":\"https:\/\/secure.gravatar.com\/avatar\/2b367a4ef139b1c41dccc9ee7af926b81f8b4cca3359772e86c7fd5ced26c0a3?s=96&d=mm&r=g\",\"caption\":\"Jens Fogh Andersen\"},\"url\":\"https:\/\/kunmedierne.dk\/thy\/author\/jfa\/\"}]}<\/script>\n<!-- \/ Yoast SEO plugin. -->","yoast_head_json":{"title":"Pynten pilles af Sydthy Kur- og Sv\u00f8mmebad: Nu skal det drives bedst muligt uden s\u00e6rlige tilbud - Thy","robots":{"index":"index","follow":"follow","max-snippet":"max-snippet:-1","max-image-preview":"max-image-preview:large","max-video-preview":"max-video-preview:-1"},"canonical":"https:\/\/kunmedierne.dk\/thy\/pynten-pilles-af-sydthy-kur-og-svoemmebad-nu-skal-det-drives-bedst-muligt-uden-saerlige-tilbud\/","og_locale":"da_DK","og_type":"article","og_title":"Pynten pilles af Sydthy Kur- og Sv\u00f8mmebad: Nu skal det drives bedst muligt uden s\u00e6rlige tilbud - Thy","og_description":"HURUP: &#8211; Vi retter ind efter anvisningerne fra Ankestyrelsen. Personlig er jeg helt med p\u00e5, at drift af et kurbad ikke er en kommunal kerneopgave. Men samtidig undrer det mig, hvorfor det netop er Sydthy Kur- og Sv\u00f8mmebad, der er kommet i fokus. Jeg synes ikke, at nogle af de tilbud, der er her, adskiller [&hellip;]","og_url":"https:\/\/kunmedierne.dk\/thy\/pynten-pilles-af-sydthy-kur-og-svoemmebad-nu-skal-det-drives-bedst-muligt-uden-saerlige-tilbud\/","og_site_name":"Thy","article_published_time":"2025-06-16T13:07:17+00:00","article_modified_time":"2025-06-16T13:07:55+00:00","author":"Jens Fogh Andersen","twitter_card":"summary_large_image","twitter_misc":{"Skrevet af":"Jens Fogh Andersen","Estimeret l\u00e6setid":"4 minutter"},"schema":{"@context":"https:\/\/schema.org","@graph":[{"@type":"Article","@id":"https:\/\/kunmedierne.dk\/thy\/pynten-pilles-af-sydthy-kur-og-svoemmebad-nu-skal-det-drives-bedst-muligt-uden-saerlige-tilbud\/#article","isPartOf":{"@id":"https:\/\/kunmedierne.dk\/thy\/pynten-pilles-af-sydthy-kur-og-svoemmebad-nu-skal-det-drives-bedst-muligt-uden-saerlige-tilbud\/"},"author":{"name":"Jens Fogh Andersen","@id":"https:\/\/kunmedierne.dk\/thy\/#\/schema\/person\/88f5be46809ca2a5533760eb574fef93"},"headline":"Pynten pilles af Sydthy Kur- og Sv\u00f8mmebad: Nu skal det drives bedst muligt uden s\u00e6rlige tilbud","datePublished":"2025-06-16T13:07:17+00:00","dateModified":"2025-06-16T13:07:55+00:00","mainEntityOfPage":{"@id":"https:\/\/kunmedierne.dk\/thy\/pynten-pilles-af-sydthy-kur-og-svoemmebad-nu-skal-det-drives-bedst-muligt-uden-saerlige-tilbud\/"},"wordCount":749,"publisher":{"@id":"https:\/\/kunmedierne.dk\/thy\/#organization"},"keywords":["Fritidstilbud","Sundhed"],"articleSection":["Lokalt"],"inLanguage":"da-DK"},{"@type":"WebPage","@id":"https:\/\/kunmedierne.dk\/thy\/pynten-pilles-af-sydthy-kur-og-svoemmebad-nu-skal-det-drives-bedst-muligt-uden-saerlige-tilbud\/","url":"https:\/\/kunmedierne.dk\/thy\/pynten-pilles-af-sydthy-kur-og-svoemmebad-nu-skal-det-drives-bedst-muligt-uden-saerlige-tilbud\/","name":"Pynten pilles af Sydthy Kur- og Sv\u00f8mmebad: Nu skal det drives bedst muligt uden s\u00e6rlige tilbud - Thy","isPartOf":{"@id":"https:\/\/kunmedierne.dk\/thy\/#website"},"datePublished":"2025-06-16T13:07:17+00:00","dateModified":"2025-06-16T13:07:55+00:00","breadcrumb":{"@id":"https:\/\/kunmedierne.dk\/thy\/pynten-pilles-af-sydthy-kur-og-svoemmebad-nu-skal-det-drives-bedst-muligt-uden-saerlige-tilbud\/#breadcrumb"},"inLanguage":"da-DK","potentialAction":[{"@type":"ReadAction","target":["https:\/\/kunmedierne.dk\/thy\/pynten-pilles-af-sydthy-kur-og-svoemmebad-nu-skal-det-drives-bedst-muligt-uden-saerlige-tilbud\/"]}]},{"@type":"BreadcrumbList","@id":"https:\/\/kunmedierne.dk\/thy\/pynten-pilles-af-sydthy-kur-og-svoemmebad-nu-skal-det-drives-bedst-muligt-uden-saerlige-tilbud\/#breadcrumb","itemListElement":[{"@type":"ListItem","position":1,"name":"Home","item":"https:\/\/kunmedierne.dk\/thy\/"},{"@type":"ListItem","position":2,"name":"Pynten pilles af Sydthy Kur- og Sv\u00f8mmebad: Nu skal det drives bedst muligt uden s\u00e6rlige tilbud"}]},{"@type":"WebSite","@id":"https:\/\/kunmedierne.dk\/thy\/#website","url":"https:\/\/kunmedierne.dk\/thy\/","name":"Thy","description":"et netmedie med journalistik om livet i Thy","publisher":{"@id":"https:\/\/kunmedierne.dk\/thy\/#organization"},"potentialAction":[{"@type":"SearchAction","target":{"@type":"EntryPoint","urlTemplate":"https:\/\/kunmedierne.dk\/thy\/?s={search_term_string}"},"query-input":{"@type":"PropertyValueSpecification","valueRequired":true,"valueName":"search_term_string"}}],"inLanguage":"da-DK"},{"@type":"Organization","@id":"https:\/\/kunmedierne.dk\/thy\/#organization","name":"Thy","url":"https:\/\/kunmedierne.dk\/thy\/","logo":{"@type":"ImageObject","inLanguage":"da-DK","@id":"https:\/\/kunmedierne.dk\/thy\/#\/schema\/logo\/image\/","url":"https:\/\/kunmedierne.dk\/thy\/wp-content\/uploads\/sites\/2\/2025\/04\/kunthy-logo.svg","contentUrl":"https:\/\/kunmedierne.dk\/thy\/wp-content\/uploads\/sites\/2\/2025\/04\/kunthy-logo.svg","caption":"Thy"},"image":{"@id":"https:\/\/kunmedierne.dk\/thy\/#\/schema\/logo\/image\/"}},{"@type":"Person","@id":"https:\/\/kunmedierne.dk\/thy\/#\/schema\/person\/88f5be46809ca2a5533760eb574fef93","name":"Jens Fogh Andersen","image":{"@type":"ImageObject","inLanguage":"da-DK","@id":"https:\/\/kunmedierne.dk\/thy\/#\/schema\/person\/image\/","url":"https:\/\/secure.gravatar.com\/avatar\/2b367a4ef139b1c41dccc9ee7af926b81f8b4cca3359772e86c7fd5ced26c0a3?s=96&d=mm&r=g","contentUrl":"https:\/\/secure.gravatar.com\/avatar\/2b367a4ef139b1c41dccc9ee7af926b81f8b4cca3359772e86c7fd5ced26c0a3?s=96&d=mm&r=g","caption":"Jens Fogh Andersen"},"url":"https:\/\/kunmedierne.dk\/thy\/author\/jfa\/"}]}},"_links":{"self":[{"href":"https:\/\/kunmedierne.dk\/thy\/wp-json\/wp\/v2\/posts\/5302","targetHints":{"allow":["GET"]}}],"collection":[{"href":"https:\/\/kunmedierne.dk\/thy\/wp-json\/wp\/v2\/posts"}],"about":[{"href":"https:\/\/kunmedierne.dk\/thy\/wp-json\/wp\/v2\/types\/post"}],"author":[{"embeddable":true,"href":"https:\/\/kunmedierne.dk\/thy\/wp-json\/wp\/v2\/users\/4535"}],"replies":[{"embeddable":true,"href":"https:\/\/kunmedierne.dk\/thy\/wp-json\/wp\/v2\/comments?post=5302"}],"version-history":[{"count":9,"href":"https:\/\/kunmedierne.dk\/thy\/wp-json\/wp\/v2\/posts\/5302\/revisions"}],"predecessor-version":[{"id":5336,"href":"https:\/\/kunmedierne.dk\/thy\/wp-json\/wp\/v2\/posts\/5302\/revisions\/5336"}],"wp:attachment":[{"href":"https:\/\/kunmedierne.dk\/thy\/wp-json\/wp\/v2\/media?parent=5302"}],"wp:term":[{"taxonomy":"category","embeddable":true,"href":"https:\/\/kunmedierne.dk\/thy\/wp-json\/wp\/v2\/categories?post=5302"},{"taxonomy":"post_tag","embeddable":true,"href":"https:\/\/kunmedierne.dk\/thy\/wp-json\/wp\/v2\/tags?post=5302"}],"curies":[{"name":"wp","href":"https:\/\/api.w.org\/{rel}","templated":true}]}}