{"id":5243,"date":"2025-06-29T11:17:56","date_gmt":"2025-06-29T09:17:56","guid":{"rendered":"https:\/\/kunmedierne.dk\/thy\/?p=5243"},"modified":"2025-06-27T16:19:10","modified_gmt":"2025-06-27T14:19:10","slug":"thy-projekt-saetter-ny-retning-ungeliv-uden-alkohol-og-roeg","status":"publish","type":"post","link":"https:\/\/kunmedierne.dk\/thy\/thy-projekt-saetter-ny-retning-ungeliv-uden-alkohol-og-roeg\/","title":{"rendered":"Thy-projekt s\u00e6tter ny retning: Ungeliv uden alkohol og r\u00f8g"},"content":{"rendered":"<p><strong>THISTED:<\/strong> &#8220;Alle de andre g\u00f8r det. S\u00e5 m\u00e5 jeg hellere g\u00f8re som de andre. Ogs\u00e5 selv om jeg ikke har lyst&#8221;.<\/p>\n<p>Den tanke er g\u00e5et gennem hovedet p\u00e5 mere end et ungt menneske i tidens l\u00f8b. Ofte med den konsekvens, at de g\u00f8r noget ud fra troen p\u00e5, at det g\u00f8r rigtig mange af deres j\u00e6vnaldrende ogs\u00e5, n\u00e5r det kommer til at drikke alkohol, ryge &#8211; b\u00e5de tobak, e-cigaretter og bruge puff bars.<\/p>\n<a class=\"dvrt-link\" onClick=\"cdmtrack_click(18790,jQuery(this));return false\" href=\"https:\/\/thymors.dk\/sponsorater\/15-til-faellesskabet?utm_source=kunthy&amp;utm_medium=annonce&amp;utm_campaign=sponsorater\"><img decoding=\"async\" style=\"width:100%;\" src=\"https:\/\/kunmedierne.dk\/thy\/wp-content\/uploads\/sites\/2\/2026\/03\/260407ThyMors-energi_faellesskab_generel-1.jpg\"><\/a><script>cdmtrack_view(18790);<\/script>\n<p>Nu er det bare s\u00e5dan, at kammeraterne ikke altid g\u00f8r, hvad man tror, de g\u00f8r, fort\u00e6ller Elise Rasmussen, programleder for Thisted Kommunes projekt &#8220;F\u00e6lles om ungelivet&#8221;.<\/p>\n<p>Projektet sigter mod at skabe et godt ungeliv, hvor rusmidler ikke fylder. Det fokuserer p\u00e5 det store flertal af unge, som har en helt almindelig adf\u00e6rd. Hvad der forst\u00e5s ved det, belyses med konkrete data ud fra et \u00f8nske om, at flere viser den samme adf\u00e6rd.<\/p>\n<p>&#8220;F\u00e6lles om ungelivet&#8221; vil underst\u00f8tte f\u00e6llesskaber for unge uden rusmidler, g\u00f8re det uden moralpr\u00e6dikener og l\u00f8ftede pegefingre, men ved at f\u00e5 de unges egne for\u00e6ldre til at deltage aktivt i at skabe nogle f\u00e6llesskaber, hvor unge kan m\u00f8des uden alkohol.<\/p>\n<p>&nbsp;<\/p>\n<p><strong>For\u00e6ldre viser vejen<\/strong><\/p>\n<p>For nogle uger siden var en gruppe for\u00e6ldre samlet til en pr\u00e6sentation af det nationale projekt samt ambitioner og tanker for projektet lokalt i Thy.<\/p>\n<p>Da m\u00f8det var slut, havde syv for\u00e6ldre sagt ja til at indg\u00e5 i en for\u00e6ldregruppe, som skal udvikle en model for, hvordan der kan skabes ungef\u00e6llesskaber, som s\u00e6tter andre rammer for at v\u00e6re sammen med j\u00e6vnaldrende, hvor det bare er sjovt at v\u00e6re sammen. Der m\u00e5 gerne v\u00e6re fest, der skal bare ikke v\u00e6re rusmidler.<\/p>\n<a class=\"dvrt-link\" onClick=\"cdmtrack_click(4416,jQuery(this));return false\" href=\"https:\/\/sdrhaa.dk\/\"><img decoding=\"async\" style=\"width:100%;\" src=\"https:\/\/kunmedierne.dk\/thy\/wp-content\/uploads\/sites\/2\/2025\/05\/260302Din-gebyrvenlige-sparekasse_SHS_Thy-1.gif\"><\/a><script>cdmtrack_view(4416);<\/script>\n<p>&#8211; Vi skal finde vores egen Thy-model, som ud over engagerede for\u00e6ldre ogs\u00e5 omfatter skoler, fagprofessionelle &#8211; og p\u00e5 sigt ogs\u00e5 kommunens idr\u00e6ts- og foreningsliv, siger Elise Rasmussen.<\/p>\n<p>Thisted er en blandt 15 danske kommuner, der sammen med Sundhedsstyrelsen frem mod 2027 skal lave en model for &#8220;F\u00e6lles om ungelivet&#8221;. Inspireret af en islandsk model til forebyggelse skal det vise, hvordan der kan skabes rammer om et ungeliv uden alkohol.<\/p>\n<p>&#8211; P\u00e5 Island havde de unge i slutningen af 1990&#8217;erne et af Europas h\u00f8jeste forbrug af alkohol. Det fik for\u00e6ldrene til at reagere og til at s\u00e6tte gr\u00e6nser for de unges alkoholforbrug. De engagerede sig og var med til at skabe nogle andre rammer for m\u00e5den de unge var sammen p\u00e5. Effekten var, at forbruget af rusmidler blandt de unge p\u00e5 Island faldt, siger Elise Rasmussen.<\/p>\n<p>I dag er det de danske unge, som holder den kedelige rekord som europ\u00e6iske storforbrugere af alkohol. Erfaringerne fra Island skal bruges til at lave det om.<\/p>\n<p>&nbsp;<\/p>\n<p><strong>P\u00e5 et oplyst grundlag<\/strong><\/p>\n<p>&#8211; Tingene skal \u00e6ndres p\u00e5 et oplyst grundlag. Vi g\u00e5r ikke l\u00e6ngere rundt og tror, vi ved, hvad de andre g\u00f8r. Vi ved faktisk hvad de g\u00f8r &#8211; og det er ikke altid det, vi tror, siger Elise Rasmussen.<\/p>\n<p>Det g\u00f8r hun blandt andet p\u00e5 baggrund af Thisted Kommunes egen ungeprofilunders\u00f8gelse fra 2024. Den bygger p\u00e5 1075 besvarelser fra elever i folkeskoles 7., 8. og 9. klasser samt p\u00e5 cirka 200 besvarelser fra unge p\u00e5 ungdomsuddannelserne i Thisted Kommune.<\/p>\n<p>&#8211; En af de ting, man fandt ud af p\u00e5 Island var, at det var vigtigt at have klare data om forbruget af rusmidler og holdningerne til det. Vores ungeprofilunders\u00f8gelse giver os et klart billede af, hvordan tingene ser ud her i kommunen, og den er et vigtigt redskab, n\u00e5r vi taler med b\u00e5de de unge og deres for\u00e6ldre, siger Elise Rasmussen.<\/p>\n<a class=\"dvrt-link\" onClick=\"cdmtrack_click(689,jQuery(this));return false\" href=\"https:\/\/www.thistedbolig.dk\"><img decoding=\"async\" style=\"width:100%;\" src=\"https:\/\/kunmedierne.dk\/thy\/wp-content\/uploads\/sites\/2\/2025\/03\/260414ThistedBoligApril-opslag-002-1.jpg\"><\/a><script>cdmtrack_view(689);<\/script>\n<p>Med afs\u00e6t i unders\u00f8gelsen bruger hun forbruget af puff bars og e-cigaretter til at illustrere, at det man tror andre g\u00f8r, ikke altid er et retvisende billede. Unders\u00f8gelsen viser, at fem procent af de unge dagligt bruger puff bars eller e-cigaretter, men den viser ogs\u00e5, at hele 85 procent af de unge tror, at mange flere j\u00e6vnaldrende g\u00f8r det.<\/p>\n<p>&#8211; Med tallene kan vi vise b\u00e5de de unge og for\u00e6ldrene, at det de tror, er normalt, ikke er s\u00e5 normalt, som de tror, siger Elise Rasmussen om det, der i unders\u00f8gelsen kaldes sociale overdrivelser og flertalsmisforst\u00e5elser.<\/p>\n<p>Her viser forskningen, at forestillingen om, hvad alle de andre g\u00f8r, kan udl\u00f8se en risikoadf\u00e6rd <span class=\"cf0\">eller medf\u00f8re, at unge \u00e6ndrer deres egne gr\u00e6nser og behov i fors\u00f8get p\u00e5 at v\u00e6re \u201dligesom alle andre\u201d. <\/span><\/p>\n<p><span class=\"cf0\">Et klassisk eksempel \u2013 s\u00e6rligt i teenage\u00e5rene \u2013 er brug af rusmidler. Her ses ofte et pludseligt behov for at begynde at drikke alkohol og et h\u00f8jt forbrug, netop fordi den unge tror, det er normen blandt j\u00e6vnaldrende. F\u00e6nomenet kaldes &#8220;flertalsmisforst\u00e5elser&#8221;. <\/span><\/p>\n<p>&nbsp;<\/p>\n<p><strong>De fleste er som alle de andre<\/strong><\/p>\n<p>&#8211; Jo tydeligere et billede, vi kan vise p\u00e5, hvad der er normalt, jo flere vil f\u00e5 forst\u00e5elsen for, at de ikke unormale, fordi de ikke ryger og drikker alkohol. Og et v\u00e6sentligt fokus for projekt &#8220;F\u00e6lles om ungelivet&#8221; er det store flertal af de unge, som bare er helt normale, siger Elise Rasmussen.<\/p>\n<p>&#8211; <!--StartFragment --><span class=\"cf0\">Vi vil gerne have en ny normal i Thy &#8211; hvor unge debuterer med alkohol senere og drikker mindre.<\/span><span class=\"cf0\"> Vi h\u00e5ber at kunne \u00e6ndre normalen ved at tilbyde flere rusfrie f\u00e6llesskaber, s\u00e5ledes at unge f\u00e5r en ny kultur, hvor f\u00e6llesskabet er i centrum for den gode fest. Ikke rusmidler.<\/span><!--EndFragment --><\/p>\n<p>Her er der brug for de unges for\u00e6ldre. For unders\u00f8gelsen viser ogs\u00e5, at flere unge i Thisted Kommune har en tidligere alkohol-debut end gennemsnittet af deres j\u00e6vnaldrende p\u00e5 landsplan &#8211; og at der er en forholdsvis h\u00f8j andel af for\u00e6ldre, der ser det som acceptabelt.<\/p>\n<p>&#8211; Med afs\u00e6t i tallene skal vi f\u00e5 en \u00f8get forst\u00e5else blandt for\u00e6ldrene af, at det er dem, der s\u00e6tter rammerne for, hvad de unge m\u00e5, at de er rollemodellerne og at de skal tale med deres unge. De vil rigtig gerne have nogle klare aftaler med deres for\u00e6ldre om, hvad de m\u00e5 og ikke m\u00e5, siger Elise Rasmussen.<\/p>\n<p><!--StartFragment --><\/p>\n<p><span class=\"cf0\">&#8211; Fraforskning ved vi, at dialog, tydelige holdninger og aftaler er forebyggende for unges brug af rusmidler, tilf\u00f8jer hun.<\/span><\/p>\n<p><!--EndFragment --><\/p>\n<a class=\"dvrt-link\" onClick=\"cdmtrack_click(4416,jQuery(this));return false\" href=\"https:\/\/sdrhaa.dk\/\"><img decoding=\"async\" style=\"width:100%;\" src=\"https:\/\/kunmedierne.dk\/thy\/wp-content\/uploads\/sites\/2\/2025\/05\/260302Din-gebyrvenlige-sparekasse_SHS_Thy-1.gif\"><\/a><script>cdmtrack_view(4416);<\/script>\n<p>Lige nu er de f\u00f8rste skridt taget til at s\u00e6tte den overordnede ramme for at skabe rusfrie f\u00e6llesskaber for alle unge i Thy og f\u00e5 en st\u00f8rre forst\u00e5else af, at alkohol ikke n\u00f8dvendigvis er en del af det at v\u00e6re sammen.<\/p>\n<p>&#8211; F\u00e6llesskabet og de ting, man laver sammen, skal v\u00e6re det fede. Vi skal rykke p\u00e5 vores forst\u00e5else af, hvad der er normalt og sammen skal vi skabe en bedre og sundere festkultur.<\/p>\n<p>Elise Rasmussen ser med fortr\u00f8stning p\u00e5 muligheden af at flytte tingene. Der er positive tal for unges trivsel og mentale sundhed i Thy, mange af dem deltager i de fritidsaktiviteter, de gerne vil, fordi det har v\u00e6rdi at v\u00e6re sammen med venner og have det sjovt, og s\u00e5 siger de unge selv, at de godt kan lide at v\u00e6re sammen med deres for\u00e6ldre og at de har tillid til dem.<\/p>\n<p>&nbsp;<\/p>\n<div id=\"attachment_5851\" style=\"width: 1242px\" class=\"wp-caption alignnone\"><img loading=\"lazy\" decoding=\"async\" aria-describedby=\"caption-attachment-5851\" class=\"wp-image-5851 size-full\" src=\"https:\/\/kunmedierne.dk\/thy\/wp-content\/uploads\/sites\/2\/2025\/06\/Design-uden-navn-2025-06-27T104714.498.jpg\" alt=\"\" width=\"1232\" height=\"821\" srcset=\"https:\/\/kunmedierne.dk\/thy\/wp-content\/uploads\/sites\/2\/2025\/06\/Design-uden-navn-2025-06-27T104714.498.jpg 1232w, https:\/\/kunmedierne.dk\/thy\/wp-content\/uploads\/sites\/2\/2025\/06\/Design-uden-navn-2025-06-27T104714.498-300x200.jpg 300w, https:\/\/kunmedierne.dk\/thy\/wp-content\/uploads\/sites\/2\/2025\/06\/Design-uden-navn-2025-06-27T104714.498-1024x682.jpg 1024w, https:\/\/kunmedierne.dk\/thy\/wp-content\/uploads\/sites\/2\/2025\/06\/Design-uden-navn-2025-06-27T104714.498-510x340.jpg 510w\" sizes=\"auto, (max-width: 1232px) 100vw, 1232px\" \/><p id=\"caption-attachment-5851\" class=\"wp-caption-text\">Vi skal f\u00e5 en \u00f8get forst\u00e5else blandt for\u00e6ldrene for, at de s\u00e6tter rammerne for, hvad de unge m\u00e5, at de er rollemodellerne og at de skal tale med deres unge, siger Elise Rasmussen. Foto: Jens Fogh-Andersen<\/p><\/div>\n<p>&nbsp;<\/p>\n<div id=\"attachment_5884\" style=\"width: 1242px\" class=\"wp-caption alignnone\"><img loading=\"lazy\" decoding=\"async\" aria-describedby=\"caption-attachment-5884\" class=\"wp-image-5884 size-full\" src=\"https:\/\/kunmedierne.dk\/thy\/wp-content\/uploads\/sites\/2\/2025\/06\/Design-uden-navn-2025-06-27T160908.026.jpg\" alt=\"\" width=\"1232\" height=\"821\" srcset=\"https:\/\/kunmedierne.dk\/thy\/wp-content\/uploads\/sites\/2\/2025\/06\/Design-uden-navn-2025-06-27T160908.026.jpg 1232w, https:\/\/kunmedierne.dk\/thy\/wp-content\/uploads\/sites\/2\/2025\/06\/Design-uden-navn-2025-06-27T160908.026-300x200.jpg 300w, https:\/\/kunmedierne.dk\/thy\/wp-content\/uploads\/sites\/2\/2025\/06\/Design-uden-navn-2025-06-27T160908.026-1024x682.jpg 1024w, https:\/\/kunmedierne.dk\/thy\/wp-content\/uploads\/sites\/2\/2025\/06\/Design-uden-navn-2025-06-27T160908.026-510x340.jpg 510w\" sizes=\"auto, (max-width: 1232px) 100vw, 1232px\" \/><p id=\"caption-attachment-5884\" class=\"wp-caption-text\">For\u00e6ldregruppen har f\u00e5et sit eget logo.<\/p><\/div>\n","protected":false},"excerpt":{"rendered":"<p>THISTED: &#8220;Alle de andre g\u00f8r det. S\u00e5 m\u00e5 jeg hellere g\u00f8re som de andre. Ogs\u00e5 selv om jeg ikke har lyst&#8221;. Den tanke er g\u00e5et gennem hovedet p\u00e5 mere end et ungt menneske i tidens l\u00f8b. Ofte med den konsekvens, at de g\u00f8r noget ud fra troen p\u00e5, at det g\u00f8r rigtig mange af deres [&hellip;]<\/p>\n","protected":false},"author":4535,"featured_media":0,"comment_status":"closed","ping_status":"closed","sticky":false,"template":"","format":"standard","meta":{"_acf_changed":false,"footnotes":""},"categories":[24],"tags":[38,47],"class_list":["post-5243","post","type-post","status-publish","format-standard","hentry","category-lokalt","tag-mennesker","tag-sundhed"],"acf":[],"yoast_head":"<!-- This site is optimized with the Yoast SEO plugin v26.8 - https:\/\/yoast.com\/product\/yoast-seo-wordpress\/ -->\n<title>Thy-projekt s\u00e6tter ny retning: Ungeliv uden alkohol og r\u00f8g - Thy<\/title>\n<meta name=\"robots\" content=\"index, follow, max-snippet:-1, max-image-preview:large, max-video-preview:-1\" \/>\n<link rel=\"canonical\" href=\"https:\/\/kunmedierne.dk\/thy\/thy-projekt-saetter-ny-retning-ungeliv-uden-alkohol-og-roeg\/\" \/>\n<meta property=\"og:locale\" content=\"da_DK\" \/>\n<meta property=\"og:type\" content=\"article\" \/>\n<meta property=\"og:title\" content=\"Thy-projekt s\u00e6tter ny retning: Ungeliv uden alkohol og r\u00f8g - Thy\" \/>\n<meta property=\"og:description\" content=\"THISTED: &#8220;Alle de andre g\u00f8r det. S\u00e5 m\u00e5 jeg hellere g\u00f8re som de andre. Ogs\u00e5 selv om jeg ikke har lyst&#8221;. Den tanke er g\u00e5et gennem hovedet p\u00e5 mere end et ungt menneske i tidens l\u00f8b. Ofte med den konsekvens, at de g\u00f8r noget ud fra troen p\u00e5, at det g\u00f8r rigtig mange af deres [&hellip;]\" \/>\n<meta property=\"og:url\" content=\"https:\/\/kunmedierne.dk\/thy\/thy-projekt-saetter-ny-retning-ungeliv-uden-alkohol-og-roeg\/\" \/>\n<meta property=\"og:site_name\" content=\"Thy\" \/>\n<meta property=\"article:published_time\" content=\"2025-06-29T09:17:56+00:00\" \/>\n<meta property=\"og:image\" content=\"https:\/\/kunmedierne.dk\/thy\/wp-content\/uploads\/sites\/2\/2025\/06\/Design-uden-navn-2025-06-27T104714.498.jpg\" \/>\n<meta name=\"author\" content=\"Jens Fogh Andersen\" \/>\n<meta name=\"twitter:card\" content=\"summary_large_image\" \/>\n<meta name=\"twitter:label1\" content=\"Skrevet af\" \/>\n\t<meta name=\"twitter:data1\" content=\"Jens Fogh Andersen\" \/>\n\t<meta name=\"twitter:label2\" content=\"Estimeret l\u00e6setid\" \/>\n\t<meta name=\"twitter:data2\" content=\"7 minutter\" \/>\n<script type=\"application\/ld+json\" class=\"yoast-schema-graph\">{\"@context\":\"https:\/\/schema.org\",\"@graph\":[{\"@type\":\"Article\",\"@id\":\"https:\/\/kunmedierne.dk\/thy\/thy-projekt-saetter-ny-retning-ungeliv-uden-alkohol-og-roeg\/#article\",\"isPartOf\":{\"@id\":\"https:\/\/kunmedierne.dk\/thy\/thy-projekt-saetter-ny-retning-ungeliv-uden-alkohol-og-roeg\/\"},\"author\":{\"name\":\"Jens Fogh Andersen\",\"@id\":\"https:\/\/kunmedierne.dk\/thy\/#\/schema\/person\/88f5be46809ca2a5533760eb574fef93\"},\"headline\":\"Thy-projekt s\u00e6tter ny retning: Ungeliv uden alkohol og r\u00f8g\",\"datePublished\":\"2025-06-29T09:17:56+00:00\",\"mainEntityOfPage\":{\"@id\":\"https:\/\/kunmedierne.dk\/thy\/thy-projekt-saetter-ny-retning-ungeliv-uden-alkohol-og-roeg\/\"},\"wordCount\":1313,\"publisher\":{\"@id\":\"https:\/\/kunmedierne.dk\/thy\/#organization\"},\"image\":{\"@id\":\"https:\/\/kunmedierne.dk\/thy\/thy-projekt-saetter-ny-retning-ungeliv-uden-alkohol-og-roeg\/#primaryimage\"},\"thumbnailUrl\":\"https:\/\/kunmedierne.dk\/thy\/wp-content\/uploads\/sites\/2\/2025\/06\/Design-uden-navn-2025-06-27T104714.498.jpg\",\"keywords\":[\"Mennesker\",\"Sundhed\"],\"articleSection\":[\"Lokalt\"],\"inLanguage\":\"da-DK\"},{\"@type\":\"WebPage\",\"@id\":\"https:\/\/kunmedierne.dk\/thy\/thy-projekt-saetter-ny-retning-ungeliv-uden-alkohol-og-roeg\/\",\"url\":\"https:\/\/kunmedierne.dk\/thy\/thy-projekt-saetter-ny-retning-ungeliv-uden-alkohol-og-roeg\/\",\"name\":\"Thy-projekt s\u00e6tter ny retning: Ungeliv uden alkohol og r\u00f8g - Thy\",\"isPartOf\":{\"@id\":\"https:\/\/kunmedierne.dk\/thy\/#website\"},\"primaryImageOfPage\":{\"@id\":\"https:\/\/kunmedierne.dk\/thy\/thy-projekt-saetter-ny-retning-ungeliv-uden-alkohol-og-roeg\/#primaryimage\"},\"image\":{\"@id\":\"https:\/\/kunmedierne.dk\/thy\/thy-projekt-saetter-ny-retning-ungeliv-uden-alkohol-og-roeg\/#primaryimage\"},\"thumbnailUrl\":\"https:\/\/kunmedierne.dk\/thy\/wp-content\/uploads\/sites\/2\/2025\/06\/Design-uden-navn-2025-06-27T104714.498.jpg\",\"datePublished\":\"2025-06-29T09:17:56+00:00\",\"breadcrumb\":{\"@id\":\"https:\/\/kunmedierne.dk\/thy\/thy-projekt-saetter-ny-retning-ungeliv-uden-alkohol-og-roeg\/#breadcrumb\"},\"inLanguage\":\"da-DK\",\"potentialAction\":[{\"@type\":\"ReadAction\",\"target\":[\"https:\/\/kunmedierne.dk\/thy\/thy-projekt-saetter-ny-retning-ungeliv-uden-alkohol-og-roeg\/\"]}]},{\"@type\":\"ImageObject\",\"inLanguage\":\"da-DK\",\"@id\":\"https:\/\/kunmedierne.dk\/thy\/thy-projekt-saetter-ny-retning-ungeliv-uden-alkohol-og-roeg\/#primaryimage\",\"url\":\"https:\/\/kunmedierne.dk\/thy\/wp-content\/uploads\/sites\/2\/2025\/06\/Design-uden-navn-2025-06-27T104714.498.jpg\",\"contentUrl\":\"https:\/\/kunmedierne.dk\/thy\/wp-content\/uploads\/sites\/2\/2025\/06\/Design-uden-navn-2025-06-27T104714.498.jpg\",\"width\":1232,\"height\":821},{\"@type\":\"BreadcrumbList\",\"@id\":\"https:\/\/kunmedierne.dk\/thy\/thy-projekt-saetter-ny-retning-ungeliv-uden-alkohol-og-roeg\/#breadcrumb\",\"itemListElement\":[{\"@type\":\"ListItem\",\"position\":1,\"name\":\"Home\",\"item\":\"https:\/\/kunmedierne.dk\/thy\/\"},{\"@type\":\"ListItem\",\"position\":2,\"name\":\"Thy-projekt s\u00e6tter ny retning: Ungeliv uden alkohol og r\u00f8g\"}]},{\"@type\":\"WebSite\",\"@id\":\"https:\/\/kunmedierne.dk\/thy\/#website\",\"url\":\"https:\/\/kunmedierne.dk\/thy\/\",\"name\":\"Thy\",\"description\":\"et netmedie med journalistik om livet i Thy\",\"publisher\":{\"@id\":\"https:\/\/kunmedierne.dk\/thy\/#organization\"},\"potentialAction\":[{\"@type\":\"SearchAction\",\"target\":{\"@type\":\"EntryPoint\",\"urlTemplate\":\"https:\/\/kunmedierne.dk\/thy\/?s={search_term_string}\"},\"query-input\":{\"@type\":\"PropertyValueSpecification\",\"valueRequired\":true,\"valueName\":\"search_term_string\"}}],\"inLanguage\":\"da-DK\"},{\"@type\":\"Organization\",\"@id\":\"https:\/\/kunmedierne.dk\/thy\/#organization\",\"name\":\"Thy\",\"url\":\"https:\/\/kunmedierne.dk\/thy\/\",\"logo\":{\"@type\":\"ImageObject\",\"inLanguage\":\"da-DK\",\"@id\":\"https:\/\/kunmedierne.dk\/thy\/#\/schema\/logo\/image\/\",\"url\":\"https:\/\/kunmedierne.dk\/thy\/wp-content\/uploads\/sites\/2\/2025\/04\/kunthy-logo.svg\",\"contentUrl\":\"https:\/\/kunmedierne.dk\/thy\/wp-content\/uploads\/sites\/2\/2025\/04\/kunthy-logo.svg\",\"caption\":\"Thy\"},\"image\":{\"@id\":\"https:\/\/kunmedierne.dk\/thy\/#\/schema\/logo\/image\/\"}},{\"@type\":\"Person\",\"@id\":\"https:\/\/kunmedierne.dk\/thy\/#\/schema\/person\/88f5be46809ca2a5533760eb574fef93\",\"name\":\"Jens Fogh Andersen\",\"image\":{\"@type\":\"ImageObject\",\"inLanguage\":\"da-DK\",\"@id\":\"https:\/\/kunmedierne.dk\/thy\/#\/schema\/person\/image\/\",\"url\":\"https:\/\/secure.gravatar.com\/avatar\/2b367a4ef139b1c41dccc9ee7af926b81f8b4cca3359772e86c7fd5ced26c0a3?s=96&d=mm&r=g\",\"contentUrl\":\"https:\/\/secure.gravatar.com\/avatar\/2b367a4ef139b1c41dccc9ee7af926b81f8b4cca3359772e86c7fd5ced26c0a3?s=96&d=mm&r=g\",\"caption\":\"Jens Fogh Andersen\"},\"url\":\"https:\/\/kunmedierne.dk\/thy\/author\/jfa\/\"}]}<\/script>\n<!-- \/ Yoast SEO plugin. -->","yoast_head_json":{"title":"Thy-projekt s\u00e6tter ny retning: Ungeliv uden alkohol og r\u00f8g - Thy","robots":{"index":"index","follow":"follow","max-snippet":"max-snippet:-1","max-image-preview":"max-image-preview:large","max-video-preview":"max-video-preview:-1"},"canonical":"https:\/\/kunmedierne.dk\/thy\/thy-projekt-saetter-ny-retning-ungeliv-uden-alkohol-og-roeg\/","og_locale":"da_DK","og_type":"article","og_title":"Thy-projekt s\u00e6tter ny retning: Ungeliv uden alkohol og r\u00f8g - Thy","og_description":"THISTED: &#8220;Alle de andre g\u00f8r det. S\u00e5 m\u00e5 jeg hellere g\u00f8re som de andre. Ogs\u00e5 selv om jeg ikke har lyst&#8221;. Den tanke er g\u00e5et gennem hovedet p\u00e5 mere end et ungt menneske i tidens l\u00f8b. Ofte med den konsekvens, at de g\u00f8r noget ud fra troen p\u00e5, at det g\u00f8r rigtig mange af deres [&hellip;]","og_url":"https:\/\/kunmedierne.dk\/thy\/thy-projekt-saetter-ny-retning-ungeliv-uden-alkohol-og-roeg\/","og_site_name":"Thy","article_published_time":"2025-06-29T09:17:56+00:00","og_image":[{"url":"https:\/\/kunmedierne.dk\/thy\/wp-content\/uploads\/sites\/2\/2025\/06\/Design-uden-navn-2025-06-27T104714.498.jpg","type":"","width":"","height":""}],"author":"Jens Fogh Andersen","twitter_card":"summary_large_image","twitter_misc":{"Skrevet af":"Jens Fogh Andersen","Estimeret l\u00e6setid":"7 minutter"},"schema":{"@context":"https:\/\/schema.org","@graph":[{"@type":"Article","@id":"https:\/\/kunmedierne.dk\/thy\/thy-projekt-saetter-ny-retning-ungeliv-uden-alkohol-og-roeg\/#article","isPartOf":{"@id":"https:\/\/kunmedierne.dk\/thy\/thy-projekt-saetter-ny-retning-ungeliv-uden-alkohol-og-roeg\/"},"author":{"name":"Jens Fogh Andersen","@id":"https:\/\/kunmedierne.dk\/thy\/#\/schema\/person\/88f5be46809ca2a5533760eb574fef93"},"headline":"Thy-projekt s\u00e6tter ny retning: Ungeliv uden alkohol og r\u00f8g","datePublished":"2025-06-29T09:17:56+00:00","mainEntityOfPage":{"@id":"https:\/\/kunmedierne.dk\/thy\/thy-projekt-saetter-ny-retning-ungeliv-uden-alkohol-og-roeg\/"},"wordCount":1313,"publisher":{"@id":"https:\/\/kunmedierne.dk\/thy\/#organization"},"image":{"@id":"https:\/\/kunmedierne.dk\/thy\/thy-projekt-saetter-ny-retning-ungeliv-uden-alkohol-og-roeg\/#primaryimage"},"thumbnailUrl":"https:\/\/kunmedierne.dk\/thy\/wp-content\/uploads\/sites\/2\/2025\/06\/Design-uden-navn-2025-06-27T104714.498.jpg","keywords":["Mennesker","Sundhed"],"articleSection":["Lokalt"],"inLanguage":"da-DK"},{"@type":"WebPage","@id":"https:\/\/kunmedierne.dk\/thy\/thy-projekt-saetter-ny-retning-ungeliv-uden-alkohol-og-roeg\/","url":"https:\/\/kunmedierne.dk\/thy\/thy-projekt-saetter-ny-retning-ungeliv-uden-alkohol-og-roeg\/","name":"Thy-projekt s\u00e6tter ny retning: Ungeliv uden alkohol og r\u00f8g - Thy","isPartOf":{"@id":"https:\/\/kunmedierne.dk\/thy\/#website"},"primaryImageOfPage":{"@id":"https:\/\/kunmedierne.dk\/thy\/thy-projekt-saetter-ny-retning-ungeliv-uden-alkohol-og-roeg\/#primaryimage"},"image":{"@id":"https:\/\/kunmedierne.dk\/thy\/thy-projekt-saetter-ny-retning-ungeliv-uden-alkohol-og-roeg\/#primaryimage"},"thumbnailUrl":"https:\/\/kunmedierne.dk\/thy\/wp-content\/uploads\/sites\/2\/2025\/06\/Design-uden-navn-2025-06-27T104714.498.jpg","datePublished":"2025-06-29T09:17:56+00:00","breadcrumb":{"@id":"https:\/\/kunmedierne.dk\/thy\/thy-projekt-saetter-ny-retning-ungeliv-uden-alkohol-og-roeg\/#breadcrumb"},"inLanguage":"da-DK","potentialAction":[{"@type":"ReadAction","target":["https:\/\/kunmedierne.dk\/thy\/thy-projekt-saetter-ny-retning-ungeliv-uden-alkohol-og-roeg\/"]}]},{"@type":"ImageObject","inLanguage":"da-DK","@id":"https:\/\/kunmedierne.dk\/thy\/thy-projekt-saetter-ny-retning-ungeliv-uden-alkohol-og-roeg\/#primaryimage","url":"https:\/\/kunmedierne.dk\/thy\/wp-content\/uploads\/sites\/2\/2025\/06\/Design-uden-navn-2025-06-27T104714.498.jpg","contentUrl":"https:\/\/kunmedierne.dk\/thy\/wp-content\/uploads\/sites\/2\/2025\/06\/Design-uden-navn-2025-06-27T104714.498.jpg","width":1232,"height":821},{"@type":"BreadcrumbList","@id":"https:\/\/kunmedierne.dk\/thy\/thy-projekt-saetter-ny-retning-ungeliv-uden-alkohol-og-roeg\/#breadcrumb","itemListElement":[{"@type":"ListItem","position":1,"name":"Home","item":"https:\/\/kunmedierne.dk\/thy\/"},{"@type":"ListItem","position":2,"name":"Thy-projekt s\u00e6tter ny retning: Ungeliv uden alkohol og r\u00f8g"}]},{"@type":"WebSite","@id":"https:\/\/kunmedierne.dk\/thy\/#website","url":"https:\/\/kunmedierne.dk\/thy\/","name":"Thy","description":"et netmedie med journalistik om livet i Thy","publisher":{"@id":"https:\/\/kunmedierne.dk\/thy\/#organization"},"potentialAction":[{"@type":"SearchAction","target":{"@type":"EntryPoint","urlTemplate":"https:\/\/kunmedierne.dk\/thy\/?s={search_term_string}"},"query-input":{"@type":"PropertyValueSpecification","valueRequired":true,"valueName":"search_term_string"}}],"inLanguage":"da-DK"},{"@type":"Organization","@id":"https:\/\/kunmedierne.dk\/thy\/#organization","name":"Thy","url":"https:\/\/kunmedierne.dk\/thy\/","logo":{"@type":"ImageObject","inLanguage":"da-DK","@id":"https:\/\/kunmedierne.dk\/thy\/#\/schema\/logo\/image\/","url":"https:\/\/kunmedierne.dk\/thy\/wp-content\/uploads\/sites\/2\/2025\/04\/kunthy-logo.svg","contentUrl":"https:\/\/kunmedierne.dk\/thy\/wp-content\/uploads\/sites\/2\/2025\/04\/kunthy-logo.svg","caption":"Thy"},"image":{"@id":"https:\/\/kunmedierne.dk\/thy\/#\/schema\/logo\/image\/"}},{"@type":"Person","@id":"https:\/\/kunmedierne.dk\/thy\/#\/schema\/person\/88f5be46809ca2a5533760eb574fef93","name":"Jens Fogh Andersen","image":{"@type":"ImageObject","inLanguage":"da-DK","@id":"https:\/\/kunmedierne.dk\/thy\/#\/schema\/person\/image\/","url":"https:\/\/secure.gravatar.com\/avatar\/2b367a4ef139b1c41dccc9ee7af926b81f8b4cca3359772e86c7fd5ced26c0a3?s=96&d=mm&r=g","contentUrl":"https:\/\/secure.gravatar.com\/avatar\/2b367a4ef139b1c41dccc9ee7af926b81f8b4cca3359772e86c7fd5ced26c0a3?s=96&d=mm&r=g","caption":"Jens Fogh Andersen"},"url":"https:\/\/kunmedierne.dk\/thy\/author\/jfa\/"}]}},"_links":{"self":[{"href":"https:\/\/kunmedierne.dk\/thy\/wp-json\/wp\/v2\/posts\/5243","targetHints":{"allow":["GET"]}}],"collection":[{"href":"https:\/\/kunmedierne.dk\/thy\/wp-json\/wp\/v2\/posts"}],"about":[{"href":"https:\/\/kunmedierne.dk\/thy\/wp-json\/wp\/v2\/types\/post"}],"author":[{"embeddable":true,"href":"https:\/\/kunmedierne.dk\/thy\/wp-json\/wp\/v2\/users\/4535"}],"replies":[{"embeddable":true,"href":"https:\/\/kunmedierne.dk\/thy\/wp-json\/wp\/v2\/comments?post=5243"}],"version-history":[{"count":15,"href":"https:\/\/kunmedierne.dk\/thy\/wp-json\/wp\/v2\/posts\/5243\/revisions"}],"predecessor-version":[{"id":5886,"href":"https:\/\/kunmedierne.dk\/thy\/wp-json\/wp\/v2\/posts\/5243\/revisions\/5886"}],"wp:attachment":[{"href":"https:\/\/kunmedierne.dk\/thy\/wp-json\/wp\/v2\/media?parent=5243"}],"wp:term":[{"taxonomy":"category","embeddable":true,"href":"https:\/\/kunmedierne.dk\/thy\/wp-json\/wp\/v2\/categories?post=5243"},{"taxonomy":"post_tag","embeddable":true,"href":"https:\/\/kunmedierne.dk\/thy\/wp-json\/wp\/v2\/tags?post=5243"}],"curies":[{"name":"wp","href":"https:\/\/api.w.org\/{rel}","templated":true}]}}