{"id":5085,"date":"2025-06-11T06:34:06","date_gmt":"2025-06-11T04:34:06","guid":{"rendered":"https:\/\/kunmedierne.dk\/thy\/?p=5085"},"modified":"2025-06-10T20:36:20","modified_gmt":"2025-06-10T18:36:20","slug":"kristianslyst-arbejder-paa-hoejtryk-efter-skarp-kritik-det-er-selvfoelgelig-super-aergerligt","status":"publish","type":"post","link":"https:\/\/kunmedierne.dk\/thy\/kristianslyst-arbejder-paa-hoejtryk-efter-skarp-kritik-det-er-selvfoelgelig-super-aergerligt\/","title":{"rendered":"Kristianslyst arbejder p\u00e5 h\u00f8jtryk efter skarp kritik: &#8220;Det er selvf\u00f8lgelig super \u00e6rgerligt&#8221;\u00a0"},"content":{"rendered":"<p><span data-contrast=\"auto\"><strong>THY:<\/strong> Den 4. juni udstedte Styrelsen for Patientsikkerhed et p\u00e5bud til Kristianslyst Plejecenter i Thisted Kommune. Styrelsen konkluderede, at der var tale om problemer, som \u201cudg\u00f8r en betydelig risiko for patientsikkerheden\u201d.<\/span><span data-ccp-props=\"{&quot;134233117&quot;:false,&quot;134233118&quot;:false,&quot;335551550&quot;:0,&quot;335551620&quot;:0,&quot;335559738&quot;:240,&quot;335559739&quot;:240}\">\u00a0<\/span><\/p>\n<a class=\"dvrt-link\" onClick=\"cdmtrack_click(689,jQuery(this));return false\" href=\"https:\/\/www.thistedbolig.dk\"><img decoding=\"async\" style=\"width:100%;\" src=\"https:\/\/kunmedierne.dk\/thy\/wp-content\/uploads\/sites\/2\/2025\/03\/260414ThistedBoligApril-opslag-002-1.jpg\"><\/a><script>cdmtrack_view(689);<\/script>\n<p><span data-contrast=\"auto\">Kritikken g\u00e5r is\u00e6r p\u00e5 manglende sundhedsfaglige vurderinger og journalf\u00f8ring. Eksempelvis havde en patient med gentagne tilf\u00e6lde af lavt blodsukker f\u00e5et smertestillende uden efterf\u00f8lgende opf\u00f8lgning, selvom patienten klagede over hovedpine og tr\u00e6thed. Et andet eksempel handlede om en patient med bl\u00f8dning og nedsunken underliv, hvor der manglede b\u00e5de vurdering og handleplan.<\/span><span data-ccp-props=\"{&quot;134233117&quot;:false,&quot;134233118&quot;:false,&quot;335551550&quot;:0,&quot;335551620&quot;:0,&quot;335559738&quot;:240,&quot;335559739&quot;:240}\">\u00a0<\/span><\/p>\n<p>&nbsp;<\/p>\n<p><b><span data-contrast=\"auto\">R\u00e5b p\u00e5 m\u00f8rke gange<\/span><\/b><span data-ccp-props=\"{&quot;134233117&quot;:false,&quot;134233118&quot;:false,&quot;335551550&quot;:0,&quot;335551620&quot;:0,&quot;335559738&quot;:0,&quot;335559739&quot;:240}\">\u00a0<\/span><\/p>\n<p><span data-contrast=\"auto\">KunThy har v\u00e6ret i kontakt med flere p\u00e5r\u00f8rende, der fort\u00e6ller om det, de kalder omsorgssvigt. Vi har f\u00e5et historier om r\u00e5b p\u00e5 m\u00f8rke gange, om brugte bleer, der bliver efterladt p\u00e5 gulvet hos beboerne, og om personale, der forsvinder og ikke kommer, selvom man r\u00e5ber efter dem. De kilder, vi har talt med, har ikke \u00f8nsket at st\u00e5 frem med navne, men vi har f\u00e5et bekr\u00e6ftet, at der er flere forhold p\u00e5 Kristianslyst, der ikke fungerer, som de skal.<\/span><span data-ccp-props=\"{&quot;134233117&quot;:false,&quot;134233118&quot;:false,&quot;335551550&quot;:0,&quot;335551620&quot;:0,&quot;335559738&quot;:240,&quot;335559739&quot;:240}\">\u00a0<\/span><\/p>\n<p><span data-contrast=\"auto\">KunThy har kontaktet ledelsen p\u00e5 Kristianslyst, men de \u00f8nsker ikke at stille op til interview. De henviser i stedet til Anne Fink, chef for \u00c6ldre og Tr\u00e6ning i Thisted Kommune. Hun kalder situationen \u201c\u00e6rgerlig\u201d:<\/span><span data-ccp-props=\"{&quot;134233117&quot;:false,&quot;134233118&quot;:false,&quot;335551550&quot;:0,&quot;335551620&quot;:0,&quot;335559738&quot;:240,&quot;335559739&quot;:240}\">\u00a0<\/span><\/p>\n<p><span data-contrast=\"auto\">\u2013 Vi g\u00f8r jo en masse for, at vores dokumentation skal v\u00e6re i orden, og n\u00e5r den s\u00e5 ikke er i orden, s\u00e5 er det klart, at vi skal have rettet op p\u00e5 det, siger Anne Fink.<\/span><span data-ccp-props=\"{&quot;134233117&quot;:false,&quot;134233118&quot;:false,&quot;335551550&quot;:0,&quot;335551620&quot;:0,&quot;335559738&quot;:240,&quot;335559739&quot;:240}\">\u00a0<\/span><\/p>\n<p>&nbsp;<\/p>\n<p><strong>Fejl i dokumentationen \u2013 ikke i plejen\u00a0<\/strong><\/p>\n<p><span data-contrast=\"auto\">Trods de beretninger vi har f\u00e5et p\u00e5 KunThy, s\u00e5 understreger chef for \u00c6ldre og Tr\u00e6ning i Thisted Kommune, Anne Fink, at der ikke er tale om svigt i selve plejen, men om fejl i dokumentationen:<\/span><span data-ccp-props=\"{&quot;134233117&quot;:false,&quot;134233118&quot;:false,&quot;335551550&quot;:0,&quot;335551620&quot;:0,&quot;335559738&quot;:240,&quot;335559739&quot;:240}\">\u00a0<\/span><\/p>\n<p><span data-contrast=\"auto\">\u2013 Personalet har nok v\u00e6ret rigtig gode til at tale om tingene, men ikke dygtige nok til at f\u00e5 dokumenteret det. Det er super \u00e6rgerligt, at man har fundet to journaler, der ikke har v\u00e6ret tilstr\u00e6kkeligt veldokumenterede, siger hun og fort\u00e6ller videre, at Thisted <\/span><span data-contrast=\"auto\">Kommune nu har iv\u00e6rksat en handleplan og er i gang med at gennemg\u00e5 samtlige journaler p\u00e5 plejecentret:<\/span><span data-ccp-props=\"{&quot;134233117&quot;:false,&quot;134233118&quot;:false,&quot;335551550&quot;:0,&quot;335551620&quot;:0,&quot;335559738&quot;:240,&quot;335559739&quot;:240}\">\u00a0<\/span><\/p>\n<p><span data-contrast=\"auto\">\u2013 Vi har fem personer, der sammen med vores fagkoordinator g\u00e5r alle journaler igennem p\u00e5 Kristianslyst. Vi er lige ved at v\u00e6re f\u00e6rdige, og vi s\u00f8rger for, at det hele bliver bragt i orden, fort\u00e6ller hun.<\/span><span data-ccp-props=\"{&quot;134233117&quot;:false,&quot;134233118&quot;:false,&quot;335551550&quot;:0,&quot;335551620&quot;:0,&quot;335559738&quot;:240,&quot;335559739&quot;:240}\">\u00a0<\/span><\/p>\n<p>&nbsp;<\/p>\n<p><strong>Et st\u00f8rre setup skal sikre kvaliteten\u00a0<\/strong><\/p>\n<p><span data-contrast=\"auto\">Anne Fink fort\u00e6ller, at Thisted Kommune i forvejen har et omfattende system til at sikre korrekt journalf\u00f8ring: Der findes en f\u00e6lles instruks, tjeklister, superbrugere og fagkoordinatorer. Der laves l\u00f8bende stikpr\u00f8ver og undervisning, og superbrugere m\u00f8des fast to gange om \u00e5ret for at holde sig opdaterede.<\/span><span data-ccp-props=\"{&quot;134233117&quot;:false,&quot;134233118&quot;:false,&quot;335551550&quot;:0,&quot;335551620&quot;:0,&quot;335559738&quot;:240,&quot;335559739&quot;:240}\">\u00a0<\/span><\/p>\n<a class=\"dvrt-link\" onClick=\"cdmtrack_click(18790,jQuery(this));return false\" href=\"https:\/\/thymors.dk\/sponsorater\/15-til-faellesskabet?utm_source=kunthy&amp;utm_medium=annonce&amp;utm_campaign=sponsorater\"><img decoding=\"async\" style=\"width:100%;\" src=\"https:\/\/kunmedierne.dk\/thy\/wp-content\/uploads\/sites\/2\/2026\/03\/260407ThyMors-energi_faellesskab_generel-1.jpg\"><\/a><script>cdmtrack_view(18790);<\/script>\n<p><span data-contrast=\"auto\">\u2013 Vi har et ret stort setup for, at man kan lave korrekt journalf\u00f8ring. Derfor er det selvf\u00f8lgelig ogs\u00e5 super \u00e6rgerligt, n\u00e5r der s\u00e5 er et sted, hvor det ikke er gjort godt nok.<\/span><span data-ccp-props=\"{&quot;134233117&quot;:false,&quot;134233118&quot;:false,&quot;335551550&quot;:0,&quot;335551620&quot;:0,&quot;335559738&quot;:240,&quot;335559739&quot;:240}\">\u00a0<\/span><\/p>\n<p><span data-contrast=\"auto\">P\u00e5 sp\u00f8rgsm\u00e5let om, om p\u00e5r\u00f8rende eller beboere kan v\u00e6re trygge ved plejen p\u00e5 Kristianslyst, svarer Anne Fink:<\/span><span data-ccp-props=\"{&quot;134233117&quot;:false,&quot;134233118&quot;:false,&quot;335551550&quot;:0,&quot;335551620&quot;:0,&quot;335559738&quot;:240,&quot;335559739&quot;:240}\">\u00a0<\/span><\/p>\n<p><span data-contrast=\"auto\">\u2013 Ja. Vi handler med det samme, n\u00e5r der opst\u00e5r problemer. Vi har mange redskaber og en kontinuerlig indsats for at sikre kvaliteten p\u00e5 vores plejecentre, siger hun og tilf\u00f8jer:<\/span><span data-ccp-props=\"{&quot;134233117&quot;:false,&quot;134233118&quot;:false,&quot;335551550&quot;:0,&quot;335551620&quot;:0,&quot;335559738&quot;:240,&quot;335559739&quot;:240}\">\u00a0<\/span><\/p>\n<p><span data-contrast=\"auto\">\u2013 Man kan finde tilsynsrapporter p\u00e5 alle vores centre, og der plejer alts\u00e5 ikke at v\u00e6re nogen problemer.<\/span><span data-ccp-props=\"{&quot;134233117&quot;:false,&quot;134233118&quot;:false,&quot;335551550&quot;:0,&quot;335551620&quot;:0,&quot;335559738&quot;:240,&quot;335559739&quot;:240}\">\u00a0<\/span><\/p>\n<p><span data-contrast=\"auto\">Styrelsen for Patientsikkerhed har oplyst, at p\u00e5buddet f\u00f8rst bliver oph\u00e6vet, n\u00e5r et nyt tilsyn dokumenterer, at forholdene er bragt i orden.<\/span><span data-ccp-props=\"{&quot;134233117&quot;:false,&quot;134233118&quot;:false,&quot;335551550&quot;:0,&quot;335551620&quot;:0,&quot;335559738&quot;:240,&quot;335559739&quot;:240}\">\u00a0<\/span><\/p>\n<p><span data-contrast=\"auto\">KunThy f\u00f8lger sagen.<\/span><span data-ccp-props=\"{&quot;134233117&quot;:false,&quot;134233118&quot;:false,&quot;335551550&quot;:0,&quot;335551620&quot;:0,&quot;335559738&quot;:240,&quot;335559739&quot;:240}\">\u00a0<\/span><\/p>\n<p>&nbsp;<\/p>\n<blockquote>\n<h4>L\u00c6S OGS\u00c5:<\/h4>\n<h5><a href=\"https:\/\/kunmedierne.dk\/thy\/kristianslyst-plejecenter-faar-paabud-styrelsen-advarer-om-risiko-for-patientsikkerheden\/\" target=\"_blank\" rel=\"noopener\">Kristianslyst Plejecenter f\u00e5r p\u00e5bud: Styrelsen advarer om risiko for patientsikkerheden<\/a><\/h5>\n<\/blockquote>\n","protected":false},"excerpt":{"rendered":"<p>THY: Den 4. juni udstedte Styrelsen for Patientsikkerhed et p\u00e5bud til Kristianslyst Plejecenter i Thisted Kommune. Styrelsen konkluderede, at der var tale om problemer, som \u201cudg\u00f8r en betydelig risiko for patientsikkerheden\u201d.\u00a0 Kritikken g\u00e5r is\u00e6r p\u00e5 manglende sundhedsfaglige vurderinger og journalf\u00f8ring. Eksempelvis havde en patient med gentagne tilf\u00e6lde af lavt blodsukker f\u00e5et smertestillende uden efterf\u00f8lgende opf\u00f8lgning, [&hellip;]<\/p>\n","protected":false},"author":2507,"featured_media":0,"comment_status":"closed","ping_status":"closed","sticky":false,"template":"","format":"standard","meta":{"_acf_changed":false,"footnotes":""},"categories":[24],"tags":[47],"class_list":["post-5085","post","type-post","status-publish","format-standard","hentry","category-lokalt","tag-sundhed"],"acf":[],"yoast_head":"<!-- This site is optimized with the Yoast SEO plugin v26.8 - https:\/\/yoast.com\/product\/yoast-seo-wordpress\/ -->\n<title>Kristianslyst arbejder p\u00e5 h\u00f8jtryk efter skarp kritik: &quot;Det er selvf\u00f8lgelig super \u00e6rgerligt&quot;\u00a0 - Thy<\/title>\n<meta name=\"robots\" content=\"index, follow, max-snippet:-1, max-image-preview:large, max-video-preview:-1\" \/>\n<link rel=\"canonical\" href=\"https:\/\/kunmedierne.dk\/thy\/kristianslyst-arbejder-paa-hoejtryk-efter-skarp-kritik-det-er-selvfoelgelig-super-aergerligt\/\" \/>\n<meta property=\"og:locale\" content=\"da_DK\" \/>\n<meta property=\"og:type\" content=\"article\" \/>\n<meta property=\"og:title\" content=\"Kristianslyst arbejder p\u00e5 h\u00f8jtryk efter skarp kritik: &quot;Det er selvf\u00f8lgelig super \u00e6rgerligt&quot;\u00a0 - Thy\" \/>\n<meta property=\"og:description\" content=\"THY: Den 4. juni udstedte Styrelsen for Patientsikkerhed et p\u00e5bud til Kristianslyst Plejecenter i Thisted Kommune. Styrelsen konkluderede, at der var tale om problemer, som \u201cudg\u00f8r en betydelig risiko for patientsikkerheden\u201d.\u00a0 Kritikken g\u00e5r is\u00e6r p\u00e5 manglende sundhedsfaglige vurderinger og journalf\u00f8ring. Eksempelvis havde en patient med gentagne tilf\u00e6lde af lavt blodsukker f\u00e5et smertestillende uden efterf\u00f8lgende opf\u00f8lgning, [&hellip;]\" \/>\n<meta property=\"og:url\" content=\"https:\/\/kunmedierne.dk\/thy\/kristianslyst-arbejder-paa-hoejtryk-efter-skarp-kritik-det-er-selvfoelgelig-super-aergerligt\/\" \/>\n<meta property=\"og:site_name\" content=\"Thy\" \/>\n<meta property=\"article:published_time\" content=\"2025-06-11T04:34:06+00:00\" \/>\n<meta name=\"author\" content=\"Katrine Hedegaard\" \/>\n<meta name=\"twitter:card\" content=\"summary_large_image\" \/>\n<meta name=\"twitter:label1\" content=\"Skrevet af\" \/>\n\t<meta name=\"twitter:data1\" content=\"Katrine Hedegaard\" \/>\n\t<meta name=\"twitter:label2\" content=\"Estimeret l\u00e6setid\" \/>\n\t<meta name=\"twitter:data2\" content=\"3 minutter\" \/>\n<script type=\"application\/ld+json\" class=\"yoast-schema-graph\">{\"@context\":\"https:\/\/schema.org\",\"@graph\":[{\"@type\":\"Article\",\"@id\":\"https:\/\/kunmedierne.dk\/thy\/kristianslyst-arbejder-paa-hoejtryk-efter-skarp-kritik-det-er-selvfoelgelig-super-aergerligt\/#article\",\"isPartOf\":{\"@id\":\"https:\/\/kunmedierne.dk\/thy\/kristianslyst-arbejder-paa-hoejtryk-efter-skarp-kritik-det-er-selvfoelgelig-super-aergerligt\/\"},\"author\":{\"name\":\"Katrine Hedegaard\",\"@id\":\"https:\/\/kunmedierne.dk\/thy\/#\/schema\/person\/b2e62a38069b12365e53e087a8709c64\"},\"headline\":\"Kristianslyst arbejder p\u00e5 h\u00f8jtryk efter skarp kritik: &#8220;Det er selvf\u00f8lgelig super \u00e6rgerligt&#8221;\u00a0\",\"datePublished\":\"2025-06-11T04:34:06+00:00\",\"mainEntityOfPage\":{\"@id\":\"https:\/\/kunmedierne.dk\/thy\/kristianslyst-arbejder-paa-hoejtryk-efter-skarp-kritik-det-er-selvfoelgelig-super-aergerligt\/\"},\"wordCount\":641,\"publisher\":{\"@id\":\"https:\/\/kunmedierne.dk\/thy\/#organization\"},\"keywords\":[\"Sundhed\"],\"articleSection\":[\"Lokalt\"],\"inLanguage\":\"da-DK\"},{\"@type\":\"WebPage\",\"@id\":\"https:\/\/kunmedierne.dk\/thy\/kristianslyst-arbejder-paa-hoejtryk-efter-skarp-kritik-det-er-selvfoelgelig-super-aergerligt\/\",\"url\":\"https:\/\/kunmedierne.dk\/thy\/kristianslyst-arbejder-paa-hoejtryk-efter-skarp-kritik-det-er-selvfoelgelig-super-aergerligt\/\",\"name\":\"Kristianslyst arbejder p\u00e5 h\u00f8jtryk efter skarp kritik: \\\"Det er selvf\u00f8lgelig super \u00e6rgerligt\\\"\u00a0 - Thy\",\"isPartOf\":{\"@id\":\"https:\/\/kunmedierne.dk\/thy\/#website\"},\"datePublished\":\"2025-06-11T04:34:06+00:00\",\"breadcrumb\":{\"@id\":\"https:\/\/kunmedierne.dk\/thy\/kristianslyst-arbejder-paa-hoejtryk-efter-skarp-kritik-det-er-selvfoelgelig-super-aergerligt\/#breadcrumb\"},\"inLanguage\":\"da-DK\",\"potentialAction\":[{\"@type\":\"ReadAction\",\"target\":[\"https:\/\/kunmedierne.dk\/thy\/kristianslyst-arbejder-paa-hoejtryk-efter-skarp-kritik-det-er-selvfoelgelig-super-aergerligt\/\"]}]},{\"@type\":\"BreadcrumbList\",\"@id\":\"https:\/\/kunmedierne.dk\/thy\/kristianslyst-arbejder-paa-hoejtryk-efter-skarp-kritik-det-er-selvfoelgelig-super-aergerligt\/#breadcrumb\",\"itemListElement\":[{\"@type\":\"ListItem\",\"position\":1,\"name\":\"Home\",\"item\":\"https:\/\/kunmedierne.dk\/thy\/\"},{\"@type\":\"ListItem\",\"position\":2,\"name\":\"Kristianslyst arbejder p\u00e5 h\u00f8jtryk efter skarp kritik: &#8220;Det er selvf\u00f8lgelig super \u00e6rgerligt&#8221;\u00a0\"}]},{\"@type\":\"WebSite\",\"@id\":\"https:\/\/kunmedierne.dk\/thy\/#website\",\"url\":\"https:\/\/kunmedierne.dk\/thy\/\",\"name\":\"Thy\",\"description\":\"et netmedie med journalistik om livet i Thy\",\"publisher\":{\"@id\":\"https:\/\/kunmedierne.dk\/thy\/#organization\"},\"potentialAction\":[{\"@type\":\"SearchAction\",\"target\":{\"@type\":\"EntryPoint\",\"urlTemplate\":\"https:\/\/kunmedierne.dk\/thy\/?s={search_term_string}\"},\"query-input\":{\"@type\":\"PropertyValueSpecification\",\"valueRequired\":true,\"valueName\":\"search_term_string\"}}],\"inLanguage\":\"da-DK\"},{\"@type\":\"Organization\",\"@id\":\"https:\/\/kunmedierne.dk\/thy\/#organization\",\"name\":\"Thy\",\"url\":\"https:\/\/kunmedierne.dk\/thy\/\",\"logo\":{\"@type\":\"ImageObject\",\"inLanguage\":\"da-DK\",\"@id\":\"https:\/\/kunmedierne.dk\/thy\/#\/schema\/logo\/image\/\",\"url\":\"https:\/\/kunmedierne.dk\/thy\/wp-content\/uploads\/sites\/2\/2025\/04\/kunthy-logo.svg\",\"contentUrl\":\"https:\/\/kunmedierne.dk\/thy\/wp-content\/uploads\/sites\/2\/2025\/04\/kunthy-logo.svg\",\"caption\":\"Thy\"},\"image\":{\"@id\":\"https:\/\/kunmedierne.dk\/thy\/#\/schema\/logo\/image\/\"}},{\"@type\":\"Person\",\"@id\":\"https:\/\/kunmedierne.dk\/thy\/#\/schema\/person\/b2e62a38069b12365e53e087a8709c64\",\"name\":\"Katrine Hedegaard\",\"image\":{\"@type\":\"ImageObject\",\"inLanguage\":\"da-DK\",\"@id\":\"https:\/\/kunmedierne.dk\/thy\/#\/schema\/person\/image\/\",\"url\":\"https:\/\/secure.gravatar.com\/avatar\/18a5c72fa9148052fd3ed5a58b40fc83cfdc9811090e6e6eec9539af058edcc0?s=96&d=mm&r=g\",\"contentUrl\":\"https:\/\/secure.gravatar.com\/avatar\/18a5c72fa9148052fd3ed5a58b40fc83cfdc9811090e6e6eec9539af058edcc0?s=96&d=mm&r=g\",\"caption\":\"Katrine Hedegaard\"},\"url\":\"https:\/\/kunmedierne.dk\/thy\/author\/katrine\/\"}]}<\/script>\n<!-- \/ Yoast SEO plugin. -->","yoast_head_json":{"title":"Kristianslyst arbejder p\u00e5 h\u00f8jtryk efter skarp kritik: \"Det er selvf\u00f8lgelig super \u00e6rgerligt\"\u00a0 - Thy","robots":{"index":"index","follow":"follow","max-snippet":"max-snippet:-1","max-image-preview":"max-image-preview:large","max-video-preview":"max-video-preview:-1"},"canonical":"https:\/\/kunmedierne.dk\/thy\/kristianslyst-arbejder-paa-hoejtryk-efter-skarp-kritik-det-er-selvfoelgelig-super-aergerligt\/","og_locale":"da_DK","og_type":"article","og_title":"Kristianslyst arbejder p\u00e5 h\u00f8jtryk efter skarp kritik: \"Det er selvf\u00f8lgelig super \u00e6rgerligt\"\u00a0 - Thy","og_description":"THY: Den 4. juni udstedte Styrelsen for Patientsikkerhed et p\u00e5bud til Kristianslyst Plejecenter i Thisted Kommune. Styrelsen konkluderede, at der var tale om problemer, som \u201cudg\u00f8r en betydelig risiko for patientsikkerheden\u201d.\u00a0 Kritikken g\u00e5r is\u00e6r p\u00e5 manglende sundhedsfaglige vurderinger og journalf\u00f8ring. Eksempelvis havde en patient med gentagne tilf\u00e6lde af lavt blodsukker f\u00e5et smertestillende uden efterf\u00f8lgende opf\u00f8lgning, [&hellip;]","og_url":"https:\/\/kunmedierne.dk\/thy\/kristianslyst-arbejder-paa-hoejtryk-efter-skarp-kritik-det-er-selvfoelgelig-super-aergerligt\/","og_site_name":"Thy","article_published_time":"2025-06-11T04:34:06+00:00","author":"Katrine Hedegaard","twitter_card":"summary_large_image","twitter_misc":{"Skrevet af":"Katrine Hedegaard","Estimeret l\u00e6setid":"3 minutter"},"schema":{"@context":"https:\/\/schema.org","@graph":[{"@type":"Article","@id":"https:\/\/kunmedierne.dk\/thy\/kristianslyst-arbejder-paa-hoejtryk-efter-skarp-kritik-det-er-selvfoelgelig-super-aergerligt\/#article","isPartOf":{"@id":"https:\/\/kunmedierne.dk\/thy\/kristianslyst-arbejder-paa-hoejtryk-efter-skarp-kritik-det-er-selvfoelgelig-super-aergerligt\/"},"author":{"name":"Katrine Hedegaard","@id":"https:\/\/kunmedierne.dk\/thy\/#\/schema\/person\/b2e62a38069b12365e53e087a8709c64"},"headline":"Kristianslyst arbejder p\u00e5 h\u00f8jtryk efter skarp kritik: &#8220;Det er selvf\u00f8lgelig super \u00e6rgerligt&#8221;\u00a0","datePublished":"2025-06-11T04:34:06+00:00","mainEntityOfPage":{"@id":"https:\/\/kunmedierne.dk\/thy\/kristianslyst-arbejder-paa-hoejtryk-efter-skarp-kritik-det-er-selvfoelgelig-super-aergerligt\/"},"wordCount":641,"publisher":{"@id":"https:\/\/kunmedierne.dk\/thy\/#organization"},"keywords":["Sundhed"],"articleSection":["Lokalt"],"inLanguage":"da-DK"},{"@type":"WebPage","@id":"https:\/\/kunmedierne.dk\/thy\/kristianslyst-arbejder-paa-hoejtryk-efter-skarp-kritik-det-er-selvfoelgelig-super-aergerligt\/","url":"https:\/\/kunmedierne.dk\/thy\/kristianslyst-arbejder-paa-hoejtryk-efter-skarp-kritik-det-er-selvfoelgelig-super-aergerligt\/","name":"Kristianslyst arbejder p\u00e5 h\u00f8jtryk efter skarp kritik: \"Det er selvf\u00f8lgelig super \u00e6rgerligt\"\u00a0 - Thy","isPartOf":{"@id":"https:\/\/kunmedierne.dk\/thy\/#website"},"datePublished":"2025-06-11T04:34:06+00:00","breadcrumb":{"@id":"https:\/\/kunmedierne.dk\/thy\/kristianslyst-arbejder-paa-hoejtryk-efter-skarp-kritik-det-er-selvfoelgelig-super-aergerligt\/#breadcrumb"},"inLanguage":"da-DK","potentialAction":[{"@type":"ReadAction","target":["https:\/\/kunmedierne.dk\/thy\/kristianslyst-arbejder-paa-hoejtryk-efter-skarp-kritik-det-er-selvfoelgelig-super-aergerligt\/"]}]},{"@type":"BreadcrumbList","@id":"https:\/\/kunmedierne.dk\/thy\/kristianslyst-arbejder-paa-hoejtryk-efter-skarp-kritik-det-er-selvfoelgelig-super-aergerligt\/#breadcrumb","itemListElement":[{"@type":"ListItem","position":1,"name":"Home","item":"https:\/\/kunmedierne.dk\/thy\/"},{"@type":"ListItem","position":2,"name":"Kristianslyst arbejder p\u00e5 h\u00f8jtryk efter skarp kritik: &#8220;Det er selvf\u00f8lgelig super \u00e6rgerligt&#8221;\u00a0"}]},{"@type":"WebSite","@id":"https:\/\/kunmedierne.dk\/thy\/#website","url":"https:\/\/kunmedierne.dk\/thy\/","name":"Thy","description":"et netmedie med journalistik om livet i Thy","publisher":{"@id":"https:\/\/kunmedierne.dk\/thy\/#organization"},"potentialAction":[{"@type":"SearchAction","target":{"@type":"EntryPoint","urlTemplate":"https:\/\/kunmedierne.dk\/thy\/?s={search_term_string}"},"query-input":{"@type":"PropertyValueSpecification","valueRequired":true,"valueName":"search_term_string"}}],"inLanguage":"da-DK"},{"@type":"Organization","@id":"https:\/\/kunmedierne.dk\/thy\/#organization","name":"Thy","url":"https:\/\/kunmedierne.dk\/thy\/","logo":{"@type":"ImageObject","inLanguage":"da-DK","@id":"https:\/\/kunmedierne.dk\/thy\/#\/schema\/logo\/image\/","url":"https:\/\/kunmedierne.dk\/thy\/wp-content\/uploads\/sites\/2\/2025\/04\/kunthy-logo.svg","contentUrl":"https:\/\/kunmedierne.dk\/thy\/wp-content\/uploads\/sites\/2\/2025\/04\/kunthy-logo.svg","caption":"Thy"},"image":{"@id":"https:\/\/kunmedierne.dk\/thy\/#\/schema\/logo\/image\/"}},{"@type":"Person","@id":"https:\/\/kunmedierne.dk\/thy\/#\/schema\/person\/b2e62a38069b12365e53e087a8709c64","name":"Katrine Hedegaard","image":{"@type":"ImageObject","inLanguage":"da-DK","@id":"https:\/\/kunmedierne.dk\/thy\/#\/schema\/person\/image\/","url":"https:\/\/secure.gravatar.com\/avatar\/18a5c72fa9148052fd3ed5a58b40fc83cfdc9811090e6e6eec9539af058edcc0?s=96&d=mm&r=g","contentUrl":"https:\/\/secure.gravatar.com\/avatar\/18a5c72fa9148052fd3ed5a58b40fc83cfdc9811090e6e6eec9539af058edcc0?s=96&d=mm&r=g","caption":"Katrine Hedegaard"},"url":"https:\/\/kunmedierne.dk\/thy\/author\/katrine\/"}]}},"_links":{"self":[{"href":"https:\/\/kunmedierne.dk\/thy\/wp-json\/wp\/v2\/posts\/5085","targetHints":{"allow":["GET"]}}],"collection":[{"href":"https:\/\/kunmedierne.dk\/thy\/wp-json\/wp\/v2\/posts"}],"about":[{"href":"https:\/\/kunmedierne.dk\/thy\/wp-json\/wp\/v2\/types\/post"}],"author":[{"embeddable":true,"href":"https:\/\/kunmedierne.dk\/thy\/wp-json\/wp\/v2\/users\/2507"}],"replies":[{"embeddable":true,"href":"https:\/\/kunmedierne.dk\/thy\/wp-json\/wp\/v2\/comments?post=5085"}],"version-history":[{"count":5,"href":"https:\/\/kunmedierne.dk\/thy\/wp-json\/wp\/v2\/posts\/5085\/revisions"}],"predecessor-version":[{"id":5124,"href":"https:\/\/kunmedierne.dk\/thy\/wp-json\/wp\/v2\/posts\/5085\/revisions\/5124"}],"wp:attachment":[{"href":"https:\/\/kunmedierne.dk\/thy\/wp-json\/wp\/v2\/media?parent=5085"}],"wp:term":[{"taxonomy":"category","embeddable":true,"href":"https:\/\/kunmedierne.dk\/thy\/wp-json\/wp\/v2\/categories?post=5085"},{"taxonomy":"post_tag","embeddable":true,"href":"https:\/\/kunmedierne.dk\/thy\/wp-json\/wp\/v2\/tags?post=5085"}],"curies":[{"name":"wp","href":"https:\/\/api.w.org\/{rel}","templated":true}]}}