{"id":4879,"date":"2025-06-08T06:49:38","date_gmt":"2025-06-08T04:49:38","guid":{"rendered":"https:\/\/kunmedierne.dk\/thy\/?p=4879"},"modified":"2025-06-07T11:50:01","modified_gmt":"2025-06-07T09:50:01","slug":"sommeren-er-afloesernes-tid-i-hjemmeplejen-er-de-vigtige","status":"publish","type":"post","link":"https:\/\/kunmedierne.dk\/thy\/sommeren-er-afloesernes-tid-i-hjemmeplejen-er-de-vigtige\/","title":{"rendered":"Sommeren er afl\u00f8sernes tid &#8211; i hjemmeplejen er de vigtige"},"content":{"rendered":"<p><strong>THISTED:\u00a0<\/strong>Sommeren er ferietid, men nogle ting skal stadig fungere, selv om folk holder fri. Thisted Kommunes hjemmepleje, som eksempel. Her skal vagtplanerne g\u00e5 op hele \u00e5ret. Ogs\u00e5 n\u00e5r det faste personale holder ferie.<\/p>\n<a class=\"dvrt-link\" onClick=\"cdmtrack_click(18790,jQuery(this));return false\" href=\"https:\/\/thymors.dk\/sponsorater\/15-til-faellesskabet?utm_source=kunthy&amp;utm_medium=annonce&amp;utm_campaign=sponsorater\"><img decoding=\"async\" style=\"width:100%;\" src=\"https:\/\/kunmedierne.dk\/thy\/wp-content\/uploads\/sites\/2\/2026\/03\/260407ThyMors-energi_faellesskab_generel-1.jpg\"><\/a><script>cdmtrack_view(18790);<\/script>\n<p>Derfor s\u00f8ger Hjemmeplejen Team Sydthy og Hjemmeplejen Team Midtthy lige nu afl\u00f8sere. B\u00e5de til sommerens ferieperioder, men ogs\u00e5 gerne afl\u00f8sere, som kan tr\u00e6de til p\u00e5 andre tidspunkter af \u00e5ret, n\u00e5r behovet opst\u00e5r.<\/p>\n<p>I \u00e5r er der interesse for afl\u00f8serjobbene, fort\u00e6ller teamleder Hanne Kloster, Hjemmeplejen Team Midtthy.<\/p>\n<p>&#8211; Mange af de, der henvender sig, er kommende studenter, som vil have et feriejob eller som s\u00f8ger arbejde i et sabbat\u00e5r. Vi har ogs\u00e5 henvendelser fra folk, som er i anden besk\u00e6ftigelse, men overvejer at pr\u00f8ve noget helt andet. M\u00e5ske efter en \u00e5rr\u00e6kke med fabriksarbejde. For dem er et afl\u00f8serjob en mulighed for at se tingene an, siger Hanne Kloster.<\/p>\n<p>Hun fort\u00e6ller, at et afl\u00f8serjob kan v\u00e6re en mulighed for at rekruttere nye medarbejdere med interesse for at uddanne sig enten til SOSU hj\u00e6lpere eller SOSU-assistenter.<\/p>\n<p>&#8211; Det vil kun v\u00e6re godt for systemet, hvis vi kan f\u00e5 folk ind p\u00e5 den m\u00e5de, siger Hanne Kloster som med \u00f8je for den aktuelle situation, hvor det handler om at finde ferieafl\u00f8sere, konstaterer, at det g\u00e5r godt.<\/p>\n<a class=\"dvrt-link\" onClick=\"cdmtrack_click(1130,jQuery(this));return false\" href=\"https:\/\/www.thistedforsikring.dk\/?utm_source=partnerskaber&amp;utm_campaign=kun_thy\"><img decoding=\"async\" style=\"width:100%;\" src=\"https:\/\/kunmedierne.dk\/thy\/wp-content\/uploads\/sites\/2\/2025\/04\/260409KunThyThisted-For-1.png\"><\/a><script>cdmtrack_view(1130);<\/script>\n<p>Men selv ferieafl\u00f8sere skal holde ferie, selv om de egentlig er ansat til at arbejde, n\u00e5r andre holder ferie. Ogs\u00e5 den udfordring findes der l\u00f8sninger for.<\/p>\n<p>&nbsp;<\/p>\n<p><strong>Ferieafl\u00f8sere holder ogs\u00e5 ferie<\/strong><\/p>\n<p>&#8211; Nogle af de unge afl\u00f8sere siger allerede, n\u00e5r de er til samatale, at de gerne vil holde ferie med deres familie. Og det vil jo v\u00e6re p\u00e5 det det tidspunkt, hvor vores faste medarbejdere ogs\u00e5 er p\u00e5 ferie, siger Hanne Kloster.<\/p>\n<p>S\u00e6rlig en weekend er udfordret.<\/p>\n<p>&#8211; Det er weekenden med Thy Rock. Den er nok den v\u00e6rste weekend over hele \u00e5ret &#8211; og n\u00e6sten v\u00e6rre end julen, n\u00e5r vi taler om at f\u00e5 afl\u00f8sere ind. Og s\u00e5 er der ogs\u00e5 lige perioden, hvor mange af de unge skal til studenterfester. Men det g\u00e5r. Det kr\u00e6ver bare noget planl\u00e6gning.<\/p>\n<p>Hanne Kloster fort\u00e6ller, at sommerens vagtplaner skal v\u00e6re besat, inden ferieperioden begynder. I Hjemmeplejen Team Midtthy, hvor der er 70 faste medarbejdere, er der brug for otte til 10 ferieafl\u00f8sere. Alt afh\u00e6ngig af, hvor meget den enkelte afl\u00f8ser til r\u00e5dighed.<\/p>\n<p>&nbsp;<\/p>\n<p><strong>Afl\u00f8sere er vigtige hele \u00e5ret<\/strong><\/p>\n<p>Hvis Team Midtthy f\u00e5r flere henvendelser end der er afl\u00f8serstillinger til, vil de i reglen blive henvist til nogle af hjemmeplejens andre teams, hvor der m\u00e5ske er f\u00e6rre ans\u00f8gninger.<\/p>\n<a class=\"dvrt-link\" onClick=\"cdmtrack_click(685,jQuery(this));return false\" href=\"https:\/\/wensien.dk\/begravelse\/?gad_source=1&gclid=Cj0KCQjwtJ6_BhDWARIsAGanmKcWw6hbeoepGti1oApJGHln52gMbg8EBRZ86__3P1AJZ5dcsw4ZvNEaAk7JEALw_wcB\"><img decoding=\"async\" style=\"width:100%;\" src=\"https:\/\/kunmedierne.dk\/thy\/wp-content\/uploads\/sites\/2\/2025\/03\/wensien-stenhugger.jpg\"><\/a><script>cdmtrack_view(685);<\/script>\n<p>&#8211; Nu og da st\u00e5r vi og mangler den sidste. Der er vi ikke i \u00e5r. Det ser fornuftigt ud. B\u00e5de n\u00e5r det g\u00e6lder interessen for et afl\u00f8serjob i sommerferien, men ogs\u00e5 for at blive tilknyttet som fast afl\u00f8ser p\u00e5 andre tidspunkter af \u00e5ret. Jeg har flere, som vender tilbage for eksempel mens de studerer. Og de er ogs\u00e5 vigtige. Sommeren er den pressede tid, men det er ogs\u00e5 vigtigt, at vi hen over \u00e5ret har en stab af afl\u00f8sere, vi kan tr\u00e6kke p\u00e5, hvis vi i en periode mangler flere af vores faste medarbejdere. Det oplevede vi sidste \u00e5r, da Team Midtthy i en periode havde seks sygemeldte medarbejdere.<\/p>\n<p>Selv om Hanne Kloster vurderer, at interessen for et job som ferieafl\u00f8ser i hjemmeplejen er s\u00e5 god, at vagtplanen h\u00e6nger sammen hen over sommeren, opfordrer hun interesserede til at henvende sig. Lige pludselig st\u00e5r et af hjemmeplejens teams i en situation, hvor der trods al planl\u00e6gning mangler en afl\u00f8ser. S\u00e5 er det godt at have en liste med navne, der kan kontaktes. Ogs\u00e5 selv om det ikke er i ferieperioden.<\/p>\n","protected":false},"excerpt":{"rendered":"<p>THISTED:\u00a0Sommeren er ferietid, men nogle ting skal stadig fungere, selv om folk holder fri. Thisted Kommunes hjemmepleje, som eksempel. Her skal vagtplanerne g\u00e5 op hele \u00e5ret. Ogs\u00e5 n\u00e5r det faste personale holder ferie. Derfor s\u00f8ger Hjemmeplejen Team Sydthy og Hjemmeplejen Team Midtthy lige nu afl\u00f8sere. B\u00e5de til sommerens ferieperioder, men ogs\u00e5 gerne afl\u00f8sere, som kan [&hellip;]<\/p>\n","protected":false},"author":4535,"featured_media":0,"comment_status":"closed","ping_status":"closed","sticky":false,"template":"","format":"standard","meta":{"_acf_changed":false,"footnotes":""},"categories":[24],"tags":[47],"class_list":["post-4879","post","type-post","status-publish","format-standard","hentry","category-lokalt","tag-sundhed"],"acf":[],"yoast_head":"<!-- This site is optimized with the Yoast SEO plugin v26.8 - https:\/\/yoast.com\/product\/yoast-seo-wordpress\/ -->\n<title>Sommeren er afl\u00f8sernes tid - i hjemmeplejen er de vigtige - Thy<\/title>\n<meta name=\"robots\" content=\"index, follow, max-snippet:-1, max-image-preview:large, max-video-preview:-1\" \/>\n<link rel=\"canonical\" href=\"https:\/\/kunmedierne.dk\/thy\/sommeren-er-afloesernes-tid-i-hjemmeplejen-er-de-vigtige\/\" \/>\n<meta property=\"og:locale\" content=\"da_DK\" \/>\n<meta property=\"og:type\" content=\"article\" \/>\n<meta property=\"og:title\" content=\"Sommeren er afl\u00f8sernes tid - i hjemmeplejen er de vigtige - Thy\" \/>\n<meta property=\"og:description\" content=\"THISTED:\u00a0Sommeren er ferietid, men nogle ting skal stadig fungere, selv om folk holder fri. Thisted Kommunes hjemmepleje, som eksempel. Her skal vagtplanerne g\u00e5 op hele \u00e5ret. Ogs\u00e5 n\u00e5r det faste personale holder ferie. Derfor s\u00f8ger Hjemmeplejen Team Sydthy og Hjemmeplejen Team Midtthy lige nu afl\u00f8sere. B\u00e5de til sommerens ferieperioder, men ogs\u00e5 gerne afl\u00f8sere, som kan [&hellip;]\" \/>\n<meta property=\"og:url\" content=\"https:\/\/kunmedierne.dk\/thy\/sommeren-er-afloesernes-tid-i-hjemmeplejen-er-de-vigtige\/\" \/>\n<meta property=\"og:site_name\" content=\"Thy\" \/>\n<meta property=\"article:published_time\" content=\"2025-06-08T04:49:38+00:00\" \/>\n<meta name=\"author\" content=\"Jens Fogh Andersen\" \/>\n<meta name=\"twitter:card\" content=\"summary_large_image\" \/>\n<meta name=\"twitter:label1\" content=\"Skrevet af\" \/>\n\t<meta name=\"twitter:data1\" content=\"Jens Fogh Andersen\" \/>\n\t<meta name=\"twitter:label2\" content=\"Estimeret l\u00e6setid\" \/>\n\t<meta name=\"twitter:data2\" content=\"4 minutter\" \/>\n<script type=\"application\/ld+json\" class=\"yoast-schema-graph\">{\"@context\":\"https:\/\/schema.org\",\"@graph\":[{\"@type\":\"Article\",\"@id\":\"https:\/\/kunmedierne.dk\/thy\/sommeren-er-afloesernes-tid-i-hjemmeplejen-er-de-vigtige\/#article\",\"isPartOf\":{\"@id\":\"https:\/\/kunmedierne.dk\/thy\/sommeren-er-afloesernes-tid-i-hjemmeplejen-er-de-vigtige\/\"},\"author\":{\"name\":\"Jens Fogh Andersen\",\"@id\":\"https:\/\/kunmedierne.dk\/thy\/#\/schema\/person\/88f5be46809ca2a5533760eb574fef93\"},\"headline\":\"Sommeren er afl\u00f8sernes tid &#8211; i hjemmeplejen er de vigtige\",\"datePublished\":\"2025-06-08T04:49:38+00:00\",\"mainEntityOfPage\":{\"@id\":\"https:\/\/kunmedierne.dk\/thy\/sommeren-er-afloesernes-tid-i-hjemmeplejen-er-de-vigtige\/\"},\"wordCount\":673,\"publisher\":{\"@id\":\"https:\/\/kunmedierne.dk\/thy\/#organization\"},\"keywords\":[\"Sundhed\"],\"articleSection\":[\"Lokalt\"],\"inLanguage\":\"da-DK\"},{\"@type\":\"WebPage\",\"@id\":\"https:\/\/kunmedierne.dk\/thy\/sommeren-er-afloesernes-tid-i-hjemmeplejen-er-de-vigtige\/\",\"url\":\"https:\/\/kunmedierne.dk\/thy\/sommeren-er-afloesernes-tid-i-hjemmeplejen-er-de-vigtige\/\",\"name\":\"Sommeren er afl\u00f8sernes tid - i hjemmeplejen er de vigtige - Thy\",\"isPartOf\":{\"@id\":\"https:\/\/kunmedierne.dk\/thy\/#website\"},\"datePublished\":\"2025-06-08T04:49:38+00:00\",\"breadcrumb\":{\"@id\":\"https:\/\/kunmedierne.dk\/thy\/sommeren-er-afloesernes-tid-i-hjemmeplejen-er-de-vigtige\/#breadcrumb\"},\"inLanguage\":\"da-DK\",\"potentialAction\":[{\"@type\":\"ReadAction\",\"target\":[\"https:\/\/kunmedierne.dk\/thy\/sommeren-er-afloesernes-tid-i-hjemmeplejen-er-de-vigtige\/\"]}]},{\"@type\":\"BreadcrumbList\",\"@id\":\"https:\/\/kunmedierne.dk\/thy\/sommeren-er-afloesernes-tid-i-hjemmeplejen-er-de-vigtige\/#breadcrumb\",\"itemListElement\":[{\"@type\":\"ListItem\",\"position\":1,\"name\":\"Home\",\"item\":\"https:\/\/kunmedierne.dk\/thy\/\"},{\"@type\":\"ListItem\",\"position\":2,\"name\":\"Sommeren er afl\u00f8sernes tid &#8211; i hjemmeplejen er de vigtige\"}]},{\"@type\":\"WebSite\",\"@id\":\"https:\/\/kunmedierne.dk\/thy\/#website\",\"url\":\"https:\/\/kunmedierne.dk\/thy\/\",\"name\":\"Thy\",\"description\":\"et netmedie med journalistik om livet i Thy\",\"publisher\":{\"@id\":\"https:\/\/kunmedierne.dk\/thy\/#organization\"},\"potentialAction\":[{\"@type\":\"SearchAction\",\"target\":{\"@type\":\"EntryPoint\",\"urlTemplate\":\"https:\/\/kunmedierne.dk\/thy\/?s={search_term_string}\"},\"query-input\":{\"@type\":\"PropertyValueSpecification\",\"valueRequired\":true,\"valueName\":\"search_term_string\"}}],\"inLanguage\":\"da-DK\"},{\"@type\":\"Organization\",\"@id\":\"https:\/\/kunmedierne.dk\/thy\/#organization\",\"name\":\"Thy\",\"url\":\"https:\/\/kunmedierne.dk\/thy\/\",\"logo\":{\"@type\":\"ImageObject\",\"inLanguage\":\"da-DK\",\"@id\":\"https:\/\/kunmedierne.dk\/thy\/#\/schema\/logo\/image\/\",\"url\":\"https:\/\/kunmedierne.dk\/thy\/wp-content\/uploads\/sites\/2\/2025\/04\/kunthy-logo.svg\",\"contentUrl\":\"https:\/\/kunmedierne.dk\/thy\/wp-content\/uploads\/sites\/2\/2025\/04\/kunthy-logo.svg\",\"caption\":\"Thy\"},\"image\":{\"@id\":\"https:\/\/kunmedierne.dk\/thy\/#\/schema\/logo\/image\/\"}},{\"@type\":\"Person\",\"@id\":\"https:\/\/kunmedierne.dk\/thy\/#\/schema\/person\/88f5be46809ca2a5533760eb574fef93\",\"name\":\"Jens Fogh Andersen\",\"image\":{\"@type\":\"ImageObject\",\"inLanguage\":\"da-DK\",\"@id\":\"https:\/\/kunmedierne.dk\/thy\/#\/schema\/person\/image\/\",\"url\":\"https:\/\/secure.gravatar.com\/avatar\/2b367a4ef139b1c41dccc9ee7af926b81f8b4cca3359772e86c7fd5ced26c0a3?s=96&d=mm&r=g\",\"contentUrl\":\"https:\/\/secure.gravatar.com\/avatar\/2b367a4ef139b1c41dccc9ee7af926b81f8b4cca3359772e86c7fd5ced26c0a3?s=96&d=mm&r=g\",\"caption\":\"Jens Fogh Andersen\"},\"url\":\"https:\/\/kunmedierne.dk\/thy\/author\/jfa\/\"}]}<\/script>\n<!-- \/ Yoast SEO plugin. -->","yoast_head_json":{"title":"Sommeren er afl\u00f8sernes tid - i hjemmeplejen er de vigtige - Thy","robots":{"index":"index","follow":"follow","max-snippet":"max-snippet:-1","max-image-preview":"max-image-preview:large","max-video-preview":"max-video-preview:-1"},"canonical":"https:\/\/kunmedierne.dk\/thy\/sommeren-er-afloesernes-tid-i-hjemmeplejen-er-de-vigtige\/","og_locale":"da_DK","og_type":"article","og_title":"Sommeren er afl\u00f8sernes tid - i hjemmeplejen er de vigtige - Thy","og_description":"THISTED:\u00a0Sommeren er ferietid, men nogle ting skal stadig fungere, selv om folk holder fri. Thisted Kommunes hjemmepleje, som eksempel. Her skal vagtplanerne g\u00e5 op hele \u00e5ret. Ogs\u00e5 n\u00e5r det faste personale holder ferie. Derfor s\u00f8ger Hjemmeplejen Team Sydthy og Hjemmeplejen Team Midtthy lige nu afl\u00f8sere. B\u00e5de til sommerens ferieperioder, men ogs\u00e5 gerne afl\u00f8sere, som kan [&hellip;]","og_url":"https:\/\/kunmedierne.dk\/thy\/sommeren-er-afloesernes-tid-i-hjemmeplejen-er-de-vigtige\/","og_site_name":"Thy","article_published_time":"2025-06-08T04:49:38+00:00","author":"Jens Fogh Andersen","twitter_card":"summary_large_image","twitter_misc":{"Skrevet af":"Jens Fogh Andersen","Estimeret l\u00e6setid":"4 minutter"},"schema":{"@context":"https:\/\/schema.org","@graph":[{"@type":"Article","@id":"https:\/\/kunmedierne.dk\/thy\/sommeren-er-afloesernes-tid-i-hjemmeplejen-er-de-vigtige\/#article","isPartOf":{"@id":"https:\/\/kunmedierne.dk\/thy\/sommeren-er-afloesernes-tid-i-hjemmeplejen-er-de-vigtige\/"},"author":{"name":"Jens Fogh Andersen","@id":"https:\/\/kunmedierne.dk\/thy\/#\/schema\/person\/88f5be46809ca2a5533760eb574fef93"},"headline":"Sommeren er afl\u00f8sernes tid &#8211; i hjemmeplejen er de vigtige","datePublished":"2025-06-08T04:49:38+00:00","mainEntityOfPage":{"@id":"https:\/\/kunmedierne.dk\/thy\/sommeren-er-afloesernes-tid-i-hjemmeplejen-er-de-vigtige\/"},"wordCount":673,"publisher":{"@id":"https:\/\/kunmedierne.dk\/thy\/#organization"},"keywords":["Sundhed"],"articleSection":["Lokalt"],"inLanguage":"da-DK"},{"@type":"WebPage","@id":"https:\/\/kunmedierne.dk\/thy\/sommeren-er-afloesernes-tid-i-hjemmeplejen-er-de-vigtige\/","url":"https:\/\/kunmedierne.dk\/thy\/sommeren-er-afloesernes-tid-i-hjemmeplejen-er-de-vigtige\/","name":"Sommeren er afl\u00f8sernes tid - i hjemmeplejen er de vigtige - Thy","isPartOf":{"@id":"https:\/\/kunmedierne.dk\/thy\/#website"},"datePublished":"2025-06-08T04:49:38+00:00","breadcrumb":{"@id":"https:\/\/kunmedierne.dk\/thy\/sommeren-er-afloesernes-tid-i-hjemmeplejen-er-de-vigtige\/#breadcrumb"},"inLanguage":"da-DK","potentialAction":[{"@type":"ReadAction","target":["https:\/\/kunmedierne.dk\/thy\/sommeren-er-afloesernes-tid-i-hjemmeplejen-er-de-vigtige\/"]}]},{"@type":"BreadcrumbList","@id":"https:\/\/kunmedierne.dk\/thy\/sommeren-er-afloesernes-tid-i-hjemmeplejen-er-de-vigtige\/#breadcrumb","itemListElement":[{"@type":"ListItem","position":1,"name":"Home","item":"https:\/\/kunmedierne.dk\/thy\/"},{"@type":"ListItem","position":2,"name":"Sommeren er afl\u00f8sernes tid &#8211; i hjemmeplejen er de vigtige"}]},{"@type":"WebSite","@id":"https:\/\/kunmedierne.dk\/thy\/#website","url":"https:\/\/kunmedierne.dk\/thy\/","name":"Thy","description":"et netmedie med journalistik om livet i Thy","publisher":{"@id":"https:\/\/kunmedierne.dk\/thy\/#organization"},"potentialAction":[{"@type":"SearchAction","target":{"@type":"EntryPoint","urlTemplate":"https:\/\/kunmedierne.dk\/thy\/?s={search_term_string}"},"query-input":{"@type":"PropertyValueSpecification","valueRequired":true,"valueName":"search_term_string"}}],"inLanguage":"da-DK"},{"@type":"Organization","@id":"https:\/\/kunmedierne.dk\/thy\/#organization","name":"Thy","url":"https:\/\/kunmedierne.dk\/thy\/","logo":{"@type":"ImageObject","inLanguage":"da-DK","@id":"https:\/\/kunmedierne.dk\/thy\/#\/schema\/logo\/image\/","url":"https:\/\/kunmedierne.dk\/thy\/wp-content\/uploads\/sites\/2\/2025\/04\/kunthy-logo.svg","contentUrl":"https:\/\/kunmedierne.dk\/thy\/wp-content\/uploads\/sites\/2\/2025\/04\/kunthy-logo.svg","caption":"Thy"},"image":{"@id":"https:\/\/kunmedierne.dk\/thy\/#\/schema\/logo\/image\/"}},{"@type":"Person","@id":"https:\/\/kunmedierne.dk\/thy\/#\/schema\/person\/88f5be46809ca2a5533760eb574fef93","name":"Jens Fogh Andersen","image":{"@type":"ImageObject","inLanguage":"da-DK","@id":"https:\/\/kunmedierne.dk\/thy\/#\/schema\/person\/image\/","url":"https:\/\/secure.gravatar.com\/avatar\/2b367a4ef139b1c41dccc9ee7af926b81f8b4cca3359772e86c7fd5ced26c0a3?s=96&d=mm&r=g","contentUrl":"https:\/\/secure.gravatar.com\/avatar\/2b367a4ef139b1c41dccc9ee7af926b81f8b4cca3359772e86c7fd5ced26c0a3?s=96&d=mm&r=g","caption":"Jens Fogh Andersen"},"url":"https:\/\/kunmedierne.dk\/thy\/author\/jfa\/"}]}},"_links":{"self":[{"href":"https:\/\/kunmedierne.dk\/thy\/wp-json\/wp\/v2\/posts\/4879","targetHints":{"allow":["GET"]}}],"collection":[{"href":"https:\/\/kunmedierne.dk\/thy\/wp-json\/wp\/v2\/posts"}],"about":[{"href":"https:\/\/kunmedierne.dk\/thy\/wp-json\/wp\/v2\/types\/post"}],"author":[{"embeddable":true,"href":"https:\/\/kunmedierne.dk\/thy\/wp-json\/wp\/v2\/users\/4535"}],"replies":[{"embeddable":true,"href":"https:\/\/kunmedierne.dk\/thy\/wp-json\/wp\/v2\/comments?post=4879"}],"version-history":[{"count":10,"href":"https:\/\/kunmedierne.dk\/thy\/wp-json\/wp\/v2\/posts\/4879\/revisions"}],"predecessor-version":[{"id":5030,"href":"https:\/\/kunmedierne.dk\/thy\/wp-json\/wp\/v2\/posts\/4879\/revisions\/5030"}],"wp:attachment":[{"href":"https:\/\/kunmedierne.dk\/thy\/wp-json\/wp\/v2\/media?parent=4879"}],"wp:term":[{"taxonomy":"category","embeddable":true,"href":"https:\/\/kunmedierne.dk\/thy\/wp-json\/wp\/v2\/categories?post=4879"},{"taxonomy":"post_tag","embeddable":true,"href":"https:\/\/kunmedierne.dk\/thy\/wp-json\/wp\/v2\/tags?post=4879"}],"curies":[{"name":"wp","href":"https:\/\/api.w.org\/{rel}","templated":true}]}}