{"id":418,"date":"2025-03-31T23:18:24","date_gmt":"2025-03-31T21:18:24","guid":{"rendered":"https:\/\/kunmedierne.dk\/thy\/?p=418"},"modified":"2025-04-01T14:55:16","modified_gmt":"2025-04-01T12:55:16","slug":"massiv-lokal-opbakning-til-planen-om-et-hospice-i-thy","status":"publish","type":"post","link":"https:\/\/kunmedierne.dk\/thy\/massiv-lokal-opbakning-til-planen-om-et-hospice-i-thy\/","title":{"rendered":"Massiv lokal opbakning til planen om et hospice i Thy"},"content":{"rendered":"<p><strong>THISTED:<\/strong> P\u00e5 en natursk\u00f8n skr\u00e5ning ned mod Limfjorden ved Thisted skal der bygges et hospice. Hvis det st\u00e5r til en gruppe ildsj\u00e6le.<\/p>\n<p>&#8211; Vi vil skabe et sted, hvor man kan give omsorg og livshj\u00e6lp til mennesker i den sidste tid.<\/p>\n<a class=\"dvrt-link\" onClick=\"cdmtrack_click(4416,jQuery(this));return false\" href=\"https:\/\/sdrhaa.dk\/\"><img decoding=\"async\" style=\"width:100%;\" src=\"https:\/\/kunmedierne.dk\/thy\/wp-content\/uploads\/sites\/2\/2025\/05\/260302Din-gebyrvenlige-sparekasse_SHS_Thy-1.gif\"><\/a><script>cdmtrack_view(4416);<\/script>\n<p>S\u00e5dan lyder det fra sognepr\u00e6st Anne-Mette Gr\u00f8nborg, Thisted, der er medlem af bestyrelsen for Hospice Thy.<\/p>\n<p>Denne tanke er ikke ny, men det seneste \u00e5r har initiativet for alvor f\u00e5et vind i sejlene.<\/p>\n<p>&nbsp;<\/p>\n<p><strong>Donation af grund ved Limfjorden<\/strong><\/p>\n<p>Gruppen modtog i begyndelsen af 2024 en anonym donation af en smukt beliggende grund ned til Limfjorden ved \u00c5svej mellem Thisted og Vilsund \u2013 samt l\u00f8fte om hj\u00e6lp til driften af bygningen de f\u00f8rste \u00e5r. Derefter blev der indkaldt til stiftende generalforsamling i foreningen til etablering af Hospice Thy.<\/p>\n<p>26. februar i \u00e5r n\u00e5ede foreningen op p\u00e5 1000 medlemmer, og siden er det tal \u2013 alts\u00e5 p\u00e5 f\u00e5 uger &#8211; r\u00f8get op p\u00e5 1400 medlemmer.<\/p>\n<p>&#8211; Det v\u00e6lter ind med medlemmer, og vi er enormt taknemmelige for den store, lokale opbakning. Jeg tror, den skyldes, at alle har pr\u00f8vet at miste en n\u00e6r person. Og de fleste har en tanke om, at den sidste tid er vigtig, siger Kirstine Agger, praktiserende l\u00e6ge i Dokken \u2013 og medlem af bestyrelsen.<\/p>\n<p>Kirstine Agger har som praktiserende l\u00e6ge i Thisted gennem 15 \u00e5r set n\u00f8dvendigheden af et hospice i Thy:<\/p>\n<p>&#8211; Jeg ser j\u00e6vnligt et behov, der ikke kan opfyldes. Der er n\u00e6sten ingen i Thy, der kommer p\u00e5 hospice, og det handler om, at der er for langt til de tilbud, der er i dag, siger hun.<\/p>\n<a class=\"dvrt-link\" onClick=\"cdmtrack_click(4416,jQuery(this));return false\" href=\"https:\/\/sdrhaa.dk\/\"><img decoding=\"async\" style=\"width:100%;\" src=\"https:\/\/kunmedierne.dk\/thy\/wp-content\/uploads\/sites\/2\/2025\/05\/260302Din-gebyrvenlige-sparekasse_SHS_Thy-1.gif\"><\/a><script>cdmtrack_view(4416);<\/script>\n<p>De n\u00e6rmeste tilbud om hospiceophold ligger i Skive, N\u00f8rresundby og Hvide Sande.<\/p>\n<p>&nbsp;<\/p>\n<p><strong>Ulighed i sundhed<\/strong><\/p>\n<p>&#8211; I forhold til hospice har vi n\u00e6rmest \u00f8-status i Thy, og det betyder, at der er en k\u00e6mpe ulighed i sundhed, pointerer Kirstine Agger.<\/p>\n<p>Hun understreger, at n\u00e6sten alle mennesker som udgangspunkt \u00f8nsker at d\u00f8 hjemme. L\u00e6gen og det palliative team p\u00e5 tv\u00e6rs af sygehus og hjemmepleje g\u00f8r alt, hvad de kan for at st\u00f8tte og hj\u00e6lpe til dette \u00f8nske med d\u00f8gnpleje og smertebehandling.<\/p>\n<p>&#8211; Vi taler altid med patienter om, hvordan de \u00f8nsker den sidste tid skal v\u00e6re, og vi vil g\u00e5 langt for at im\u00f8dekomme \u00f8nsket om at v\u00e6re hjemme, s\u00e5 l\u00e6nge det er trygt for alle, understreger Kirstine Agger.<\/p>\n<p>Nogle gange viser det sig bare, at det alligevel ikke er optimalt at blive hjemme i den allersidste tid. Kirstine n\u00e6vner forskellige eksempler. Det kan v\u00e6re en situation, hvor en d\u00f8ende patient har mindre b\u00f8rn derhjemme, det kan v\u00e6re en enlig patient, der har brug for n\u00e6rv\u00e6r og omsorg d\u00f8gnet rundt eller det kan v\u00e6re en patient med meget sv\u00e6re smerter.<\/p>\n<p>&#8211; Et hospice i Thy vil kunne h\u00f8jne kvaliteten i den sidste tid for de mennesker, der ikke kan v\u00e6re hjemme. Man skal betragte et hospice som et specialiseret tilbud, siger den praktiserende l\u00e6ge.<\/p>\n<p>&nbsp;<\/p>\n<p><strong>Ingen tvivl om behovet<\/strong><\/p>\n<p>Styregruppen bag Hospice Thy har lavet en model, der er fagligt og \u00f8konomisk b\u00e6redygtig \u2013 og der arbejdes med fire palliative senge og fire hospicesenge plus fire fleksible pladser.<\/p>\n<p>&#8211; Jeg er slet ikke i tvivl om, at vi vil kunne bes\u00e6tte pladserne. Der er et k\u00e6mpe m\u00f8rketal, siger Kirstine Agger.<\/p>\n<a class=\"dvrt-link\" onClick=\"cdmtrack_click(689,jQuery(this));return false\" href=\"https:\/\/www.thistedbolig.dk\"><img decoding=\"async\" style=\"width:100%;\" src=\"https:\/\/kunmedierne.dk\/thy\/wp-content\/uploads\/sites\/2\/2025\/03\/260414ThistedBoligApril-opslag-002-1.jpg\"><\/a><script>cdmtrack_view(689);<\/script>\n<p>Sognepr\u00e6st Anne-Mette Gr\u00f8nborg er en af dem, der oplever dette m\u00f8rketal helt t\u00e6t p\u00e5.<\/p>\n<p>&#8211; I mit arbejde som pr\u00e6st m\u00f8der jeg mennesker, der oplever den sidste tid som meget sv\u00e6r. Jeg ser, at sv\u00e6rt syge og d\u00f8ende \u00e6ldre bliver flyttet fra sygehuset til kommunens afklaringscenter \u2013 og m\u00e5ske indl\u00e6ggelse igen. Jeg har set, at nogle \u00e6ldre d\u00f8r i den periode af skift, uvished og midlertidighed. Og det er ikke v\u00e6rdigt, mener hun.<\/p>\n<p>Anne-Mette Gr\u00f8nborg er ikke i tvivl om, at alle fagpersoner g\u00f8r deres bedste ud fra de vilk\u00e5r, der er. Men hun synes ikke d\u00f8den kan passes ind i det regneark, som sygehuse og plejehjem styres ud fra.<\/p>\n<p>&#8211; Der er mennesker, der er s\u00e5 d\u00e5rlige, at de har brug for omsorg og helhedspleje d\u00f8gnet rundt, siger hun.<\/p>\n<p>&nbsp;<\/p>\n<p><strong>Det levede liv til det sidste<\/strong><\/p>\n<p>Hun kunne godt t\u00e6nke sig, at d\u00f8ende mennesker kunne v\u00e6re et sted, hvor der var ro og rum \u2013 ikke kun til at d\u00f8 men &#8211; til \u201ddet levede liv til det sidste\u201d.<\/p>\n<p>&#8211; Vi burde som samfund have r\u00e5d til omsorg for det hele menneske i den sidste tid, mener Anne-Mette Gr\u00f8nborg, der oprindeligt er uddannet diakon.<\/p>\n<p>Hun forestiller sig, at der p\u00e5 et kommende hospice i Thisted kunne v\u00e6re t\u00e6nkt p\u00e5 patienter og p\u00e5r\u00f8rende p\u00e5 en m\u00e5de, s\u00e5 de p\u00e5r\u00f8rende kan slippe ansvaret for den plejem\u00e6ssige del, s\u00e5 de netop kan v\u00e6re der for deres k\u00e6re.<\/p>\n<p>Hun kunne ogs\u00e5 forestille sig, at der blev t\u00e6nkt i en praktisk indretning i \u00e6stetiske rammer, legerum til b\u00f8rn, pr\u00e6g af hjemlighed og muligheder for, at patienter og deres k\u00e6re kan g\u00f8re dagligdags ting sammen: lave mad, n\u00e5r der er overskud til det eller bare nyde at v\u00e6re sammen. Der skulle v\u00e6re plads til at komme uden for p\u00e5 terrassen eller i parken.<\/p>\n<p>P\u00e5 den m\u00e5de kan et hospice give omsorg og tryghed til hele familien.<\/p>\n<p>Styregruppen har for nyligt fremlagt deres visioner for sundhedsudvalget under regionsr\u00e5det i Nordjylland. Politisk opbakning \u2013 og en driftsoverenskomst med Region Nordjylland &#8211; er der behov for, hvis planen om et Hospice Thy skal realiseres.<\/p>\n<p>&#8211; Vi har ogs\u00e5 haft m\u00f8de med Thisted Kommune og f\u00e5et vejledning om forskellige regler og planer, man skal tage bestik af. Vi har oplevet stor lydh\u00f8rhed, siger Anne-Mette Gr\u00f8nborg.<\/p>\n<a class=\"dvrt-link\" onClick=\"cdmtrack_click(18790,jQuery(this));return false\" href=\"https:\/\/thymors.dk\/sponsorater\/15-til-faellesskabet?utm_source=kunthy&amp;utm_medium=annonce&amp;utm_campaign=sponsorater\"><img decoding=\"async\" style=\"width:100%;\" src=\"https:\/\/kunmedierne.dk\/thy\/wp-content\/uploads\/sites\/2\/2026\/03\/260407ThyMors-energi_faellesskab_generel-1.jpg\"><\/a><script>cdmtrack_view(18790);<\/script>\n<p>Hun kunne \u00f8nske sig, at regionspolitikerne ville tage visionen til sig om at skabe et formidabelt sted for borgerne at leve den sidste tid.<\/p>\n<p>&nbsp;<\/p>\n<p><strong>Bredt sammensat bestyrelse<\/strong><\/p>\n<p>23. april er der generalforsamling i Hospice Thy, og Anne-Mette Gr\u00f8nborg ser meget optimistisk p\u00e5 fremtiden.<\/p>\n<p>&#8211; Vi er en super god bestyrelse, der alle br\u00e6nder for at f\u00e5 etableret et hospice her i Thy. Indimellem k\u00e6mper vi mod vindm\u00f8ller, men vi mister ikke gejsten. Vi pr\u00f8ver altid at finde nye veje til at komme videre, understreger hun.<\/p>\n<p>Bestyrelsen er bredt sammensat med forskellige fagligheder.<\/p>\n<p>Foruden sognepr\u00e6st Anne Mette Gr\u00f8nborg og praktiserende l\u00e6ge Kirstine Agger t\u00e6ller bestyrelsen Kristian Quist, speciall\u00e6ge i h\u00e6matologi og fagspecialist i palliation samt leder af Team for Lindrende pleje p\u00e5 Aalborg Universitetshospital i Thisted, bygningskonstrukt\u00f8r Kim Bislev (formand), Lotte Bloch (n\u00e6stformand), leder af Dragsb\u00e6kcentret, sygeplejerske og kommunalpolitiker Ida Pedersen, t\u00f8mrermester Brian Pedersen, forhenv\u00e6rende halinspekt\u00f8r Tonny Borggaard og sygeplejerske Nadja Gram.<\/p>\n<p>&nbsp;<\/p>\n<div id=\"attachment_419\" style=\"width: 310px\" class=\"wp-caption alignnone\"><img loading=\"lazy\" decoding=\"async\" aria-describedby=\"caption-attachment-419\" class=\"wp-image-419 size-medium\" src=\"https:\/\/kunmedierne.dk\/thy\/wp-content\/uploads\/sites\/2\/2025\/03\/Dueholmkilen-Krydsning-Naessundvej-Cykelbro-Tegning-1.pdf27-300x212.jpg\" alt=\"\" width=\"300\" height=\"212\" srcset=\"https:\/\/kunmedierne.dk\/thy\/wp-content\/uploads\/sites\/2\/2025\/03\/Dueholmkilen-Krydsning-Naessundvej-Cykelbro-Tegning-1.pdf27-300x212.jpg 300w, https:\/\/kunmedierne.dk\/thy\/wp-content\/uploads\/sites\/2\/2025\/03\/Dueholmkilen-Krydsning-Naessundvej-Cykelbro-Tegning-1.pdf27-1024x724.jpg 1024w, https:\/\/kunmedierne.dk\/thy\/wp-content\/uploads\/sites\/2\/2025\/03\/Dueholmkilen-Krydsning-Naessundvej-Cykelbro-Tegning-1.pdf27-510x361.jpg 510w, https:\/\/kunmedierne.dk\/thy\/wp-content\/uploads\/sites\/2\/2025\/03\/Dueholmkilen-Krydsning-Naessundvej-Cykelbro-Tegning-1.pdf27.jpg 2000w\" sizes=\"auto, (max-width: 300px) 100vw, 300px\" \/><p id=\"caption-attachment-419\" class=\"wp-caption-text\">Initiativgruppen bag et hospice i Thy har f\u00e5et en byggegrund for\u00e6ret af en anonym erhvervsmand. Grunden ligger syd for Thisted p\u00e5 en skr\u00e5ning ned mod Limfjorden. Foto fra Hospice Thy\u2019s Facebookside.<\/p><\/div>\n<div id=\"attachment_733\" style=\"width: 310px\" class=\"wp-caption alignnone\"><img loading=\"lazy\" decoding=\"async\" aria-describedby=\"caption-attachment-733\" class=\"wp-image-733 size-medium\" src=\"https:\/\/kunmedierne.dk\/thy\/wp-content\/uploads\/sites\/2\/2025\/03\/Design-uden-navn-10-300x200.jpg\" alt=\"\" width=\"300\" height=\"200\" srcset=\"https:\/\/kunmedierne.dk\/thy\/wp-content\/uploads\/sites\/2\/2025\/03\/Design-uden-navn-10-300x200.jpg 300w, https:\/\/kunmedierne.dk\/thy\/wp-content\/uploads\/sites\/2\/2025\/03\/Design-uden-navn-10-1024x682.jpg 1024w, https:\/\/kunmedierne.dk\/thy\/wp-content\/uploads\/sites\/2\/2025\/03\/Design-uden-navn-10-510x340.jpg 510w, https:\/\/kunmedierne.dk\/thy\/wp-content\/uploads\/sites\/2\/2025\/03\/Design-uden-navn-10.jpg 1232w\" sizes=\"auto, (max-width: 300px) 100vw, 300px\" \/><p id=\"caption-attachment-733\" class=\"wp-caption-text\">Praktiserende l\u00e6ge Kirstine Agger er medlem af bestyrelsen i Hospice Thy.<\/p><\/div>\n","protected":false},"excerpt":{"rendered":"<p>THISTED: P\u00e5 en natursk\u00f8n skr\u00e5ning ned mod Limfjorden ved Thisted skal der bygges et hospice. Hvis det st\u00e5r til en gruppe ildsj\u00e6le. &#8211; Vi vil skabe et sted, hvor man kan give omsorg og livshj\u00e6lp til mennesker i den sidste tid. S\u00e5dan lyder det fra sognepr\u00e6st Anne-Mette Gr\u00f8nborg, Thisted, der er medlem af bestyrelsen for [&hellip;]<\/p>\n","protected":false},"author":1925,"featured_media":0,"comment_status":"closed","ping_status":"closed","sticky":false,"template":"","format":"standard","meta":{"_acf_changed":false,"footnotes":""},"categories":[24],"tags":[47],"class_list":["post-418","post","type-post","status-publish","format-standard","hentry","category-lokalt","tag-sundhed"],"acf":[],"yoast_head":"<!-- This site is optimized with the Yoast SEO plugin v26.8 - https:\/\/yoast.com\/product\/yoast-seo-wordpress\/ -->\n<title>Massiv lokal opbakning til planen om et hospice i Thy - Thy<\/title>\n<meta name=\"robots\" content=\"index, follow, max-snippet:-1, max-image-preview:large, max-video-preview:-1\" \/>\n<link rel=\"canonical\" href=\"https:\/\/kunmedierne.dk\/thy\/massiv-lokal-opbakning-til-planen-om-et-hospice-i-thy\/\" \/>\n<meta property=\"og:locale\" content=\"da_DK\" \/>\n<meta property=\"og:type\" content=\"article\" \/>\n<meta property=\"og:title\" content=\"Massiv lokal opbakning til planen om et hospice i Thy - Thy\" \/>\n<meta property=\"og:description\" content=\"THISTED: P\u00e5 en natursk\u00f8n skr\u00e5ning ned mod Limfjorden ved Thisted skal der bygges et hospice. Hvis det st\u00e5r til en gruppe ildsj\u00e6le. &#8211; Vi vil skabe et sted, hvor man kan give omsorg og livshj\u00e6lp til mennesker i den sidste tid. S\u00e5dan lyder det fra sognepr\u00e6st Anne-Mette Gr\u00f8nborg, Thisted, der er medlem af bestyrelsen for [&hellip;]\" \/>\n<meta property=\"og:url\" content=\"https:\/\/kunmedierne.dk\/thy\/massiv-lokal-opbakning-til-planen-om-et-hospice-i-thy\/\" \/>\n<meta property=\"og:site_name\" content=\"Thy\" \/>\n<meta property=\"article:published_time\" content=\"2025-03-31T21:18:24+00:00\" \/>\n<meta property=\"article:modified_time\" content=\"2025-04-01T12:55:16+00:00\" \/>\n<meta property=\"og:image\" content=\"https:\/\/kunmedierne.dk\/thy\/wp-content\/uploads\/sites\/2\/2025\/03\/Dueholmkilen-Krydsning-Naessundvej-Cykelbro-Tegning-1.pdf27-300x212.jpg\" \/>\n<meta name=\"author\" content=\"Lone L\u00e6rke Krog\" \/>\n<meta name=\"twitter:card\" content=\"summary_large_image\" \/>\n<meta name=\"twitter:label1\" content=\"Skrevet af\" \/>\n\t<meta name=\"twitter:data1\" content=\"Lone L\u00e6rke Krog\" \/>\n\t<meta name=\"twitter:label2\" content=\"Estimeret l\u00e6setid\" \/>\n\t<meta name=\"twitter:data2\" content=\"7 minutter\" \/>\n<script type=\"application\/ld+json\" class=\"yoast-schema-graph\">{\"@context\":\"https:\/\/schema.org\",\"@graph\":[{\"@type\":\"Article\",\"@id\":\"https:\/\/kunmedierne.dk\/thy\/massiv-lokal-opbakning-til-planen-om-et-hospice-i-thy\/#article\",\"isPartOf\":{\"@id\":\"https:\/\/kunmedierne.dk\/thy\/massiv-lokal-opbakning-til-planen-om-et-hospice-i-thy\/\"},\"author\":{\"name\":\"Lone L\u00e6rke Krog\",\"@id\":\"https:\/\/kunmedierne.dk\/thy\/#\/schema\/person\/d266634ba6550d075ecf540d63b245d2\"},\"headline\":\"Massiv lokal opbakning til planen om et hospice i Thy\",\"datePublished\":\"2025-03-31T21:18:24+00:00\",\"dateModified\":\"2025-04-01T12:55:16+00:00\",\"mainEntityOfPage\":{\"@id\":\"https:\/\/kunmedierne.dk\/thy\/massiv-lokal-opbakning-til-planen-om-et-hospice-i-thy\/\"},\"wordCount\":1249,\"publisher\":{\"@id\":\"https:\/\/kunmedierne.dk\/thy\/#organization\"},\"image\":{\"@id\":\"https:\/\/kunmedierne.dk\/thy\/massiv-lokal-opbakning-til-planen-om-et-hospice-i-thy\/#primaryimage\"},\"thumbnailUrl\":\"https:\/\/kunmedierne.dk\/thy\/wp-content\/uploads\/sites\/2\/2025\/03\/Dueholmkilen-Krydsning-Naessundvej-Cykelbro-Tegning-1.pdf27-300x212.jpg\",\"keywords\":[\"Sundhed\"],\"articleSection\":[\"Lokalt\"],\"inLanguage\":\"da-DK\"},{\"@type\":\"WebPage\",\"@id\":\"https:\/\/kunmedierne.dk\/thy\/massiv-lokal-opbakning-til-planen-om-et-hospice-i-thy\/\",\"url\":\"https:\/\/kunmedierne.dk\/thy\/massiv-lokal-opbakning-til-planen-om-et-hospice-i-thy\/\",\"name\":\"Massiv lokal opbakning til planen om et hospice i Thy - Thy\",\"isPartOf\":{\"@id\":\"https:\/\/kunmedierne.dk\/thy\/#website\"},\"primaryImageOfPage\":{\"@id\":\"https:\/\/kunmedierne.dk\/thy\/massiv-lokal-opbakning-til-planen-om-et-hospice-i-thy\/#primaryimage\"},\"image\":{\"@id\":\"https:\/\/kunmedierne.dk\/thy\/massiv-lokal-opbakning-til-planen-om-et-hospice-i-thy\/#primaryimage\"},\"thumbnailUrl\":\"https:\/\/kunmedierne.dk\/thy\/wp-content\/uploads\/sites\/2\/2025\/03\/Dueholmkilen-Krydsning-Naessundvej-Cykelbro-Tegning-1.pdf27-300x212.jpg\",\"datePublished\":\"2025-03-31T21:18:24+00:00\",\"dateModified\":\"2025-04-01T12:55:16+00:00\",\"breadcrumb\":{\"@id\":\"https:\/\/kunmedierne.dk\/thy\/massiv-lokal-opbakning-til-planen-om-et-hospice-i-thy\/#breadcrumb\"},\"inLanguage\":\"da-DK\",\"potentialAction\":[{\"@type\":\"ReadAction\",\"target\":[\"https:\/\/kunmedierne.dk\/thy\/massiv-lokal-opbakning-til-planen-om-et-hospice-i-thy\/\"]}]},{\"@type\":\"ImageObject\",\"inLanguage\":\"da-DK\",\"@id\":\"https:\/\/kunmedierne.dk\/thy\/massiv-lokal-opbakning-til-planen-om-et-hospice-i-thy\/#primaryimage\",\"url\":\"https:\/\/kunmedierne.dk\/thy\/wp-content\/uploads\/sites\/2\/2025\/03\/Dueholmkilen-Krydsning-Naessundvej-Cykelbro-Tegning-1.pdf27.jpg\",\"contentUrl\":\"https:\/\/kunmedierne.dk\/thy\/wp-content\/uploads\/sites\/2\/2025\/03\/Dueholmkilen-Krydsning-Naessundvej-Cykelbro-Tegning-1.pdf27.jpg\",\"width\":2000,\"height\":1414,\"caption\":\"Foto fra Hospice Thy\u2019s Facebookside.\"},{\"@type\":\"BreadcrumbList\",\"@id\":\"https:\/\/kunmedierne.dk\/thy\/massiv-lokal-opbakning-til-planen-om-et-hospice-i-thy\/#breadcrumb\",\"itemListElement\":[{\"@type\":\"ListItem\",\"position\":1,\"name\":\"Home\",\"item\":\"https:\/\/kunmedierne.dk\/thy\/\"},{\"@type\":\"ListItem\",\"position\":2,\"name\":\"Massiv lokal opbakning til planen om et hospice i Thy\"}]},{\"@type\":\"WebSite\",\"@id\":\"https:\/\/kunmedierne.dk\/thy\/#website\",\"url\":\"https:\/\/kunmedierne.dk\/thy\/\",\"name\":\"Thy\",\"description\":\"et netmedie med journalistik om livet i Thy\",\"publisher\":{\"@id\":\"https:\/\/kunmedierne.dk\/thy\/#organization\"},\"potentialAction\":[{\"@type\":\"SearchAction\",\"target\":{\"@type\":\"EntryPoint\",\"urlTemplate\":\"https:\/\/kunmedierne.dk\/thy\/?s={search_term_string}\"},\"query-input\":{\"@type\":\"PropertyValueSpecification\",\"valueRequired\":true,\"valueName\":\"search_term_string\"}}],\"inLanguage\":\"da-DK\"},{\"@type\":\"Organization\",\"@id\":\"https:\/\/kunmedierne.dk\/thy\/#organization\",\"name\":\"Thy\",\"url\":\"https:\/\/kunmedierne.dk\/thy\/\",\"logo\":{\"@type\":\"ImageObject\",\"inLanguage\":\"da-DK\",\"@id\":\"https:\/\/kunmedierne.dk\/thy\/#\/schema\/logo\/image\/\",\"url\":\"https:\/\/kunmedierne.dk\/thy\/wp-content\/uploads\/sites\/2\/2025\/04\/kunthy-logo.svg\",\"contentUrl\":\"https:\/\/kunmedierne.dk\/thy\/wp-content\/uploads\/sites\/2\/2025\/04\/kunthy-logo.svg\",\"caption\":\"Thy\"},\"image\":{\"@id\":\"https:\/\/kunmedierne.dk\/thy\/#\/schema\/logo\/image\/\"}},{\"@type\":\"Person\",\"@id\":\"https:\/\/kunmedierne.dk\/thy\/#\/schema\/person\/d266634ba6550d075ecf540d63b245d2\",\"name\":\"Lone L\u00e6rke Krog\",\"image\":{\"@type\":\"ImageObject\",\"inLanguage\":\"da-DK\",\"@id\":\"https:\/\/kunmedierne.dk\/thy\/#\/schema\/person\/image\/\",\"url\":\"https:\/\/secure.gravatar.com\/avatar\/496ddc7080e56b4ac64cfd4e56bd6d1ee396fa3db1923aa22f11346f60bb135b?s=96&d=mm&r=g\",\"contentUrl\":\"https:\/\/secure.gravatar.com\/avatar\/496ddc7080e56b4ac64cfd4e56bd6d1ee396fa3db1923aa22f11346f60bb135b?s=96&d=mm&r=g\",\"caption\":\"Lone L\u00e6rke Krog\"},\"url\":\"https:\/\/kunmedierne.dk\/thy\/author\/llk\/\"}]}<\/script>\n<!-- \/ Yoast SEO plugin. -->","yoast_head_json":{"title":"Massiv lokal opbakning til planen om et hospice i Thy - Thy","robots":{"index":"index","follow":"follow","max-snippet":"max-snippet:-1","max-image-preview":"max-image-preview:large","max-video-preview":"max-video-preview:-1"},"canonical":"https:\/\/kunmedierne.dk\/thy\/massiv-lokal-opbakning-til-planen-om-et-hospice-i-thy\/","og_locale":"da_DK","og_type":"article","og_title":"Massiv lokal opbakning til planen om et hospice i Thy - Thy","og_description":"THISTED: P\u00e5 en natursk\u00f8n skr\u00e5ning ned mod Limfjorden ved Thisted skal der bygges et hospice. Hvis det st\u00e5r til en gruppe ildsj\u00e6le. &#8211; Vi vil skabe et sted, hvor man kan give omsorg og livshj\u00e6lp til mennesker i den sidste tid. S\u00e5dan lyder det fra sognepr\u00e6st Anne-Mette Gr\u00f8nborg, Thisted, der er medlem af bestyrelsen for [&hellip;]","og_url":"https:\/\/kunmedierne.dk\/thy\/massiv-lokal-opbakning-til-planen-om-et-hospice-i-thy\/","og_site_name":"Thy","article_published_time":"2025-03-31T21:18:24+00:00","article_modified_time":"2025-04-01T12:55:16+00:00","og_image":[{"url":"https:\/\/kunmedierne.dk\/thy\/wp-content\/uploads\/sites\/2\/2025\/03\/Dueholmkilen-Krydsning-Naessundvej-Cykelbro-Tegning-1.pdf27-300x212.jpg","type":"","width":"","height":""}],"author":"Lone L\u00e6rke Krog","twitter_card":"summary_large_image","twitter_misc":{"Skrevet af":"Lone L\u00e6rke Krog","Estimeret l\u00e6setid":"7 minutter"},"schema":{"@context":"https:\/\/schema.org","@graph":[{"@type":"Article","@id":"https:\/\/kunmedierne.dk\/thy\/massiv-lokal-opbakning-til-planen-om-et-hospice-i-thy\/#article","isPartOf":{"@id":"https:\/\/kunmedierne.dk\/thy\/massiv-lokal-opbakning-til-planen-om-et-hospice-i-thy\/"},"author":{"name":"Lone L\u00e6rke Krog","@id":"https:\/\/kunmedierne.dk\/thy\/#\/schema\/person\/d266634ba6550d075ecf540d63b245d2"},"headline":"Massiv lokal opbakning til planen om et hospice i Thy","datePublished":"2025-03-31T21:18:24+00:00","dateModified":"2025-04-01T12:55:16+00:00","mainEntityOfPage":{"@id":"https:\/\/kunmedierne.dk\/thy\/massiv-lokal-opbakning-til-planen-om-et-hospice-i-thy\/"},"wordCount":1249,"publisher":{"@id":"https:\/\/kunmedierne.dk\/thy\/#organization"},"image":{"@id":"https:\/\/kunmedierne.dk\/thy\/massiv-lokal-opbakning-til-planen-om-et-hospice-i-thy\/#primaryimage"},"thumbnailUrl":"https:\/\/kunmedierne.dk\/thy\/wp-content\/uploads\/sites\/2\/2025\/03\/Dueholmkilen-Krydsning-Naessundvej-Cykelbro-Tegning-1.pdf27-300x212.jpg","keywords":["Sundhed"],"articleSection":["Lokalt"],"inLanguage":"da-DK"},{"@type":"WebPage","@id":"https:\/\/kunmedierne.dk\/thy\/massiv-lokal-opbakning-til-planen-om-et-hospice-i-thy\/","url":"https:\/\/kunmedierne.dk\/thy\/massiv-lokal-opbakning-til-planen-om-et-hospice-i-thy\/","name":"Massiv lokal opbakning til planen om et hospice i Thy - Thy","isPartOf":{"@id":"https:\/\/kunmedierne.dk\/thy\/#website"},"primaryImageOfPage":{"@id":"https:\/\/kunmedierne.dk\/thy\/massiv-lokal-opbakning-til-planen-om-et-hospice-i-thy\/#primaryimage"},"image":{"@id":"https:\/\/kunmedierne.dk\/thy\/massiv-lokal-opbakning-til-planen-om-et-hospice-i-thy\/#primaryimage"},"thumbnailUrl":"https:\/\/kunmedierne.dk\/thy\/wp-content\/uploads\/sites\/2\/2025\/03\/Dueholmkilen-Krydsning-Naessundvej-Cykelbro-Tegning-1.pdf27-300x212.jpg","datePublished":"2025-03-31T21:18:24+00:00","dateModified":"2025-04-01T12:55:16+00:00","breadcrumb":{"@id":"https:\/\/kunmedierne.dk\/thy\/massiv-lokal-opbakning-til-planen-om-et-hospice-i-thy\/#breadcrumb"},"inLanguage":"da-DK","potentialAction":[{"@type":"ReadAction","target":["https:\/\/kunmedierne.dk\/thy\/massiv-lokal-opbakning-til-planen-om-et-hospice-i-thy\/"]}]},{"@type":"ImageObject","inLanguage":"da-DK","@id":"https:\/\/kunmedierne.dk\/thy\/massiv-lokal-opbakning-til-planen-om-et-hospice-i-thy\/#primaryimage","url":"https:\/\/kunmedierne.dk\/thy\/wp-content\/uploads\/sites\/2\/2025\/03\/Dueholmkilen-Krydsning-Naessundvej-Cykelbro-Tegning-1.pdf27.jpg","contentUrl":"https:\/\/kunmedierne.dk\/thy\/wp-content\/uploads\/sites\/2\/2025\/03\/Dueholmkilen-Krydsning-Naessundvej-Cykelbro-Tegning-1.pdf27.jpg","width":2000,"height":1414,"caption":"Foto fra Hospice Thy\u2019s Facebookside."},{"@type":"BreadcrumbList","@id":"https:\/\/kunmedierne.dk\/thy\/massiv-lokal-opbakning-til-planen-om-et-hospice-i-thy\/#breadcrumb","itemListElement":[{"@type":"ListItem","position":1,"name":"Home","item":"https:\/\/kunmedierne.dk\/thy\/"},{"@type":"ListItem","position":2,"name":"Massiv lokal opbakning til planen om et hospice i Thy"}]},{"@type":"WebSite","@id":"https:\/\/kunmedierne.dk\/thy\/#website","url":"https:\/\/kunmedierne.dk\/thy\/","name":"Thy","description":"et netmedie med journalistik om livet i Thy","publisher":{"@id":"https:\/\/kunmedierne.dk\/thy\/#organization"},"potentialAction":[{"@type":"SearchAction","target":{"@type":"EntryPoint","urlTemplate":"https:\/\/kunmedierne.dk\/thy\/?s={search_term_string}"},"query-input":{"@type":"PropertyValueSpecification","valueRequired":true,"valueName":"search_term_string"}}],"inLanguage":"da-DK"},{"@type":"Organization","@id":"https:\/\/kunmedierne.dk\/thy\/#organization","name":"Thy","url":"https:\/\/kunmedierne.dk\/thy\/","logo":{"@type":"ImageObject","inLanguage":"da-DK","@id":"https:\/\/kunmedierne.dk\/thy\/#\/schema\/logo\/image\/","url":"https:\/\/kunmedierne.dk\/thy\/wp-content\/uploads\/sites\/2\/2025\/04\/kunthy-logo.svg","contentUrl":"https:\/\/kunmedierne.dk\/thy\/wp-content\/uploads\/sites\/2\/2025\/04\/kunthy-logo.svg","caption":"Thy"},"image":{"@id":"https:\/\/kunmedierne.dk\/thy\/#\/schema\/logo\/image\/"}},{"@type":"Person","@id":"https:\/\/kunmedierne.dk\/thy\/#\/schema\/person\/d266634ba6550d075ecf540d63b245d2","name":"Lone L\u00e6rke Krog","image":{"@type":"ImageObject","inLanguage":"da-DK","@id":"https:\/\/kunmedierne.dk\/thy\/#\/schema\/person\/image\/","url":"https:\/\/secure.gravatar.com\/avatar\/496ddc7080e56b4ac64cfd4e56bd6d1ee396fa3db1923aa22f11346f60bb135b?s=96&d=mm&r=g","contentUrl":"https:\/\/secure.gravatar.com\/avatar\/496ddc7080e56b4ac64cfd4e56bd6d1ee396fa3db1923aa22f11346f60bb135b?s=96&d=mm&r=g","caption":"Lone L\u00e6rke Krog"},"url":"https:\/\/kunmedierne.dk\/thy\/author\/llk\/"}]}},"_links":{"self":[{"href":"https:\/\/kunmedierne.dk\/thy\/wp-json\/wp\/v2\/posts\/418","targetHints":{"allow":["GET"]}}],"collection":[{"href":"https:\/\/kunmedierne.dk\/thy\/wp-json\/wp\/v2\/posts"}],"about":[{"href":"https:\/\/kunmedierne.dk\/thy\/wp-json\/wp\/v2\/types\/post"}],"author":[{"embeddable":true,"href":"https:\/\/kunmedierne.dk\/thy\/wp-json\/wp\/v2\/users\/1925"}],"replies":[{"embeddable":true,"href":"https:\/\/kunmedierne.dk\/thy\/wp-json\/wp\/v2\/comments?post=418"}],"version-history":[{"count":11,"href":"https:\/\/kunmedierne.dk\/thy\/wp-json\/wp\/v2\/posts\/418\/revisions"}],"predecessor-version":[{"id":987,"href":"https:\/\/kunmedierne.dk\/thy\/wp-json\/wp\/v2\/posts\/418\/revisions\/987"}],"wp:attachment":[{"href":"https:\/\/kunmedierne.dk\/thy\/wp-json\/wp\/v2\/media?parent=418"}],"wp:term":[{"taxonomy":"category","embeddable":true,"href":"https:\/\/kunmedierne.dk\/thy\/wp-json\/wp\/v2\/categories?post=418"},{"taxonomy":"post_tag","embeddable":true,"href":"https:\/\/kunmedierne.dk\/thy\/wp-json\/wp\/v2\/tags?post=418"}],"curies":[{"name":"wp","href":"https:\/\/api.w.org\/{rel}","templated":true}]}}