{"id":3711,"date":"2025-05-18T11:52:39","date_gmt":"2025-05-18T09:52:39","guid":{"rendered":"https:\/\/kunmedierne.dk\/thy\/?p=3711"},"modified":"2025-05-16T15:06:14","modified_gmt":"2025-05-16T13:06:14","slug":"stafet-for-livet-om-at-taende-lys-for-hinanden","status":"publish","type":"post","link":"https:\/\/kunmedierne.dk\/thy\/stafet-for-livet-om-at-taende-lys-for-hinanden\/","title":{"rendered":"Stafet for livet &#8211; om at t\u00e6nde lys for hinanden"},"content":{"rendered":"<p>THISTED: &#8211; Man kan godt m\u00e6rke det her s\u00e6rlige f\u00e6llesskab p\u00e5 s\u00e5dan en dag. En s\u00e6rlig \u00e5nd. Vi m\u00f8des alle aldersgrupper om en sag, der kommer til at ber\u00f8re os alle p\u00e5 et tidspunkt i livet.<\/p>\n<p>S\u00e5dan lyder det fra Preben Dahlgaard, der er formand for Stafet for Livet.<\/p>\n<p>Stafet for Livet er en \u00e5rlig begivenhed, der str\u00e6kker sig over et halvt d\u00f8gn. Form\u00e5let er dels at skaffe midler til Kr\u00e6ftens Bek\u00e6mpelse &#8211; og dels at m\u00e6rke, at man ikke er alene &#8211; hverken som kr\u00e6ftsyg eller som p\u00e5r\u00f8rende.<\/p>\n<a class=\"dvrt-link\" onClick=\"cdmtrack_click(18790,jQuery(this));return false\" href=\"https:\/\/thymors.dk\/sponsorater\/15-til-faellesskabet?utm_source=kunthy&amp;utm_medium=annonce&amp;utm_campaign=sponsorater\"><img decoding=\"async\" style=\"width:100%;\" src=\"https:\/\/kunmedierne.dk\/thy\/wp-content\/uploads\/sites\/2\/2026\/03\/260407ThyMors-energi_faellesskab_generel-1.jpg\"><\/a><script>cdmtrack_view(18790);<\/script>\n<p>Preben Dahlgaard oplyser, at Stafet for Livet, der i \u00e5r afvikles for 10. gang i Thisted, vil for 3. \u00e5r i tr\u00e6k foreg\u00e5 i og omkring byplantagen, Christiansgave, i Thisted.<\/p>\n<p>Centrum vil v\u00e6re friluftsscenen, hvorfra der dagen og aftenen igennem vil v\u00e6re taler, musik og sang.<\/p>\n<p>Arrangementet begynder kl. 11 med tale ved direkt\u00f8r Jesper Fisker, Kr\u00e6ftens Bek\u00e6mpelse. Ved starten af arrangementet vil der ogs\u00e5 v\u00e6re en hyldest til tre tidligere form\u00e6nd for Stafet for Livet, Ulla Vestergaard, Knud J\u00f8rgensen og Lejf Brogaard.<\/p>\n<p>P\u00e5 forh\u00e5nd er der tilmeldt 12-14 hold, idet de fleste samler sig omkring en enkeltperson, der har kr\u00e6ft.<\/p>\n<p>Holdene skaffer sig selv sponsorer og g\u00e5r i spidsen for at samle ind til Kr\u00e6ftens Bek\u00e6mpelse.<\/p>\n<a class=\"dvrt-link\" onClick=\"cdmtrack_click(4416,jQuery(this));return false\" href=\"https:\/\/sdrhaa.dk\/\"><img decoding=\"async\" style=\"width:100%;\" src=\"https:\/\/kunmedierne.dk\/thy\/wp-content\/uploads\/sites\/2\/2025\/05\/260302Din-gebyrvenlige-sparekasse_SHS_Thy-1.gif\"><\/a><script>cdmtrack_view(4416);<\/script>\n<p>Ogs\u00e5 styregruppen &#8211; udover Preben Dahlgaard er det Karen Johansen og Brian Kirk Nielsen &#8211; arbejder\u00a0 p\u00e5 sponsorater.<\/p>\n<p>Sidste \u00e5r blev der samlet 325.000 kroner ved arrangementet.<\/p>\n<p>N\u00e6ste punkt p\u00e5 programmet er, at 40-50 fightere g\u00e5r rundt om scenen to gange med gule solsikker og gule balloner. Fighterne lader ballonerne stige til vejrs som symboler p\u00e5 f\u00e6llesskab og h\u00e5b.<\/p>\n<p>&#8211; Fighternes medvirken i optoget viser, at h\u00e5bet altid er der, selvom man er alvorligt syg. Det er for deres skyld, vi holder Stafet for Livet.<\/p>\n<p>Efter f\u00e6llessangen &#8220;Lev dit liv, mens du har det&#8221;, g\u00e5r fighterne ned til Plantagehuset. Derefter g\u00e5r deltagerne i Stafet for Livet ud p\u00e5 de 3,6 km lange rute, der g\u00e5r gennem kolonihaverne til Kristianslyst, under &#8220;Over Engen&#8221; og rundt om Tingstrup S\u00f8, f\u00f8r den igen g\u00e5r gennem kolonihaverne tilbage til Christiansgave.<\/p>\n<p>Der er i \u00f8vrigt ogs\u00e5 en b\u00f8rnerute p\u00e5 600 meter.<\/p>\n<p>Preben Dahlgaard understreger, at alle kan deltage ved at tilmelde sig det \u00e5bne hold p\u00e5 selve dagen og dermed v\u00e6re med til at st\u00f8tte sagen.<\/p>\n<p>Udover indsamlingen vil der v\u00e6re rig lejlighed til at snakke, hygge og m\u00f8des p\u00e5 kryds og tv\u00e6rs med sine venner og bekendte.<\/p>\n<a class=\"dvrt-link\" onClick=\"cdmtrack_click(683,jQuery(this));return false\" href=\"https:\/\/vester-begr.dk\/?utm_source=google&amp;utm_medium=advative&amp;gad_source=1&amp;gclid=Cj0KCQjwtJ6_BhDWARIsAGanmKfl-hGVVjCYiOgSKoGoxrow4kvXybZsnruKJYTslvqZDywT6a9PCQwaAmBjEALw_wcB\"><img decoding=\"async\" style=\"width:100%;\" src=\"https:\/\/kunmedierne.dk\/thy\/wp-content\/uploads\/sites\/2\/2025\/03\/260203VesterHoukaer-02022026.jpg\"><\/a><script>cdmtrack_view(683);<\/script>\n<p>Der vil v\u00e6re b\u00f8rnetelt med aktiviteter og andre telte med info eller salg af mad og drikke.<\/p>\n<p>Netv\u00e6rkscafeer og sociale v\u00e6resteder i Thisted Kommune bidrager i \u00f8vrigt ogs\u00e5 til Stafet for Livet p\u00e5 forskellig m\u00e5de.<\/p>\n<p>Om aftenen venter den helt s\u00e6rligt stemningsfulde oplevelse, hvor man kan s\u00e6tte en lyspose med sin egen b\u00f8n eller personlige hilsen til en, som man har mistet eller \u00e9n, der er pr\u00e6get af kr\u00e6ftsygdom. Lysposer kan k\u00f8bes p\u00e5 stedet.<\/p>\n<p>Aftenen slutter med en stille sang og en lystale ved sognepr\u00e6st Charlotte Heide.<\/p>\n<p>&nbsp;<\/p>\n<div id=\"attachment_3726\" style=\"width: 1242px\" class=\"wp-caption alignnone\"><img loading=\"lazy\" decoding=\"async\" aria-describedby=\"caption-attachment-3726\" class=\"wp-image-3726 size-full\" src=\"https:\/\/kunmedierne.dk\/thy\/wp-content\/uploads\/sites\/2\/2025\/05\/Design-uden-navn-95.jpg\" alt=\"\" width=\"1232\" height=\"821\" srcset=\"https:\/\/kunmedierne.dk\/thy\/wp-content\/uploads\/sites\/2\/2025\/05\/Design-uden-navn-95.jpg 1232w, https:\/\/kunmedierne.dk\/thy\/wp-content\/uploads\/sites\/2\/2025\/05\/Design-uden-navn-95-300x200.jpg 300w, https:\/\/kunmedierne.dk\/thy\/wp-content\/uploads\/sites\/2\/2025\/05\/Design-uden-navn-95-1024x682.jpg 1024w, https:\/\/kunmedierne.dk\/thy\/wp-content\/uploads\/sites\/2\/2025\/05\/Design-uden-navn-95-510x340.jpg 510w\" sizes=\"auto, (max-width: 1232px) 100vw, 1232px\" \/><p id=\"caption-attachment-3726\" class=\"wp-caption-text\">Fra afslutningen af Stafet for Livet 2024. Foto: Ole Vognstoft.<\/p><\/div>\n<p>&nbsp;<\/p>\n","protected":false},"excerpt":{"rendered":"<p>THISTED: &#8211; Man kan godt m\u00e6rke det her s\u00e6rlige f\u00e6llesskab p\u00e5 s\u00e5dan en dag. En s\u00e6rlig \u00e5nd. Vi m\u00f8des alle aldersgrupper om en sag, der kommer til at ber\u00f8re os alle p\u00e5 et tidspunkt i livet. S\u00e5dan lyder det fra Preben Dahlgaard, der er formand for Stafet for Livet. Stafet for Livet er en \u00e5rlig [&hellip;]<\/p>\n","protected":false},"author":1925,"featured_media":0,"comment_status":"closed","ping_status":"closed","sticky":false,"template":"","format":"standard","meta":{"_acf_changed":false,"footnotes":""},"categories":[24],"tags":[38,47],"class_list":["post-3711","post","type-post","status-publish","format-standard","hentry","category-lokalt","tag-mennesker","tag-sundhed"],"acf":[],"yoast_head":"<!-- This site is optimized with the Yoast SEO plugin v26.8 - https:\/\/yoast.com\/product\/yoast-seo-wordpress\/ -->\n<title>Stafet for livet - om at t\u00e6nde lys for hinanden - Thy<\/title>\n<meta name=\"robots\" content=\"index, follow, max-snippet:-1, max-image-preview:large, max-video-preview:-1\" \/>\n<link rel=\"canonical\" href=\"https:\/\/kunmedierne.dk\/thy\/stafet-for-livet-om-at-taende-lys-for-hinanden\/\" \/>\n<meta property=\"og:locale\" content=\"da_DK\" \/>\n<meta property=\"og:type\" content=\"article\" \/>\n<meta property=\"og:title\" content=\"Stafet for livet - om at t\u00e6nde lys for hinanden - Thy\" \/>\n<meta property=\"og:description\" content=\"THISTED: &#8211; Man kan godt m\u00e6rke det her s\u00e6rlige f\u00e6llesskab p\u00e5 s\u00e5dan en dag. En s\u00e6rlig \u00e5nd. Vi m\u00f8des alle aldersgrupper om en sag, der kommer til at ber\u00f8re os alle p\u00e5 et tidspunkt i livet. S\u00e5dan lyder det fra Preben Dahlgaard, der er formand for Stafet for Livet. Stafet for Livet er en \u00e5rlig [&hellip;]\" \/>\n<meta property=\"og:url\" content=\"https:\/\/kunmedierne.dk\/thy\/stafet-for-livet-om-at-taende-lys-for-hinanden\/\" \/>\n<meta property=\"og:site_name\" content=\"Thy\" \/>\n<meta property=\"article:published_time\" content=\"2025-05-18T09:52:39+00:00\" \/>\n<meta property=\"og:image\" content=\"https:\/\/kunmedierne.dk\/thy\/wp-content\/uploads\/sites\/2\/2025\/05\/Design-uden-navn-95.jpg\" \/>\n<meta name=\"author\" content=\"Lone L\u00e6rke Krog\" \/>\n<meta name=\"twitter:card\" content=\"summary_large_image\" \/>\n<meta name=\"twitter:label1\" content=\"Skrevet af\" \/>\n\t<meta name=\"twitter:data1\" content=\"Lone L\u00e6rke Krog\" \/>\n\t<meta name=\"twitter:label2\" content=\"Estimeret l\u00e6setid\" \/>\n\t<meta name=\"twitter:data2\" content=\"3 minutter\" \/>\n<script type=\"application\/ld+json\" class=\"yoast-schema-graph\">{\"@context\":\"https:\/\/schema.org\",\"@graph\":[{\"@type\":\"Article\",\"@id\":\"https:\/\/kunmedierne.dk\/thy\/stafet-for-livet-om-at-taende-lys-for-hinanden\/#article\",\"isPartOf\":{\"@id\":\"https:\/\/kunmedierne.dk\/thy\/stafet-for-livet-om-at-taende-lys-for-hinanden\/\"},\"author\":{\"name\":\"Lone L\u00e6rke Krog\",\"@id\":\"https:\/\/kunmedierne.dk\/thy\/#\/schema\/person\/d266634ba6550d075ecf540d63b245d2\"},\"headline\":\"Stafet for livet &#8211; om at t\u00e6nde lys for hinanden\",\"datePublished\":\"2025-05-18T09:52:39+00:00\",\"mainEntityOfPage\":{\"@id\":\"https:\/\/kunmedierne.dk\/thy\/stafet-for-livet-om-at-taende-lys-for-hinanden\/\"},\"wordCount\":575,\"publisher\":{\"@id\":\"https:\/\/kunmedierne.dk\/thy\/#organization\"},\"image\":{\"@id\":\"https:\/\/kunmedierne.dk\/thy\/stafet-for-livet-om-at-taende-lys-for-hinanden\/#primaryimage\"},\"thumbnailUrl\":\"https:\/\/kunmedierne.dk\/thy\/wp-content\/uploads\/sites\/2\/2025\/05\/Design-uden-navn-95.jpg\",\"keywords\":[\"Mennesker\",\"Sundhed\"],\"articleSection\":[\"Lokalt\"],\"inLanguage\":\"da-DK\"},{\"@type\":\"WebPage\",\"@id\":\"https:\/\/kunmedierne.dk\/thy\/stafet-for-livet-om-at-taende-lys-for-hinanden\/\",\"url\":\"https:\/\/kunmedierne.dk\/thy\/stafet-for-livet-om-at-taende-lys-for-hinanden\/\",\"name\":\"Stafet for livet - om at t\u00e6nde lys for hinanden - Thy\",\"isPartOf\":{\"@id\":\"https:\/\/kunmedierne.dk\/thy\/#website\"},\"primaryImageOfPage\":{\"@id\":\"https:\/\/kunmedierne.dk\/thy\/stafet-for-livet-om-at-taende-lys-for-hinanden\/#primaryimage\"},\"image\":{\"@id\":\"https:\/\/kunmedierne.dk\/thy\/stafet-for-livet-om-at-taende-lys-for-hinanden\/#primaryimage\"},\"thumbnailUrl\":\"https:\/\/kunmedierne.dk\/thy\/wp-content\/uploads\/sites\/2\/2025\/05\/Design-uden-navn-95.jpg\",\"datePublished\":\"2025-05-18T09:52:39+00:00\",\"breadcrumb\":{\"@id\":\"https:\/\/kunmedierne.dk\/thy\/stafet-for-livet-om-at-taende-lys-for-hinanden\/#breadcrumb\"},\"inLanguage\":\"da-DK\",\"potentialAction\":[{\"@type\":\"ReadAction\",\"target\":[\"https:\/\/kunmedierne.dk\/thy\/stafet-for-livet-om-at-taende-lys-for-hinanden\/\"]}]},{\"@type\":\"ImageObject\",\"inLanguage\":\"da-DK\",\"@id\":\"https:\/\/kunmedierne.dk\/thy\/stafet-for-livet-om-at-taende-lys-for-hinanden\/#primaryimage\",\"url\":\"https:\/\/kunmedierne.dk\/thy\/wp-content\/uploads\/sites\/2\/2025\/05\/Design-uden-navn-95.jpg\",\"contentUrl\":\"https:\/\/kunmedierne.dk\/thy\/wp-content\/uploads\/sites\/2\/2025\/05\/Design-uden-navn-95.jpg\",\"width\":1232,\"height\":821},{\"@type\":\"BreadcrumbList\",\"@id\":\"https:\/\/kunmedierne.dk\/thy\/stafet-for-livet-om-at-taende-lys-for-hinanden\/#breadcrumb\",\"itemListElement\":[{\"@type\":\"ListItem\",\"position\":1,\"name\":\"Home\",\"item\":\"https:\/\/kunmedierne.dk\/thy\/\"},{\"@type\":\"ListItem\",\"position\":2,\"name\":\"Stafet for livet &#8211; om at t\u00e6nde lys for hinanden\"}]},{\"@type\":\"WebSite\",\"@id\":\"https:\/\/kunmedierne.dk\/thy\/#website\",\"url\":\"https:\/\/kunmedierne.dk\/thy\/\",\"name\":\"Thy\",\"description\":\"et netmedie med journalistik om livet i Thy\",\"publisher\":{\"@id\":\"https:\/\/kunmedierne.dk\/thy\/#organization\"},\"potentialAction\":[{\"@type\":\"SearchAction\",\"target\":{\"@type\":\"EntryPoint\",\"urlTemplate\":\"https:\/\/kunmedierne.dk\/thy\/?s={search_term_string}\"},\"query-input\":{\"@type\":\"PropertyValueSpecification\",\"valueRequired\":true,\"valueName\":\"search_term_string\"}}],\"inLanguage\":\"da-DK\"},{\"@type\":\"Organization\",\"@id\":\"https:\/\/kunmedierne.dk\/thy\/#organization\",\"name\":\"Thy\",\"url\":\"https:\/\/kunmedierne.dk\/thy\/\",\"logo\":{\"@type\":\"ImageObject\",\"inLanguage\":\"da-DK\",\"@id\":\"https:\/\/kunmedierne.dk\/thy\/#\/schema\/logo\/image\/\",\"url\":\"https:\/\/kunmedierne.dk\/thy\/wp-content\/uploads\/sites\/2\/2025\/04\/kunthy-logo.svg\",\"contentUrl\":\"https:\/\/kunmedierne.dk\/thy\/wp-content\/uploads\/sites\/2\/2025\/04\/kunthy-logo.svg\",\"caption\":\"Thy\"},\"image\":{\"@id\":\"https:\/\/kunmedierne.dk\/thy\/#\/schema\/logo\/image\/\"}},{\"@type\":\"Person\",\"@id\":\"https:\/\/kunmedierne.dk\/thy\/#\/schema\/person\/d266634ba6550d075ecf540d63b245d2\",\"name\":\"Lone L\u00e6rke Krog\",\"image\":{\"@type\":\"ImageObject\",\"inLanguage\":\"da-DK\",\"@id\":\"https:\/\/kunmedierne.dk\/thy\/#\/schema\/person\/image\/\",\"url\":\"https:\/\/secure.gravatar.com\/avatar\/496ddc7080e56b4ac64cfd4e56bd6d1ee396fa3db1923aa22f11346f60bb135b?s=96&d=mm&r=g\",\"contentUrl\":\"https:\/\/secure.gravatar.com\/avatar\/496ddc7080e56b4ac64cfd4e56bd6d1ee396fa3db1923aa22f11346f60bb135b?s=96&d=mm&r=g\",\"caption\":\"Lone L\u00e6rke Krog\"},\"url\":\"https:\/\/kunmedierne.dk\/thy\/author\/llk\/\"}]}<\/script>\n<!-- \/ Yoast SEO plugin. -->","yoast_head_json":{"title":"Stafet for livet - om at t\u00e6nde lys for hinanden - Thy","robots":{"index":"index","follow":"follow","max-snippet":"max-snippet:-1","max-image-preview":"max-image-preview:large","max-video-preview":"max-video-preview:-1"},"canonical":"https:\/\/kunmedierne.dk\/thy\/stafet-for-livet-om-at-taende-lys-for-hinanden\/","og_locale":"da_DK","og_type":"article","og_title":"Stafet for livet - om at t\u00e6nde lys for hinanden - Thy","og_description":"THISTED: &#8211; Man kan godt m\u00e6rke det her s\u00e6rlige f\u00e6llesskab p\u00e5 s\u00e5dan en dag. En s\u00e6rlig \u00e5nd. Vi m\u00f8des alle aldersgrupper om en sag, der kommer til at ber\u00f8re os alle p\u00e5 et tidspunkt i livet. S\u00e5dan lyder det fra Preben Dahlgaard, der er formand for Stafet for Livet. Stafet for Livet er en \u00e5rlig [&hellip;]","og_url":"https:\/\/kunmedierne.dk\/thy\/stafet-for-livet-om-at-taende-lys-for-hinanden\/","og_site_name":"Thy","article_published_time":"2025-05-18T09:52:39+00:00","og_image":[{"url":"https:\/\/kunmedierne.dk\/thy\/wp-content\/uploads\/sites\/2\/2025\/05\/Design-uden-navn-95.jpg","type":"","width":"","height":""}],"author":"Lone L\u00e6rke Krog","twitter_card":"summary_large_image","twitter_misc":{"Skrevet af":"Lone L\u00e6rke Krog","Estimeret l\u00e6setid":"3 minutter"},"schema":{"@context":"https:\/\/schema.org","@graph":[{"@type":"Article","@id":"https:\/\/kunmedierne.dk\/thy\/stafet-for-livet-om-at-taende-lys-for-hinanden\/#article","isPartOf":{"@id":"https:\/\/kunmedierne.dk\/thy\/stafet-for-livet-om-at-taende-lys-for-hinanden\/"},"author":{"name":"Lone L\u00e6rke Krog","@id":"https:\/\/kunmedierne.dk\/thy\/#\/schema\/person\/d266634ba6550d075ecf540d63b245d2"},"headline":"Stafet for livet &#8211; om at t\u00e6nde lys for hinanden","datePublished":"2025-05-18T09:52:39+00:00","mainEntityOfPage":{"@id":"https:\/\/kunmedierne.dk\/thy\/stafet-for-livet-om-at-taende-lys-for-hinanden\/"},"wordCount":575,"publisher":{"@id":"https:\/\/kunmedierne.dk\/thy\/#organization"},"image":{"@id":"https:\/\/kunmedierne.dk\/thy\/stafet-for-livet-om-at-taende-lys-for-hinanden\/#primaryimage"},"thumbnailUrl":"https:\/\/kunmedierne.dk\/thy\/wp-content\/uploads\/sites\/2\/2025\/05\/Design-uden-navn-95.jpg","keywords":["Mennesker","Sundhed"],"articleSection":["Lokalt"],"inLanguage":"da-DK"},{"@type":"WebPage","@id":"https:\/\/kunmedierne.dk\/thy\/stafet-for-livet-om-at-taende-lys-for-hinanden\/","url":"https:\/\/kunmedierne.dk\/thy\/stafet-for-livet-om-at-taende-lys-for-hinanden\/","name":"Stafet for livet - om at t\u00e6nde lys for hinanden - Thy","isPartOf":{"@id":"https:\/\/kunmedierne.dk\/thy\/#website"},"primaryImageOfPage":{"@id":"https:\/\/kunmedierne.dk\/thy\/stafet-for-livet-om-at-taende-lys-for-hinanden\/#primaryimage"},"image":{"@id":"https:\/\/kunmedierne.dk\/thy\/stafet-for-livet-om-at-taende-lys-for-hinanden\/#primaryimage"},"thumbnailUrl":"https:\/\/kunmedierne.dk\/thy\/wp-content\/uploads\/sites\/2\/2025\/05\/Design-uden-navn-95.jpg","datePublished":"2025-05-18T09:52:39+00:00","breadcrumb":{"@id":"https:\/\/kunmedierne.dk\/thy\/stafet-for-livet-om-at-taende-lys-for-hinanden\/#breadcrumb"},"inLanguage":"da-DK","potentialAction":[{"@type":"ReadAction","target":["https:\/\/kunmedierne.dk\/thy\/stafet-for-livet-om-at-taende-lys-for-hinanden\/"]}]},{"@type":"ImageObject","inLanguage":"da-DK","@id":"https:\/\/kunmedierne.dk\/thy\/stafet-for-livet-om-at-taende-lys-for-hinanden\/#primaryimage","url":"https:\/\/kunmedierne.dk\/thy\/wp-content\/uploads\/sites\/2\/2025\/05\/Design-uden-navn-95.jpg","contentUrl":"https:\/\/kunmedierne.dk\/thy\/wp-content\/uploads\/sites\/2\/2025\/05\/Design-uden-navn-95.jpg","width":1232,"height":821},{"@type":"BreadcrumbList","@id":"https:\/\/kunmedierne.dk\/thy\/stafet-for-livet-om-at-taende-lys-for-hinanden\/#breadcrumb","itemListElement":[{"@type":"ListItem","position":1,"name":"Home","item":"https:\/\/kunmedierne.dk\/thy\/"},{"@type":"ListItem","position":2,"name":"Stafet for livet &#8211; om at t\u00e6nde lys for hinanden"}]},{"@type":"WebSite","@id":"https:\/\/kunmedierne.dk\/thy\/#website","url":"https:\/\/kunmedierne.dk\/thy\/","name":"Thy","description":"et netmedie med journalistik om livet i Thy","publisher":{"@id":"https:\/\/kunmedierne.dk\/thy\/#organization"},"potentialAction":[{"@type":"SearchAction","target":{"@type":"EntryPoint","urlTemplate":"https:\/\/kunmedierne.dk\/thy\/?s={search_term_string}"},"query-input":{"@type":"PropertyValueSpecification","valueRequired":true,"valueName":"search_term_string"}}],"inLanguage":"da-DK"},{"@type":"Organization","@id":"https:\/\/kunmedierne.dk\/thy\/#organization","name":"Thy","url":"https:\/\/kunmedierne.dk\/thy\/","logo":{"@type":"ImageObject","inLanguage":"da-DK","@id":"https:\/\/kunmedierne.dk\/thy\/#\/schema\/logo\/image\/","url":"https:\/\/kunmedierne.dk\/thy\/wp-content\/uploads\/sites\/2\/2025\/04\/kunthy-logo.svg","contentUrl":"https:\/\/kunmedierne.dk\/thy\/wp-content\/uploads\/sites\/2\/2025\/04\/kunthy-logo.svg","caption":"Thy"},"image":{"@id":"https:\/\/kunmedierne.dk\/thy\/#\/schema\/logo\/image\/"}},{"@type":"Person","@id":"https:\/\/kunmedierne.dk\/thy\/#\/schema\/person\/d266634ba6550d075ecf540d63b245d2","name":"Lone L\u00e6rke Krog","image":{"@type":"ImageObject","inLanguage":"da-DK","@id":"https:\/\/kunmedierne.dk\/thy\/#\/schema\/person\/image\/","url":"https:\/\/secure.gravatar.com\/avatar\/496ddc7080e56b4ac64cfd4e56bd6d1ee396fa3db1923aa22f11346f60bb135b?s=96&d=mm&r=g","contentUrl":"https:\/\/secure.gravatar.com\/avatar\/496ddc7080e56b4ac64cfd4e56bd6d1ee396fa3db1923aa22f11346f60bb135b?s=96&d=mm&r=g","caption":"Lone L\u00e6rke Krog"},"url":"https:\/\/kunmedierne.dk\/thy\/author\/llk\/"}]}},"_links":{"self":[{"href":"https:\/\/kunmedierne.dk\/thy\/wp-json\/wp\/v2\/posts\/3711","targetHints":{"allow":["GET"]}}],"collection":[{"href":"https:\/\/kunmedierne.dk\/thy\/wp-json\/wp\/v2\/posts"}],"about":[{"href":"https:\/\/kunmedierne.dk\/thy\/wp-json\/wp\/v2\/types\/post"}],"author":[{"embeddable":true,"href":"https:\/\/kunmedierne.dk\/thy\/wp-json\/wp\/v2\/users\/1925"}],"replies":[{"embeddable":true,"href":"https:\/\/kunmedierne.dk\/thy\/wp-json\/wp\/v2\/comments?post=3711"}],"version-history":[{"count":8,"href":"https:\/\/kunmedierne.dk\/thy\/wp-json\/wp\/v2\/posts\/3711\/revisions"}],"predecessor-version":[{"id":3729,"href":"https:\/\/kunmedierne.dk\/thy\/wp-json\/wp\/v2\/posts\/3711\/revisions\/3729"}],"wp:attachment":[{"href":"https:\/\/kunmedierne.dk\/thy\/wp-json\/wp\/v2\/media?parent=3711"}],"wp:term":[{"taxonomy":"category","embeddable":true,"href":"https:\/\/kunmedierne.dk\/thy\/wp-json\/wp\/v2\/categories?post=3711"},{"taxonomy":"post_tag","embeddable":true,"href":"https:\/\/kunmedierne.dk\/thy\/wp-json\/wp\/v2\/tags?post=3711"}],"curies":[{"name":"wp","href":"https:\/\/api.w.org\/{rel}","templated":true}]}}