{"id":3406,"date":"2025-05-10T14:28:16","date_gmt":"2025-05-10T12:28:16","guid":{"rendered":"https:\/\/kunmedierne.dk\/thy\/?p=3406"},"modified":"2025-05-10T13:28:44","modified_gmt":"2025-05-10T11:28:44","slug":"naar-svend-selv-skal-sige-det-var-han-den-bedste-minister-landet-aldrig-fik","status":"publish","type":"post","link":"https:\/\/kunmedierne.dk\/thy\/naar-svend-selv-skal-sige-det-var-han-den-bedste-minister-landet-aldrig-fik\/","title":{"rendered":"N\u00e5r Svend selv skal sige det, var han den bedste minister, landet aldrig fik"},"content":{"rendered":"<p><strong>HANSTHOLM: <\/strong>I takt med alderen bliver mere og mere til fortid. M\u00e5ske er det derfor, at fortiden fylder meget for mange \u00e6ldre.<\/p>\n<p>Men i Hanstholm sidder en mand, som uden problemer fort\u00e6ller levende om fortiden med et skarpt \u00f8je for nutiden og en helt klar holdning til den fremtid, som han ser den med den indsigt, der er samlet gennem nu 90 leve\u00e5rs erfaringer.<\/p>\n<a class=\"dvrt-link\" onClick=\"cdmtrack_click(683,jQuery(this));return false\" href=\"https:\/\/vester-begr.dk\/?utm_source=google&amp;utm_medium=advative&amp;gad_source=1&amp;gclid=Cj0KCQjwtJ6_BhDWARIsAGanmKfl-hGVVjCYiOgSKoGoxrow4kvXybZsnruKJYTslvqZDywT6a9PCQwaAmBjEALw_wcB\"><img decoding=\"async\" style=\"width:100%;\" src=\"https:\/\/kunmedierne.dk\/thy\/wp-content\/uploads\/sites\/2\/2025\/03\/260203VesterHoukaer-02022026.jpg\"><\/a><script>cdmtrack_view(683);<\/script>\n<p>Manden er Svend Heiselberg. 11. maj fylder han 90 \u00e5r, og g\u00f8r det med en energi, som snildt tager pusten fra noget yngre medborgere. Men alderen er ikke det, der tynger f\u00f8dselaren i den sydvendte udestue p\u00e5 Astersv\u00e6nget en solskinsdag i maj.<\/p>\n<p>Bag glasset er der lunt, udsigt til gr\u00f8nne arealer, bl\u00e5 himmel og et kig helt ud til kanten. Ikke af verden, men til kanten p\u00e5 Brunbjerg Skr\u00e6nt for hvis fod Hanstholm Vildreservat folder sig ud. Det er en kant, f\u00f8dselaren j\u00e6vnligt g\u00e5r ud til, for her er en udsigt, ingen bliver tr\u00e6t af.<\/p>\n<p>Her og nu er der ingen kanter, der skal passeres. Det handler mest om at se tilbage for at finde nogle af de ender, nutiden er bundet af og om at se fremad og give et bud p\u00e5 retningen for vejen mod fremtiden, hvor asfalten l\u00e6gges, mens der k\u00f8res. Ikke mindst n\u00e5r der tales Hanstholm.<\/p>\n<p>&#8211; M\u00e5ske skulle jeg bare tie stille. Det er der nok mange, som mener. Mine b\u00f8rn g\u00f8r i hvert fald, men jeg kan ikke lade v\u00e6re. For der er s\u00e5 mange ting at tage fat i, siger Svend Heiselberg. Stadig med tanke for Hanstholm, havnen og det samfund, der har betydet meget for ham, siden han fik en kraftig opfordring til at flytte fra Agger til Hanstholm og den havn, fiskeriet selv havde bedt om &#8211; og som dengang i 1967 var klar til brug.<\/p>\n<p>&nbsp;<\/p>\n<p><strong>Ansvar og anst\u00e6ndighed<\/strong><\/p>\n<p>Da handlede det om anst\u00e6ndighed og om at tage ansvar for &#8220;gaven&#8221; til fiskeriet. I hvert fald hvis det stod til J\u00f8rgen Halck, kontorchef og senere departementschef i Trafikministeriet. Og manden, der kunne g\u00f8re det, var Svend Heiselberg, fisker og formand for fiskeriforeningen i Agger. Efter at have t\u00e6nkt tingene igennem og r\u00e5df\u00f8rt sig med sin kone, Betty, var der kun et at g\u00f8re. S\u00e6lge kutter og et nybygget hus i Agger og flytte til Hanstholm for at tage ansvar og vise anst\u00e6ndighed.<\/p>\n<a class=\"dvrt-link\" onClick=\"cdmtrack_click(683,jQuery(this));return false\" href=\"https:\/\/vester-begr.dk\/?utm_source=google&amp;utm_medium=advative&amp;gad_source=1&amp;gclid=Cj0KCQjwtJ6_BhDWARIsAGanmKfl-hGVVjCYiOgSKoGoxrow4kvXybZsnruKJYTslvqZDywT6a9PCQwaAmBjEALw_wcB\"><img decoding=\"async\" style=\"width:100%;\" src=\"https:\/\/kunmedierne.dk\/thy\/wp-content\/uploads\/sites\/2\/2025\/03\/260203VesterHoukaer-02022026.jpg\"><\/a><script>cdmtrack_view(683);<\/script>\n<p>Dermed havde Svend Heiselberg taget f\u00f8rste skridt p\u00e5 vejen til at v\u00e6re havnens og fiskeriets mand, men ogs\u00e5 til en politisk karriere som sogner\u00e5dspolitiker, kommunalpolitiker, amtspolitiker, regionsr\u00e5dspolitiker &#8211; og ikke mindst folketingspolitiker for Venstre. I den sidste rolle kendt som en af de, der mestrede kunsten at samle mange forskellige politiske kokke, n\u00e5r der skulle r\u00f8res dej til mere end en politisk r\u00e6vekage, som ofte blev spist uden indvendinger, n\u00e5r den f\u00f8rst var bagt f\u00e6rdig.<\/p>\n<p>&#8211; N\u00e5r jeg har n\u00e5et, hvad jeg har n\u00e5et som politiker, er det nok mere en sum af tilf\u00e6ldigheder end bevidst planl\u00e6gning, siger Svend Heiselberg med en bem\u00e6rkning om, at han aldrig var kommet i Folketinget, hvis han stillede op i dag. Nu er folketingspolitik en karriere for veluddannede og veltalende unge mennesker.<\/p>\n<p>&nbsp;<\/p>\n<p><strong>Det kan v\u00e6re klogt at tie stille<\/strong><\/p>\n<p>&#8211; Jeg n\u00e5ede trods alt at side i Folketinget i 25 \u00e5r og var p\u00e5 valg otte gange. Jeg overvejede at opstille en niende gang, men s\u00e5 var det et sp\u00f8rgsm\u00e5l om at vige pladsen for andre og yngre og mere skolede mennesker. Jeg kom med min baggrund, de kommer med deres. De er m\u00e5ske smartere og t\u00e6nker i politiske karrierer. Jeg var nok fr\u00e6kkere og ikke bleg for at sige min mening. Ogs\u00e5 n\u00e5r det havde v\u00e6ret klogere at tie stille overfor dem, der havde det sidste ord.<\/p>\n<a class=\"dvrt-link\" onClick=\"cdmtrack_click(685,jQuery(this));return false\" href=\"https:\/\/wensien.dk\/begravelse\/?gad_source=1&gclid=Cj0KCQjwtJ6_BhDWARIsAGanmKcWw6hbeoepGti1oApJGHln52gMbg8EBRZ86__3P1AJZ5dcsw4ZvNEaAk7JEALw_wcB\"><img decoding=\"async\" style=\"width:100%;\" src=\"https:\/\/kunmedierne.dk\/thy\/wp-content\/uploads\/sites\/2\/2025\/03\/wensien-stenhugger.jpg\"><\/a><script>cdmtrack_view(685);<\/script>\n<p>Politik handler ikke bare om meninger. Det handler om at st\u00e5 fast p\u00e5 dem. Ogs\u00e5 n\u00e5r der laves aftaler. Dem har Svend Heiselberg lavet en hel del af, ikke mindst som medlem af &#8220;trafikmafiaen&#8221;, hvor han sammen med den konservative Kaj Ikast og skiftende socialdemokratiske trafikordf\u00f8rere fik handlet sig til mange vejprojekter i Jylland mod til geng\u00e6ld at st\u00f8tte projekter p\u00e5 Sj\u00e6lland. Helt lavpraktisk arbejdede &#8220;mafiaen&#8221; for at finde de bedste l\u00f8sninger for de fleste, frem for at forf\u00f8lge egne politiske m\u00e6rkesager.<\/p>\n<p>&#8211; Engang troede jeg, at det var vigtigt at drille S og SF, men efterh\u00e5nden finder man ud af, at det er bedre at samarbejde, fort\u00e6ller Svend Heiselberg.<\/p>\n<p>Han havde en tallerken, hvor der var tegnet nogle felter ind. K\u00f8benhavn, Fyn og s\u00e5 videre &#8211; og s\u00e5 var der et lille felt til det nordvestjyske. N\u00e5r der blev fyldt projekter i de andre felter, skulle der ogs\u00e5 gerne v\u00e6re noget i det nordvestjyske, hvis der skulle komme aftaler ud af det.<\/p>\n<p>&nbsp;<\/p>\n<p><strong>Minister blev han aldrig<\/strong><\/p>\n<p>Trods sine mange \u00e5r som trafikordf\u00f8rer n\u00e5ede han aldrig at smykke sig med titlen som minister. Det italesatte han overfor Lars Lykke Rasmussen, da han som statsminister var i Hanstholm i anledning af havnens 50 \u00e5rs jubil\u00e6um i 2017.<\/p>\n<p>&#8211; Jeg er nok den bedste minister, landet aldrig fik, l\u00f8d det bramfrit med tanke for posten som fiskeriminister.<\/p>\n<p>&#8211; Enhver folketingspolitiker har en dr\u00f8m om at blive minister. Jeg blev aldrig fiskeriminister, men i \u00e5renes l\u00f8b har der v\u00e6ret rigtig mange ministre uden forstand p\u00e5 fiskeri, konstaterer Svend Heiselberg og tilf\u00f8jer, at han ogs\u00e5 havde v\u00e6ret en god minister for transport- og trafikomr\u00e5det. Men selv uden en ministertitel p\u00e5 CV&#8217;et konstaterer han, at han sammen med den \u00f8vrige trafikmafia form\u00e5ede at s\u00e6tte kraftige aftryk p\u00e5 det trafikale landkort.<\/p>\n<p>&#8211; Og husk at man v\u00e6lges til folketinget. Det skal man g\u00f8res sig fortjent til, men udn\u00e6vnes til minister, fordi nogen synes, man skal v\u00e6re det. Jeg glemte m\u00e5ske at v\u00e6re der, hvor det er bedst at v\u00e6re, n\u00e5r ministre udn\u00e6vnes.<\/p>\n<p>&nbsp;<\/p>\n<p><strong>Optaget af havnens fremtid<\/strong><\/p>\n<p>Selv om Christiansborg har fyldt meget i Svend Heiselbergs politiske liv, har han aldrig mistet forbindelsen til Nordvestjylland, Agger og Hanstholm.<\/p>\n<p>&#8211; Omr\u00e5det optager mig meget. Hanstholm ikke mindst, og n\u00e5r jeg tillader mig at mene noget om havnen, er det m\u00e5ske fordi jeg kan sige og mene noget, andre ikke kan.<\/p>\n<p>Derfor griber Svend Heiselberg enhver mulighed for at mene noget. Ogs\u00e5 om den havn, der aldrig udviklede sig til den store fiskerihavn, den kunne v\u00e6re blevet.<\/p>\n<p>&#8211; Det er trist, men det skyldes udviklingen. Derimod er det \u00e6rgerligt, at Hanstholm gennem \u00e5rene har v\u00e6ret for d\u00e5rlig til at t\u00e6nke l\u00e6ngere frem og overveje, hvad man ogs\u00e5 kan v\u00e6re dygtig til. Vi har dygtige eksport\u00f8rer, der oms\u00e6ttes stadig fisk for uhyre summer, men hvor forarbejdes de. Ikke i Hanstholm, for de fleste k\u00f8res v\u00e6k. Der har v\u00e6ret og er stadig mange penge i Hanstholm, men der har v\u00e6ret for f\u00e5 med vilje til at investere i at udvikle nye aktiviteter. Derfor ligner havnen stadig selv selv, som den s\u00e5 ud for \u00e5r tilbage. Bortset fra, den er blevet st\u00f8rre.<\/p>\n<a class=\"dvrt-link\" onClick=\"cdmtrack_click(683,jQuery(this));return false\" href=\"https:\/\/vester-begr.dk\/?utm_source=google&amp;utm_medium=advative&amp;gad_source=1&amp;gclid=Cj0KCQjwtJ6_BhDWARIsAGanmKfl-hGVVjCYiOgSKoGoxrow4kvXybZsnruKJYTslvqZDywT6a9PCQwaAmBjEALw_wcB\"><img decoding=\"async\" style=\"width:100%;\" src=\"https:\/\/kunmedierne.dk\/thy\/wp-content\/uploads\/sites\/2\/2025\/03\/260203VesterHoukaer-02022026.jpg\"><\/a><script>cdmtrack_view(683);<\/script>\n<p>Havnen er blevet st\u00f8rre med tanke for fremtidens muligheder. I Heiselbergs optik bliver de meget anderledes end hidtil. F\u00e6rgefart er et afsluttet kapitel, og fiskeriet er tr\u00e6ngt.<\/p>\n<p>&#8211; Jeg tror ikke, det kan blive ringere end nu, men havnen er vel heller ikke k\u00f8bt for sjov skyld, siger han med tanke for at Hanstholm Havn 1. august bliver til et aktieselskab med ADP, Associated Danish Ports A\/S, som hovedaktion\u00e6r.<\/p>\n<p>&#8211; Vi vil opleve en ny ejer som, f\u00e5r os til at t\u00e6nke anderledes og der vil komme en anden erkendelse af, at nogen stiller krav til, hvad der er n\u00f8dvendigt for at drive havnen som forretning. S\u00e5 kan vi pive eller lade v\u00e6re.<\/p>\n<p>&nbsp;<\/p>\n<div id=\"attachment_3428\" style=\"width: 1242px\" class=\"wp-caption alignnone\"><img loading=\"lazy\" decoding=\"async\" aria-describedby=\"caption-attachment-3428\" class=\"wp-image-3428 size-full\" src=\"https:\/\/kunmedierne.dk\/thy\/wp-content\/uploads\/sites\/2\/2025\/05\/Design-uden-navn-2025-05-09T203632.760.jpg\" alt=\"\" width=\"1232\" height=\"821\" srcset=\"https:\/\/kunmedierne.dk\/thy\/wp-content\/uploads\/sites\/2\/2025\/05\/Design-uden-navn-2025-05-09T203632.760.jpg 1232w, https:\/\/kunmedierne.dk\/thy\/wp-content\/uploads\/sites\/2\/2025\/05\/Design-uden-navn-2025-05-09T203632.760-300x200.jpg 300w, https:\/\/kunmedierne.dk\/thy\/wp-content\/uploads\/sites\/2\/2025\/05\/Design-uden-navn-2025-05-09T203632.760-1024x682.jpg 1024w, https:\/\/kunmedierne.dk\/thy\/wp-content\/uploads\/sites\/2\/2025\/05\/Design-uden-navn-2025-05-09T203632.760-510x340.jpg 510w\" sizes=\"auto, (max-width: 1232px) 100vw, 1232px\" \/><p id=\"caption-attachment-3428\" class=\"wp-caption-text\">Ind imellem skal noget luges v\u00e6k for at andet kan vokse frem. Det g\u00e6lder b\u00e5de i haven, men ogs\u00e5 i politik, hvor Svend Heiselberg tidligere var med til at s\u00e6tte fr\u00f8, der voksede til politiske aftaler. Foto: Jens Fogh-Andersen<\/p><\/div>\n<p>&nbsp;<\/p>\n<div id=\"attachment_3210\" style=\"width: 1242px\" class=\"wp-caption alignnone\"><img loading=\"lazy\" decoding=\"async\" aria-describedby=\"caption-attachment-3210\" class=\"wp-image-3210 size-full\" src=\"https:\/\/kunmedierne.dk\/thy\/wp-content\/uploads\/sites\/2\/2025\/05\/Design-uden-navn-2025-05-07T153005.398.jpg\" alt=\"\" width=\"1232\" height=\"821\" srcset=\"https:\/\/kunmedierne.dk\/thy\/wp-content\/uploads\/sites\/2\/2025\/05\/Design-uden-navn-2025-05-07T153005.398.jpg 1232w, https:\/\/kunmedierne.dk\/thy\/wp-content\/uploads\/sites\/2\/2025\/05\/Design-uden-navn-2025-05-07T153005.398-300x200.jpg 300w, https:\/\/kunmedierne.dk\/thy\/wp-content\/uploads\/sites\/2\/2025\/05\/Design-uden-navn-2025-05-07T153005.398-1024x682.jpg 1024w, https:\/\/kunmedierne.dk\/thy\/wp-content\/uploads\/sites\/2\/2025\/05\/Design-uden-navn-2025-05-07T153005.398-510x340.jpg 510w\" sizes=\"auto, (max-width: 1232px) 100vw, 1232px\" \/><p id=\"caption-attachment-3210\" class=\"wp-caption-text\">Svend Heiselberg, 90 \u00e5r 11. maj 2025. Foto: Jens Fogh-Andersen<\/p><\/div>\n<p>&nbsp;<\/p>\n<p>&nbsp;<\/p>\n","protected":false},"excerpt":{"rendered":"<p>HANSTHOLM: I takt med alderen bliver mere og mere til fortid. M\u00e5ske er det derfor, at fortiden fylder meget for mange \u00e6ldre. Men i Hanstholm sidder en mand, som uden problemer fort\u00e6ller levende om fortiden med et skarpt \u00f8je for nutiden og en helt klar holdning til den fremtid, som han ser den med den [&hellip;]<\/p>\n","protected":false},"author":4535,"featured_media":0,"comment_status":"closed","ping_status":"closed","sticky":false,"template":"","format":"standard","meta":{"_acf_changed":false,"footnotes":""},"categories":[23],"tags":[38],"class_list":["post-3406","post","type-post","status-publish","format-standard","hentry","category-thyboerne","tag-mennesker"],"acf":[],"yoast_head":"<!-- This site is optimized with the Yoast SEO plugin v26.8 - https:\/\/yoast.com\/product\/yoast-seo-wordpress\/ -->\n<title>N\u00e5r Svend selv skal sige det, var han den bedste minister, landet aldrig fik - Thy<\/title>\n<meta name=\"robots\" content=\"index, follow, max-snippet:-1, max-image-preview:large, max-video-preview:-1\" \/>\n<link rel=\"canonical\" href=\"https:\/\/kunmedierne.dk\/thy\/naar-svend-selv-skal-sige-det-var-han-den-bedste-minister-landet-aldrig-fik\/\" \/>\n<meta property=\"og:locale\" content=\"da_DK\" \/>\n<meta property=\"og:type\" content=\"article\" \/>\n<meta property=\"og:title\" content=\"N\u00e5r Svend selv skal sige det, var han den bedste minister, landet aldrig fik - Thy\" \/>\n<meta property=\"og:description\" content=\"HANSTHOLM: I takt med alderen bliver mere og mere til fortid. M\u00e5ske er det derfor, at fortiden fylder meget for mange \u00e6ldre. Men i Hanstholm sidder en mand, som uden problemer fort\u00e6ller levende om fortiden med et skarpt \u00f8je for nutiden og en helt klar holdning til den fremtid, som han ser den med den [&hellip;]\" \/>\n<meta property=\"og:url\" content=\"https:\/\/kunmedierne.dk\/thy\/naar-svend-selv-skal-sige-det-var-han-den-bedste-minister-landet-aldrig-fik\/\" \/>\n<meta property=\"og:site_name\" content=\"Thy\" \/>\n<meta property=\"article:published_time\" content=\"2025-05-10T12:28:16+00:00\" \/>\n<meta property=\"og:image\" content=\"https:\/\/kunmedierne.dk\/thy\/wp-content\/uploads\/sites\/2\/2025\/05\/Design-uden-navn-2025-05-09T203632.760.jpg\" \/>\n<meta name=\"author\" content=\"Jens Fogh Andersen\" \/>\n<meta name=\"twitter:card\" content=\"summary_large_image\" \/>\n<meta name=\"twitter:label1\" content=\"Skrevet af\" \/>\n\t<meta name=\"twitter:data1\" content=\"Jens Fogh Andersen\" \/>\n\t<meta name=\"twitter:label2\" content=\"Estimeret l\u00e6setid\" \/>\n\t<meta name=\"twitter:data2\" content=\"8 minutter\" \/>\n<script type=\"application\/ld+json\" class=\"yoast-schema-graph\">{\"@context\":\"https:\/\/schema.org\",\"@graph\":[{\"@type\":\"Article\",\"@id\":\"https:\/\/kunmedierne.dk\/thy\/naar-svend-selv-skal-sige-det-var-han-den-bedste-minister-landet-aldrig-fik\/#article\",\"isPartOf\":{\"@id\":\"https:\/\/kunmedierne.dk\/thy\/naar-svend-selv-skal-sige-det-var-han-den-bedste-minister-landet-aldrig-fik\/\"},\"author\":{\"name\":\"Jens Fogh Andersen\",\"@id\":\"https:\/\/kunmedierne.dk\/thy\/#\/schema\/person\/88f5be46809ca2a5533760eb574fef93\"},\"headline\":\"N\u00e5r Svend selv skal sige det, var han den bedste minister, landet aldrig fik\",\"datePublished\":\"2025-05-10T12:28:16+00:00\",\"mainEntityOfPage\":{\"@id\":\"https:\/\/kunmedierne.dk\/thy\/naar-svend-selv-skal-sige-det-var-han-den-bedste-minister-landet-aldrig-fik\/\"},\"wordCount\":1444,\"publisher\":{\"@id\":\"https:\/\/kunmedierne.dk\/thy\/#organization\"},\"image\":{\"@id\":\"https:\/\/kunmedierne.dk\/thy\/naar-svend-selv-skal-sige-det-var-han-den-bedste-minister-landet-aldrig-fik\/#primaryimage\"},\"thumbnailUrl\":\"https:\/\/kunmedierne.dk\/thy\/wp-content\/uploads\/sites\/2\/2025\/05\/Design-uden-navn-2025-05-09T203632.760.jpg\",\"keywords\":[\"Mennesker\"],\"articleSection\":[\"Thyboerne\"],\"inLanguage\":\"da-DK\"},{\"@type\":\"WebPage\",\"@id\":\"https:\/\/kunmedierne.dk\/thy\/naar-svend-selv-skal-sige-det-var-han-den-bedste-minister-landet-aldrig-fik\/\",\"url\":\"https:\/\/kunmedierne.dk\/thy\/naar-svend-selv-skal-sige-det-var-han-den-bedste-minister-landet-aldrig-fik\/\",\"name\":\"N\u00e5r Svend selv skal sige det, var han den bedste minister, landet aldrig fik - Thy\",\"isPartOf\":{\"@id\":\"https:\/\/kunmedierne.dk\/thy\/#website\"},\"primaryImageOfPage\":{\"@id\":\"https:\/\/kunmedierne.dk\/thy\/naar-svend-selv-skal-sige-det-var-han-den-bedste-minister-landet-aldrig-fik\/#primaryimage\"},\"image\":{\"@id\":\"https:\/\/kunmedierne.dk\/thy\/naar-svend-selv-skal-sige-det-var-han-den-bedste-minister-landet-aldrig-fik\/#primaryimage\"},\"thumbnailUrl\":\"https:\/\/kunmedierne.dk\/thy\/wp-content\/uploads\/sites\/2\/2025\/05\/Design-uden-navn-2025-05-09T203632.760.jpg\",\"datePublished\":\"2025-05-10T12:28:16+00:00\",\"breadcrumb\":{\"@id\":\"https:\/\/kunmedierne.dk\/thy\/naar-svend-selv-skal-sige-det-var-han-den-bedste-minister-landet-aldrig-fik\/#breadcrumb\"},\"inLanguage\":\"da-DK\",\"potentialAction\":[{\"@type\":\"ReadAction\",\"target\":[\"https:\/\/kunmedierne.dk\/thy\/naar-svend-selv-skal-sige-det-var-han-den-bedste-minister-landet-aldrig-fik\/\"]}]},{\"@type\":\"ImageObject\",\"inLanguage\":\"da-DK\",\"@id\":\"https:\/\/kunmedierne.dk\/thy\/naar-svend-selv-skal-sige-det-var-han-den-bedste-minister-landet-aldrig-fik\/#primaryimage\",\"url\":\"https:\/\/kunmedierne.dk\/thy\/wp-content\/uploads\/sites\/2\/2025\/05\/Design-uden-navn-2025-05-09T203632.760.jpg\",\"contentUrl\":\"https:\/\/kunmedierne.dk\/thy\/wp-content\/uploads\/sites\/2\/2025\/05\/Design-uden-navn-2025-05-09T203632.760.jpg\",\"width\":1232,\"height\":821,\"caption\":\"Svend Heiselberg\"},{\"@type\":\"BreadcrumbList\",\"@id\":\"https:\/\/kunmedierne.dk\/thy\/naar-svend-selv-skal-sige-det-var-han-den-bedste-minister-landet-aldrig-fik\/#breadcrumb\",\"itemListElement\":[{\"@type\":\"ListItem\",\"position\":1,\"name\":\"Home\",\"item\":\"https:\/\/kunmedierne.dk\/thy\/\"},{\"@type\":\"ListItem\",\"position\":2,\"name\":\"N\u00e5r Svend selv skal sige det, var han den bedste minister, landet aldrig fik\"}]},{\"@type\":\"WebSite\",\"@id\":\"https:\/\/kunmedierne.dk\/thy\/#website\",\"url\":\"https:\/\/kunmedierne.dk\/thy\/\",\"name\":\"Thy\",\"description\":\"et netmedie med journalistik om livet i Thy\",\"publisher\":{\"@id\":\"https:\/\/kunmedierne.dk\/thy\/#organization\"},\"potentialAction\":[{\"@type\":\"SearchAction\",\"target\":{\"@type\":\"EntryPoint\",\"urlTemplate\":\"https:\/\/kunmedierne.dk\/thy\/?s={search_term_string}\"},\"query-input\":{\"@type\":\"PropertyValueSpecification\",\"valueRequired\":true,\"valueName\":\"search_term_string\"}}],\"inLanguage\":\"da-DK\"},{\"@type\":\"Organization\",\"@id\":\"https:\/\/kunmedierne.dk\/thy\/#organization\",\"name\":\"Thy\",\"url\":\"https:\/\/kunmedierne.dk\/thy\/\",\"logo\":{\"@type\":\"ImageObject\",\"inLanguage\":\"da-DK\",\"@id\":\"https:\/\/kunmedierne.dk\/thy\/#\/schema\/logo\/image\/\",\"url\":\"https:\/\/kunmedierne.dk\/thy\/wp-content\/uploads\/sites\/2\/2025\/04\/kunthy-logo.svg\",\"contentUrl\":\"https:\/\/kunmedierne.dk\/thy\/wp-content\/uploads\/sites\/2\/2025\/04\/kunthy-logo.svg\",\"caption\":\"Thy\"},\"image\":{\"@id\":\"https:\/\/kunmedierne.dk\/thy\/#\/schema\/logo\/image\/\"}},{\"@type\":\"Person\",\"@id\":\"https:\/\/kunmedierne.dk\/thy\/#\/schema\/person\/88f5be46809ca2a5533760eb574fef93\",\"name\":\"Jens Fogh Andersen\",\"image\":{\"@type\":\"ImageObject\",\"inLanguage\":\"da-DK\",\"@id\":\"https:\/\/kunmedierne.dk\/thy\/#\/schema\/person\/image\/\",\"url\":\"https:\/\/secure.gravatar.com\/avatar\/2b367a4ef139b1c41dccc9ee7af926b81f8b4cca3359772e86c7fd5ced26c0a3?s=96&d=mm&r=g\",\"contentUrl\":\"https:\/\/secure.gravatar.com\/avatar\/2b367a4ef139b1c41dccc9ee7af926b81f8b4cca3359772e86c7fd5ced26c0a3?s=96&d=mm&r=g\",\"caption\":\"Jens Fogh Andersen\"},\"url\":\"https:\/\/kunmedierne.dk\/thy\/author\/jfa\/\"}]}<\/script>\n<!-- \/ Yoast SEO plugin. -->","yoast_head_json":{"title":"N\u00e5r Svend selv skal sige det, var han den bedste minister, landet aldrig fik - Thy","robots":{"index":"index","follow":"follow","max-snippet":"max-snippet:-1","max-image-preview":"max-image-preview:large","max-video-preview":"max-video-preview:-1"},"canonical":"https:\/\/kunmedierne.dk\/thy\/naar-svend-selv-skal-sige-det-var-han-den-bedste-minister-landet-aldrig-fik\/","og_locale":"da_DK","og_type":"article","og_title":"N\u00e5r Svend selv skal sige det, var han den bedste minister, landet aldrig fik - Thy","og_description":"HANSTHOLM: I takt med alderen bliver mere og mere til fortid. M\u00e5ske er det derfor, at fortiden fylder meget for mange \u00e6ldre. Men i Hanstholm sidder en mand, som uden problemer fort\u00e6ller levende om fortiden med et skarpt \u00f8je for nutiden og en helt klar holdning til den fremtid, som han ser den med den [&hellip;]","og_url":"https:\/\/kunmedierne.dk\/thy\/naar-svend-selv-skal-sige-det-var-han-den-bedste-minister-landet-aldrig-fik\/","og_site_name":"Thy","article_published_time":"2025-05-10T12:28:16+00:00","og_image":[{"url":"https:\/\/kunmedierne.dk\/thy\/wp-content\/uploads\/sites\/2\/2025\/05\/Design-uden-navn-2025-05-09T203632.760.jpg","type":"","width":"","height":""}],"author":"Jens Fogh Andersen","twitter_card":"summary_large_image","twitter_misc":{"Skrevet af":"Jens Fogh Andersen","Estimeret l\u00e6setid":"8 minutter"},"schema":{"@context":"https:\/\/schema.org","@graph":[{"@type":"Article","@id":"https:\/\/kunmedierne.dk\/thy\/naar-svend-selv-skal-sige-det-var-han-den-bedste-minister-landet-aldrig-fik\/#article","isPartOf":{"@id":"https:\/\/kunmedierne.dk\/thy\/naar-svend-selv-skal-sige-det-var-han-den-bedste-minister-landet-aldrig-fik\/"},"author":{"name":"Jens Fogh Andersen","@id":"https:\/\/kunmedierne.dk\/thy\/#\/schema\/person\/88f5be46809ca2a5533760eb574fef93"},"headline":"N\u00e5r Svend selv skal sige det, var han den bedste minister, landet aldrig fik","datePublished":"2025-05-10T12:28:16+00:00","mainEntityOfPage":{"@id":"https:\/\/kunmedierne.dk\/thy\/naar-svend-selv-skal-sige-det-var-han-den-bedste-minister-landet-aldrig-fik\/"},"wordCount":1444,"publisher":{"@id":"https:\/\/kunmedierne.dk\/thy\/#organization"},"image":{"@id":"https:\/\/kunmedierne.dk\/thy\/naar-svend-selv-skal-sige-det-var-han-den-bedste-minister-landet-aldrig-fik\/#primaryimage"},"thumbnailUrl":"https:\/\/kunmedierne.dk\/thy\/wp-content\/uploads\/sites\/2\/2025\/05\/Design-uden-navn-2025-05-09T203632.760.jpg","keywords":["Mennesker"],"articleSection":["Thyboerne"],"inLanguage":"da-DK"},{"@type":"WebPage","@id":"https:\/\/kunmedierne.dk\/thy\/naar-svend-selv-skal-sige-det-var-han-den-bedste-minister-landet-aldrig-fik\/","url":"https:\/\/kunmedierne.dk\/thy\/naar-svend-selv-skal-sige-det-var-han-den-bedste-minister-landet-aldrig-fik\/","name":"N\u00e5r Svend selv skal sige det, var han den bedste minister, landet aldrig fik - Thy","isPartOf":{"@id":"https:\/\/kunmedierne.dk\/thy\/#website"},"primaryImageOfPage":{"@id":"https:\/\/kunmedierne.dk\/thy\/naar-svend-selv-skal-sige-det-var-han-den-bedste-minister-landet-aldrig-fik\/#primaryimage"},"image":{"@id":"https:\/\/kunmedierne.dk\/thy\/naar-svend-selv-skal-sige-det-var-han-den-bedste-minister-landet-aldrig-fik\/#primaryimage"},"thumbnailUrl":"https:\/\/kunmedierne.dk\/thy\/wp-content\/uploads\/sites\/2\/2025\/05\/Design-uden-navn-2025-05-09T203632.760.jpg","datePublished":"2025-05-10T12:28:16+00:00","breadcrumb":{"@id":"https:\/\/kunmedierne.dk\/thy\/naar-svend-selv-skal-sige-det-var-han-den-bedste-minister-landet-aldrig-fik\/#breadcrumb"},"inLanguage":"da-DK","potentialAction":[{"@type":"ReadAction","target":["https:\/\/kunmedierne.dk\/thy\/naar-svend-selv-skal-sige-det-var-han-den-bedste-minister-landet-aldrig-fik\/"]}]},{"@type":"ImageObject","inLanguage":"da-DK","@id":"https:\/\/kunmedierne.dk\/thy\/naar-svend-selv-skal-sige-det-var-han-den-bedste-minister-landet-aldrig-fik\/#primaryimage","url":"https:\/\/kunmedierne.dk\/thy\/wp-content\/uploads\/sites\/2\/2025\/05\/Design-uden-navn-2025-05-09T203632.760.jpg","contentUrl":"https:\/\/kunmedierne.dk\/thy\/wp-content\/uploads\/sites\/2\/2025\/05\/Design-uden-navn-2025-05-09T203632.760.jpg","width":1232,"height":821,"caption":"Svend Heiselberg"},{"@type":"BreadcrumbList","@id":"https:\/\/kunmedierne.dk\/thy\/naar-svend-selv-skal-sige-det-var-han-den-bedste-minister-landet-aldrig-fik\/#breadcrumb","itemListElement":[{"@type":"ListItem","position":1,"name":"Home","item":"https:\/\/kunmedierne.dk\/thy\/"},{"@type":"ListItem","position":2,"name":"N\u00e5r Svend selv skal sige det, var han den bedste minister, landet aldrig fik"}]},{"@type":"WebSite","@id":"https:\/\/kunmedierne.dk\/thy\/#website","url":"https:\/\/kunmedierne.dk\/thy\/","name":"Thy","description":"et netmedie med journalistik om livet i Thy","publisher":{"@id":"https:\/\/kunmedierne.dk\/thy\/#organization"},"potentialAction":[{"@type":"SearchAction","target":{"@type":"EntryPoint","urlTemplate":"https:\/\/kunmedierne.dk\/thy\/?s={search_term_string}"},"query-input":{"@type":"PropertyValueSpecification","valueRequired":true,"valueName":"search_term_string"}}],"inLanguage":"da-DK"},{"@type":"Organization","@id":"https:\/\/kunmedierne.dk\/thy\/#organization","name":"Thy","url":"https:\/\/kunmedierne.dk\/thy\/","logo":{"@type":"ImageObject","inLanguage":"da-DK","@id":"https:\/\/kunmedierne.dk\/thy\/#\/schema\/logo\/image\/","url":"https:\/\/kunmedierne.dk\/thy\/wp-content\/uploads\/sites\/2\/2025\/04\/kunthy-logo.svg","contentUrl":"https:\/\/kunmedierne.dk\/thy\/wp-content\/uploads\/sites\/2\/2025\/04\/kunthy-logo.svg","caption":"Thy"},"image":{"@id":"https:\/\/kunmedierne.dk\/thy\/#\/schema\/logo\/image\/"}},{"@type":"Person","@id":"https:\/\/kunmedierne.dk\/thy\/#\/schema\/person\/88f5be46809ca2a5533760eb574fef93","name":"Jens Fogh Andersen","image":{"@type":"ImageObject","inLanguage":"da-DK","@id":"https:\/\/kunmedierne.dk\/thy\/#\/schema\/person\/image\/","url":"https:\/\/secure.gravatar.com\/avatar\/2b367a4ef139b1c41dccc9ee7af926b81f8b4cca3359772e86c7fd5ced26c0a3?s=96&d=mm&r=g","contentUrl":"https:\/\/secure.gravatar.com\/avatar\/2b367a4ef139b1c41dccc9ee7af926b81f8b4cca3359772e86c7fd5ced26c0a3?s=96&d=mm&r=g","caption":"Jens Fogh Andersen"},"url":"https:\/\/kunmedierne.dk\/thy\/author\/jfa\/"}]}},"_links":{"self":[{"href":"https:\/\/kunmedierne.dk\/thy\/wp-json\/wp\/v2\/posts\/3406","targetHints":{"allow":["GET"]}}],"collection":[{"href":"https:\/\/kunmedierne.dk\/thy\/wp-json\/wp\/v2\/posts"}],"about":[{"href":"https:\/\/kunmedierne.dk\/thy\/wp-json\/wp\/v2\/types\/post"}],"author":[{"embeddable":true,"href":"https:\/\/kunmedierne.dk\/thy\/wp-json\/wp\/v2\/users\/4535"}],"replies":[{"embeddable":true,"href":"https:\/\/kunmedierne.dk\/thy\/wp-json\/wp\/v2\/comments?post=3406"}],"version-history":[{"count":23,"href":"https:\/\/kunmedierne.dk\/thy\/wp-json\/wp\/v2\/posts\/3406\/revisions"}],"predecessor-version":[{"id":3457,"href":"https:\/\/kunmedierne.dk\/thy\/wp-json\/wp\/v2\/posts\/3406\/revisions\/3457"}],"wp:attachment":[{"href":"https:\/\/kunmedierne.dk\/thy\/wp-json\/wp\/v2\/media?parent=3406"}],"wp:term":[{"taxonomy":"category","embeddable":true,"href":"https:\/\/kunmedierne.dk\/thy\/wp-json\/wp\/v2\/categories?post=3406"},{"taxonomy":"post_tag","embeddable":true,"href":"https:\/\/kunmedierne.dk\/thy\/wp-json\/wp\/v2\/tags?post=3406"}],"curies":[{"name":"wp","href":"https:\/\/api.w.org\/{rel}","templated":true}]}}