{"id":3241,"date":"2025-05-29T10:16:37","date_gmt":"2025-05-29T08:16:37","guid":{"rendered":"https:\/\/kunmedierne.dk\/thy\/?p=3241"},"modified":"2025-05-27T12:02:50","modified_gmt":"2025-05-27T10:02:50","slug":"hvem-sagde-ildsjael-peer-har-vaeret-brandmand-i-et-halvt-aarhundrede","status":"publish","type":"post","link":"https:\/\/kunmedierne.dk\/thy\/hvem-sagde-ildsjael-peer-har-vaeret-brandmand-i-et-halvt-aarhundrede\/","title":{"rendered":"Hvem sagde ildsj\u00e6l: Peer har v\u00e6ret brandmand i et halvt \u00e5rhundrede"},"content":{"rendered":"<p><strong>HANSTHOLM:<\/strong> For \u00e5r tilbage skulle han altid f\u00f8lge brandbilerne, n\u00e5r de rykkede ud. Det var sp\u00e6ndende at se, hvad de k\u00f8rte efter, s\u00e5 hvorfor s\u00e5 ikke selv k\u00f8re med som brandmand frem for at f\u00f8lge efter som nysgerrig tilskuer.<\/p>\n<a class=\"dvrt-link\" onClick=\"cdmtrack_click(689,jQuery(this));return false\" href=\"https:\/\/www.thistedbolig.dk\"><img decoding=\"async\" style=\"width:100%;\" src=\"https:\/\/kunmedierne.dk\/thy\/wp-content\/uploads\/sites\/2\/2025\/03\/260414ThistedBoligApril-opslag-002-1.jpg\"><\/a><script>cdmtrack_view(689);<\/script>\n<p>Nogenlunde s\u00e5dan t\u00e6nkte den snart 71-\u00e5rige Peer Dige, da han for et halvt \u00e5rhundrede siden steg p\u00e5 brandbilen som &#8220;rigtig&#8221; brandmand, et hverv han har bestridt siden 1. juni 1975. Dengang hed det frivillig brandmand, i dag er stillingsbetegnelsen deltidsbesk\u00e6ftiget brandmand, men det er stadig et job drevet af lyst og interesse ved siden af brandmandens faste besk\u00e6ftigelse.<\/p>\n<p>Peer Dige er stadig klar til udrykning. Mest fordi han ikke kan lade v\u00e6re, men ogs\u00e5 fordi, der stadig er brug for ham p\u00e5 brandstationen p\u00e5 Glaspustervej i Hanstholm.<\/p>\n<p>Her er han manden, der laver alle de praktiske opgaver, som nogen skal lave. Lige fra at vaske kaffekopper, holde rent og tjekke, at stationens udrykningsk\u00f8ret\u00f8jer er i teknisk toptrim og hele tiden er klar til indsats.<\/p>\n<p>&nbsp;<\/p>\n<p><strong>Aktiv senior<\/strong><\/p>\n<p>Alderen til trods er Peer Dige stadig med p\u00e5 stationens vagtliste. N\u00e5r der er udrykning, har han sin faste plads bag rattet i et af stationens slukningsk\u00f8ret\u00f8jer. Han k\u00f8rer bilen og bliver ved den, mens de, der er yngre og lettere til bens, klarer arbejdet med at slukke brand.<\/p>\n<a class=\"dvrt-link\" onClick=\"cdmtrack_click(687,jQuery(this));return false\" href=\"https:\/\/konpap.dk\/?gad_source=1&gclid=Cj0KCQjwtJ6_BhDWARIsAGanmKfOBLC3RBm6obWL5sEb-mp4bsp5QjqWW4j4nx22y0YT2iMiXJcv3MoaApR_EALw_wcB\"><img decoding=\"async\" style=\"width:100%;\" src=\"https:\/\/kunmedierne.dk\/thy\/wp-content\/uploads\/sites\/2\/2025\/03\/redoffice.jpg\"><\/a><script>cdmtrack_view(687);<\/script>\n<p>&#8211; Det skal v\u00e6re forsvarligt, og de andre er flinke til kun at tildele mig de opgaver, jeg kan klare, siger Peer Dige og tilf\u00f8jer, at han efter 50 \u00e5rs tjeneste ikke har aktuelle tanker om at stoppe. Funktionen som brandmand er set med hans \u00f8jne en god m\u00e5de at v\u00e6re aktiv senior, og s\u00e5 er der i \u00f8vrigt ingen \u00f8vre aldersgr\u00e6nse.<\/p>\n<p>&#8211; Jeg har ikke de store fritidsinteresser ud over huset og haven,. Min kone, Inge, som jeg m\u00f8dte i 1976, har aldrig kendt mig som andet end brandmand og det har mine to b\u00f8rn heller ikke. De har v\u00e6ret vant til, at det at v\u00e6re brandmand har h\u00f8j prioritet hos mig. Det har de accepteret. I hvert fald har familien ikke givet udtryk for andet, siger Peer Dige og tilf\u00f8jer, at han ind imellem m\u00e5ske har v\u00e6ret lidt toned\u00f8v overfor familiens andre \u00f8nsker til ham.<\/p>\n<p>&#8211; Men s\u00e5dan er det nok, n\u00e5r man g\u00e5r meget op i en ting.<\/p>\n<p>&nbsp;<\/p>\n<p><strong>Kollegerne ville have mig tilbage<\/strong><\/p>\n<p>Egentlig kunne han v\u00e6re stoppet for et \u00e5rs tid siden, hvor han efter to m\u00e5neders sygdom t\u00e6nkte: Nu er det slut.<\/p>\n<p>&#8211; Men kollegerne ville gerne have mig tilbage. Jeg er ham, der har tiden til at lave alle de praktiske ting p\u00e5 stationen, de andre ikke n\u00e5r, fordi de ogs\u00e5 har et arbejde at passe. S\u00e5 de er nok ikke blevet tr\u00e6tte af mig endnu, siger Peer Dige.<\/p>\n<a class=\"dvrt-link\" onClick=\"cdmtrack_click(1130,jQuery(this));return false\" href=\"https:\/\/www.thistedforsikring.dk\/?utm_source=partnerskaber&amp;utm_campaign=kun_thy\"><img decoding=\"async\" style=\"width:100%;\" src=\"https:\/\/kunmedierne.dk\/thy\/wp-content\/uploads\/sites\/2\/2025\/04\/260409KunThyThisted-For-1.png\"><\/a><script>cdmtrack_view(1130);<\/script>\n<p>Vejen til det 50 \u00e5r lange parl\u00f8b med brandbilerne begyndte med en brandmandsuddannelse, da Peer Dige aftjente sin v\u00e6rnepligt som CF\u00b4er.<\/p>\n<p>&#8211; Herfra hoppede jeg p\u00e5 brandbilen, siger Peer Dige, hvis erhvervskarriere startede som lastvognschauff\u00f8r, inden han begyndte at k\u00f8re taxa. F\u00f8rst som ansat og senere som selvst\u00e6ndig taxavognmand frem til 1986. Han har arbejdet 11 \u00e5r hos Fiskeriforeningen, seks \u00e5r hos Chrisfish og fra 11. september 2001 og de f\u00f8lgende 16 \u00e5r som pedel i Hanstholm Centret.<\/p>\n<p>&#8211; Jeg er f\u00f8dt i Hanstholm, men har aldrig haft lyst til havet. Da jeg k\u00f8rte taxa kunne jeg n\u00e6sten blive s\u00f8syg bare af at holde nede p\u00e5 kajen, siger Peer Dige og tilf\u00f8jer, at hans skiftende arbejdsgivere har haft forst\u00e5else for medarbejderen, som af og til &#8220;l\u00f8b til brand&#8221;.<\/p>\n<p>&nbsp;<\/p>\n<p><strong>Sv\u00e6rere at finde frivillige<\/strong><\/p>\n<p>&#8211; Den forst\u00e5else er m\u00e5ske blevet mindre med \u00e5rene i takt med, at virksomhederne kun har det mandskab, der er n\u00f8dvendigt for at holde maskinerne k\u00f8rende. Smutter en, er der ikke en anden, som lige kan tage over, og s\u00e5 risikerer det hele at g\u00e5 i st\u00e5, siger Peer Dige som oplever, at der er blevet l\u00e6ngere mellem folk med lyst til en t\u00f8rn som frivillige brandfolk.<\/p>\n<p>&#8211; Man forpligter sig. Har man vagt, har man vagt. Det er et vilk\u00e5r.<\/p>\n<p>Peer Dige har accepteret vilk\u00e5rene og ogs\u00e5 fungeret som leder af brandstationerne i Hanstholm og Fr\u00f8strup i en periode p\u00e5 otte \u00e5r. Her er henholdsvis 15 og ni brandfolk tilknyttet.<\/p>\n<a class=\"dvrt-link\" onClick=\"cdmtrack_click(18790,jQuery(this));return false\" href=\"https:\/\/thymors.dk\/sponsorater\/15-til-faellesskabet?utm_source=kunthy&amp;utm_medium=annonce&amp;utm_campaign=sponsorater\"><img decoding=\"async\" style=\"width:100%;\" src=\"https:\/\/kunmedierne.dk\/thy\/wp-content\/uploads\/sites\/2\/2026\/03\/260407ThyMors-energi_faellesskab_generel-1.jpg\"><\/a><script>cdmtrack_view(18790);<\/script>\n<p>\u00c5rene har l\u00e6rt ham, at ingen opgaver er for sm\u00e5, n\u00e5r der er brug for brandv\u00e6snet, men ogs\u00e5, at der kommer opgaver af en st\u00f8rrelse, der kan tage pusten fra de fleste.<\/p>\n<p>Til den sidste kategori h\u00f8rer en brand i Hanstholm Vildtreservat. Den startede 11. august 1992 p\u00e5 bagkant af et lynnedslag. Der gik en uge, f\u00f8r alle lommer med ild med sikkerhed var slukket. 300 mand var indsat i slukningsarbejdet. Brandfolk, CF\u00b4ere, frivillige, pansrede mandskabsvogne fra Forsvaret, entrepren\u00f8rmaskiner og meget mere.<\/p>\n<p>&nbsp;<\/p>\n<p><strong>Naturbrande er de sv\u00e6reste<\/strong><\/p>\n<p>&#8211; Vi blev indsat mandag klokken 15.05 p\u00e5 brandens f\u00f8rste dag. Klokken 01.15 natten til tirsdag fik vi mad f\u00f8rste gang. Grill-kylling med pommes frittes. Det var der ingen, som orkede at spise, siger Peer Dige og fort\u00e6ller, at naturbrande er noget af det sv\u00e6reste at slukke, n\u00e5r f\u00f8rst de stikker af. Det er umuligt at l\u00e6gge en plan for slukningsarbejdet, den l\u00e6gges undervejs, og det er ofte sv\u00e6rt at n\u00e5 ud i terr\u00e6net.<\/p>\n<p>Andre indsatser er dramatiske. En af den slags var en coasterbrand i Hanstholm. Peer Dige var g\u00e5et ned i skibet med en makker, som gik lidt for hurtigt frem mod brandstedet.<\/p>\n<a class=\"dvrt-link\" onClick=\"cdmtrack_click(4416,jQuery(this));return false\" href=\"https:\/\/sdrhaa.dk\/\"><img decoding=\"async\" style=\"width:100%;\" src=\"https:\/\/kunmedierne.dk\/thy\/wp-content\/uploads\/sites\/2\/2025\/05\/260302Din-gebyrvenlige-sparekasse_SHS_Thy-1.gif\"><\/a><script>cdmtrack_view(4416);<\/script>\n<p>&#8211; Han ville hurtigt frem til ilden. Jeg gik langsommere, fordi jeg skulle f\u00f8re slangen frem. Og pludselig var han v\u00e6k. Jeg kunne f\u00f8lge slange tilbage, det kunne han ikke, s\u00e5 bare tanken om, hvor galt det kunne v\u00e6re g\u00e5et, hvis han var blevet v\u00e6k i de sn\u00e6vre gange, den har jeg stadig. Men vi kom ud begge to.<\/p>\n<p>Andre indsatser er mere kuri\u00f8se. Som for eksempel da brandv\u00e6snet en aften i 1986 var kaldt til Vigs\u00f8, for at lave &#8220;regnvejr&#8221; til en scene i filmen Babettes G\u00e6stebud, som er optaget her. Eller dengang i midt 80\u00b4erne, da der var &#8220;Nordatlantiske N\u00e6tter&#8221; i Hanstholm. Festivalen blev afvikles ved den dav\u00e6rende kunstbygning p\u00e5 Roshagevej med b\u00e5l om aftenen. Brandbilerne holdt klar ude i m\u00f8rket, men m\u00e5tte p\u00e5 et tidspunkt flyttes, fordi de holdt i vejen for \u00e5nderne. Selvf\u00f8lgelig, \u00e5nderne skulle jo forbi, husker Peer Dige.<\/p>\n<p>Men hvorn\u00e5r stopper 50-\u00e5rs jubilaren helt og fuldt?<\/p>\n<p>&#8211; Tja, om ikke s\u00e5 l\u00e6nge, men det har jeg vidst sagt f\u00f8r.<\/p>\n<p>&nbsp;<\/p>\n<div id=\"attachment_3245\" style=\"width: 1242px\" class=\"wp-caption alignnone\"><img loading=\"lazy\" decoding=\"async\" aria-describedby=\"caption-attachment-3245\" class=\"wp-image-3245 size-full\" src=\"https:\/\/kunmedierne.dk\/thy\/wp-content\/uploads\/sites\/2\/2025\/05\/Design-uden-navn-2025-05-08T113429.095.jpg\" alt=\"\" width=\"1232\" height=\"821\" srcset=\"https:\/\/kunmedierne.dk\/thy\/wp-content\/uploads\/sites\/2\/2025\/05\/Design-uden-navn-2025-05-08T113429.095.jpg 1232w, https:\/\/kunmedierne.dk\/thy\/wp-content\/uploads\/sites\/2\/2025\/05\/Design-uden-navn-2025-05-08T113429.095-300x200.jpg 300w, https:\/\/kunmedierne.dk\/thy\/wp-content\/uploads\/sites\/2\/2025\/05\/Design-uden-navn-2025-05-08T113429.095-1024x682.jpg 1024w, https:\/\/kunmedierne.dk\/thy\/wp-content\/uploads\/sites\/2\/2025\/05\/Design-uden-navn-2025-05-08T113429.095-510x340.jpg 510w\" sizes=\"auto, (max-width: 1232px) 100vw, 1232px\" \/><p id=\"caption-attachment-3245\" class=\"wp-caption-text\">N\u00e5r der rykkes ud har Peer Dige har i dag sin faste plads bag rattet i et af brandstationens udrykningsk\u00f8ret\u00f8jer. P\u00e5 brandstedet bliver han ved k\u00f8ret\u00f8jet og lader yngre kr\u00e6fter k\u00e6mpe mod ilden. Den arbejdsfordeling er helt fast. Foto: Jens Fogh-Andersen<\/p><\/div>\n<p>&nbsp;<\/p>\n<div id=\"attachment_3246\" style=\"width: 1242px\" class=\"wp-caption alignnone\"><img loading=\"lazy\" decoding=\"async\" aria-describedby=\"caption-attachment-3246\" class=\"wp-image-3246 size-full\" src=\"https:\/\/kunmedierne.dk\/thy\/wp-content\/uploads\/sites\/2\/2025\/05\/Design-uden-navn-2025-05-08T113703.295.jpg\" alt=\"\" width=\"1232\" height=\"821\" srcset=\"https:\/\/kunmedierne.dk\/thy\/wp-content\/uploads\/sites\/2\/2025\/05\/Design-uden-navn-2025-05-08T113703.295.jpg 1232w, https:\/\/kunmedierne.dk\/thy\/wp-content\/uploads\/sites\/2\/2025\/05\/Design-uden-navn-2025-05-08T113703.295-300x200.jpg 300w, https:\/\/kunmedierne.dk\/thy\/wp-content\/uploads\/sites\/2\/2025\/05\/Design-uden-navn-2025-05-08T113703.295-1024x682.jpg 1024w, https:\/\/kunmedierne.dk\/thy\/wp-content\/uploads\/sites\/2\/2025\/05\/Design-uden-navn-2025-05-08T113703.295-510x340.jpg 510w\" sizes=\"auto, (max-width: 1232px) 100vw, 1232px\" \/><p id=\"caption-attachment-3246\" class=\"wp-caption-text\">Hver mand har sit eget udstyr, s\u00e5 ingen er i tvivl om, at hjelmen er Peers. Foto: Jens Fogh-Andersen<\/p><\/div>\n<p>&nbsp;<\/p>\n<div id=\"attachment_3247\" style=\"width: 1242px\" class=\"wp-caption alignnone\"><img loading=\"lazy\" decoding=\"async\" aria-describedby=\"caption-attachment-3247\" class=\"wp-image-3247 size-full\" src=\"https:\/\/kunmedierne.dk\/thy\/wp-content\/uploads\/sites\/2\/2025\/05\/Design-uden-navn-2025-05-08T113815.834.jpg\" alt=\"\" width=\"1232\" height=\"821\" srcset=\"https:\/\/kunmedierne.dk\/thy\/wp-content\/uploads\/sites\/2\/2025\/05\/Design-uden-navn-2025-05-08T113815.834.jpg 1232w, https:\/\/kunmedierne.dk\/thy\/wp-content\/uploads\/sites\/2\/2025\/05\/Design-uden-navn-2025-05-08T113815.834-300x200.jpg 300w, https:\/\/kunmedierne.dk\/thy\/wp-content\/uploads\/sites\/2\/2025\/05\/Design-uden-navn-2025-05-08T113815.834-1024x682.jpg 1024w, https:\/\/kunmedierne.dk\/thy\/wp-content\/uploads\/sites\/2\/2025\/05\/Design-uden-navn-2025-05-08T113815.834-510x340.jpg 510w\" sizes=\"auto, (max-width: 1232px) 100vw, 1232px\" \/><p id=\"caption-attachment-3247\" class=\"wp-caption-text\">Peer Dige. Foto: Jens Fogh-Andersen<\/p><\/div>\n<p>&nbsp;<\/p>\n<div id=\"attachment_3248\" style=\"width: 1242px\" class=\"wp-caption alignnone\"><img loading=\"lazy\" decoding=\"async\" aria-describedby=\"caption-attachment-3248\" class=\"wp-image-3248 size-full\" src=\"https:\/\/kunmedierne.dk\/thy\/wp-content\/uploads\/sites\/2\/2025\/05\/Design-uden-navn-2025-05-08T113930.293.jpg\" alt=\"\" width=\"1232\" height=\"821\" srcset=\"https:\/\/kunmedierne.dk\/thy\/wp-content\/uploads\/sites\/2\/2025\/05\/Design-uden-navn-2025-05-08T113930.293.jpg 1232w, https:\/\/kunmedierne.dk\/thy\/wp-content\/uploads\/sites\/2\/2025\/05\/Design-uden-navn-2025-05-08T113930.293-300x200.jpg 300w, https:\/\/kunmedierne.dk\/thy\/wp-content\/uploads\/sites\/2\/2025\/05\/Design-uden-navn-2025-05-08T113930.293-1024x682.jpg 1024w, https:\/\/kunmedierne.dk\/thy\/wp-content\/uploads\/sites\/2\/2025\/05\/Design-uden-navn-2025-05-08T113930.293-510x340.jpg 510w\" sizes=\"auto, (max-width: 1232px) 100vw, 1232px\" \/><p id=\"caption-attachment-3248\" class=\"wp-caption-text\">Dressingroom for brandm\u00e6nd. Alt har sin faste plads, og en af de opgaver, Peer Dige l\u00f8ser p\u00e5 stationen, er at holde orden p\u00e5 tingene. B\u00e5de sine egne og p\u00e5 stationens udstyr og biler. Alt skal v\u00e6re i orden, n\u00e5r det skal bruges. Foto: Jens Fogh-Andersen<\/p><\/div>\n","protected":false},"excerpt":{"rendered":"<p>HANSTHOLM: For \u00e5r tilbage skulle han altid f\u00f8lge brandbilerne, n\u00e5r de rykkede ud. Det var sp\u00e6ndende at se, hvad de k\u00f8rte efter, s\u00e5 hvorfor s\u00e5 ikke selv k\u00f8re med som brandmand frem for at f\u00f8lge efter som nysgerrig tilskuer. Nogenlunde s\u00e5dan t\u00e6nkte den snart 71-\u00e5rige Peer Dige, da han for et halvt \u00e5rhundrede siden steg [&hellip;]<\/p>\n","protected":false},"author":4535,"featured_media":0,"comment_status":"closed","ping_status":"closed","sticky":false,"template":"","format":"standard","meta":{"_acf_changed":false,"footnotes":""},"categories":[23],"tags":[54,38],"class_list":["post-3241","post","type-post","status-publish","format-standard","hentry","category-thyboerne","tag-beredskab","tag-mennesker"],"acf":[],"yoast_head":"<!-- This site is optimized with the Yoast SEO plugin v26.8 - https:\/\/yoast.com\/product\/yoast-seo-wordpress\/ -->\n<title>Hvem sagde ildsj\u00e6l: Peer har v\u00e6ret brandmand i et halvt \u00e5rhundrede - Thy<\/title>\n<meta name=\"robots\" content=\"index, follow, max-snippet:-1, max-image-preview:large, max-video-preview:-1\" \/>\n<link rel=\"canonical\" href=\"https:\/\/kunmedierne.dk\/thy\/hvem-sagde-ildsjael-peer-har-vaeret-brandmand-i-et-halvt-aarhundrede\/\" \/>\n<meta property=\"og:locale\" content=\"da_DK\" \/>\n<meta property=\"og:type\" content=\"article\" \/>\n<meta property=\"og:title\" content=\"Hvem sagde ildsj\u00e6l: Peer har v\u00e6ret brandmand i et halvt \u00e5rhundrede - Thy\" \/>\n<meta property=\"og:description\" content=\"HANSTHOLM: For \u00e5r tilbage skulle han altid f\u00f8lge brandbilerne, n\u00e5r de rykkede ud. Det var sp\u00e6ndende at se, hvad de k\u00f8rte efter, s\u00e5 hvorfor s\u00e5 ikke selv k\u00f8re med som brandmand frem for at f\u00f8lge efter som nysgerrig tilskuer. Nogenlunde s\u00e5dan t\u00e6nkte den snart 71-\u00e5rige Peer Dige, da han for et halvt \u00e5rhundrede siden steg [&hellip;]\" \/>\n<meta property=\"og:url\" content=\"https:\/\/kunmedierne.dk\/thy\/hvem-sagde-ildsjael-peer-har-vaeret-brandmand-i-et-halvt-aarhundrede\/\" \/>\n<meta property=\"og:site_name\" content=\"Thy\" \/>\n<meta property=\"article:published_time\" content=\"2025-05-29T08:16:37+00:00\" \/>\n<meta property=\"og:image\" content=\"https:\/\/kunmedierne.dk\/thy\/wp-content\/uploads\/sites\/2\/2025\/05\/Design-uden-navn-2025-05-08T113429.095.jpg\" \/>\n<meta name=\"author\" content=\"Jens Fogh Andersen\" \/>\n<meta name=\"twitter:card\" content=\"summary_large_image\" \/>\n<meta name=\"twitter:label1\" content=\"Skrevet af\" \/>\n\t<meta name=\"twitter:data1\" content=\"Jens Fogh Andersen\" \/>\n\t<meta name=\"twitter:label2\" content=\"Estimeret l\u00e6setid\" \/>\n\t<meta name=\"twitter:data2\" content=\"8 minutter\" \/>\n<script type=\"application\/ld+json\" class=\"yoast-schema-graph\">{\"@context\":\"https:\/\/schema.org\",\"@graph\":[{\"@type\":\"Article\",\"@id\":\"https:\/\/kunmedierne.dk\/thy\/hvem-sagde-ildsjael-peer-har-vaeret-brandmand-i-et-halvt-aarhundrede\/#article\",\"isPartOf\":{\"@id\":\"https:\/\/kunmedierne.dk\/thy\/hvem-sagde-ildsjael-peer-har-vaeret-brandmand-i-et-halvt-aarhundrede\/\"},\"author\":{\"name\":\"Jens Fogh Andersen\",\"@id\":\"https:\/\/kunmedierne.dk\/thy\/#\/schema\/person\/88f5be46809ca2a5533760eb574fef93\"},\"headline\":\"Hvem sagde ildsj\u00e6l: Peer har v\u00e6ret brandmand i et halvt \u00e5rhundrede\",\"datePublished\":\"2025-05-29T08:16:37+00:00\",\"mainEntityOfPage\":{\"@id\":\"https:\/\/kunmedierne.dk\/thy\/hvem-sagde-ildsjael-peer-har-vaeret-brandmand-i-et-halvt-aarhundrede\/\"},\"wordCount\":1317,\"publisher\":{\"@id\":\"https:\/\/kunmedierne.dk\/thy\/#organization\"},\"image\":{\"@id\":\"https:\/\/kunmedierne.dk\/thy\/hvem-sagde-ildsjael-peer-har-vaeret-brandmand-i-et-halvt-aarhundrede\/#primaryimage\"},\"thumbnailUrl\":\"https:\/\/kunmedierne.dk\/thy\/wp-content\/uploads\/sites\/2\/2025\/05\/Design-uden-navn-2025-05-08T113429.095.jpg\",\"keywords\":[\"Beredskab\",\"Mennesker\"],\"articleSection\":[\"Thyboerne\"],\"inLanguage\":\"da-DK\"},{\"@type\":\"WebPage\",\"@id\":\"https:\/\/kunmedierne.dk\/thy\/hvem-sagde-ildsjael-peer-har-vaeret-brandmand-i-et-halvt-aarhundrede\/\",\"url\":\"https:\/\/kunmedierne.dk\/thy\/hvem-sagde-ildsjael-peer-har-vaeret-brandmand-i-et-halvt-aarhundrede\/\",\"name\":\"Hvem sagde ildsj\u00e6l: Peer har v\u00e6ret brandmand i et halvt \u00e5rhundrede - Thy\",\"isPartOf\":{\"@id\":\"https:\/\/kunmedierne.dk\/thy\/#website\"},\"primaryImageOfPage\":{\"@id\":\"https:\/\/kunmedierne.dk\/thy\/hvem-sagde-ildsjael-peer-har-vaeret-brandmand-i-et-halvt-aarhundrede\/#primaryimage\"},\"image\":{\"@id\":\"https:\/\/kunmedierne.dk\/thy\/hvem-sagde-ildsjael-peer-har-vaeret-brandmand-i-et-halvt-aarhundrede\/#primaryimage\"},\"thumbnailUrl\":\"https:\/\/kunmedierne.dk\/thy\/wp-content\/uploads\/sites\/2\/2025\/05\/Design-uden-navn-2025-05-08T113429.095.jpg\",\"datePublished\":\"2025-05-29T08:16:37+00:00\",\"breadcrumb\":{\"@id\":\"https:\/\/kunmedierne.dk\/thy\/hvem-sagde-ildsjael-peer-har-vaeret-brandmand-i-et-halvt-aarhundrede\/#breadcrumb\"},\"inLanguage\":\"da-DK\",\"potentialAction\":[{\"@type\":\"ReadAction\",\"target\":[\"https:\/\/kunmedierne.dk\/thy\/hvem-sagde-ildsjael-peer-har-vaeret-brandmand-i-et-halvt-aarhundrede\/\"]}]},{\"@type\":\"ImageObject\",\"inLanguage\":\"da-DK\",\"@id\":\"https:\/\/kunmedierne.dk\/thy\/hvem-sagde-ildsjael-peer-har-vaeret-brandmand-i-et-halvt-aarhundrede\/#primaryimage\",\"url\":\"https:\/\/kunmedierne.dk\/thy\/wp-content\/uploads\/sites\/2\/2025\/05\/Design-uden-navn-2025-05-08T113429.095.jpg\",\"contentUrl\":\"https:\/\/kunmedierne.dk\/thy\/wp-content\/uploads\/sites\/2\/2025\/05\/Design-uden-navn-2025-05-08T113429.095.jpg\",\"width\":1232,\"height\":821,\"caption\":\"Peer Dige\"},{\"@type\":\"BreadcrumbList\",\"@id\":\"https:\/\/kunmedierne.dk\/thy\/hvem-sagde-ildsjael-peer-har-vaeret-brandmand-i-et-halvt-aarhundrede\/#breadcrumb\",\"itemListElement\":[{\"@type\":\"ListItem\",\"position\":1,\"name\":\"Home\",\"item\":\"https:\/\/kunmedierne.dk\/thy\/\"},{\"@type\":\"ListItem\",\"position\":2,\"name\":\"Hvem sagde ildsj\u00e6l: Peer har v\u00e6ret brandmand i et halvt \u00e5rhundrede\"}]},{\"@type\":\"WebSite\",\"@id\":\"https:\/\/kunmedierne.dk\/thy\/#website\",\"url\":\"https:\/\/kunmedierne.dk\/thy\/\",\"name\":\"Thy\",\"description\":\"et netmedie med journalistik om livet i Thy\",\"publisher\":{\"@id\":\"https:\/\/kunmedierne.dk\/thy\/#organization\"},\"potentialAction\":[{\"@type\":\"SearchAction\",\"target\":{\"@type\":\"EntryPoint\",\"urlTemplate\":\"https:\/\/kunmedierne.dk\/thy\/?s={search_term_string}\"},\"query-input\":{\"@type\":\"PropertyValueSpecification\",\"valueRequired\":true,\"valueName\":\"search_term_string\"}}],\"inLanguage\":\"da-DK\"},{\"@type\":\"Organization\",\"@id\":\"https:\/\/kunmedierne.dk\/thy\/#organization\",\"name\":\"Thy\",\"url\":\"https:\/\/kunmedierne.dk\/thy\/\",\"logo\":{\"@type\":\"ImageObject\",\"inLanguage\":\"da-DK\",\"@id\":\"https:\/\/kunmedierne.dk\/thy\/#\/schema\/logo\/image\/\",\"url\":\"https:\/\/kunmedierne.dk\/thy\/wp-content\/uploads\/sites\/2\/2025\/04\/kunthy-logo.svg\",\"contentUrl\":\"https:\/\/kunmedierne.dk\/thy\/wp-content\/uploads\/sites\/2\/2025\/04\/kunthy-logo.svg\",\"caption\":\"Thy\"},\"image\":{\"@id\":\"https:\/\/kunmedierne.dk\/thy\/#\/schema\/logo\/image\/\"}},{\"@type\":\"Person\",\"@id\":\"https:\/\/kunmedierne.dk\/thy\/#\/schema\/person\/88f5be46809ca2a5533760eb574fef93\",\"name\":\"Jens Fogh Andersen\",\"image\":{\"@type\":\"ImageObject\",\"inLanguage\":\"da-DK\",\"@id\":\"https:\/\/kunmedierne.dk\/thy\/#\/schema\/person\/image\/\",\"url\":\"https:\/\/secure.gravatar.com\/avatar\/2b367a4ef139b1c41dccc9ee7af926b81f8b4cca3359772e86c7fd5ced26c0a3?s=96&d=mm&r=g\",\"contentUrl\":\"https:\/\/secure.gravatar.com\/avatar\/2b367a4ef139b1c41dccc9ee7af926b81f8b4cca3359772e86c7fd5ced26c0a3?s=96&d=mm&r=g\",\"caption\":\"Jens Fogh Andersen\"},\"url\":\"https:\/\/kunmedierne.dk\/thy\/author\/jfa\/\"}]}<\/script>\n<!-- \/ Yoast SEO plugin. -->","yoast_head_json":{"title":"Hvem sagde ildsj\u00e6l: Peer har v\u00e6ret brandmand i et halvt \u00e5rhundrede - Thy","robots":{"index":"index","follow":"follow","max-snippet":"max-snippet:-1","max-image-preview":"max-image-preview:large","max-video-preview":"max-video-preview:-1"},"canonical":"https:\/\/kunmedierne.dk\/thy\/hvem-sagde-ildsjael-peer-har-vaeret-brandmand-i-et-halvt-aarhundrede\/","og_locale":"da_DK","og_type":"article","og_title":"Hvem sagde ildsj\u00e6l: Peer har v\u00e6ret brandmand i et halvt \u00e5rhundrede - Thy","og_description":"HANSTHOLM: For \u00e5r tilbage skulle han altid f\u00f8lge brandbilerne, n\u00e5r de rykkede ud. Det var sp\u00e6ndende at se, hvad de k\u00f8rte efter, s\u00e5 hvorfor s\u00e5 ikke selv k\u00f8re med som brandmand frem for at f\u00f8lge efter som nysgerrig tilskuer. Nogenlunde s\u00e5dan t\u00e6nkte den snart 71-\u00e5rige Peer Dige, da han for et halvt \u00e5rhundrede siden steg [&hellip;]","og_url":"https:\/\/kunmedierne.dk\/thy\/hvem-sagde-ildsjael-peer-har-vaeret-brandmand-i-et-halvt-aarhundrede\/","og_site_name":"Thy","article_published_time":"2025-05-29T08:16:37+00:00","og_image":[{"url":"https:\/\/kunmedierne.dk\/thy\/wp-content\/uploads\/sites\/2\/2025\/05\/Design-uden-navn-2025-05-08T113429.095.jpg","type":"","width":"","height":""}],"author":"Jens Fogh Andersen","twitter_card":"summary_large_image","twitter_misc":{"Skrevet af":"Jens Fogh Andersen","Estimeret l\u00e6setid":"8 minutter"},"schema":{"@context":"https:\/\/schema.org","@graph":[{"@type":"Article","@id":"https:\/\/kunmedierne.dk\/thy\/hvem-sagde-ildsjael-peer-har-vaeret-brandmand-i-et-halvt-aarhundrede\/#article","isPartOf":{"@id":"https:\/\/kunmedierne.dk\/thy\/hvem-sagde-ildsjael-peer-har-vaeret-brandmand-i-et-halvt-aarhundrede\/"},"author":{"name":"Jens Fogh Andersen","@id":"https:\/\/kunmedierne.dk\/thy\/#\/schema\/person\/88f5be46809ca2a5533760eb574fef93"},"headline":"Hvem sagde ildsj\u00e6l: Peer har v\u00e6ret brandmand i et halvt \u00e5rhundrede","datePublished":"2025-05-29T08:16:37+00:00","mainEntityOfPage":{"@id":"https:\/\/kunmedierne.dk\/thy\/hvem-sagde-ildsjael-peer-har-vaeret-brandmand-i-et-halvt-aarhundrede\/"},"wordCount":1317,"publisher":{"@id":"https:\/\/kunmedierne.dk\/thy\/#organization"},"image":{"@id":"https:\/\/kunmedierne.dk\/thy\/hvem-sagde-ildsjael-peer-har-vaeret-brandmand-i-et-halvt-aarhundrede\/#primaryimage"},"thumbnailUrl":"https:\/\/kunmedierne.dk\/thy\/wp-content\/uploads\/sites\/2\/2025\/05\/Design-uden-navn-2025-05-08T113429.095.jpg","keywords":["Beredskab","Mennesker"],"articleSection":["Thyboerne"],"inLanguage":"da-DK"},{"@type":"WebPage","@id":"https:\/\/kunmedierne.dk\/thy\/hvem-sagde-ildsjael-peer-har-vaeret-brandmand-i-et-halvt-aarhundrede\/","url":"https:\/\/kunmedierne.dk\/thy\/hvem-sagde-ildsjael-peer-har-vaeret-brandmand-i-et-halvt-aarhundrede\/","name":"Hvem sagde ildsj\u00e6l: Peer har v\u00e6ret brandmand i et halvt \u00e5rhundrede - Thy","isPartOf":{"@id":"https:\/\/kunmedierne.dk\/thy\/#website"},"primaryImageOfPage":{"@id":"https:\/\/kunmedierne.dk\/thy\/hvem-sagde-ildsjael-peer-har-vaeret-brandmand-i-et-halvt-aarhundrede\/#primaryimage"},"image":{"@id":"https:\/\/kunmedierne.dk\/thy\/hvem-sagde-ildsjael-peer-har-vaeret-brandmand-i-et-halvt-aarhundrede\/#primaryimage"},"thumbnailUrl":"https:\/\/kunmedierne.dk\/thy\/wp-content\/uploads\/sites\/2\/2025\/05\/Design-uden-navn-2025-05-08T113429.095.jpg","datePublished":"2025-05-29T08:16:37+00:00","breadcrumb":{"@id":"https:\/\/kunmedierne.dk\/thy\/hvem-sagde-ildsjael-peer-har-vaeret-brandmand-i-et-halvt-aarhundrede\/#breadcrumb"},"inLanguage":"da-DK","potentialAction":[{"@type":"ReadAction","target":["https:\/\/kunmedierne.dk\/thy\/hvem-sagde-ildsjael-peer-har-vaeret-brandmand-i-et-halvt-aarhundrede\/"]}]},{"@type":"ImageObject","inLanguage":"da-DK","@id":"https:\/\/kunmedierne.dk\/thy\/hvem-sagde-ildsjael-peer-har-vaeret-brandmand-i-et-halvt-aarhundrede\/#primaryimage","url":"https:\/\/kunmedierne.dk\/thy\/wp-content\/uploads\/sites\/2\/2025\/05\/Design-uden-navn-2025-05-08T113429.095.jpg","contentUrl":"https:\/\/kunmedierne.dk\/thy\/wp-content\/uploads\/sites\/2\/2025\/05\/Design-uden-navn-2025-05-08T113429.095.jpg","width":1232,"height":821,"caption":"Peer Dige"},{"@type":"BreadcrumbList","@id":"https:\/\/kunmedierne.dk\/thy\/hvem-sagde-ildsjael-peer-har-vaeret-brandmand-i-et-halvt-aarhundrede\/#breadcrumb","itemListElement":[{"@type":"ListItem","position":1,"name":"Home","item":"https:\/\/kunmedierne.dk\/thy\/"},{"@type":"ListItem","position":2,"name":"Hvem sagde ildsj\u00e6l: Peer har v\u00e6ret brandmand i et halvt \u00e5rhundrede"}]},{"@type":"WebSite","@id":"https:\/\/kunmedierne.dk\/thy\/#website","url":"https:\/\/kunmedierne.dk\/thy\/","name":"Thy","description":"et netmedie med journalistik om livet i Thy","publisher":{"@id":"https:\/\/kunmedierne.dk\/thy\/#organization"},"potentialAction":[{"@type":"SearchAction","target":{"@type":"EntryPoint","urlTemplate":"https:\/\/kunmedierne.dk\/thy\/?s={search_term_string}"},"query-input":{"@type":"PropertyValueSpecification","valueRequired":true,"valueName":"search_term_string"}}],"inLanguage":"da-DK"},{"@type":"Organization","@id":"https:\/\/kunmedierne.dk\/thy\/#organization","name":"Thy","url":"https:\/\/kunmedierne.dk\/thy\/","logo":{"@type":"ImageObject","inLanguage":"da-DK","@id":"https:\/\/kunmedierne.dk\/thy\/#\/schema\/logo\/image\/","url":"https:\/\/kunmedierne.dk\/thy\/wp-content\/uploads\/sites\/2\/2025\/04\/kunthy-logo.svg","contentUrl":"https:\/\/kunmedierne.dk\/thy\/wp-content\/uploads\/sites\/2\/2025\/04\/kunthy-logo.svg","caption":"Thy"},"image":{"@id":"https:\/\/kunmedierne.dk\/thy\/#\/schema\/logo\/image\/"}},{"@type":"Person","@id":"https:\/\/kunmedierne.dk\/thy\/#\/schema\/person\/88f5be46809ca2a5533760eb574fef93","name":"Jens Fogh Andersen","image":{"@type":"ImageObject","inLanguage":"da-DK","@id":"https:\/\/kunmedierne.dk\/thy\/#\/schema\/person\/image\/","url":"https:\/\/secure.gravatar.com\/avatar\/2b367a4ef139b1c41dccc9ee7af926b81f8b4cca3359772e86c7fd5ced26c0a3?s=96&d=mm&r=g","contentUrl":"https:\/\/secure.gravatar.com\/avatar\/2b367a4ef139b1c41dccc9ee7af926b81f8b4cca3359772e86c7fd5ced26c0a3?s=96&d=mm&r=g","caption":"Jens Fogh Andersen"},"url":"https:\/\/kunmedierne.dk\/thy\/author\/jfa\/"}]}},"_links":{"self":[{"href":"https:\/\/kunmedierne.dk\/thy\/wp-json\/wp\/v2\/posts\/3241","targetHints":{"allow":["GET"]}}],"collection":[{"href":"https:\/\/kunmedierne.dk\/thy\/wp-json\/wp\/v2\/posts"}],"about":[{"href":"https:\/\/kunmedierne.dk\/thy\/wp-json\/wp\/v2\/types\/post"}],"author":[{"embeddable":true,"href":"https:\/\/kunmedierne.dk\/thy\/wp-json\/wp\/v2\/users\/4535"}],"replies":[{"embeddable":true,"href":"https:\/\/kunmedierne.dk\/thy\/wp-json\/wp\/v2\/comments?post=3241"}],"version-history":[{"count":16,"href":"https:\/\/kunmedierne.dk\/thy\/wp-json\/wp\/v2\/posts\/3241\/revisions"}],"predecessor-version":[{"id":4434,"href":"https:\/\/kunmedierne.dk\/thy\/wp-json\/wp\/v2\/posts\/3241\/revisions\/4434"}],"wp:attachment":[{"href":"https:\/\/kunmedierne.dk\/thy\/wp-json\/wp\/v2\/media?parent=3241"}],"wp:term":[{"taxonomy":"category","embeddable":true,"href":"https:\/\/kunmedierne.dk\/thy\/wp-json\/wp\/v2\/categories?post=3241"},{"taxonomy":"post_tag","embeddable":true,"href":"https:\/\/kunmedierne.dk\/thy\/wp-json\/wp\/v2\/tags?post=3241"}],"curies":[{"name":"wp","href":"https:\/\/api.w.org\/{rel}","templated":true}]}}