{"id":317,"date":"2025-03-31T16:42:41","date_gmt":"2025-03-31T14:42:41","guid":{"rendered":"https:\/\/kunmedierne.dk\/thy\/?p=317"},"modified":"2025-04-01T14:52:29","modified_gmt":"2025-04-01T12:52:29","slug":"her-gik-droemmen-i-opfyldelse-emil-blev-kiropraktor-i-thy","status":"publish","type":"post","link":"https:\/\/kunmedierne.dk\/thy\/her-gik-droemmen-i-opfyldelse-emil-blev-kiropraktor-i-thy\/","title":{"rendered":"Her gik dr\u00f8mmen i opfyldelse: Emil blev kiropraktor i Thy"},"content":{"rendered":"<p><strong>THISTED:<\/strong> Kn\u00e6gten fra K\u00f8benhavn var 18 \u00e5r gammel, da han kom til Thisted f\u00f8rste gang. Dengang handlede det mest af alt om at komme s\u00e5 langt v\u00e6k hjemmefra som overhovedet muligt.<\/p>\n<p>Det lykkedes s\u00e5 godt, at han nu har permanent ophold i byen i en s\u00e5dan grad, at han ud over at have etableret sig med b\u00e5de k\u00e6resten Stine Dahl Ryltoft og parrets et \u00e5r gamle datter, nu ogs\u00e5 er blevet medejer af Kiropraktorerne i Thisted med arbejdsplads p\u00e5 klinikken i \u201dDokken\u201d p\u00e5 Sydhavnsvej.<\/p>\n<a class=\"dvrt-link\" onClick=\"cdmtrack_click(18790,jQuery(this));return false\" href=\"https:\/\/thymors.dk\/sponsorater\/15-til-faellesskabet?utm_source=kunthy&amp;utm_medium=annonce&amp;utm_campaign=sponsorater\"><img decoding=\"async\" style=\"width:100%;\" src=\"https:\/\/kunmedierne.dk\/thy\/wp-content\/uploads\/sites\/2\/2026\/03\/260407ThyMors-energi_faellesskab_generel-1.jpg\"><\/a><script>cdmtrack_view(18790);<\/script>\n<p>&#8211; Dr\u00f8mmen er g\u00e5et i opfyldelse, siger Emil Andersen, som efter at have overtaget Per Kriks andel nu ejer 50 procent af klinikken, hvor han er kompagnon med kiropraktorerne Hanne Linnet og Katrine Yde Nissen, hver med en ejerandel p\u00e5 25 procent. Efter aftale er Per Kirk tilknyttet som konsulent to halve dage om ugen.<\/p>\n<p>Katrine Yde Nissen har v\u00e6ret medejer af klinikken siden 2023 og som del af det generationsskifte, som nu er i gang, er det planen at hun skal overtage Hanne Linnets andel.<\/p>\n<p>&#8211; S\u00e5 bliver vi to ejere med hver sit ydernummer, siger Emil Andersen, som ikke l\u00e6gger skjul p\u00e5, at det for ham har v\u00e6ret et m\u00e5l i sig selv at blive klinikejer, og at Thisted var udset som stedet, hvor det skulle ske.<\/p>\n<p>&nbsp;<\/p>\n<p><strong>Heldig med timingen<\/strong><\/p>\n<p>Egentlig var planen at blive IT-supporter, da Emil Andersen som 16-\u00e5rig skulle spore sig ind p\u00e5 \u00a0en uddannelse. I dag er IT \u2013 og en passion for gaming \u2013 noget der dyrkes p\u00e5 hobbybasis. Da Emil Andersen var landet \u201dlangt v\u00e6k\u201d i Thisted, besluttede han sig for at f\u00e5 en HF-eksamen og siden for at tage den fem \u00e5r lange uddannelse til kiropraktor p\u00e5 Syddansk Universitet i Odense.<\/p>\n<a class=\"dvrt-link\" onClick=\"cdmtrack_click(683,jQuery(this));return false\" href=\"https:\/\/vester-begr.dk\/?utm_source=google&amp;utm_medium=advative&amp;gad_source=1&amp;gclid=Cj0KCQjwtJ6_BhDWARIsAGanmKfl-hGVVjCYiOgSKoGoxrow4kvXybZsnruKJYTslvqZDywT6a9PCQwaAmBjEALw_wcB\"><img decoding=\"async\" style=\"width:100%;\" src=\"https:\/\/kunmedierne.dk\/thy\/wp-content\/uploads\/sites\/2\/2025\/03\/260203VesterHoukaer-02022026.jpg\"><\/a><script>cdmtrack_view(683);<\/script>\n<p>&#8211; Jeg har v\u00e6ret meget heldig med timingen. B\u00e5de Stine, som er fra Thisted, og jeg selv, dr\u00f8mte om at komme tilbage til Thy, og jeg havde egentlig s\u00f8gt om at komme i turnus p\u00e5 klinikken, da jeg var f\u00e6rdig med min uddannelse. I stedet kom jeg i turnus p\u00e5 en klinik i Skive i sommeren 2023 \u2013 og nu er jeg s\u00e5 etableret i Thisted som del af et generationsskifte p\u00e5 klinikken, siger Emil Andersen.<\/p>\n<p>Stine Dahl Ryltoft, der er uddannet audiologop\u00e6d &#8211; ogs\u00e5 fra Syddansk Universitet \u2013 skal ogs\u00e5 i gang med at bruge sin uddannelse, som sigter mod at behandle mennesker med sprog-, tale- og h\u00f8revanskeligheder.<\/p>\n<p>&nbsp;<\/p>\n<p><strong>Hverdagen fungerer<\/strong><\/p>\n<p>Som behandler interesserer Emil Andersen sig for behandling af nakkegener og for styrketr\u00e6ning i forbindelse med rehabilitering efter sygdoms- og ulykkesh\u00e6ndelser.<\/p>\n<p>&#8211; Jeg har tidligere arbejdet som personlig tr\u00e6ner indenfor styrketr\u00e6ning, og p\u00e5 sigt kunne det v\u00e6re sp\u00e6ndende at arbejde m\u00e5lrettet med styrketr\u00e6ning i forhold til idr\u00e6tsud\u00f8vere. Men det m\u00e5 vente, for lige nu skal jeg have tid til at lande som klinikejer.<\/p>\n<a class=\"dvrt-link\" onClick=\"cdmtrack_click(685,jQuery(this));return false\" href=\"https:\/\/wensien.dk\/begravelse\/?gad_source=1&gclid=Cj0KCQjwtJ6_BhDWARIsAGanmKcWw6hbeoepGti1oApJGHln52gMbg8EBRZ86__3P1AJZ5dcsw4ZvNEaAk7JEALw_wcB\"><img decoding=\"async\" style=\"width:100%;\" src=\"https:\/\/kunmedierne.dk\/thy\/wp-content\/uploads\/sites\/2\/2025\/03\/wensien-stenhugger.jpg\"><\/a><script>cdmtrack_view(685);<\/script>\n<p>Emil Andersen understreger, at det er en stor fordel at etablere sig som selvst\u00e6ndig og g\u00f8re det ved at blive medejer i en etableret og veldrevet praksis.<\/p>\n<p>&#8211; Jeg bliver del af en hverdag, hvor tingene fungere og indg\u00e5r som en del af et kollegialt f\u00e6llesskab. B\u00e5de her p\u00e5 klinikken, men ogs\u00e5 i forhold til de \u00f8vrige behandlingstilbud, som findes i \u201dDokken\u201d, siger Emil Andersen og tilf\u00f8jer, at han i mods\u00e6tning til mange af de \u00f8vrige behandlere, yngre som \u00e6ldre, som gennem \u00e5rene har virket p\u00e5 \u201dDokken\u201ds forskellige klinikker, ikke er surfer.<\/p>\n<p>&#8211; N\u00e6h, men b\u00e5de Stine og jeg er rigtig gode til at bruge omr\u00e5dets natur, og selv skal jeg til at bruge min mountainbike noget mere. Selv om det m\u00e5ske er en farlig sport for en behandler, siger han.<\/p>\n<p><img loading=\"lazy\" decoding=\"async\" class=\"alignnone size-medium wp-image-334\" src=\"https:\/\/kunmedierne.dk\/thy\/wp-content\/uploads\/sites\/2\/2025\/03\/Design-uden-navn-5-300x200.jpg\" alt=\"\" width=\"300\" height=\"200\" srcset=\"https:\/\/kunmedierne.dk\/thy\/wp-content\/uploads\/sites\/2\/2025\/03\/Design-uden-navn-5-300x200.jpg 300w, https:\/\/kunmedierne.dk\/thy\/wp-content\/uploads\/sites\/2\/2025\/03\/Design-uden-navn-5-1024x682.jpg 1024w, https:\/\/kunmedierne.dk\/thy\/wp-content\/uploads\/sites\/2\/2025\/03\/Design-uden-navn-5-510x340.jpg 510w, https:\/\/kunmedierne.dk\/thy\/wp-content\/uploads\/sites\/2\/2025\/03\/Design-uden-navn-5.jpg 1232w\" sizes=\"auto, (max-width: 300px) 100vw, 300px\" \/><\/p>\n","protected":false},"excerpt":{"rendered":"<p>THISTED: Kn\u00e6gten fra K\u00f8benhavn var 18 \u00e5r gammel, da han kom til Thisted f\u00f8rste gang. Dengang handlede det mest af alt om at komme s\u00e5 langt v\u00e6k hjemmefra som overhovedet muligt. Det lykkedes s\u00e5 godt, at han nu har permanent ophold i byen i en s\u00e5dan grad, at han ud over at have etableret sig [&hellip;]<\/p>\n","protected":false},"author":4535,"featured_media":0,"comment_status":"closed","ping_status":"closed","sticky":false,"template":"","format":"standard","meta":{"_acf_changed":false,"footnotes":""},"categories":[24],"tags":[47],"class_list":["post-317","post","type-post","status-publish","format-standard","hentry","category-lokalt","tag-sundhed"],"acf":[],"yoast_head":"<!-- This site is optimized with the Yoast SEO plugin v26.8 - https:\/\/yoast.com\/product\/yoast-seo-wordpress\/ -->\n<title>Her gik dr\u00f8mmen i opfyldelse: Emil blev kiropraktor i Thy - Thy<\/title>\n<meta name=\"robots\" content=\"index, follow, max-snippet:-1, max-image-preview:large, max-video-preview:-1\" \/>\n<link rel=\"canonical\" href=\"https:\/\/kunmedierne.dk\/thy\/her-gik-droemmen-i-opfyldelse-emil-blev-kiropraktor-i-thy\/\" \/>\n<meta property=\"og:locale\" content=\"da_DK\" \/>\n<meta property=\"og:type\" content=\"article\" \/>\n<meta property=\"og:title\" content=\"Her gik dr\u00f8mmen i opfyldelse: Emil blev kiropraktor i Thy - Thy\" \/>\n<meta property=\"og:description\" content=\"THISTED: Kn\u00e6gten fra K\u00f8benhavn var 18 \u00e5r gammel, da han kom til Thisted f\u00f8rste gang. Dengang handlede det mest af alt om at komme s\u00e5 langt v\u00e6k hjemmefra som overhovedet muligt. Det lykkedes s\u00e5 godt, at han nu har permanent ophold i byen i en s\u00e5dan grad, at han ud over at have etableret sig [&hellip;]\" \/>\n<meta property=\"og:url\" content=\"https:\/\/kunmedierne.dk\/thy\/her-gik-droemmen-i-opfyldelse-emil-blev-kiropraktor-i-thy\/\" \/>\n<meta property=\"og:site_name\" content=\"Thy\" \/>\n<meta property=\"article:published_time\" content=\"2025-03-31T14:42:41+00:00\" \/>\n<meta property=\"article:modified_time\" content=\"2025-04-01T12:52:29+00:00\" \/>\n<meta property=\"og:image\" content=\"https:\/\/kunmedierne.dk\/thy\/wp-content\/uploads\/sites\/2\/2025\/03\/Design-uden-navn-5-300x200.jpg\" \/>\n<meta name=\"author\" content=\"Jens Fogh Andersen\" \/>\n<meta name=\"twitter:card\" content=\"summary_large_image\" \/>\n<meta name=\"twitter:label1\" content=\"Skrevet af\" \/>\n\t<meta name=\"twitter:data1\" content=\"Jens Fogh Andersen\" \/>\n\t<meta name=\"twitter:label2\" content=\"Estimeret l\u00e6setid\" \/>\n\t<meta name=\"twitter:data2\" content=\"4 minutter\" \/>\n<script type=\"application\/ld+json\" class=\"yoast-schema-graph\">{\"@context\":\"https:\/\/schema.org\",\"@graph\":[{\"@type\":\"Article\",\"@id\":\"https:\/\/kunmedierne.dk\/thy\/her-gik-droemmen-i-opfyldelse-emil-blev-kiropraktor-i-thy\/#article\",\"isPartOf\":{\"@id\":\"https:\/\/kunmedierne.dk\/thy\/her-gik-droemmen-i-opfyldelse-emil-blev-kiropraktor-i-thy\/\"},\"author\":{\"name\":\"Jens Fogh Andersen\",\"@id\":\"https:\/\/kunmedierne.dk\/thy\/#\/schema\/person\/88f5be46809ca2a5533760eb574fef93\"},\"headline\":\"Her gik dr\u00f8mmen i opfyldelse: Emil blev kiropraktor i Thy\",\"datePublished\":\"2025-03-31T14:42:41+00:00\",\"dateModified\":\"2025-04-01T12:52:29+00:00\",\"mainEntityOfPage\":{\"@id\":\"https:\/\/kunmedierne.dk\/thy\/her-gik-droemmen-i-opfyldelse-emil-blev-kiropraktor-i-thy\/\"},\"wordCount\":643,\"publisher\":{\"@id\":\"https:\/\/kunmedierne.dk\/thy\/#organization\"},\"image\":{\"@id\":\"https:\/\/kunmedierne.dk\/thy\/her-gik-droemmen-i-opfyldelse-emil-blev-kiropraktor-i-thy\/#primaryimage\"},\"thumbnailUrl\":\"https:\/\/kunmedierne.dk\/thy\/wp-content\/uploads\/sites\/2\/2025\/03\/Design-uden-navn-5-300x200.jpg\",\"keywords\":[\"Sundhed\"],\"articleSection\":[\"Lokalt\"],\"inLanguage\":\"da-DK\"},{\"@type\":\"WebPage\",\"@id\":\"https:\/\/kunmedierne.dk\/thy\/her-gik-droemmen-i-opfyldelse-emil-blev-kiropraktor-i-thy\/\",\"url\":\"https:\/\/kunmedierne.dk\/thy\/her-gik-droemmen-i-opfyldelse-emil-blev-kiropraktor-i-thy\/\",\"name\":\"Her gik dr\u00f8mmen i opfyldelse: Emil blev kiropraktor i Thy - Thy\",\"isPartOf\":{\"@id\":\"https:\/\/kunmedierne.dk\/thy\/#website\"},\"primaryImageOfPage\":{\"@id\":\"https:\/\/kunmedierne.dk\/thy\/her-gik-droemmen-i-opfyldelse-emil-blev-kiropraktor-i-thy\/#primaryimage\"},\"image\":{\"@id\":\"https:\/\/kunmedierne.dk\/thy\/her-gik-droemmen-i-opfyldelse-emil-blev-kiropraktor-i-thy\/#primaryimage\"},\"thumbnailUrl\":\"https:\/\/kunmedierne.dk\/thy\/wp-content\/uploads\/sites\/2\/2025\/03\/Design-uden-navn-5-300x200.jpg\",\"datePublished\":\"2025-03-31T14:42:41+00:00\",\"dateModified\":\"2025-04-01T12:52:29+00:00\",\"breadcrumb\":{\"@id\":\"https:\/\/kunmedierne.dk\/thy\/her-gik-droemmen-i-opfyldelse-emil-blev-kiropraktor-i-thy\/#breadcrumb\"},\"inLanguage\":\"da-DK\",\"potentialAction\":[{\"@type\":\"ReadAction\",\"target\":[\"https:\/\/kunmedierne.dk\/thy\/her-gik-droemmen-i-opfyldelse-emil-blev-kiropraktor-i-thy\/\"]}]},{\"@type\":\"ImageObject\",\"inLanguage\":\"da-DK\",\"@id\":\"https:\/\/kunmedierne.dk\/thy\/her-gik-droemmen-i-opfyldelse-emil-blev-kiropraktor-i-thy\/#primaryimage\",\"url\":\"https:\/\/kunmedierne.dk\/thy\/wp-content\/uploads\/sites\/2\/2025\/03\/Design-uden-navn-5.jpg\",\"contentUrl\":\"https:\/\/kunmedierne.dk\/thy\/wp-content\/uploads\/sites\/2\/2025\/03\/Design-uden-navn-5.jpg\",\"width\":1232,\"height\":821},{\"@type\":\"BreadcrumbList\",\"@id\":\"https:\/\/kunmedierne.dk\/thy\/her-gik-droemmen-i-opfyldelse-emil-blev-kiropraktor-i-thy\/#breadcrumb\",\"itemListElement\":[{\"@type\":\"ListItem\",\"position\":1,\"name\":\"Home\",\"item\":\"https:\/\/kunmedierne.dk\/thy\/\"},{\"@type\":\"ListItem\",\"position\":2,\"name\":\"Her gik dr\u00f8mmen i opfyldelse: Emil blev kiropraktor i Thy\"}]},{\"@type\":\"WebSite\",\"@id\":\"https:\/\/kunmedierne.dk\/thy\/#website\",\"url\":\"https:\/\/kunmedierne.dk\/thy\/\",\"name\":\"Thy\",\"description\":\"et netmedie med journalistik om livet i Thy\",\"publisher\":{\"@id\":\"https:\/\/kunmedierne.dk\/thy\/#organization\"},\"potentialAction\":[{\"@type\":\"SearchAction\",\"target\":{\"@type\":\"EntryPoint\",\"urlTemplate\":\"https:\/\/kunmedierne.dk\/thy\/?s={search_term_string}\"},\"query-input\":{\"@type\":\"PropertyValueSpecification\",\"valueRequired\":true,\"valueName\":\"search_term_string\"}}],\"inLanguage\":\"da-DK\"},{\"@type\":\"Organization\",\"@id\":\"https:\/\/kunmedierne.dk\/thy\/#organization\",\"name\":\"Thy\",\"url\":\"https:\/\/kunmedierne.dk\/thy\/\",\"logo\":{\"@type\":\"ImageObject\",\"inLanguage\":\"da-DK\",\"@id\":\"https:\/\/kunmedierne.dk\/thy\/#\/schema\/logo\/image\/\",\"url\":\"https:\/\/kunmedierne.dk\/thy\/wp-content\/uploads\/sites\/2\/2025\/04\/kunthy-logo.svg\",\"contentUrl\":\"https:\/\/kunmedierne.dk\/thy\/wp-content\/uploads\/sites\/2\/2025\/04\/kunthy-logo.svg\",\"caption\":\"Thy\"},\"image\":{\"@id\":\"https:\/\/kunmedierne.dk\/thy\/#\/schema\/logo\/image\/\"}},{\"@type\":\"Person\",\"@id\":\"https:\/\/kunmedierne.dk\/thy\/#\/schema\/person\/88f5be46809ca2a5533760eb574fef93\",\"name\":\"Jens Fogh Andersen\",\"image\":{\"@type\":\"ImageObject\",\"inLanguage\":\"da-DK\",\"@id\":\"https:\/\/kunmedierne.dk\/thy\/#\/schema\/person\/image\/\",\"url\":\"https:\/\/secure.gravatar.com\/avatar\/2b367a4ef139b1c41dccc9ee7af926b81f8b4cca3359772e86c7fd5ced26c0a3?s=96&d=mm&r=g\",\"contentUrl\":\"https:\/\/secure.gravatar.com\/avatar\/2b367a4ef139b1c41dccc9ee7af926b81f8b4cca3359772e86c7fd5ced26c0a3?s=96&d=mm&r=g\",\"caption\":\"Jens Fogh Andersen\"},\"url\":\"https:\/\/kunmedierne.dk\/thy\/author\/jfa\/\"}]}<\/script>\n<!-- \/ Yoast SEO plugin. -->","yoast_head_json":{"title":"Her gik dr\u00f8mmen i opfyldelse: Emil blev kiropraktor i Thy - Thy","robots":{"index":"index","follow":"follow","max-snippet":"max-snippet:-1","max-image-preview":"max-image-preview:large","max-video-preview":"max-video-preview:-1"},"canonical":"https:\/\/kunmedierne.dk\/thy\/her-gik-droemmen-i-opfyldelse-emil-blev-kiropraktor-i-thy\/","og_locale":"da_DK","og_type":"article","og_title":"Her gik dr\u00f8mmen i opfyldelse: Emil blev kiropraktor i Thy - Thy","og_description":"THISTED: Kn\u00e6gten fra K\u00f8benhavn var 18 \u00e5r gammel, da han kom til Thisted f\u00f8rste gang. Dengang handlede det mest af alt om at komme s\u00e5 langt v\u00e6k hjemmefra som overhovedet muligt. Det lykkedes s\u00e5 godt, at han nu har permanent ophold i byen i en s\u00e5dan grad, at han ud over at have etableret sig [&hellip;]","og_url":"https:\/\/kunmedierne.dk\/thy\/her-gik-droemmen-i-opfyldelse-emil-blev-kiropraktor-i-thy\/","og_site_name":"Thy","article_published_time":"2025-03-31T14:42:41+00:00","article_modified_time":"2025-04-01T12:52:29+00:00","og_image":[{"url":"https:\/\/kunmedierne.dk\/thy\/wp-content\/uploads\/sites\/2\/2025\/03\/Design-uden-navn-5-300x200.jpg","type":"","width":"","height":""}],"author":"Jens Fogh Andersen","twitter_card":"summary_large_image","twitter_misc":{"Skrevet af":"Jens Fogh Andersen","Estimeret l\u00e6setid":"4 minutter"},"schema":{"@context":"https:\/\/schema.org","@graph":[{"@type":"Article","@id":"https:\/\/kunmedierne.dk\/thy\/her-gik-droemmen-i-opfyldelse-emil-blev-kiropraktor-i-thy\/#article","isPartOf":{"@id":"https:\/\/kunmedierne.dk\/thy\/her-gik-droemmen-i-opfyldelse-emil-blev-kiropraktor-i-thy\/"},"author":{"name":"Jens Fogh Andersen","@id":"https:\/\/kunmedierne.dk\/thy\/#\/schema\/person\/88f5be46809ca2a5533760eb574fef93"},"headline":"Her gik dr\u00f8mmen i opfyldelse: Emil blev kiropraktor i Thy","datePublished":"2025-03-31T14:42:41+00:00","dateModified":"2025-04-01T12:52:29+00:00","mainEntityOfPage":{"@id":"https:\/\/kunmedierne.dk\/thy\/her-gik-droemmen-i-opfyldelse-emil-blev-kiropraktor-i-thy\/"},"wordCount":643,"publisher":{"@id":"https:\/\/kunmedierne.dk\/thy\/#organization"},"image":{"@id":"https:\/\/kunmedierne.dk\/thy\/her-gik-droemmen-i-opfyldelse-emil-blev-kiropraktor-i-thy\/#primaryimage"},"thumbnailUrl":"https:\/\/kunmedierne.dk\/thy\/wp-content\/uploads\/sites\/2\/2025\/03\/Design-uden-navn-5-300x200.jpg","keywords":["Sundhed"],"articleSection":["Lokalt"],"inLanguage":"da-DK"},{"@type":"WebPage","@id":"https:\/\/kunmedierne.dk\/thy\/her-gik-droemmen-i-opfyldelse-emil-blev-kiropraktor-i-thy\/","url":"https:\/\/kunmedierne.dk\/thy\/her-gik-droemmen-i-opfyldelse-emil-blev-kiropraktor-i-thy\/","name":"Her gik dr\u00f8mmen i opfyldelse: Emil blev kiropraktor i Thy - Thy","isPartOf":{"@id":"https:\/\/kunmedierne.dk\/thy\/#website"},"primaryImageOfPage":{"@id":"https:\/\/kunmedierne.dk\/thy\/her-gik-droemmen-i-opfyldelse-emil-blev-kiropraktor-i-thy\/#primaryimage"},"image":{"@id":"https:\/\/kunmedierne.dk\/thy\/her-gik-droemmen-i-opfyldelse-emil-blev-kiropraktor-i-thy\/#primaryimage"},"thumbnailUrl":"https:\/\/kunmedierne.dk\/thy\/wp-content\/uploads\/sites\/2\/2025\/03\/Design-uden-navn-5-300x200.jpg","datePublished":"2025-03-31T14:42:41+00:00","dateModified":"2025-04-01T12:52:29+00:00","breadcrumb":{"@id":"https:\/\/kunmedierne.dk\/thy\/her-gik-droemmen-i-opfyldelse-emil-blev-kiropraktor-i-thy\/#breadcrumb"},"inLanguage":"da-DK","potentialAction":[{"@type":"ReadAction","target":["https:\/\/kunmedierne.dk\/thy\/her-gik-droemmen-i-opfyldelse-emil-blev-kiropraktor-i-thy\/"]}]},{"@type":"ImageObject","inLanguage":"da-DK","@id":"https:\/\/kunmedierne.dk\/thy\/her-gik-droemmen-i-opfyldelse-emil-blev-kiropraktor-i-thy\/#primaryimage","url":"https:\/\/kunmedierne.dk\/thy\/wp-content\/uploads\/sites\/2\/2025\/03\/Design-uden-navn-5.jpg","contentUrl":"https:\/\/kunmedierne.dk\/thy\/wp-content\/uploads\/sites\/2\/2025\/03\/Design-uden-navn-5.jpg","width":1232,"height":821},{"@type":"BreadcrumbList","@id":"https:\/\/kunmedierne.dk\/thy\/her-gik-droemmen-i-opfyldelse-emil-blev-kiropraktor-i-thy\/#breadcrumb","itemListElement":[{"@type":"ListItem","position":1,"name":"Home","item":"https:\/\/kunmedierne.dk\/thy\/"},{"@type":"ListItem","position":2,"name":"Her gik dr\u00f8mmen i opfyldelse: Emil blev kiropraktor i Thy"}]},{"@type":"WebSite","@id":"https:\/\/kunmedierne.dk\/thy\/#website","url":"https:\/\/kunmedierne.dk\/thy\/","name":"Thy","description":"et netmedie med journalistik om livet i Thy","publisher":{"@id":"https:\/\/kunmedierne.dk\/thy\/#organization"},"potentialAction":[{"@type":"SearchAction","target":{"@type":"EntryPoint","urlTemplate":"https:\/\/kunmedierne.dk\/thy\/?s={search_term_string}"},"query-input":{"@type":"PropertyValueSpecification","valueRequired":true,"valueName":"search_term_string"}}],"inLanguage":"da-DK"},{"@type":"Organization","@id":"https:\/\/kunmedierne.dk\/thy\/#organization","name":"Thy","url":"https:\/\/kunmedierne.dk\/thy\/","logo":{"@type":"ImageObject","inLanguage":"da-DK","@id":"https:\/\/kunmedierne.dk\/thy\/#\/schema\/logo\/image\/","url":"https:\/\/kunmedierne.dk\/thy\/wp-content\/uploads\/sites\/2\/2025\/04\/kunthy-logo.svg","contentUrl":"https:\/\/kunmedierne.dk\/thy\/wp-content\/uploads\/sites\/2\/2025\/04\/kunthy-logo.svg","caption":"Thy"},"image":{"@id":"https:\/\/kunmedierne.dk\/thy\/#\/schema\/logo\/image\/"}},{"@type":"Person","@id":"https:\/\/kunmedierne.dk\/thy\/#\/schema\/person\/88f5be46809ca2a5533760eb574fef93","name":"Jens Fogh Andersen","image":{"@type":"ImageObject","inLanguage":"da-DK","@id":"https:\/\/kunmedierne.dk\/thy\/#\/schema\/person\/image\/","url":"https:\/\/secure.gravatar.com\/avatar\/2b367a4ef139b1c41dccc9ee7af926b81f8b4cca3359772e86c7fd5ced26c0a3?s=96&d=mm&r=g","contentUrl":"https:\/\/secure.gravatar.com\/avatar\/2b367a4ef139b1c41dccc9ee7af926b81f8b4cca3359772e86c7fd5ced26c0a3?s=96&d=mm&r=g","caption":"Jens Fogh Andersen"},"url":"https:\/\/kunmedierne.dk\/thy\/author\/jfa\/"}]}},"_links":{"self":[{"href":"https:\/\/kunmedierne.dk\/thy\/wp-json\/wp\/v2\/posts\/317","targetHints":{"allow":["GET"]}}],"collection":[{"href":"https:\/\/kunmedierne.dk\/thy\/wp-json\/wp\/v2\/posts"}],"about":[{"href":"https:\/\/kunmedierne.dk\/thy\/wp-json\/wp\/v2\/types\/post"}],"author":[{"embeddable":true,"href":"https:\/\/kunmedierne.dk\/thy\/wp-json\/wp\/v2\/users\/4535"}],"replies":[{"embeddable":true,"href":"https:\/\/kunmedierne.dk\/thy\/wp-json\/wp\/v2\/comments?post=317"}],"version-history":[{"count":11,"href":"https:\/\/kunmedierne.dk\/thy\/wp-json\/wp\/v2\/posts\/317\/revisions"}],"predecessor-version":[{"id":983,"href":"https:\/\/kunmedierne.dk\/thy\/wp-json\/wp\/v2\/posts\/317\/revisions\/983"}],"wp:attachment":[{"href":"https:\/\/kunmedierne.dk\/thy\/wp-json\/wp\/v2\/media?parent=317"}],"wp:term":[{"taxonomy":"category","embeddable":true,"href":"https:\/\/kunmedierne.dk\/thy\/wp-json\/wp\/v2\/categories?post=317"},{"taxonomy":"post_tag","embeddable":true,"href":"https:\/\/kunmedierne.dk\/thy\/wp-json\/wp\/v2\/tags?post=317"}],"curies":[{"name":"wp","href":"https:\/\/api.w.org\/{rel}","templated":true}]}}