{"id":3115,"date":"2025-05-07T16:49:04","date_gmt":"2025-05-07T14:49:04","guid":{"rendered":"https:\/\/kunmedierne.dk\/thy\/?p=3115"},"modified":"2025-05-07T15:49:23","modified_gmt":"2025-05-07T13:49:23","slug":"fiskeren-foreningsmanden-og-politikeren-fylder-90-aar","status":"publish","type":"post","link":"https:\/\/kunmedierne.dk\/thy\/fiskeren-foreningsmanden-og-politikeren-fylder-90-aar\/","title":{"rendered":"Fiskeren, foreningsmanden og politikeren fylder 90 \u00e5r"},"content":{"rendered":"<p><strong>HANSTHOLM:\u00a0<\/strong>Da Hanstholm Fiskeriforening i marts holdt generalforsamling, var Svend Heiselberg p\u00e5 pletten \u2013 klar og frisk som altid. Man skulle ikke tro, han n\u00e6rmer sig de 90, hvis ikke han selv n\u00e6vnte det.<\/p>\n<a class=\"dvrt-link\" onClick=\"cdmtrack_click(689,jQuery(this));return false\" href=\"https:\/\/www.thistedbolig.dk\"><img decoding=\"async\" style=\"width:100%;\" src=\"https:\/\/kunmedierne.dk\/thy\/wp-content\/uploads\/sites\/2\/2025\/03\/260414ThistedBoligApril-opslag-002-1.jpg\"><\/a><script>cdmtrack_view(689);<\/script>\n<p>Den 11. maj runder den tidligere fisker, mange\u00e5rige formand for fiskeriforeningerne i Agger og Hanstholm, kommunal- og regionsr\u00e5dsmedlem samt folketingspolitiker det skarpe hj\u00f8rne.<\/p>\n<p>Hans CV er langt og imponerende \u2013 for Svend Heiselberg er en aktiv mand med mange jern i ilden.<\/p>\n<p>Svend Heiselberg begyndte som fisker som 15-\u00e5rig. I mange \u00e5r fiskede han fra Agger som krogfisker med hajer, torsk og r\u00f8dsp\u00e6tter som fangst. Han var desuden formand for Agger Fiskeriforening.<\/p>\n<p>I 1967 blev han opfordret til at flytte til den nyetablerede havn i Hanstholm og blive formand for den nye fiskeriforening d\u00e9r. Det markerede skiftet fra hav til havn. Svend gik i land og kastede sig over opbygningen af fiskeriet i Hanstholm \u2013 stort set fra bunden.<\/p>\n<a class=\"dvrt-link\" onClick=\"cdmtrack_click(4416,jQuery(this));return false\" href=\"https:\/\/sdrhaa.dk\/\"><img decoding=\"async\" style=\"width:100%;\" src=\"https:\/\/kunmedierne.dk\/thy\/wp-content\/uploads\/sites\/2\/2025\/05\/260302Din-gebyrvenlige-sparekasse_SHS_Thy-1.gif\"><\/a><script>cdmtrack_view(4416);<\/script>\n<p>Han blev hurtigt en central figur i udviklingen af havnen. S\u00f8mandshjem, isv\u00e6rk, velf\u00e6rdsbygninger og auktionshal kom til \u2013 og selv med f\u00e5 midler lykkedes det med hj\u00e6lp fra en god bank at f\u00e5 l\u00e5n til bl.a. plastickasser og kassevask.<\/p>\n<p>Gennem \u00e5rene fortsatte udviklingen. Der blev ansat konsulenter, oprettet en fiskeriskole, og i 1977 blev havnen udvidet med et nyt bassin.<\/p>\n<p>Sidel\u00f8bende med foreningsarbejdet stiftede han ogs\u00e5 en samlecentral og kastede sig ind i politik. Han har v\u00e6ret aktiv i partiet Venstre det meste af livet.<\/p>\n<p>Den politiske karriere begyndte i 1968 i Hanstholm Kommunalbestyrelse, hvor han sad frem til 1981. Fra 1971 til 1978 var han ogs\u00e5 medlem af Viborg Amtsr\u00e5d. Og i 1979 blev han valgt til Folketinget, hvor han sad indtil 2005.<\/p>\n<p>P\u00e5 Christiansborg var han bl.a. formand for markeds- og kommunaludvalget, men mest kendt blev han som trafikordf\u00f8rer. Han var en central del af den s\u00e5kaldte &#8220;Trafikmafia&#8221; \u2013 et uofficielt samarbejde mellem Venstre, Socialdemokratiet og Konservative, der k\u00e6mpede for motorvejsforbindelser i Jylland.<\/p>\n<a class=\"dvrt-link\" onClick=\"cdmtrack_click(4416,jQuery(this));return false\" href=\"https:\/\/sdrhaa.dk\/\"><img decoding=\"async\" style=\"width:100%;\" src=\"https:\/\/kunmedierne.dk\/thy\/wp-content\/uploads\/sites\/2\/2025\/05\/260302Din-gebyrvenlige-sparekasse_SHS_Thy-1.gif\"><\/a><script>cdmtrack_view(4416);<\/script>\n<p>Efter tiden i Folketinget tog han en t\u00f8rn i det nye regionsr\u00e5d i Nordjylland, hvor han var medlem fra oprettelsen og frem til 2018.<\/p>\n<p>Selvom han har haft en lang politisk karriere, har fiskeriet aldrig sluppet sit tag i ham. Ved Hanstholm Havns 50-\u00e5rsjubil\u00e6um blev han udpeget som formand for gavekomit\u00e9en. Han ledte arbejdet med fast h\u00e5nd \u2013 og der var ikke meget slinger i valsen, n\u00e5r det kom til forhandlinger om pris og sponsorater.<\/p>\n<p>Derfor kom det heller ikke som en overraskelse, at han dukkede op til generalforsamlingen i Hanstholm Fiskeriforening i marts i \u00e5r. Han f\u00f8lger stadig med i havnens udvikling og fiskernes vilk\u00e5r.<\/p>\n<p>Og da han tog ordet fra talerstolen, fik han b\u00e5de salen til at spidse \u00f8rer og tr\u00e6kke p\u00e5 smileb\u00e5ndet.<\/p>\n<p>Meget har \u00e6ndret sig siden hans tid som formand i 1970\u2019erne \u2013 men alligevel er der ting, der g\u00e5r igen: f\u00e6rre fiskere, men stadig de samme kritikpunkter rettet mod myndigheder, fiskerikontrol, biologer og politikere.<\/p>\n<p>Svend Heiselberg har i den grad sat sit pr\u00e6g p\u00e5 b\u00e5de fiskeriet, det lokale foreningsliv og dansk politik. Meget er sket p\u00e5 hans 90 \u00e5r \u2013 men hans engagement og n\u00e6se for fiskeriet er stadig intakt.<\/p>\n<p><em>Hanstholm Fiskeriforening<\/em><\/p>\n<p><em>Formand Jan N. Hansen<\/em><\/p>\n","protected":false},"excerpt":{"rendered":"<p>HANSTHOLM:\u00a0Da Hanstholm Fiskeriforening i marts holdt generalforsamling, var Svend Heiselberg p\u00e5 pletten \u2013 klar og frisk som altid. Man skulle ikke tro, han n\u00e6rmer sig de 90, hvis ikke han selv n\u00e6vnte det. Den 11. maj runder den tidligere fisker, mange\u00e5rige formand for fiskeriforeningerne i Agger og Hanstholm, kommunal- og regionsr\u00e5dsmedlem samt folketingspolitiker det skarpe [&hellip;]<\/p>\n","protected":false},"author":4535,"featured_media":0,"comment_status":"closed","ping_status":"closed","sticky":false,"template":"","format":"standard","meta":{"_acf_changed":false,"footnotes":""},"categories":[55],"tags":[38],"class_list":["post-3115","post","type-post","status-publish","format-standard","hentry","category-navne","tag-mennesker"],"acf":[],"yoast_head":"<!-- This site is optimized with the Yoast SEO plugin v26.8 - https:\/\/yoast.com\/product\/yoast-seo-wordpress\/ -->\n<title>Fiskeren, foreningsmanden og politikeren fylder 90 \u00e5r - Thy<\/title>\n<meta name=\"robots\" content=\"index, follow, max-snippet:-1, max-image-preview:large, max-video-preview:-1\" \/>\n<link rel=\"canonical\" href=\"https:\/\/kunmedierne.dk\/thy\/fiskeren-foreningsmanden-og-politikeren-fylder-90-aar\/\" \/>\n<meta property=\"og:locale\" content=\"da_DK\" \/>\n<meta property=\"og:type\" content=\"article\" \/>\n<meta property=\"og:title\" content=\"Fiskeren, foreningsmanden og politikeren fylder 90 \u00e5r - Thy\" \/>\n<meta property=\"og:description\" content=\"HANSTHOLM:\u00a0Da Hanstholm Fiskeriforening i marts holdt generalforsamling, var Svend Heiselberg p\u00e5 pletten \u2013 klar og frisk som altid. Man skulle ikke tro, han n\u00e6rmer sig de 90, hvis ikke han selv n\u00e6vnte det. Den 11. maj runder den tidligere fisker, mange\u00e5rige formand for fiskeriforeningerne i Agger og Hanstholm, kommunal- og regionsr\u00e5dsmedlem samt folketingspolitiker det skarpe [&hellip;]\" \/>\n<meta property=\"og:url\" content=\"https:\/\/kunmedierne.dk\/thy\/fiskeren-foreningsmanden-og-politikeren-fylder-90-aar\/\" \/>\n<meta property=\"og:site_name\" content=\"Thy\" \/>\n<meta property=\"article:published_time\" content=\"2025-05-07T14:49:04+00:00\" \/>\n<meta name=\"author\" content=\"Jens Fogh Andersen\" \/>\n<meta name=\"twitter:card\" content=\"summary_large_image\" \/>\n<meta name=\"twitter:label1\" content=\"Skrevet af\" \/>\n\t<meta name=\"twitter:data1\" content=\"Jens Fogh Andersen\" \/>\n\t<meta name=\"twitter:label2\" content=\"Estimeret l\u00e6setid\" \/>\n\t<meta name=\"twitter:data2\" content=\"3 minutter\" \/>\n<script type=\"application\/ld+json\" class=\"yoast-schema-graph\">{\"@context\":\"https:\/\/schema.org\",\"@graph\":[{\"@type\":\"Article\",\"@id\":\"https:\/\/kunmedierne.dk\/thy\/fiskeren-foreningsmanden-og-politikeren-fylder-90-aar\/#article\",\"isPartOf\":{\"@id\":\"https:\/\/kunmedierne.dk\/thy\/fiskeren-foreningsmanden-og-politikeren-fylder-90-aar\/\"},\"author\":{\"name\":\"Jens Fogh Andersen\",\"@id\":\"https:\/\/kunmedierne.dk\/thy\/#\/schema\/person\/88f5be46809ca2a5533760eb574fef93\"},\"headline\":\"Fiskeren, foreningsmanden og politikeren fylder 90 \u00e5r\",\"datePublished\":\"2025-05-07T14:49:04+00:00\",\"mainEntityOfPage\":{\"@id\":\"https:\/\/kunmedierne.dk\/thy\/fiskeren-foreningsmanden-og-politikeren-fylder-90-aar\/\"},\"wordCount\":550,\"publisher\":{\"@id\":\"https:\/\/kunmedierne.dk\/thy\/#organization\"},\"keywords\":[\"Mennesker\"],\"articleSection\":[\"Navne\"],\"inLanguage\":\"da-DK\"},{\"@type\":\"WebPage\",\"@id\":\"https:\/\/kunmedierne.dk\/thy\/fiskeren-foreningsmanden-og-politikeren-fylder-90-aar\/\",\"url\":\"https:\/\/kunmedierne.dk\/thy\/fiskeren-foreningsmanden-og-politikeren-fylder-90-aar\/\",\"name\":\"Fiskeren, foreningsmanden og politikeren fylder 90 \u00e5r - Thy\",\"isPartOf\":{\"@id\":\"https:\/\/kunmedierne.dk\/thy\/#website\"},\"datePublished\":\"2025-05-07T14:49:04+00:00\",\"breadcrumb\":{\"@id\":\"https:\/\/kunmedierne.dk\/thy\/fiskeren-foreningsmanden-og-politikeren-fylder-90-aar\/#breadcrumb\"},\"inLanguage\":\"da-DK\",\"potentialAction\":[{\"@type\":\"ReadAction\",\"target\":[\"https:\/\/kunmedierne.dk\/thy\/fiskeren-foreningsmanden-og-politikeren-fylder-90-aar\/\"]}]},{\"@type\":\"BreadcrumbList\",\"@id\":\"https:\/\/kunmedierne.dk\/thy\/fiskeren-foreningsmanden-og-politikeren-fylder-90-aar\/#breadcrumb\",\"itemListElement\":[{\"@type\":\"ListItem\",\"position\":1,\"name\":\"Home\",\"item\":\"https:\/\/kunmedierne.dk\/thy\/\"},{\"@type\":\"ListItem\",\"position\":2,\"name\":\"Fiskeren, foreningsmanden og politikeren fylder 90 \u00e5r\"}]},{\"@type\":\"WebSite\",\"@id\":\"https:\/\/kunmedierne.dk\/thy\/#website\",\"url\":\"https:\/\/kunmedierne.dk\/thy\/\",\"name\":\"Thy\",\"description\":\"et netmedie med journalistik om livet i Thy\",\"publisher\":{\"@id\":\"https:\/\/kunmedierne.dk\/thy\/#organization\"},\"potentialAction\":[{\"@type\":\"SearchAction\",\"target\":{\"@type\":\"EntryPoint\",\"urlTemplate\":\"https:\/\/kunmedierne.dk\/thy\/?s={search_term_string}\"},\"query-input\":{\"@type\":\"PropertyValueSpecification\",\"valueRequired\":true,\"valueName\":\"search_term_string\"}}],\"inLanguage\":\"da-DK\"},{\"@type\":\"Organization\",\"@id\":\"https:\/\/kunmedierne.dk\/thy\/#organization\",\"name\":\"Thy\",\"url\":\"https:\/\/kunmedierne.dk\/thy\/\",\"logo\":{\"@type\":\"ImageObject\",\"inLanguage\":\"da-DK\",\"@id\":\"https:\/\/kunmedierne.dk\/thy\/#\/schema\/logo\/image\/\",\"url\":\"https:\/\/kunmedierne.dk\/thy\/wp-content\/uploads\/sites\/2\/2025\/04\/kunthy-logo.svg\",\"contentUrl\":\"https:\/\/kunmedierne.dk\/thy\/wp-content\/uploads\/sites\/2\/2025\/04\/kunthy-logo.svg\",\"caption\":\"Thy\"},\"image\":{\"@id\":\"https:\/\/kunmedierne.dk\/thy\/#\/schema\/logo\/image\/\"}},{\"@type\":\"Person\",\"@id\":\"https:\/\/kunmedierne.dk\/thy\/#\/schema\/person\/88f5be46809ca2a5533760eb574fef93\",\"name\":\"Jens Fogh Andersen\",\"image\":{\"@type\":\"ImageObject\",\"inLanguage\":\"da-DK\",\"@id\":\"https:\/\/kunmedierne.dk\/thy\/#\/schema\/person\/image\/\",\"url\":\"https:\/\/secure.gravatar.com\/avatar\/2b367a4ef139b1c41dccc9ee7af926b81f8b4cca3359772e86c7fd5ced26c0a3?s=96&d=mm&r=g\",\"contentUrl\":\"https:\/\/secure.gravatar.com\/avatar\/2b367a4ef139b1c41dccc9ee7af926b81f8b4cca3359772e86c7fd5ced26c0a3?s=96&d=mm&r=g\",\"caption\":\"Jens Fogh Andersen\"},\"url\":\"https:\/\/kunmedierne.dk\/thy\/author\/jfa\/\"}]}<\/script>\n<!-- \/ Yoast SEO plugin. -->","yoast_head_json":{"title":"Fiskeren, foreningsmanden og politikeren fylder 90 \u00e5r - Thy","robots":{"index":"index","follow":"follow","max-snippet":"max-snippet:-1","max-image-preview":"max-image-preview:large","max-video-preview":"max-video-preview:-1"},"canonical":"https:\/\/kunmedierne.dk\/thy\/fiskeren-foreningsmanden-og-politikeren-fylder-90-aar\/","og_locale":"da_DK","og_type":"article","og_title":"Fiskeren, foreningsmanden og politikeren fylder 90 \u00e5r - Thy","og_description":"HANSTHOLM:\u00a0Da Hanstholm Fiskeriforening i marts holdt generalforsamling, var Svend Heiselberg p\u00e5 pletten \u2013 klar og frisk som altid. Man skulle ikke tro, han n\u00e6rmer sig de 90, hvis ikke han selv n\u00e6vnte det. Den 11. maj runder den tidligere fisker, mange\u00e5rige formand for fiskeriforeningerne i Agger og Hanstholm, kommunal- og regionsr\u00e5dsmedlem samt folketingspolitiker det skarpe [&hellip;]","og_url":"https:\/\/kunmedierne.dk\/thy\/fiskeren-foreningsmanden-og-politikeren-fylder-90-aar\/","og_site_name":"Thy","article_published_time":"2025-05-07T14:49:04+00:00","author":"Jens Fogh Andersen","twitter_card":"summary_large_image","twitter_misc":{"Skrevet af":"Jens Fogh Andersen","Estimeret l\u00e6setid":"3 minutter"},"schema":{"@context":"https:\/\/schema.org","@graph":[{"@type":"Article","@id":"https:\/\/kunmedierne.dk\/thy\/fiskeren-foreningsmanden-og-politikeren-fylder-90-aar\/#article","isPartOf":{"@id":"https:\/\/kunmedierne.dk\/thy\/fiskeren-foreningsmanden-og-politikeren-fylder-90-aar\/"},"author":{"name":"Jens Fogh Andersen","@id":"https:\/\/kunmedierne.dk\/thy\/#\/schema\/person\/88f5be46809ca2a5533760eb574fef93"},"headline":"Fiskeren, foreningsmanden og politikeren fylder 90 \u00e5r","datePublished":"2025-05-07T14:49:04+00:00","mainEntityOfPage":{"@id":"https:\/\/kunmedierne.dk\/thy\/fiskeren-foreningsmanden-og-politikeren-fylder-90-aar\/"},"wordCount":550,"publisher":{"@id":"https:\/\/kunmedierne.dk\/thy\/#organization"},"keywords":["Mennesker"],"articleSection":["Navne"],"inLanguage":"da-DK"},{"@type":"WebPage","@id":"https:\/\/kunmedierne.dk\/thy\/fiskeren-foreningsmanden-og-politikeren-fylder-90-aar\/","url":"https:\/\/kunmedierne.dk\/thy\/fiskeren-foreningsmanden-og-politikeren-fylder-90-aar\/","name":"Fiskeren, foreningsmanden og politikeren fylder 90 \u00e5r - Thy","isPartOf":{"@id":"https:\/\/kunmedierne.dk\/thy\/#website"},"datePublished":"2025-05-07T14:49:04+00:00","breadcrumb":{"@id":"https:\/\/kunmedierne.dk\/thy\/fiskeren-foreningsmanden-og-politikeren-fylder-90-aar\/#breadcrumb"},"inLanguage":"da-DK","potentialAction":[{"@type":"ReadAction","target":["https:\/\/kunmedierne.dk\/thy\/fiskeren-foreningsmanden-og-politikeren-fylder-90-aar\/"]}]},{"@type":"BreadcrumbList","@id":"https:\/\/kunmedierne.dk\/thy\/fiskeren-foreningsmanden-og-politikeren-fylder-90-aar\/#breadcrumb","itemListElement":[{"@type":"ListItem","position":1,"name":"Home","item":"https:\/\/kunmedierne.dk\/thy\/"},{"@type":"ListItem","position":2,"name":"Fiskeren, foreningsmanden og politikeren fylder 90 \u00e5r"}]},{"@type":"WebSite","@id":"https:\/\/kunmedierne.dk\/thy\/#website","url":"https:\/\/kunmedierne.dk\/thy\/","name":"Thy","description":"et netmedie med journalistik om livet i Thy","publisher":{"@id":"https:\/\/kunmedierne.dk\/thy\/#organization"},"potentialAction":[{"@type":"SearchAction","target":{"@type":"EntryPoint","urlTemplate":"https:\/\/kunmedierne.dk\/thy\/?s={search_term_string}"},"query-input":{"@type":"PropertyValueSpecification","valueRequired":true,"valueName":"search_term_string"}}],"inLanguage":"da-DK"},{"@type":"Organization","@id":"https:\/\/kunmedierne.dk\/thy\/#organization","name":"Thy","url":"https:\/\/kunmedierne.dk\/thy\/","logo":{"@type":"ImageObject","inLanguage":"da-DK","@id":"https:\/\/kunmedierne.dk\/thy\/#\/schema\/logo\/image\/","url":"https:\/\/kunmedierne.dk\/thy\/wp-content\/uploads\/sites\/2\/2025\/04\/kunthy-logo.svg","contentUrl":"https:\/\/kunmedierne.dk\/thy\/wp-content\/uploads\/sites\/2\/2025\/04\/kunthy-logo.svg","caption":"Thy"},"image":{"@id":"https:\/\/kunmedierne.dk\/thy\/#\/schema\/logo\/image\/"}},{"@type":"Person","@id":"https:\/\/kunmedierne.dk\/thy\/#\/schema\/person\/88f5be46809ca2a5533760eb574fef93","name":"Jens Fogh Andersen","image":{"@type":"ImageObject","inLanguage":"da-DK","@id":"https:\/\/kunmedierne.dk\/thy\/#\/schema\/person\/image\/","url":"https:\/\/secure.gravatar.com\/avatar\/2b367a4ef139b1c41dccc9ee7af926b81f8b4cca3359772e86c7fd5ced26c0a3?s=96&d=mm&r=g","contentUrl":"https:\/\/secure.gravatar.com\/avatar\/2b367a4ef139b1c41dccc9ee7af926b81f8b4cca3359772e86c7fd5ced26c0a3?s=96&d=mm&r=g","caption":"Jens Fogh Andersen"},"url":"https:\/\/kunmedierne.dk\/thy\/author\/jfa\/"}]}},"_links":{"self":[{"href":"https:\/\/kunmedierne.dk\/thy\/wp-json\/wp\/v2\/posts\/3115","targetHints":{"allow":["GET"]}}],"collection":[{"href":"https:\/\/kunmedierne.dk\/thy\/wp-json\/wp\/v2\/posts"}],"about":[{"href":"https:\/\/kunmedierne.dk\/thy\/wp-json\/wp\/v2\/types\/post"}],"author":[{"embeddable":true,"href":"https:\/\/kunmedierne.dk\/thy\/wp-json\/wp\/v2\/users\/4535"}],"replies":[{"embeddable":true,"href":"https:\/\/kunmedierne.dk\/thy\/wp-json\/wp\/v2\/comments?post=3115"}],"version-history":[{"count":8,"href":"https:\/\/kunmedierne.dk\/thy\/wp-json\/wp\/v2\/posts\/3115\/revisions"}],"predecessor-version":[{"id":3218,"href":"https:\/\/kunmedierne.dk\/thy\/wp-json\/wp\/v2\/posts\/3115\/revisions\/3218"}],"wp:attachment":[{"href":"https:\/\/kunmedierne.dk\/thy\/wp-json\/wp\/v2\/media?parent=3115"}],"wp:term":[{"taxonomy":"category","embeddable":true,"href":"https:\/\/kunmedierne.dk\/thy\/wp-json\/wp\/v2\/categories?post=3115"},{"taxonomy":"post_tag","embeddable":true,"href":"https:\/\/kunmedierne.dk\/thy\/wp-json\/wp\/v2\/tags?post=3115"}],"curies":[{"name":"wp","href":"https:\/\/api.w.org\/{rel}","templated":true}]}}