{"id":26929,"date":"2026-09-06T17:24:57","date_gmt":"2026-09-06T15:24:57","guid":{"rendered":"https:\/\/kunmedierne.dk\/thy\/?p=26929"},"modified":"2026-09-06T17:32:02","modified_gmt":"2026-09-06T15:32:02","slug":"weekendens-sport-topniveauet-var-der-men-ikke-laenge-nok","status":"publish","type":"post","link":"https:\/\/kunmedierne.dk\/thy\/weekendens-sport-topniveauet-var-der-men-ikke-laenge-nok\/","title":{"rendered":"<span>Weekendens sport: <\/span>Topniveauet var der &#8211; men ikke l\u00e6nge nok"},"content":{"rendered":"<blockquote>\n<h5>Denne side bliver opdateret med indhold om weekendens lokale sport. Scroll ned ad siden og find de forskellige artikler.<\/h5>\n<h5>P\u00e5 siden nu:<\/h5>\n<ul>\n<li>\n<h5>Topniveauet var der &#8211; men ikke l\u00e6nge nok<\/h5>\n<\/li>\n<li>\n<h5>TFC kl\u00e6dte modstanderne p\u00e5 &#8211; og blev selv kl\u00e6dt af<\/h5>\n<\/li>\n<\/ul>\n<\/blockquote>\n<h2>Topniveauet var der &#8211; men ikke l\u00e6nge nok<\/h2>\n<h4>I en flot h\u00e5ndboldkamp pressede Mors-Thy st\u00e6rke GOG n\u00e6sten hele vejen til det sidste.<\/h4>\n<h5>Af David H\u00f8jmark &#8211; 6. september 2026 kl. 17.25<\/h5>\n<p><strong>H\u00c5NDBOLD<\/strong>: Der er gr\u00e6nser for, hvor mange \u00e6refulde nederlag, man kan tage, men det, Mors-Thy fik mod GOG, gav klapsalver fra et meget tilfreds publikum.<\/p>\n<p>For stadig uden profiler som Gustav Sunesen og Kasper Lindgren &#8211; og stadig i et tidligt forl\u00f8b for et nyt hold &#8211; fandt hjemmeholdet det flotte h\u00e5ndboldspil frem s\u00e5 l\u00e6nge og s\u00e5 godt, at GOG f\u00f8rst til allersidst kunne k\u00f8re sejren hjem.<\/p>\n<a class=\"dvrt-link\" onClick=\"cdmtrack_click(25762,jQuery(this));return false\" href=\"https:\/\/www.facebook.com\/profile.php?id=100049901895340\"><img decoding=\"async\" style=\"width:100%;\" src=\"https:\/\/kunmedierne.dk\/thy\/wp-content\/uploads\/sites\/2\/2026\/08\/260831Morsoebil2Animation-3steps-1.gif\"><\/a><script>cdmtrack_view(25762);<\/script>\n<p>De vandt med 32-29, men havde tabt, hvis Mors-Thy havde holdt den h\u00f8je kadence i 60 minutter. For n\u00e5r det gik godt, gik det rigtig godt for de bl\u00e5 i Sparekassen Thy Arena Mors.<\/p>\n<p>&nbsp;<\/p>\n<p><strong>Varme venstreh\u00e6nder p\u00e5 tribunerne<\/strong><\/p>\n<p>Her lagde Anton Houe og Simon Skovhus ud med h\u00f8jt individuelt niveau fra start, og da Lasse Pedersen ogs\u00e5 meldte sig ind med scorigner, og Rasmus Henriksen havde vundet en duel over begge fl\u00f8je, var der ved 6-4 ikke grund til andet end at dr\u00f8mme om en sj\u00e6lden triumf imod den fynske stormagt.<\/p>\n<p>Indtrykket blev bekr\u00e6ftet af et levende og varieret angrebsspil og et h\u00f8jt tempo, som GOG i denne fase havde sv\u00e6rest ved at kapere. S\u00e5 midt i f\u00f8rste halvleg havde b\u00e5de pr\u00e6station og forl\u00f8b givet anledning til brandvarme venstreh\u00e6nder hos de mange tilskuere med klappevifter.<\/p>\n<a class=\"dvrt-link\" onClick=\"cdmtrack_click(25762,jQuery(this));return false\" href=\"https:\/\/www.facebook.com\/profile.php?id=100049901895340\"><img decoding=\"async\" style=\"width:100%;\" src=\"https:\/\/kunmedierne.dk\/thy\/wp-content\/uploads\/sites\/2\/2026\/08\/260831Morsoebil2Animation-3steps-1.gif\"><\/a><script>cdmtrack_view(25762);<\/script>\n<p>Stemningen s\u00f8ndag eftermiddag var p\u00e5 dette tidspunkt s\u00e5 forventningsfuld som en sulten sommeraften med friske frankfurtere p\u00e5 grillen. Men som den slags gode stunder s\u00e5 ofte er blevet forplumret af nogen med en sk\u00e5l salat, smed GOG nu snavs i h\u00e5ndboldmenuen.<\/p>\n<p>Fra 7-9 rykkede de til 12-9 og genopfriskede den gamle klich\u00e9 om, at man mod de store hold bliver straffet for sine udfald.<\/p>\n<p>Heldigvis fandt Mors-Thy hurtigt proppen til d\u00e9t hul. Fire minutter f\u00f8r pausen var der ny remis, da Lasse Pedersen fra egen tremeter scorede i tomt m\u00e5l til 14-14. Og da Rasmus Henriksen i sidste sekund scorede i tomt m\u00e5l, var alle tilskuere p\u00e5 to ben og klar til en pausesnak om noget, der s\u00e5 rigtig godt ud.<\/p>\n<p>&nbsp;<\/p>\n<p><strong>Anton Houe h\u00f8vlet i gulvet<\/strong><\/p>\n<p>Anton Houe er ikke mere voksen, end at han har mange store t\u00e6sk til gode p\u00e5 en h\u00e5ndboldbane. Det var dog nok en ringe tr\u00f8st, da han fik en gidegen forsmag p\u00e5, hvad der venter forude.<\/p>\n<p>Det fik han f\u00e5 sekunder efter pausen, da stregspiller Steven Plucnar investerede alle sine 200 centimeter og 109 kilo i at stoppe Mors-Thys playmaker med en tackling s\u00e5 h\u00e5rd, at det r\u00f8de kort var lige s\u00e5 soleklart som den gule farve p\u00e5 synderens tr\u00f8je.<\/p>\n<a class=\"dvrt-link\" onClick=\"cdmtrack_click(7877,jQuery(this));return false\" href=\"https:\/\/kunmedierne.dk\/thy\/jobopslag-paa-kunthy-og-kunmors-bliver-vist-paa-begge-medier-til-samme-lave-pris\/\"><img decoding=\"async\" style=\"width:100%;\" src=\"https:\/\/kunmedierne.dk\/thy\/wp-content\/uploads\/sites\/2\/2025\/08\/jobannonce-kunmedierne.jpg\"><\/a><script>cdmtrack_view(7877);<\/script>\n<p>Det gjorde selvf\u00f8lgelig ondt p\u00e5 Anton Houe, men det gjorde yderligere godt for troen p\u00e5 Mors-Thy, som da ogs\u00e5 n\u00e5ede at angribe for en f\u00f8ring p\u00e5 tre, inden GOG fik nyt momentum og bragte sig foran med en.<\/p>\n<p>Nu gik det igen fynboernes vej, og da den frygtede \u00d3le Mittun smadrede bolden i fjerneste hj\u00f8rne med en presset underh\u00e5nd, m\u00e5tte Mors-Thy svare igen med en timeout ved 21-24.<\/p>\n<p>Det f\u00f8rte til 7:6-spil og nye scoringer &#8211; men desv\u00e6rre ogs\u00e5 i eget m\u00e5l, s\u00e5 med 14 minutter tilbage tog GOG skridt til en afg\u00f8relse, der baseret p\u00e5 spillet indtil da kunne falde urimeligt tidligt.<\/p>\n<p>Heldigvis gik det ikke s\u00e5 galt.<\/p>\n<p>&nbsp;<\/p>\n<p><strong>Kolde fynske hoveder til sidst<\/strong><\/p>\n<p>Otte minutter f\u00f8r tid fik Oliver Larsen en sektion i den ene siddetribune forvandlet til en st\u00e5tribune, da han viftede et Hjalte Lykke-hug over m\u00e5l. Og havde Jonas Dehn Nielsen derefter udnyttet fra stregen, ville arenaen ved 27-28 v\u00e6re p\u00e5 kogepunktet.<\/p>\n<p>I stedet blev det 26-29, og lidt efter gik den unge stregspiller sluk\u00f8ret fra banen efter en un\u00f8dvendig udvisning, som GOG-m\u00e5lmand Frederik M\u00f8ller lige s\u00e5 dygtigt som teatralsk fik fremprovokeret.<\/p>\n<p>Det var dog ikke slut endnu.<\/p>\n<a class=\"dvrt-link\" onClick=\"cdmtrack_click(25762,jQuery(this));return false\" href=\"https:\/\/www.facebook.com\/profile.php?id=100049901895340\"><img decoding=\"async\" style=\"width:100%;\" src=\"https:\/\/kunmedierne.dk\/thy\/wp-content\/uploads\/sites\/2\/2026\/08\/260831Morsoebil2Animation-3steps-1.gif\"><\/a><script>cdmtrack_view(25762);<\/script>\n<p>Fire minutter f\u00f8r tid slog Mads-Peter L\u00f8nborg til fra stregen til 28-29. Nu var arenaen i kog. Men desv\u00e6rre ikke nok til at forhindre kolde hoveder hos GOG. De fandt vejen til de afg\u00f8rende gennembrud og slog et nyt hul p\u00e5 tre, hvorefter de f\u00f8rste tilskuere forlod arenaen et minut f\u00f8r tid.<\/p>\n<p>Dem, der blev tilbage, satte med nye m\u00f8der mellem egne h\u00e5ndflader pris p\u00e5 fors\u00f8get fra de bl\u00e5. M\u00e5ske ogs\u00e5 med visheden om, at det ikke er GOG, der skal aflevere sine point mod Mors-Thy.<\/p>\n<p>Hvis niveauet fra s\u00f8dagens kamp holder, kommer mange andre hold til geng\u00e6ld til at g\u00f8re det.<\/p>\n<p>L\u00e6s mere om kampen senere.<\/p>\n<hr \/>\n<a class=\"dvrt-link\" onClick=\"cdmtrack_click(685,jQuery(this));return false\" href=\"https:\/\/wensien.dk\/begravelse\/?gad_source=1&gclid=Cj0KCQjwtJ6_BhDWARIsAGanmKcWw6hbeoepGti1oApJGHln52gMbg8EBRZ86__3P1AJZ5dcsw4ZvNEaAk7JEALw_wcB\"><img decoding=\"async\" style=\"width:100%;\" src=\"https:\/\/kunmedierne.dk\/thy\/wp-content\/uploads\/sites\/2\/2025\/03\/wensien-stenhugger.jpg\"><\/a><script>cdmtrack_view(685);<\/script>\n<div id=\"attachment_26267\" style=\"width: 310px\" class=\"wp-caption alignnone\"><img loading=\"lazy\" decoding=\"async\" aria-describedby=\"caption-attachment-26267\" class=\"size-medium wp-image-26267\" src=\"https:\/\/kunmedierne.dk\/thy\/wp-content\/uploads\/sites\/2\/2026\/08\/260821-tfc-skive-jeppe-dalgaard2-300x200.jpg\" alt=\"\" width=\"300\" height=\"200\" srcset=\"https:\/\/kunmedierne.dk\/thy\/wp-content\/uploads\/sites\/2\/2026\/08\/260821-tfc-skive-jeppe-dalgaard2-300x200.jpg 300w, https:\/\/kunmedierne.dk\/thy\/wp-content\/uploads\/sites\/2\/2026\/08\/260821-tfc-skive-jeppe-dalgaard2-1024x683.jpg 1024w, https:\/\/kunmedierne.dk\/thy\/wp-content\/uploads\/sites\/2\/2026\/08\/260821-tfc-skive-jeppe-dalgaard2-510x340.jpg 510w, https:\/\/kunmedierne.dk\/thy\/wp-content\/uploads\/sites\/2\/2026\/08\/260821-tfc-skive-jeppe-dalgaard2.jpg 2048w\" sizes=\"auto, (max-width: 300px) 100vw, 300px\" \/><p id=\"caption-attachment-26267\" class=\"wp-caption-text\">Jeppe Dalgaard og Thisted FC tabte klart. Arkivfoto: Uffe Skinnerup\/Thisted FC.<\/p><\/div>\n<h2>TFC kl\u00e6dte modstanderne p\u00e5 &#8211; og blev selv kl\u00e6dt af<\/h2>\n<h4>Hjemmekampen mod Nyk\u00f8bing FC har hurtigt afgjort, og thyboerne er stadig sidst i 2. division.<\/h4>\n<h5>Af David H\u00f8jmark &#8211; 6. september 2026 kl. 15.11<\/h5>\n<p><strong>FODBOLD<\/strong>: De var k\u00f8rt helt fra Falster til Thy med en spilledragt, de m\u00e5tte lade blive i omkl\u00e6dningsrummet, men derudover havde dagens modstandere p\u00e5 Sparekassen Thy Arena i Thisted s\u00e5 absolut mest at grine af.<\/p>\n<p>Kort f\u00f8r kampens start stod det klart, at dommeren ikke ville godkende g\u00e6sternes tr\u00f8jer. Derfor m\u00e5tte Nyk\u00f8bing FC l\u00e5ne hjemmeholdets udebanetr\u00f8jer, men efter at have kl\u00e6dt sine modstandere p\u00e5 blev Thisted FC desv\u00e6rre selv kl\u00e6dt af.<\/p>\n<p>For tre gange i f\u00f8rste halvleg slog modstanderne til med scoringer, og s\u00e5 var de endnu ubesejrede oprykkere godt p\u00e5 vej mod nye tre point til tabellen.<\/p>\n<a class=\"dvrt-link\" onClick=\"cdmtrack_click(1130,jQuery(this));return false\" href=\"https:\/\/www.thistedforsikring.dk\/?utm_source=partnerskaber&amp;utm_campaign=kun_thy\"><img decoding=\"async\" style=\"width:100%;\" src=\"https:\/\/kunmedierne.dk\/thy\/wp-content\/uploads\/sites\/2\/2025\/04\/260409KunThyThisted-For-1.png\"><\/a><script>cdmtrack_view(1130);<\/script>\n<p>Det blev ved 3-0 til g\u00e6sterne, og dermed kunne Thisted FC f\u00e5 dage efter at have presset superligaholdet S\u00f8nderjyske i pokalturneringen konstatere, at det fortsat ser sv\u00e6rt ud i 2. division. Daniel Kristensens nye mandskab er efter seks kampe kun p\u00e5 det ene point, det hentede hos Fremad Amager i sidste spillerunde.<\/p>\n<p>Forude venter en ny vanskelig opgave p\u00e5 udebane mod N\u00e6stved, inden der er formodet bundopg\u00f8r i Thisted, n\u00e5r Brabrand IF kommer p\u00e5 bes\u00f8g 20. september.<\/p>\n<p>&nbsp;<\/p>\n","protected":false},"excerpt":{"rendered":"<p>Denne side bliver opdateret med indhold om weekendens lokale sport. Scroll ned ad siden og find de forskellige artikler. P\u00e5 siden nu: Topniveauet var der &#8211; men ikke l\u00e6nge nok TFC kl\u00e6dte modstanderne p\u00e5 &#8211; og blev selv kl\u00e6dt af Topniveauet var der &#8211; men ikke l\u00e6nge nok I en flot h\u00e5ndboldkamp pressede Mors-Thy st\u00e6rke [&hellip;]<\/p>\n","protected":false},"author":8,"featured_media":0,"comment_status":"closed","ping_status":"closed","sticky":false,"template":"","format":"standard","meta":{"_acf_changed":false,"footnotes":""},"categories":[22],"tags":[],"class_list":["post-26929","post","type-post","status-publish","format-standard","hentry","category-sport"],"acf":[],"yoast_head":"<!-- This site is optimized with the Yoast SEO plugin v27.7 - https:\/\/yoast.com\/product\/yoast-seo-wordpress\/ -->\n<title>Weekendens sport: Topniveauet var der - men ikke l\u00e6nge nok - Thy<\/title>\n<meta name=\"robots\" content=\"index, follow, max-snippet:-1, max-image-preview:large, max-video-preview:-1\" \/>\n<link rel=\"canonical\" href=\"https:\/\/kunmedierne.dk\/thy\/weekendens-sport-topniveauet-var-der-men-ikke-laenge-nok\/\" \/>\n<meta property=\"og:locale\" content=\"da_DK\" \/>\n<meta property=\"og:type\" content=\"article\" \/>\n<meta property=\"og:title\" content=\"Weekendens sport: Topniveauet var der - men ikke l\u00e6nge nok - Thy\" \/>\n<meta property=\"og:description\" content=\"Denne side bliver opdateret med indhold om weekendens lokale sport. Scroll ned ad siden og find de forskellige artikler. P\u00e5 siden nu: Topniveauet var der &#8211; men ikke l\u00e6nge nok TFC kl\u00e6dte modstanderne p\u00e5 &#8211; og blev selv kl\u00e6dt af Topniveauet var der &#8211; men ikke l\u00e6nge nok I en flot h\u00e5ndboldkamp pressede Mors-Thy st\u00e6rke [&hellip;]\" \/>\n<meta property=\"og:url\" content=\"https:\/\/kunmedierne.dk\/thy\/weekendens-sport-topniveauet-var-der-men-ikke-laenge-nok\/\" \/>\n<meta property=\"og:site_name\" content=\"Thy\" \/>\n<meta property=\"article:published_time\" content=\"2026-09-06T15:24:57+00:00\" \/>\n<meta property=\"article:modified_time\" content=\"2026-09-06T15:32:02+00:00\" \/>\n<meta property=\"og:image\" content=\"https:\/\/kunmedierne.dk\/thy\/wp-content\/uploads\/sites\/2\/2026\/08\/260821-tfc-skive-jeppe-dalgaard2-300x200.jpg\" \/>\n<meta name=\"author\" content=\"David H\u00f8jmark\" \/>\n<meta name=\"twitter:card\" content=\"summary_large_image\" \/>\n<meta name=\"twitter:label1\" content=\"Skrevet af\" \/>\n\t<meta name=\"twitter:data1\" content=\"David H\u00f8jmark\" \/>\n\t<meta name=\"twitter:label2\" content=\"Estimeret l\u00e6setid\" \/>\n\t<meta name=\"twitter:data2\" content=\"6 minutter\" \/>\n<script type=\"application\/ld+json\" class=\"yoast-schema-graph\">{\"@context\":\"https:\\\/\\\/schema.org\",\"@graph\":[{\"@type\":\"Article\",\"@id\":\"https:\\\/\\\/kunmedierne.dk\\\/thy\\\/weekendens-sport-topniveauet-var-der-men-ikke-laenge-nok\\\/#article\",\"isPartOf\":{\"@id\":\"https:\\\/\\\/kunmedierne.dk\\\/thy\\\/weekendens-sport-topniveauet-var-der-men-ikke-laenge-nok\\\/\"},\"author\":{\"name\":\"David H\u00f8jmark\",\"@id\":\"https:\\\/\\\/kunmedierne.dk\\\/thy\\\/#\\\/schema\\\/person\\\/5fe23251bf1d0abbcdc6f7896579d548\"},\"headline\":\"Weekendens sport: Topniveauet var der &#8211; men ikke l\u00e6nge nok\",\"datePublished\":\"2026-09-06T15:24:57+00:00\",\"dateModified\":\"2026-09-06T15:32:02+00:00\",\"mainEntityOfPage\":{\"@id\":\"https:\\\/\\\/kunmedierne.dk\\\/thy\\\/weekendens-sport-topniveauet-var-der-men-ikke-laenge-nok\\\/\"},\"wordCount\":1120,\"publisher\":{\"@id\":\"https:\\\/\\\/kunmedierne.dk\\\/thy\\\/#organization\"},\"image\":{\"@id\":\"https:\\\/\\\/kunmedierne.dk\\\/thy\\\/weekendens-sport-topniveauet-var-der-men-ikke-laenge-nok\\\/#primaryimage\"},\"thumbnailUrl\":\"https:\\\/\\\/kunmedierne.dk\\\/thy\\\/wp-content\\\/uploads\\\/sites\\\/2\\\/2026\\\/08\\\/260821-tfc-skive-jeppe-dalgaard2-300x200.jpg\",\"articleSection\":[\"Sport\"],\"inLanguage\":\"da-DK\"},{\"@type\":\"WebPage\",\"@id\":\"https:\\\/\\\/kunmedierne.dk\\\/thy\\\/weekendens-sport-topniveauet-var-der-men-ikke-laenge-nok\\\/\",\"url\":\"https:\\\/\\\/kunmedierne.dk\\\/thy\\\/weekendens-sport-topniveauet-var-der-men-ikke-laenge-nok\\\/\",\"name\":\"Weekendens sport: Topniveauet var der - men ikke l\u00e6nge nok - Thy\",\"isPartOf\":{\"@id\":\"https:\\\/\\\/kunmedierne.dk\\\/thy\\\/#website\"},\"primaryImageOfPage\":{\"@id\":\"https:\\\/\\\/kunmedierne.dk\\\/thy\\\/weekendens-sport-topniveauet-var-der-men-ikke-laenge-nok\\\/#primaryimage\"},\"image\":{\"@id\":\"https:\\\/\\\/kunmedierne.dk\\\/thy\\\/weekendens-sport-topniveauet-var-der-men-ikke-laenge-nok\\\/#primaryimage\"},\"thumbnailUrl\":\"https:\\\/\\\/kunmedierne.dk\\\/thy\\\/wp-content\\\/uploads\\\/sites\\\/2\\\/2026\\\/08\\\/260821-tfc-skive-jeppe-dalgaard2-300x200.jpg\",\"datePublished\":\"2026-09-06T15:24:57+00:00\",\"dateModified\":\"2026-09-06T15:32:02+00:00\",\"breadcrumb\":{\"@id\":\"https:\\\/\\\/kunmedierne.dk\\\/thy\\\/weekendens-sport-topniveauet-var-der-men-ikke-laenge-nok\\\/#breadcrumb\"},\"inLanguage\":\"da-DK\",\"potentialAction\":[{\"@type\":\"ReadAction\",\"target\":[\"https:\\\/\\\/kunmedierne.dk\\\/thy\\\/weekendens-sport-topniveauet-var-der-men-ikke-laenge-nok\\\/\"]}]},{\"@type\":\"ImageObject\",\"inLanguage\":\"da-DK\",\"@id\":\"https:\\\/\\\/kunmedierne.dk\\\/thy\\\/weekendens-sport-topniveauet-var-der-men-ikke-laenge-nok\\\/#primaryimage\",\"url\":\"https:\\\/\\\/kunmedierne.dk\\\/thy\\\/wp-content\\\/uploads\\\/sites\\\/2\\\/2026\\\/08\\\/260821-tfc-skive-jeppe-dalgaard2.jpg\",\"contentUrl\":\"https:\\\/\\\/kunmedierne.dk\\\/thy\\\/wp-content\\\/uploads\\\/sites\\\/2\\\/2026\\\/08\\\/260821-tfc-skive-jeppe-dalgaard2.jpg\",\"width\":2048,\"height\":1366,\"caption\":\"Jeppe Dalgaard og Thisted FC tabte klart. Arkivfoto: Uffe Skinnerup\\\/Thisted FC.\"},{\"@type\":\"BreadcrumbList\",\"@id\":\"https:\\\/\\\/kunmedierne.dk\\\/thy\\\/weekendens-sport-topniveauet-var-der-men-ikke-laenge-nok\\\/#breadcrumb\",\"itemListElement\":[{\"@type\":\"ListItem\",\"position\":1,\"name\":\"Home\",\"item\":\"https:\\\/\\\/kunmedierne.dk\\\/thy\\\/\"},{\"@type\":\"ListItem\",\"position\":2,\"name\":\"Weekendens sport: Topniveauet var der &#8211; men ikke l\u00e6nge nok\"}]},{\"@type\":\"WebSite\",\"@id\":\"https:\\\/\\\/kunmedierne.dk\\\/thy\\\/#website\",\"url\":\"https:\\\/\\\/kunmedierne.dk\\\/thy\\\/\",\"name\":\"Thy\",\"description\":\"et netmedie med journalistik om livet i Thy\",\"publisher\":{\"@id\":\"https:\\\/\\\/kunmedierne.dk\\\/thy\\\/#organization\"},\"potentialAction\":[{\"@type\":\"SearchAction\",\"target\":{\"@type\":\"EntryPoint\",\"urlTemplate\":\"https:\\\/\\\/kunmedierne.dk\\\/thy\\\/?s={search_term_string}\"},\"query-input\":{\"@type\":\"PropertyValueSpecification\",\"valueRequired\":true,\"valueName\":\"search_term_string\"}}],\"inLanguage\":\"da-DK\"},{\"@type\":\"Organization\",\"@id\":\"https:\\\/\\\/kunmedierne.dk\\\/thy\\\/#organization\",\"name\":\"Thy\",\"url\":\"https:\\\/\\\/kunmedierne.dk\\\/thy\\\/\",\"logo\":{\"@type\":\"ImageObject\",\"inLanguage\":\"da-DK\",\"@id\":\"https:\\\/\\\/kunmedierne.dk\\\/thy\\\/#\\\/schema\\\/logo\\\/image\\\/\",\"url\":\"https:\\\/\\\/kunmedierne.dk\\\/thy\\\/wp-content\\\/uploads\\\/sites\\\/2\\\/2025\\\/04\\\/kunthy-logo.svg\",\"contentUrl\":\"https:\\\/\\\/kunmedierne.dk\\\/thy\\\/wp-content\\\/uploads\\\/sites\\\/2\\\/2025\\\/04\\\/kunthy-logo.svg\",\"caption\":\"Thy\"},\"image\":{\"@id\":\"https:\\\/\\\/kunmedierne.dk\\\/thy\\\/#\\\/schema\\\/logo\\\/image\\\/\"}},{\"@type\":\"Person\",\"@id\":\"https:\\\/\\\/kunmedierne.dk\\\/thy\\\/#\\\/schema\\\/person\\\/5fe23251bf1d0abbcdc6f7896579d548\",\"name\":\"David H\u00f8jmark\",\"image\":{\"@type\":\"ImageObject\",\"inLanguage\":\"da-DK\",\"@id\":\"https:\\\/\\\/secure.gravatar.com\\\/avatar\\\/4315d6fb9ef244d729989f5f90268eb08d5bf8a3d84402f595fa194bb35784fd?s=96&d=mm&r=g\",\"url\":\"https:\\\/\\\/secure.gravatar.com\\\/avatar\\\/4315d6fb9ef244d729989f5f90268eb08d5bf8a3d84402f595fa194bb35784fd?s=96&d=mm&r=g\",\"contentUrl\":\"https:\\\/\\\/secure.gravatar.com\\\/avatar\\\/4315d6fb9ef244d729989f5f90268eb08d5bf8a3d84402f595fa194bb35784fd?s=96&d=mm&r=g\",\"caption\":\"David H\u00f8jmark\"},\"sameAs\":[\"https:\\\/\\\/www.kunmedierne.dk\"],\"url\":\"https:\\\/\\\/kunmedierne.dk\\\/thy\\\/author\\\/david\\\/\"}]}<\/script>\n<!-- \/ Yoast SEO plugin. -->","yoast_head_json":{"title":"Weekendens sport: Topniveauet var der - men ikke l\u00e6nge nok - Thy","robots":{"index":"index","follow":"follow","max-snippet":"max-snippet:-1","max-image-preview":"max-image-preview:large","max-video-preview":"max-video-preview:-1"},"canonical":"https:\/\/kunmedierne.dk\/thy\/weekendens-sport-topniveauet-var-der-men-ikke-laenge-nok\/","og_locale":"da_DK","og_type":"article","og_title":"Weekendens sport: Topniveauet var der - men ikke l\u00e6nge nok - Thy","og_description":"Denne side bliver opdateret med indhold om weekendens lokale sport. Scroll ned ad siden og find de forskellige artikler. P\u00e5 siden nu: Topniveauet var der &#8211; men ikke l\u00e6nge nok TFC kl\u00e6dte modstanderne p\u00e5 &#8211; og blev selv kl\u00e6dt af Topniveauet var der &#8211; men ikke l\u00e6nge nok I en flot h\u00e5ndboldkamp pressede Mors-Thy st\u00e6rke [&hellip;]","og_url":"https:\/\/kunmedierne.dk\/thy\/weekendens-sport-topniveauet-var-der-men-ikke-laenge-nok\/","og_site_name":"Thy","article_published_time":"2026-09-06T15:24:57+00:00","article_modified_time":"2026-09-06T15:32:02+00:00","og_image":[{"url":"https:\/\/kunmedierne.dk\/thy\/wp-content\/uploads\/sites\/2\/2026\/08\/260821-tfc-skive-jeppe-dalgaard2-300x200.jpg","type":"","width":"","height":""}],"author":"David H\u00f8jmark","twitter_card":"summary_large_image","twitter_misc":{"Skrevet af":"David H\u00f8jmark","Estimeret l\u00e6setid":"6 minutter"},"schema":{"@context":"https:\/\/schema.org","@graph":[{"@type":"Article","@id":"https:\/\/kunmedierne.dk\/thy\/weekendens-sport-topniveauet-var-der-men-ikke-laenge-nok\/#article","isPartOf":{"@id":"https:\/\/kunmedierne.dk\/thy\/weekendens-sport-topniveauet-var-der-men-ikke-laenge-nok\/"},"author":{"name":"David H\u00f8jmark","@id":"https:\/\/kunmedierne.dk\/thy\/#\/schema\/person\/5fe23251bf1d0abbcdc6f7896579d548"},"headline":"Weekendens sport: Topniveauet var der &#8211; men ikke l\u00e6nge nok","datePublished":"2026-09-06T15:24:57+00:00","dateModified":"2026-09-06T15:32:02+00:00","mainEntityOfPage":{"@id":"https:\/\/kunmedierne.dk\/thy\/weekendens-sport-topniveauet-var-der-men-ikke-laenge-nok\/"},"wordCount":1120,"publisher":{"@id":"https:\/\/kunmedierne.dk\/thy\/#organization"},"image":{"@id":"https:\/\/kunmedierne.dk\/thy\/weekendens-sport-topniveauet-var-der-men-ikke-laenge-nok\/#primaryimage"},"thumbnailUrl":"https:\/\/kunmedierne.dk\/thy\/wp-content\/uploads\/sites\/2\/2026\/08\/260821-tfc-skive-jeppe-dalgaard2-300x200.jpg","articleSection":["Sport"],"inLanguage":"da-DK"},{"@type":"WebPage","@id":"https:\/\/kunmedierne.dk\/thy\/weekendens-sport-topniveauet-var-der-men-ikke-laenge-nok\/","url":"https:\/\/kunmedierne.dk\/thy\/weekendens-sport-topniveauet-var-der-men-ikke-laenge-nok\/","name":"Weekendens sport: Topniveauet var der - men ikke l\u00e6nge nok - Thy","isPartOf":{"@id":"https:\/\/kunmedierne.dk\/thy\/#website"},"primaryImageOfPage":{"@id":"https:\/\/kunmedierne.dk\/thy\/weekendens-sport-topniveauet-var-der-men-ikke-laenge-nok\/#primaryimage"},"image":{"@id":"https:\/\/kunmedierne.dk\/thy\/weekendens-sport-topniveauet-var-der-men-ikke-laenge-nok\/#primaryimage"},"thumbnailUrl":"https:\/\/kunmedierne.dk\/thy\/wp-content\/uploads\/sites\/2\/2026\/08\/260821-tfc-skive-jeppe-dalgaard2-300x200.jpg","datePublished":"2026-09-06T15:24:57+00:00","dateModified":"2026-09-06T15:32:02+00:00","breadcrumb":{"@id":"https:\/\/kunmedierne.dk\/thy\/weekendens-sport-topniveauet-var-der-men-ikke-laenge-nok\/#breadcrumb"},"inLanguage":"da-DK","potentialAction":[{"@type":"ReadAction","target":["https:\/\/kunmedierne.dk\/thy\/weekendens-sport-topniveauet-var-der-men-ikke-laenge-nok\/"]}]},{"@type":"ImageObject","inLanguage":"da-DK","@id":"https:\/\/kunmedierne.dk\/thy\/weekendens-sport-topniveauet-var-der-men-ikke-laenge-nok\/#primaryimage","url":"https:\/\/kunmedierne.dk\/thy\/wp-content\/uploads\/sites\/2\/2026\/08\/260821-tfc-skive-jeppe-dalgaard2.jpg","contentUrl":"https:\/\/kunmedierne.dk\/thy\/wp-content\/uploads\/sites\/2\/2026\/08\/260821-tfc-skive-jeppe-dalgaard2.jpg","width":2048,"height":1366,"caption":"Jeppe Dalgaard og Thisted FC tabte klart. Arkivfoto: Uffe Skinnerup\/Thisted FC."},{"@type":"BreadcrumbList","@id":"https:\/\/kunmedierne.dk\/thy\/weekendens-sport-topniveauet-var-der-men-ikke-laenge-nok\/#breadcrumb","itemListElement":[{"@type":"ListItem","position":1,"name":"Home","item":"https:\/\/kunmedierne.dk\/thy\/"},{"@type":"ListItem","position":2,"name":"Weekendens sport: Topniveauet var der &#8211; men ikke l\u00e6nge nok"}]},{"@type":"WebSite","@id":"https:\/\/kunmedierne.dk\/thy\/#website","url":"https:\/\/kunmedierne.dk\/thy\/","name":"Thy","description":"et netmedie med journalistik om livet i Thy","publisher":{"@id":"https:\/\/kunmedierne.dk\/thy\/#organization"},"potentialAction":[{"@type":"SearchAction","target":{"@type":"EntryPoint","urlTemplate":"https:\/\/kunmedierne.dk\/thy\/?s={search_term_string}"},"query-input":{"@type":"PropertyValueSpecification","valueRequired":true,"valueName":"search_term_string"}}],"inLanguage":"da-DK"},{"@type":"Organization","@id":"https:\/\/kunmedierne.dk\/thy\/#organization","name":"Thy","url":"https:\/\/kunmedierne.dk\/thy\/","logo":{"@type":"ImageObject","inLanguage":"da-DK","@id":"https:\/\/kunmedierne.dk\/thy\/#\/schema\/logo\/image\/","url":"https:\/\/kunmedierne.dk\/thy\/wp-content\/uploads\/sites\/2\/2025\/04\/kunthy-logo.svg","contentUrl":"https:\/\/kunmedierne.dk\/thy\/wp-content\/uploads\/sites\/2\/2025\/04\/kunthy-logo.svg","caption":"Thy"},"image":{"@id":"https:\/\/kunmedierne.dk\/thy\/#\/schema\/logo\/image\/"}},{"@type":"Person","@id":"https:\/\/kunmedierne.dk\/thy\/#\/schema\/person\/5fe23251bf1d0abbcdc6f7896579d548","name":"David H\u00f8jmark","image":{"@type":"ImageObject","inLanguage":"da-DK","@id":"https:\/\/secure.gravatar.com\/avatar\/4315d6fb9ef244d729989f5f90268eb08d5bf8a3d84402f595fa194bb35784fd?s=96&d=mm&r=g","url":"https:\/\/secure.gravatar.com\/avatar\/4315d6fb9ef244d729989f5f90268eb08d5bf8a3d84402f595fa194bb35784fd?s=96&d=mm&r=g","contentUrl":"https:\/\/secure.gravatar.com\/avatar\/4315d6fb9ef244d729989f5f90268eb08d5bf8a3d84402f595fa194bb35784fd?s=96&d=mm&r=g","caption":"David H\u00f8jmark"},"sameAs":["https:\/\/www.kunmedierne.dk"],"url":"https:\/\/kunmedierne.dk\/thy\/author\/david\/"}]}},"_links":{"self":[{"href":"https:\/\/kunmedierne.dk\/thy\/wp-json\/wp\/v2\/posts\/26929","targetHints":{"allow":["GET"]}}],"collection":[{"href":"https:\/\/kunmedierne.dk\/thy\/wp-json\/wp\/v2\/posts"}],"about":[{"href":"https:\/\/kunmedierne.dk\/thy\/wp-json\/wp\/v2\/types\/post"}],"author":[{"embeddable":true,"href":"https:\/\/kunmedierne.dk\/thy\/wp-json\/wp\/v2\/users\/8"}],"replies":[{"embeddable":true,"href":"https:\/\/kunmedierne.dk\/thy\/wp-json\/wp\/v2\/comments?post=26929"}],"version-history":[{"count":5,"href":"https:\/\/kunmedierne.dk\/thy\/wp-json\/wp\/v2\/posts\/26929\/revisions"}],"predecessor-version":[{"id":26942,"href":"https:\/\/kunmedierne.dk\/thy\/wp-json\/wp\/v2\/posts\/26929\/revisions\/26942"}],"wp:attachment":[{"href":"https:\/\/kunmedierne.dk\/thy\/wp-json\/wp\/v2\/media?parent=26929"}],"wp:term":[{"taxonomy":"category","embeddable":true,"href":"https:\/\/kunmedierne.dk\/thy\/wp-json\/wp\/v2\/categories?post=26929"},{"taxonomy":"post_tag","embeddable":true,"href":"https:\/\/kunmedierne.dk\/thy\/wp-json\/wp\/v2\/tags?post=26929"}],"curies":[{"name":"wp","href":"https:\/\/api.w.org\/{rel}","templated":true}]}}