{"id":26900,"date":"2026-09-06T14:07:35","date_gmt":"2026-09-06T12:07:35","guid":{"rendered":"https:\/\/kunmedierne.dk\/thy\/?p=26900"},"modified":"2026-09-06T14:07:35","modified_gmt":"2026-09-06T12:07:35","slug":"efter-festival-i-oesterild-mange-brikker-i-billedet-af-et-landdistrikt","status":"publish","type":"post","link":"https:\/\/kunmedierne.dk\/thy\/efter-festival-i-oesterild-mange-brikker-i-billedet-af-et-landdistrikt\/","title":{"rendered":"<span>Efter festival i \u00d8sterild: <\/span>Mange brikker i billedet af et landdistrikt"},"content":{"rendered":"<p><strong>\u00d8STERILD:<\/strong> Folk kom og folk gik. Pr\u00e6cis som l\u00f8rdagens regnbyger gjorde det p\u00e5 anden dagen af Landdistriktsfestival 2026 i \u00d8sterild &#8211; dagen, hvor aktiviteter, udstillinger og debatter i s\u00e6rlig grad henvendte sig til det brede publikum.<\/p>\n<p>Landdistrikter er ingen entydig st\u00f8rrelse, men summen af mange forskellige ting.<\/p>\n<a class=\"dvrt-link\" onClick=\"cdmtrack_click(18790,jQuery(this));return false\" href=\"https:\/\/thymors.dk\/for-lokalsamfundet\/sponsorater\/?utm_source=kunthy&amp;utm_medium=annonce&amp;utm_campaign=sponsorater\"><img decoding=\"async\" style=\"width:100%;\" src=\"https:\/\/kunmedierne.dk\/thy\/wp-content\/uploads\/sites\/2\/2026\/03\/260903ThyMorsfaellesskab-2_-1.gif\"><\/a><script>cdmtrack_view(18790);<\/script>\n<p>Det st\u00e5r klart efter to dages festival, hvor is\u00e6r l\u00f8rdagens mange g\u00e6ster p\u00e5 festivalpladsen ved selvsyn kunne forvisse sig om, at landdistrikter er b\u00e5de er store landbrugsmaskiner, husdyr, afgr\u00f8der, r\u00e5dgivning og finansiering lige s\u00e5 meget som det er gr\u00f8ntsager, biavl, natur gr\u00f8n trepart &#8211; og lokalt f\u00e6llesskab som det, der skaber sammenh\u00e6ngskraft.<\/p>\n<div id=\"attachment_26897\" style=\"width: 3363px\" class=\"wp-caption alignnone\"><img loading=\"lazy\" decoding=\"async\" aria-describedby=\"caption-attachment-26897\" class=\"wp-image-26897 size-full\" src=\"https:\/\/kunmedierne.dk\/thy\/wp-content\/uploads\/sites\/2\/2026\/09\/Landdistriktsfestival07-kopier.jpg\" alt=\"\" width=\"3353\" height=\"2232\" srcset=\"https:\/\/kunmedierne.dk\/thy\/wp-content\/uploads\/sites\/2\/2026\/09\/Landdistriktsfestival07-kopier.jpg 3353w, https:\/\/kunmedierne.dk\/thy\/wp-content\/uploads\/sites\/2\/2026\/09\/Landdistriktsfestival07-kopier-300x200.jpg 300w, https:\/\/kunmedierne.dk\/thy\/wp-content\/uploads\/sites\/2\/2026\/09\/Landdistriktsfestival07-kopier-1024x682.jpg 1024w, https:\/\/kunmedierne.dk\/thy\/wp-content\/uploads\/sites\/2\/2026\/09\/Landdistriktsfestival07-kopier-510x339.jpg 510w\" sizes=\"auto, (max-width: 3353px) 100vw, 3353px\" \/><p id=\"caption-attachment-26897\" class=\"wp-caption-text\">Nogen er til traktorer &#8211; andre hygger sig med en s\u00f8d lille ko. Foto: Jens Fogh-Andersen.<\/p>\n<p><\/p><\/div>\n<p>&nbsp;<\/p>\n<p>Men landdistrikter er ogs\u00e5 omr\u00e5der over hele landet med f\u00e6lles problemer med bos\u00e6tning, affolkning, erhvervsudvikling, jobskabelse, skolelukninger og rammer og regler, som ikke altid opleves som det, der underst\u00f8tter bestr\u00e6belserne for at udvikle livet p\u00e5 landet i bred forstand.<\/p>\n<a class=\"dvrt-link\" onClick=\"cdmtrack_click(19676,jQuery(this));return false\" href=\"https:\/\/www.jyskebank.dk\/kontakt\/afdelingsinfo?departmentid=11880\"><img decoding=\"async\" style=\"width:100%;\" src=\"https:\/\/kunmedierne.dk\/thy\/wp-content\/uploads\/sites\/2\/2026\/03\/260325JyskebankThyNy-1.jpg\"><\/a><script>cdmtrack_view(19676);<\/script>\n<p>Derfor var der mange farver p\u00e5 den palet, som var taget i brug for at s\u00e6tte form og indhold p\u00e5 festivalen, der er resultat af et samarbejde mellem Familielandbruget og St\u00f8tteforeningen Hann\u00e6s-\u00d8sterild samt masser af frivillige, uden hvis medvirken det hele slet ikke havde v\u00e6ret muligt.<\/p>\n<div id=\"attachment_26892\" style=\"width: 4083px\" class=\"wp-caption alignnone\"><img loading=\"lazy\" decoding=\"async\" aria-describedby=\"caption-attachment-26892\" class=\"wp-image-26892 size-full\" src=\"https:\/\/kunmedierne.dk\/thy\/wp-content\/uploads\/sites\/2\/2026\/09\/Landdistriktsfestival02-kopier.jpg\" alt=\"\" width=\"4073\" height=\"2711\" srcset=\"https:\/\/kunmedierne.dk\/thy\/wp-content\/uploads\/sites\/2\/2026\/09\/Landdistriktsfestival02-kopier.jpg 4073w, https:\/\/kunmedierne.dk\/thy\/wp-content\/uploads\/sites\/2\/2026\/09\/Landdistriktsfestival02-kopier-300x200.jpg 300w, https:\/\/kunmedierne.dk\/thy\/wp-content\/uploads\/sites\/2\/2026\/09\/Landdistriktsfestival02-kopier-1024x682.jpg 1024w, https:\/\/kunmedierne.dk\/thy\/wp-content\/uploads\/sites\/2\/2026\/09\/Landdistriktsfestival02-kopier-510x339.jpg 510w\" sizes=\"auto, (max-width: 4073px) 100vw, 4073px\" \/><p id=\"caption-attachment-26892\" class=\"wp-caption-text\">Trafik i &#8220;gade&#8221; p\u00e5 Landdistriktsfestival 2026 \u00d8sterild. Foto: Jens Fogh-Andersen<\/p>\n<p><\/p><\/div>\n<p>&nbsp;<\/p>\n<p>&#8211; Vi er rigtig godt tilfredse og ogs\u00e5 stolte, l\u00f8d det samstemmende fra henholdsvis Anders Lynge Kj\u00e6r, Hjardem\u00e5l, formand for Familielandbruget og viceformand i Landbrug og F\u00f8devarer og fra Frank Koldsgaard, Fr\u00f8strup, fra St\u00f8tteforeningen Hann\u00e6s-\u00d8sterild.<\/p>\n<p>De har begge v\u00e6ret med til at f\u00f8re tanken om festivalen ud i livet og gjort det i \u00d8sterild netop for at vise, at en festival med fokus p\u00e5 landdistrikter sagtens kan ligge i \u00d8sterild, hvor debatten om landdistrikter er aktuel og helt t\u00e6t p\u00e5.<\/p>\n<a class=\"dvrt-link\" onClick=\"cdmtrack_click(7877,jQuery(this));return false\" href=\"https:\/\/kunmedierne.dk\/thy\/jobopslag-paa-kunthy-og-kunmors-bliver-vist-paa-begge-medier-til-samme-lave-pris\/\"><img decoding=\"async\" style=\"width:100%;\" src=\"https:\/\/kunmedierne.dk\/thy\/wp-content\/uploads\/sites\/2\/2025\/08\/jobannonce-kunmedierne.jpg\"><\/a><script>cdmtrack_view(7877);<\/script>\n<p>Men det er ogs\u00e5 en festival, som signalerer f\u00e6llesskab, den er vokset ud af f\u00e6llesskaber og kunne ikke v\u00e6re gennemf\u00f8rt uden hj\u00e6lp fra masser af frivillige, som i det daglige tager del i de lokale f\u00e6llesskaber.<\/p>\n<div id=\"attachment_26894\" style=\"width: 3141px\" class=\"wp-caption alignnone\"><img loading=\"lazy\" decoding=\"async\" aria-describedby=\"caption-attachment-26894\" class=\"wp-image-26894 size-full\" src=\"https:\/\/kunmedierne.dk\/thy\/wp-content\/uploads\/sites\/2\/2026\/09\/Landdistriktsfestival04-kopier.jpg\" alt=\"\" width=\"3131\" height=\"2084\" srcset=\"https:\/\/kunmedierne.dk\/thy\/wp-content\/uploads\/sites\/2\/2026\/09\/Landdistriktsfestival04-kopier.jpg 3131w, https:\/\/kunmedierne.dk\/thy\/wp-content\/uploads\/sites\/2\/2026\/09\/Landdistriktsfestival04-kopier-300x200.jpg 300w, https:\/\/kunmedierne.dk\/thy\/wp-content\/uploads\/sites\/2\/2026\/09\/Landdistriktsfestival04-kopier-1024x682.jpg 1024w, https:\/\/kunmedierne.dk\/thy\/wp-content\/uploads\/sites\/2\/2026\/09\/Landdistriktsfestival04-kopier-510x339.jpg 510w\" sizes=\"auto, (max-width: 3131px) 100vw, 3131px\" \/><p id=\"caption-attachment-26894\" class=\"wp-caption-text\">Landboungdom bankede p\u00e6le &#8211; og hvem banker bedst&#8230;? Foto: Jens Fogh-Andersen<\/p>\n<p><\/p><\/div>\n<p>&nbsp;<\/p>\n<p>Festivalen var ogs\u00e5 en anledning til at s\u00e6tte ord p\u00e5 forskellige sider af livet p\u00e5 landet og p\u00e5 de ting, der kan udfordre livet p\u00e5 landet.<\/p>\n<p>Hvorfor skal de unge blive &#8211; og hvorfor flytter de, l\u00f8d et af emnerne for en af l\u00f8rdagens &#8220;rundbordssamtaler&#8221;, hvor to andre samtaler fokuserede p\u00e5 hvad der sker med et landsbysamfund, hvis skolen lukker og p\u00e5 det helt store sp\u00f8rgsm\u00e5l: Hvad skal der til for at skabe et levende lokalsamfund?<\/p>\n<a class=\"dvrt-link\" onClick=\"cdmtrack_click(685,jQuery(this));return false\" href=\"https:\/\/wensien.dk\/begravelse\/?gad_source=1&gclid=Cj0KCQjwtJ6_BhDWARIsAGanmKcWw6hbeoepGti1oApJGHln52gMbg8EBRZ86__3P1AJZ5dcsw4ZvNEaAk7JEALw_wcB\"><img decoding=\"async\" style=\"width:100%;\" src=\"https:\/\/kunmedierne.dk\/thy\/wp-content\/uploads\/sites\/2\/2025\/03\/wensien-stenhugger.jpg\"><\/a><script>cdmtrack_view(685);<\/script>\n<p>Samtalen om skolens betydning blev f\u00f8rt mellem Berno Jacobsen, skoleleder gennem 38 \u00e5r blandt andet i en lang \u00e5rr\u00e6kke som leder af T\u00f8mmerby Skole &#8211; dengang den havde 250 elever, som han lod forst\u00e5 &#8211; Nicoline Kjeldtoft, medlem af skolebestyrelsen for Vejlernes Natur Friskole samt skoleleder Hans Henrik Thrane, Hann\u00e6s-\u00d8sterild Skole.<\/p>\n<div id=\"attachment_26898\" style=\"width: 3332px\" class=\"wp-caption alignnone\"><img loading=\"lazy\" decoding=\"async\" aria-describedby=\"caption-attachment-26898\" class=\"wp-image-26898 size-full\" src=\"https:\/\/kunmedierne.dk\/thy\/wp-content\/uploads\/sites\/2\/2026\/09\/Landdistriktsfestival08-kopier.jpg\" alt=\"\" width=\"3322\" height=\"2211\" srcset=\"https:\/\/kunmedierne.dk\/thy\/wp-content\/uploads\/sites\/2\/2026\/09\/Landdistriktsfestival08-kopier.jpg 3322w, https:\/\/kunmedierne.dk\/thy\/wp-content\/uploads\/sites\/2\/2026\/09\/Landdistriktsfestival08-kopier-300x200.jpg 300w, https:\/\/kunmedierne.dk\/thy\/wp-content\/uploads\/sites\/2\/2026\/09\/Landdistriktsfestival08-kopier-1024x682.jpg 1024w, https:\/\/kunmedierne.dk\/thy\/wp-content\/uploads\/sites\/2\/2026\/09\/Landdistriktsfestival08-kopier-510x339.jpg 510w\" sizes=\"auto, (max-width: 3322px) 100vw, 3322px\" \/><p id=\"caption-attachment-26898\" class=\"wp-caption-text\">Skolens rolle i lokalsamfundet blev belyst i en samtale mellem Berno Jacobsen, tv., Nicoline Kjeldtoft, Vejlernes Naturfriskole, Hans Henrik Thrane, Hann\u00e6s-\u00d8sterild Skole. Foto: Jens Fogh-Andersen<\/p>\n<p><\/p><\/div>\n<p>&nbsp;<\/p>\n<p>Samtalen viste, at den lokale skole skaber lokal sammenh\u00e6ngskraft, men ogs\u00e5, at skole har en opgave i at bidrage til lokalsamfundet, fordi den ikke &#8220;bare&#8221; er en skole, men ogs\u00e5 et lokalt samlingssted.<\/p>\n<p>&#8211; Men vi skal st\u00e5 skarpt som skoletilbud, udvikle skolen og sikre trivsel, sagde Hans Henrik Thrane som oplyste, at Hann\u00e6s-\u00d8sterild Skole siden april i \u00e5r har tiltrukket 20 nye elever i en tid, hvor det er blevet normalt at &#8220;shoppe tilbud&#8221; ogs\u00e5 n\u00e5r det g\u00e6lder undervisningstilbud.<\/p>\n<a class=\"dvrt-link\" onClick=\"cdmtrack_click(18790,jQuery(this));return false\" href=\"https:\/\/thymors.dk\/for-lokalsamfundet\/sponsorater\/?utm_source=kunthy&amp;utm_medium=annonce&amp;utm_campaign=sponsorater\"><img decoding=\"async\" style=\"width:100%;\" src=\"https:\/\/kunmedierne.dk\/thy\/wp-content\/uploads\/sites\/2\/2026\/03\/260903ThyMorsfaellesskab-2_-1.gif\"><\/a><script>cdmtrack_view(18790);<\/script>\n<p>&#8211; Derfor skal vi som skole tilbyde noget, der tr\u00e6kker elever til, sagde han, mens Berno Jacobsen understregede, at for\u00e6ldrenes medvirken er en vigtig del af grundlaget for at lave en god skole, men ogs\u00e5, at sm\u00e5 skole m\u00e5 v\u00e6re klar til at tage en p\u00e6dagogisk udfordring.<\/p>\n<div id=\"attachment_26896\" style=\"width: 4157px\" class=\"wp-caption alignnone\"><img loading=\"lazy\" decoding=\"async\" aria-describedby=\"caption-attachment-26896\" class=\"wp-image-26896 size-full\" src=\"https:\/\/kunmedierne.dk\/thy\/wp-content\/uploads\/sites\/2\/2026\/09\/Landdistriktsfestival06-kopier.jpg\" alt=\"\" width=\"4147\" height=\"2760\" srcset=\"https:\/\/kunmedierne.dk\/thy\/wp-content\/uploads\/sites\/2\/2026\/09\/Landdistriktsfestival06-kopier.jpg 4147w, https:\/\/kunmedierne.dk\/thy\/wp-content\/uploads\/sites\/2\/2026\/09\/Landdistriktsfestival06-kopier-300x200.jpg 300w, https:\/\/kunmedierne.dk\/thy\/wp-content\/uploads\/sites\/2\/2026\/09\/Landdistriktsfestival06-kopier-1024x682.jpg 1024w, https:\/\/kunmedierne.dk\/thy\/wp-content\/uploads\/sites\/2\/2026\/09\/Landdistriktsfestival06-kopier-510x339.jpg 510w\" sizes=\"auto, (max-width: 4147px) 100vw, 4147px\" \/><p id=\"caption-attachment-26896\" class=\"wp-caption-text\">Festivalen havde noget for alle aldersgrupper. Foto: Jens Fogh-Andersen<\/p>\n<p><\/p><\/div>\n<p>&nbsp;<\/p>\n<p>&#8211; En lille skole skal levere det sammen undervisningstilbud som en stor, s\u00e5 det handler ogs\u00e5 om at stille skarpt p\u00e5, hvorn\u00e5r skolen er s\u00e5 lille, at den ikke l\u00e6ngere kan tilbyde l\u00e6rerne et attraktivt fagligt milj\u00f8, for en skole m\u00e5 aldring blive s\u00e5 lille, at det g\u00e5r ud over b\u00f8rnenes l\u00e6ring.<\/p>\n<p>P\u00e5 det punkt advarede Berno Jacobsen mod at skelne hvad de forskellige skoletilbud kan tilbyde.<\/p>\n<p>&#8211; Politikerne m\u00e5 give skolerne mere frihed, sagde han og det fik Hans Henrik Thrane til at bem\u00e6rke, at skolen slev har ansvar for at &#8220;steppe op&#8221;, for folk har flere valg.<\/p>\n<a class=\"dvrt-link\" onClick=\"cdmtrack_click(683,jQuery(this));return false\" href=\"https:\/\/vester-begr.dk\/?utm_source=google&amp;utm_medium=advative&amp;gad_source=1&amp;gclid=Cj0KCQjwtJ6_BhDWARIsAGanmKfl-hGVVjCYiOgSKoGoxrow4kvXybZsnruKJYTslvqZDywT6a9PCQwaAmBjEALw_wcB\"><img decoding=\"async\" style=\"width:100%;\" src=\"https:\/\/kunmedierne.dk\/thy\/wp-content\/uploads\/sites\/2\/2025\/03\/260203VesterHoukaer-02022026.jpg\"><\/a><script>cdmtrack_view(683);<\/script>\n<p>P\u00e5 bagkant af samtalen om skolen var det p\u00e5 til Anders Lynge Kj\u00e6r og Frank Koldsgaard sammen med Dorrit K\u00e6rgaard, DD, formand for Thisted Kommunes landdistriktsudvalg samt Marcel Meijer, tidligere borgmester p\u00e5 Sams\u00f8 og n\u00e6stformand for Landdistrikters F\u00e6llesr\u00e5d at s\u00e6tte ord p\u00e5 &#8220;det gode liv p\u00e5 landet&#8221;, som de alle var enige om findes.<\/p>\n<div id=\"attachment_26899\" style=\"width: 3551px\" class=\"wp-caption alignnone\"><img loading=\"lazy\" decoding=\"async\" aria-describedby=\"caption-attachment-26899\" class=\"wp-image-26899 size-full\" src=\"https:\/\/kunmedierne.dk\/thy\/wp-content\/uploads\/sites\/2\/2026\/09\/Landdistriktsfestival09-kopier.jpg\" alt=\"\" width=\"3541\" height=\"2357\" srcset=\"https:\/\/kunmedierne.dk\/thy\/wp-content\/uploads\/sites\/2\/2026\/09\/Landdistriktsfestival09-kopier.jpg 3541w, https:\/\/kunmedierne.dk\/thy\/wp-content\/uploads\/sites\/2\/2026\/09\/Landdistriktsfestival09-kopier-300x200.jpg 300w, https:\/\/kunmedierne.dk\/thy\/wp-content\/uploads\/sites\/2\/2026\/09\/Landdistriktsfestival09-kopier-1024x682.jpg 1024w, https:\/\/kunmedierne.dk\/thy\/wp-content\/uploads\/sites\/2\/2026\/09\/Landdistriktsfestival09-kopier-510x339.jpg 510w\" sizes=\"auto, (max-width: 3541px) 100vw, 3541px\" \/><p id=\"caption-attachment-26899\" class=\"wp-caption-text\">Samtalen om det gode liv p\u00e5 landet havde deltagelse af Marcel Meijer, th, Dorrit K\u00e6rgaard, Anders Lynge Kj\u00e6r og Frank Koldsgaard. Foto: Jens Fogh-Andersen<\/p><\/div>\n<p>&nbsp;<\/p>\n<p>Ogs\u00e5 her viste samtalen, at f\u00e6llesskaber er en foruds\u00e6tning for livet p\u00e5 landet, men det kr\u00e6ver de rigtige rammer med arbejdspladser og jobs, understregede Anders Lynge Kj\u00e6r.<\/p>\n<p>For selv om lokale ildsj\u00e6le kan g\u00f8re meget, kan de ikke g\u00f8re alt, l\u00f8d det fra Marcel Miejer som pegede p\u00e5, at lokale kr\u00e6fter i samarbejde med kommunen skal medvirke til at underst\u00f8tte livet p\u00e5 landet.<\/p>\n<div id=\"attachment_26891\" style=\"width: 3728px\" class=\"wp-caption alignnone\"><img loading=\"lazy\" decoding=\"async\" aria-describedby=\"caption-attachment-26891\" class=\"wp-image-26891 size-full\" src=\"https:\/\/kunmedierne.dk\/thy\/wp-content\/uploads\/sites\/2\/2026\/09\/Landdistriktsfestival01-kopier.jpg\" alt=\"\" width=\"3718\" height=\"2475\" srcset=\"https:\/\/kunmedierne.dk\/thy\/wp-content\/uploads\/sites\/2\/2026\/09\/Landdistriktsfestival01-kopier.jpg 3718w, https:\/\/kunmedierne.dk\/thy\/wp-content\/uploads\/sites\/2\/2026\/09\/Landdistriktsfestival01-kopier-300x200.jpg 300w, https:\/\/kunmedierne.dk\/thy\/wp-content\/uploads\/sites\/2\/2026\/09\/Landdistriktsfestival01-kopier-1024x682.jpg 1024w, https:\/\/kunmedierne.dk\/thy\/wp-content\/uploads\/sites\/2\/2026\/09\/Landdistriktsfestival01-kopier-510x339.jpg 510w\" sizes=\"auto, (max-width: 3718px) 100vw, 3718px\" \/><p id=\"caption-attachment-26891\" class=\"wp-caption-text\">Skattejagt i kornet var en fuldtr\u00e6ffer blandt festivalens yngste g\u00e6ster. Foto: Jens Fogh-Andersen<\/p><\/div>\n<p>&nbsp;<\/p>\n<p>Den greb Dorrit K\u00e6rgaard.<\/p>\n<p>&#8211; Vi skal have et samspil mellem borger, kommune og administration. Som politikere skal vi lytte mere og bruge munden mindre, dem derude ved, hvad der sker lokalt, men st\u00e6rke lokalsamfund med ildsj\u00e6le og et st\u00e6rkt foreningsliv udvikler sig og kommunen skal st\u00f8tte de lokale initiativer, sagde hun.<\/p>\n<div id=\"attachment_26895\" style=\"width: 4265px\" class=\"wp-caption alignnone\"><img loading=\"lazy\" decoding=\"async\" aria-describedby=\"caption-attachment-26895\" class=\"wp-image-26895 size-full\" src=\"https:\/\/kunmedierne.dk\/thy\/wp-content\/uploads\/sites\/2\/2026\/09\/Landdistriktsfestival05-kopier.jpg\" alt=\"\" width=\"4255\" height=\"2832\" srcset=\"https:\/\/kunmedierne.dk\/thy\/wp-content\/uploads\/sites\/2\/2026\/09\/Landdistriktsfestival05-kopier.jpg 4255w, https:\/\/kunmedierne.dk\/thy\/wp-content\/uploads\/sites\/2\/2026\/09\/Landdistriktsfestival05-kopier-300x200.jpg 300w, https:\/\/kunmedierne.dk\/thy\/wp-content\/uploads\/sites\/2\/2026\/09\/Landdistriktsfestival05-kopier-1024x682.jpg 1024w, https:\/\/kunmedierne.dk\/thy\/wp-content\/uploads\/sites\/2\/2026\/09\/Landdistriktsfestival05-kopier-510x339.jpg 510w\" sizes=\"auto, (max-width: 4255px) 100vw, 4255px\" \/><p id=\"caption-attachment-26895\" class=\"wp-caption-text\">Publikum beh\u00f8vede ikke at kede sig p\u00e5 Landdistriktsfestival 2026 \u00d8sterild. Foto: Jens Fogh-Andersen<\/p>\n<p><\/p><\/div>\n<p>&nbsp;<\/p>\n<p>Frivillighed og lysten til at g\u00f8re noget f\u00e5r ting til at lykkes, men en kommune sender et skidt signal, hvis det er, at der ikke er penge til at st\u00f8tte lokale initiativer. Vi har brug for at vide, hvad der er muligt, sagde Frank Koldsgaard, men Marcel Meijer fulgte op med at konstatere, at det kr\u00e6ver st\u00e6rke politikere at f\u00e5 noget godt igennem.<\/p>\n<a class=\"dvrt-link\" onClick=\"cdmtrack_click(25762,jQuery(this));return false\" href=\"https:\/\/www.facebook.com\/profile.php?id=100049901895340\"><img decoding=\"async\" style=\"width:100%;\" src=\"https:\/\/kunmedierne.dk\/thy\/wp-content\/uploads\/sites\/2\/2026\/08\/260831Morsoebil2Animation-3steps-1.gif\"><\/a><script>cdmtrack_view(25762);<\/script>\n<p>&#8211; Samfundet kan ikke tage sig af alt, men vi skal sikre, at der politisk skabes de rammer, som er n\u00f8dvendige for at tingene kan udvikle sig, l\u00f8d det fra Anders Lynge Kj\u00e6r, som selv satte ord p\u00e5 en vigtig ramme. Der skal v\u00e6re jobs og arbejdspladser, s\u00e5 der er noget at leve af.<\/p>\n<p>Frank Koldsgaard fremh\u00e6vede en anden v\u00e6sentlig ting:<\/p>\n<p>&#8211; Lad v\u00e6re med at tale negativt om landdistrikterne. Vi har b\u00e5de mulighed og ressourcer og vi har alle et ansvar for at udnytte dem. Men lyt mere til dem, der er p\u00e5 gr\u00e6sset.<\/p>\n","protected":false},"excerpt":{"rendered":"<p>\u00d8STERILD: Folk kom og folk gik. Pr\u00e6cis som l\u00f8rdagens regnbyger gjorde det p\u00e5 anden dagen af Landdistriktsfestival 2026 i \u00d8sterild &#8211; dagen, hvor aktiviteter, udstillinger og debatter i s\u00e6rlig grad henvendte sig til det brede publikum. Landdistrikter er ingen entydig st\u00f8rrelse, men summen af mange forskellige ting. Det st\u00e5r klart efter to dages festival, hvor [&hellip;]<\/p>\n","protected":false},"author":4535,"featured_media":0,"comment_status":"closed","ping_status":"closed","sticky":false,"template":"","format":"standard","meta":{"_acf_changed":false,"footnotes":""},"categories":[24],"tags":[70,38,64,43],"class_list":["post-26900","post","type-post","status-publish","format-standard","hentry","category-lokalt","tag-landbrug","tag-mennesker","tag-planlaegning","tag-skoler"],"acf":[],"yoast_head":"<!-- This site is optimized with the Yoast SEO plugin v27.7 - https:\/\/yoast.com\/product\/yoast-seo-wordpress\/ -->\n<title>Efter festival i \u00d8sterild: Mange brikker i billedet af et landdistrikt - Thy<\/title>\n<meta name=\"robots\" content=\"index, follow, max-snippet:-1, max-image-preview:large, max-video-preview:-1\" \/>\n<link rel=\"canonical\" href=\"https:\/\/kunmedierne.dk\/thy\/efter-festival-i-oesterild-mange-brikker-i-billedet-af-et-landdistrikt\/\" \/>\n<meta property=\"og:locale\" content=\"da_DK\" \/>\n<meta property=\"og:type\" content=\"article\" \/>\n<meta property=\"og:title\" content=\"Efter festival i \u00d8sterild: Mange brikker i billedet af et landdistrikt - Thy\" \/>\n<meta property=\"og:description\" content=\"\u00d8STERILD: Folk kom og folk gik. Pr\u00e6cis som l\u00f8rdagens regnbyger gjorde det p\u00e5 anden dagen af Landdistriktsfestival 2026 i \u00d8sterild &#8211; dagen, hvor aktiviteter, udstillinger og debatter i s\u00e6rlig grad henvendte sig til det brede publikum. Landdistrikter er ingen entydig st\u00f8rrelse, men summen af mange forskellige ting. Det st\u00e5r klart efter to dages festival, hvor [&hellip;]\" \/>\n<meta property=\"og:url\" content=\"https:\/\/kunmedierne.dk\/thy\/efter-festival-i-oesterild-mange-brikker-i-billedet-af-et-landdistrikt\/\" \/>\n<meta property=\"og:site_name\" content=\"Thy\" \/>\n<meta property=\"article:published_time\" content=\"2026-09-06T12:07:35+00:00\" \/>\n<meta property=\"og:image\" content=\"https:\/\/kunmedierne.dk\/thy\/wp-content\/uploads\/sites\/2\/2026\/09\/Landdistriktsfestival07-kopier.jpg\" \/>\n<meta name=\"author\" content=\"Jens Fogh Andersen\" \/>\n<meta name=\"twitter:card\" content=\"summary_large_image\" \/>\n<meta name=\"twitter:label1\" content=\"Skrevet af\" \/>\n\t<meta name=\"twitter:data1\" content=\"Jens Fogh Andersen\" \/>\n\t<meta name=\"twitter:label2\" content=\"Estimeret l\u00e6setid\" \/>\n\t<meta name=\"twitter:data2\" content=\"8 minutter\" \/>\n<script type=\"application\/ld+json\" class=\"yoast-schema-graph\">{\"@context\":\"https:\\\/\\\/schema.org\",\"@graph\":[{\"@type\":\"Article\",\"@id\":\"https:\\\/\\\/kunmedierne.dk\\\/thy\\\/efter-festival-i-oesterild-mange-brikker-i-billedet-af-et-landdistrikt\\\/#article\",\"isPartOf\":{\"@id\":\"https:\\\/\\\/kunmedierne.dk\\\/thy\\\/efter-festival-i-oesterild-mange-brikker-i-billedet-af-et-landdistrikt\\\/\"},\"author\":{\"name\":\"Jens Fogh Andersen\",\"@id\":\"https:\\\/\\\/kunmedierne.dk\\\/thy\\\/#\\\/schema\\\/person\\\/88f5be46809ca2a5533760eb574fef93\"},\"headline\":\"Efter festival i \u00d8sterild: Mange brikker i billedet af et landdistrikt\",\"datePublished\":\"2026-09-06T12:07:35+00:00\",\"mainEntityOfPage\":{\"@id\":\"https:\\\/\\\/kunmedierne.dk\\\/thy\\\/efter-festival-i-oesterild-mange-brikker-i-billedet-af-et-landdistrikt\\\/\"},\"wordCount\":1296,\"publisher\":{\"@id\":\"https:\\\/\\\/kunmedierne.dk\\\/thy\\\/#organization\"},\"image\":{\"@id\":\"https:\\\/\\\/kunmedierne.dk\\\/thy\\\/efter-festival-i-oesterild-mange-brikker-i-billedet-af-et-landdistrikt\\\/#primaryimage\"},\"thumbnailUrl\":\"https:\\\/\\\/kunmedierne.dk\\\/thy\\\/wp-content\\\/uploads\\\/sites\\\/2\\\/2026\\\/09\\\/Landdistriktsfestival07-kopier.jpg\",\"keywords\":[\"Landbrug\",\"Mennesker\",\"Planl\u00e6gning\",\"Skoler\"],\"articleSection\":[\"Lokalt\"],\"inLanguage\":\"da-DK\"},{\"@type\":\"WebPage\",\"@id\":\"https:\\\/\\\/kunmedierne.dk\\\/thy\\\/efter-festival-i-oesterild-mange-brikker-i-billedet-af-et-landdistrikt\\\/\",\"url\":\"https:\\\/\\\/kunmedierne.dk\\\/thy\\\/efter-festival-i-oesterild-mange-brikker-i-billedet-af-et-landdistrikt\\\/\",\"name\":\"Efter festival i \u00d8sterild: Mange brikker i billedet af et landdistrikt - Thy\",\"isPartOf\":{\"@id\":\"https:\\\/\\\/kunmedierne.dk\\\/thy\\\/#website\"},\"primaryImageOfPage\":{\"@id\":\"https:\\\/\\\/kunmedierne.dk\\\/thy\\\/efter-festival-i-oesterild-mange-brikker-i-billedet-af-et-landdistrikt\\\/#primaryimage\"},\"image\":{\"@id\":\"https:\\\/\\\/kunmedierne.dk\\\/thy\\\/efter-festival-i-oesterild-mange-brikker-i-billedet-af-et-landdistrikt\\\/#primaryimage\"},\"thumbnailUrl\":\"https:\\\/\\\/kunmedierne.dk\\\/thy\\\/wp-content\\\/uploads\\\/sites\\\/2\\\/2026\\\/09\\\/Landdistriktsfestival07-kopier.jpg\",\"datePublished\":\"2026-09-06T12:07:35+00:00\",\"breadcrumb\":{\"@id\":\"https:\\\/\\\/kunmedierne.dk\\\/thy\\\/efter-festival-i-oesterild-mange-brikker-i-billedet-af-et-landdistrikt\\\/#breadcrumb\"},\"inLanguage\":\"da-DK\",\"potentialAction\":[{\"@type\":\"ReadAction\",\"target\":[\"https:\\\/\\\/kunmedierne.dk\\\/thy\\\/efter-festival-i-oesterild-mange-brikker-i-billedet-af-et-landdistrikt\\\/\"]}]},{\"@type\":\"ImageObject\",\"inLanguage\":\"da-DK\",\"@id\":\"https:\\\/\\\/kunmedierne.dk\\\/thy\\\/efter-festival-i-oesterild-mange-brikker-i-billedet-af-et-landdistrikt\\\/#primaryimage\",\"url\":\"https:\\\/\\\/kunmedierne.dk\\\/thy\\\/wp-content\\\/uploads\\\/sites\\\/2\\\/2026\\\/09\\\/Landdistriktsfestival07-kopier.jpg\",\"contentUrl\":\"https:\\\/\\\/kunmedierne.dk\\\/thy\\\/wp-content\\\/uploads\\\/sites\\\/2\\\/2026\\\/09\\\/Landdistriktsfestival07-kopier.jpg\",\"width\":3353,\"height\":2232,\"caption\":\"Landdistriktsfestival 2026 \u00d8sterild Foto: Jens Fogh-Andersen 050926\"},{\"@type\":\"BreadcrumbList\",\"@id\":\"https:\\\/\\\/kunmedierne.dk\\\/thy\\\/efter-festival-i-oesterild-mange-brikker-i-billedet-af-et-landdistrikt\\\/#breadcrumb\",\"itemListElement\":[{\"@type\":\"ListItem\",\"position\":1,\"name\":\"Home\",\"item\":\"https:\\\/\\\/kunmedierne.dk\\\/thy\\\/\"},{\"@type\":\"ListItem\",\"position\":2,\"name\":\"Efter festival i \u00d8sterild: Mange brikker i billedet af et landdistrikt\"}]},{\"@type\":\"WebSite\",\"@id\":\"https:\\\/\\\/kunmedierne.dk\\\/thy\\\/#website\",\"url\":\"https:\\\/\\\/kunmedierne.dk\\\/thy\\\/\",\"name\":\"Thy\",\"description\":\"et netmedie med journalistik om livet i Thy\",\"publisher\":{\"@id\":\"https:\\\/\\\/kunmedierne.dk\\\/thy\\\/#organization\"},\"potentialAction\":[{\"@type\":\"SearchAction\",\"target\":{\"@type\":\"EntryPoint\",\"urlTemplate\":\"https:\\\/\\\/kunmedierne.dk\\\/thy\\\/?s={search_term_string}\"},\"query-input\":{\"@type\":\"PropertyValueSpecification\",\"valueRequired\":true,\"valueName\":\"search_term_string\"}}],\"inLanguage\":\"da-DK\"},{\"@type\":\"Organization\",\"@id\":\"https:\\\/\\\/kunmedierne.dk\\\/thy\\\/#organization\",\"name\":\"Thy\",\"url\":\"https:\\\/\\\/kunmedierne.dk\\\/thy\\\/\",\"logo\":{\"@type\":\"ImageObject\",\"inLanguage\":\"da-DK\",\"@id\":\"https:\\\/\\\/kunmedierne.dk\\\/thy\\\/#\\\/schema\\\/logo\\\/image\\\/\",\"url\":\"https:\\\/\\\/kunmedierne.dk\\\/thy\\\/wp-content\\\/uploads\\\/sites\\\/2\\\/2025\\\/04\\\/kunthy-logo.svg\",\"contentUrl\":\"https:\\\/\\\/kunmedierne.dk\\\/thy\\\/wp-content\\\/uploads\\\/sites\\\/2\\\/2025\\\/04\\\/kunthy-logo.svg\",\"caption\":\"Thy\"},\"image\":{\"@id\":\"https:\\\/\\\/kunmedierne.dk\\\/thy\\\/#\\\/schema\\\/logo\\\/image\\\/\"}},{\"@type\":\"Person\",\"@id\":\"https:\\\/\\\/kunmedierne.dk\\\/thy\\\/#\\\/schema\\\/person\\\/88f5be46809ca2a5533760eb574fef93\",\"name\":\"Jens Fogh Andersen\",\"image\":{\"@type\":\"ImageObject\",\"inLanguage\":\"da-DK\",\"@id\":\"https:\\\/\\\/secure.gravatar.com\\\/avatar\\\/2b367a4ef139b1c41dccc9ee7af926b81f8b4cca3359772e86c7fd5ced26c0a3?s=96&d=mm&r=g\",\"url\":\"https:\\\/\\\/secure.gravatar.com\\\/avatar\\\/2b367a4ef139b1c41dccc9ee7af926b81f8b4cca3359772e86c7fd5ced26c0a3?s=96&d=mm&r=g\",\"contentUrl\":\"https:\\\/\\\/secure.gravatar.com\\\/avatar\\\/2b367a4ef139b1c41dccc9ee7af926b81f8b4cca3359772e86c7fd5ced26c0a3?s=96&d=mm&r=g\",\"caption\":\"Jens Fogh Andersen\"},\"url\":\"https:\\\/\\\/kunmedierne.dk\\\/thy\\\/author\\\/jfa\\\/\"}]}<\/script>\n<!-- \/ Yoast SEO plugin. -->","yoast_head_json":{"title":"Efter festival i \u00d8sterild: Mange brikker i billedet af et landdistrikt - Thy","robots":{"index":"index","follow":"follow","max-snippet":"max-snippet:-1","max-image-preview":"max-image-preview:large","max-video-preview":"max-video-preview:-1"},"canonical":"https:\/\/kunmedierne.dk\/thy\/efter-festival-i-oesterild-mange-brikker-i-billedet-af-et-landdistrikt\/","og_locale":"da_DK","og_type":"article","og_title":"Efter festival i \u00d8sterild: Mange brikker i billedet af et landdistrikt - Thy","og_description":"\u00d8STERILD: Folk kom og folk gik. Pr\u00e6cis som l\u00f8rdagens regnbyger gjorde det p\u00e5 anden dagen af Landdistriktsfestival 2026 i \u00d8sterild &#8211; dagen, hvor aktiviteter, udstillinger og debatter i s\u00e6rlig grad henvendte sig til det brede publikum. Landdistrikter er ingen entydig st\u00f8rrelse, men summen af mange forskellige ting. Det st\u00e5r klart efter to dages festival, hvor [&hellip;]","og_url":"https:\/\/kunmedierne.dk\/thy\/efter-festival-i-oesterild-mange-brikker-i-billedet-af-et-landdistrikt\/","og_site_name":"Thy","article_published_time":"2026-09-06T12:07:35+00:00","og_image":[{"url":"https:\/\/kunmedierne.dk\/thy\/wp-content\/uploads\/sites\/2\/2026\/09\/Landdistriktsfestival07-kopier.jpg","type":"","width":"","height":""}],"author":"Jens Fogh Andersen","twitter_card":"summary_large_image","twitter_misc":{"Skrevet af":"Jens Fogh Andersen","Estimeret l\u00e6setid":"8 minutter"},"schema":{"@context":"https:\/\/schema.org","@graph":[{"@type":"Article","@id":"https:\/\/kunmedierne.dk\/thy\/efter-festival-i-oesterild-mange-brikker-i-billedet-af-et-landdistrikt\/#article","isPartOf":{"@id":"https:\/\/kunmedierne.dk\/thy\/efter-festival-i-oesterild-mange-brikker-i-billedet-af-et-landdistrikt\/"},"author":{"name":"Jens Fogh Andersen","@id":"https:\/\/kunmedierne.dk\/thy\/#\/schema\/person\/88f5be46809ca2a5533760eb574fef93"},"headline":"Efter festival i \u00d8sterild: Mange brikker i billedet af et landdistrikt","datePublished":"2026-09-06T12:07:35+00:00","mainEntityOfPage":{"@id":"https:\/\/kunmedierne.dk\/thy\/efter-festival-i-oesterild-mange-brikker-i-billedet-af-et-landdistrikt\/"},"wordCount":1296,"publisher":{"@id":"https:\/\/kunmedierne.dk\/thy\/#organization"},"image":{"@id":"https:\/\/kunmedierne.dk\/thy\/efter-festival-i-oesterild-mange-brikker-i-billedet-af-et-landdistrikt\/#primaryimage"},"thumbnailUrl":"https:\/\/kunmedierne.dk\/thy\/wp-content\/uploads\/sites\/2\/2026\/09\/Landdistriktsfestival07-kopier.jpg","keywords":["Landbrug","Mennesker","Planl\u00e6gning","Skoler"],"articleSection":["Lokalt"],"inLanguage":"da-DK"},{"@type":"WebPage","@id":"https:\/\/kunmedierne.dk\/thy\/efter-festival-i-oesterild-mange-brikker-i-billedet-af-et-landdistrikt\/","url":"https:\/\/kunmedierne.dk\/thy\/efter-festival-i-oesterild-mange-brikker-i-billedet-af-et-landdistrikt\/","name":"Efter festival i \u00d8sterild: Mange brikker i billedet af et landdistrikt - Thy","isPartOf":{"@id":"https:\/\/kunmedierne.dk\/thy\/#website"},"primaryImageOfPage":{"@id":"https:\/\/kunmedierne.dk\/thy\/efter-festival-i-oesterild-mange-brikker-i-billedet-af-et-landdistrikt\/#primaryimage"},"image":{"@id":"https:\/\/kunmedierne.dk\/thy\/efter-festival-i-oesterild-mange-brikker-i-billedet-af-et-landdistrikt\/#primaryimage"},"thumbnailUrl":"https:\/\/kunmedierne.dk\/thy\/wp-content\/uploads\/sites\/2\/2026\/09\/Landdistriktsfestival07-kopier.jpg","datePublished":"2026-09-06T12:07:35+00:00","breadcrumb":{"@id":"https:\/\/kunmedierne.dk\/thy\/efter-festival-i-oesterild-mange-brikker-i-billedet-af-et-landdistrikt\/#breadcrumb"},"inLanguage":"da-DK","potentialAction":[{"@type":"ReadAction","target":["https:\/\/kunmedierne.dk\/thy\/efter-festival-i-oesterild-mange-brikker-i-billedet-af-et-landdistrikt\/"]}]},{"@type":"ImageObject","inLanguage":"da-DK","@id":"https:\/\/kunmedierne.dk\/thy\/efter-festival-i-oesterild-mange-brikker-i-billedet-af-et-landdistrikt\/#primaryimage","url":"https:\/\/kunmedierne.dk\/thy\/wp-content\/uploads\/sites\/2\/2026\/09\/Landdistriktsfestival07-kopier.jpg","contentUrl":"https:\/\/kunmedierne.dk\/thy\/wp-content\/uploads\/sites\/2\/2026\/09\/Landdistriktsfestival07-kopier.jpg","width":3353,"height":2232,"caption":"Landdistriktsfestival 2026 \u00d8sterild Foto: Jens Fogh-Andersen 050926"},{"@type":"BreadcrumbList","@id":"https:\/\/kunmedierne.dk\/thy\/efter-festival-i-oesterild-mange-brikker-i-billedet-af-et-landdistrikt\/#breadcrumb","itemListElement":[{"@type":"ListItem","position":1,"name":"Home","item":"https:\/\/kunmedierne.dk\/thy\/"},{"@type":"ListItem","position":2,"name":"Efter festival i \u00d8sterild: Mange brikker i billedet af et landdistrikt"}]},{"@type":"WebSite","@id":"https:\/\/kunmedierne.dk\/thy\/#website","url":"https:\/\/kunmedierne.dk\/thy\/","name":"Thy","description":"et netmedie med journalistik om livet i Thy","publisher":{"@id":"https:\/\/kunmedierne.dk\/thy\/#organization"},"potentialAction":[{"@type":"SearchAction","target":{"@type":"EntryPoint","urlTemplate":"https:\/\/kunmedierne.dk\/thy\/?s={search_term_string}"},"query-input":{"@type":"PropertyValueSpecification","valueRequired":true,"valueName":"search_term_string"}}],"inLanguage":"da-DK"},{"@type":"Organization","@id":"https:\/\/kunmedierne.dk\/thy\/#organization","name":"Thy","url":"https:\/\/kunmedierne.dk\/thy\/","logo":{"@type":"ImageObject","inLanguage":"da-DK","@id":"https:\/\/kunmedierne.dk\/thy\/#\/schema\/logo\/image\/","url":"https:\/\/kunmedierne.dk\/thy\/wp-content\/uploads\/sites\/2\/2025\/04\/kunthy-logo.svg","contentUrl":"https:\/\/kunmedierne.dk\/thy\/wp-content\/uploads\/sites\/2\/2025\/04\/kunthy-logo.svg","caption":"Thy"},"image":{"@id":"https:\/\/kunmedierne.dk\/thy\/#\/schema\/logo\/image\/"}},{"@type":"Person","@id":"https:\/\/kunmedierne.dk\/thy\/#\/schema\/person\/88f5be46809ca2a5533760eb574fef93","name":"Jens Fogh Andersen","image":{"@type":"ImageObject","inLanguage":"da-DK","@id":"https:\/\/secure.gravatar.com\/avatar\/2b367a4ef139b1c41dccc9ee7af926b81f8b4cca3359772e86c7fd5ced26c0a3?s=96&d=mm&r=g","url":"https:\/\/secure.gravatar.com\/avatar\/2b367a4ef139b1c41dccc9ee7af926b81f8b4cca3359772e86c7fd5ced26c0a3?s=96&d=mm&r=g","contentUrl":"https:\/\/secure.gravatar.com\/avatar\/2b367a4ef139b1c41dccc9ee7af926b81f8b4cca3359772e86c7fd5ced26c0a3?s=96&d=mm&r=g","caption":"Jens Fogh Andersen"},"url":"https:\/\/kunmedierne.dk\/thy\/author\/jfa\/"}]}},"_links":{"self":[{"href":"https:\/\/kunmedierne.dk\/thy\/wp-json\/wp\/v2\/posts\/26900","targetHints":{"allow":["GET"]}}],"collection":[{"href":"https:\/\/kunmedierne.dk\/thy\/wp-json\/wp\/v2\/posts"}],"about":[{"href":"https:\/\/kunmedierne.dk\/thy\/wp-json\/wp\/v2\/types\/post"}],"author":[{"embeddable":true,"href":"https:\/\/kunmedierne.dk\/thy\/wp-json\/wp\/v2\/users\/4535"}],"replies":[{"embeddable":true,"href":"https:\/\/kunmedierne.dk\/thy\/wp-json\/wp\/v2\/comments?post=26900"}],"version-history":[{"count":13,"href":"https:\/\/kunmedierne.dk\/thy\/wp-json\/wp\/v2\/posts\/26900\/revisions"}],"predecessor-version":[{"id":26924,"href":"https:\/\/kunmedierne.dk\/thy\/wp-json\/wp\/v2\/posts\/26900\/revisions\/26924"}],"wp:attachment":[{"href":"https:\/\/kunmedierne.dk\/thy\/wp-json\/wp\/v2\/media?parent=26900"}],"wp:term":[{"taxonomy":"category","embeddable":true,"href":"https:\/\/kunmedierne.dk\/thy\/wp-json\/wp\/v2\/categories?post=26900"},{"taxonomy":"post_tag","embeddable":true,"href":"https:\/\/kunmedierne.dk\/thy\/wp-json\/wp\/v2\/tags?post=26900"}],"curies":[{"name":"wp","href":"https:\/\/api.w.org\/{rel}","templated":true}]}}