{"id":26850,"date":"2026-09-06T18:18:12","date_gmt":"2026-09-06T16:18:12","guid":{"rendered":"https:\/\/kunmedierne.dk\/thy\/?p=26850"},"modified":"2026-09-06T14:30:29","modified_gmt":"2026-09-06T12:30:29","slug":"hanstholm-goer-klar-til-fisken-paa-disken-i-naeste-weekend","status":"publish","type":"post","link":"https:\/\/kunmedierne.dk\/thy\/hanstholm-goer-klar-til-fisken-paa-disken-i-naeste-weekend\/","title":{"rendered":"Hanstholm g\u00f8r klar til &#8220;Fisken p\u00e5 Disken&#8221; i n\u00e6ste weekend"},"content":{"rendered":"<p><strong>HANSTHOLM:<\/strong> Der er vist ikke mange, der er i tvivl om, at Hanstholm er en funklende stjerne p\u00e5 landkortet, n\u00e5r det handler om konsumfisk &#8211; spisefisk.<\/p>\n<p>For nogle \u00e5r siden fostredes ideen om at bruge den status til at skabe ekstra stor opm\u00e6rksomhed omkring spisefisk i alle afskygninger. Og en hel weekend i september &#8211; 11.-13. september &#8211; inviterer Hanstholm alle med smag for fisk, nysgerrige sj\u00e6le eller forlystelsessyge b\u00f8rn og voksne til byen og havnen.<\/p>\n<a class=\"dvrt-link\" onClick=\"cdmtrack_click(685,jQuery(this));return false\" href=\"https:\/\/wensien.dk\/begravelse\/?gad_source=1&gclid=Cj0KCQjwtJ6_BhDWARIsAGanmKcWw6hbeoepGti1oApJGHln52gMbg8EBRZ86__3P1AJZ5dcsw4ZvNEaAk7JEALw_wcB\"><img decoding=\"async\" style=\"width:100%;\" src=\"https:\/\/kunmedierne.dk\/thy\/wp-content\/uploads\/sites\/2\/2025\/03\/wensien-stenhugger.jpg\"><\/a><script>cdmtrack_view(685);<\/script>\n<p>&#8220;Fisken p\u00e5 Disken&#8221; er Hanstholms \u00e5rlige folkefest for fisken og en del af Hook &amp; Cook p\u00e5 Nordvestkysten.<\/p>\n<p>Hele weekenden kan g\u00e6sterne r\u00f8re, dufte, filetere, smage og fange fisk, direkte d\u00e9r hvor den landes.<\/p>\n<p>Allerede fredag middag begynder l\u00f8jerne, n\u00e5r kokke laver smagspr\u00f8ver p\u00e5 fiskeretter. Senere samme dag forbereder stjernekokke en &#8220;Fish Galore&#8221; &#8211; festmiddag. Middagen serveres ved langborde i auktionshallen, hvor der ogs\u00e5 vil v\u00e6re musik &#8211; b\u00e5de fredag og l\u00f8rdag.<\/p>\n<a class=\"dvrt-link\" onClick=\"cdmtrack_click(25762,jQuery(this));return false\" href=\"https:\/\/www.facebook.com\/profile.php?id=100049901895340\"><img decoding=\"async\" style=\"width:100%;\" src=\"https:\/\/kunmedierne.dk\/thy\/wp-content\/uploads\/sites\/2\/2026\/08\/260831Morsoebil2Animation-3steps-1.gif\"><\/a><script>cdmtrack_view(25762);<\/script>\n<p>B\u00e5de fredag, l\u00f8rdag og s\u00f8ndag kan man k\u00f8be frisk fisk, som man kan f\u00e5 fileteret p\u00e5 stedet til at bringe hjem.<\/p>\n<p>Den s\u00e5kaldte &#8220;Slidske Race&#8221; foreg\u00e5r fra kajen med 14 hjemmebyggede fart\u00f8jer. Der er semifinale fredag og l\u00f8rdag &#8211; og finale s\u00f8ndag.<\/p>\n<p>L\u00f8rdag kan alle deltage i en lystfiskerkonkurrence fra kajen, der arrangeres i samarbejde med Thylands Lystfiskerforening. Her k\u00e5res den l\u00e6ngste fisk, den tungeste fisk, den m\u00e6rkeligste fisk og \u00e5rets bedste b\u00f8rnefisker.<\/p>\n<a class=\"dvrt-link\" onClick=\"cdmtrack_click(1130,jQuery(this));return false\" href=\"https:\/\/www.thistedforsikring.dk\/?utm_source=partnerskaber&amp;utm_campaign=kun_thy\"><img decoding=\"async\" style=\"width:100%;\" src=\"https:\/\/kunmedierne.dk\/thy\/wp-content\/uploads\/sites\/2\/2025\/04\/260409KunThyThisted-For-1.png\"><\/a><script>cdmtrack_view(1130);<\/script>\n<p>S\u00f8ndag krones &#8220;Hanstholms skarpeste kniv&#8221;, n\u00e5r de dygtigste til filetering af fisk dyster.<\/p>\n<p>I l\u00f8bet af weekenden er der ogs\u00e5 kokkedyst, kokkeskole og aktiviteter for b\u00f8rn.<\/p>\n<p>Endvidere er der fiskeauktion, b\u00e5debes\u00f8g og en fingeret redningsaktion i havnen.<\/p>\n<p><a href=\"https:\/\/ihanstholm.dk\/fisken-paa-disken\/\">Se hele programmet her.<\/a><\/p>\n<p>&nbsp;<\/p>\n<p>&nbsp;<\/p>\n","protected":false},"excerpt":{"rendered":"<p>HANSTHOLM: Der er vist ikke mange, der er i tvivl om, at Hanstholm er en funklende stjerne p\u00e5 landkortet, n\u00e5r det handler om konsumfisk &#8211; spisefisk. For nogle \u00e5r siden fostredes ideen om at bruge den status til at skabe ekstra stor opm\u00e6rksomhed omkring spisefisk i alle afskygninger. Og en hel weekend i september &#8211; [&hellip;]<\/p>\n","protected":false},"author":1925,"featured_media":0,"comment_status":"closed","ping_status":"closed","sticky":false,"template":"","format":"standard","meta":{"_acf_changed":false,"footnotes":""},"categories":[24],"tags":[],"class_list":["post-26850","post","type-post","status-publish","format-standard","hentry","category-lokalt"],"acf":[],"yoast_head":"<!-- This site is optimized with the Yoast SEO plugin v27.7 - https:\/\/yoast.com\/product\/yoast-seo-wordpress\/ -->\n<title>Hanstholm g\u00f8r klar til &quot;Fisken p\u00e5 Disken&quot; i n\u00e6ste weekend - Thy<\/title>\n<meta name=\"robots\" content=\"index, follow, max-snippet:-1, max-image-preview:large, max-video-preview:-1\" \/>\n<link rel=\"canonical\" href=\"https:\/\/kunmedierne.dk\/thy\/hanstholm-goer-klar-til-fisken-paa-disken-i-naeste-weekend\/\" \/>\n<meta property=\"og:locale\" content=\"da_DK\" \/>\n<meta property=\"og:type\" content=\"article\" \/>\n<meta property=\"og:title\" content=\"Hanstholm g\u00f8r klar til &quot;Fisken p\u00e5 Disken&quot; i n\u00e6ste weekend - Thy\" \/>\n<meta property=\"og:description\" content=\"HANSTHOLM: Der er vist ikke mange, der er i tvivl om, at Hanstholm er en funklende stjerne p\u00e5 landkortet, n\u00e5r det handler om konsumfisk &#8211; spisefisk. For nogle \u00e5r siden fostredes ideen om at bruge den status til at skabe ekstra stor opm\u00e6rksomhed omkring spisefisk i alle afskygninger. Og en hel weekend i september &#8211; [&hellip;]\" \/>\n<meta property=\"og:url\" content=\"https:\/\/kunmedierne.dk\/thy\/hanstholm-goer-klar-til-fisken-paa-disken-i-naeste-weekend\/\" \/>\n<meta property=\"og:site_name\" content=\"Thy\" \/>\n<meta property=\"article:published_time\" content=\"2026-09-06T16:18:12+00:00\" \/>\n<meta name=\"author\" content=\"Lone L\u00e6rke Krog\" \/>\n<meta name=\"twitter:card\" content=\"summary_large_image\" \/>\n<meta name=\"twitter:label1\" content=\"Skrevet af\" \/>\n\t<meta name=\"twitter:data1\" content=\"Lone L\u00e6rke Krog\" \/>\n\t<meta name=\"twitter:label2\" content=\"Estimeret l\u00e6setid\" \/>\n\t<meta name=\"twitter:data2\" content=\"2 minutter\" \/>\n<script type=\"application\/ld+json\" class=\"yoast-schema-graph\">{\"@context\":\"https:\\\/\\\/schema.org\",\"@graph\":[{\"@type\":\"Article\",\"@id\":\"https:\\\/\\\/kunmedierne.dk\\\/thy\\\/hanstholm-goer-klar-til-fisken-paa-disken-i-naeste-weekend\\\/#article\",\"isPartOf\":{\"@id\":\"https:\\\/\\\/kunmedierne.dk\\\/thy\\\/hanstholm-goer-klar-til-fisken-paa-disken-i-naeste-weekend\\\/\"},\"author\":{\"name\":\"Lone L\u00e6rke Krog\",\"@id\":\"https:\\\/\\\/kunmedierne.dk\\\/thy\\\/#\\\/schema\\\/person\\\/d266634ba6550d075ecf540d63b245d2\"},\"headline\":\"Hanstholm g\u00f8r klar til &#8220;Fisken p\u00e5 Disken&#8221; i n\u00e6ste weekend\",\"datePublished\":\"2026-09-06T16:18:12+00:00\",\"mainEntityOfPage\":{\"@id\":\"https:\\\/\\\/kunmedierne.dk\\\/thy\\\/hanstholm-goer-klar-til-fisken-paa-disken-i-naeste-weekend\\\/\"},\"wordCount\":314,\"publisher\":{\"@id\":\"https:\\\/\\\/kunmedierne.dk\\\/thy\\\/#organization\"},\"articleSection\":[\"Lokalt\"],\"inLanguage\":\"da-DK\"},{\"@type\":\"WebPage\",\"@id\":\"https:\\\/\\\/kunmedierne.dk\\\/thy\\\/hanstholm-goer-klar-til-fisken-paa-disken-i-naeste-weekend\\\/\",\"url\":\"https:\\\/\\\/kunmedierne.dk\\\/thy\\\/hanstholm-goer-klar-til-fisken-paa-disken-i-naeste-weekend\\\/\",\"name\":\"Hanstholm g\u00f8r klar til \\\"Fisken p\u00e5 Disken\\\" i n\u00e6ste weekend - Thy\",\"isPartOf\":{\"@id\":\"https:\\\/\\\/kunmedierne.dk\\\/thy\\\/#website\"},\"datePublished\":\"2026-09-06T16:18:12+00:00\",\"breadcrumb\":{\"@id\":\"https:\\\/\\\/kunmedierne.dk\\\/thy\\\/hanstholm-goer-klar-til-fisken-paa-disken-i-naeste-weekend\\\/#breadcrumb\"},\"inLanguage\":\"da-DK\",\"potentialAction\":[{\"@type\":\"ReadAction\",\"target\":[\"https:\\\/\\\/kunmedierne.dk\\\/thy\\\/hanstholm-goer-klar-til-fisken-paa-disken-i-naeste-weekend\\\/\"]}]},{\"@type\":\"BreadcrumbList\",\"@id\":\"https:\\\/\\\/kunmedierne.dk\\\/thy\\\/hanstholm-goer-klar-til-fisken-paa-disken-i-naeste-weekend\\\/#breadcrumb\",\"itemListElement\":[{\"@type\":\"ListItem\",\"position\":1,\"name\":\"Home\",\"item\":\"https:\\\/\\\/kunmedierne.dk\\\/thy\\\/\"},{\"@type\":\"ListItem\",\"position\":2,\"name\":\"Hanstholm g\u00f8r klar til &#8220;Fisken p\u00e5 Disken&#8221; i n\u00e6ste weekend\"}]},{\"@type\":\"WebSite\",\"@id\":\"https:\\\/\\\/kunmedierne.dk\\\/thy\\\/#website\",\"url\":\"https:\\\/\\\/kunmedierne.dk\\\/thy\\\/\",\"name\":\"Thy\",\"description\":\"et netmedie med journalistik om livet i Thy\",\"publisher\":{\"@id\":\"https:\\\/\\\/kunmedierne.dk\\\/thy\\\/#organization\"},\"potentialAction\":[{\"@type\":\"SearchAction\",\"target\":{\"@type\":\"EntryPoint\",\"urlTemplate\":\"https:\\\/\\\/kunmedierne.dk\\\/thy\\\/?s={search_term_string}\"},\"query-input\":{\"@type\":\"PropertyValueSpecification\",\"valueRequired\":true,\"valueName\":\"search_term_string\"}}],\"inLanguage\":\"da-DK\"},{\"@type\":\"Organization\",\"@id\":\"https:\\\/\\\/kunmedierne.dk\\\/thy\\\/#organization\",\"name\":\"Thy\",\"url\":\"https:\\\/\\\/kunmedierne.dk\\\/thy\\\/\",\"logo\":{\"@type\":\"ImageObject\",\"inLanguage\":\"da-DK\",\"@id\":\"https:\\\/\\\/kunmedierne.dk\\\/thy\\\/#\\\/schema\\\/logo\\\/image\\\/\",\"url\":\"https:\\\/\\\/kunmedierne.dk\\\/thy\\\/wp-content\\\/uploads\\\/sites\\\/2\\\/2025\\\/04\\\/kunthy-logo.svg\",\"contentUrl\":\"https:\\\/\\\/kunmedierne.dk\\\/thy\\\/wp-content\\\/uploads\\\/sites\\\/2\\\/2025\\\/04\\\/kunthy-logo.svg\",\"caption\":\"Thy\"},\"image\":{\"@id\":\"https:\\\/\\\/kunmedierne.dk\\\/thy\\\/#\\\/schema\\\/logo\\\/image\\\/\"}},{\"@type\":\"Person\",\"@id\":\"https:\\\/\\\/kunmedierne.dk\\\/thy\\\/#\\\/schema\\\/person\\\/d266634ba6550d075ecf540d63b245d2\",\"name\":\"Lone L\u00e6rke Krog\",\"image\":{\"@type\":\"ImageObject\",\"inLanguage\":\"da-DK\",\"@id\":\"https:\\\/\\\/secure.gravatar.com\\\/avatar\\\/496ddc7080e56b4ac64cfd4e56bd6d1ee396fa3db1923aa22f11346f60bb135b?s=96&d=mm&r=g\",\"url\":\"https:\\\/\\\/secure.gravatar.com\\\/avatar\\\/496ddc7080e56b4ac64cfd4e56bd6d1ee396fa3db1923aa22f11346f60bb135b?s=96&d=mm&r=g\",\"contentUrl\":\"https:\\\/\\\/secure.gravatar.com\\\/avatar\\\/496ddc7080e56b4ac64cfd4e56bd6d1ee396fa3db1923aa22f11346f60bb135b?s=96&d=mm&r=g\",\"caption\":\"Lone L\u00e6rke Krog\"},\"url\":\"https:\\\/\\\/kunmedierne.dk\\\/thy\\\/author\\\/llk\\\/\"}]}<\/script>\n<!-- \/ Yoast SEO plugin. -->","yoast_head_json":{"title":"Hanstholm g\u00f8r klar til \"Fisken p\u00e5 Disken\" i n\u00e6ste weekend - Thy","robots":{"index":"index","follow":"follow","max-snippet":"max-snippet:-1","max-image-preview":"max-image-preview:large","max-video-preview":"max-video-preview:-1"},"canonical":"https:\/\/kunmedierne.dk\/thy\/hanstholm-goer-klar-til-fisken-paa-disken-i-naeste-weekend\/","og_locale":"da_DK","og_type":"article","og_title":"Hanstholm g\u00f8r klar til \"Fisken p\u00e5 Disken\" i n\u00e6ste weekend - Thy","og_description":"HANSTHOLM: Der er vist ikke mange, der er i tvivl om, at Hanstholm er en funklende stjerne p\u00e5 landkortet, n\u00e5r det handler om konsumfisk &#8211; spisefisk. For nogle \u00e5r siden fostredes ideen om at bruge den status til at skabe ekstra stor opm\u00e6rksomhed omkring spisefisk i alle afskygninger. Og en hel weekend i september &#8211; [&hellip;]","og_url":"https:\/\/kunmedierne.dk\/thy\/hanstholm-goer-klar-til-fisken-paa-disken-i-naeste-weekend\/","og_site_name":"Thy","article_published_time":"2026-09-06T16:18:12+00:00","author":"Lone L\u00e6rke Krog","twitter_card":"summary_large_image","twitter_misc":{"Skrevet af":"Lone L\u00e6rke Krog","Estimeret l\u00e6setid":"2 minutter"},"schema":{"@context":"https:\/\/schema.org","@graph":[{"@type":"Article","@id":"https:\/\/kunmedierne.dk\/thy\/hanstholm-goer-klar-til-fisken-paa-disken-i-naeste-weekend\/#article","isPartOf":{"@id":"https:\/\/kunmedierne.dk\/thy\/hanstholm-goer-klar-til-fisken-paa-disken-i-naeste-weekend\/"},"author":{"name":"Lone L\u00e6rke Krog","@id":"https:\/\/kunmedierne.dk\/thy\/#\/schema\/person\/d266634ba6550d075ecf540d63b245d2"},"headline":"Hanstholm g\u00f8r klar til &#8220;Fisken p\u00e5 Disken&#8221; i n\u00e6ste weekend","datePublished":"2026-09-06T16:18:12+00:00","mainEntityOfPage":{"@id":"https:\/\/kunmedierne.dk\/thy\/hanstholm-goer-klar-til-fisken-paa-disken-i-naeste-weekend\/"},"wordCount":314,"publisher":{"@id":"https:\/\/kunmedierne.dk\/thy\/#organization"},"articleSection":["Lokalt"],"inLanguage":"da-DK"},{"@type":"WebPage","@id":"https:\/\/kunmedierne.dk\/thy\/hanstholm-goer-klar-til-fisken-paa-disken-i-naeste-weekend\/","url":"https:\/\/kunmedierne.dk\/thy\/hanstholm-goer-klar-til-fisken-paa-disken-i-naeste-weekend\/","name":"Hanstholm g\u00f8r klar til \"Fisken p\u00e5 Disken\" i n\u00e6ste weekend - Thy","isPartOf":{"@id":"https:\/\/kunmedierne.dk\/thy\/#website"},"datePublished":"2026-09-06T16:18:12+00:00","breadcrumb":{"@id":"https:\/\/kunmedierne.dk\/thy\/hanstholm-goer-klar-til-fisken-paa-disken-i-naeste-weekend\/#breadcrumb"},"inLanguage":"da-DK","potentialAction":[{"@type":"ReadAction","target":["https:\/\/kunmedierne.dk\/thy\/hanstholm-goer-klar-til-fisken-paa-disken-i-naeste-weekend\/"]}]},{"@type":"BreadcrumbList","@id":"https:\/\/kunmedierne.dk\/thy\/hanstholm-goer-klar-til-fisken-paa-disken-i-naeste-weekend\/#breadcrumb","itemListElement":[{"@type":"ListItem","position":1,"name":"Home","item":"https:\/\/kunmedierne.dk\/thy\/"},{"@type":"ListItem","position":2,"name":"Hanstholm g\u00f8r klar til &#8220;Fisken p\u00e5 Disken&#8221; i n\u00e6ste weekend"}]},{"@type":"WebSite","@id":"https:\/\/kunmedierne.dk\/thy\/#website","url":"https:\/\/kunmedierne.dk\/thy\/","name":"Thy","description":"et netmedie med journalistik om livet i Thy","publisher":{"@id":"https:\/\/kunmedierne.dk\/thy\/#organization"},"potentialAction":[{"@type":"SearchAction","target":{"@type":"EntryPoint","urlTemplate":"https:\/\/kunmedierne.dk\/thy\/?s={search_term_string}"},"query-input":{"@type":"PropertyValueSpecification","valueRequired":true,"valueName":"search_term_string"}}],"inLanguage":"da-DK"},{"@type":"Organization","@id":"https:\/\/kunmedierne.dk\/thy\/#organization","name":"Thy","url":"https:\/\/kunmedierne.dk\/thy\/","logo":{"@type":"ImageObject","inLanguage":"da-DK","@id":"https:\/\/kunmedierne.dk\/thy\/#\/schema\/logo\/image\/","url":"https:\/\/kunmedierne.dk\/thy\/wp-content\/uploads\/sites\/2\/2025\/04\/kunthy-logo.svg","contentUrl":"https:\/\/kunmedierne.dk\/thy\/wp-content\/uploads\/sites\/2\/2025\/04\/kunthy-logo.svg","caption":"Thy"},"image":{"@id":"https:\/\/kunmedierne.dk\/thy\/#\/schema\/logo\/image\/"}},{"@type":"Person","@id":"https:\/\/kunmedierne.dk\/thy\/#\/schema\/person\/d266634ba6550d075ecf540d63b245d2","name":"Lone L\u00e6rke Krog","image":{"@type":"ImageObject","inLanguage":"da-DK","@id":"https:\/\/secure.gravatar.com\/avatar\/496ddc7080e56b4ac64cfd4e56bd6d1ee396fa3db1923aa22f11346f60bb135b?s=96&d=mm&r=g","url":"https:\/\/secure.gravatar.com\/avatar\/496ddc7080e56b4ac64cfd4e56bd6d1ee396fa3db1923aa22f11346f60bb135b?s=96&d=mm&r=g","contentUrl":"https:\/\/secure.gravatar.com\/avatar\/496ddc7080e56b4ac64cfd4e56bd6d1ee396fa3db1923aa22f11346f60bb135b?s=96&d=mm&r=g","caption":"Lone L\u00e6rke Krog"},"url":"https:\/\/kunmedierne.dk\/thy\/author\/llk\/"}]}},"_links":{"self":[{"href":"https:\/\/kunmedierne.dk\/thy\/wp-json\/wp\/v2\/posts\/26850","targetHints":{"allow":["GET"]}}],"collection":[{"href":"https:\/\/kunmedierne.dk\/thy\/wp-json\/wp\/v2\/posts"}],"about":[{"href":"https:\/\/kunmedierne.dk\/thy\/wp-json\/wp\/v2\/types\/post"}],"author":[{"embeddable":true,"href":"https:\/\/kunmedierne.dk\/thy\/wp-json\/wp\/v2\/users\/1925"}],"replies":[{"embeddable":true,"href":"https:\/\/kunmedierne.dk\/thy\/wp-json\/wp\/v2\/comments?post=26850"}],"version-history":[{"count":5,"href":"https:\/\/kunmedierne.dk\/thy\/wp-json\/wp\/v2\/posts\/26850\/revisions"}],"predecessor-version":[{"id":26864,"href":"https:\/\/kunmedierne.dk\/thy\/wp-json\/wp\/v2\/posts\/26850\/revisions\/26864"}],"wp:attachment":[{"href":"https:\/\/kunmedierne.dk\/thy\/wp-json\/wp\/v2\/media?parent=26850"}],"wp:term":[{"taxonomy":"category","embeddable":true,"href":"https:\/\/kunmedierne.dk\/thy\/wp-json\/wp\/v2\/categories?post=26850"},{"taxonomy":"post_tag","embeddable":true,"href":"https:\/\/kunmedierne.dk\/thy\/wp-json\/wp\/v2\/tags?post=26850"}],"curies":[{"name":"wp","href":"https:\/\/api.w.org\/{rel}","templated":true}]}}