{"id":26837,"date":"2026-09-05T13:22:57","date_gmt":"2026-09-05T11:22:57","guid":{"rendered":"https:\/\/kunmedierne.dk\/thy\/?p=26837"},"modified":"2026-09-04T16:14:51","modified_gmt":"2026-09-04T14:14:51","slug":"ny-danseskole-i-thisted-skal-skabe-faellesskaber-man-laerer-et-helt-nyt-sprog-naar-man-danser","status":"publish","type":"post","link":"https:\/\/kunmedierne.dk\/thy\/ny-danseskole-i-thisted-skal-skabe-faellesskaber-man-laerer-et-helt-nyt-sprog-naar-man-danser\/","title":{"rendered":"<span>Ny danseskole i Thisted skal skabe f\u00e6llesskaber:<\/span> &#8211; Man skal l\u00e6re et helt nyt sprog, n\u00e5r man danser"},"content":{"rendered":"<p><strong>KULTUR:\u00a0<\/strong>Det var p\u00e5 opfordring fra lokalomr\u00e5dets b\u00f8rn og unge, at Stisa S\u00f8gaard og Viktoria Hyldebrandt kastede sig ud i, at starte en danseskole &#8211; Thy Dans.<\/p>\n<div data-olk-copy-source=\"MessageBody\">&#8211; Der var mange b\u00f8rn og unge, der henvendte sig til os, fordi de gerne ville l\u00e6re ballet eller moderne dans. Viktoria og jeg var tidligere blevet sat i forbindelse med hinanden gennem en f\u00e6lles bekendt, og s\u00e5 t\u00e6nkte vi, at vi ville kaste os ud i det, fort\u00e6ller Stisa S\u00f8gaard.<\/div>\n<a class=\"dvrt-link\" onClick=\"cdmtrack_click(685,jQuery(this));return false\" href=\"https:\/\/wensien.dk\/begravelse\/?gad_source=1&gclid=Cj0KCQjwtJ6_BhDWARIsAGanmKcWw6hbeoepGti1oApJGHln52gMbg8EBRZ86__3P1AJZ5dcsw4ZvNEaAk7JEALw_wcB\"><img decoding=\"async\" style=\"width:100%;\" src=\"https:\/\/kunmedierne.dk\/thy\/wp-content\/uploads\/sites\/2\/2025\/03\/wensien-stenhugger.jpg\"><\/a><script>cdmtrack_view(685);<\/script>\n<div data-olk-copy-source=\"MessageBody\">\n<div data-olk-copy-source=\"MessageBody\">Allerede 16. september starter skolen sit f\u00f8rste ballethold med b\u00f8rn fra 1.-3. klasse. B\u00e5de Viktoria Hyldebrandt og Stisa S\u00f8gaard er uddannede dansere. Viktoria har en baggrund som balletdanser p\u00e5 Det Kongelige Teater, og Stisa har tidligere lavet performative vandringer gennem Nationalpark Thy.<\/div>\n<div data-olk-copy-source=\"MessageBody\"><\/div>\n<\/div>\n<div data-olk-copy-source=\"MessageBody\">\n<div data-olk-copy-source=\"MessageBody\">&#8211; Det vi virkelig gerne vil opn\u00e5 med danseskolen, er, at vi kan skabe nogle f\u00e6llesskaber gennem dansen. Det er vigtigt for os, at man ikke bare et p\u00e5 et dansehold, men at der er et f\u00e6llesskab i det.<\/div>\n<\/div>\n<a class=\"dvrt-link\" onClick=\"cdmtrack_click(7877,jQuery(this));return false\" href=\"https:\/\/kunmedierne.dk\/thy\/jobopslag-paa-kunthy-og-kunmors-bliver-vist-paa-begge-medier-til-samme-lave-pris\/\"><img decoding=\"async\" style=\"width:100%;\" src=\"https:\/\/kunmedierne.dk\/thy\/wp-content\/uploads\/sites\/2\/2025\/08\/jobannonce-kunmedierne.jpg\"><\/a><script>cdmtrack_view(7877);<\/script>\n<p><strong>Giver smag p\u00e5 mere<\/strong><\/p>\n<p>Ud over f\u00e6llesskabet h\u00e5ber Stisa, at introduktionen til ballet og moderne dans kan give lokalsamfundet lyst til mere.<\/p>\n<div><span data-olk-copy-source=\"MessageBody\">&#8211; Jeg har selv oplevet, hvordan det er at vokse op i et lille lokalsamfund, hvor der ikke var mulighed for at g\u00e5 til eller opleve moderne dans. Mange vidste slet ikke, hvad det var. Nu hvor vi \u00e5bner danseskolen, h\u00e5ber jeg, at mange flere f\u00e5r lyst til at udforske dansen og m\u00e5ske<\/span>\u00a0v\u00e6lge at tage ind og se danseforestillinger i teatret, forklarer Stisa.<\/div>\n<a class=\"dvrt-link\" onClick=\"cdmtrack_click(19676,jQuery(this));return false\" href=\"https:\/\/www.jyskebank.dk\/kontakt\/afdelingsinfo?departmentid=11880\"><img decoding=\"async\" style=\"width:100%;\" src=\"https:\/\/kunmedierne.dk\/thy\/wp-content\/uploads\/sites\/2\/2026\/03\/260325JyskebankThyNy-1.jpg\"><\/a><script>cdmtrack_view(19676);<\/script>\n<p>Mange kan nok godt forestille sig, hvordan ballet ser ud, men moderne dans er mere diffust for mange. Det ved Stisa godt.<\/p>\n<div data-olk-copy-source=\"MessageBody\">&#8211; Jeg forklarer det ved at sige, at ballet er meget oppe i luften, mens moderne dans er mere nede p\u00e5 jorden og har mere kontakt med underlaget. Genren udspringer jo ogs\u00e5 af balletten. Der var bare en danser, der engang fandt p\u00e5 at smide skoene og komme mere ned i kroppen.<\/div>\n<p>&#8211; Vi har valgt at placere dansen i plantagehuset frem for i en gymnastiksal for at fremh\u00e6ve, at det er en scenekunstnerisk danseform. Samtidig synes vi det er hyggeligt at man kan h\u00e6nge ud i cafeen i Plantagehuset efter endt dans, s\u00e5dan at der p\u00e5 den m\u00e5de forh\u00e5bentlig ogs\u00e5 kan opst\u00e5 f\u00e6llesskaber p\u00e5 tv\u00e6rs ud fra dansen.<\/p>\n<a class=\"dvrt-link\" onClick=\"cdmtrack_click(683,jQuery(this));return false\" href=\"https:\/\/vester-begr.dk\/?utm_source=google&amp;utm_medium=advative&amp;gad_source=1&amp;gclid=Cj0KCQjwtJ6_BhDWARIsAGanmKfl-hGVVjCYiOgSKoGoxrow4kvXybZsnruKJYTslvqZDywT6a9PCQwaAmBjEALw_wcB\"><img decoding=\"async\" style=\"width:100%;\" src=\"https:\/\/kunmedierne.dk\/thy\/wp-content\/uploads\/sites\/2\/2025\/03\/260203VesterHoukaer-02022026.jpg\"><\/a><script>cdmtrack_view(683);<\/script>\n<p><strong>Et nyt sprog<\/strong><\/p>\n<p>Stisa h\u00e5ber, at mange vil opleve gl\u00e6den ved dans. Der er b\u00e5de hold for voksne og b\u00f8rn, og man l\u00e6rer if\u00f8lge Stisa at udtrykke sig p\u00e5 nye m\u00e5der via dans.<\/p>\n<p>&#8211; Man l\u00e6rer et helt nyt sprog, n\u00e5r man danser. Man bliver simpelthen bevidst om hele kroppen og f\u00e5r en helt anden f\u00f8ling med, hvordan man bev\u00e6ger sig. Fra fingerspids til t\u00e5spids, fort\u00e6ller Stisa.<\/p>\n<a class=\"dvrt-link\" onClick=\"cdmtrack_click(25762,jQuery(this));return false\" href=\"https:\/\/www.facebook.com\/profile.php?id=100049901895340\"><img decoding=\"async\" style=\"width:100%;\" src=\"https:\/\/kunmedierne.dk\/thy\/wp-content\/uploads\/sites\/2\/2026\/08\/260831Morsoebil2Animation-3steps-1.gif\"><\/a><script>cdmtrack_view(25762);<\/script>\n<p>&#8211; Og s\u00e5 er det ogs\u00e5 god motion! tilf\u00f8jer hun.<\/p>\n<p>Stisa understreger, at holdene p\u00e5 danseskolen er for alle, der har lyst til at pr\u00f8ve kr\u00e6fter med ballet eller moderne dans. Man beh\u00f8ver ikke have tidligere erfaring p\u00e5 et dansegulv.<\/p>\n","protected":false},"excerpt":{"rendered":"<p>KULTUR:\u00a0Det var p\u00e5 opfordring fra lokalomr\u00e5dets b\u00f8rn og unge, at Stisa S\u00f8gaard og Viktoria Hyldebrandt kastede sig ud i, at starte en danseskole &#8211; Thy Dans. &#8211; Der var mange b\u00f8rn og unge, der henvendte sig til os, fordi de gerne ville l\u00e6re ballet eller moderne dans. Viktoria og jeg var tidligere blevet sat i [&hellip;]<\/p>\n","protected":false},"author":5146,"featured_media":0,"comment_status":"closed","ping_status":"closed","sticky":false,"template":"","format":"standard","meta":{"_acf_changed":false,"footnotes":""},"categories":[21],"tags":[67,85,44,74],"class_list":["post-26837","post","type-post","status-publish","format-standard","hentry","category-kultur","tag-fritidstilbud","tag-kultur","tag-undervisning","tag-ungdomsliv"],"acf":[],"yoast_head":"<!-- This site is optimized with the Yoast SEO plugin v27.7 - https:\/\/yoast.com\/product\/yoast-seo-wordpress\/ -->\n<title>Ny danseskole i Thisted skal skabe f\u00e6llesskaber: - Man skal l\u00e6re et helt nyt sprog, n\u00e5r man danser - Thy<\/title>\n<meta name=\"robots\" content=\"index, follow, max-snippet:-1, max-image-preview:large, max-video-preview:-1\" \/>\n<link rel=\"canonical\" href=\"https:\/\/kunmedierne.dk\/thy\/ny-danseskole-i-thisted-skal-skabe-faellesskaber-man-laerer-et-helt-nyt-sprog-naar-man-danser\/\" \/>\n<meta property=\"og:locale\" content=\"da_DK\" \/>\n<meta property=\"og:type\" content=\"article\" \/>\n<meta property=\"og:title\" content=\"Ny danseskole i Thisted skal skabe f\u00e6llesskaber: - Man skal l\u00e6re et helt nyt sprog, n\u00e5r man danser - Thy\" \/>\n<meta property=\"og:description\" content=\"KULTUR:\u00a0Det var p\u00e5 opfordring fra lokalomr\u00e5dets b\u00f8rn og unge, at Stisa S\u00f8gaard og Viktoria Hyldebrandt kastede sig ud i, at starte en danseskole &#8211; Thy Dans. &#8211; Der var mange b\u00f8rn og unge, der henvendte sig til os, fordi de gerne ville l\u00e6re ballet eller moderne dans. Viktoria og jeg var tidligere blevet sat i [&hellip;]\" \/>\n<meta property=\"og:url\" content=\"https:\/\/kunmedierne.dk\/thy\/ny-danseskole-i-thisted-skal-skabe-faellesskaber-man-laerer-et-helt-nyt-sprog-naar-man-danser\/\" \/>\n<meta property=\"og:site_name\" content=\"Thy\" \/>\n<meta property=\"article:published_time\" content=\"2026-09-05T11:22:57+00:00\" \/>\n<meta name=\"author\" content=\"Katrine Kronstrand\" \/>\n<meta name=\"twitter:card\" content=\"summary_large_image\" \/>\n<meta name=\"twitter:label1\" content=\"Skrevet af\" \/>\n\t<meta name=\"twitter:data1\" content=\"Katrine Kronstrand\" \/>\n\t<meta name=\"twitter:label2\" content=\"Estimeret l\u00e6setid\" \/>\n\t<meta name=\"twitter:data2\" content=\"3 minutter\" \/>\n<script type=\"application\/ld+json\" class=\"yoast-schema-graph\">{\"@context\":\"https:\\\/\\\/schema.org\",\"@graph\":[{\"@type\":\"Article\",\"@id\":\"https:\\\/\\\/kunmedierne.dk\\\/thy\\\/ny-danseskole-i-thisted-skal-skabe-faellesskaber-man-laerer-et-helt-nyt-sprog-naar-man-danser\\\/#article\",\"isPartOf\":{\"@id\":\"https:\\\/\\\/kunmedierne.dk\\\/thy\\\/ny-danseskole-i-thisted-skal-skabe-faellesskaber-man-laerer-et-helt-nyt-sprog-naar-man-danser\\\/\"},\"author\":{\"name\":\"Katrine Kronstrand\",\"@id\":\"https:\\\/\\\/kunmedierne.dk\\\/thy\\\/#\\\/schema\\\/person\\\/41289bce3056a3e3d485ec8f09a96d28\"},\"headline\":\"Ny danseskole i Thisted skal skabe f\u00e6llesskaber: &#8211; Man skal l\u00e6re et helt nyt sprog, n\u00e5r man danser\",\"datePublished\":\"2026-09-05T11:22:57+00:00\",\"mainEntityOfPage\":{\"@id\":\"https:\\\/\\\/kunmedierne.dk\\\/thy\\\/ny-danseskole-i-thisted-skal-skabe-faellesskaber-man-laerer-et-helt-nyt-sprog-naar-man-danser\\\/\"},\"wordCount\":559,\"publisher\":{\"@id\":\"https:\\\/\\\/kunmedierne.dk\\\/thy\\\/#organization\"},\"keywords\":[\"Fritidstilbud\",\"kultur\",\"Undervisning\",\"Ungdomsliv\"],\"articleSection\":[\"Kultur\"],\"inLanguage\":\"da-DK\"},{\"@type\":\"WebPage\",\"@id\":\"https:\\\/\\\/kunmedierne.dk\\\/thy\\\/ny-danseskole-i-thisted-skal-skabe-faellesskaber-man-laerer-et-helt-nyt-sprog-naar-man-danser\\\/\",\"url\":\"https:\\\/\\\/kunmedierne.dk\\\/thy\\\/ny-danseskole-i-thisted-skal-skabe-faellesskaber-man-laerer-et-helt-nyt-sprog-naar-man-danser\\\/\",\"name\":\"Ny danseskole i Thisted skal skabe f\u00e6llesskaber: - Man skal l\u00e6re et helt nyt sprog, n\u00e5r man danser - Thy\",\"isPartOf\":{\"@id\":\"https:\\\/\\\/kunmedierne.dk\\\/thy\\\/#website\"},\"datePublished\":\"2026-09-05T11:22:57+00:00\",\"breadcrumb\":{\"@id\":\"https:\\\/\\\/kunmedierne.dk\\\/thy\\\/ny-danseskole-i-thisted-skal-skabe-faellesskaber-man-laerer-et-helt-nyt-sprog-naar-man-danser\\\/#breadcrumb\"},\"inLanguage\":\"da-DK\",\"potentialAction\":[{\"@type\":\"ReadAction\",\"target\":[\"https:\\\/\\\/kunmedierne.dk\\\/thy\\\/ny-danseskole-i-thisted-skal-skabe-faellesskaber-man-laerer-et-helt-nyt-sprog-naar-man-danser\\\/\"]}]},{\"@type\":\"BreadcrumbList\",\"@id\":\"https:\\\/\\\/kunmedierne.dk\\\/thy\\\/ny-danseskole-i-thisted-skal-skabe-faellesskaber-man-laerer-et-helt-nyt-sprog-naar-man-danser\\\/#breadcrumb\",\"itemListElement\":[{\"@type\":\"ListItem\",\"position\":1,\"name\":\"Home\",\"item\":\"https:\\\/\\\/kunmedierne.dk\\\/thy\\\/\"},{\"@type\":\"ListItem\",\"position\":2,\"name\":\"Ny danseskole i Thisted skal skabe f\u00e6llesskaber: &#8211; Man skal l\u00e6re et helt nyt sprog, n\u00e5r man danser\"}]},{\"@type\":\"WebSite\",\"@id\":\"https:\\\/\\\/kunmedierne.dk\\\/thy\\\/#website\",\"url\":\"https:\\\/\\\/kunmedierne.dk\\\/thy\\\/\",\"name\":\"Thy\",\"description\":\"et netmedie med journalistik om livet i Thy\",\"publisher\":{\"@id\":\"https:\\\/\\\/kunmedierne.dk\\\/thy\\\/#organization\"},\"potentialAction\":[{\"@type\":\"SearchAction\",\"target\":{\"@type\":\"EntryPoint\",\"urlTemplate\":\"https:\\\/\\\/kunmedierne.dk\\\/thy\\\/?s={search_term_string}\"},\"query-input\":{\"@type\":\"PropertyValueSpecification\",\"valueRequired\":true,\"valueName\":\"search_term_string\"}}],\"inLanguage\":\"da-DK\"},{\"@type\":\"Organization\",\"@id\":\"https:\\\/\\\/kunmedierne.dk\\\/thy\\\/#organization\",\"name\":\"Thy\",\"url\":\"https:\\\/\\\/kunmedierne.dk\\\/thy\\\/\",\"logo\":{\"@type\":\"ImageObject\",\"inLanguage\":\"da-DK\",\"@id\":\"https:\\\/\\\/kunmedierne.dk\\\/thy\\\/#\\\/schema\\\/logo\\\/image\\\/\",\"url\":\"https:\\\/\\\/kunmedierne.dk\\\/thy\\\/wp-content\\\/uploads\\\/sites\\\/2\\\/2025\\\/04\\\/kunthy-logo.svg\",\"contentUrl\":\"https:\\\/\\\/kunmedierne.dk\\\/thy\\\/wp-content\\\/uploads\\\/sites\\\/2\\\/2025\\\/04\\\/kunthy-logo.svg\",\"caption\":\"Thy\"},\"image\":{\"@id\":\"https:\\\/\\\/kunmedierne.dk\\\/thy\\\/#\\\/schema\\\/logo\\\/image\\\/\"}},{\"@type\":\"Person\",\"@id\":\"https:\\\/\\\/kunmedierne.dk\\\/thy\\\/#\\\/schema\\\/person\\\/41289bce3056a3e3d485ec8f09a96d28\",\"name\":\"Katrine Kronstrand\",\"image\":{\"@type\":\"ImageObject\",\"inLanguage\":\"da-DK\",\"@id\":\"https:\\\/\\\/secure.gravatar.com\\\/avatar\\\/0e5234af9ddb8e0f24a665d5498b736751c9a2b04d1d4880b0317784773e160a?s=96&d=mm&r=g\",\"url\":\"https:\\\/\\\/secure.gravatar.com\\\/avatar\\\/0e5234af9ddb8e0f24a665d5498b736751c9a2b04d1d4880b0317784773e160a?s=96&d=mm&r=g\",\"contentUrl\":\"https:\\\/\\\/secure.gravatar.com\\\/avatar\\\/0e5234af9ddb8e0f24a665d5498b736751c9a2b04d1d4880b0317784773e160a?s=96&d=mm&r=g\",\"caption\":\"Katrine Kronstrand\"},\"url\":\"https:\\\/\\\/kunmedierne.dk\\\/thy\\\/author\\\/katrine-kronstrand\\\/\"}]}<\/script>\n<!-- \/ Yoast SEO plugin. -->","yoast_head_json":{"title":"Ny danseskole i Thisted skal skabe f\u00e6llesskaber: - Man skal l\u00e6re et helt nyt sprog, n\u00e5r man danser - Thy","robots":{"index":"index","follow":"follow","max-snippet":"max-snippet:-1","max-image-preview":"max-image-preview:large","max-video-preview":"max-video-preview:-1"},"canonical":"https:\/\/kunmedierne.dk\/thy\/ny-danseskole-i-thisted-skal-skabe-faellesskaber-man-laerer-et-helt-nyt-sprog-naar-man-danser\/","og_locale":"da_DK","og_type":"article","og_title":"Ny danseskole i Thisted skal skabe f\u00e6llesskaber: - Man skal l\u00e6re et helt nyt sprog, n\u00e5r man danser - Thy","og_description":"KULTUR:\u00a0Det var p\u00e5 opfordring fra lokalomr\u00e5dets b\u00f8rn og unge, at Stisa S\u00f8gaard og Viktoria Hyldebrandt kastede sig ud i, at starte en danseskole &#8211; Thy Dans. &#8211; Der var mange b\u00f8rn og unge, der henvendte sig til os, fordi de gerne ville l\u00e6re ballet eller moderne dans. Viktoria og jeg var tidligere blevet sat i [&hellip;]","og_url":"https:\/\/kunmedierne.dk\/thy\/ny-danseskole-i-thisted-skal-skabe-faellesskaber-man-laerer-et-helt-nyt-sprog-naar-man-danser\/","og_site_name":"Thy","article_published_time":"2026-09-05T11:22:57+00:00","author":"Katrine Kronstrand","twitter_card":"summary_large_image","twitter_misc":{"Skrevet af":"Katrine Kronstrand","Estimeret l\u00e6setid":"3 minutter"},"schema":{"@context":"https:\/\/schema.org","@graph":[{"@type":"Article","@id":"https:\/\/kunmedierne.dk\/thy\/ny-danseskole-i-thisted-skal-skabe-faellesskaber-man-laerer-et-helt-nyt-sprog-naar-man-danser\/#article","isPartOf":{"@id":"https:\/\/kunmedierne.dk\/thy\/ny-danseskole-i-thisted-skal-skabe-faellesskaber-man-laerer-et-helt-nyt-sprog-naar-man-danser\/"},"author":{"name":"Katrine Kronstrand","@id":"https:\/\/kunmedierne.dk\/thy\/#\/schema\/person\/41289bce3056a3e3d485ec8f09a96d28"},"headline":"Ny danseskole i Thisted skal skabe f\u00e6llesskaber: &#8211; Man skal l\u00e6re et helt nyt sprog, n\u00e5r man danser","datePublished":"2026-09-05T11:22:57+00:00","mainEntityOfPage":{"@id":"https:\/\/kunmedierne.dk\/thy\/ny-danseskole-i-thisted-skal-skabe-faellesskaber-man-laerer-et-helt-nyt-sprog-naar-man-danser\/"},"wordCount":559,"publisher":{"@id":"https:\/\/kunmedierne.dk\/thy\/#organization"},"keywords":["Fritidstilbud","kultur","Undervisning","Ungdomsliv"],"articleSection":["Kultur"],"inLanguage":"da-DK"},{"@type":"WebPage","@id":"https:\/\/kunmedierne.dk\/thy\/ny-danseskole-i-thisted-skal-skabe-faellesskaber-man-laerer-et-helt-nyt-sprog-naar-man-danser\/","url":"https:\/\/kunmedierne.dk\/thy\/ny-danseskole-i-thisted-skal-skabe-faellesskaber-man-laerer-et-helt-nyt-sprog-naar-man-danser\/","name":"Ny danseskole i Thisted skal skabe f\u00e6llesskaber: - Man skal l\u00e6re et helt nyt sprog, n\u00e5r man danser - Thy","isPartOf":{"@id":"https:\/\/kunmedierne.dk\/thy\/#website"},"datePublished":"2026-09-05T11:22:57+00:00","breadcrumb":{"@id":"https:\/\/kunmedierne.dk\/thy\/ny-danseskole-i-thisted-skal-skabe-faellesskaber-man-laerer-et-helt-nyt-sprog-naar-man-danser\/#breadcrumb"},"inLanguage":"da-DK","potentialAction":[{"@type":"ReadAction","target":["https:\/\/kunmedierne.dk\/thy\/ny-danseskole-i-thisted-skal-skabe-faellesskaber-man-laerer-et-helt-nyt-sprog-naar-man-danser\/"]}]},{"@type":"BreadcrumbList","@id":"https:\/\/kunmedierne.dk\/thy\/ny-danseskole-i-thisted-skal-skabe-faellesskaber-man-laerer-et-helt-nyt-sprog-naar-man-danser\/#breadcrumb","itemListElement":[{"@type":"ListItem","position":1,"name":"Home","item":"https:\/\/kunmedierne.dk\/thy\/"},{"@type":"ListItem","position":2,"name":"Ny danseskole i Thisted skal skabe f\u00e6llesskaber: &#8211; Man skal l\u00e6re et helt nyt sprog, n\u00e5r man danser"}]},{"@type":"WebSite","@id":"https:\/\/kunmedierne.dk\/thy\/#website","url":"https:\/\/kunmedierne.dk\/thy\/","name":"Thy","description":"et netmedie med journalistik om livet i Thy","publisher":{"@id":"https:\/\/kunmedierne.dk\/thy\/#organization"},"potentialAction":[{"@type":"SearchAction","target":{"@type":"EntryPoint","urlTemplate":"https:\/\/kunmedierne.dk\/thy\/?s={search_term_string}"},"query-input":{"@type":"PropertyValueSpecification","valueRequired":true,"valueName":"search_term_string"}}],"inLanguage":"da-DK"},{"@type":"Organization","@id":"https:\/\/kunmedierne.dk\/thy\/#organization","name":"Thy","url":"https:\/\/kunmedierne.dk\/thy\/","logo":{"@type":"ImageObject","inLanguage":"da-DK","@id":"https:\/\/kunmedierne.dk\/thy\/#\/schema\/logo\/image\/","url":"https:\/\/kunmedierne.dk\/thy\/wp-content\/uploads\/sites\/2\/2025\/04\/kunthy-logo.svg","contentUrl":"https:\/\/kunmedierne.dk\/thy\/wp-content\/uploads\/sites\/2\/2025\/04\/kunthy-logo.svg","caption":"Thy"},"image":{"@id":"https:\/\/kunmedierne.dk\/thy\/#\/schema\/logo\/image\/"}},{"@type":"Person","@id":"https:\/\/kunmedierne.dk\/thy\/#\/schema\/person\/41289bce3056a3e3d485ec8f09a96d28","name":"Katrine Kronstrand","image":{"@type":"ImageObject","inLanguage":"da-DK","@id":"https:\/\/secure.gravatar.com\/avatar\/0e5234af9ddb8e0f24a665d5498b736751c9a2b04d1d4880b0317784773e160a?s=96&d=mm&r=g","url":"https:\/\/secure.gravatar.com\/avatar\/0e5234af9ddb8e0f24a665d5498b736751c9a2b04d1d4880b0317784773e160a?s=96&d=mm&r=g","contentUrl":"https:\/\/secure.gravatar.com\/avatar\/0e5234af9ddb8e0f24a665d5498b736751c9a2b04d1d4880b0317784773e160a?s=96&d=mm&r=g","caption":"Katrine Kronstrand"},"url":"https:\/\/kunmedierne.dk\/thy\/author\/katrine-kronstrand\/"}]}},"_links":{"self":[{"href":"https:\/\/kunmedierne.dk\/thy\/wp-json\/wp\/v2\/posts\/26837","targetHints":{"allow":["GET"]}}],"collection":[{"href":"https:\/\/kunmedierne.dk\/thy\/wp-json\/wp\/v2\/posts"}],"about":[{"href":"https:\/\/kunmedierne.dk\/thy\/wp-json\/wp\/v2\/types\/post"}],"author":[{"embeddable":true,"href":"https:\/\/kunmedierne.dk\/thy\/wp-json\/wp\/v2\/users\/5146"}],"replies":[{"embeddable":true,"href":"https:\/\/kunmedierne.dk\/thy\/wp-json\/wp\/v2\/comments?post=26837"}],"version-history":[{"count":9,"href":"https:\/\/kunmedierne.dk\/thy\/wp-json\/wp\/v2\/posts\/26837\/revisions"}],"predecessor-version":[{"id":26848,"href":"https:\/\/kunmedierne.dk\/thy\/wp-json\/wp\/v2\/posts\/26837\/revisions\/26848"}],"wp:attachment":[{"href":"https:\/\/kunmedierne.dk\/thy\/wp-json\/wp\/v2\/media?parent=26837"}],"wp:term":[{"taxonomy":"category","embeddable":true,"href":"https:\/\/kunmedierne.dk\/thy\/wp-json\/wp\/v2\/categories?post=26837"},{"taxonomy":"post_tag","embeddable":true,"href":"https:\/\/kunmedierne.dk\/thy\/wp-json\/wp\/v2\/tags?post=26837"}],"curies":[{"name":"wp","href":"https:\/\/api.w.org\/{rel}","templated":true}]}}