{"id":26829,"date":"2026-09-05T06:28:37","date_gmt":"2026-09-05T04:28:37","guid":{"rendered":"https:\/\/kunmedierne.dk\/thy\/?p=26829"},"modified":"2026-09-04T14:28:59","modified_gmt":"2026-09-04T12:28:59","slug":"i-uge-41-saetter-thy-fokus-paa-faellesskaber-for-sundheden","status":"publish","type":"post","link":"https:\/\/kunmedierne.dk\/thy\/i-uge-41-saetter-thy-fokus-paa-faellesskaber-for-sundheden\/","title":{"rendered":"I uge 41 s\u00e6tter Thy fokus p\u00e5 f\u00e6llesskaber for sundheden"},"content":{"rendered":"<p><strong>THY: <\/strong>I uge 41 s\u00e6ttes der fokus p\u00e5 f\u00e6llesskabet som et middel til at styrke fysisk og ikke mindst mental sundhed.<\/p>\n<a class=\"dvrt-link\" onClick=\"cdmtrack_click(689,jQuery(this));return false\" href=\"https:\/\/www.thistedbolig.dk\"><img decoding=\"async\" style=\"width:100%;\" src=\"https:\/\/kunmedierne.dk\/thy\/wp-content\/uploads\/sites\/2\/2025\/03\/260901Thibolig-mere-fritid-002-1.jpg\"><\/a><script>cdmtrack_view(689);<\/script>\n<p>&#8211; F\u00e6llesskaber beh\u00f8ver ikke n\u00f8dvendigvis at handle om fysisk aktivitet. Der er masser af andre ting, vi kan v\u00e6re f\u00e6lles om, sang for eksempel, siger Torben Overgaard, K, formand for Thisted Kommunes udvalg for sundhed, kultur og fritid, med tanke for, at morgensang p\u00e5 biblioteket hver formiddag mandag til fredag i uge 41 ogs\u00e5 er en god m\u00e5de at v\u00e6re f\u00e6lles p\u00e5.<\/p>\n<p>Morgensangen er en af de ting, der st\u00e5r p\u00e5 den forel\u00f8bige liste over aktiviteter i uge 41. Det samme g\u00f8r en &#8220;open call-pulje&#8221;, hvor blandt andre foreninger, institutioner, virksomheder og andre kan s\u00f8ge st\u00f8tte til aktiviteter, der underst\u00f8tter temaet f\u00e6llesskaber.<\/p>\n<p>&#8211; Puljen er netop t\u00e6nkt som en mulighed for at st\u00f8tte forskellige aktiviteter og tilbud, som dukker op uden at v\u00e6re udsprunget af et eksisterende forenings- eller klubtilbud. De er der bare som en mulighed for, at mennesker kan m\u00f8de andre mennesker og gennem det m\u00f8de m\u00e5ske medvirke til at skabe nye f\u00e6llesskaber og p\u00e5 den m\u00e5de bidrage til, at \u00f8ge den mentale sundhed, for det er noget f\u00e6llesskaber kan, siger Torben Overgaard.<\/p>\n<a class=\"dvrt-link\" onClick=\"cdmtrack_click(19682,jQuery(this));return false\" href=\"https:\/\/limfjordsteatret.dk\/\"><img decoding=\"async\" style=\"width:100%;\" src=\"https:\/\/kunmedierne.dk\/thy\/wp-content\/uploads\/sites\/2\/2026\/03\/aarskortLim_KunMors_1100x125.jpg\"><\/a><script>cdmtrack_view(19682);<\/script>\n<p>Thisted Kommunes sundhedsstrategi &#8220;Sund Sammen&#8221; sigter netop mod at fremme sundhed gennem forebyggelse, trivsel og f\u00e6llesskab og g\u00f8re det med \u00f8je for, at b\u00e5de mental sundhed og bev\u00e6gelse har betydning for den enkeltes livskvalitet.<\/p>\n<div id=\"attachment_23160\" style=\"width: 1642px\" class=\"wp-caption alignnone\"><img loading=\"lazy\" decoding=\"async\" aria-describedby=\"caption-attachment-23160\" class=\"wp-image-23160 size-full\" src=\"https:\/\/kunmedierne.dk\/thy\/wp-content\/uploads\/sites\/2\/2026\/06\/GrundlovAshoeje06-kopier.jpg\" alt=\"\" width=\"1632\" height=\"1084\" srcset=\"https:\/\/kunmedierne.dk\/thy\/wp-content\/uploads\/sites\/2\/2026\/06\/GrundlovAshoeje06-kopier.jpg 1632w, https:\/\/kunmedierne.dk\/thy\/wp-content\/uploads\/sites\/2\/2026\/06\/GrundlovAshoeje06-kopier-300x199.jpg 300w, https:\/\/kunmedierne.dk\/thy\/wp-content\/uploads\/sites\/2\/2026\/06\/GrundlovAshoeje06-kopier-1024x680.jpg 1024w, https:\/\/kunmedierne.dk\/thy\/wp-content\/uploads\/sites\/2\/2026\/06\/GrundlovAshoeje06-kopier-510x339.jpg 510w\" sizes=\"auto, (max-width: 1632px) 100vw, 1632px\" \/><p id=\"caption-attachment-23160\" class=\"wp-caption-text\">Mange er allerede del af et eller flere f\u00e6llesskaber, men der er fortsat behov for at r\u00e6kke ud og n\u00e5 de mennesker, som stadig st\u00e5r udenfor et f\u00e6llesskab og har brug for hj\u00e6lp til at finde ind i et, siger Torben Overgaard<\/p><\/div>\n<p>&nbsp;<\/p>\n<p>I 2024 havde sundhedsugen fokus p\u00e5 netop mental sundhed, mens fokus sidste \u00e5r var rettet mod sundhed gennem fysisk aktivitet. I uge 41 i \u00e5r er fokus p\u00e5 de f\u00e6llesskaber, b\u00e5de organiserede og ikke organiserede, der medvirker til at skabe fysisk og mental trivsel.<\/p>\n<p>&#8211; Vi ved, at der findes masser af uformelle f\u00e6llesskaber, hvor folk m\u00f8des omkring mange forskellige ting. De har stor betydning for mange, men vi st\u00e5r ikke med en liste over den slags f\u00e6llesskaber. Derfor er Uge 41 b\u00e5de et tilbud til de uformelle f\u00e6llesskaber, men ogs\u00e5 til de mange etablererede f\u00e6llesskaber i klubber og foreninger, som allerede n\u00e5r ud til rigtig mange, om at r\u00e6kke ud og n\u00e5 de mennesker, som stadig st\u00e5r udenfor et f\u00e6llesskab og har brug for hj\u00e6lp til at finde ind i det, siger Torben Overgaard.<\/p>\n<a class=\"dvrt-link\" onClick=\"cdmtrack_click(25762,jQuery(this));return false\" href=\"https:\/\/www.facebook.com\/profile.php?id=100049901895340\"><img decoding=\"async\" style=\"width:100%;\" src=\"https:\/\/kunmedierne.dk\/thy\/wp-content\/uploads\/sites\/2\/2026\/08\/260831Morsoebil2Animation-3steps-1.gif\"><\/a><script>cdmtrack_view(25762);<\/script>\n<p>N\u00e5r &#8220;f\u00e6llesskaber&#8221; er valgt som tema for \u00e5rets sundhedsuge skyldes det i f\u00f8lge sagsfremstillingen, at forskning og erfaringer viser, at deltagelse i f\u00e6llesskaber har betydning for b\u00e5de sundhed, trivsel og livskvalitet.<\/p>\n<p>F\u00e6llesskaber kan modvirke ensomhed, styrke den mentale sundhed, skabe motivation for en aktiv hverdag og bidrage til st\u00f8rre tilknytning til lokalsamfundet. Sundhedsugen gennemf\u00f8res i t\u00e6t samarbejde med foreninger, institutioner, private akt\u00f8rer og frivillige.<\/p>\n<p>&#8211; Foreningslivet i Thy er allerede rigtig dygtigt til at r\u00e6kke ud og v\u00e6re favnende. Men vi skal ogs\u00e5 v\u00e6re opm\u00e6rksom p\u00e5, at der ogs\u00e5 er behov for at lave nogle tilbud udenfor det etablerede foreningsliv, for eksempel kulturtilbud, som kan v\u00e6re med at forme nye f\u00e6llesskaber, siger Torben Overgaard og tilf\u00f8jer, at der i forhold til at skabe f\u00e6llesskaber, som favner bredest muligt, er en &#8220;h\u00e5rd n\u00f8d at kn\u00e6kke&#8221;.<\/p>\n<a class=\"dvrt-link\" onClick=\"cdmtrack_click(19676,jQuery(this));return false\" href=\"https:\/\/www.jyskebank.dk\/kontakt\/afdelingsinfo?departmentid=11880\"><img decoding=\"async\" style=\"width:100%;\" src=\"https:\/\/kunmedierne.dk\/thy\/wp-content\/uploads\/sites\/2\/2026\/03\/260325JyskebankThyNy-1.jpg\"><\/a><script>cdmtrack_view(19676);<\/script>\n<p>&#8211; Nogen mennesker har nemmere ved at blive en del af et f\u00e6llesskab end andre. Og vi mangler endnu at kn\u00e6kke koden til at finde de mennesker, der st\u00e5r helt udenfor et f\u00e6llesskab og lave en m\u00e5lrettet indsats mod dem. M\u00e5ske mangler vi de personer &#8211; og det beh\u00f8ver ikke at v\u00e6re en kommunal medarbejder &#8211; som r\u00e6kker h\u00e5nden ud og siger: Nu skal vi afsted sammen. Vi ved, at det problem er st\u00f8rre, end vi tror, og vi ved at det er i gruppen af unge mellem 16 og 20 \u00e5r og i gruppen af \u00e6ldre over 70 \u00e5r, vi finder mange, som har sv\u00e6rt ved at finde ind i et f\u00e6llesskab, siger Torben Overgaard.<\/p>\n<p>Udvalgsformanden h\u00e5ber, at uge 41 ogs\u00e5 vil kaste lys over den problemstilling i erkendelse af, at det er vigtigt at f\u00e5 s\u00e5 mange som muligt inkluderet i et f\u00e6llesskab &#8211; og at en af m\u00e5derne til at g\u00f8re det, m\u00e5ske ikke er s\u00e5 vanskelig.<\/p>\n<p>&#8211; M\u00e5ske skal vi bare blive bedre til at holde \u00f8je med mennesker i vores omgivelser og have \u00f8je for dem, der m\u00e5ske har brug for at f\u00e5 en h\u00e5ndsr\u00e6kning og en opfordring til, at vi kan tage afsted sammen, siger Torben Overgaard.<\/p>\n<p>&nbsp;<\/p>\n","protected":false},"excerpt":{"rendered":"<p>THY: I uge 41 s\u00e6ttes der fokus p\u00e5 f\u00e6llesskabet som et middel til at styrke fysisk og ikke mindst mental sundhed. &#8211; F\u00e6llesskaber beh\u00f8ver ikke n\u00f8dvendigvis at handle om fysisk aktivitet. Der er masser af andre ting, vi kan v\u00e6re f\u00e6lles om, sang for eksempel, siger Torben Overgaard, K, formand for Thisted Kommunes udvalg for [&hellip;]<\/p>\n","protected":false},"author":4535,"featured_media":0,"comment_status":"closed","ping_status":"closed","sticky":false,"template":"","format":"standard","meta":{"_acf_changed":false,"footnotes":""},"categories":[24],"tags":[47],"class_list":["post-26829","post","type-post","status-publish","format-standard","hentry","category-lokalt","tag-sundhed"],"acf":[],"yoast_head":"<!-- This site is optimized with the Yoast SEO plugin v27.7 - https:\/\/yoast.com\/product\/yoast-seo-wordpress\/ -->\n<title>I uge 41 s\u00e6tter Thy fokus p\u00e5 f\u00e6llesskaber for sundheden - Thy<\/title>\n<meta name=\"robots\" content=\"index, follow, max-snippet:-1, max-image-preview:large, max-video-preview:-1\" \/>\n<link rel=\"canonical\" href=\"https:\/\/kunmedierne.dk\/thy\/i-uge-41-saetter-thy-fokus-paa-faellesskaber-for-sundheden\/\" \/>\n<meta property=\"og:locale\" content=\"da_DK\" \/>\n<meta property=\"og:type\" content=\"article\" \/>\n<meta property=\"og:title\" content=\"I uge 41 s\u00e6tter Thy fokus p\u00e5 f\u00e6llesskaber for sundheden - Thy\" \/>\n<meta property=\"og:description\" content=\"THY: I uge 41 s\u00e6ttes der fokus p\u00e5 f\u00e6llesskabet som et middel til at styrke fysisk og ikke mindst mental sundhed. &#8211; F\u00e6llesskaber beh\u00f8ver ikke n\u00f8dvendigvis at handle om fysisk aktivitet. Der er masser af andre ting, vi kan v\u00e6re f\u00e6lles om, sang for eksempel, siger Torben Overgaard, K, formand for Thisted Kommunes udvalg for [&hellip;]\" \/>\n<meta property=\"og:url\" content=\"https:\/\/kunmedierne.dk\/thy\/i-uge-41-saetter-thy-fokus-paa-faellesskaber-for-sundheden\/\" \/>\n<meta property=\"og:site_name\" content=\"Thy\" \/>\n<meta property=\"article:published_time\" content=\"2026-09-05T04:28:37+00:00\" \/>\n<meta property=\"og:image\" content=\"https:\/\/kunmedierne.dk\/thy\/wp-content\/uploads\/sites\/2\/2026\/06\/GrundlovAshoeje06-kopier.jpg\" \/>\n<meta name=\"author\" content=\"Jens Fogh Andersen\" \/>\n<meta name=\"twitter:card\" content=\"summary_large_image\" \/>\n<meta name=\"twitter:label1\" content=\"Skrevet af\" \/>\n\t<meta name=\"twitter:data1\" content=\"Jens Fogh Andersen\" \/>\n\t<meta name=\"twitter:label2\" content=\"Estimeret l\u00e6setid\" \/>\n\t<meta name=\"twitter:data2\" content=\"5 minutter\" \/>\n<script type=\"application\/ld+json\" class=\"yoast-schema-graph\">{\"@context\":\"https:\\\/\\\/schema.org\",\"@graph\":[{\"@type\":\"Article\",\"@id\":\"https:\\\/\\\/kunmedierne.dk\\\/thy\\\/i-uge-41-saetter-thy-fokus-paa-faellesskaber-for-sundheden\\\/#article\",\"isPartOf\":{\"@id\":\"https:\\\/\\\/kunmedierne.dk\\\/thy\\\/i-uge-41-saetter-thy-fokus-paa-faellesskaber-for-sundheden\\\/\"},\"author\":{\"name\":\"Jens Fogh Andersen\",\"@id\":\"https:\\\/\\\/kunmedierne.dk\\\/thy\\\/#\\\/schema\\\/person\\\/88f5be46809ca2a5533760eb574fef93\"},\"headline\":\"I uge 41 s\u00e6tter Thy fokus p\u00e5 f\u00e6llesskaber for sundheden\",\"datePublished\":\"2026-09-05T04:28:37+00:00\",\"mainEntityOfPage\":{\"@id\":\"https:\\\/\\\/kunmedierne.dk\\\/thy\\\/i-uge-41-saetter-thy-fokus-paa-faellesskaber-for-sundheden\\\/\"},\"wordCount\":854,\"publisher\":{\"@id\":\"https:\\\/\\\/kunmedierne.dk\\\/thy\\\/#organization\"},\"image\":{\"@id\":\"https:\\\/\\\/kunmedierne.dk\\\/thy\\\/i-uge-41-saetter-thy-fokus-paa-faellesskaber-for-sundheden\\\/#primaryimage\"},\"thumbnailUrl\":\"https:\\\/\\\/kunmedierne.dk\\\/thy\\\/wp-content\\\/uploads\\\/sites\\\/2\\\/2026\\\/06\\\/GrundlovAshoeje06-kopier.jpg\",\"keywords\":[\"Sundhed\"],\"articleSection\":[\"Lokalt\"],\"inLanguage\":\"da-DK\"},{\"@type\":\"WebPage\",\"@id\":\"https:\\\/\\\/kunmedierne.dk\\\/thy\\\/i-uge-41-saetter-thy-fokus-paa-faellesskaber-for-sundheden\\\/\",\"url\":\"https:\\\/\\\/kunmedierne.dk\\\/thy\\\/i-uge-41-saetter-thy-fokus-paa-faellesskaber-for-sundheden\\\/\",\"name\":\"I uge 41 s\u00e6tter Thy fokus p\u00e5 f\u00e6llesskaber for sundheden - Thy\",\"isPartOf\":{\"@id\":\"https:\\\/\\\/kunmedierne.dk\\\/thy\\\/#website\"},\"primaryImageOfPage\":{\"@id\":\"https:\\\/\\\/kunmedierne.dk\\\/thy\\\/i-uge-41-saetter-thy-fokus-paa-faellesskaber-for-sundheden\\\/#primaryimage\"},\"image\":{\"@id\":\"https:\\\/\\\/kunmedierne.dk\\\/thy\\\/i-uge-41-saetter-thy-fokus-paa-faellesskaber-for-sundheden\\\/#primaryimage\"},\"thumbnailUrl\":\"https:\\\/\\\/kunmedierne.dk\\\/thy\\\/wp-content\\\/uploads\\\/sites\\\/2\\\/2026\\\/06\\\/GrundlovAshoeje06-kopier.jpg\",\"datePublished\":\"2026-09-05T04:28:37+00:00\",\"breadcrumb\":{\"@id\":\"https:\\\/\\\/kunmedierne.dk\\\/thy\\\/i-uge-41-saetter-thy-fokus-paa-faellesskaber-for-sundheden\\\/#breadcrumb\"},\"inLanguage\":\"da-DK\",\"potentialAction\":[{\"@type\":\"ReadAction\",\"target\":[\"https:\\\/\\\/kunmedierne.dk\\\/thy\\\/i-uge-41-saetter-thy-fokus-paa-faellesskaber-for-sundheden\\\/\"]}]},{\"@type\":\"ImageObject\",\"inLanguage\":\"da-DK\",\"@id\":\"https:\\\/\\\/kunmedierne.dk\\\/thy\\\/i-uge-41-saetter-thy-fokus-paa-faellesskaber-for-sundheden\\\/#primaryimage\",\"url\":\"https:\\\/\\\/kunmedierne.dk\\\/thy\\\/wp-content\\\/uploads\\\/sites\\\/2\\\/2026\\\/06\\\/GrundlovAshoeje06-kopier.jpg\",\"contentUrl\":\"https:\\\/\\\/kunmedierne.dk\\\/thy\\\/wp-content\\\/uploads\\\/sites\\\/2\\\/2026\\\/06\\\/GrundlovAshoeje06-kopier.jpg\",\"width\":1632,\"height\":1084,\"caption\":\"Torben Overgaard, K grundlovsm\u00f8de p\u00e5 Ash\u00f8je Foto: Jens Fogh-Andersen 050626\"},{\"@type\":\"BreadcrumbList\",\"@id\":\"https:\\\/\\\/kunmedierne.dk\\\/thy\\\/i-uge-41-saetter-thy-fokus-paa-faellesskaber-for-sundheden\\\/#breadcrumb\",\"itemListElement\":[{\"@type\":\"ListItem\",\"position\":1,\"name\":\"Home\",\"item\":\"https:\\\/\\\/kunmedierne.dk\\\/thy\\\/\"},{\"@type\":\"ListItem\",\"position\":2,\"name\":\"I uge 41 s\u00e6tter Thy fokus p\u00e5 f\u00e6llesskaber for sundheden\"}]},{\"@type\":\"WebSite\",\"@id\":\"https:\\\/\\\/kunmedierne.dk\\\/thy\\\/#website\",\"url\":\"https:\\\/\\\/kunmedierne.dk\\\/thy\\\/\",\"name\":\"Thy\",\"description\":\"et netmedie med journalistik om livet i Thy\",\"publisher\":{\"@id\":\"https:\\\/\\\/kunmedierne.dk\\\/thy\\\/#organization\"},\"potentialAction\":[{\"@type\":\"SearchAction\",\"target\":{\"@type\":\"EntryPoint\",\"urlTemplate\":\"https:\\\/\\\/kunmedierne.dk\\\/thy\\\/?s={search_term_string}\"},\"query-input\":{\"@type\":\"PropertyValueSpecification\",\"valueRequired\":true,\"valueName\":\"search_term_string\"}}],\"inLanguage\":\"da-DK\"},{\"@type\":\"Organization\",\"@id\":\"https:\\\/\\\/kunmedierne.dk\\\/thy\\\/#organization\",\"name\":\"Thy\",\"url\":\"https:\\\/\\\/kunmedierne.dk\\\/thy\\\/\",\"logo\":{\"@type\":\"ImageObject\",\"inLanguage\":\"da-DK\",\"@id\":\"https:\\\/\\\/kunmedierne.dk\\\/thy\\\/#\\\/schema\\\/logo\\\/image\\\/\",\"url\":\"https:\\\/\\\/kunmedierne.dk\\\/thy\\\/wp-content\\\/uploads\\\/sites\\\/2\\\/2025\\\/04\\\/kunthy-logo.svg\",\"contentUrl\":\"https:\\\/\\\/kunmedierne.dk\\\/thy\\\/wp-content\\\/uploads\\\/sites\\\/2\\\/2025\\\/04\\\/kunthy-logo.svg\",\"caption\":\"Thy\"},\"image\":{\"@id\":\"https:\\\/\\\/kunmedierne.dk\\\/thy\\\/#\\\/schema\\\/logo\\\/image\\\/\"}},{\"@type\":\"Person\",\"@id\":\"https:\\\/\\\/kunmedierne.dk\\\/thy\\\/#\\\/schema\\\/person\\\/88f5be46809ca2a5533760eb574fef93\",\"name\":\"Jens Fogh Andersen\",\"image\":{\"@type\":\"ImageObject\",\"inLanguage\":\"da-DK\",\"@id\":\"https:\\\/\\\/secure.gravatar.com\\\/avatar\\\/2b367a4ef139b1c41dccc9ee7af926b81f8b4cca3359772e86c7fd5ced26c0a3?s=96&d=mm&r=g\",\"url\":\"https:\\\/\\\/secure.gravatar.com\\\/avatar\\\/2b367a4ef139b1c41dccc9ee7af926b81f8b4cca3359772e86c7fd5ced26c0a3?s=96&d=mm&r=g\",\"contentUrl\":\"https:\\\/\\\/secure.gravatar.com\\\/avatar\\\/2b367a4ef139b1c41dccc9ee7af926b81f8b4cca3359772e86c7fd5ced26c0a3?s=96&d=mm&r=g\",\"caption\":\"Jens Fogh Andersen\"},\"url\":\"https:\\\/\\\/kunmedierne.dk\\\/thy\\\/author\\\/jfa\\\/\"}]}<\/script>\n<!-- \/ Yoast SEO plugin. -->","yoast_head_json":{"title":"I uge 41 s\u00e6tter Thy fokus p\u00e5 f\u00e6llesskaber for sundheden - Thy","robots":{"index":"index","follow":"follow","max-snippet":"max-snippet:-1","max-image-preview":"max-image-preview:large","max-video-preview":"max-video-preview:-1"},"canonical":"https:\/\/kunmedierne.dk\/thy\/i-uge-41-saetter-thy-fokus-paa-faellesskaber-for-sundheden\/","og_locale":"da_DK","og_type":"article","og_title":"I uge 41 s\u00e6tter Thy fokus p\u00e5 f\u00e6llesskaber for sundheden - Thy","og_description":"THY: I uge 41 s\u00e6ttes der fokus p\u00e5 f\u00e6llesskabet som et middel til at styrke fysisk og ikke mindst mental sundhed. &#8211; F\u00e6llesskaber beh\u00f8ver ikke n\u00f8dvendigvis at handle om fysisk aktivitet. Der er masser af andre ting, vi kan v\u00e6re f\u00e6lles om, sang for eksempel, siger Torben Overgaard, K, formand for Thisted Kommunes udvalg for [&hellip;]","og_url":"https:\/\/kunmedierne.dk\/thy\/i-uge-41-saetter-thy-fokus-paa-faellesskaber-for-sundheden\/","og_site_name":"Thy","article_published_time":"2026-09-05T04:28:37+00:00","og_image":[{"url":"https:\/\/kunmedierne.dk\/thy\/wp-content\/uploads\/sites\/2\/2026\/06\/GrundlovAshoeje06-kopier.jpg","type":"","width":"","height":""}],"author":"Jens Fogh Andersen","twitter_card":"summary_large_image","twitter_misc":{"Skrevet af":"Jens Fogh Andersen","Estimeret l\u00e6setid":"5 minutter"},"schema":{"@context":"https:\/\/schema.org","@graph":[{"@type":"Article","@id":"https:\/\/kunmedierne.dk\/thy\/i-uge-41-saetter-thy-fokus-paa-faellesskaber-for-sundheden\/#article","isPartOf":{"@id":"https:\/\/kunmedierne.dk\/thy\/i-uge-41-saetter-thy-fokus-paa-faellesskaber-for-sundheden\/"},"author":{"name":"Jens Fogh Andersen","@id":"https:\/\/kunmedierne.dk\/thy\/#\/schema\/person\/88f5be46809ca2a5533760eb574fef93"},"headline":"I uge 41 s\u00e6tter Thy fokus p\u00e5 f\u00e6llesskaber for sundheden","datePublished":"2026-09-05T04:28:37+00:00","mainEntityOfPage":{"@id":"https:\/\/kunmedierne.dk\/thy\/i-uge-41-saetter-thy-fokus-paa-faellesskaber-for-sundheden\/"},"wordCount":854,"publisher":{"@id":"https:\/\/kunmedierne.dk\/thy\/#organization"},"image":{"@id":"https:\/\/kunmedierne.dk\/thy\/i-uge-41-saetter-thy-fokus-paa-faellesskaber-for-sundheden\/#primaryimage"},"thumbnailUrl":"https:\/\/kunmedierne.dk\/thy\/wp-content\/uploads\/sites\/2\/2026\/06\/GrundlovAshoeje06-kopier.jpg","keywords":["Sundhed"],"articleSection":["Lokalt"],"inLanguage":"da-DK"},{"@type":"WebPage","@id":"https:\/\/kunmedierne.dk\/thy\/i-uge-41-saetter-thy-fokus-paa-faellesskaber-for-sundheden\/","url":"https:\/\/kunmedierne.dk\/thy\/i-uge-41-saetter-thy-fokus-paa-faellesskaber-for-sundheden\/","name":"I uge 41 s\u00e6tter Thy fokus p\u00e5 f\u00e6llesskaber for sundheden - Thy","isPartOf":{"@id":"https:\/\/kunmedierne.dk\/thy\/#website"},"primaryImageOfPage":{"@id":"https:\/\/kunmedierne.dk\/thy\/i-uge-41-saetter-thy-fokus-paa-faellesskaber-for-sundheden\/#primaryimage"},"image":{"@id":"https:\/\/kunmedierne.dk\/thy\/i-uge-41-saetter-thy-fokus-paa-faellesskaber-for-sundheden\/#primaryimage"},"thumbnailUrl":"https:\/\/kunmedierne.dk\/thy\/wp-content\/uploads\/sites\/2\/2026\/06\/GrundlovAshoeje06-kopier.jpg","datePublished":"2026-09-05T04:28:37+00:00","breadcrumb":{"@id":"https:\/\/kunmedierne.dk\/thy\/i-uge-41-saetter-thy-fokus-paa-faellesskaber-for-sundheden\/#breadcrumb"},"inLanguage":"da-DK","potentialAction":[{"@type":"ReadAction","target":["https:\/\/kunmedierne.dk\/thy\/i-uge-41-saetter-thy-fokus-paa-faellesskaber-for-sundheden\/"]}]},{"@type":"ImageObject","inLanguage":"da-DK","@id":"https:\/\/kunmedierne.dk\/thy\/i-uge-41-saetter-thy-fokus-paa-faellesskaber-for-sundheden\/#primaryimage","url":"https:\/\/kunmedierne.dk\/thy\/wp-content\/uploads\/sites\/2\/2026\/06\/GrundlovAshoeje06-kopier.jpg","contentUrl":"https:\/\/kunmedierne.dk\/thy\/wp-content\/uploads\/sites\/2\/2026\/06\/GrundlovAshoeje06-kopier.jpg","width":1632,"height":1084,"caption":"Torben Overgaard, K grundlovsm\u00f8de p\u00e5 Ash\u00f8je Foto: Jens Fogh-Andersen 050626"},{"@type":"BreadcrumbList","@id":"https:\/\/kunmedierne.dk\/thy\/i-uge-41-saetter-thy-fokus-paa-faellesskaber-for-sundheden\/#breadcrumb","itemListElement":[{"@type":"ListItem","position":1,"name":"Home","item":"https:\/\/kunmedierne.dk\/thy\/"},{"@type":"ListItem","position":2,"name":"I uge 41 s\u00e6tter Thy fokus p\u00e5 f\u00e6llesskaber for sundheden"}]},{"@type":"WebSite","@id":"https:\/\/kunmedierne.dk\/thy\/#website","url":"https:\/\/kunmedierne.dk\/thy\/","name":"Thy","description":"et netmedie med journalistik om livet i Thy","publisher":{"@id":"https:\/\/kunmedierne.dk\/thy\/#organization"},"potentialAction":[{"@type":"SearchAction","target":{"@type":"EntryPoint","urlTemplate":"https:\/\/kunmedierne.dk\/thy\/?s={search_term_string}"},"query-input":{"@type":"PropertyValueSpecification","valueRequired":true,"valueName":"search_term_string"}}],"inLanguage":"da-DK"},{"@type":"Organization","@id":"https:\/\/kunmedierne.dk\/thy\/#organization","name":"Thy","url":"https:\/\/kunmedierne.dk\/thy\/","logo":{"@type":"ImageObject","inLanguage":"da-DK","@id":"https:\/\/kunmedierne.dk\/thy\/#\/schema\/logo\/image\/","url":"https:\/\/kunmedierne.dk\/thy\/wp-content\/uploads\/sites\/2\/2025\/04\/kunthy-logo.svg","contentUrl":"https:\/\/kunmedierne.dk\/thy\/wp-content\/uploads\/sites\/2\/2025\/04\/kunthy-logo.svg","caption":"Thy"},"image":{"@id":"https:\/\/kunmedierne.dk\/thy\/#\/schema\/logo\/image\/"}},{"@type":"Person","@id":"https:\/\/kunmedierne.dk\/thy\/#\/schema\/person\/88f5be46809ca2a5533760eb574fef93","name":"Jens Fogh Andersen","image":{"@type":"ImageObject","inLanguage":"da-DK","@id":"https:\/\/secure.gravatar.com\/avatar\/2b367a4ef139b1c41dccc9ee7af926b81f8b4cca3359772e86c7fd5ced26c0a3?s=96&d=mm&r=g","url":"https:\/\/secure.gravatar.com\/avatar\/2b367a4ef139b1c41dccc9ee7af926b81f8b4cca3359772e86c7fd5ced26c0a3?s=96&d=mm&r=g","contentUrl":"https:\/\/secure.gravatar.com\/avatar\/2b367a4ef139b1c41dccc9ee7af926b81f8b4cca3359772e86c7fd5ced26c0a3?s=96&d=mm&r=g","caption":"Jens Fogh Andersen"},"url":"https:\/\/kunmedierne.dk\/thy\/author\/jfa\/"}]}},"_links":{"self":[{"href":"https:\/\/kunmedierne.dk\/thy\/wp-json\/wp\/v2\/posts\/26829","targetHints":{"allow":["GET"]}}],"collection":[{"href":"https:\/\/kunmedierne.dk\/thy\/wp-json\/wp\/v2\/posts"}],"about":[{"href":"https:\/\/kunmedierne.dk\/thy\/wp-json\/wp\/v2\/types\/post"}],"author":[{"embeddable":true,"href":"https:\/\/kunmedierne.dk\/thy\/wp-json\/wp\/v2\/users\/4535"}],"replies":[{"embeddable":true,"href":"https:\/\/kunmedierne.dk\/thy\/wp-json\/wp\/v2\/comments?post=26829"}],"version-history":[{"count":6,"href":"https:\/\/kunmedierne.dk\/thy\/wp-json\/wp\/v2\/posts\/26829\/revisions"}],"predecessor-version":[{"id":26854,"href":"https:\/\/kunmedierne.dk\/thy\/wp-json\/wp\/v2\/posts\/26829\/revisions\/26854"}],"wp:attachment":[{"href":"https:\/\/kunmedierne.dk\/thy\/wp-json\/wp\/v2\/media?parent=26829"}],"wp:term":[{"taxonomy":"category","embeddable":true,"href":"https:\/\/kunmedierne.dk\/thy\/wp-json\/wp\/v2\/categories?post=26829"},{"taxonomy":"post_tag","embeddable":true,"href":"https:\/\/kunmedierne.dk\/thy\/wp-json\/wp\/v2\/tags?post=26829"}],"curies":[{"name":"wp","href":"https:\/\/api.w.org\/{rel}","templated":true}]}}