{"id":26790,"date":"2026-09-03T17:50:00","date_gmt":"2026-09-03T15:50:00","guid":{"rendered":"https:\/\/kunmedierne.dk\/thy\/?p=26790"},"modified":"2026-09-03T15:50:16","modified_gmt":"2026-09-03T13:50:16","slug":"ulstrup-rock-gammel-herregaard-danner-atter-ramme-om-musikfestival","status":"publish","type":"post","link":"https:\/\/kunmedierne.dk\/thy\/ulstrup-rock-gammel-herregaard-danner-atter-ramme-om-musikfestival\/","title":{"rendered":"<span>Ulstrup Rock<\/span>: Gammel herreg\u00e5rd danner atter ramme om musikfestival"},"content":{"rendered":"<p><strong>HUNDBORG<\/strong>: &#8211; Det har grebet lidt om sig.<\/p>\n<p>S\u00e5dan lyder det fra Nicolaj J\u00f8rgensen, n\u00e5r han skal beskrive, hvordan Ulstrup Rock har udviklet sig de senere \u00e5r.<\/p>\n<p>Nicolaj J\u00f8rgensen driver Moseg\u00e5rd Landbrug og er indehaver af Ulstrup Hovedgaard, der ligger mellem Hundborg og Snedsted ud til R\u00f8de Anesvej. Det er derfor ogs\u00e5 naturligt ham, der er tovholder for festivalen og alle de forberedelser, der knytter sig hertil.<\/p>\n<a class=\"dvrt-link\" onClick=\"cdmtrack_click(685,jQuery(this));return false\" href=\"https:\/\/wensien.dk\/begravelse\/?gad_source=1&gclid=Cj0KCQjwtJ6_BhDWARIsAGanmKcWw6hbeoepGti1oApJGHln52gMbg8EBRZ86__3P1AJZ5dcsw4ZvNEaAk7JEALw_wcB\"><img decoding=\"async\" style=\"width:100%;\" src=\"https:\/\/kunmedierne.dk\/thy\/wp-content\/uploads\/sites\/2\/2025\/03\/wensien-stenhugger.jpg\"><\/a><script>cdmtrack_view(685);<\/script>\n<p>Ulstrup Hovedgaard var engang en betydelig g\u00e5rd med stort hushold, men de seneste \u00e5rtier uden landbrugsaktivitet og beboere har betydet, at de fleste af g\u00e5rdens bygninger nu er revet ned.<\/p>\n<p>Men til geng\u00e6ld har g\u00e5rdspladsen vist sig at v\u00e6re en ideel ramme om en rockfestival, der siden slutningen af 2010&#8217;erne har v\u00e6ret holdt hvert \u00e5r med det samme \u00e6dle form\u00e5l: At skabe Thys billigste musikfestival.<\/p>\n<p>&#8211; Entrebilletten til alle andre festivaler er steget, men vi fors\u00f8ger at holde vores p\u00e5 et niveau, hvor alle kan v\u00e6re med, siger Nicolaj J\u00f8rgensen.<\/p>\n<a class=\"dvrt-link\" onClick=\"cdmtrack_click(18790,jQuery(this));return false\" href=\"https:\/\/thymors.dk\/for-lokalsamfundet\/sponsorater\/?utm_source=kunthy&amp;utm_medium=annonce&amp;utm_campaign=sponsorater\"><img decoding=\"async\" style=\"width:100%;\" src=\"https:\/\/kunmedierne.dk\/thy\/wp-content\/uploads\/sites\/2\/2026\/03\/260903ThyMorsfaellesskab-2_-1.gif\"><\/a><script>cdmtrack_view(18790);<\/script>\n<p>Har man k\u00f8bt billet p\u00e5 forh\u00e5nd er prisen 75 kroner og ellers er det 100 kroner ved indgangen. Men s\u00e5 er der ogs\u00e5 adgang til et rigt musikprogram, der str\u00e6kker sig over 11 timer p\u00e5 l\u00f8rdag.<\/p>\n<p><img loading=\"lazy\" decoding=\"async\" class=\"alignnone wp-image-26806 size-full\" src=\"https:\/\/kunmedierne.dk\/thy\/wp-content\/uploads\/sites\/2\/2026\/09\/Unavngivet-1232-x-802-px-1232-x-802-px-61.jpg\" alt=\"\" width=\"1232\" height=\"802\" srcset=\"https:\/\/kunmedierne.dk\/thy\/wp-content\/uploads\/sites\/2\/2026\/09\/Unavngivet-1232-x-802-px-1232-x-802-px-61.jpg 1232w, https:\/\/kunmedierne.dk\/thy\/wp-content\/uploads\/sites\/2\/2026\/09\/Unavngivet-1232-x-802-px-1232-x-802-px-61-300x195.jpg 300w, https:\/\/kunmedierne.dk\/thy\/wp-content\/uploads\/sites\/2\/2026\/09\/Unavngivet-1232-x-802-px-1232-x-802-px-61-1024x667.jpg 1024w, https:\/\/kunmedierne.dk\/thy\/wp-content\/uploads\/sites\/2\/2026\/09\/Unavngivet-1232-x-802-px-1232-x-802-px-61-510x332.jpg 510w\" sizes=\"auto, (max-width: 1232px) 100vw, 1232px\" \/><\/p>\n<p>Indf\u00f8relsen af gratis bustransport fra Thisted, Hanstholm, Nyk\u00f8bing og H\u00f8rdum til Ulstrup &#8211; og retur ved midnat &#8211; har efter Nikolaj J\u00f8rgensens mening v\u00e6ret afg\u00f8rende for, at Ulstrup Rock har f\u00e5et et st\u00f8rre publikum.<\/p>\n<p>&#8211; Sidste \u00e5r havde vi t\u00e6t p\u00e5 500 g\u00e6ster. Det betyder meget for mange, at de har en sikkerhed for at komme hjem, pointerer han.<\/p>\n<a class=\"dvrt-link\" onClick=\"cdmtrack_click(685,jQuery(this));return false\" href=\"https:\/\/wensien.dk\/begravelse\/?gad_source=1&gclid=Cj0KCQjwtJ6_BhDWARIsAGanmKcWw6hbeoepGti1oApJGHln52gMbg8EBRZ86__3P1AJZ5dcsw4ZvNEaAk7JEALw_wcB\"><img decoding=\"async\" style=\"width:100%;\" src=\"https:\/\/kunmedierne.dk\/thy\/wp-content\/uploads\/sites\/2\/2025\/03\/wensien-stenhugger.jpg\"><\/a><script>cdmtrack_view(685);<\/script>\n<p>Overskuddet fra Ulstrup Rock g\u00e5r til Engg\u00e5rdens Venner. Sidste \u00e5r blev der overrakt 75.000 kroner til foreningen, der dermed har lidt midler til udflugter, juleaften og nyt\u00e5rsaften for nogle af de s\u00e5rbare mennesker, der enten bor p\u00e5 Engg\u00e5rden eller har et STU-forl\u00f8b her.<\/p>\n<p>&#8211; Det er fedt at vi kan bidrage til nogle gode oplevelser, siger Nikolaj J\u00f8rgensen.<\/p>\n<p>Omkring 25-30 frivillige bidrager med timer f\u00f8r, under og efter musikfestivalen.<\/p>\n<p>&nbsp;<\/p>\n","protected":false},"excerpt":{"rendered":"<p>HUNDBORG: &#8211; Det har grebet lidt om sig. S\u00e5dan lyder det fra Nicolaj J\u00f8rgensen, n\u00e5r han skal beskrive, hvordan Ulstrup Rock har udviklet sig de senere \u00e5r. Nicolaj J\u00f8rgensen driver Moseg\u00e5rd Landbrug og er indehaver af Ulstrup Hovedgaard, der ligger mellem Hundborg og Snedsted ud til R\u00f8de Anesvej. Det er derfor ogs\u00e5 naturligt ham, der [&hellip;]<\/p>\n","protected":false},"author":1925,"featured_media":0,"comment_status":"closed","ping_status":"closed","sticky":false,"template":"","format":"standard","meta":{"_acf_changed":false,"footnotes":""},"categories":[21],"tags":[],"class_list":["post-26790","post","type-post","status-publish","format-standard","hentry","category-kultur"],"acf":[],"yoast_head":"<!-- This site is optimized with the Yoast SEO plugin v27.7 - https:\/\/yoast.com\/product\/yoast-seo-wordpress\/ -->\n<title>Ulstrup Rock: Gammel herreg\u00e5rd danner atter ramme om musikfestival - Thy<\/title>\n<meta name=\"robots\" content=\"index, follow, max-snippet:-1, max-image-preview:large, max-video-preview:-1\" \/>\n<link rel=\"canonical\" href=\"https:\/\/kunmedierne.dk\/thy\/ulstrup-rock-gammel-herregaard-danner-atter-ramme-om-musikfestival\/\" \/>\n<meta property=\"og:locale\" content=\"da_DK\" \/>\n<meta property=\"og:type\" content=\"article\" \/>\n<meta property=\"og:title\" content=\"Ulstrup Rock: Gammel herreg\u00e5rd danner atter ramme om musikfestival - Thy\" \/>\n<meta property=\"og:description\" content=\"HUNDBORG: &#8211; Det har grebet lidt om sig. S\u00e5dan lyder det fra Nicolaj J\u00f8rgensen, n\u00e5r han skal beskrive, hvordan Ulstrup Rock har udviklet sig de senere \u00e5r. Nicolaj J\u00f8rgensen driver Moseg\u00e5rd Landbrug og er indehaver af Ulstrup Hovedgaard, der ligger mellem Hundborg og Snedsted ud til R\u00f8de Anesvej. Det er derfor ogs\u00e5 naturligt ham, der [&hellip;]\" \/>\n<meta property=\"og:url\" content=\"https:\/\/kunmedierne.dk\/thy\/ulstrup-rock-gammel-herregaard-danner-atter-ramme-om-musikfestival\/\" \/>\n<meta property=\"og:site_name\" content=\"Thy\" \/>\n<meta property=\"article:published_time\" content=\"2026-09-03T15:50:00+00:00\" \/>\n<meta property=\"og:image\" content=\"https:\/\/kunmedierne.dk\/thy\/wp-content\/uploads\/sites\/2\/2026\/09\/Unavngivet-1232-x-802-px-1232-x-802-px-61.jpg\" \/>\n<meta name=\"author\" content=\"Lone L\u00e6rke Krog\" \/>\n<meta name=\"twitter:card\" content=\"summary_large_image\" \/>\n<meta name=\"twitter:label1\" content=\"Skrevet af\" \/>\n\t<meta name=\"twitter:data1\" content=\"Lone L\u00e6rke Krog\" \/>\n\t<meta name=\"twitter:label2\" content=\"Estimeret l\u00e6setid\" \/>\n\t<meta name=\"twitter:data2\" content=\"2 minutter\" \/>\n<script type=\"application\/ld+json\" class=\"yoast-schema-graph\">{\"@context\":\"https:\\\/\\\/schema.org\",\"@graph\":[{\"@type\":\"Article\",\"@id\":\"https:\\\/\\\/kunmedierne.dk\\\/thy\\\/ulstrup-rock-gammel-herregaard-danner-atter-ramme-om-musikfestival\\\/#article\",\"isPartOf\":{\"@id\":\"https:\\\/\\\/kunmedierne.dk\\\/thy\\\/ulstrup-rock-gammel-herregaard-danner-atter-ramme-om-musikfestival\\\/\"},\"author\":{\"name\":\"Lone L\u00e6rke Krog\",\"@id\":\"https:\\\/\\\/kunmedierne.dk\\\/thy\\\/#\\\/schema\\\/person\\\/d266634ba6550d075ecf540d63b245d2\"},\"headline\":\"Ulstrup Rock: Gammel herreg\u00e5rd danner atter ramme om musikfestival\",\"datePublished\":\"2026-09-03T15:50:00+00:00\",\"mainEntityOfPage\":{\"@id\":\"https:\\\/\\\/kunmedierne.dk\\\/thy\\\/ulstrup-rock-gammel-herregaard-danner-atter-ramme-om-musikfestival\\\/\"},\"wordCount\":371,\"publisher\":{\"@id\":\"https:\\\/\\\/kunmedierne.dk\\\/thy\\\/#organization\"},\"image\":{\"@id\":\"https:\\\/\\\/kunmedierne.dk\\\/thy\\\/ulstrup-rock-gammel-herregaard-danner-atter-ramme-om-musikfestival\\\/#primaryimage\"},\"thumbnailUrl\":\"https:\\\/\\\/kunmedierne.dk\\\/thy\\\/wp-content\\\/uploads\\\/sites\\\/2\\\/2026\\\/09\\\/Unavngivet-1232-x-802-px-1232-x-802-px-61.jpg\",\"articleSection\":[\"Kultur\"],\"inLanguage\":\"da-DK\"},{\"@type\":\"WebPage\",\"@id\":\"https:\\\/\\\/kunmedierne.dk\\\/thy\\\/ulstrup-rock-gammel-herregaard-danner-atter-ramme-om-musikfestival\\\/\",\"url\":\"https:\\\/\\\/kunmedierne.dk\\\/thy\\\/ulstrup-rock-gammel-herregaard-danner-atter-ramme-om-musikfestival\\\/\",\"name\":\"Ulstrup Rock: Gammel herreg\u00e5rd danner atter ramme om musikfestival - Thy\",\"isPartOf\":{\"@id\":\"https:\\\/\\\/kunmedierne.dk\\\/thy\\\/#website\"},\"primaryImageOfPage\":{\"@id\":\"https:\\\/\\\/kunmedierne.dk\\\/thy\\\/ulstrup-rock-gammel-herregaard-danner-atter-ramme-om-musikfestival\\\/#primaryimage\"},\"image\":{\"@id\":\"https:\\\/\\\/kunmedierne.dk\\\/thy\\\/ulstrup-rock-gammel-herregaard-danner-atter-ramme-om-musikfestival\\\/#primaryimage\"},\"thumbnailUrl\":\"https:\\\/\\\/kunmedierne.dk\\\/thy\\\/wp-content\\\/uploads\\\/sites\\\/2\\\/2026\\\/09\\\/Unavngivet-1232-x-802-px-1232-x-802-px-61.jpg\",\"datePublished\":\"2026-09-03T15:50:00+00:00\",\"breadcrumb\":{\"@id\":\"https:\\\/\\\/kunmedierne.dk\\\/thy\\\/ulstrup-rock-gammel-herregaard-danner-atter-ramme-om-musikfestival\\\/#breadcrumb\"},\"inLanguage\":\"da-DK\",\"potentialAction\":[{\"@type\":\"ReadAction\",\"target\":[\"https:\\\/\\\/kunmedierne.dk\\\/thy\\\/ulstrup-rock-gammel-herregaard-danner-atter-ramme-om-musikfestival\\\/\"]}]},{\"@type\":\"ImageObject\",\"inLanguage\":\"da-DK\",\"@id\":\"https:\\\/\\\/kunmedierne.dk\\\/thy\\\/ulstrup-rock-gammel-herregaard-danner-atter-ramme-om-musikfestival\\\/#primaryimage\",\"url\":\"https:\\\/\\\/kunmedierne.dk\\\/thy\\\/wp-content\\\/uploads\\\/sites\\\/2\\\/2026\\\/09\\\/Unavngivet-1232-x-802-px-1232-x-802-px-61.jpg\",\"contentUrl\":\"https:\\\/\\\/kunmedierne.dk\\\/thy\\\/wp-content\\\/uploads\\\/sites\\\/2\\\/2026\\\/09\\\/Unavngivet-1232-x-802-px-1232-x-802-px-61.jpg\",\"width\":1232,\"height\":802},{\"@type\":\"BreadcrumbList\",\"@id\":\"https:\\\/\\\/kunmedierne.dk\\\/thy\\\/ulstrup-rock-gammel-herregaard-danner-atter-ramme-om-musikfestival\\\/#breadcrumb\",\"itemListElement\":[{\"@type\":\"ListItem\",\"position\":1,\"name\":\"Home\",\"item\":\"https:\\\/\\\/kunmedierne.dk\\\/thy\\\/\"},{\"@type\":\"ListItem\",\"position\":2,\"name\":\"Ulstrup Rock: Gammel herreg\u00e5rd danner atter ramme om musikfestival\"}]},{\"@type\":\"WebSite\",\"@id\":\"https:\\\/\\\/kunmedierne.dk\\\/thy\\\/#website\",\"url\":\"https:\\\/\\\/kunmedierne.dk\\\/thy\\\/\",\"name\":\"Thy\",\"description\":\"et netmedie med journalistik om livet i Thy\",\"publisher\":{\"@id\":\"https:\\\/\\\/kunmedierne.dk\\\/thy\\\/#organization\"},\"potentialAction\":[{\"@type\":\"SearchAction\",\"target\":{\"@type\":\"EntryPoint\",\"urlTemplate\":\"https:\\\/\\\/kunmedierne.dk\\\/thy\\\/?s={search_term_string}\"},\"query-input\":{\"@type\":\"PropertyValueSpecification\",\"valueRequired\":true,\"valueName\":\"search_term_string\"}}],\"inLanguage\":\"da-DK\"},{\"@type\":\"Organization\",\"@id\":\"https:\\\/\\\/kunmedierne.dk\\\/thy\\\/#organization\",\"name\":\"Thy\",\"url\":\"https:\\\/\\\/kunmedierne.dk\\\/thy\\\/\",\"logo\":{\"@type\":\"ImageObject\",\"inLanguage\":\"da-DK\",\"@id\":\"https:\\\/\\\/kunmedierne.dk\\\/thy\\\/#\\\/schema\\\/logo\\\/image\\\/\",\"url\":\"https:\\\/\\\/kunmedierne.dk\\\/thy\\\/wp-content\\\/uploads\\\/sites\\\/2\\\/2025\\\/04\\\/kunthy-logo.svg\",\"contentUrl\":\"https:\\\/\\\/kunmedierne.dk\\\/thy\\\/wp-content\\\/uploads\\\/sites\\\/2\\\/2025\\\/04\\\/kunthy-logo.svg\",\"caption\":\"Thy\"},\"image\":{\"@id\":\"https:\\\/\\\/kunmedierne.dk\\\/thy\\\/#\\\/schema\\\/logo\\\/image\\\/\"}},{\"@type\":\"Person\",\"@id\":\"https:\\\/\\\/kunmedierne.dk\\\/thy\\\/#\\\/schema\\\/person\\\/d266634ba6550d075ecf540d63b245d2\",\"name\":\"Lone L\u00e6rke Krog\",\"image\":{\"@type\":\"ImageObject\",\"inLanguage\":\"da-DK\",\"@id\":\"https:\\\/\\\/secure.gravatar.com\\\/avatar\\\/496ddc7080e56b4ac64cfd4e56bd6d1ee396fa3db1923aa22f11346f60bb135b?s=96&d=mm&r=g\",\"url\":\"https:\\\/\\\/secure.gravatar.com\\\/avatar\\\/496ddc7080e56b4ac64cfd4e56bd6d1ee396fa3db1923aa22f11346f60bb135b?s=96&d=mm&r=g\",\"contentUrl\":\"https:\\\/\\\/secure.gravatar.com\\\/avatar\\\/496ddc7080e56b4ac64cfd4e56bd6d1ee396fa3db1923aa22f11346f60bb135b?s=96&d=mm&r=g\",\"caption\":\"Lone L\u00e6rke Krog\"},\"url\":\"https:\\\/\\\/kunmedierne.dk\\\/thy\\\/author\\\/llk\\\/\"}]}<\/script>\n<!-- \/ Yoast SEO plugin. -->","yoast_head_json":{"title":"Ulstrup Rock: Gammel herreg\u00e5rd danner atter ramme om musikfestival - Thy","robots":{"index":"index","follow":"follow","max-snippet":"max-snippet:-1","max-image-preview":"max-image-preview:large","max-video-preview":"max-video-preview:-1"},"canonical":"https:\/\/kunmedierne.dk\/thy\/ulstrup-rock-gammel-herregaard-danner-atter-ramme-om-musikfestival\/","og_locale":"da_DK","og_type":"article","og_title":"Ulstrup Rock: Gammel herreg\u00e5rd danner atter ramme om musikfestival - Thy","og_description":"HUNDBORG: &#8211; Det har grebet lidt om sig. S\u00e5dan lyder det fra Nicolaj J\u00f8rgensen, n\u00e5r han skal beskrive, hvordan Ulstrup Rock har udviklet sig de senere \u00e5r. Nicolaj J\u00f8rgensen driver Moseg\u00e5rd Landbrug og er indehaver af Ulstrup Hovedgaard, der ligger mellem Hundborg og Snedsted ud til R\u00f8de Anesvej. Det er derfor ogs\u00e5 naturligt ham, der [&hellip;]","og_url":"https:\/\/kunmedierne.dk\/thy\/ulstrup-rock-gammel-herregaard-danner-atter-ramme-om-musikfestival\/","og_site_name":"Thy","article_published_time":"2026-09-03T15:50:00+00:00","og_image":[{"url":"https:\/\/kunmedierne.dk\/thy\/wp-content\/uploads\/sites\/2\/2026\/09\/Unavngivet-1232-x-802-px-1232-x-802-px-61.jpg","type":"","width":"","height":""}],"author":"Lone L\u00e6rke Krog","twitter_card":"summary_large_image","twitter_misc":{"Skrevet af":"Lone L\u00e6rke Krog","Estimeret l\u00e6setid":"2 minutter"},"schema":{"@context":"https:\/\/schema.org","@graph":[{"@type":"Article","@id":"https:\/\/kunmedierne.dk\/thy\/ulstrup-rock-gammel-herregaard-danner-atter-ramme-om-musikfestival\/#article","isPartOf":{"@id":"https:\/\/kunmedierne.dk\/thy\/ulstrup-rock-gammel-herregaard-danner-atter-ramme-om-musikfestival\/"},"author":{"name":"Lone L\u00e6rke Krog","@id":"https:\/\/kunmedierne.dk\/thy\/#\/schema\/person\/d266634ba6550d075ecf540d63b245d2"},"headline":"Ulstrup Rock: Gammel herreg\u00e5rd danner atter ramme om musikfestival","datePublished":"2026-09-03T15:50:00+00:00","mainEntityOfPage":{"@id":"https:\/\/kunmedierne.dk\/thy\/ulstrup-rock-gammel-herregaard-danner-atter-ramme-om-musikfestival\/"},"wordCount":371,"publisher":{"@id":"https:\/\/kunmedierne.dk\/thy\/#organization"},"image":{"@id":"https:\/\/kunmedierne.dk\/thy\/ulstrup-rock-gammel-herregaard-danner-atter-ramme-om-musikfestival\/#primaryimage"},"thumbnailUrl":"https:\/\/kunmedierne.dk\/thy\/wp-content\/uploads\/sites\/2\/2026\/09\/Unavngivet-1232-x-802-px-1232-x-802-px-61.jpg","articleSection":["Kultur"],"inLanguage":"da-DK"},{"@type":"WebPage","@id":"https:\/\/kunmedierne.dk\/thy\/ulstrup-rock-gammel-herregaard-danner-atter-ramme-om-musikfestival\/","url":"https:\/\/kunmedierne.dk\/thy\/ulstrup-rock-gammel-herregaard-danner-atter-ramme-om-musikfestival\/","name":"Ulstrup Rock: Gammel herreg\u00e5rd danner atter ramme om musikfestival - Thy","isPartOf":{"@id":"https:\/\/kunmedierne.dk\/thy\/#website"},"primaryImageOfPage":{"@id":"https:\/\/kunmedierne.dk\/thy\/ulstrup-rock-gammel-herregaard-danner-atter-ramme-om-musikfestival\/#primaryimage"},"image":{"@id":"https:\/\/kunmedierne.dk\/thy\/ulstrup-rock-gammel-herregaard-danner-atter-ramme-om-musikfestival\/#primaryimage"},"thumbnailUrl":"https:\/\/kunmedierne.dk\/thy\/wp-content\/uploads\/sites\/2\/2026\/09\/Unavngivet-1232-x-802-px-1232-x-802-px-61.jpg","datePublished":"2026-09-03T15:50:00+00:00","breadcrumb":{"@id":"https:\/\/kunmedierne.dk\/thy\/ulstrup-rock-gammel-herregaard-danner-atter-ramme-om-musikfestival\/#breadcrumb"},"inLanguage":"da-DK","potentialAction":[{"@type":"ReadAction","target":["https:\/\/kunmedierne.dk\/thy\/ulstrup-rock-gammel-herregaard-danner-atter-ramme-om-musikfestival\/"]}]},{"@type":"ImageObject","inLanguage":"da-DK","@id":"https:\/\/kunmedierne.dk\/thy\/ulstrup-rock-gammel-herregaard-danner-atter-ramme-om-musikfestival\/#primaryimage","url":"https:\/\/kunmedierne.dk\/thy\/wp-content\/uploads\/sites\/2\/2026\/09\/Unavngivet-1232-x-802-px-1232-x-802-px-61.jpg","contentUrl":"https:\/\/kunmedierne.dk\/thy\/wp-content\/uploads\/sites\/2\/2026\/09\/Unavngivet-1232-x-802-px-1232-x-802-px-61.jpg","width":1232,"height":802},{"@type":"BreadcrumbList","@id":"https:\/\/kunmedierne.dk\/thy\/ulstrup-rock-gammel-herregaard-danner-atter-ramme-om-musikfestival\/#breadcrumb","itemListElement":[{"@type":"ListItem","position":1,"name":"Home","item":"https:\/\/kunmedierne.dk\/thy\/"},{"@type":"ListItem","position":2,"name":"Ulstrup Rock: Gammel herreg\u00e5rd danner atter ramme om musikfestival"}]},{"@type":"WebSite","@id":"https:\/\/kunmedierne.dk\/thy\/#website","url":"https:\/\/kunmedierne.dk\/thy\/","name":"Thy","description":"et netmedie med journalistik om livet i Thy","publisher":{"@id":"https:\/\/kunmedierne.dk\/thy\/#organization"},"potentialAction":[{"@type":"SearchAction","target":{"@type":"EntryPoint","urlTemplate":"https:\/\/kunmedierne.dk\/thy\/?s={search_term_string}"},"query-input":{"@type":"PropertyValueSpecification","valueRequired":true,"valueName":"search_term_string"}}],"inLanguage":"da-DK"},{"@type":"Organization","@id":"https:\/\/kunmedierne.dk\/thy\/#organization","name":"Thy","url":"https:\/\/kunmedierne.dk\/thy\/","logo":{"@type":"ImageObject","inLanguage":"da-DK","@id":"https:\/\/kunmedierne.dk\/thy\/#\/schema\/logo\/image\/","url":"https:\/\/kunmedierne.dk\/thy\/wp-content\/uploads\/sites\/2\/2025\/04\/kunthy-logo.svg","contentUrl":"https:\/\/kunmedierne.dk\/thy\/wp-content\/uploads\/sites\/2\/2025\/04\/kunthy-logo.svg","caption":"Thy"},"image":{"@id":"https:\/\/kunmedierne.dk\/thy\/#\/schema\/logo\/image\/"}},{"@type":"Person","@id":"https:\/\/kunmedierne.dk\/thy\/#\/schema\/person\/d266634ba6550d075ecf540d63b245d2","name":"Lone L\u00e6rke Krog","image":{"@type":"ImageObject","inLanguage":"da-DK","@id":"https:\/\/secure.gravatar.com\/avatar\/496ddc7080e56b4ac64cfd4e56bd6d1ee396fa3db1923aa22f11346f60bb135b?s=96&d=mm&r=g","url":"https:\/\/secure.gravatar.com\/avatar\/496ddc7080e56b4ac64cfd4e56bd6d1ee396fa3db1923aa22f11346f60bb135b?s=96&d=mm&r=g","contentUrl":"https:\/\/secure.gravatar.com\/avatar\/496ddc7080e56b4ac64cfd4e56bd6d1ee396fa3db1923aa22f11346f60bb135b?s=96&d=mm&r=g","caption":"Lone L\u00e6rke Krog"},"url":"https:\/\/kunmedierne.dk\/thy\/author\/llk\/"}]}},"_links":{"self":[{"href":"https:\/\/kunmedierne.dk\/thy\/wp-json\/wp\/v2\/posts\/26790","targetHints":{"allow":["GET"]}}],"collection":[{"href":"https:\/\/kunmedierne.dk\/thy\/wp-json\/wp\/v2\/posts"}],"about":[{"href":"https:\/\/kunmedierne.dk\/thy\/wp-json\/wp\/v2\/types\/post"}],"author":[{"embeddable":true,"href":"https:\/\/kunmedierne.dk\/thy\/wp-json\/wp\/v2\/users\/1925"}],"replies":[{"embeddable":true,"href":"https:\/\/kunmedierne.dk\/thy\/wp-json\/wp\/v2\/comments?post=26790"}],"version-history":[{"count":4,"href":"https:\/\/kunmedierne.dk\/thy\/wp-json\/wp\/v2\/posts\/26790\/revisions"}],"predecessor-version":[{"id":26808,"href":"https:\/\/kunmedierne.dk\/thy\/wp-json\/wp\/v2\/posts\/26790\/revisions\/26808"}],"wp:attachment":[{"href":"https:\/\/kunmedierne.dk\/thy\/wp-json\/wp\/v2\/media?parent=26790"}],"wp:term":[{"taxonomy":"category","embeddable":true,"href":"https:\/\/kunmedierne.dk\/thy\/wp-json\/wp\/v2\/categories?post=26790"},{"taxonomy":"post_tag","embeddable":true,"href":"https:\/\/kunmedierne.dk\/thy\/wp-json\/wp\/v2\/tags?post=26790"}],"curies":[{"name":"wp","href":"https:\/\/api.w.org\/{rel}","templated":true}]}}