{"id":26774,"date":"2026-09-03T13:14:05","date_gmt":"2026-09-03T11:14:05","guid":{"rendered":"https:\/\/kunmedierne.dk\/thy\/?p=26774"},"modified":"2026-09-03T13:14:05","modified_gmt":"2026-09-03T11:14:05","slug":"ny-udstilling-paa-det-nordatlantiske-fyr-undersoeger-naturen-efter-naturen","status":"publish","type":"post","link":"https:\/\/kunmedierne.dk\/thy\/ny-udstilling-paa-det-nordatlantiske-fyr-undersoeger-naturen-efter-naturen\/","title":{"rendered":"Ny udstilling p\u00e5 Det Nordatlantiske Fyr unders\u00f8ger naturen efter naturen"},"content":{"rendered":"<p><strong>HANSTHOLM:\u00a0<\/strong>Hvad sker der med vores forst\u00e5else af os selv, n\u00e5r naturen omkring os forandres? Hvordan forestiller vi os fremtidens livsformer i en verden pr\u00e6get af klimaforandringer og biodiversitetstab?<\/p>\n<p>Disse sp\u00f8rgsm\u00e5l er omdrejningspunktet for den nye udstilling <strong>Post Nature<\/strong>, der \u00e5bner p\u00e5 Det Nordatlantiske Fyr i Hanstholm l\u00f8rdag den 5. september kl. 14.00.<\/p>\n<a class=\"dvrt-link\" onClick=\"cdmtrack_click(7877,jQuery(this));return false\" href=\"https:\/\/kunmedierne.dk\/thy\/jobopslag-paa-kunthy-og-kunmors-bliver-vist-paa-begge-medier-til-samme-lave-pris\/\"><img decoding=\"async\" style=\"width:100%;\" src=\"https:\/\/kunmedierne.dk\/thy\/wp-content\/uploads\/sites\/2\/2025\/08\/jobannonce-kunmedierne.jpg\"><\/a><script>cdmtrack_view(7877);<\/script>\n<p>Det fremg\u00e5r af en pressemeddelelse, at\u00a0<em>Post Nature er et tv\u00e6rfagligt kunst- og vidensprojekt, skabt i samarbejde mellem Det Nordatlantiske Fyr, Nationalpark Thy, Aalborg Universitet og kunstnerforeningen Papatos.<\/em><\/p>\n<p>Projektet tager afs\u00e6t i den erkendelse, at naturen ikke forsvinder, men forandres, og unders\u00f8ger, hvordan disse forandringer p\u00e5virker vores selvforst\u00e5else, kultur og samfund.<\/p>\n<p><strong>N\u00e5r naturen \u00e6ndrer sig, \u00e6ndrer vi os ogs\u00e5 <\/strong><\/p>\n<p>&#8220;Vores forhold til naturen har gennem historien v\u00e6ret i konstant bev\u00e6gelse. Fra at v\u00e6re en altomfattende og ofte uforudsigelig kraft er naturen i stigende grad blevet en del af systemer for planl\u00e6gning, produktion og forvaltning.<\/p>\n<a class=\"dvrt-link\" onClick=\"cdmtrack_click(1130,jQuery(this));return false\" href=\"https:\/\/www.thistedforsikring.dk\/?utm_source=partnerskaber&amp;utm_campaign=kun_thy\"><img decoding=\"async\" style=\"width:100%;\" src=\"https:\/\/kunmedierne.dk\/thy\/wp-content\/uploads\/sites\/2\/2025\/04\/260409KunThyThisted-For-1.png\"><\/a><script>cdmtrack_view(1130);<\/script>\n<p>I dag beskrives denne udvikling ofte som den antropoc\u00e6ne \u00e6ra, hvor menneskelig aktivitet spiller en afg\u00f8rende rolle i naturens forandring. Samtidig er naturen ikke blot en ramme omkring vores liv, men et levende grundlag, der former den m\u00e5de, vi forst\u00e5r os selv og verden p\u00e5.<\/p>\n<p>Post Nature unders\u00f8ger disse sammenh\u00e6nge gennem kunstneriske v\u00e6rker, der giver publikum mulighed for at opleve og reflektere over fremtidige scenarier og de eksistentielle sp\u00f8rgsm\u00e5l, der opst\u00e5r i m\u00f8det med en natur, som ikke l\u00e6ngere n\u00f8dvendigvis svarer til den, vi tror, vi kender&#8221;.<\/p>\n<p><strong>Kunst, forskning og Nationalpark Thy i f\u00e6lles projekt <\/strong><\/p>\n<p>I samarbejde med Nationalpark Thy og Jes Lynning Harfeld, lektor i anvendt filosofi ved Aalborg Universitet, har kunstnerne Phuc Van Dang, Cody Lukas, Nils Bourdon og Lasse Fischer arbejdet p\u00e5 tv\u00e6rs af kunstneriske genrer for at skabe v\u00e6rker, der g\u00f8r komplekse klima- og natursp\u00f8rgsm\u00e5l sanselige og n\u00e6rv\u00e6rende.<\/p>\n<a class=\"dvrt-link\" onClick=\"cdmtrack_click(25762,jQuery(this));return false\" href=\"https:\/\/www.facebook.com\/profile.php?id=100049901895340\"><img decoding=\"async\" style=\"width:100%;\" src=\"https:\/\/kunmedierne.dk\/thy\/wp-content\/uploads\/sites\/2\/2026\/08\/260831Morsoebil2Animation-3steps-1.gif\"><\/a><script>cdmtrack_view(25762);<\/script>\n<p>Udstillingen rummer blandt andet<\/p>\n<ul>\n<li>Fotokunst<\/li>\n<li>Videov\u00e6rker<\/li>\n<li>Lydkunst<\/li>\n<li>Poesi<\/li>\n<li>Skulpturer<\/li>\n<li>Robotkunst<\/li>\n<\/ul>\n<p>Sammen skaber v\u00e6rkerne en oplevelse, der udfordrer publikums forestillinger om natur, teknologi og menneskets rolle i en verden under forandring.<\/p>\n<p>&#8220;Post Nature er en del af et st\u00f8rre kunst- og videnf\u00e6llesskab, som arbejder for at g\u00f8re klima- og biodiversitetskrisens komplekse problemstillinger mere n\u00e6rv\u00e6rende og h\u00e5ndgribelige gennem kunsten. Projektet \u00f8nsker ikke blot at formidle fakta, men at engagere sanserne, f\u00f8lelserne og forestillingsevnen og skabe rum for samtaler om mulige fremtider&#8221;.<\/p>\n<p><strong>Udstillingen forts\u00e6tter med samtaler, vandringer og f\u00e6llesskab <\/strong><\/p>\n<p>Post Nature er mere end en udstilling. Gennem september forts\u00e6tter projektet med aktiviteter, der inviterer publikum til at udforske naturbegrebet fra forskellige perspektiver.<\/p>\n<a class=\"dvrt-link\" onClick=\"cdmtrack_click(1130,jQuery(this));return false\" href=\"https:\/\/www.thistedforsikring.dk\/?utm_source=partnerskaber&amp;utm_campaign=kun_thy\"><img decoding=\"async\" style=\"width:100%;\" src=\"https:\/\/kunmedierne.dk\/thy\/wp-content\/uploads\/sites\/2\/2025\/04\/260409KunThyThisted-For-1.png\"><\/a><script>cdmtrack_view(1130);<\/script>\n<p>Den 14. september kl. 16.30 inviterer Det Nordatlantiske Fyr til en eftermiddag og aften med naturvandring, foredrag og f\u00e6llesspisning. Biolog Jeppe Pilgaard fra Nationalpark Thy vil guide deltagerne gennem landskabet omkring Hanstholm Fyr og fort\u00e6lle om omr\u00e5dets naturhistorie og de forandringer, naturen gennemg\u00e5r i dag.<\/p>\n<p>Herefter holder Jes Lynning Harfeld, ph.d. og lektor i anvendt filosofi ved Aalborg Universitet, foredrag om naturbegrebets udvikling gennem filosofihistorien og de forskellige m\u00e5der, vi som mennesker har forst\u00e5et vores forhold til naturen p\u00e5. Arrangementet afsluttes med f\u00e6llesspisning, samtale og mulighed for at opleve udstillingen.<\/p>\n<a class=\"dvrt-link\" onClick=\"cdmtrack_click(19676,jQuery(this));return false\" href=\"https:\/\/www.jyskebank.dk\/kontakt\/afdelingsinfo?departmentid=11880\"><img decoding=\"async\" style=\"width:100%;\" src=\"https:\/\/kunmedierne.dk\/thy\/wp-content\/uploads\/sites\/2\/2026\/03\/260325JyskebankThyNy-1.jpg\"><\/a><script>cdmtrack_view(19676);<\/script>\n<p>Som led i projektets formidlingsindsats afholder kunstner Phuc Van Dang desuden en billedkunstworkshop for Hanstholm Skoles 3. klasse den 15. september, hvor lokale skoleelever inviteres til at arbejde kreativt med natur, forandring og fremtidige forestillinger.<\/p>\n<p>Udstillingen p\u00e5 fyret er \u00e5bent alle fredage, l\u00f8rdage og s\u00f8ndage frem til efter\u00e5rsferien, hvor der er \u00e5bent hver dag.<\/p>\n<p>&nbsp;<\/p>\n","protected":false},"excerpt":{"rendered":"<p>HANSTHOLM:\u00a0Hvad sker der med vores forst\u00e5else af os selv, n\u00e5r naturen omkring os forandres? Hvordan forestiller vi os fremtidens livsformer i en verden pr\u00e6get af klimaforandringer og biodiversitetstab? Disse sp\u00f8rgsm\u00e5l er omdrejningspunktet for den nye udstilling Post Nature, der \u00e5bner p\u00e5 Det Nordatlantiske Fyr i Hanstholm l\u00f8rdag den 5. september kl. 14.00. Det fremg\u00e5r af [&hellip;]<\/p>\n","protected":false},"author":1925,"featured_media":0,"comment_status":"closed","ping_status":"closed","sticky":false,"template":"","format":"standard","meta":{"_acf_changed":false,"footnotes":""},"categories":[21],"tags":[],"class_list":["post-26774","post","type-post","status-publish","format-standard","hentry","category-kultur"],"acf":[],"yoast_head":"<!-- This site is optimized with the Yoast SEO plugin v27.7 - https:\/\/yoast.com\/product\/yoast-seo-wordpress\/ -->\n<title>Ny udstilling p\u00e5 Det Nordatlantiske Fyr unders\u00f8ger naturen efter naturen - Thy<\/title>\n<meta name=\"robots\" content=\"index, follow, max-snippet:-1, max-image-preview:large, max-video-preview:-1\" \/>\n<link rel=\"canonical\" href=\"https:\/\/kunmedierne.dk\/thy\/ny-udstilling-paa-det-nordatlantiske-fyr-undersoeger-naturen-efter-naturen\/\" \/>\n<meta property=\"og:locale\" content=\"da_DK\" \/>\n<meta property=\"og:type\" content=\"article\" \/>\n<meta property=\"og:title\" content=\"Ny udstilling p\u00e5 Det Nordatlantiske Fyr unders\u00f8ger naturen efter naturen - Thy\" \/>\n<meta property=\"og:description\" content=\"HANSTHOLM:\u00a0Hvad sker der med vores forst\u00e5else af os selv, n\u00e5r naturen omkring os forandres? Hvordan forestiller vi os fremtidens livsformer i en verden pr\u00e6get af klimaforandringer og biodiversitetstab? Disse sp\u00f8rgsm\u00e5l er omdrejningspunktet for den nye udstilling Post Nature, der \u00e5bner p\u00e5 Det Nordatlantiske Fyr i Hanstholm l\u00f8rdag den 5. september kl. 14.00. Det fremg\u00e5r af [&hellip;]\" \/>\n<meta property=\"og:url\" content=\"https:\/\/kunmedierne.dk\/thy\/ny-udstilling-paa-det-nordatlantiske-fyr-undersoeger-naturen-efter-naturen\/\" \/>\n<meta property=\"og:site_name\" content=\"Thy\" \/>\n<meta property=\"article:published_time\" content=\"2026-09-03T11:14:05+00:00\" \/>\n<meta name=\"author\" content=\"Lone L\u00e6rke Krog\" \/>\n<meta name=\"twitter:card\" content=\"summary_large_image\" \/>\n<meta name=\"twitter:label1\" content=\"Skrevet af\" \/>\n\t<meta name=\"twitter:data1\" content=\"Lone L\u00e6rke Krog\" \/>\n\t<meta name=\"twitter:label2\" content=\"Estimeret l\u00e6setid\" \/>\n\t<meta name=\"twitter:data2\" content=\"4 minutter\" \/>\n<script type=\"application\/ld+json\" class=\"yoast-schema-graph\">{\"@context\":\"https:\\\/\\\/schema.org\",\"@graph\":[{\"@type\":\"Article\",\"@id\":\"https:\\\/\\\/kunmedierne.dk\\\/thy\\\/ny-udstilling-paa-det-nordatlantiske-fyr-undersoeger-naturen-efter-naturen\\\/#article\",\"isPartOf\":{\"@id\":\"https:\\\/\\\/kunmedierne.dk\\\/thy\\\/ny-udstilling-paa-det-nordatlantiske-fyr-undersoeger-naturen-efter-naturen\\\/\"},\"author\":{\"name\":\"Lone L\u00e6rke Krog\",\"@id\":\"https:\\\/\\\/kunmedierne.dk\\\/thy\\\/#\\\/schema\\\/person\\\/d266634ba6550d075ecf540d63b245d2\"},\"headline\":\"Ny udstilling p\u00e5 Det Nordatlantiske Fyr unders\u00f8ger naturen efter naturen\",\"datePublished\":\"2026-09-03T11:14:05+00:00\",\"mainEntityOfPage\":{\"@id\":\"https:\\\/\\\/kunmedierne.dk\\\/thy\\\/ny-udstilling-paa-det-nordatlantiske-fyr-undersoeger-naturen-efter-naturen\\\/\"},\"wordCount\":619,\"publisher\":{\"@id\":\"https:\\\/\\\/kunmedierne.dk\\\/thy\\\/#organization\"},\"articleSection\":[\"Kultur\"],\"inLanguage\":\"da-DK\"},{\"@type\":\"WebPage\",\"@id\":\"https:\\\/\\\/kunmedierne.dk\\\/thy\\\/ny-udstilling-paa-det-nordatlantiske-fyr-undersoeger-naturen-efter-naturen\\\/\",\"url\":\"https:\\\/\\\/kunmedierne.dk\\\/thy\\\/ny-udstilling-paa-det-nordatlantiske-fyr-undersoeger-naturen-efter-naturen\\\/\",\"name\":\"Ny udstilling p\u00e5 Det Nordatlantiske Fyr unders\u00f8ger naturen efter naturen - Thy\",\"isPartOf\":{\"@id\":\"https:\\\/\\\/kunmedierne.dk\\\/thy\\\/#website\"},\"datePublished\":\"2026-09-03T11:14:05+00:00\",\"breadcrumb\":{\"@id\":\"https:\\\/\\\/kunmedierne.dk\\\/thy\\\/ny-udstilling-paa-det-nordatlantiske-fyr-undersoeger-naturen-efter-naturen\\\/#breadcrumb\"},\"inLanguage\":\"da-DK\",\"potentialAction\":[{\"@type\":\"ReadAction\",\"target\":[\"https:\\\/\\\/kunmedierne.dk\\\/thy\\\/ny-udstilling-paa-det-nordatlantiske-fyr-undersoeger-naturen-efter-naturen\\\/\"]}]},{\"@type\":\"BreadcrumbList\",\"@id\":\"https:\\\/\\\/kunmedierne.dk\\\/thy\\\/ny-udstilling-paa-det-nordatlantiske-fyr-undersoeger-naturen-efter-naturen\\\/#breadcrumb\",\"itemListElement\":[{\"@type\":\"ListItem\",\"position\":1,\"name\":\"Home\",\"item\":\"https:\\\/\\\/kunmedierne.dk\\\/thy\\\/\"},{\"@type\":\"ListItem\",\"position\":2,\"name\":\"Ny udstilling p\u00e5 Det Nordatlantiske Fyr unders\u00f8ger naturen efter naturen\"}]},{\"@type\":\"WebSite\",\"@id\":\"https:\\\/\\\/kunmedierne.dk\\\/thy\\\/#website\",\"url\":\"https:\\\/\\\/kunmedierne.dk\\\/thy\\\/\",\"name\":\"Thy\",\"description\":\"et netmedie med journalistik om livet i Thy\",\"publisher\":{\"@id\":\"https:\\\/\\\/kunmedierne.dk\\\/thy\\\/#organization\"},\"potentialAction\":[{\"@type\":\"SearchAction\",\"target\":{\"@type\":\"EntryPoint\",\"urlTemplate\":\"https:\\\/\\\/kunmedierne.dk\\\/thy\\\/?s={search_term_string}\"},\"query-input\":{\"@type\":\"PropertyValueSpecification\",\"valueRequired\":true,\"valueName\":\"search_term_string\"}}],\"inLanguage\":\"da-DK\"},{\"@type\":\"Organization\",\"@id\":\"https:\\\/\\\/kunmedierne.dk\\\/thy\\\/#organization\",\"name\":\"Thy\",\"url\":\"https:\\\/\\\/kunmedierne.dk\\\/thy\\\/\",\"logo\":{\"@type\":\"ImageObject\",\"inLanguage\":\"da-DK\",\"@id\":\"https:\\\/\\\/kunmedierne.dk\\\/thy\\\/#\\\/schema\\\/logo\\\/image\\\/\",\"url\":\"https:\\\/\\\/kunmedierne.dk\\\/thy\\\/wp-content\\\/uploads\\\/sites\\\/2\\\/2025\\\/04\\\/kunthy-logo.svg\",\"contentUrl\":\"https:\\\/\\\/kunmedierne.dk\\\/thy\\\/wp-content\\\/uploads\\\/sites\\\/2\\\/2025\\\/04\\\/kunthy-logo.svg\",\"caption\":\"Thy\"},\"image\":{\"@id\":\"https:\\\/\\\/kunmedierne.dk\\\/thy\\\/#\\\/schema\\\/logo\\\/image\\\/\"}},{\"@type\":\"Person\",\"@id\":\"https:\\\/\\\/kunmedierne.dk\\\/thy\\\/#\\\/schema\\\/person\\\/d266634ba6550d075ecf540d63b245d2\",\"name\":\"Lone L\u00e6rke Krog\",\"image\":{\"@type\":\"ImageObject\",\"inLanguage\":\"da-DK\",\"@id\":\"https:\\\/\\\/secure.gravatar.com\\\/avatar\\\/496ddc7080e56b4ac64cfd4e56bd6d1ee396fa3db1923aa22f11346f60bb135b?s=96&d=mm&r=g\",\"url\":\"https:\\\/\\\/secure.gravatar.com\\\/avatar\\\/496ddc7080e56b4ac64cfd4e56bd6d1ee396fa3db1923aa22f11346f60bb135b?s=96&d=mm&r=g\",\"contentUrl\":\"https:\\\/\\\/secure.gravatar.com\\\/avatar\\\/496ddc7080e56b4ac64cfd4e56bd6d1ee396fa3db1923aa22f11346f60bb135b?s=96&d=mm&r=g\",\"caption\":\"Lone L\u00e6rke Krog\"},\"url\":\"https:\\\/\\\/kunmedierne.dk\\\/thy\\\/author\\\/llk\\\/\"}]}<\/script>\n<!-- \/ Yoast SEO plugin. -->","yoast_head_json":{"title":"Ny udstilling p\u00e5 Det Nordatlantiske Fyr unders\u00f8ger naturen efter naturen - Thy","robots":{"index":"index","follow":"follow","max-snippet":"max-snippet:-1","max-image-preview":"max-image-preview:large","max-video-preview":"max-video-preview:-1"},"canonical":"https:\/\/kunmedierne.dk\/thy\/ny-udstilling-paa-det-nordatlantiske-fyr-undersoeger-naturen-efter-naturen\/","og_locale":"da_DK","og_type":"article","og_title":"Ny udstilling p\u00e5 Det Nordatlantiske Fyr unders\u00f8ger naturen efter naturen - Thy","og_description":"HANSTHOLM:\u00a0Hvad sker der med vores forst\u00e5else af os selv, n\u00e5r naturen omkring os forandres? Hvordan forestiller vi os fremtidens livsformer i en verden pr\u00e6get af klimaforandringer og biodiversitetstab? Disse sp\u00f8rgsm\u00e5l er omdrejningspunktet for den nye udstilling Post Nature, der \u00e5bner p\u00e5 Det Nordatlantiske Fyr i Hanstholm l\u00f8rdag den 5. september kl. 14.00. Det fremg\u00e5r af [&hellip;]","og_url":"https:\/\/kunmedierne.dk\/thy\/ny-udstilling-paa-det-nordatlantiske-fyr-undersoeger-naturen-efter-naturen\/","og_site_name":"Thy","article_published_time":"2026-09-03T11:14:05+00:00","author":"Lone L\u00e6rke Krog","twitter_card":"summary_large_image","twitter_misc":{"Skrevet af":"Lone L\u00e6rke Krog","Estimeret l\u00e6setid":"4 minutter"},"schema":{"@context":"https:\/\/schema.org","@graph":[{"@type":"Article","@id":"https:\/\/kunmedierne.dk\/thy\/ny-udstilling-paa-det-nordatlantiske-fyr-undersoeger-naturen-efter-naturen\/#article","isPartOf":{"@id":"https:\/\/kunmedierne.dk\/thy\/ny-udstilling-paa-det-nordatlantiske-fyr-undersoeger-naturen-efter-naturen\/"},"author":{"name":"Lone L\u00e6rke Krog","@id":"https:\/\/kunmedierne.dk\/thy\/#\/schema\/person\/d266634ba6550d075ecf540d63b245d2"},"headline":"Ny udstilling p\u00e5 Det Nordatlantiske Fyr unders\u00f8ger naturen efter naturen","datePublished":"2026-09-03T11:14:05+00:00","mainEntityOfPage":{"@id":"https:\/\/kunmedierne.dk\/thy\/ny-udstilling-paa-det-nordatlantiske-fyr-undersoeger-naturen-efter-naturen\/"},"wordCount":619,"publisher":{"@id":"https:\/\/kunmedierne.dk\/thy\/#organization"},"articleSection":["Kultur"],"inLanguage":"da-DK"},{"@type":"WebPage","@id":"https:\/\/kunmedierne.dk\/thy\/ny-udstilling-paa-det-nordatlantiske-fyr-undersoeger-naturen-efter-naturen\/","url":"https:\/\/kunmedierne.dk\/thy\/ny-udstilling-paa-det-nordatlantiske-fyr-undersoeger-naturen-efter-naturen\/","name":"Ny udstilling p\u00e5 Det Nordatlantiske Fyr unders\u00f8ger naturen efter naturen - Thy","isPartOf":{"@id":"https:\/\/kunmedierne.dk\/thy\/#website"},"datePublished":"2026-09-03T11:14:05+00:00","breadcrumb":{"@id":"https:\/\/kunmedierne.dk\/thy\/ny-udstilling-paa-det-nordatlantiske-fyr-undersoeger-naturen-efter-naturen\/#breadcrumb"},"inLanguage":"da-DK","potentialAction":[{"@type":"ReadAction","target":["https:\/\/kunmedierne.dk\/thy\/ny-udstilling-paa-det-nordatlantiske-fyr-undersoeger-naturen-efter-naturen\/"]}]},{"@type":"BreadcrumbList","@id":"https:\/\/kunmedierne.dk\/thy\/ny-udstilling-paa-det-nordatlantiske-fyr-undersoeger-naturen-efter-naturen\/#breadcrumb","itemListElement":[{"@type":"ListItem","position":1,"name":"Home","item":"https:\/\/kunmedierne.dk\/thy\/"},{"@type":"ListItem","position":2,"name":"Ny udstilling p\u00e5 Det Nordatlantiske Fyr unders\u00f8ger naturen efter naturen"}]},{"@type":"WebSite","@id":"https:\/\/kunmedierne.dk\/thy\/#website","url":"https:\/\/kunmedierne.dk\/thy\/","name":"Thy","description":"et netmedie med journalistik om livet i Thy","publisher":{"@id":"https:\/\/kunmedierne.dk\/thy\/#organization"},"potentialAction":[{"@type":"SearchAction","target":{"@type":"EntryPoint","urlTemplate":"https:\/\/kunmedierne.dk\/thy\/?s={search_term_string}"},"query-input":{"@type":"PropertyValueSpecification","valueRequired":true,"valueName":"search_term_string"}}],"inLanguage":"da-DK"},{"@type":"Organization","@id":"https:\/\/kunmedierne.dk\/thy\/#organization","name":"Thy","url":"https:\/\/kunmedierne.dk\/thy\/","logo":{"@type":"ImageObject","inLanguage":"da-DK","@id":"https:\/\/kunmedierne.dk\/thy\/#\/schema\/logo\/image\/","url":"https:\/\/kunmedierne.dk\/thy\/wp-content\/uploads\/sites\/2\/2025\/04\/kunthy-logo.svg","contentUrl":"https:\/\/kunmedierne.dk\/thy\/wp-content\/uploads\/sites\/2\/2025\/04\/kunthy-logo.svg","caption":"Thy"},"image":{"@id":"https:\/\/kunmedierne.dk\/thy\/#\/schema\/logo\/image\/"}},{"@type":"Person","@id":"https:\/\/kunmedierne.dk\/thy\/#\/schema\/person\/d266634ba6550d075ecf540d63b245d2","name":"Lone L\u00e6rke Krog","image":{"@type":"ImageObject","inLanguage":"da-DK","@id":"https:\/\/secure.gravatar.com\/avatar\/496ddc7080e56b4ac64cfd4e56bd6d1ee396fa3db1923aa22f11346f60bb135b?s=96&d=mm&r=g","url":"https:\/\/secure.gravatar.com\/avatar\/496ddc7080e56b4ac64cfd4e56bd6d1ee396fa3db1923aa22f11346f60bb135b?s=96&d=mm&r=g","contentUrl":"https:\/\/secure.gravatar.com\/avatar\/496ddc7080e56b4ac64cfd4e56bd6d1ee396fa3db1923aa22f11346f60bb135b?s=96&d=mm&r=g","caption":"Lone L\u00e6rke Krog"},"url":"https:\/\/kunmedierne.dk\/thy\/author\/llk\/"}]}},"_links":{"self":[{"href":"https:\/\/kunmedierne.dk\/thy\/wp-json\/wp\/v2\/posts\/26774","targetHints":{"allow":["GET"]}}],"collection":[{"href":"https:\/\/kunmedierne.dk\/thy\/wp-json\/wp\/v2\/posts"}],"about":[{"href":"https:\/\/kunmedierne.dk\/thy\/wp-json\/wp\/v2\/types\/post"}],"author":[{"embeddable":true,"href":"https:\/\/kunmedierne.dk\/thy\/wp-json\/wp\/v2\/users\/1925"}],"replies":[{"embeddable":true,"href":"https:\/\/kunmedierne.dk\/thy\/wp-json\/wp\/v2\/comments?post=26774"}],"version-history":[{"count":3,"href":"https:\/\/kunmedierne.dk\/thy\/wp-json\/wp\/v2\/posts\/26774\/revisions"}],"predecessor-version":[{"id":26789,"href":"https:\/\/kunmedierne.dk\/thy\/wp-json\/wp\/v2\/posts\/26774\/revisions\/26789"}],"wp:attachment":[{"href":"https:\/\/kunmedierne.dk\/thy\/wp-json\/wp\/v2\/media?parent=26774"}],"wp:term":[{"taxonomy":"category","embeddable":true,"href":"https:\/\/kunmedierne.dk\/thy\/wp-json\/wp\/v2\/categories?post=26774"},{"taxonomy":"post_tag","embeddable":true,"href":"https:\/\/kunmedierne.dk\/thy\/wp-json\/wp\/v2\/tags?post=26774"}],"curies":[{"name":"wp","href":"https:\/\/api.w.org\/{rel}","templated":true}]}}