{"id":26766,"date":"2026-09-04T19:27:00","date_gmt":"2026-09-04T17:27:00","guid":{"rendered":"https:\/\/kunmedierne.dk\/thy\/?p=26766"},"modified":"2026-09-03T09:37:09","modified_gmt":"2026-09-03T07:37:09","slug":"boernekulturnatten-er-lige-om-hjoernet","status":"publish","type":"post","link":"https:\/\/kunmedierne.dk\/thy\/boernekulturnatten-er-lige-om-hjoernet\/","title":{"rendered":"B\u00f8rnekulturnatten er lige om hj\u00f8rnet"},"content":{"rendered":"<p><strong>THISTED:<\/strong>\u00a0B\u00f8rnekulturnatten i Thy afholdes fredag den 11. september 2026 og markerer samtidig arrangementets 25-\u00e5rs jubil\u00e6um. \u00c5rets tema er &#8220;Festen forts\u00e6tter &#8230;&#8221; og\u00a0s\u00e6tter s\u00e6rligt fokus p\u00e5 f\u00e6llesskab, kreativitet og kultur.<\/p>\n<p>B\u00f8rnekulturnatten finder sted i Thisted midtby fra kl. 17.00 til 21.00 med musik, teater, film, historiefort\u00e6lling, kreative v\u00e6rksteder og kulturhistoriske aktiviteter.<\/p>\n<a class=\"dvrt-link\" onClick=\"cdmtrack_click(689,jQuery(this));return false\" href=\"https:\/\/www.thistedbolig.dk\"><img decoding=\"async\" style=\"width:100%;\" src=\"https:\/\/kunmedierne.dk\/thy\/wp-content\/uploads\/sites\/2\/2025\/03\/260901Thibolig-mere-fritid-002-1.jpg\"><\/a><script>cdmtrack_view(689);<\/script>\n<p>Forud for programmet i midtbyen inviterer UCN fra kl. 16.00 til aktiviteter for b\u00f8rn og familier i samarbejde med p\u00e6dagog- og sygeplejerskeuddannelserne, herunder glitterfest, bamsehospital og picnic.<\/p>\n<p>Her f\u00e5r b\u00f8rn og voksne mulighed for at deltage i b\u00e5de legende og l\u00e6rerige aktiviteter med fokus p\u00e5 leg, fantasi og viden om kroppen. Der tilbydes gratis shuttlebus mellem UCN og Biblioteket i Thisted hvert kvarter fra kl. 15.45 til 20.30.<\/p>\n<p>Aktiviteterne i Thisted midtby indledes kl. 17 med et musikalsk optog fra Musikskolen i Thy til Store Torv, hvor den officielle \u00e5bning finder sted kl. 17.30. Herefter kan b\u00f8rn og familier fra kl. 18.00 til 20.45 opleve et bredt kulturprogram med blandt andet teater, film, musik, historiefort\u00e6lling, kreative v\u00e6rksteder og kulturhistoriske aktiviteter.<\/p>\n<a class=\"dvrt-link\" onClick=\"cdmtrack_click(18790,jQuery(this));return false\" href=\"https:\/\/thymors.dk\/for-lokalsamfundet\/sponsorater\/?utm_source=kunthy&amp;utm_medium=annonce&amp;utm_campaign=sponsorater\"><img decoding=\"async\" style=\"width:100%;\" src=\"https:\/\/kunmedierne.dk\/thy\/wp-content\/uploads\/sites\/2\/2026\/03\/260903ThyMorsfaellesskab-2_-1.gif\"><\/a><script>cdmtrack_view(18790);<\/script>\n<p>Som en del af oplevelsen vil Handels- og Industriforeningens tog &#8220;Tilde Tut&#8221; k\u00f8re rundt i byen. B\u00f8rnekulturnatten afsluttes kl. 21.00 med fakkeloptog og f\u00e6llessang p\u00e5 Store Torv.<\/p>\n<p>B\u00f8rnekulturnatten gennemf\u00f8res i et bredt samarbejde mellem lokale kultur-, fritids- og uddannelsesakt\u00f8rer, herunder Det Danske Spejderkorps, UCN, Thy BUF og Kino 1-2-3, Thisted Kirke, KFUM og KFUK, KFUM Spejderne, Thisted Teaterkreds, FDF, Museum Thy, Limfjordsteatret og KulturRummet.<\/p>\n<p>I ugerne op til B\u00f8rnekulturnatten har professionelle kunstnere bes\u00f8gt dagtilbud og skoler i hele kommunen. Med afs\u00e6t i \u00e5rets tema &#8220;Festen forts\u00e6tter &#8230;&#8221; har b\u00f8rnene v\u00e6ret gennem \u00e6stetiske l\u00e6reprocesser med egne kunstneriske udtryk. Resultaterne pr\u00e6senteres i en f\u00e6lles udstilling i Thisted Musikteater under B\u00f8rnekulturnatten.<\/p>\n<a class=\"dvrt-link\" onClick=\"cdmtrack_click(25762,jQuery(this));return false\" href=\"https:\/\/www.facebook.com\/profile.php?id=100049901895340\"><img decoding=\"async\" style=\"width:100%;\" src=\"https:\/\/kunmedierne.dk\/thy\/wp-content\/uploads\/sites\/2\/2026\/08\/260831Morsoebil2Animation-3steps-1.gif\"><\/a><script>cdmtrack_view(25762);<\/script>\n<p>Siden 2021 har elever fra Trombakken og \u00d8sterm\u00f8lleafdelingen p\u00e5 Rolighedsskolen v\u00e6ret en del af tilbuddet, hvilket underst\u00f8tter ambitionen om bred deltagelse og inkluderende kulturf\u00e6llesskaber p\u00e5 tv\u00e6rs af kommunen.<\/p>\n<p>B\u00f8rnekulturnatten i Thy har siden 2020 v\u00e6ret en del af de faste tilskud p\u00e5 kulturomr\u00e5det med 15.000 kr. \u00e5rligt. Bel\u00f8bet bruges til f\u00e6llesudgifter til fredag aften og d\u00e6kker eksempelvis k\u00f8b af fakler, en \u00e5bningsgenstand til b\u00f8rnene og transportudgifter til en bus, som k\u00f8rer i pendulfart mellem Biblioteket i Thisted og UCN.<\/p>\n<a class=\"dvrt-link\" onClick=\"cdmtrack_click(683,jQuery(this));return false\" href=\"https:\/\/vester-begr.dk\/?utm_source=google&amp;utm_medium=advative&amp;gad_source=1&amp;gclid=Cj0KCQjwtJ6_BhDWARIsAGanmKfl-hGVVjCYiOgSKoGoxrow4kvXybZsnruKJYTslvqZDywT6a9PCQwaAmBjEALw_wcB\"><img decoding=\"async\" style=\"width:100%;\" src=\"https:\/\/kunmedierne.dk\/thy\/wp-content\/uploads\/sites\/2\/2025\/03\/260203VesterHoukaer-02022026.jpg\"><\/a><script>cdmtrack_view(683);<\/script>\n<p>Derudover finansieres B\u00f8rnekulturnatten i Thy gennem de deltagende foreninger og institutioner, som selv afholder udgifterne til deres egne aktiviteter.<\/p>\n<p>Plakaten og det trykte program er i \u00e5r illustreret med tegninger skabt af et hold elever fra Kulturskolens billedskole. Programmet trykkes og omdeles til alle elever i 0.-6. klasse p\u00e5 kommunens folkeskoler og friskoler.<\/p>\n<p><a href=\"https:\/\/www.kulturrummet.dk\/nyheder\/2026\/august\/boernekulturnatten-2026\">Se hele programmet her.<\/a><\/p>\n<p>&nbsp;<\/p>\n<p>&nbsp;<\/p>\n","protected":false},"excerpt":{"rendered":"<p>THISTED:\u00a0B\u00f8rnekulturnatten i Thy afholdes fredag den 11. september 2026 og markerer samtidig arrangementets 25-\u00e5rs jubil\u00e6um. \u00c5rets tema er &#8220;Festen forts\u00e6tter &#8230;&#8221; og\u00a0s\u00e6tter s\u00e6rligt fokus p\u00e5 f\u00e6llesskab, kreativitet og kultur. B\u00f8rnekulturnatten finder sted i Thisted midtby fra kl. 17.00 til 21.00 med musik, teater, film, historiefort\u00e6lling, kreative v\u00e6rksteder og kulturhistoriske aktiviteter. Forud for programmet i midtbyen [&hellip;]<\/p>\n","protected":false},"author":1925,"featured_media":0,"comment_status":"closed","ping_status":"closed","sticky":false,"template":"","format":"standard","meta":{"_acf_changed":false,"footnotes":""},"categories":[21],"tags":[],"class_list":["post-26766","post","type-post","status-publish","format-standard","hentry","category-kultur"],"acf":[],"yoast_head":"<!-- This site is optimized with the Yoast SEO plugin v27.7 - https:\/\/yoast.com\/product\/yoast-seo-wordpress\/ -->\n<title>B\u00f8rnekulturnatten er lige om hj\u00f8rnet - Thy<\/title>\n<meta name=\"robots\" content=\"index, follow, max-snippet:-1, max-image-preview:large, max-video-preview:-1\" \/>\n<link rel=\"canonical\" href=\"https:\/\/kunmedierne.dk\/thy\/boernekulturnatten-er-lige-om-hjoernet\/\" \/>\n<meta property=\"og:locale\" content=\"da_DK\" \/>\n<meta property=\"og:type\" content=\"article\" \/>\n<meta property=\"og:title\" content=\"B\u00f8rnekulturnatten er lige om hj\u00f8rnet - Thy\" \/>\n<meta property=\"og:description\" content=\"THISTED:\u00a0B\u00f8rnekulturnatten i Thy afholdes fredag den 11. september 2026 og markerer samtidig arrangementets 25-\u00e5rs jubil\u00e6um. \u00c5rets tema er &#8220;Festen forts\u00e6tter &#8230;&#8221; og\u00a0s\u00e6tter s\u00e6rligt fokus p\u00e5 f\u00e6llesskab, kreativitet og kultur. B\u00f8rnekulturnatten finder sted i Thisted midtby fra kl. 17.00 til 21.00 med musik, teater, film, historiefort\u00e6lling, kreative v\u00e6rksteder og kulturhistoriske aktiviteter. Forud for programmet i midtbyen [&hellip;]\" \/>\n<meta property=\"og:url\" content=\"https:\/\/kunmedierne.dk\/thy\/boernekulturnatten-er-lige-om-hjoernet\/\" \/>\n<meta property=\"og:site_name\" content=\"Thy\" \/>\n<meta property=\"article:published_time\" content=\"2026-09-04T17:27:00+00:00\" \/>\n<meta name=\"author\" content=\"Lone L\u00e6rke Krog\" \/>\n<meta name=\"twitter:card\" content=\"summary_large_image\" \/>\n<meta name=\"twitter:label1\" content=\"Skrevet af\" \/>\n\t<meta name=\"twitter:data1\" content=\"Lone L\u00e6rke Krog\" \/>\n\t<meta name=\"twitter:label2\" content=\"Estimeret l\u00e6setid\" \/>\n\t<meta name=\"twitter:data2\" content=\"3 minutter\" \/>\n<script type=\"application\/ld+json\" class=\"yoast-schema-graph\">{\"@context\":\"https:\\\/\\\/schema.org\",\"@graph\":[{\"@type\":\"Article\",\"@id\":\"https:\\\/\\\/kunmedierne.dk\\\/thy\\\/boernekulturnatten-er-lige-om-hjoernet\\\/#article\",\"isPartOf\":{\"@id\":\"https:\\\/\\\/kunmedierne.dk\\\/thy\\\/boernekulturnatten-er-lige-om-hjoernet\\\/\"},\"author\":{\"name\":\"Lone L\u00e6rke Krog\",\"@id\":\"https:\\\/\\\/kunmedierne.dk\\\/thy\\\/#\\\/schema\\\/person\\\/d266634ba6550d075ecf540d63b245d2\"},\"headline\":\"B\u00f8rnekulturnatten er lige om hj\u00f8rnet\",\"datePublished\":\"2026-09-04T17:27:00+00:00\",\"mainEntityOfPage\":{\"@id\":\"https:\\\/\\\/kunmedierne.dk\\\/thy\\\/boernekulturnatten-er-lige-om-hjoernet\\\/\"},\"wordCount\":467,\"publisher\":{\"@id\":\"https:\\\/\\\/kunmedierne.dk\\\/thy\\\/#organization\"},\"articleSection\":[\"Kultur\"],\"inLanguage\":\"da-DK\"},{\"@type\":\"WebPage\",\"@id\":\"https:\\\/\\\/kunmedierne.dk\\\/thy\\\/boernekulturnatten-er-lige-om-hjoernet\\\/\",\"url\":\"https:\\\/\\\/kunmedierne.dk\\\/thy\\\/boernekulturnatten-er-lige-om-hjoernet\\\/\",\"name\":\"B\u00f8rnekulturnatten er lige om hj\u00f8rnet - Thy\",\"isPartOf\":{\"@id\":\"https:\\\/\\\/kunmedierne.dk\\\/thy\\\/#website\"},\"datePublished\":\"2026-09-04T17:27:00+00:00\",\"breadcrumb\":{\"@id\":\"https:\\\/\\\/kunmedierne.dk\\\/thy\\\/boernekulturnatten-er-lige-om-hjoernet\\\/#breadcrumb\"},\"inLanguage\":\"da-DK\",\"potentialAction\":[{\"@type\":\"ReadAction\",\"target\":[\"https:\\\/\\\/kunmedierne.dk\\\/thy\\\/boernekulturnatten-er-lige-om-hjoernet\\\/\"]}]},{\"@type\":\"BreadcrumbList\",\"@id\":\"https:\\\/\\\/kunmedierne.dk\\\/thy\\\/boernekulturnatten-er-lige-om-hjoernet\\\/#breadcrumb\",\"itemListElement\":[{\"@type\":\"ListItem\",\"position\":1,\"name\":\"Home\",\"item\":\"https:\\\/\\\/kunmedierne.dk\\\/thy\\\/\"},{\"@type\":\"ListItem\",\"position\":2,\"name\":\"B\u00f8rnekulturnatten er lige om hj\u00f8rnet\"}]},{\"@type\":\"WebSite\",\"@id\":\"https:\\\/\\\/kunmedierne.dk\\\/thy\\\/#website\",\"url\":\"https:\\\/\\\/kunmedierne.dk\\\/thy\\\/\",\"name\":\"Thy\",\"description\":\"et netmedie med journalistik om livet i Thy\",\"publisher\":{\"@id\":\"https:\\\/\\\/kunmedierne.dk\\\/thy\\\/#organization\"},\"potentialAction\":[{\"@type\":\"SearchAction\",\"target\":{\"@type\":\"EntryPoint\",\"urlTemplate\":\"https:\\\/\\\/kunmedierne.dk\\\/thy\\\/?s={search_term_string}\"},\"query-input\":{\"@type\":\"PropertyValueSpecification\",\"valueRequired\":true,\"valueName\":\"search_term_string\"}}],\"inLanguage\":\"da-DK\"},{\"@type\":\"Organization\",\"@id\":\"https:\\\/\\\/kunmedierne.dk\\\/thy\\\/#organization\",\"name\":\"Thy\",\"url\":\"https:\\\/\\\/kunmedierne.dk\\\/thy\\\/\",\"logo\":{\"@type\":\"ImageObject\",\"inLanguage\":\"da-DK\",\"@id\":\"https:\\\/\\\/kunmedierne.dk\\\/thy\\\/#\\\/schema\\\/logo\\\/image\\\/\",\"url\":\"https:\\\/\\\/kunmedierne.dk\\\/thy\\\/wp-content\\\/uploads\\\/sites\\\/2\\\/2025\\\/04\\\/kunthy-logo.svg\",\"contentUrl\":\"https:\\\/\\\/kunmedierne.dk\\\/thy\\\/wp-content\\\/uploads\\\/sites\\\/2\\\/2025\\\/04\\\/kunthy-logo.svg\",\"caption\":\"Thy\"},\"image\":{\"@id\":\"https:\\\/\\\/kunmedierne.dk\\\/thy\\\/#\\\/schema\\\/logo\\\/image\\\/\"}},{\"@type\":\"Person\",\"@id\":\"https:\\\/\\\/kunmedierne.dk\\\/thy\\\/#\\\/schema\\\/person\\\/d266634ba6550d075ecf540d63b245d2\",\"name\":\"Lone L\u00e6rke Krog\",\"image\":{\"@type\":\"ImageObject\",\"inLanguage\":\"da-DK\",\"@id\":\"https:\\\/\\\/secure.gravatar.com\\\/avatar\\\/496ddc7080e56b4ac64cfd4e56bd6d1ee396fa3db1923aa22f11346f60bb135b?s=96&d=mm&r=g\",\"url\":\"https:\\\/\\\/secure.gravatar.com\\\/avatar\\\/496ddc7080e56b4ac64cfd4e56bd6d1ee396fa3db1923aa22f11346f60bb135b?s=96&d=mm&r=g\",\"contentUrl\":\"https:\\\/\\\/secure.gravatar.com\\\/avatar\\\/496ddc7080e56b4ac64cfd4e56bd6d1ee396fa3db1923aa22f11346f60bb135b?s=96&d=mm&r=g\",\"caption\":\"Lone L\u00e6rke Krog\"},\"url\":\"https:\\\/\\\/kunmedierne.dk\\\/thy\\\/author\\\/llk\\\/\"}]}<\/script>\n<!-- \/ Yoast SEO plugin. -->","yoast_head_json":{"title":"B\u00f8rnekulturnatten er lige om hj\u00f8rnet - Thy","robots":{"index":"index","follow":"follow","max-snippet":"max-snippet:-1","max-image-preview":"max-image-preview:large","max-video-preview":"max-video-preview:-1"},"canonical":"https:\/\/kunmedierne.dk\/thy\/boernekulturnatten-er-lige-om-hjoernet\/","og_locale":"da_DK","og_type":"article","og_title":"B\u00f8rnekulturnatten er lige om hj\u00f8rnet - Thy","og_description":"THISTED:\u00a0B\u00f8rnekulturnatten i Thy afholdes fredag den 11. september 2026 og markerer samtidig arrangementets 25-\u00e5rs jubil\u00e6um. \u00c5rets tema er &#8220;Festen forts\u00e6tter &#8230;&#8221; og\u00a0s\u00e6tter s\u00e6rligt fokus p\u00e5 f\u00e6llesskab, kreativitet og kultur. B\u00f8rnekulturnatten finder sted i Thisted midtby fra kl. 17.00 til 21.00 med musik, teater, film, historiefort\u00e6lling, kreative v\u00e6rksteder og kulturhistoriske aktiviteter. Forud for programmet i midtbyen [&hellip;]","og_url":"https:\/\/kunmedierne.dk\/thy\/boernekulturnatten-er-lige-om-hjoernet\/","og_site_name":"Thy","article_published_time":"2026-09-04T17:27:00+00:00","author":"Lone L\u00e6rke Krog","twitter_card":"summary_large_image","twitter_misc":{"Skrevet af":"Lone L\u00e6rke Krog","Estimeret l\u00e6setid":"3 minutter"},"schema":{"@context":"https:\/\/schema.org","@graph":[{"@type":"Article","@id":"https:\/\/kunmedierne.dk\/thy\/boernekulturnatten-er-lige-om-hjoernet\/#article","isPartOf":{"@id":"https:\/\/kunmedierne.dk\/thy\/boernekulturnatten-er-lige-om-hjoernet\/"},"author":{"name":"Lone L\u00e6rke Krog","@id":"https:\/\/kunmedierne.dk\/thy\/#\/schema\/person\/d266634ba6550d075ecf540d63b245d2"},"headline":"B\u00f8rnekulturnatten er lige om hj\u00f8rnet","datePublished":"2026-09-04T17:27:00+00:00","mainEntityOfPage":{"@id":"https:\/\/kunmedierne.dk\/thy\/boernekulturnatten-er-lige-om-hjoernet\/"},"wordCount":467,"publisher":{"@id":"https:\/\/kunmedierne.dk\/thy\/#organization"},"articleSection":["Kultur"],"inLanguage":"da-DK"},{"@type":"WebPage","@id":"https:\/\/kunmedierne.dk\/thy\/boernekulturnatten-er-lige-om-hjoernet\/","url":"https:\/\/kunmedierne.dk\/thy\/boernekulturnatten-er-lige-om-hjoernet\/","name":"B\u00f8rnekulturnatten er lige om hj\u00f8rnet - Thy","isPartOf":{"@id":"https:\/\/kunmedierne.dk\/thy\/#website"},"datePublished":"2026-09-04T17:27:00+00:00","breadcrumb":{"@id":"https:\/\/kunmedierne.dk\/thy\/boernekulturnatten-er-lige-om-hjoernet\/#breadcrumb"},"inLanguage":"da-DK","potentialAction":[{"@type":"ReadAction","target":["https:\/\/kunmedierne.dk\/thy\/boernekulturnatten-er-lige-om-hjoernet\/"]}]},{"@type":"BreadcrumbList","@id":"https:\/\/kunmedierne.dk\/thy\/boernekulturnatten-er-lige-om-hjoernet\/#breadcrumb","itemListElement":[{"@type":"ListItem","position":1,"name":"Home","item":"https:\/\/kunmedierne.dk\/thy\/"},{"@type":"ListItem","position":2,"name":"B\u00f8rnekulturnatten er lige om hj\u00f8rnet"}]},{"@type":"WebSite","@id":"https:\/\/kunmedierne.dk\/thy\/#website","url":"https:\/\/kunmedierne.dk\/thy\/","name":"Thy","description":"et netmedie med journalistik om livet i Thy","publisher":{"@id":"https:\/\/kunmedierne.dk\/thy\/#organization"},"potentialAction":[{"@type":"SearchAction","target":{"@type":"EntryPoint","urlTemplate":"https:\/\/kunmedierne.dk\/thy\/?s={search_term_string}"},"query-input":{"@type":"PropertyValueSpecification","valueRequired":true,"valueName":"search_term_string"}}],"inLanguage":"da-DK"},{"@type":"Organization","@id":"https:\/\/kunmedierne.dk\/thy\/#organization","name":"Thy","url":"https:\/\/kunmedierne.dk\/thy\/","logo":{"@type":"ImageObject","inLanguage":"da-DK","@id":"https:\/\/kunmedierne.dk\/thy\/#\/schema\/logo\/image\/","url":"https:\/\/kunmedierne.dk\/thy\/wp-content\/uploads\/sites\/2\/2025\/04\/kunthy-logo.svg","contentUrl":"https:\/\/kunmedierne.dk\/thy\/wp-content\/uploads\/sites\/2\/2025\/04\/kunthy-logo.svg","caption":"Thy"},"image":{"@id":"https:\/\/kunmedierne.dk\/thy\/#\/schema\/logo\/image\/"}},{"@type":"Person","@id":"https:\/\/kunmedierne.dk\/thy\/#\/schema\/person\/d266634ba6550d075ecf540d63b245d2","name":"Lone L\u00e6rke Krog","image":{"@type":"ImageObject","inLanguage":"da-DK","@id":"https:\/\/secure.gravatar.com\/avatar\/496ddc7080e56b4ac64cfd4e56bd6d1ee396fa3db1923aa22f11346f60bb135b?s=96&d=mm&r=g","url":"https:\/\/secure.gravatar.com\/avatar\/496ddc7080e56b4ac64cfd4e56bd6d1ee396fa3db1923aa22f11346f60bb135b?s=96&d=mm&r=g","contentUrl":"https:\/\/secure.gravatar.com\/avatar\/496ddc7080e56b4ac64cfd4e56bd6d1ee396fa3db1923aa22f11346f60bb135b?s=96&d=mm&r=g","caption":"Lone L\u00e6rke Krog"},"url":"https:\/\/kunmedierne.dk\/thy\/author\/llk\/"}]}},"_links":{"self":[{"href":"https:\/\/kunmedierne.dk\/thy\/wp-json\/wp\/v2\/posts\/26766","targetHints":{"allow":["GET"]}}],"collection":[{"href":"https:\/\/kunmedierne.dk\/thy\/wp-json\/wp\/v2\/posts"}],"about":[{"href":"https:\/\/kunmedierne.dk\/thy\/wp-json\/wp\/v2\/types\/post"}],"author":[{"embeddable":true,"href":"https:\/\/kunmedierne.dk\/thy\/wp-json\/wp\/v2\/users\/1925"}],"replies":[{"embeddable":true,"href":"https:\/\/kunmedierne.dk\/thy\/wp-json\/wp\/v2\/comments?post=26766"}],"version-history":[{"count":4,"href":"https:\/\/kunmedierne.dk\/thy\/wp-json\/wp\/v2\/posts\/26766\/revisions"}],"predecessor-version":[{"id":26773,"href":"https:\/\/kunmedierne.dk\/thy\/wp-json\/wp\/v2\/posts\/26766\/revisions\/26773"}],"wp:attachment":[{"href":"https:\/\/kunmedierne.dk\/thy\/wp-json\/wp\/v2\/media?parent=26766"}],"wp:term":[{"taxonomy":"category","embeddable":true,"href":"https:\/\/kunmedierne.dk\/thy\/wp-json\/wp\/v2\/categories?post=26766"},{"taxonomy":"post_tag","embeddable":true,"href":"https:\/\/kunmedierne.dk\/thy\/wp-json\/wp\/v2\/tags?post=26766"}],"curies":[{"name":"wp","href":"https:\/\/api.w.org\/{rel}","templated":true}]}}