{"id":26760,"date":"2026-09-02T20:37:58","date_gmt":"2026-09-02T18:37:58","guid":{"rendered":"https:\/\/kunmedierne.dk\/thy\/?p=26760"},"modified":"2026-09-02T20:38:45","modified_gmt":"2026-09-02T18:38:45","slug":"ligakamp-mors-thy-gik-ned-til-sidst-i-skjern","status":"publish","type":"post","link":"https:\/\/kunmedierne.dk\/thy\/ligakamp-mors-thy-gik-ned-til-sidst-i-skjern\/","title":{"rendered":"<span>Ligakamp: <\/span>Mors-Thy gik ned til sidst i Skjern"},"content":{"rendered":"<p><strong>H\u00c5NDBOLD<\/strong>: Det var ikke langt fra at lykkes for Mors-Thy onsdag aften i Skjern, men endte alligevel med et nederlag p\u00e5 tre i tredje ligarunde.<\/p>\n<p>I Skjern Bank Arena fik Toni Johanssons mandskab uden en skadet Gustav Sunesen skabt en j\u00e6vnbyrdig kamp, men fra 29-29 med 10 minutter tilbage rykkede hjemmeholdet til 33-30 og vandt opg\u00f8ret med 35-32.<\/p>\n<a class=\"dvrt-link\" onClick=\"cdmtrack_click(683,jQuery(this));return false\" href=\"https:\/\/vester-begr.dk\/?utm_source=google&amp;utm_medium=advative&amp;gad_source=1&amp;gclid=Cj0KCQjwtJ6_BhDWARIsAGanmKfl-hGVVjCYiOgSKoGoxrow4kvXybZsnruKJYTslvqZDywT6a9PCQwaAmBjEALw_wcB\"><img decoding=\"async\" style=\"width:100%;\" src=\"https:\/\/kunmedierne.dk\/thy\/wp-content\/uploads\/sites\/2\/2025\/03\/260203VesterHoukaer-02022026.jpg\"><\/a><script>cdmtrack_view(683);<\/script>\n<p>Skjern \u00e5bnede ogs\u00e5 kampen med f\u00f8ringer og kom tidligt p\u00e5 7-4, men fire redninger i tr\u00e6k af Rasmus Henriksen gav Mors-Thy mulighed for at n\u00e5 op, og efter 14 minutter kunne Sebastian Barthold oms\u00e6tte et straffkast til 7-7.<\/p>\n<p>Herefter tog g\u00e6sterne flere f\u00f8ringer, men m\u00e5tte igen se v\u00e6rterne g\u00e5 forbi, inden f\u00f8rste halvleg meget passende endte remis med 17-17 p\u00e5 m\u00e5ltavlen.<\/p>\n<p>J\u00e6vnbyrdigheden fortsatte i anden halvleg &#8211; men med Skjern p\u00e5 stort set alle f\u00f8ringer frem imod 29-29 med 10 minutter tilbage. Her kostede en udvisning til Lasse Pedersen, da hjemmeholdet scorede to gange til 31-29. De n\u00e5ede ogs\u00e5 foran med tre, og efter en fejlaflevering af en ellers st\u00e6rk Anton Houe blev kampen afgjort til 34-30 med mindre end tre minutter tilbage.<\/p>\n<a class=\"dvrt-link\" onClick=\"cdmtrack_click(7877,jQuery(this));return false\" href=\"https:\/\/kunmedierne.dk\/thy\/jobopslag-paa-kunthy-og-kunmors-bliver-vist-paa-begge-medier-til-samme-lave-pris\/\"><img decoding=\"async\" style=\"width:100%;\" src=\"https:\/\/kunmedierne.dk\/thy\/wp-content\/uploads\/sites\/2\/2025\/08\/jobannonce-kunmedierne.jpg\"><\/a><script>cdmtrack_view(7877);<\/script>\n<p>Mors-Thy er dermed noteret for to point for tre kampe inden n\u00e6ste vanskelige opgave p\u00e5 s\u00f8ndag i Nyk\u00f8bing mod GOG.<\/p>\n<p>L\u00e6s mere om kampen mod Skjern torsdag.<\/p>\n","protected":false},"excerpt":{"rendered":"<p>H\u00c5NDBOLD: Det var ikke langt fra at lykkes for Mors-Thy onsdag aften i Skjern, men endte alligevel med et nederlag p\u00e5 tre i tredje ligarunde. I Skjern Bank Arena fik Toni Johanssons mandskab uden en skadet Gustav Sunesen skabt en j\u00e6vnbyrdig kamp, men fra 29-29 med 10 minutter tilbage rykkede hjemmeholdet til 33-30 og vandt [&hellip;]<\/p>\n","protected":false},"author":8,"featured_media":0,"comment_status":"closed","ping_status":"closed","sticky":false,"template":"","format":"standard","meta":{"_acf_changed":false,"footnotes":""},"categories":[22],"tags":[],"class_list":["post-26760","post","type-post","status-publish","format-standard","hentry","category-sport"],"acf":[],"yoast_head":"<!-- This site is optimized with the Yoast SEO plugin v27.7 - https:\/\/yoast.com\/product\/yoast-seo-wordpress\/ -->\n<title>Ligakamp: Mors-Thy gik ned til sidst i Skjern - Thy<\/title>\n<meta name=\"robots\" content=\"index, follow, max-snippet:-1, max-image-preview:large, max-video-preview:-1\" \/>\n<link rel=\"canonical\" href=\"https:\/\/kunmedierne.dk\/thy\/ligakamp-mors-thy-gik-ned-til-sidst-i-skjern\/\" \/>\n<meta property=\"og:locale\" content=\"da_DK\" \/>\n<meta property=\"og:type\" content=\"article\" \/>\n<meta property=\"og:title\" content=\"Ligakamp: Mors-Thy gik ned til sidst i Skjern - Thy\" \/>\n<meta property=\"og:description\" content=\"H\u00c5NDBOLD: Det var ikke langt fra at lykkes for Mors-Thy onsdag aften i Skjern, men endte alligevel med et nederlag p\u00e5 tre i tredje ligarunde. I Skjern Bank Arena fik Toni Johanssons mandskab uden en skadet Gustav Sunesen skabt en j\u00e6vnbyrdig kamp, men fra 29-29 med 10 minutter tilbage rykkede hjemmeholdet til 33-30 og vandt [&hellip;]\" \/>\n<meta property=\"og:url\" content=\"https:\/\/kunmedierne.dk\/thy\/ligakamp-mors-thy-gik-ned-til-sidst-i-skjern\/\" \/>\n<meta property=\"og:site_name\" content=\"Thy\" \/>\n<meta property=\"article:published_time\" content=\"2026-09-02T18:37:58+00:00\" \/>\n<meta property=\"article:modified_time\" content=\"2026-09-02T18:38:45+00:00\" \/>\n<meta name=\"author\" content=\"David H\u00f8jmark\" \/>\n<meta name=\"twitter:card\" content=\"summary_large_image\" \/>\n<meta name=\"twitter:label1\" content=\"Skrevet af\" \/>\n\t<meta name=\"twitter:data1\" content=\"David H\u00f8jmark\" \/>\n\t<meta name=\"twitter:label2\" content=\"Estimeret l\u00e6setid\" \/>\n\t<meta name=\"twitter:data2\" content=\"2 minutter\" \/>\n<script type=\"application\/ld+json\" class=\"yoast-schema-graph\">{\"@context\":\"https:\\\/\\\/schema.org\",\"@graph\":[{\"@type\":\"Article\",\"@id\":\"https:\\\/\\\/kunmedierne.dk\\\/thy\\\/ligakamp-mors-thy-gik-ned-til-sidst-i-skjern\\\/#article\",\"isPartOf\":{\"@id\":\"https:\\\/\\\/kunmedierne.dk\\\/thy\\\/ligakamp-mors-thy-gik-ned-til-sidst-i-skjern\\\/\"},\"author\":{\"name\":\"David H\u00f8jmark\",\"@id\":\"https:\\\/\\\/kunmedierne.dk\\\/thy\\\/#\\\/schema\\\/person\\\/5fe23251bf1d0abbcdc6f7896579d548\"},\"headline\":\"Ligakamp: Mors-Thy gik ned til sidst i Skjern\",\"datePublished\":\"2026-09-02T18:37:58+00:00\",\"dateModified\":\"2026-09-02T18:38:45+00:00\",\"mainEntityOfPage\":{\"@id\":\"https:\\\/\\\/kunmedierne.dk\\\/thy\\\/ligakamp-mors-thy-gik-ned-til-sidst-i-skjern\\\/\"},\"wordCount\":237,\"publisher\":{\"@id\":\"https:\\\/\\\/kunmedierne.dk\\\/thy\\\/#organization\"},\"articleSection\":[\"Sport\"],\"inLanguage\":\"da-DK\"},{\"@type\":\"WebPage\",\"@id\":\"https:\\\/\\\/kunmedierne.dk\\\/thy\\\/ligakamp-mors-thy-gik-ned-til-sidst-i-skjern\\\/\",\"url\":\"https:\\\/\\\/kunmedierne.dk\\\/thy\\\/ligakamp-mors-thy-gik-ned-til-sidst-i-skjern\\\/\",\"name\":\"Ligakamp: Mors-Thy gik ned til sidst i Skjern - Thy\",\"isPartOf\":{\"@id\":\"https:\\\/\\\/kunmedierne.dk\\\/thy\\\/#website\"},\"datePublished\":\"2026-09-02T18:37:58+00:00\",\"dateModified\":\"2026-09-02T18:38:45+00:00\",\"breadcrumb\":{\"@id\":\"https:\\\/\\\/kunmedierne.dk\\\/thy\\\/ligakamp-mors-thy-gik-ned-til-sidst-i-skjern\\\/#breadcrumb\"},\"inLanguage\":\"da-DK\",\"potentialAction\":[{\"@type\":\"ReadAction\",\"target\":[\"https:\\\/\\\/kunmedierne.dk\\\/thy\\\/ligakamp-mors-thy-gik-ned-til-sidst-i-skjern\\\/\"]}]},{\"@type\":\"BreadcrumbList\",\"@id\":\"https:\\\/\\\/kunmedierne.dk\\\/thy\\\/ligakamp-mors-thy-gik-ned-til-sidst-i-skjern\\\/#breadcrumb\",\"itemListElement\":[{\"@type\":\"ListItem\",\"position\":1,\"name\":\"Home\",\"item\":\"https:\\\/\\\/kunmedierne.dk\\\/thy\\\/\"},{\"@type\":\"ListItem\",\"position\":2,\"name\":\"Ligakamp: Mors-Thy gik ned til sidst i Skjern\"}]},{\"@type\":\"WebSite\",\"@id\":\"https:\\\/\\\/kunmedierne.dk\\\/thy\\\/#website\",\"url\":\"https:\\\/\\\/kunmedierne.dk\\\/thy\\\/\",\"name\":\"Thy\",\"description\":\"et netmedie med journalistik om livet i Thy\",\"publisher\":{\"@id\":\"https:\\\/\\\/kunmedierne.dk\\\/thy\\\/#organization\"},\"potentialAction\":[{\"@type\":\"SearchAction\",\"target\":{\"@type\":\"EntryPoint\",\"urlTemplate\":\"https:\\\/\\\/kunmedierne.dk\\\/thy\\\/?s={search_term_string}\"},\"query-input\":{\"@type\":\"PropertyValueSpecification\",\"valueRequired\":true,\"valueName\":\"search_term_string\"}}],\"inLanguage\":\"da-DK\"},{\"@type\":\"Organization\",\"@id\":\"https:\\\/\\\/kunmedierne.dk\\\/thy\\\/#organization\",\"name\":\"Thy\",\"url\":\"https:\\\/\\\/kunmedierne.dk\\\/thy\\\/\",\"logo\":{\"@type\":\"ImageObject\",\"inLanguage\":\"da-DK\",\"@id\":\"https:\\\/\\\/kunmedierne.dk\\\/thy\\\/#\\\/schema\\\/logo\\\/image\\\/\",\"url\":\"https:\\\/\\\/kunmedierne.dk\\\/thy\\\/wp-content\\\/uploads\\\/sites\\\/2\\\/2025\\\/04\\\/kunthy-logo.svg\",\"contentUrl\":\"https:\\\/\\\/kunmedierne.dk\\\/thy\\\/wp-content\\\/uploads\\\/sites\\\/2\\\/2025\\\/04\\\/kunthy-logo.svg\",\"caption\":\"Thy\"},\"image\":{\"@id\":\"https:\\\/\\\/kunmedierne.dk\\\/thy\\\/#\\\/schema\\\/logo\\\/image\\\/\"}},{\"@type\":\"Person\",\"@id\":\"https:\\\/\\\/kunmedierne.dk\\\/thy\\\/#\\\/schema\\\/person\\\/5fe23251bf1d0abbcdc6f7896579d548\",\"name\":\"David H\u00f8jmark\",\"image\":{\"@type\":\"ImageObject\",\"inLanguage\":\"da-DK\",\"@id\":\"https:\\\/\\\/secure.gravatar.com\\\/avatar\\\/4315d6fb9ef244d729989f5f90268eb08d5bf8a3d84402f595fa194bb35784fd?s=96&d=mm&r=g\",\"url\":\"https:\\\/\\\/secure.gravatar.com\\\/avatar\\\/4315d6fb9ef244d729989f5f90268eb08d5bf8a3d84402f595fa194bb35784fd?s=96&d=mm&r=g\",\"contentUrl\":\"https:\\\/\\\/secure.gravatar.com\\\/avatar\\\/4315d6fb9ef244d729989f5f90268eb08d5bf8a3d84402f595fa194bb35784fd?s=96&d=mm&r=g\",\"caption\":\"David H\u00f8jmark\"},\"sameAs\":[\"https:\\\/\\\/www.kunmedierne.dk\"],\"url\":\"https:\\\/\\\/kunmedierne.dk\\\/thy\\\/author\\\/david\\\/\"}]}<\/script>\n<!-- \/ Yoast SEO plugin. -->","yoast_head_json":{"title":"Ligakamp: Mors-Thy gik ned til sidst i Skjern - Thy","robots":{"index":"index","follow":"follow","max-snippet":"max-snippet:-1","max-image-preview":"max-image-preview:large","max-video-preview":"max-video-preview:-1"},"canonical":"https:\/\/kunmedierne.dk\/thy\/ligakamp-mors-thy-gik-ned-til-sidst-i-skjern\/","og_locale":"da_DK","og_type":"article","og_title":"Ligakamp: Mors-Thy gik ned til sidst i Skjern - Thy","og_description":"H\u00c5NDBOLD: Det var ikke langt fra at lykkes for Mors-Thy onsdag aften i Skjern, men endte alligevel med et nederlag p\u00e5 tre i tredje ligarunde. I Skjern Bank Arena fik Toni Johanssons mandskab uden en skadet Gustav Sunesen skabt en j\u00e6vnbyrdig kamp, men fra 29-29 med 10 minutter tilbage rykkede hjemmeholdet til 33-30 og vandt [&hellip;]","og_url":"https:\/\/kunmedierne.dk\/thy\/ligakamp-mors-thy-gik-ned-til-sidst-i-skjern\/","og_site_name":"Thy","article_published_time":"2026-09-02T18:37:58+00:00","article_modified_time":"2026-09-02T18:38:45+00:00","author":"David H\u00f8jmark","twitter_card":"summary_large_image","twitter_misc":{"Skrevet af":"David H\u00f8jmark","Estimeret l\u00e6setid":"2 minutter"},"schema":{"@context":"https:\/\/schema.org","@graph":[{"@type":"Article","@id":"https:\/\/kunmedierne.dk\/thy\/ligakamp-mors-thy-gik-ned-til-sidst-i-skjern\/#article","isPartOf":{"@id":"https:\/\/kunmedierne.dk\/thy\/ligakamp-mors-thy-gik-ned-til-sidst-i-skjern\/"},"author":{"name":"David H\u00f8jmark","@id":"https:\/\/kunmedierne.dk\/thy\/#\/schema\/person\/5fe23251bf1d0abbcdc6f7896579d548"},"headline":"Ligakamp: Mors-Thy gik ned til sidst i Skjern","datePublished":"2026-09-02T18:37:58+00:00","dateModified":"2026-09-02T18:38:45+00:00","mainEntityOfPage":{"@id":"https:\/\/kunmedierne.dk\/thy\/ligakamp-mors-thy-gik-ned-til-sidst-i-skjern\/"},"wordCount":237,"publisher":{"@id":"https:\/\/kunmedierne.dk\/thy\/#organization"},"articleSection":["Sport"],"inLanguage":"da-DK"},{"@type":"WebPage","@id":"https:\/\/kunmedierne.dk\/thy\/ligakamp-mors-thy-gik-ned-til-sidst-i-skjern\/","url":"https:\/\/kunmedierne.dk\/thy\/ligakamp-mors-thy-gik-ned-til-sidst-i-skjern\/","name":"Ligakamp: Mors-Thy gik ned til sidst i Skjern - Thy","isPartOf":{"@id":"https:\/\/kunmedierne.dk\/thy\/#website"},"datePublished":"2026-09-02T18:37:58+00:00","dateModified":"2026-09-02T18:38:45+00:00","breadcrumb":{"@id":"https:\/\/kunmedierne.dk\/thy\/ligakamp-mors-thy-gik-ned-til-sidst-i-skjern\/#breadcrumb"},"inLanguage":"da-DK","potentialAction":[{"@type":"ReadAction","target":["https:\/\/kunmedierne.dk\/thy\/ligakamp-mors-thy-gik-ned-til-sidst-i-skjern\/"]}]},{"@type":"BreadcrumbList","@id":"https:\/\/kunmedierne.dk\/thy\/ligakamp-mors-thy-gik-ned-til-sidst-i-skjern\/#breadcrumb","itemListElement":[{"@type":"ListItem","position":1,"name":"Home","item":"https:\/\/kunmedierne.dk\/thy\/"},{"@type":"ListItem","position":2,"name":"Ligakamp: Mors-Thy gik ned til sidst i Skjern"}]},{"@type":"WebSite","@id":"https:\/\/kunmedierne.dk\/thy\/#website","url":"https:\/\/kunmedierne.dk\/thy\/","name":"Thy","description":"et netmedie med journalistik om livet i Thy","publisher":{"@id":"https:\/\/kunmedierne.dk\/thy\/#organization"},"potentialAction":[{"@type":"SearchAction","target":{"@type":"EntryPoint","urlTemplate":"https:\/\/kunmedierne.dk\/thy\/?s={search_term_string}"},"query-input":{"@type":"PropertyValueSpecification","valueRequired":true,"valueName":"search_term_string"}}],"inLanguage":"da-DK"},{"@type":"Organization","@id":"https:\/\/kunmedierne.dk\/thy\/#organization","name":"Thy","url":"https:\/\/kunmedierne.dk\/thy\/","logo":{"@type":"ImageObject","inLanguage":"da-DK","@id":"https:\/\/kunmedierne.dk\/thy\/#\/schema\/logo\/image\/","url":"https:\/\/kunmedierne.dk\/thy\/wp-content\/uploads\/sites\/2\/2025\/04\/kunthy-logo.svg","contentUrl":"https:\/\/kunmedierne.dk\/thy\/wp-content\/uploads\/sites\/2\/2025\/04\/kunthy-logo.svg","caption":"Thy"},"image":{"@id":"https:\/\/kunmedierne.dk\/thy\/#\/schema\/logo\/image\/"}},{"@type":"Person","@id":"https:\/\/kunmedierne.dk\/thy\/#\/schema\/person\/5fe23251bf1d0abbcdc6f7896579d548","name":"David H\u00f8jmark","image":{"@type":"ImageObject","inLanguage":"da-DK","@id":"https:\/\/secure.gravatar.com\/avatar\/4315d6fb9ef244d729989f5f90268eb08d5bf8a3d84402f595fa194bb35784fd?s=96&d=mm&r=g","url":"https:\/\/secure.gravatar.com\/avatar\/4315d6fb9ef244d729989f5f90268eb08d5bf8a3d84402f595fa194bb35784fd?s=96&d=mm&r=g","contentUrl":"https:\/\/secure.gravatar.com\/avatar\/4315d6fb9ef244d729989f5f90268eb08d5bf8a3d84402f595fa194bb35784fd?s=96&d=mm&r=g","caption":"David H\u00f8jmark"},"sameAs":["https:\/\/www.kunmedierne.dk"],"url":"https:\/\/kunmedierne.dk\/thy\/author\/david\/"}]}},"_links":{"self":[{"href":"https:\/\/kunmedierne.dk\/thy\/wp-json\/wp\/v2\/posts\/26760","targetHints":{"allow":["GET"]}}],"collection":[{"href":"https:\/\/kunmedierne.dk\/thy\/wp-json\/wp\/v2\/posts"}],"about":[{"href":"https:\/\/kunmedierne.dk\/thy\/wp-json\/wp\/v2\/types\/post"}],"author":[{"embeddable":true,"href":"https:\/\/kunmedierne.dk\/thy\/wp-json\/wp\/v2\/users\/8"}],"replies":[{"embeddable":true,"href":"https:\/\/kunmedierne.dk\/thy\/wp-json\/wp\/v2\/comments?post=26760"}],"version-history":[{"count":1,"href":"https:\/\/kunmedierne.dk\/thy\/wp-json\/wp\/v2\/posts\/26760\/revisions"}],"predecessor-version":[{"id":26763,"href":"https:\/\/kunmedierne.dk\/thy\/wp-json\/wp\/v2\/posts\/26760\/revisions\/26763"}],"wp:attachment":[{"href":"https:\/\/kunmedierne.dk\/thy\/wp-json\/wp\/v2\/media?parent=26760"}],"wp:term":[{"taxonomy":"category","embeddable":true,"href":"https:\/\/kunmedierne.dk\/thy\/wp-json\/wp\/v2\/categories?post=26760"},{"taxonomy":"post_tag","embeddable":true,"href":"https:\/\/kunmedierne.dk\/thy\/wp-json\/wp\/v2\/tags?post=26760"}],"curies":[{"name":"wp","href":"https:\/\/api.w.org\/{rel}","templated":true}]}}