{"id":26734,"date":"2026-09-02T16:47:11","date_gmt":"2026-09-02T14:47:11","guid":{"rendered":"https:\/\/kunmedierne.dk\/thy\/?p=26734"},"modified":"2026-09-02T15:40:37","modified_gmt":"2026-09-02T13:40:37","slug":"samarbejde-mellem-uddannelsesinstitutioner-skal-styrke-de-unges-uddannelsesmuligheder-lokalt","status":"publish","type":"post","link":"https:\/\/kunmedierne.dk\/thy\/samarbejde-mellem-uddannelsesinstitutioner-skal-styrke-de-unges-uddannelsesmuligheder-lokalt\/","title":{"rendered":"Samarbejde mellem uddannelsesinstitutioner skal styrke de unges uddannelsesmuligheder lokalt"},"content":{"rendered":"<p><strong>UDDANNELSE:<\/strong> Der var lagt op til en f\u00e6llesskabsstyrkende workshop i naturen for elever fra b\u00e5de UCN Campus Thy og Thy-Mors HF og VUC. Her skulle eleverne v\u00e6re med til at unders\u00f8ge, hvordan naturen kan v\u00e6re med til at skabe nye perspektiver p\u00e5 f\u00e6llesskab, l\u00e6ring og relationer. Workshoppen blev faciliteret af underviser og forsker p\u00e5 UCN Campus Thy, Hanne Kusk.<\/p>\n<p>Workshoppen var en del af et brobygningssamarbejde mellem Thy-Mors HF &amp; VUC og UCN. Med udgangspunkt i forsker Helene Illeris&#8217; tre tilgange til naturen: intimitet, solidaritet og skr\u00f8belighed, blev eleverne inviteret til at opleve naturen gennem sansning, stilhed og f\u00e6lles refleksion.<\/p>\n<p><span data-olk-copy-source=\"MessageBody\"><a class=\"dvrt-link\" onClick=\"cdmtrack_click(683,jQuery(this));return false\" href=\"https:\/\/vester-begr.dk\/?utm_source=google&amp;utm_medium=advative&amp;gad_source=1&amp;gclid=Cj0KCQjwtJ6_BhDWARIsAGanmKfl-hGVVjCYiOgSKoGoxrow4kvXybZsnruKJYTslvqZDywT6a9PCQwaAmBjEALw_wcB\"><img decoding=\"async\" style=\"width:100%;\" src=\"https:\/\/kunmedierne.dk\/thy\/wp-content\/uploads\/sites\/2\/2025\/03\/260203VesterHoukaer-02022026.jpg\"><\/a><script>cdmtrack_view(683);<\/script><\/span><\/p>\n<div id=\"attachment_26751\" style=\"width: 5437px\" class=\"wp-caption alignnone\"><img loading=\"lazy\" decoding=\"async\" aria-describedby=\"caption-attachment-26751\" class=\"wp-image-26751 size-full\" src=\"https:\/\/kunmedierne.dk\/thy\/wp-content\/uploads\/sites\/2\/2026\/09\/3.jpg\" alt=\"\" width=\"5427\" height=\"3618\" srcset=\"https:\/\/kunmedierne.dk\/thy\/wp-content\/uploads\/sites\/2\/2026\/09\/3.jpg 5427w, https:\/\/kunmedierne.dk\/thy\/wp-content\/uploads\/sites\/2\/2026\/09\/3-300x200.jpg 300w, https:\/\/kunmedierne.dk\/thy\/wp-content\/uploads\/sites\/2\/2026\/09\/3-1024x683.jpg 1024w, https:\/\/kunmedierne.dk\/thy\/wp-content\/uploads\/sites\/2\/2026\/09\/3-510x340.jpg 510w\" sizes=\"auto, (max-width: 5427px) 100vw, 5427px\" \/><p id=\"caption-attachment-26751\" class=\"wp-caption-text\">Foto: Thy-Mors HF og VUC<\/p><\/div>\n<p>&#8211; Jeg synes, det er rigtig vigtigt med det her samarbejde mellem UCN og Thy-Mors HF &amp; VUC. Vi vil rigtig gerne lave flere samarbejder, fordi vi synes, det er vigtigt, at vi her i Thy holder sammen og finder ud af, at vi har rigtig meget tilf\u00e6lles og kan skabe vidunderlige ting sammen, siger Hanne Kusk.<\/p>\n<p>Dagens workshop og tur i naturen satte fokus p\u00e5 f\u00e6llesskabet og fremtidige uddannelsesmuligheder.<\/p>\n<p><span data-olk-copy-source=\"MessageBody\"><a class=\"dvrt-link\" onClick=\"cdmtrack_click(689,jQuery(this));return false\" href=\"https:\/\/www.thistedbolig.dk\"><img decoding=\"async\" style=\"width:100%;\" src=\"https:\/\/kunmedierne.dk\/thy\/wp-content\/uploads\/sites\/2\/2025\/03\/260901Thibolig-mere-fritid-002-1.jpg\"><\/a><script>cdmtrack_view(689);<\/script><\/span><\/p>\n<p><strong>Fokus p\u00e5 lokale uddannelsesmuligheder <\/strong><\/p>\n<p>For studievejleder Nina Engholm er samarbejdet mellem de to uddannelsesinstitutioner ikke bare en gevinst for f\u00e6llesskabet og elevernes l\u00e6ring. Det er ogs\u00e5 en oplagt mulighed for at vise, hvilke muligheder der er for de unge, at videreuddanne sig lokalt.<\/p>\n<p>&#8211; Jeg er meget optaget af, at de elever, vi har, bliver studenter herfra og er klar over alle de uddannelsesmuligheder, vi har i Thy. Mange af de unge, som kommer hertil fra hele Danmark, har faktisk ofte lyst til at blive i Thy. Derfor er det vigtigt at vide, at man ogs\u00e5 kan videreuddanne sig her, siger Nina Engholm.<\/p>\n<div id=\"attachment_26750\" style=\"width: 5437px\" class=\"wp-caption alignnone\"><img loading=\"lazy\" decoding=\"async\" aria-describedby=\"caption-attachment-26750\" class=\"wp-image-26750 size-full\" src=\"https:\/\/kunmedierne.dk\/thy\/wp-content\/uploads\/sites\/2\/2026\/09\/2.jpg\" alt=\"\" width=\"5427\" height=\"3618\" srcset=\"https:\/\/kunmedierne.dk\/thy\/wp-content\/uploads\/sites\/2\/2026\/09\/2.jpg 5427w, https:\/\/kunmedierne.dk\/thy\/wp-content\/uploads\/sites\/2\/2026\/09\/2-300x200.jpg 300w, https:\/\/kunmedierne.dk\/thy\/wp-content\/uploads\/sites\/2\/2026\/09\/2-1024x683.jpg 1024w, https:\/\/kunmedierne.dk\/thy\/wp-content\/uploads\/sites\/2\/2026\/09\/2-510x340.jpg 510w\" sizes=\"auto, (max-width: 5427px) 100vw, 5427px\" \/><p id=\"caption-attachment-26750\" class=\"wp-caption-text\">Foto: Thy-Mors HF og VUC<\/p><\/div>\n","protected":false},"excerpt":{"rendered":"<p>UDDANNELSE: Der var lagt op til en f\u00e6llesskabsstyrkende workshop i naturen for elever fra b\u00e5de UCN Campus Thy og Thy-Mors HF og VUC. Her skulle eleverne v\u00e6re med til at unders\u00f8ge, hvordan naturen kan v\u00e6re med til at skabe nye perspektiver p\u00e5 f\u00e6llesskab, l\u00e6ring og relationer. Workshoppen blev faciliteret af underviser og forsker p\u00e5 UCN [&hellip;]<\/p>\n","protected":false},"author":5146,"featured_media":0,"comment_status":"closed","ping_status":"closed","sticky":false,"template":"","format":"standard","meta":{"_acf_changed":false,"footnotes":""},"categories":[24],"tags":[90],"class_list":["post-26734","post","type-post","status-publish","format-standard","hentry","category-lokalt","tag-uddannelse"],"acf":[],"yoast_head":"<!-- This site is optimized with the Yoast SEO plugin v27.7 - https:\/\/yoast.com\/product\/yoast-seo-wordpress\/ -->\n<title>Samarbejde mellem uddannelsesinstitutioner skal styrke de unges uddannelsesmuligheder lokalt - Thy<\/title>\n<meta name=\"robots\" content=\"index, follow, max-snippet:-1, max-image-preview:large, max-video-preview:-1\" \/>\n<link rel=\"canonical\" href=\"https:\/\/kunmedierne.dk\/thy\/samarbejde-mellem-uddannelsesinstitutioner-skal-styrke-de-unges-uddannelsesmuligheder-lokalt\/\" \/>\n<meta property=\"og:locale\" content=\"da_DK\" \/>\n<meta property=\"og:type\" content=\"article\" \/>\n<meta property=\"og:title\" content=\"Samarbejde mellem uddannelsesinstitutioner skal styrke de unges uddannelsesmuligheder lokalt - Thy\" \/>\n<meta property=\"og:description\" content=\"UDDANNELSE: Der var lagt op til en f\u00e6llesskabsstyrkende workshop i naturen for elever fra b\u00e5de UCN Campus Thy og Thy-Mors HF og VUC. Her skulle eleverne v\u00e6re med til at unders\u00f8ge, hvordan naturen kan v\u00e6re med til at skabe nye perspektiver p\u00e5 f\u00e6llesskab, l\u00e6ring og relationer. Workshoppen blev faciliteret af underviser og forsker p\u00e5 UCN [&hellip;]\" \/>\n<meta property=\"og:url\" content=\"https:\/\/kunmedierne.dk\/thy\/samarbejde-mellem-uddannelsesinstitutioner-skal-styrke-de-unges-uddannelsesmuligheder-lokalt\/\" \/>\n<meta property=\"og:site_name\" content=\"Thy\" \/>\n<meta property=\"article:published_time\" content=\"2026-09-02T14:47:11+00:00\" \/>\n<meta property=\"og:image\" content=\"https:\/\/kunmedierne.dk\/thy\/wp-content\/uploads\/sites\/2\/2026\/09\/3.jpg\" \/>\n<meta name=\"author\" content=\"Katrine Kronstrand\" \/>\n<meta name=\"twitter:card\" content=\"summary_large_image\" \/>\n<meta name=\"twitter:label1\" content=\"Skrevet af\" \/>\n\t<meta name=\"twitter:data1\" content=\"Katrine Kronstrand\" \/>\n\t<meta name=\"twitter:label2\" content=\"Estimeret l\u00e6setid\" \/>\n\t<meta name=\"twitter:data2\" content=\"2 minutter\" \/>\n<script type=\"application\/ld+json\" class=\"yoast-schema-graph\">{\"@context\":\"https:\\\/\\\/schema.org\",\"@graph\":[{\"@type\":\"Article\",\"@id\":\"https:\\\/\\\/kunmedierne.dk\\\/thy\\\/samarbejde-mellem-uddannelsesinstitutioner-skal-styrke-de-unges-uddannelsesmuligheder-lokalt\\\/#article\",\"isPartOf\":{\"@id\":\"https:\\\/\\\/kunmedierne.dk\\\/thy\\\/samarbejde-mellem-uddannelsesinstitutioner-skal-styrke-de-unges-uddannelsesmuligheder-lokalt\\\/\"},\"author\":{\"name\":\"Katrine Kronstrand\",\"@id\":\"https:\\\/\\\/kunmedierne.dk\\\/thy\\\/#\\\/schema\\\/person\\\/41289bce3056a3e3d485ec8f09a96d28\"},\"headline\":\"Samarbejde mellem uddannelsesinstitutioner skal styrke de unges uddannelsesmuligheder lokalt\",\"datePublished\":\"2026-09-02T14:47:11+00:00\",\"mainEntityOfPage\":{\"@id\":\"https:\\\/\\\/kunmedierne.dk\\\/thy\\\/samarbejde-mellem-uddannelsesinstitutioner-skal-styrke-de-unges-uddannelsesmuligheder-lokalt\\\/\"},\"wordCount\":323,\"publisher\":{\"@id\":\"https:\\\/\\\/kunmedierne.dk\\\/thy\\\/#organization\"},\"image\":{\"@id\":\"https:\\\/\\\/kunmedierne.dk\\\/thy\\\/samarbejde-mellem-uddannelsesinstitutioner-skal-styrke-de-unges-uddannelsesmuligheder-lokalt\\\/#primaryimage\"},\"thumbnailUrl\":\"https:\\\/\\\/kunmedierne.dk\\\/thy\\\/wp-content\\\/uploads\\\/sites\\\/2\\\/2026\\\/09\\\/3.jpg\",\"keywords\":[\"Uddannelse\"],\"articleSection\":[\"Lokalt\"],\"inLanguage\":\"da-DK\"},{\"@type\":\"WebPage\",\"@id\":\"https:\\\/\\\/kunmedierne.dk\\\/thy\\\/samarbejde-mellem-uddannelsesinstitutioner-skal-styrke-de-unges-uddannelsesmuligheder-lokalt\\\/\",\"url\":\"https:\\\/\\\/kunmedierne.dk\\\/thy\\\/samarbejde-mellem-uddannelsesinstitutioner-skal-styrke-de-unges-uddannelsesmuligheder-lokalt\\\/\",\"name\":\"Samarbejde mellem uddannelsesinstitutioner skal styrke de unges uddannelsesmuligheder lokalt - Thy\",\"isPartOf\":{\"@id\":\"https:\\\/\\\/kunmedierne.dk\\\/thy\\\/#website\"},\"primaryImageOfPage\":{\"@id\":\"https:\\\/\\\/kunmedierne.dk\\\/thy\\\/samarbejde-mellem-uddannelsesinstitutioner-skal-styrke-de-unges-uddannelsesmuligheder-lokalt\\\/#primaryimage\"},\"image\":{\"@id\":\"https:\\\/\\\/kunmedierne.dk\\\/thy\\\/samarbejde-mellem-uddannelsesinstitutioner-skal-styrke-de-unges-uddannelsesmuligheder-lokalt\\\/#primaryimage\"},\"thumbnailUrl\":\"https:\\\/\\\/kunmedierne.dk\\\/thy\\\/wp-content\\\/uploads\\\/sites\\\/2\\\/2026\\\/09\\\/3.jpg\",\"datePublished\":\"2026-09-02T14:47:11+00:00\",\"breadcrumb\":{\"@id\":\"https:\\\/\\\/kunmedierne.dk\\\/thy\\\/samarbejde-mellem-uddannelsesinstitutioner-skal-styrke-de-unges-uddannelsesmuligheder-lokalt\\\/#breadcrumb\"},\"inLanguage\":\"da-DK\",\"potentialAction\":[{\"@type\":\"ReadAction\",\"target\":[\"https:\\\/\\\/kunmedierne.dk\\\/thy\\\/samarbejde-mellem-uddannelsesinstitutioner-skal-styrke-de-unges-uddannelsesmuligheder-lokalt\\\/\"]}]},{\"@type\":\"ImageObject\",\"inLanguage\":\"da-DK\",\"@id\":\"https:\\\/\\\/kunmedierne.dk\\\/thy\\\/samarbejde-mellem-uddannelsesinstitutioner-skal-styrke-de-unges-uddannelsesmuligheder-lokalt\\\/#primaryimage\",\"url\":\"https:\\\/\\\/kunmedierne.dk\\\/thy\\\/wp-content\\\/uploads\\\/sites\\\/2\\\/2026\\\/09\\\/3.jpg\",\"contentUrl\":\"https:\\\/\\\/kunmedierne.dk\\\/thy\\\/wp-content\\\/uploads\\\/sites\\\/2\\\/2026\\\/09\\\/3.jpg\",\"width\":5427,\"height\":3618,\"caption\":\"Foto: Thy-Mors HF og VUC\"},{\"@type\":\"BreadcrumbList\",\"@id\":\"https:\\\/\\\/kunmedierne.dk\\\/thy\\\/samarbejde-mellem-uddannelsesinstitutioner-skal-styrke-de-unges-uddannelsesmuligheder-lokalt\\\/#breadcrumb\",\"itemListElement\":[{\"@type\":\"ListItem\",\"position\":1,\"name\":\"Home\",\"item\":\"https:\\\/\\\/kunmedierne.dk\\\/thy\\\/\"},{\"@type\":\"ListItem\",\"position\":2,\"name\":\"Samarbejde mellem uddannelsesinstitutioner skal styrke de unges uddannelsesmuligheder lokalt\"}]},{\"@type\":\"WebSite\",\"@id\":\"https:\\\/\\\/kunmedierne.dk\\\/thy\\\/#website\",\"url\":\"https:\\\/\\\/kunmedierne.dk\\\/thy\\\/\",\"name\":\"Thy\",\"description\":\"et netmedie med journalistik om livet i Thy\",\"publisher\":{\"@id\":\"https:\\\/\\\/kunmedierne.dk\\\/thy\\\/#organization\"},\"potentialAction\":[{\"@type\":\"SearchAction\",\"target\":{\"@type\":\"EntryPoint\",\"urlTemplate\":\"https:\\\/\\\/kunmedierne.dk\\\/thy\\\/?s={search_term_string}\"},\"query-input\":{\"@type\":\"PropertyValueSpecification\",\"valueRequired\":true,\"valueName\":\"search_term_string\"}}],\"inLanguage\":\"da-DK\"},{\"@type\":\"Organization\",\"@id\":\"https:\\\/\\\/kunmedierne.dk\\\/thy\\\/#organization\",\"name\":\"Thy\",\"url\":\"https:\\\/\\\/kunmedierne.dk\\\/thy\\\/\",\"logo\":{\"@type\":\"ImageObject\",\"inLanguage\":\"da-DK\",\"@id\":\"https:\\\/\\\/kunmedierne.dk\\\/thy\\\/#\\\/schema\\\/logo\\\/image\\\/\",\"url\":\"https:\\\/\\\/kunmedierne.dk\\\/thy\\\/wp-content\\\/uploads\\\/sites\\\/2\\\/2025\\\/04\\\/kunthy-logo.svg\",\"contentUrl\":\"https:\\\/\\\/kunmedierne.dk\\\/thy\\\/wp-content\\\/uploads\\\/sites\\\/2\\\/2025\\\/04\\\/kunthy-logo.svg\",\"caption\":\"Thy\"},\"image\":{\"@id\":\"https:\\\/\\\/kunmedierne.dk\\\/thy\\\/#\\\/schema\\\/logo\\\/image\\\/\"}},{\"@type\":\"Person\",\"@id\":\"https:\\\/\\\/kunmedierne.dk\\\/thy\\\/#\\\/schema\\\/person\\\/41289bce3056a3e3d485ec8f09a96d28\",\"name\":\"Katrine Kronstrand\",\"image\":{\"@type\":\"ImageObject\",\"inLanguage\":\"da-DK\",\"@id\":\"https:\\\/\\\/secure.gravatar.com\\\/avatar\\\/0e5234af9ddb8e0f24a665d5498b736751c9a2b04d1d4880b0317784773e160a?s=96&d=mm&r=g\",\"url\":\"https:\\\/\\\/secure.gravatar.com\\\/avatar\\\/0e5234af9ddb8e0f24a665d5498b736751c9a2b04d1d4880b0317784773e160a?s=96&d=mm&r=g\",\"contentUrl\":\"https:\\\/\\\/secure.gravatar.com\\\/avatar\\\/0e5234af9ddb8e0f24a665d5498b736751c9a2b04d1d4880b0317784773e160a?s=96&d=mm&r=g\",\"caption\":\"Katrine Kronstrand\"},\"url\":\"https:\\\/\\\/kunmedierne.dk\\\/thy\\\/author\\\/katrine-kronstrand\\\/\"}]}<\/script>\n<!-- \/ Yoast SEO plugin. -->","yoast_head_json":{"title":"Samarbejde mellem uddannelsesinstitutioner skal styrke de unges uddannelsesmuligheder lokalt - Thy","robots":{"index":"index","follow":"follow","max-snippet":"max-snippet:-1","max-image-preview":"max-image-preview:large","max-video-preview":"max-video-preview:-1"},"canonical":"https:\/\/kunmedierne.dk\/thy\/samarbejde-mellem-uddannelsesinstitutioner-skal-styrke-de-unges-uddannelsesmuligheder-lokalt\/","og_locale":"da_DK","og_type":"article","og_title":"Samarbejde mellem uddannelsesinstitutioner skal styrke de unges uddannelsesmuligheder lokalt - Thy","og_description":"UDDANNELSE: Der var lagt op til en f\u00e6llesskabsstyrkende workshop i naturen for elever fra b\u00e5de UCN Campus Thy og Thy-Mors HF og VUC. Her skulle eleverne v\u00e6re med til at unders\u00f8ge, hvordan naturen kan v\u00e6re med til at skabe nye perspektiver p\u00e5 f\u00e6llesskab, l\u00e6ring og relationer. Workshoppen blev faciliteret af underviser og forsker p\u00e5 UCN [&hellip;]","og_url":"https:\/\/kunmedierne.dk\/thy\/samarbejde-mellem-uddannelsesinstitutioner-skal-styrke-de-unges-uddannelsesmuligheder-lokalt\/","og_site_name":"Thy","article_published_time":"2026-09-02T14:47:11+00:00","og_image":[{"url":"https:\/\/kunmedierne.dk\/thy\/wp-content\/uploads\/sites\/2\/2026\/09\/3.jpg","type":"","width":"","height":""}],"author":"Katrine Kronstrand","twitter_card":"summary_large_image","twitter_misc":{"Skrevet af":"Katrine Kronstrand","Estimeret l\u00e6setid":"2 minutter"},"schema":{"@context":"https:\/\/schema.org","@graph":[{"@type":"Article","@id":"https:\/\/kunmedierne.dk\/thy\/samarbejde-mellem-uddannelsesinstitutioner-skal-styrke-de-unges-uddannelsesmuligheder-lokalt\/#article","isPartOf":{"@id":"https:\/\/kunmedierne.dk\/thy\/samarbejde-mellem-uddannelsesinstitutioner-skal-styrke-de-unges-uddannelsesmuligheder-lokalt\/"},"author":{"name":"Katrine Kronstrand","@id":"https:\/\/kunmedierne.dk\/thy\/#\/schema\/person\/41289bce3056a3e3d485ec8f09a96d28"},"headline":"Samarbejde mellem uddannelsesinstitutioner skal styrke de unges uddannelsesmuligheder lokalt","datePublished":"2026-09-02T14:47:11+00:00","mainEntityOfPage":{"@id":"https:\/\/kunmedierne.dk\/thy\/samarbejde-mellem-uddannelsesinstitutioner-skal-styrke-de-unges-uddannelsesmuligheder-lokalt\/"},"wordCount":323,"publisher":{"@id":"https:\/\/kunmedierne.dk\/thy\/#organization"},"image":{"@id":"https:\/\/kunmedierne.dk\/thy\/samarbejde-mellem-uddannelsesinstitutioner-skal-styrke-de-unges-uddannelsesmuligheder-lokalt\/#primaryimage"},"thumbnailUrl":"https:\/\/kunmedierne.dk\/thy\/wp-content\/uploads\/sites\/2\/2026\/09\/3.jpg","keywords":["Uddannelse"],"articleSection":["Lokalt"],"inLanguage":"da-DK"},{"@type":"WebPage","@id":"https:\/\/kunmedierne.dk\/thy\/samarbejde-mellem-uddannelsesinstitutioner-skal-styrke-de-unges-uddannelsesmuligheder-lokalt\/","url":"https:\/\/kunmedierne.dk\/thy\/samarbejde-mellem-uddannelsesinstitutioner-skal-styrke-de-unges-uddannelsesmuligheder-lokalt\/","name":"Samarbejde mellem uddannelsesinstitutioner skal styrke de unges uddannelsesmuligheder lokalt - Thy","isPartOf":{"@id":"https:\/\/kunmedierne.dk\/thy\/#website"},"primaryImageOfPage":{"@id":"https:\/\/kunmedierne.dk\/thy\/samarbejde-mellem-uddannelsesinstitutioner-skal-styrke-de-unges-uddannelsesmuligheder-lokalt\/#primaryimage"},"image":{"@id":"https:\/\/kunmedierne.dk\/thy\/samarbejde-mellem-uddannelsesinstitutioner-skal-styrke-de-unges-uddannelsesmuligheder-lokalt\/#primaryimage"},"thumbnailUrl":"https:\/\/kunmedierne.dk\/thy\/wp-content\/uploads\/sites\/2\/2026\/09\/3.jpg","datePublished":"2026-09-02T14:47:11+00:00","breadcrumb":{"@id":"https:\/\/kunmedierne.dk\/thy\/samarbejde-mellem-uddannelsesinstitutioner-skal-styrke-de-unges-uddannelsesmuligheder-lokalt\/#breadcrumb"},"inLanguage":"da-DK","potentialAction":[{"@type":"ReadAction","target":["https:\/\/kunmedierne.dk\/thy\/samarbejde-mellem-uddannelsesinstitutioner-skal-styrke-de-unges-uddannelsesmuligheder-lokalt\/"]}]},{"@type":"ImageObject","inLanguage":"da-DK","@id":"https:\/\/kunmedierne.dk\/thy\/samarbejde-mellem-uddannelsesinstitutioner-skal-styrke-de-unges-uddannelsesmuligheder-lokalt\/#primaryimage","url":"https:\/\/kunmedierne.dk\/thy\/wp-content\/uploads\/sites\/2\/2026\/09\/3.jpg","contentUrl":"https:\/\/kunmedierne.dk\/thy\/wp-content\/uploads\/sites\/2\/2026\/09\/3.jpg","width":5427,"height":3618,"caption":"Foto: Thy-Mors HF og VUC"},{"@type":"BreadcrumbList","@id":"https:\/\/kunmedierne.dk\/thy\/samarbejde-mellem-uddannelsesinstitutioner-skal-styrke-de-unges-uddannelsesmuligheder-lokalt\/#breadcrumb","itemListElement":[{"@type":"ListItem","position":1,"name":"Home","item":"https:\/\/kunmedierne.dk\/thy\/"},{"@type":"ListItem","position":2,"name":"Samarbejde mellem uddannelsesinstitutioner skal styrke de unges uddannelsesmuligheder lokalt"}]},{"@type":"WebSite","@id":"https:\/\/kunmedierne.dk\/thy\/#website","url":"https:\/\/kunmedierne.dk\/thy\/","name":"Thy","description":"et netmedie med journalistik om livet i Thy","publisher":{"@id":"https:\/\/kunmedierne.dk\/thy\/#organization"},"potentialAction":[{"@type":"SearchAction","target":{"@type":"EntryPoint","urlTemplate":"https:\/\/kunmedierne.dk\/thy\/?s={search_term_string}"},"query-input":{"@type":"PropertyValueSpecification","valueRequired":true,"valueName":"search_term_string"}}],"inLanguage":"da-DK"},{"@type":"Organization","@id":"https:\/\/kunmedierne.dk\/thy\/#organization","name":"Thy","url":"https:\/\/kunmedierne.dk\/thy\/","logo":{"@type":"ImageObject","inLanguage":"da-DK","@id":"https:\/\/kunmedierne.dk\/thy\/#\/schema\/logo\/image\/","url":"https:\/\/kunmedierne.dk\/thy\/wp-content\/uploads\/sites\/2\/2025\/04\/kunthy-logo.svg","contentUrl":"https:\/\/kunmedierne.dk\/thy\/wp-content\/uploads\/sites\/2\/2025\/04\/kunthy-logo.svg","caption":"Thy"},"image":{"@id":"https:\/\/kunmedierne.dk\/thy\/#\/schema\/logo\/image\/"}},{"@type":"Person","@id":"https:\/\/kunmedierne.dk\/thy\/#\/schema\/person\/41289bce3056a3e3d485ec8f09a96d28","name":"Katrine Kronstrand","image":{"@type":"ImageObject","inLanguage":"da-DK","@id":"https:\/\/secure.gravatar.com\/avatar\/0e5234af9ddb8e0f24a665d5498b736751c9a2b04d1d4880b0317784773e160a?s=96&d=mm&r=g","url":"https:\/\/secure.gravatar.com\/avatar\/0e5234af9ddb8e0f24a665d5498b736751c9a2b04d1d4880b0317784773e160a?s=96&d=mm&r=g","contentUrl":"https:\/\/secure.gravatar.com\/avatar\/0e5234af9ddb8e0f24a665d5498b736751c9a2b04d1d4880b0317784773e160a?s=96&d=mm&r=g","caption":"Katrine Kronstrand"},"url":"https:\/\/kunmedierne.dk\/thy\/author\/katrine-kronstrand\/"}]}},"_links":{"self":[{"href":"https:\/\/kunmedierne.dk\/thy\/wp-json\/wp\/v2\/posts\/26734","targetHints":{"allow":["GET"]}}],"collection":[{"href":"https:\/\/kunmedierne.dk\/thy\/wp-json\/wp\/v2\/posts"}],"about":[{"href":"https:\/\/kunmedierne.dk\/thy\/wp-json\/wp\/v2\/types\/post"}],"author":[{"embeddable":true,"href":"https:\/\/kunmedierne.dk\/thy\/wp-json\/wp\/v2\/users\/5146"}],"replies":[{"embeddable":true,"href":"https:\/\/kunmedierne.dk\/thy\/wp-json\/wp\/v2\/comments?post=26734"}],"version-history":[{"count":11,"href":"https:\/\/kunmedierne.dk\/thy\/wp-json\/wp\/v2\/posts\/26734\/revisions"}],"predecessor-version":[{"id":26757,"href":"https:\/\/kunmedierne.dk\/thy\/wp-json\/wp\/v2\/posts\/26734\/revisions\/26757"}],"wp:attachment":[{"href":"https:\/\/kunmedierne.dk\/thy\/wp-json\/wp\/v2\/media?parent=26734"}],"wp:term":[{"taxonomy":"category","embeddable":true,"href":"https:\/\/kunmedierne.dk\/thy\/wp-json\/wp\/v2\/categories?post=26734"},{"taxonomy":"post_tag","embeddable":true,"href":"https:\/\/kunmedierne.dk\/thy\/wp-json\/wp\/v2\/tags?post=26734"}],"curies":[{"name":"wp","href":"https:\/\/api.w.org\/{rel}","templated":true}]}}