{"id":26721,"date":"2026-09-04T10:14:17","date_gmt":"2026-09-04T08:14:17","guid":{"rendered":"https:\/\/kunmedierne.dk\/thy\/?p=26721"},"modified":"2026-09-03T18:14:49","modified_gmt":"2026-09-03T16:14:49","slug":"en-million-kroner-til-staerkere-beredskab","status":"publish","type":"post","link":"https:\/\/kunmedierne.dk\/thy\/en-million-kroner-til-staerkere-beredskab\/","title":{"rendered":"En million kroner til st\u00e6rkere beredskab"},"content":{"rendered":"<p><strong>THISTED:<\/strong> &#8211; Pengene er afsat i budgettet, og nu frigiver vi dem.<\/p>\n<a class=\"dvrt-link\" onClick=\"cdmtrack_click(683,jQuery(this));return false\" href=\"https:\/\/vester-begr.dk\/?utm_source=google&amp;utm_medium=advative&amp;gad_source=1&amp;gclid=Cj0KCQjwtJ6_BhDWARIsAGanmKfl-hGVVjCYiOgSKoGoxrow4kvXybZsnruKJYTslvqZDywT6a9PCQwaAmBjEALw_wcB\"><img decoding=\"async\" style=\"width:100%;\" src=\"https:\/\/kunmedierne.dk\/thy\/wp-content\/uploads\/sites\/2\/2025\/03\/260203VesterHoukaer-02022026.jpg\"><\/a><script>cdmtrack_view(683);<\/script>\n<p>Det siger Jens Tilma, K, formand for kommunens udvalg for klima, milj\u00f8 og teknik, efter at udvalget i denne uge har besluttet at indstille, at der frigives i alt en million kroner til indk\u00f8b af n\u00f8dpakker som indeholder blandt andet engangsservice, hygiejneartikler, FM-radioer, t\u00e6pper, pandelamper, walkie talkies, lommelygter, bordlamper p\u00e5 batteri, gasflaske, gasblus. Desuden skal der anskaffes powerbanks og betales for ekstern r\u00e5dgivning til den videre udbygning af kommunens beredskabsindsats.<\/p>\n<a class=\"dvrt-link\" onClick=\"cdmtrack_click(18790,jQuery(this));return false\" href=\"https:\/\/thymors.dk\/for-lokalsamfundet\/sponsorater\/?utm_source=kunthy&amp;utm_medium=annonce&amp;utm_campaign=sponsorater\"><img decoding=\"async\" style=\"width:100%;\" src=\"https:\/\/kunmedierne.dk\/thy\/wp-content\/uploads\/sites\/2\/2026\/03\/260903ThyMorsfaellesskab-2_-1.gif\"><\/a><script>cdmtrack_view(18790);<\/script>\n<p>I det hidtidige arbejde med at udbygge kommunens beredskab har der v\u00e6ret fokus p\u00e5 at h\u00e5ndtere situationer med l\u00e6ngerevarende str\u00f8msvigt, og forsyning med n\u00f8dstr\u00f8m er et centralt omr\u00e5de i arbejdet, fordi der hidtil ikke har v\u00e6ret en samlet plan for, hvad der g\u00f8res i en situation, hvor str\u00f8mmen svinger i en l\u00e6ngere periode.<\/p>\n<p>Kommunens forskellige fagomr\u00e5der gennemg\u00e5et deres drift for at f\u00e5 klarhed over, hvor de s\u00e5rbare omr\u00e5der findes og gennemgangen har vist, at det is\u00e6r er \u00c6ldre og Sundhed samt Handicap og Psykiatri der kan f\u00e5 problemerne at opretholde pleje og behandling under en l\u00e6ngere str\u00f8mafbrydelse. Indk\u00f8bet af n\u00f8dpakker, som skal placeres p\u00e5 kommunens bosteder og \u00e6ldrecentre, vil g\u00f8re det muligt at opretholde n\u00f8ddrift.<\/p>\n","protected":false},"excerpt":{"rendered":"<p>THISTED: &#8211; Pengene er afsat i budgettet, og nu frigiver vi dem. Det siger Jens Tilma, K, formand for kommunens udvalg for klima, milj\u00f8 og teknik, efter at udvalget i denne uge har besluttet at indstille, at der frigives i alt en million kroner til indk\u00f8b af n\u00f8dpakker som indeholder blandt andet engangsservice, hygiejneartikler, FM-radioer, [&hellip;]<\/p>\n","protected":false},"author":4535,"featured_media":0,"comment_status":"closed","ping_status":"closed","sticky":false,"template":"","format":"standard","meta":{"_acf_changed":false,"footnotes":""},"categories":[24],"tags":[54],"class_list":["post-26721","post","type-post","status-publish","format-standard","hentry","category-lokalt","tag-beredskab"],"acf":[],"yoast_head":"<!-- This site is optimized with the Yoast SEO plugin v27.7 - https:\/\/yoast.com\/product\/yoast-seo-wordpress\/ -->\n<title>En million kroner til st\u00e6rkere beredskab - Thy<\/title>\n<meta name=\"robots\" content=\"index, follow, max-snippet:-1, max-image-preview:large, max-video-preview:-1\" \/>\n<link rel=\"canonical\" href=\"https:\/\/kunmedierne.dk\/thy\/en-million-kroner-til-staerkere-beredskab\/\" \/>\n<meta property=\"og:locale\" content=\"da_DK\" \/>\n<meta property=\"og:type\" content=\"article\" \/>\n<meta property=\"og:title\" content=\"En million kroner til st\u00e6rkere beredskab - Thy\" \/>\n<meta property=\"og:description\" content=\"THISTED: &#8211; Pengene er afsat i budgettet, og nu frigiver vi dem. Det siger Jens Tilma, K, formand for kommunens udvalg for klima, milj\u00f8 og teknik, efter at udvalget i denne uge har besluttet at indstille, at der frigives i alt en million kroner til indk\u00f8b af n\u00f8dpakker som indeholder blandt andet engangsservice, hygiejneartikler, FM-radioer, [&hellip;]\" \/>\n<meta property=\"og:url\" content=\"https:\/\/kunmedierne.dk\/thy\/en-million-kroner-til-staerkere-beredskab\/\" \/>\n<meta property=\"og:site_name\" content=\"Thy\" \/>\n<meta property=\"article:published_time\" content=\"2026-09-04T08:14:17+00:00\" \/>\n<meta name=\"author\" content=\"Jens Fogh Andersen\" \/>\n<meta name=\"twitter:card\" content=\"summary_large_image\" \/>\n<meta name=\"twitter:label1\" content=\"Skrevet af\" \/>\n\t<meta name=\"twitter:data1\" content=\"Jens Fogh Andersen\" \/>\n\t<meta name=\"twitter:label2\" content=\"Estimeret l\u00e6setid\" \/>\n\t<meta name=\"twitter:data2\" content=\"2 minutter\" \/>\n<script type=\"application\/ld+json\" class=\"yoast-schema-graph\">{\"@context\":\"https:\\\/\\\/schema.org\",\"@graph\":[{\"@type\":\"Article\",\"@id\":\"https:\\\/\\\/kunmedierne.dk\\\/thy\\\/en-million-kroner-til-staerkere-beredskab\\\/#article\",\"isPartOf\":{\"@id\":\"https:\\\/\\\/kunmedierne.dk\\\/thy\\\/en-million-kroner-til-staerkere-beredskab\\\/\"},\"author\":{\"name\":\"Jens Fogh Andersen\",\"@id\":\"https:\\\/\\\/kunmedierne.dk\\\/thy\\\/#\\\/schema\\\/person\\\/88f5be46809ca2a5533760eb574fef93\"},\"headline\":\"En million kroner til st\u00e6rkere beredskab\",\"datePublished\":\"2026-09-04T08:14:17+00:00\",\"mainEntityOfPage\":{\"@id\":\"https:\\\/\\\/kunmedierne.dk\\\/thy\\\/en-million-kroner-til-staerkere-beredskab\\\/\"},\"wordCount\":234,\"publisher\":{\"@id\":\"https:\\\/\\\/kunmedierne.dk\\\/thy\\\/#organization\"},\"keywords\":[\"Beredskab\"],\"articleSection\":[\"Lokalt\"],\"inLanguage\":\"da-DK\"},{\"@type\":\"WebPage\",\"@id\":\"https:\\\/\\\/kunmedierne.dk\\\/thy\\\/en-million-kroner-til-staerkere-beredskab\\\/\",\"url\":\"https:\\\/\\\/kunmedierne.dk\\\/thy\\\/en-million-kroner-til-staerkere-beredskab\\\/\",\"name\":\"En million kroner til st\u00e6rkere beredskab - Thy\",\"isPartOf\":{\"@id\":\"https:\\\/\\\/kunmedierne.dk\\\/thy\\\/#website\"},\"datePublished\":\"2026-09-04T08:14:17+00:00\",\"breadcrumb\":{\"@id\":\"https:\\\/\\\/kunmedierne.dk\\\/thy\\\/en-million-kroner-til-staerkere-beredskab\\\/#breadcrumb\"},\"inLanguage\":\"da-DK\",\"potentialAction\":[{\"@type\":\"ReadAction\",\"target\":[\"https:\\\/\\\/kunmedierne.dk\\\/thy\\\/en-million-kroner-til-staerkere-beredskab\\\/\"]}]},{\"@type\":\"BreadcrumbList\",\"@id\":\"https:\\\/\\\/kunmedierne.dk\\\/thy\\\/en-million-kroner-til-staerkere-beredskab\\\/#breadcrumb\",\"itemListElement\":[{\"@type\":\"ListItem\",\"position\":1,\"name\":\"Home\",\"item\":\"https:\\\/\\\/kunmedierne.dk\\\/thy\\\/\"},{\"@type\":\"ListItem\",\"position\":2,\"name\":\"En million kroner til st\u00e6rkere beredskab\"}]},{\"@type\":\"WebSite\",\"@id\":\"https:\\\/\\\/kunmedierne.dk\\\/thy\\\/#website\",\"url\":\"https:\\\/\\\/kunmedierne.dk\\\/thy\\\/\",\"name\":\"Thy\",\"description\":\"et netmedie med journalistik om livet i Thy\",\"publisher\":{\"@id\":\"https:\\\/\\\/kunmedierne.dk\\\/thy\\\/#organization\"},\"potentialAction\":[{\"@type\":\"SearchAction\",\"target\":{\"@type\":\"EntryPoint\",\"urlTemplate\":\"https:\\\/\\\/kunmedierne.dk\\\/thy\\\/?s={search_term_string}\"},\"query-input\":{\"@type\":\"PropertyValueSpecification\",\"valueRequired\":true,\"valueName\":\"search_term_string\"}}],\"inLanguage\":\"da-DK\"},{\"@type\":\"Organization\",\"@id\":\"https:\\\/\\\/kunmedierne.dk\\\/thy\\\/#organization\",\"name\":\"Thy\",\"url\":\"https:\\\/\\\/kunmedierne.dk\\\/thy\\\/\",\"logo\":{\"@type\":\"ImageObject\",\"inLanguage\":\"da-DK\",\"@id\":\"https:\\\/\\\/kunmedierne.dk\\\/thy\\\/#\\\/schema\\\/logo\\\/image\\\/\",\"url\":\"https:\\\/\\\/kunmedierne.dk\\\/thy\\\/wp-content\\\/uploads\\\/sites\\\/2\\\/2025\\\/04\\\/kunthy-logo.svg\",\"contentUrl\":\"https:\\\/\\\/kunmedierne.dk\\\/thy\\\/wp-content\\\/uploads\\\/sites\\\/2\\\/2025\\\/04\\\/kunthy-logo.svg\",\"caption\":\"Thy\"},\"image\":{\"@id\":\"https:\\\/\\\/kunmedierne.dk\\\/thy\\\/#\\\/schema\\\/logo\\\/image\\\/\"}},{\"@type\":\"Person\",\"@id\":\"https:\\\/\\\/kunmedierne.dk\\\/thy\\\/#\\\/schema\\\/person\\\/88f5be46809ca2a5533760eb574fef93\",\"name\":\"Jens Fogh Andersen\",\"image\":{\"@type\":\"ImageObject\",\"inLanguage\":\"da-DK\",\"@id\":\"https:\\\/\\\/secure.gravatar.com\\\/avatar\\\/2b367a4ef139b1c41dccc9ee7af926b81f8b4cca3359772e86c7fd5ced26c0a3?s=96&d=mm&r=g\",\"url\":\"https:\\\/\\\/secure.gravatar.com\\\/avatar\\\/2b367a4ef139b1c41dccc9ee7af926b81f8b4cca3359772e86c7fd5ced26c0a3?s=96&d=mm&r=g\",\"contentUrl\":\"https:\\\/\\\/secure.gravatar.com\\\/avatar\\\/2b367a4ef139b1c41dccc9ee7af926b81f8b4cca3359772e86c7fd5ced26c0a3?s=96&d=mm&r=g\",\"caption\":\"Jens Fogh Andersen\"},\"url\":\"https:\\\/\\\/kunmedierne.dk\\\/thy\\\/author\\\/jfa\\\/\"}]}<\/script>\n<!-- \/ Yoast SEO plugin. -->","yoast_head_json":{"title":"En million kroner til st\u00e6rkere beredskab - Thy","robots":{"index":"index","follow":"follow","max-snippet":"max-snippet:-1","max-image-preview":"max-image-preview:large","max-video-preview":"max-video-preview:-1"},"canonical":"https:\/\/kunmedierne.dk\/thy\/en-million-kroner-til-staerkere-beredskab\/","og_locale":"da_DK","og_type":"article","og_title":"En million kroner til st\u00e6rkere beredskab - Thy","og_description":"THISTED: &#8211; Pengene er afsat i budgettet, og nu frigiver vi dem. Det siger Jens Tilma, K, formand for kommunens udvalg for klima, milj\u00f8 og teknik, efter at udvalget i denne uge har besluttet at indstille, at der frigives i alt en million kroner til indk\u00f8b af n\u00f8dpakker som indeholder blandt andet engangsservice, hygiejneartikler, FM-radioer, [&hellip;]","og_url":"https:\/\/kunmedierne.dk\/thy\/en-million-kroner-til-staerkere-beredskab\/","og_site_name":"Thy","article_published_time":"2026-09-04T08:14:17+00:00","author":"Jens Fogh Andersen","twitter_card":"summary_large_image","twitter_misc":{"Skrevet af":"Jens Fogh Andersen","Estimeret l\u00e6setid":"2 minutter"},"schema":{"@context":"https:\/\/schema.org","@graph":[{"@type":"Article","@id":"https:\/\/kunmedierne.dk\/thy\/en-million-kroner-til-staerkere-beredskab\/#article","isPartOf":{"@id":"https:\/\/kunmedierne.dk\/thy\/en-million-kroner-til-staerkere-beredskab\/"},"author":{"name":"Jens Fogh Andersen","@id":"https:\/\/kunmedierne.dk\/thy\/#\/schema\/person\/88f5be46809ca2a5533760eb574fef93"},"headline":"En million kroner til st\u00e6rkere beredskab","datePublished":"2026-09-04T08:14:17+00:00","mainEntityOfPage":{"@id":"https:\/\/kunmedierne.dk\/thy\/en-million-kroner-til-staerkere-beredskab\/"},"wordCount":234,"publisher":{"@id":"https:\/\/kunmedierne.dk\/thy\/#organization"},"keywords":["Beredskab"],"articleSection":["Lokalt"],"inLanguage":"da-DK"},{"@type":"WebPage","@id":"https:\/\/kunmedierne.dk\/thy\/en-million-kroner-til-staerkere-beredskab\/","url":"https:\/\/kunmedierne.dk\/thy\/en-million-kroner-til-staerkere-beredskab\/","name":"En million kroner til st\u00e6rkere beredskab - Thy","isPartOf":{"@id":"https:\/\/kunmedierne.dk\/thy\/#website"},"datePublished":"2026-09-04T08:14:17+00:00","breadcrumb":{"@id":"https:\/\/kunmedierne.dk\/thy\/en-million-kroner-til-staerkere-beredskab\/#breadcrumb"},"inLanguage":"da-DK","potentialAction":[{"@type":"ReadAction","target":["https:\/\/kunmedierne.dk\/thy\/en-million-kroner-til-staerkere-beredskab\/"]}]},{"@type":"BreadcrumbList","@id":"https:\/\/kunmedierne.dk\/thy\/en-million-kroner-til-staerkere-beredskab\/#breadcrumb","itemListElement":[{"@type":"ListItem","position":1,"name":"Home","item":"https:\/\/kunmedierne.dk\/thy\/"},{"@type":"ListItem","position":2,"name":"En million kroner til st\u00e6rkere beredskab"}]},{"@type":"WebSite","@id":"https:\/\/kunmedierne.dk\/thy\/#website","url":"https:\/\/kunmedierne.dk\/thy\/","name":"Thy","description":"et netmedie med journalistik om livet i Thy","publisher":{"@id":"https:\/\/kunmedierne.dk\/thy\/#organization"},"potentialAction":[{"@type":"SearchAction","target":{"@type":"EntryPoint","urlTemplate":"https:\/\/kunmedierne.dk\/thy\/?s={search_term_string}"},"query-input":{"@type":"PropertyValueSpecification","valueRequired":true,"valueName":"search_term_string"}}],"inLanguage":"da-DK"},{"@type":"Organization","@id":"https:\/\/kunmedierne.dk\/thy\/#organization","name":"Thy","url":"https:\/\/kunmedierne.dk\/thy\/","logo":{"@type":"ImageObject","inLanguage":"da-DK","@id":"https:\/\/kunmedierne.dk\/thy\/#\/schema\/logo\/image\/","url":"https:\/\/kunmedierne.dk\/thy\/wp-content\/uploads\/sites\/2\/2025\/04\/kunthy-logo.svg","contentUrl":"https:\/\/kunmedierne.dk\/thy\/wp-content\/uploads\/sites\/2\/2025\/04\/kunthy-logo.svg","caption":"Thy"},"image":{"@id":"https:\/\/kunmedierne.dk\/thy\/#\/schema\/logo\/image\/"}},{"@type":"Person","@id":"https:\/\/kunmedierne.dk\/thy\/#\/schema\/person\/88f5be46809ca2a5533760eb574fef93","name":"Jens Fogh Andersen","image":{"@type":"ImageObject","inLanguage":"da-DK","@id":"https:\/\/secure.gravatar.com\/avatar\/2b367a4ef139b1c41dccc9ee7af926b81f8b4cca3359772e86c7fd5ced26c0a3?s=96&d=mm&r=g","url":"https:\/\/secure.gravatar.com\/avatar\/2b367a4ef139b1c41dccc9ee7af926b81f8b4cca3359772e86c7fd5ced26c0a3?s=96&d=mm&r=g","contentUrl":"https:\/\/secure.gravatar.com\/avatar\/2b367a4ef139b1c41dccc9ee7af926b81f8b4cca3359772e86c7fd5ced26c0a3?s=96&d=mm&r=g","caption":"Jens Fogh Andersen"},"url":"https:\/\/kunmedierne.dk\/thy\/author\/jfa\/"}]}},"_links":{"self":[{"href":"https:\/\/kunmedierne.dk\/thy\/wp-json\/wp\/v2\/posts\/26721","targetHints":{"allow":["GET"]}}],"collection":[{"href":"https:\/\/kunmedierne.dk\/thy\/wp-json\/wp\/v2\/posts"}],"about":[{"href":"https:\/\/kunmedierne.dk\/thy\/wp-json\/wp\/v2\/types\/post"}],"author":[{"embeddable":true,"href":"https:\/\/kunmedierne.dk\/thy\/wp-json\/wp\/v2\/users\/4535"}],"replies":[{"embeddable":true,"href":"https:\/\/kunmedierne.dk\/thy\/wp-json\/wp\/v2\/comments?post=26721"}],"version-history":[{"count":5,"href":"https:\/\/kunmedierne.dk\/thy\/wp-json\/wp\/v2\/posts\/26721\/revisions"}],"predecessor-version":[{"id":26823,"href":"https:\/\/kunmedierne.dk\/thy\/wp-json\/wp\/v2\/posts\/26721\/revisions\/26823"}],"wp:attachment":[{"href":"https:\/\/kunmedierne.dk\/thy\/wp-json\/wp\/v2\/media?parent=26721"}],"wp:term":[{"taxonomy":"category","embeddable":true,"href":"https:\/\/kunmedierne.dk\/thy\/wp-json\/wp\/v2\/categories?post=26721"},{"taxonomy":"post_tag","embeddable":true,"href":"https:\/\/kunmedierne.dk\/thy\/wp-json\/wp\/v2\/tags?post=26721"}],"curies":[{"name":"wp","href":"https:\/\/api.w.org\/{rel}","templated":true}]}}