{"id":26719,"date":"2026-09-04T06:01:42","date_gmt":"2026-09-04T04:01:42","guid":{"rendered":"https:\/\/kunmedierne.dk\/thy\/?p=26719"},"modified":"2026-09-03T16:01:09","modified_gmt":"2026-09-03T14:01:09","slug":"efter-ny-runde-om-spor-paa-thisted-station-vi-foelger-sagen-siger-udvalgsformand","status":"publish","type":"post","link":"https:\/\/kunmedierne.dk\/thy\/efter-ny-runde-om-spor-paa-thisted-station-vi-foelger-sagen-siger-udvalgsformand\/","title":{"rendered":"<span>Efter ny runde om spor p\u00e5 Thisted Station: <\/span>Vi f\u00f8lger sagen, siger udvalgsformand"},"content":{"rendered":"<p><strong>THISTED:<\/strong> Med en beslutning om at &#8220;f\u00f8lge sagen t\u00e6t og afvente svar fra Banedanmark&#8221; har Thisted Kommunes udvalg for klima, milj\u00f8 og teknik indtil videre hejst stopsignal for fortsat politisk diskussion om det fremtidige antal spor p\u00e5 stationen i Thisted og om, hvorvidt antallet af spor sammen med kommunens muligheder for at skaffe parkeringspladser til et kommende Bryggekulturens Hus, som der arbejdes p\u00e5 at indrette i Thisted Bryghus&#8217; markante gamle hovedbygning.<\/p>\n<a class=\"dvrt-link\" onClick=\"cdmtrack_click(683,jQuery(this));return false\" href=\"https:\/\/vester-begr.dk\/?utm_source=google&amp;utm_medium=advative&amp;gad_source=1&amp;gclid=Cj0KCQjwtJ6_BhDWARIsAGanmKfl-hGVVjCYiOgSKoGoxrow4kvXybZsnruKJYTslvqZDywT6a9PCQwaAmBjEALw_wcB\"><img decoding=\"async\" style=\"width:100%;\" src=\"https:\/\/kunmedierne.dk\/thy\/wp-content\/uploads\/sites\/2\/2025\/03\/260203VesterHoukaer-02022026.jpg\"><\/a><script>cdmtrack_view(683);<\/script>\n<p>&#8211; Det er ikke kommunens beslutning, om Banedanmark nedl\u00e6gger spor p\u00e5 Thisted Station, siger udvalgsformand Jens Tilma, K, om sagen, der g\u00e5r tilbage til det forrige udvalg for erhverv, klima, milj\u00f8 og teknik. Udvalget behandlede dengang sagen efter en foresp\u00f8rgsel fra Banedanmark som ville sikre kommunen indflydelse p\u00e5, om Spor et eller Spor to p\u00e5 stationen fremadrettet skulle v\u00e6re det blivende spor, hvis et af dem nedl\u00e6gges.<\/p>\n<p>Forvaltningens vurdering var, at hvis Spor to blev bevaret ville det &#8220;fritl\u00e6gge et areal, der er sammenh\u00e6ngende med byen, og som derved kan bringes i anvendelse til eksempelvis flere parkeringspladser og\/eller et rekreativt byrum.&#8221;<\/p>\n<a class=\"dvrt-link\" onClick=\"cdmtrack_click(18790,jQuery(this));return false\" href=\"https:\/\/thymors.dk\/for-lokalsamfundet\/sponsorater\/?utm_source=kunthy&amp;utm_medium=annonce&amp;utm_campaign=sponsorater\"><img decoding=\"async\" style=\"width:100%;\" src=\"https:\/\/kunmedierne.dk\/thy\/wp-content\/uploads\/sites\/2\/2026\/03\/260903ThyMorsfaellesskab-2_-1.gif\"><\/a><script>cdmtrack_view(18790);<\/script>\n<p>I juni 2025 fulgte det dav\u00e6rende udvalg en indstilling om at meddele Banedanmark, at Thisted Kommune \u00f8nsker Spor 2 som det blivende og at et kommunalt k\u00f8b af arealer p\u00e5 stationen efter der er nedlagt spor &#8220;indstilles til politisk beslutning, n\u00e5r markedspris og andre betingelser er fastsl\u00e5et.&#8221;<\/p>\n<p>Efter den beslutning er sagen efterf\u00f8lgende blevet politisk behandlet to gange i den nuv\u00e6rende kommunalbestyrelse. F\u00f8rste gang i maj, da kommunalbestyrelsen godkendte et &#8220;borgmesterbrev&#8221; til Banedanmark, hvor der blandt andet udtrykkes bekymring over de konsekvenser, det kan f\u00e5 for den fremtidige udvikling af Thybanen, hvis der fremover kun er et spor p\u00e5 stationen i Thisted.<\/p>\n<p>&#8211; Vi har endnu ikke f\u00e5et Banedanmarks svar p\u00e5 borgmesterbrevet, siger Jens Tilma, efter udvalget efter \u00f8nske fra Morten Bo Bertelsen, SF, har haft sagen p\u00e5 dagsordenen til sit seneste m\u00f8de.<\/p>\n<a class=\"dvrt-link\" onClick=\"cdmtrack_click(683,jQuery(this));return false\" href=\"https:\/\/vester-begr.dk\/?utm_source=google&amp;utm_medium=advative&amp;gad_source=1&amp;gclid=Cj0KCQjwtJ6_BhDWARIsAGanmKfl-hGVVjCYiOgSKoGoxrow4kvXybZsnruKJYTslvqZDywT6a9PCQwaAmBjEALw_wcB\"><img decoding=\"async\" style=\"width:100%;\" src=\"https:\/\/kunmedierne.dk\/thy\/wp-content\/uploads\/sites\/2\/2025\/03\/260203VesterHoukaer-02022026.jpg\"><\/a><script>cdmtrack_view(683);<\/script>\n<p>I begrundelsen for at f\u00e5 sagen behandlet igen anf\u00f8rer Morten Bo Bertelsen blandt andet, at han &#8220;finder, at sagen er beskrevet ud fra en pr\u00e6mis om, at Thisted Kommune skal sikre parkeringspladser i forbindelse med Bryggekulturens hus. Det er der ikke en politisk beslutning om&#8221;.<\/p>\n<p>Samtidig mener Morten Bo Bertelsen, at det gennem sagsindsigt kan p\u00e5vises, at &#8220;forvaltningen har haft st\u00f8rre fokus p\u00e5 parkeringspladser til Bryggekulturens hus end (p\u00e5) at bevare Thisted station med tilh\u00f8rende krydsningsspor.&#8221; Derfor mener han, at forvaltningens dr\u00f8ftelser med Banedanmark skal ske p\u00e5 et nyt grundlag.<\/p>\n<p>Jens Tilma mener ikke, at sagen om fremtidige spor p\u00e5 Thisted Station umiddelbart kan knyttes til planerne om Bryggekulturens Hus. Det afspejles heller ikke i udvalgets beslutning, som er at f\u00f8lge sagen t\u00e6t og afvente, hvad Banedanmark svarer p\u00e5 det borgmesterbrev, kommunalbestyrelsen godkendte p\u00e5 sit m\u00f8de i maj.<\/p>\n","protected":false},"excerpt":{"rendered":"<p>THISTED: Med en beslutning om at &#8220;f\u00f8lge sagen t\u00e6t og afvente svar fra Banedanmark&#8221; har Thisted Kommunes udvalg for klima, milj\u00f8 og teknik indtil videre hejst stopsignal for fortsat politisk diskussion om det fremtidige antal spor p\u00e5 stationen i Thisted og om, hvorvidt antallet af spor sammen med kommunens muligheder for at skaffe parkeringspladser til [&hellip;]<\/p>\n","protected":false},"author":4535,"featured_media":0,"comment_status":"closed","ping_status":"closed","sticky":false,"template":"","format":"standard","meta":{"_acf_changed":false,"footnotes":""},"categories":[24],"tags":[],"class_list":["post-26719","post","type-post","status-publish","format-standard","hentry","category-lokalt"],"acf":[],"yoast_head":"<!-- This site is optimized with the Yoast SEO plugin v27.7 - https:\/\/yoast.com\/product\/yoast-seo-wordpress\/ -->\n<title>Efter ny runde om spor p\u00e5 Thisted Station: Vi f\u00f8lger sagen, siger udvalgsformand  - Thy<\/title>\n<meta name=\"robots\" content=\"index, follow, max-snippet:-1, max-image-preview:large, max-video-preview:-1\" \/>\n<link rel=\"canonical\" href=\"https:\/\/kunmedierne.dk\/thy\/efter-ny-runde-om-spor-paa-thisted-station-vi-foelger-sagen-siger-udvalgsformand\/\" \/>\n<meta property=\"og:locale\" content=\"da_DK\" \/>\n<meta property=\"og:type\" content=\"article\" \/>\n<meta property=\"og:title\" content=\"Efter ny runde om spor p\u00e5 Thisted Station: Vi f\u00f8lger sagen, siger udvalgsformand  - Thy\" \/>\n<meta property=\"og:description\" content=\"THISTED: Med en beslutning om at &#8220;f\u00f8lge sagen t\u00e6t og afvente svar fra Banedanmark&#8221; har Thisted Kommunes udvalg for klima, milj\u00f8 og teknik indtil videre hejst stopsignal for fortsat politisk diskussion om det fremtidige antal spor p\u00e5 stationen i Thisted og om, hvorvidt antallet af spor sammen med kommunens muligheder for at skaffe parkeringspladser til [&hellip;]\" \/>\n<meta property=\"og:url\" content=\"https:\/\/kunmedierne.dk\/thy\/efter-ny-runde-om-spor-paa-thisted-station-vi-foelger-sagen-siger-udvalgsformand\/\" \/>\n<meta property=\"og:site_name\" content=\"Thy\" \/>\n<meta property=\"article:published_time\" content=\"2026-09-04T04:01:42+00:00\" \/>\n<meta name=\"author\" content=\"Jens Fogh Andersen\" \/>\n<meta name=\"twitter:card\" content=\"summary_large_image\" \/>\n<meta name=\"twitter:label1\" content=\"Skrevet af\" \/>\n\t<meta name=\"twitter:data1\" content=\"Jens Fogh Andersen\" \/>\n\t<meta name=\"twitter:label2\" content=\"Estimeret l\u00e6setid\" \/>\n\t<meta name=\"twitter:data2\" content=\"3 minutter\" \/>\n<script type=\"application\/ld+json\" class=\"yoast-schema-graph\">{\"@context\":\"https:\\\/\\\/schema.org\",\"@graph\":[{\"@type\":\"Article\",\"@id\":\"https:\\\/\\\/kunmedierne.dk\\\/thy\\\/efter-ny-runde-om-spor-paa-thisted-station-vi-foelger-sagen-siger-udvalgsformand\\\/#article\",\"isPartOf\":{\"@id\":\"https:\\\/\\\/kunmedierne.dk\\\/thy\\\/efter-ny-runde-om-spor-paa-thisted-station-vi-foelger-sagen-siger-udvalgsformand\\\/\"},\"author\":{\"name\":\"Jens Fogh Andersen\",\"@id\":\"https:\\\/\\\/kunmedierne.dk\\\/thy\\\/#\\\/schema\\\/person\\\/88f5be46809ca2a5533760eb574fef93\"},\"headline\":\"Efter ny runde om spor p\u00e5 Thisted Station: Vi f\u00f8lger sagen, siger udvalgsformand\",\"datePublished\":\"2026-09-04T04:01:42+00:00\",\"mainEntityOfPage\":{\"@id\":\"https:\\\/\\\/kunmedierne.dk\\\/thy\\\/efter-ny-runde-om-spor-paa-thisted-station-vi-foelger-sagen-siger-udvalgsformand\\\/\"},\"wordCount\":489,\"publisher\":{\"@id\":\"https:\\\/\\\/kunmedierne.dk\\\/thy\\\/#organization\"},\"articleSection\":[\"Lokalt\"],\"inLanguage\":\"da-DK\"},{\"@type\":\"WebPage\",\"@id\":\"https:\\\/\\\/kunmedierne.dk\\\/thy\\\/efter-ny-runde-om-spor-paa-thisted-station-vi-foelger-sagen-siger-udvalgsformand\\\/\",\"url\":\"https:\\\/\\\/kunmedierne.dk\\\/thy\\\/efter-ny-runde-om-spor-paa-thisted-station-vi-foelger-sagen-siger-udvalgsformand\\\/\",\"name\":\"Efter ny runde om spor p\u00e5 Thisted Station: Vi f\u00f8lger sagen, siger udvalgsformand - Thy\",\"isPartOf\":{\"@id\":\"https:\\\/\\\/kunmedierne.dk\\\/thy\\\/#website\"},\"datePublished\":\"2026-09-04T04:01:42+00:00\",\"breadcrumb\":{\"@id\":\"https:\\\/\\\/kunmedierne.dk\\\/thy\\\/efter-ny-runde-om-spor-paa-thisted-station-vi-foelger-sagen-siger-udvalgsformand\\\/#breadcrumb\"},\"inLanguage\":\"da-DK\",\"potentialAction\":[{\"@type\":\"ReadAction\",\"target\":[\"https:\\\/\\\/kunmedierne.dk\\\/thy\\\/efter-ny-runde-om-spor-paa-thisted-station-vi-foelger-sagen-siger-udvalgsformand\\\/\"]}]},{\"@type\":\"BreadcrumbList\",\"@id\":\"https:\\\/\\\/kunmedierne.dk\\\/thy\\\/efter-ny-runde-om-spor-paa-thisted-station-vi-foelger-sagen-siger-udvalgsformand\\\/#breadcrumb\",\"itemListElement\":[{\"@type\":\"ListItem\",\"position\":1,\"name\":\"Home\",\"item\":\"https:\\\/\\\/kunmedierne.dk\\\/thy\\\/\"},{\"@type\":\"ListItem\",\"position\":2,\"name\":\"Efter ny runde om spor p\u00e5 Thisted Station: Vi f\u00f8lger sagen, siger udvalgsformand\"}]},{\"@type\":\"WebSite\",\"@id\":\"https:\\\/\\\/kunmedierne.dk\\\/thy\\\/#website\",\"url\":\"https:\\\/\\\/kunmedierne.dk\\\/thy\\\/\",\"name\":\"Thy\",\"description\":\"et netmedie med journalistik om livet i Thy\",\"publisher\":{\"@id\":\"https:\\\/\\\/kunmedierne.dk\\\/thy\\\/#organization\"},\"potentialAction\":[{\"@type\":\"SearchAction\",\"target\":{\"@type\":\"EntryPoint\",\"urlTemplate\":\"https:\\\/\\\/kunmedierne.dk\\\/thy\\\/?s={search_term_string}\"},\"query-input\":{\"@type\":\"PropertyValueSpecification\",\"valueRequired\":true,\"valueName\":\"search_term_string\"}}],\"inLanguage\":\"da-DK\"},{\"@type\":\"Organization\",\"@id\":\"https:\\\/\\\/kunmedierne.dk\\\/thy\\\/#organization\",\"name\":\"Thy\",\"url\":\"https:\\\/\\\/kunmedierne.dk\\\/thy\\\/\",\"logo\":{\"@type\":\"ImageObject\",\"inLanguage\":\"da-DK\",\"@id\":\"https:\\\/\\\/kunmedierne.dk\\\/thy\\\/#\\\/schema\\\/logo\\\/image\\\/\",\"url\":\"https:\\\/\\\/kunmedierne.dk\\\/thy\\\/wp-content\\\/uploads\\\/sites\\\/2\\\/2025\\\/04\\\/kunthy-logo.svg\",\"contentUrl\":\"https:\\\/\\\/kunmedierne.dk\\\/thy\\\/wp-content\\\/uploads\\\/sites\\\/2\\\/2025\\\/04\\\/kunthy-logo.svg\",\"caption\":\"Thy\"},\"image\":{\"@id\":\"https:\\\/\\\/kunmedierne.dk\\\/thy\\\/#\\\/schema\\\/logo\\\/image\\\/\"}},{\"@type\":\"Person\",\"@id\":\"https:\\\/\\\/kunmedierne.dk\\\/thy\\\/#\\\/schema\\\/person\\\/88f5be46809ca2a5533760eb574fef93\",\"name\":\"Jens Fogh Andersen\",\"image\":{\"@type\":\"ImageObject\",\"inLanguage\":\"da-DK\",\"@id\":\"https:\\\/\\\/secure.gravatar.com\\\/avatar\\\/2b367a4ef139b1c41dccc9ee7af926b81f8b4cca3359772e86c7fd5ced26c0a3?s=96&d=mm&r=g\",\"url\":\"https:\\\/\\\/secure.gravatar.com\\\/avatar\\\/2b367a4ef139b1c41dccc9ee7af926b81f8b4cca3359772e86c7fd5ced26c0a3?s=96&d=mm&r=g\",\"contentUrl\":\"https:\\\/\\\/secure.gravatar.com\\\/avatar\\\/2b367a4ef139b1c41dccc9ee7af926b81f8b4cca3359772e86c7fd5ced26c0a3?s=96&d=mm&r=g\",\"caption\":\"Jens Fogh Andersen\"},\"url\":\"https:\\\/\\\/kunmedierne.dk\\\/thy\\\/author\\\/jfa\\\/\"}]}<\/script>\n<!-- \/ Yoast SEO plugin. -->","yoast_head_json":{"title":"Efter ny runde om spor p\u00e5 Thisted Station: Vi f\u00f8lger sagen, siger udvalgsformand  - Thy","robots":{"index":"index","follow":"follow","max-snippet":"max-snippet:-1","max-image-preview":"max-image-preview:large","max-video-preview":"max-video-preview:-1"},"canonical":"https:\/\/kunmedierne.dk\/thy\/efter-ny-runde-om-spor-paa-thisted-station-vi-foelger-sagen-siger-udvalgsformand\/","og_locale":"da_DK","og_type":"article","og_title":"Efter ny runde om spor p\u00e5 Thisted Station: Vi f\u00f8lger sagen, siger udvalgsformand  - Thy","og_description":"THISTED: Med en beslutning om at &#8220;f\u00f8lge sagen t\u00e6t og afvente svar fra Banedanmark&#8221; har Thisted Kommunes udvalg for klima, milj\u00f8 og teknik indtil videre hejst stopsignal for fortsat politisk diskussion om det fremtidige antal spor p\u00e5 stationen i Thisted og om, hvorvidt antallet af spor sammen med kommunens muligheder for at skaffe parkeringspladser til [&hellip;]","og_url":"https:\/\/kunmedierne.dk\/thy\/efter-ny-runde-om-spor-paa-thisted-station-vi-foelger-sagen-siger-udvalgsformand\/","og_site_name":"Thy","article_published_time":"2026-09-04T04:01:42+00:00","author":"Jens Fogh Andersen","twitter_card":"summary_large_image","twitter_misc":{"Skrevet af":"Jens Fogh Andersen","Estimeret l\u00e6setid":"3 minutter"},"schema":{"@context":"https:\/\/schema.org","@graph":[{"@type":"Article","@id":"https:\/\/kunmedierne.dk\/thy\/efter-ny-runde-om-spor-paa-thisted-station-vi-foelger-sagen-siger-udvalgsformand\/#article","isPartOf":{"@id":"https:\/\/kunmedierne.dk\/thy\/efter-ny-runde-om-spor-paa-thisted-station-vi-foelger-sagen-siger-udvalgsformand\/"},"author":{"name":"Jens Fogh Andersen","@id":"https:\/\/kunmedierne.dk\/thy\/#\/schema\/person\/88f5be46809ca2a5533760eb574fef93"},"headline":"Efter ny runde om spor p\u00e5 Thisted Station: Vi f\u00f8lger sagen, siger udvalgsformand","datePublished":"2026-09-04T04:01:42+00:00","mainEntityOfPage":{"@id":"https:\/\/kunmedierne.dk\/thy\/efter-ny-runde-om-spor-paa-thisted-station-vi-foelger-sagen-siger-udvalgsformand\/"},"wordCount":489,"publisher":{"@id":"https:\/\/kunmedierne.dk\/thy\/#organization"},"articleSection":["Lokalt"],"inLanguage":"da-DK"},{"@type":"WebPage","@id":"https:\/\/kunmedierne.dk\/thy\/efter-ny-runde-om-spor-paa-thisted-station-vi-foelger-sagen-siger-udvalgsformand\/","url":"https:\/\/kunmedierne.dk\/thy\/efter-ny-runde-om-spor-paa-thisted-station-vi-foelger-sagen-siger-udvalgsformand\/","name":"Efter ny runde om spor p\u00e5 Thisted Station: Vi f\u00f8lger sagen, siger udvalgsformand - Thy","isPartOf":{"@id":"https:\/\/kunmedierne.dk\/thy\/#website"},"datePublished":"2026-09-04T04:01:42+00:00","breadcrumb":{"@id":"https:\/\/kunmedierne.dk\/thy\/efter-ny-runde-om-spor-paa-thisted-station-vi-foelger-sagen-siger-udvalgsformand\/#breadcrumb"},"inLanguage":"da-DK","potentialAction":[{"@type":"ReadAction","target":["https:\/\/kunmedierne.dk\/thy\/efter-ny-runde-om-spor-paa-thisted-station-vi-foelger-sagen-siger-udvalgsformand\/"]}]},{"@type":"BreadcrumbList","@id":"https:\/\/kunmedierne.dk\/thy\/efter-ny-runde-om-spor-paa-thisted-station-vi-foelger-sagen-siger-udvalgsformand\/#breadcrumb","itemListElement":[{"@type":"ListItem","position":1,"name":"Home","item":"https:\/\/kunmedierne.dk\/thy\/"},{"@type":"ListItem","position":2,"name":"Efter ny runde om spor p\u00e5 Thisted Station: Vi f\u00f8lger sagen, siger udvalgsformand"}]},{"@type":"WebSite","@id":"https:\/\/kunmedierne.dk\/thy\/#website","url":"https:\/\/kunmedierne.dk\/thy\/","name":"Thy","description":"et netmedie med journalistik om livet i Thy","publisher":{"@id":"https:\/\/kunmedierne.dk\/thy\/#organization"},"potentialAction":[{"@type":"SearchAction","target":{"@type":"EntryPoint","urlTemplate":"https:\/\/kunmedierne.dk\/thy\/?s={search_term_string}"},"query-input":{"@type":"PropertyValueSpecification","valueRequired":true,"valueName":"search_term_string"}}],"inLanguage":"da-DK"},{"@type":"Organization","@id":"https:\/\/kunmedierne.dk\/thy\/#organization","name":"Thy","url":"https:\/\/kunmedierne.dk\/thy\/","logo":{"@type":"ImageObject","inLanguage":"da-DK","@id":"https:\/\/kunmedierne.dk\/thy\/#\/schema\/logo\/image\/","url":"https:\/\/kunmedierne.dk\/thy\/wp-content\/uploads\/sites\/2\/2025\/04\/kunthy-logo.svg","contentUrl":"https:\/\/kunmedierne.dk\/thy\/wp-content\/uploads\/sites\/2\/2025\/04\/kunthy-logo.svg","caption":"Thy"},"image":{"@id":"https:\/\/kunmedierne.dk\/thy\/#\/schema\/logo\/image\/"}},{"@type":"Person","@id":"https:\/\/kunmedierne.dk\/thy\/#\/schema\/person\/88f5be46809ca2a5533760eb574fef93","name":"Jens Fogh Andersen","image":{"@type":"ImageObject","inLanguage":"da-DK","@id":"https:\/\/secure.gravatar.com\/avatar\/2b367a4ef139b1c41dccc9ee7af926b81f8b4cca3359772e86c7fd5ced26c0a3?s=96&d=mm&r=g","url":"https:\/\/secure.gravatar.com\/avatar\/2b367a4ef139b1c41dccc9ee7af926b81f8b4cca3359772e86c7fd5ced26c0a3?s=96&d=mm&r=g","contentUrl":"https:\/\/secure.gravatar.com\/avatar\/2b367a4ef139b1c41dccc9ee7af926b81f8b4cca3359772e86c7fd5ced26c0a3?s=96&d=mm&r=g","caption":"Jens Fogh Andersen"},"url":"https:\/\/kunmedierne.dk\/thy\/author\/jfa\/"}]}},"_links":{"self":[{"href":"https:\/\/kunmedierne.dk\/thy\/wp-json\/wp\/v2\/posts\/26719","targetHints":{"allow":["GET"]}}],"collection":[{"href":"https:\/\/kunmedierne.dk\/thy\/wp-json\/wp\/v2\/posts"}],"about":[{"href":"https:\/\/kunmedierne.dk\/thy\/wp-json\/wp\/v2\/types\/post"}],"author":[{"embeddable":true,"href":"https:\/\/kunmedierne.dk\/thy\/wp-json\/wp\/v2\/users\/4535"}],"replies":[{"embeddable":true,"href":"https:\/\/kunmedierne.dk\/thy\/wp-json\/wp\/v2\/comments?post=26719"}],"version-history":[{"count":5,"href":"https:\/\/kunmedierne.dk\/thy\/wp-json\/wp\/v2\/posts\/26719\/revisions"}],"predecessor-version":[{"id":26811,"href":"https:\/\/kunmedierne.dk\/thy\/wp-json\/wp\/v2\/posts\/26719\/revisions\/26811"}],"wp:attachment":[{"href":"https:\/\/kunmedierne.dk\/thy\/wp-json\/wp\/v2\/media?parent=26719"}],"wp:term":[{"taxonomy":"category","embeddable":true,"href":"https:\/\/kunmedierne.dk\/thy\/wp-json\/wp\/v2\/categories?post=26719"},{"taxonomy":"post_tag","embeddable":true,"href":"https:\/\/kunmedierne.dk\/thy\/wp-json\/wp\/v2\/tags?post=26719"}],"curies":[{"name":"wp","href":"https:\/\/api.w.org\/{rel}","templated":true}]}}