{"id":26713,"date":"2026-09-02T18:47:49","date_gmt":"2026-09-02T16:47:49","guid":{"rendered":"https:\/\/kunmedierne.dk\/thy\/?p=26713"},"modified":"2026-09-02T15:48:17","modified_gmt":"2026-09-02T13:48:17","slug":"nyt-storetorv-goer-bymidten-bedre","status":"publish","type":"post","link":"https:\/\/kunmedierne.dk\/thy\/nyt-storetorv-goer-bymidten-bedre\/","title":{"rendered":"&#8220;Nyt&#8221; Storetorv g\u00f8r bymidten bedre"},"content":{"rendered":"<p><strong>THISTED:<\/strong> Fremover vil store lastbiler ikke l\u00e6ngere f\u00e5 mulighed for at k\u00f8re ind p\u00e5 Store Torv.<\/p>\n<p>Kommunens udvalg for klima, milj\u00f8 og teknik har netop godkendt, at bel\u00e6gningen p\u00e5 det nyistandsatte torv ikke skal uds\u00e6ttes for belastninger fra k\u00f8ret\u00f8jer med en totalv\u00e6gt p\u00e5 over syv tons.<\/p>\n<a class=\"dvrt-link\" onClick=\"cdmtrack_click(683,jQuery(this));return false\" href=\"https:\/\/vester-begr.dk\/?utm_source=google&amp;utm_medium=advative&amp;gad_source=1&amp;gclid=Cj0KCQjwtJ6_BhDWARIsAGanmKfl-hGVVjCYiOgSKoGoxrow4kvXybZsnruKJYTslvqZDywT6a9PCQwaAmBjEALw_wcB\"><img decoding=\"async\" style=\"width:100%;\" src=\"https:\/\/kunmedierne.dk\/thy\/wp-content\/uploads\/sites\/2\/2025\/03\/260203VesterHoukaer-02022026.jpg\"><\/a><script>cdmtrack_view(683);<\/script>\n<p>Samtidig har udvalget besluttet, at adgangen til Store Torv ad to af de nuv\u00e6rende adgangsveje, henholdsvis Vestergade og Storegade reguleres med automatiske pullerter. Den ene opstilles hvor Storegade munder ud i H\u00e5ndv\u00e6rkertorv, den anden i den vestlige ende af Vestergade ved Kongensgade. Pullerterne styres med adgangstilladelser som sikrer blandt andet renovationsbiler og redningsberedskabets k\u00f8ret\u00f8jer adgang.<\/p>\n<p>V\u00e6gtbegr\u00e6nsningen p\u00e5 torvet og pullerterne ved de to indk\u00f8rselsveje kommer for at beskytte bel\u00e6gningen p\u00e5 det &#8220;nye&#8221; Store Torv, hvor renoverings- og fornyelsesarbejder for 18,6 mio. kroner snart er afsluttet.<\/p>\n<p>De 10 millioner kroner kommer fra Sparekassen Thys jubil\u00e6umsgave og bruges til at skabe et nyt byrum p\u00e5 den del af torvet, som ligger op mod museumsbygningen, de \u00f8vrige godt otte millioner kroner har kommunen betalt for at f\u00e5 udbedret bel\u00e6gningen p\u00e5 den resterende del af torvet, som er blevet skadet blandt andet p\u00e5 grund af k\u00f8rsel med tunge k\u00f8ret\u00f8jer.<\/p>\n<a class=\"dvrt-link\" onClick=\"cdmtrack_click(1130,jQuery(this));return false\" href=\"https:\/\/www.thistedforsikring.dk\/?utm_source=partnerskaber&amp;utm_campaign=kun_thy\"><img decoding=\"async\" style=\"width:100%;\" src=\"https:\/\/kunmedierne.dk\/thy\/wp-content\/uploads\/sites\/2\/2025\/04\/260409KunThyThisted-For-1.png\"><\/a><script>cdmtrack_view(1130);<\/script>\n<p>&#8211; Det skal nok blive et flot torv, n\u00e5r det st\u00e5r helt f\u00e6rdigt, og der er n\u00e6ppe nogen, som har indvendinger imod, at torvet kan blive et nyt samlingspunkt i midtbyen. Det vil komme alle til gode, siger Jens Tilma, K, formand for udvalget for klima, milj\u00f8 og teknik.<\/p>\n<p>Selv om intentioner bag den store anl\u00e6gsinvestering p\u00e5 Store Torv er gode, har arbejderne udl\u00f8st, hvad Jens Tilma kalder en diskussion om prioriteringer. Ikke mindst p\u00e5 de sociale medier.<\/p>\n<p>&#8211; Projektet er hvirvlet ind i den debat m\u00e5ske nogen ikke er klar over, at 10 millioner kroner ud af den samlede udgift til arbejderne er en gave fra Sparekassen Thy, og at kommunen har betalt resten, fordi det er prisen for at udbedre de skader, bel\u00e6gningen p\u00e5 torvet har f\u00e5et over \u00e5rene, siger udvalgsformanden.<\/p>\n<a class=\"dvrt-link\" onClick=\"cdmtrack_click(25762,jQuery(this));return false\" href=\"https:\/\/www.facebook.com\/profile.php?id=100049901895340\"><img decoding=\"async\" style=\"width:100%;\" src=\"https:\/\/kunmedierne.dk\/thy\/wp-content\/uploads\/sites\/2\/2026\/08\/260831Morsoebil2Animation-3steps-1.gif\"><\/a><script>cdmtrack_view(25762);<\/script>\n<p>Debatten om prioriteringer har blandt andet kredset om sp\u00f8rgsm\u00e5let: Hvorfor bruge penge p\u00e5 kn\u00e6kkede fliser frem for at bruge dem p\u00e5 omr\u00e5der, hvor de g\u00f8r direkte gavn for mennesker.<\/p>\n<p>&#8211; Nogen har g\u00e5et med en indest\u00e6ngthed, der er kommet til udtryk i debatten om form\u00e5let med at lave torvet om og om prioritering af penge, men n\u00e5r Store Torv er helt f\u00e6rdigt, s\u00e5 bliver det et bedre torv, end det vi har haft hidtil, siger Jens Tilma.<\/p>\n","protected":false},"excerpt":{"rendered":"<p>THISTED: Fremover vil store lastbiler ikke l\u00e6ngere f\u00e5 mulighed for at k\u00f8re ind p\u00e5 Store Torv. Kommunens udvalg for klima, milj\u00f8 og teknik har netop godkendt, at bel\u00e6gningen p\u00e5 det nyistandsatte torv ikke skal uds\u00e6ttes for belastninger fra k\u00f8ret\u00f8jer med en totalv\u00e6gt p\u00e5 over syv tons. Samtidig har udvalget besluttet, at adgangen til Store Torv [&hellip;]<\/p>\n","protected":false},"author":4535,"featured_media":0,"comment_status":"closed","ping_status":"closed","sticky":false,"template":"","format":"standard","meta":{"_acf_changed":false,"footnotes":""},"categories":[24],"tags":[],"class_list":["post-26713","post","type-post","status-publish","format-standard","hentry","category-lokalt"],"acf":[],"yoast_head":"<!-- This site is optimized with the Yoast SEO plugin v27.7 - https:\/\/yoast.com\/product\/yoast-seo-wordpress\/ -->\n<title>&quot;Nyt&quot; Storetorv g\u00f8r bymidten bedre - Thy<\/title>\n<meta name=\"robots\" content=\"index, follow, max-snippet:-1, max-image-preview:large, max-video-preview:-1\" \/>\n<link rel=\"canonical\" href=\"https:\/\/kunmedierne.dk\/thy\/nyt-storetorv-goer-bymidten-bedre\/\" \/>\n<meta property=\"og:locale\" content=\"da_DK\" \/>\n<meta property=\"og:type\" content=\"article\" \/>\n<meta property=\"og:title\" content=\"&quot;Nyt&quot; Storetorv g\u00f8r bymidten bedre - Thy\" \/>\n<meta property=\"og:description\" content=\"THISTED: Fremover vil store lastbiler ikke l\u00e6ngere f\u00e5 mulighed for at k\u00f8re ind p\u00e5 Store Torv. Kommunens udvalg for klima, milj\u00f8 og teknik har netop godkendt, at bel\u00e6gningen p\u00e5 det nyistandsatte torv ikke skal uds\u00e6ttes for belastninger fra k\u00f8ret\u00f8jer med en totalv\u00e6gt p\u00e5 over syv tons. Samtidig har udvalget besluttet, at adgangen til Store Torv [&hellip;]\" \/>\n<meta property=\"og:url\" content=\"https:\/\/kunmedierne.dk\/thy\/nyt-storetorv-goer-bymidten-bedre\/\" \/>\n<meta property=\"og:site_name\" content=\"Thy\" \/>\n<meta property=\"article:published_time\" content=\"2026-09-02T16:47:49+00:00\" \/>\n<meta name=\"author\" content=\"Jens Fogh Andersen\" \/>\n<meta name=\"twitter:card\" content=\"summary_large_image\" \/>\n<meta name=\"twitter:label1\" content=\"Skrevet af\" \/>\n\t<meta name=\"twitter:data1\" content=\"Jens Fogh Andersen\" \/>\n\t<meta name=\"twitter:label2\" content=\"Estimeret l\u00e6setid\" \/>\n\t<meta name=\"twitter:data2\" content=\"3 minutter\" \/>\n<script type=\"application\/ld+json\" class=\"yoast-schema-graph\">{\"@context\":\"https:\\\/\\\/schema.org\",\"@graph\":[{\"@type\":\"Article\",\"@id\":\"https:\\\/\\\/kunmedierne.dk\\\/thy\\\/nyt-storetorv-goer-bymidten-bedre\\\/#article\",\"isPartOf\":{\"@id\":\"https:\\\/\\\/kunmedierne.dk\\\/thy\\\/nyt-storetorv-goer-bymidten-bedre\\\/\"},\"author\":{\"name\":\"Jens Fogh Andersen\",\"@id\":\"https:\\\/\\\/kunmedierne.dk\\\/thy\\\/#\\\/schema\\\/person\\\/88f5be46809ca2a5533760eb574fef93\"},\"headline\":\"&#8220;Nyt&#8221; Storetorv g\u00f8r bymidten bedre\",\"datePublished\":\"2026-09-02T16:47:49+00:00\",\"mainEntityOfPage\":{\"@id\":\"https:\\\/\\\/kunmedierne.dk\\\/thy\\\/nyt-storetorv-goer-bymidten-bedre\\\/\"},\"wordCount\":450,\"publisher\":{\"@id\":\"https:\\\/\\\/kunmedierne.dk\\\/thy\\\/#organization\"},\"articleSection\":[\"Lokalt\"],\"inLanguage\":\"da-DK\"},{\"@type\":\"WebPage\",\"@id\":\"https:\\\/\\\/kunmedierne.dk\\\/thy\\\/nyt-storetorv-goer-bymidten-bedre\\\/\",\"url\":\"https:\\\/\\\/kunmedierne.dk\\\/thy\\\/nyt-storetorv-goer-bymidten-bedre\\\/\",\"name\":\"\\\"Nyt\\\" Storetorv g\u00f8r bymidten bedre - Thy\",\"isPartOf\":{\"@id\":\"https:\\\/\\\/kunmedierne.dk\\\/thy\\\/#website\"},\"datePublished\":\"2026-09-02T16:47:49+00:00\",\"breadcrumb\":{\"@id\":\"https:\\\/\\\/kunmedierne.dk\\\/thy\\\/nyt-storetorv-goer-bymidten-bedre\\\/#breadcrumb\"},\"inLanguage\":\"da-DK\",\"potentialAction\":[{\"@type\":\"ReadAction\",\"target\":[\"https:\\\/\\\/kunmedierne.dk\\\/thy\\\/nyt-storetorv-goer-bymidten-bedre\\\/\"]}]},{\"@type\":\"BreadcrumbList\",\"@id\":\"https:\\\/\\\/kunmedierne.dk\\\/thy\\\/nyt-storetorv-goer-bymidten-bedre\\\/#breadcrumb\",\"itemListElement\":[{\"@type\":\"ListItem\",\"position\":1,\"name\":\"Home\",\"item\":\"https:\\\/\\\/kunmedierne.dk\\\/thy\\\/\"},{\"@type\":\"ListItem\",\"position\":2,\"name\":\"&#8220;Nyt&#8221; Storetorv g\u00f8r bymidten bedre\"}]},{\"@type\":\"WebSite\",\"@id\":\"https:\\\/\\\/kunmedierne.dk\\\/thy\\\/#website\",\"url\":\"https:\\\/\\\/kunmedierne.dk\\\/thy\\\/\",\"name\":\"Thy\",\"description\":\"et netmedie med journalistik om livet i Thy\",\"publisher\":{\"@id\":\"https:\\\/\\\/kunmedierne.dk\\\/thy\\\/#organization\"},\"potentialAction\":[{\"@type\":\"SearchAction\",\"target\":{\"@type\":\"EntryPoint\",\"urlTemplate\":\"https:\\\/\\\/kunmedierne.dk\\\/thy\\\/?s={search_term_string}\"},\"query-input\":{\"@type\":\"PropertyValueSpecification\",\"valueRequired\":true,\"valueName\":\"search_term_string\"}}],\"inLanguage\":\"da-DK\"},{\"@type\":\"Organization\",\"@id\":\"https:\\\/\\\/kunmedierne.dk\\\/thy\\\/#organization\",\"name\":\"Thy\",\"url\":\"https:\\\/\\\/kunmedierne.dk\\\/thy\\\/\",\"logo\":{\"@type\":\"ImageObject\",\"inLanguage\":\"da-DK\",\"@id\":\"https:\\\/\\\/kunmedierne.dk\\\/thy\\\/#\\\/schema\\\/logo\\\/image\\\/\",\"url\":\"https:\\\/\\\/kunmedierne.dk\\\/thy\\\/wp-content\\\/uploads\\\/sites\\\/2\\\/2025\\\/04\\\/kunthy-logo.svg\",\"contentUrl\":\"https:\\\/\\\/kunmedierne.dk\\\/thy\\\/wp-content\\\/uploads\\\/sites\\\/2\\\/2025\\\/04\\\/kunthy-logo.svg\",\"caption\":\"Thy\"},\"image\":{\"@id\":\"https:\\\/\\\/kunmedierne.dk\\\/thy\\\/#\\\/schema\\\/logo\\\/image\\\/\"}},{\"@type\":\"Person\",\"@id\":\"https:\\\/\\\/kunmedierne.dk\\\/thy\\\/#\\\/schema\\\/person\\\/88f5be46809ca2a5533760eb574fef93\",\"name\":\"Jens Fogh Andersen\",\"image\":{\"@type\":\"ImageObject\",\"inLanguage\":\"da-DK\",\"@id\":\"https:\\\/\\\/secure.gravatar.com\\\/avatar\\\/2b367a4ef139b1c41dccc9ee7af926b81f8b4cca3359772e86c7fd5ced26c0a3?s=96&d=mm&r=g\",\"url\":\"https:\\\/\\\/secure.gravatar.com\\\/avatar\\\/2b367a4ef139b1c41dccc9ee7af926b81f8b4cca3359772e86c7fd5ced26c0a3?s=96&d=mm&r=g\",\"contentUrl\":\"https:\\\/\\\/secure.gravatar.com\\\/avatar\\\/2b367a4ef139b1c41dccc9ee7af926b81f8b4cca3359772e86c7fd5ced26c0a3?s=96&d=mm&r=g\",\"caption\":\"Jens Fogh Andersen\"},\"url\":\"https:\\\/\\\/kunmedierne.dk\\\/thy\\\/author\\\/jfa\\\/\"}]}<\/script>\n<!-- \/ Yoast SEO plugin. -->","yoast_head_json":{"title":"\"Nyt\" Storetorv g\u00f8r bymidten bedre - Thy","robots":{"index":"index","follow":"follow","max-snippet":"max-snippet:-1","max-image-preview":"max-image-preview:large","max-video-preview":"max-video-preview:-1"},"canonical":"https:\/\/kunmedierne.dk\/thy\/nyt-storetorv-goer-bymidten-bedre\/","og_locale":"da_DK","og_type":"article","og_title":"\"Nyt\" Storetorv g\u00f8r bymidten bedre - Thy","og_description":"THISTED: Fremover vil store lastbiler ikke l\u00e6ngere f\u00e5 mulighed for at k\u00f8re ind p\u00e5 Store Torv. Kommunens udvalg for klima, milj\u00f8 og teknik har netop godkendt, at bel\u00e6gningen p\u00e5 det nyistandsatte torv ikke skal uds\u00e6ttes for belastninger fra k\u00f8ret\u00f8jer med en totalv\u00e6gt p\u00e5 over syv tons. Samtidig har udvalget besluttet, at adgangen til Store Torv [&hellip;]","og_url":"https:\/\/kunmedierne.dk\/thy\/nyt-storetorv-goer-bymidten-bedre\/","og_site_name":"Thy","article_published_time":"2026-09-02T16:47:49+00:00","author":"Jens Fogh Andersen","twitter_card":"summary_large_image","twitter_misc":{"Skrevet af":"Jens Fogh Andersen","Estimeret l\u00e6setid":"3 minutter"},"schema":{"@context":"https:\/\/schema.org","@graph":[{"@type":"Article","@id":"https:\/\/kunmedierne.dk\/thy\/nyt-storetorv-goer-bymidten-bedre\/#article","isPartOf":{"@id":"https:\/\/kunmedierne.dk\/thy\/nyt-storetorv-goer-bymidten-bedre\/"},"author":{"name":"Jens Fogh Andersen","@id":"https:\/\/kunmedierne.dk\/thy\/#\/schema\/person\/88f5be46809ca2a5533760eb574fef93"},"headline":"&#8220;Nyt&#8221; Storetorv g\u00f8r bymidten bedre","datePublished":"2026-09-02T16:47:49+00:00","mainEntityOfPage":{"@id":"https:\/\/kunmedierne.dk\/thy\/nyt-storetorv-goer-bymidten-bedre\/"},"wordCount":450,"publisher":{"@id":"https:\/\/kunmedierne.dk\/thy\/#organization"},"articleSection":["Lokalt"],"inLanguage":"da-DK"},{"@type":"WebPage","@id":"https:\/\/kunmedierne.dk\/thy\/nyt-storetorv-goer-bymidten-bedre\/","url":"https:\/\/kunmedierne.dk\/thy\/nyt-storetorv-goer-bymidten-bedre\/","name":"\"Nyt\" Storetorv g\u00f8r bymidten bedre - Thy","isPartOf":{"@id":"https:\/\/kunmedierne.dk\/thy\/#website"},"datePublished":"2026-09-02T16:47:49+00:00","breadcrumb":{"@id":"https:\/\/kunmedierne.dk\/thy\/nyt-storetorv-goer-bymidten-bedre\/#breadcrumb"},"inLanguage":"da-DK","potentialAction":[{"@type":"ReadAction","target":["https:\/\/kunmedierne.dk\/thy\/nyt-storetorv-goer-bymidten-bedre\/"]}]},{"@type":"BreadcrumbList","@id":"https:\/\/kunmedierne.dk\/thy\/nyt-storetorv-goer-bymidten-bedre\/#breadcrumb","itemListElement":[{"@type":"ListItem","position":1,"name":"Home","item":"https:\/\/kunmedierne.dk\/thy\/"},{"@type":"ListItem","position":2,"name":"&#8220;Nyt&#8221; Storetorv g\u00f8r bymidten bedre"}]},{"@type":"WebSite","@id":"https:\/\/kunmedierne.dk\/thy\/#website","url":"https:\/\/kunmedierne.dk\/thy\/","name":"Thy","description":"et netmedie med journalistik om livet i Thy","publisher":{"@id":"https:\/\/kunmedierne.dk\/thy\/#organization"},"potentialAction":[{"@type":"SearchAction","target":{"@type":"EntryPoint","urlTemplate":"https:\/\/kunmedierne.dk\/thy\/?s={search_term_string}"},"query-input":{"@type":"PropertyValueSpecification","valueRequired":true,"valueName":"search_term_string"}}],"inLanguage":"da-DK"},{"@type":"Organization","@id":"https:\/\/kunmedierne.dk\/thy\/#organization","name":"Thy","url":"https:\/\/kunmedierne.dk\/thy\/","logo":{"@type":"ImageObject","inLanguage":"da-DK","@id":"https:\/\/kunmedierne.dk\/thy\/#\/schema\/logo\/image\/","url":"https:\/\/kunmedierne.dk\/thy\/wp-content\/uploads\/sites\/2\/2025\/04\/kunthy-logo.svg","contentUrl":"https:\/\/kunmedierne.dk\/thy\/wp-content\/uploads\/sites\/2\/2025\/04\/kunthy-logo.svg","caption":"Thy"},"image":{"@id":"https:\/\/kunmedierne.dk\/thy\/#\/schema\/logo\/image\/"}},{"@type":"Person","@id":"https:\/\/kunmedierne.dk\/thy\/#\/schema\/person\/88f5be46809ca2a5533760eb574fef93","name":"Jens Fogh Andersen","image":{"@type":"ImageObject","inLanguage":"da-DK","@id":"https:\/\/secure.gravatar.com\/avatar\/2b367a4ef139b1c41dccc9ee7af926b81f8b4cca3359772e86c7fd5ced26c0a3?s=96&d=mm&r=g","url":"https:\/\/secure.gravatar.com\/avatar\/2b367a4ef139b1c41dccc9ee7af926b81f8b4cca3359772e86c7fd5ced26c0a3?s=96&d=mm&r=g","contentUrl":"https:\/\/secure.gravatar.com\/avatar\/2b367a4ef139b1c41dccc9ee7af926b81f8b4cca3359772e86c7fd5ced26c0a3?s=96&d=mm&r=g","caption":"Jens Fogh Andersen"},"url":"https:\/\/kunmedierne.dk\/thy\/author\/jfa\/"}]}},"_links":{"self":[{"href":"https:\/\/kunmedierne.dk\/thy\/wp-json\/wp\/v2\/posts\/26713","targetHints":{"allow":["GET"]}}],"collection":[{"href":"https:\/\/kunmedierne.dk\/thy\/wp-json\/wp\/v2\/posts"}],"about":[{"href":"https:\/\/kunmedierne.dk\/thy\/wp-json\/wp\/v2\/types\/post"}],"author":[{"embeddable":true,"href":"https:\/\/kunmedierne.dk\/thy\/wp-json\/wp\/v2\/users\/4535"}],"replies":[{"embeddable":true,"href":"https:\/\/kunmedierne.dk\/thy\/wp-json\/wp\/v2\/comments?post=26713"}],"version-history":[{"count":4,"href":"https:\/\/kunmedierne.dk\/thy\/wp-json\/wp\/v2\/posts\/26713\/revisions"}],"predecessor-version":[{"id":26759,"href":"https:\/\/kunmedierne.dk\/thy\/wp-json\/wp\/v2\/posts\/26713\/revisions\/26759"}],"wp:attachment":[{"href":"https:\/\/kunmedierne.dk\/thy\/wp-json\/wp\/v2\/media?parent=26713"}],"wp:term":[{"taxonomy":"category","embeddable":true,"href":"https:\/\/kunmedierne.dk\/thy\/wp-json\/wp\/v2\/categories?post=26713"},{"taxonomy":"post_tag","embeddable":true,"href":"https:\/\/kunmedierne.dk\/thy\/wp-json\/wp\/v2\/tags?post=26713"}],"curies":[{"name":"wp","href":"https:\/\/api.w.org\/{rel}","templated":true}]}}