{"id":26680,"date":"2026-09-01T13:02:27","date_gmt":"2026-09-01T11:02:27","guid":{"rendered":"https:\/\/kunmedierne.dk\/thy\/?p=26680"},"modified":"2026-09-01T13:02:27","modified_gmt":"2026-09-01T11:02:27","slug":"naturnationalpark-hanstholm-plan-for-4-800-hektar-natur-i-hoering","status":"publish","type":"post","link":"https:\/\/kunmedierne.dk\/thy\/naturnationalpark-hanstholm-plan-for-4-800-hektar-natur-i-hoering\/","title":{"rendered":"<span>Naturnationalpark Hanstholm: <\/span>Plan for 4.800 hektar natur i h\u00f8ring"},"content":{"rendered":"<p>THY: Frem til 3. november er opl\u00e6gget til projektbeskrivelse og forvaltningplan for en kommende Naturnationalpark Hanstholm i offentlig h\u00f8ring. N\u00e5r h\u00f8ringen er slut skal det med eventuelle tilpasninger godkendes politisk, oplyser Naturstyrelsen.<\/p>\n<p>Naturnationalpark Hanstholmstr\u00e6kker sig godt ni kilometer fra Klitm\u00f8ller til Hanstholm og mere end otte kilometer fra Tved til havet.<\/p>\n<a class=\"dvrt-link\" onClick=\"cdmtrack_click(7877,jQuery(this));return false\" href=\"https:\/\/kunmedierne.dk\/thy\/jobopslag-paa-kunthy-og-kunmors-bliver-vist-paa-begge-medier-til-samme-lave-pris\/\"><img decoding=\"async\" style=\"width:100%;\" src=\"https:\/\/kunmedierne.dk\/thy\/wp-content\/uploads\/sites\/2\/2025\/08\/jobannonce-kunmedierne.jpg\"><\/a><script>cdmtrack_view(7877);<\/script>\n<p>Naturnationalparken afgr\u00e6nses mod syd af Nors S\u00f8, Vilsb\u00f8l Klitplantage og de private arealer ved Klitm\u00f8ller og nord for Klitm\u00f8llervej. Mod vest ligger Vesterhavet, mod nord<br \/>\nHanstholm by, og mod \u00f8st afgr\u00e6nses naturnationalparken af landbrugslandet i S\u00e5rup.<\/p>\n<div id=\"attachment_26683\" style=\"width: 934px\" class=\"wp-caption alignnone\"><img loading=\"lazy\" decoding=\"async\" aria-describedby=\"caption-attachment-26683\" class=\"wp-image-26683 size-full\" src=\"https:\/\/kunmedierne.dk\/thy\/wp-content\/uploads\/sites\/2\/2026\/09\/Naturnationalpark2026-09-01-Firefly-Upscaler-2x-skala.jpg\" alt=\"\" width=\"924\" height=\"874\" srcset=\"https:\/\/kunmedierne.dk\/thy\/wp-content\/uploads\/sites\/2\/2026\/09\/Naturnationalpark2026-09-01-Firefly-Upscaler-2x-skala.jpg 924w, https:\/\/kunmedierne.dk\/thy\/wp-content\/uploads\/sites\/2\/2026\/09\/Naturnationalpark2026-09-01-Firefly-Upscaler-2x-skala-300x284.jpg 300w, https:\/\/kunmedierne.dk\/thy\/wp-content\/uploads\/sites\/2\/2026\/09\/Naturnationalpark2026-09-01-Firefly-Upscaler-2x-skala-510x482.jpg 510w\" sizes=\"auto, (max-width: 924px) 100vw, 924px\" \/><p id=\"caption-attachment-26683\" class=\"wp-caption-text\">Kortet viser afgr\u00e6nsningen af den kommende Naturnationalpark Hanstholm. Illustration fra projektbeskrivelsen.<\/p><\/div>\n<p>&nbsp;<\/p>\n<p>Kernen i den 4800 hektar store naturnationalpark udg\u00f8res af det godt 3.800 hektar store Hanstholm Vildtreservat best\u00e5ende af forskellige lys\u00e5bne klitnaturtyper. Vildtreservatet er omgivet af klitplantagerne i Tved og Vilsb\u00f8l mod \u00f8st og syd. Mod vest gr\u00e6nser omr\u00e5det direkte ud til Vesterhavet. Det store sammenh\u00e6ngende areal er ejet af staten og har en stor variation af naturtyper, topografi og jordbundsforhold.<\/p>\n<a class=\"dvrt-link\" onClick=\"cdmtrack_click(25762,jQuery(this));return false\" href=\"https:\/\/www.facebook.com\/profile.php?id=100049901895340\"><img decoding=\"async\" style=\"width:100%;\" src=\"https:\/\/kunmedierne.dk\/thy\/wp-content\/uploads\/sites\/2\/2026\/08\/260831Morsoebil2Animation-3steps-1.gif\"><\/a><script>cdmtrack_view(25762);<\/script>\n<p>Naturstyrelsen foresl\u00e5r i projektbeskrivelsen, at der i Naturnationalpark Hanstholm gennemf\u00f8res naturgenopretning for at give det bedst mulige udgangspunkt for omr\u00e5dets naturudvikling og for at skabe plads til en mere fri og dynamisk udvikling af klitnaturen end hidtil.<\/p>\n<p>Der skal v\u00e6re plads til naturlige processer som vindens p\u00e5virkning af sand og vand, naturlig spredning og udvikling af tr\u00e6- og buskarter i skovene og til at lade gamle og d\u00f8de tr\u00e6er blive nedbrudt i naturlige processer.<\/p>\n<blockquote>\n<h4>Naturnationalpark Hanstholm<\/h4>\n<h5>Naturnationalpark Hanstholm vil best\u00e5 af et godt 4.800 hektar stort omr\u00e5de.<\/h5>\n<h5>Den karakteristiske klitnatur udg\u00f8r langt det st\u00f8rste areal.<\/h5>\n<h5>Omr\u00e5det er karakteriseret ved et stort antal n\u00e6ringsfattige vandhuller og st\u00f8rre s\u00f8er og mindre arealer med rigk\u00e6r samt kalkoverdrev p\u00e5 de gamle kystskr\u00e6nter.<\/h5>\n<h5>Klithederne huser den st\u00f8rste danske ynglebestand af vadefuglen tinksmed, og trane har ogs\u00e5 en meget t\u00e6t ynglebestand ved de lavvandede klits\u00f8er i Hanstholm Vildtreservat.<\/h5>\n<h5>Klitplantagerne er levested for natravn, hedel\u00e6rk, r\u00f8drygget tornskade og stor hornugle.<\/h5>\n<h5>Kilde: Naturstyrelsen<\/h5>\n<\/blockquote>\n<p>&nbsp;<\/p>\n<p>En afg\u00f8rende faktor i vejen mod en mere dynamisk klitnatur er, at der i hele naturnationalparkens omr\u00e5de etableres bestande af store gr\u00e6ssende dyr som heste og kv\u00e6g. Disse arter vil sammen med den eksisterende bestand af krondyr give mere plads til omr\u00e5dets natur.<\/p>\n<p>De store dyr vil bidrage til den naturlige dynamik i omr\u00e5det til gavn for den samlede biodiversitet og sammenh\u00e6ng mellem for eksempel skov og lys\u00e5ben natur.<\/p>\n<p>I naturnationalparken planl\u00e6gges yderligere faciliteter for friluftsliv, s\u00e5 bes\u00f8gende kan opleve den vilde natur og f\u00e5 sp\u00e6ndende naturoplevelser.<\/p>\n<p>I Hanstholm Vildtreservat har der i mange \u00e5r v\u00e6ret begr\u00e6nset adgang for mennesker. Det er\u00a0 af hensyn til blandt andet ynglende fugle, odder samt rastende vandfugle. Den begr\u00e6nsede adgang videref\u00f8res i naturnationalparken, men \u00f8nsket er at forbedre mulighederne for p\u00e5 afstand at f\u00e5 indkig i det store naturomr\u00e5de, hvor der blandt andet lever mange krondyr.<\/p>\n<p>Gennem den lokale dialog, blandt andre bestyrelsen for Naturnationalpark Hanstholm, er det s\u00e6rligt \u00f8nsket, at indsatsen for formidling m\u00e5lrettes b\u00f8rn, mens der p\u00e5 udvalgte steder vil v\u00e6re formidling om s\u00e6rlige arter eller historisk interessante steder. Desuden prioriteres formidling ved alle p-pladser og st\u00f8rre indgange.<\/p>\n","protected":false},"excerpt":{"rendered":"<p>THY: Frem til 3. november er opl\u00e6gget til projektbeskrivelse og forvaltningplan for en kommende Naturnationalpark Hanstholm i offentlig h\u00f8ring. N\u00e5r h\u00f8ringen er slut skal det med eventuelle tilpasninger godkendes politisk, oplyser Naturstyrelsen. Naturnationalpark Hanstholmstr\u00e6kker sig godt ni kilometer fra Klitm\u00f8ller til Hanstholm og mere end otte kilometer fra Tved til havet. Naturnationalparken afgr\u00e6nses mod syd [&hellip;]<\/p>\n","protected":false},"author":4535,"featured_media":0,"comment_status":"closed","ping_status":"closed","sticky":false,"template":"","format":"standard","meta":{"_acf_changed":false,"footnotes":""},"categories":[24],"tags":[75,49],"class_list":["post-26680","post","type-post","status-publish","format-standard","hentry","category-lokalt","tag-nationalpark-thy","tag-natur"],"acf":[],"yoast_head":"<!-- This site is optimized with the Yoast SEO plugin v27.7 - https:\/\/yoast.com\/product\/yoast-seo-wordpress\/ -->\n<title>Naturnationalpark Hanstholm: Plan for 4.800 hektar natur i h\u00f8ring - Thy<\/title>\n<meta name=\"robots\" content=\"index, follow, max-snippet:-1, max-image-preview:large, max-video-preview:-1\" \/>\n<link rel=\"canonical\" href=\"https:\/\/kunmedierne.dk\/thy\/naturnationalpark-hanstholm-plan-for-4-800-hektar-natur-i-hoering\/\" \/>\n<meta property=\"og:locale\" content=\"da_DK\" \/>\n<meta property=\"og:type\" content=\"article\" \/>\n<meta property=\"og:title\" content=\"Naturnationalpark Hanstholm: Plan for 4.800 hektar natur i h\u00f8ring - Thy\" \/>\n<meta property=\"og:description\" content=\"THY: Frem til 3. november er opl\u00e6gget til projektbeskrivelse og forvaltningplan for en kommende Naturnationalpark Hanstholm i offentlig h\u00f8ring. N\u00e5r h\u00f8ringen er slut skal det med eventuelle tilpasninger godkendes politisk, oplyser Naturstyrelsen. Naturnationalpark Hanstholmstr\u00e6kker sig godt ni kilometer fra Klitm\u00f8ller til Hanstholm og mere end otte kilometer fra Tved til havet. Naturnationalparken afgr\u00e6nses mod syd [&hellip;]\" \/>\n<meta property=\"og:url\" content=\"https:\/\/kunmedierne.dk\/thy\/naturnationalpark-hanstholm-plan-for-4-800-hektar-natur-i-hoering\/\" \/>\n<meta property=\"og:site_name\" content=\"Thy\" \/>\n<meta property=\"article:published_time\" content=\"2026-09-01T11:02:27+00:00\" \/>\n<meta property=\"og:image\" content=\"https:\/\/kunmedierne.dk\/thy\/wp-content\/uploads\/sites\/2\/2026\/09\/Naturnationalpark2026-09-01-Firefly-Upscaler-2x-skala.jpg\" \/>\n<meta name=\"author\" content=\"Jens Fogh Andersen\" \/>\n<meta name=\"twitter:card\" content=\"summary_large_image\" \/>\n<meta name=\"twitter:label1\" content=\"Skrevet af\" \/>\n\t<meta name=\"twitter:data1\" content=\"Jens Fogh Andersen\" \/>\n\t<meta name=\"twitter:label2\" content=\"Estimeret l\u00e6setid\" \/>\n\t<meta name=\"twitter:data2\" content=\"3 minutter\" \/>\n<script type=\"application\/ld+json\" class=\"yoast-schema-graph\">{\"@context\":\"https:\\\/\\\/schema.org\",\"@graph\":[{\"@type\":\"Article\",\"@id\":\"https:\\\/\\\/kunmedierne.dk\\\/thy\\\/naturnationalpark-hanstholm-plan-for-4-800-hektar-natur-i-hoering\\\/#article\",\"isPartOf\":{\"@id\":\"https:\\\/\\\/kunmedierne.dk\\\/thy\\\/naturnationalpark-hanstholm-plan-for-4-800-hektar-natur-i-hoering\\\/\"},\"author\":{\"name\":\"Jens Fogh Andersen\",\"@id\":\"https:\\\/\\\/kunmedierne.dk\\\/thy\\\/#\\\/schema\\\/person\\\/88f5be46809ca2a5533760eb574fef93\"},\"headline\":\"Naturnationalpark Hanstholm: Plan for 4.800 hektar natur i h\u00f8ring\",\"datePublished\":\"2026-09-01T11:02:27+00:00\",\"mainEntityOfPage\":{\"@id\":\"https:\\\/\\\/kunmedierne.dk\\\/thy\\\/naturnationalpark-hanstholm-plan-for-4-800-hektar-natur-i-hoering\\\/\"},\"wordCount\":581,\"publisher\":{\"@id\":\"https:\\\/\\\/kunmedierne.dk\\\/thy\\\/#organization\"},\"image\":{\"@id\":\"https:\\\/\\\/kunmedierne.dk\\\/thy\\\/naturnationalpark-hanstholm-plan-for-4-800-hektar-natur-i-hoering\\\/#primaryimage\"},\"thumbnailUrl\":\"https:\\\/\\\/kunmedierne.dk\\\/thy\\\/wp-content\\\/uploads\\\/sites\\\/2\\\/2026\\\/09\\\/Naturnationalpark2026-09-01-Firefly-Upscaler-2x-skala.jpg\",\"keywords\":[\"Nationalpark Thy\",\"Natur\"],\"articleSection\":[\"Lokalt\"],\"inLanguage\":\"da-DK\"},{\"@type\":\"WebPage\",\"@id\":\"https:\\\/\\\/kunmedierne.dk\\\/thy\\\/naturnationalpark-hanstholm-plan-for-4-800-hektar-natur-i-hoering\\\/\",\"url\":\"https:\\\/\\\/kunmedierne.dk\\\/thy\\\/naturnationalpark-hanstholm-plan-for-4-800-hektar-natur-i-hoering\\\/\",\"name\":\"Naturnationalpark Hanstholm: Plan for 4.800 hektar natur i h\u00f8ring - Thy\",\"isPartOf\":{\"@id\":\"https:\\\/\\\/kunmedierne.dk\\\/thy\\\/#website\"},\"primaryImageOfPage\":{\"@id\":\"https:\\\/\\\/kunmedierne.dk\\\/thy\\\/naturnationalpark-hanstholm-plan-for-4-800-hektar-natur-i-hoering\\\/#primaryimage\"},\"image\":{\"@id\":\"https:\\\/\\\/kunmedierne.dk\\\/thy\\\/naturnationalpark-hanstholm-plan-for-4-800-hektar-natur-i-hoering\\\/#primaryimage\"},\"thumbnailUrl\":\"https:\\\/\\\/kunmedierne.dk\\\/thy\\\/wp-content\\\/uploads\\\/sites\\\/2\\\/2026\\\/09\\\/Naturnationalpark2026-09-01-Firefly-Upscaler-2x-skala.jpg\",\"datePublished\":\"2026-09-01T11:02:27+00:00\",\"breadcrumb\":{\"@id\":\"https:\\\/\\\/kunmedierne.dk\\\/thy\\\/naturnationalpark-hanstholm-plan-for-4-800-hektar-natur-i-hoering\\\/#breadcrumb\"},\"inLanguage\":\"da-DK\",\"potentialAction\":[{\"@type\":\"ReadAction\",\"target\":[\"https:\\\/\\\/kunmedierne.dk\\\/thy\\\/naturnationalpark-hanstholm-plan-for-4-800-hektar-natur-i-hoering\\\/\"]}]},{\"@type\":\"ImageObject\",\"inLanguage\":\"da-DK\",\"@id\":\"https:\\\/\\\/kunmedierne.dk\\\/thy\\\/naturnationalpark-hanstholm-plan-for-4-800-hektar-natur-i-hoering\\\/#primaryimage\",\"url\":\"https:\\\/\\\/kunmedierne.dk\\\/thy\\\/wp-content\\\/uploads\\\/sites\\\/2\\\/2026\\\/09\\\/Naturnationalpark2026-09-01-Firefly-Upscaler-2x-skala.jpg\",\"contentUrl\":\"https:\\\/\\\/kunmedierne.dk\\\/thy\\\/wp-content\\\/uploads\\\/sites\\\/2\\\/2026\\\/09\\\/Naturnationalpark2026-09-01-Firefly-Upscaler-2x-skala.jpg\",\"width\":924,\"height\":874,\"caption\":\"Naturnationalpark Hanstholm. Illustration fra projektbeskrivelse.\"},{\"@type\":\"BreadcrumbList\",\"@id\":\"https:\\\/\\\/kunmedierne.dk\\\/thy\\\/naturnationalpark-hanstholm-plan-for-4-800-hektar-natur-i-hoering\\\/#breadcrumb\",\"itemListElement\":[{\"@type\":\"ListItem\",\"position\":1,\"name\":\"Home\",\"item\":\"https:\\\/\\\/kunmedierne.dk\\\/thy\\\/\"},{\"@type\":\"ListItem\",\"position\":2,\"name\":\"Naturnationalpark Hanstholm: Plan for 4.800 hektar natur i h\u00f8ring\"}]},{\"@type\":\"WebSite\",\"@id\":\"https:\\\/\\\/kunmedierne.dk\\\/thy\\\/#website\",\"url\":\"https:\\\/\\\/kunmedierne.dk\\\/thy\\\/\",\"name\":\"Thy\",\"description\":\"et netmedie med journalistik om livet i Thy\",\"publisher\":{\"@id\":\"https:\\\/\\\/kunmedierne.dk\\\/thy\\\/#organization\"},\"potentialAction\":[{\"@type\":\"SearchAction\",\"target\":{\"@type\":\"EntryPoint\",\"urlTemplate\":\"https:\\\/\\\/kunmedierne.dk\\\/thy\\\/?s={search_term_string}\"},\"query-input\":{\"@type\":\"PropertyValueSpecification\",\"valueRequired\":true,\"valueName\":\"search_term_string\"}}],\"inLanguage\":\"da-DK\"},{\"@type\":\"Organization\",\"@id\":\"https:\\\/\\\/kunmedierne.dk\\\/thy\\\/#organization\",\"name\":\"Thy\",\"url\":\"https:\\\/\\\/kunmedierne.dk\\\/thy\\\/\",\"logo\":{\"@type\":\"ImageObject\",\"inLanguage\":\"da-DK\",\"@id\":\"https:\\\/\\\/kunmedierne.dk\\\/thy\\\/#\\\/schema\\\/logo\\\/image\\\/\",\"url\":\"https:\\\/\\\/kunmedierne.dk\\\/thy\\\/wp-content\\\/uploads\\\/sites\\\/2\\\/2025\\\/04\\\/kunthy-logo.svg\",\"contentUrl\":\"https:\\\/\\\/kunmedierne.dk\\\/thy\\\/wp-content\\\/uploads\\\/sites\\\/2\\\/2025\\\/04\\\/kunthy-logo.svg\",\"caption\":\"Thy\"},\"image\":{\"@id\":\"https:\\\/\\\/kunmedierne.dk\\\/thy\\\/#\\\/schema\\\/logo\\\/image\\\/\"}},{\"@type\":\"Person\",\"@id\":\"https:\\\/\\\/kunmedierne.dk\\\/thy\\\/#\\\/schema\\\/person\\\/88f5be46809ca2a5533760eb574fef93\",\"name\":\"Jens Fogh Andersen\",\"image\":{\"@type\":\"ImageObject\",\"inLanguage\":\"da-DK\",\"@id\":\"https:\\\/\\\/secure.gravatar.com\\\/avatar\\\/2b367a4ef139b1c41dccc9ee7af926b81f8b4cca3359772e86c7fd5ced26c0a3?s=96&d=mm&r=g\",\"url\":\"https:\\\/\\\/secure.gravatar.com\\\/avatar\\\/2b367a4ef139b1c41dccc9ee7af926b81f8b4cca3359772e86c7fd5ced26c0a3?s=96&d=mm&r=g\",\"contentUrl\":\"https:\\\/\\\/secure.gravatar.com\\\/avatar\\\/2b367a4ef139b1c41dccc9ee7af926b81f8b4cca3359772e86c7fd5ced26c0a3?s=96&d=mm&r=g\",\"caption\":\"Jens Fogh Andersen\"},\"url\":\"https:\\\/\\\/kunmedierne.dk\\\/thy\\\/author\\\/jfa\\\/\"}]}<\/script>\n<!-- \/ Yoast SEO plugin. -->","yoast_head_json":{"title":"Naturnationalpark Hanstholm: Plan for 4.800 hektar natur i h\u00f8ring - Thy","robots":{"index":"index","follow":"follow","max-snippet":"max-snippet:-1","max-image-preview":"max-image-preview:large","max-video-preview":"max-video-preview:-1"},"canonical":"https:\/\/kunmedierne.dk\/thy\/naturnationalpark-hanstholm-plan-for-4-800-hektar-natur-i-hoering\/","og_locale":"da_DK","og_type":"article","og_title":"Naturnationalpark Hanstholm: Plan for 4.800 hektar natur i h\u00f8ring - Thy","og_description":"THY: Frem til 3. november er opl\u00e6gget til projektbeskrivelse og forvaltningplan for en kommende Naturnationalpark Hanstholm i offentlig h\u00f8ring. N\u00e5r h\u00f8ringen er slut skal det med eventuelle tilpasninger godkendes politisk, oplyser Naturstyrelsen. Naturnationalpark Hanstholmstr\u00e6kker sig godt ni kilometer fra Klitm\u00f8ller til Hanstholm og mere end otte kilometer fra Tved til havet. Naturnationalparken afgr\u00e6nses mod syd [&hellip;]","og_url":"https:\/\/kunmedierne.dk\/thy\/naturnationalpark-hanstholm-plan-for-4-800-hektar-natur-i-hoering\/","og_site_name":"Thy","article_published_time":"2026-09-01T11:02:27+00:00","og_image":[{"url":"https:\/\/kunmedierne.dk\/thy\/wp-content\/uploads\/sites\/2\/2026\/09\/Naturnationalpark2026-09-01-Firefly-Upscaler-2x-skala.jpg","type":"","width":"","height":""}],"author":"Jens Fogh Andersen","twitter_card":"summary_large_image","twitter_misc":{"Skrevet af":"Jens Fogh Andersen","Estimeret l\u00e6setid":"3 minutter"},"schema":{"@context":"https:\/\/schema.org","@graph":[{"@type":"Article","@id":"https:\/\/kunmedierne.dk\/thy\/naturnationalpark-hanstholm-plan-for-4-800-hektar-natur-i-hoering\/#article","isPartOf":{"@id":"https:\/\/kunmedierne.dk\/thy\/naturnationalpark-hanstholm-plan-for-4-800-hektar-natur-i-hoering\/"},"author":{"name":"Jens Fogh Andersen","@id":"https:\/\/kunmedierne.dk\/thy\/#\/schema\/person\/88f5be46809ca2a5533760eb574fef93"},"headline":"Naturnationalpark Hanstholm: Plan for 4.800 hektar natur i h\u00f8ring","datePublished":"2026-09-01T11:02:27+00:00","mainEntityOfPage":{"@id":"https:\/\/kunmedierne.dk\/thy\/naturnationalpark-hanstholm-plan-for-4-800-hektar-natur-i-hoering\/"},"wordCount":581,"publisher":{"@id":"https:\/\/kunmedierne.dk\/thy\/#organization"},"image":{"@id":"https:\/\/kunmedierne.dk\/thy\/naturnationalpark-hanstholm-plan-for-4-800-hektar-natur-i-hoering\/#primaryimage"},"thumbnailUrl":"https:\/\/kunmedierne.dk\/thy\/wp-content\/uploads\/sites\/2\/2026\/09\/Naturnationalpark2026-09-01-Firefly-Upscaler-2x-skala.jpg","keywords":["Nationalpark Thy","Natur"],"articleSection":["Lokalt"],"inLanguage":"da-DK"},{"@type":"WebPage","@id":"https:\/\/kunmedierne.dk\/thy\/naturnationalpark-hanstholm-plan-for-4-800-hektar-natur-i-hoering\/","url":"https:\/\/kunmedierne.dk\/thy\/naturnationalpark-hanstholm-plan-for-4-800-hektar-natur-i-hoering\/","name":"Naturnationalpark Hanstholm: Plan for 4.800 hektar natur i h\u00f8ring - Thy","isPartOf":{"@id":"https:\/\/kunmedierne.dk\/thy\/#website"},"primaryImageOfPage":{"@id":"https:\/\/kunmedierne.dk\/thy\/naturnationalpark-hanstholm-plan-for-4-800-hektar-natur-i-hoering\/#primaryimage"},"image":{"@id":"https:\/\/kunmedierne.dk\/thy\/naturnationalpark-hanstholm-plan-for-4-800-hektar-natur-i-hoering\/#primaryimage"},"thumbnailUrl":"https:\/\/kunmedierne.dk\/thy\/wp-content\/uploads\/sites\/2\/2026\/09\/Naturnationalpark2026-09-01-Firefly-Upscaler-2x-skala.jpg","datePublished":"2026-09-01T11:02:27+00:00","breadcrumb":{"@id":"https:\/\/kunmedierne.dk\/thy\/naturnationalpark-hanstholm-plan-for-4-800-hektar-natur-i-hoering\/#breadcrumb"},"inLanguage":"da-DK","potentialAction":[{"@type":"ReadAction","target":["https:\/\/kunmedierne.dk\/thy\/naturnationalpark-hanstholm-plan-for-4-800-hektar-natur-i-hoering\/"]}]},{"@type":"ImageObject","inLanguage":"da-DK","@id":"https:\/\/kunmedierne.dk\/thy\/naturnationalpark-hanstholm-plan-for-4-800-hektar-natur-i-hoering\/#primaryimage","url":"https:\/\/kunmedierne.dk\/thy\/wp-content\/uploads\/sites\/2\/2026\/09\/Naturnationalpark2026-09-01-Firefly-Upscaler-2x-skala.jpg","contentUrl":"https:\/\/kunmedierne.dk\/thy\/wp-content\/uploads\/sites\/2\/2026\/09\/Naturnationalpark2026-09-01-Firefly-Upscaler-2x-skala.jpg","width":924,"height":874,"caption":"Naturnationalpark Hanstholm. Illustration fra projektbeskrivelse."},{"@type":"BreadcrumbList","@id":"https:\/\/kunmedierne.dk\/thy\/naturnationalpark-hanstholm-plan-for-4-800-hektar-natur-i-hoering\/#breadcrumb","itemListElement":[{"@type":"ListItem","position":1,"name":"Home","item":"https:\/\/kunmedierne.dk\/thy\/"},{"@type":"ListItem","position":2,"name":"Naturnationalpark Hanstholm: Plan for 4.800 hektar natur i h\u00f8ring"}]},{"@type":"WebSite","@id":"https:\/\/kunmedierne.dk\/thy\/#website","url":"https:\/\/kunmedierne.dk\/thy\/","name":"Thy","description":"et netmedie med journalistik om livet i Thy","publisher":{"@id":"https:\/\/kunmedierne.dk\/thy\/#organization"},"potentialAction":[{"@type":"SearchAction","target":{"@type":"EntryPoint","urlTemplate":"https:\/\/kunmedierne.dk\/thy\/?s={search_term_string}"},"query-input":{"@type":"PropertyValueSpecification","valueRequired":true,"valueName":"search_term_string"}}],"inLanguage":"da-DK"},{"@type":"Organization","@id":"https:\/\/kunmedierne.dk\/thy\/#organization","name":"Thy","url":"https:\/\/kunmedierne.dk\/thy\/","logo":{"@type":"ImageObject","inLanguage":"da-DK","@id":"https:\/\/kunmedierne.dk\/thy\/#\/schema\/logo\/image\/","url":"https:\/\/kunmedierne.dk\/thy\/wp-content\/uploads\/sites\/2\/2025\/04\/kunthy-logo.svg","contentUrl":"https:\/\/kunmedierne.dk\/thy\/wp-content\/uploads\/sites\/2\/2025\/04\/kunthy-logo.svg","caption":"Thy"},"image":{"@id":"https:\/\/kunmedierne.dk\/thy\/#\/schema\/logo\/image\/"}},{"@type":"Person","@id":"https:\/\/kunmedierne.dk\/thy\/#\/schema\/person\/88f5be46809ca2a5533760eb574fef93","name":"Jens Fogh Andersen","image":{"@type":"ImageObject","inLanguage":"da-DK","@id":"https:\/\/secure.gravatar.com\/avatar\/2b367a4ef139b1c41dccc9ee7af926b81f8b4cca3359772e86c7fd5ced26c0a3?s=96&d=mm&r=g","url":"https:\/\/secure.gravatar.com\/avatar\/2b367a4ef139b1c41dccc9ee7af926b81f8b4cca3359772e86c7fd5ced26c0a3?s=96&d=mm&r=g","contentUrl":"https:\/\/secure.gravatar.com\/avatar\/2b367a4ef139b1c41dccc9ee7af926b81f8b4cca3359772e86c7fd5ced26c0a3?s=96&d=mm&r=g","caption":"Jens Fogh Andersen"},"url":"https:\/\/kunmedierne.dk\/thy\/author\/jfa\/"}]}},"_links":{"self":[{"href":"https:\/\/kunmedierne.dk\/thy\/wp-json\/wp\/v2\/posts\/26680","targetHints":{"allow":["GET"]}}],"collection":[{"href":"https:\/\/kunmedierne.dk\/thy\/wp-json\/wp\/v2\/posts"}],"about":[{"href":"https:\/\/kunmedierne.dk\/thy\/wp-json\/wp\/v2\/types\/post"}],"author":[{"embeddable":true,"href":"https:\/\/kunmedierne.dk\/thy\/wp-json\/wp\/v2\/users\/4535"}],"replies":[{"embeddable":true,"href":"https:\/\/kunmedierne.dk\/thy\/wp-json\/wp\/v2\/comments?post=26680"}],"version-history":[{"count":7,"href":"https:\/\/kunmedierne.dk\/thy\/wp-json\/wp\/v2\/posts\/26680\/revisions"}],"predecessor-version":[{"id":26689,"href":"https:\/\/kunmedierne.dk\/thy\/wp-json\/wp\/v2\/posts\/26680\/revisions\/26689"}],"wp:attachment":[{"href":"https:\/\/kunmedierne.dk\/thy\/wp-json\/wp\/v2\/media?parent=26680"}],"wp:term":[{"taxonomy":"category","embeddable":true,"href":"https:\/\/kunmedierne.dk\/thy\/wp-json\/wp\/v2\/categories?post=26680"},{"taxonomy":"post_tag","embeddable":true,"href":"https:\/\/kunmedierne.dk\/thy\/wp-json\/wp\/v2\/tags?post=26680"}],"curies":[{"name":"wp","href":"https:\/\/api.w.org\/{rel}","templated":true}]}}