{"id":26668,"date":"2026-09-01T10:33:15","date_gmt":"2026-09-01T08:33:15","guid":{"rendered":"https:\/\/kunmedierne.dk\/thy\/?p=26668"},"modified":"2026-09-01T10:33:15","modified_gmt":"2026-09-01T08:33:15","slug":"traktorer-indtog-rundkoersel-politiet-rykkede-ud-til-uanmeldt-demonstration-i-hanstholm","status":"publish","type":"post","link":"https:\/\/kunmedierne.dk\/thy\/traktorer-indtog-rundkoersel-politiet-rykkede-ud-til-uanmeldt-demonstration-i-hanstholm\/","title":{"rendered":"<span>Traktorer indtog rundk\u00f8rsel:<\/span> Politiet rykkede ud til uanmeldt demonstration i Hanstholm"},"content":{"rendered":"<p><strong>HANSTHOLM:<\/strong> Tirsdag den 1. september blev lokalpolitiet i Thisted kaldt ud til en uanmeldt demonstration i Hanstholm.<\/p>\n<p>&#8211; Vi k\u00f8rte derud med en patrulje lidt over klokken seks her til morgen, fort\u00e6ller politikommiss\u00e6r Henrik Skriver Jensen fra lokalpolitiet i Thisted.<\/p>\n<p>Demonstrationen bestod af en r\u00e6kke traktorer, der havde taget opstilling i Hanstholm-rundk\u00f8rslen.<\/p>\n<a class=\"dvrt-link\" onClick=\"cdmtrack_click(689,jQuery(this));return false\" href=\"https:\/\/www.thistedbolig.dk\"><img decoding=\"async\" style=\"width:100%;\" src=\"https:\/\/kunmedierne.dk\/thy\/wp-content\/uploads\/sites\/2\/2025\/03\/260901Thibolig-mere-fritid-002-1.jpg\"><\/a><script>cdmtrack_view(689);<\/script>\n<p>Politiet tog kontakt til demonstranterne, og situationen blev, i f\u00f8lge Henrik Skriver Jensen, hurtigt l\u00f8st.<\/p>\n<p>&#8211; Efter en god dialog oph\u00e6vede de selv demonstrationen og k\u00f8rte tilbage ad Aalborgvej og videre i ukendt retning, fort\u00e6ller han.<\/p>\n<p>Politiet forventer, at der kan dukke flere demonstrationer op rundt omkring i lokalomr\u00e5det i l\u00f8bet af de kommende dage. Baggrunden er den nye g\u00f8dskningslov, der skal tredjebehandles i Folketinget torsdag.<\/p>\n<p>&nbsp;<\/p>\n<blockquote>\n<h4>POPUL\u00c6RE ARTIKLER LIGE NU:<\/h4>\n<h5><a href=\"https:\/\/kunmedierne.dk\/thy\/401-mennesker-lever-i-hjemloeshed-i-region-nordjylland\/\" target=\"_blank\" rel=\"noopener\">401 mennesker lever i hjeml\u00f8shed i Region Nordjylland<\/a><\/h5>\n<h5><a href=\"https:\/\/kunmedierne.dk\/thy\/by-vicevaerter-i-sennels-de-vil-holde-byen-paen\/\" target=\"_blank\" rel=\"noopener\">By-vicev\u00e6rter i Sennels: De vil holde byen p\u00e6n<\/a><\/h5>\n<h5><a href=\"https:\/\/kunmedierne.dk\/thy\/leg-paa-cyklen-i-trygt-miljoe-skal-oege-trafiksikkerheden\/\" target=\"_blank\" rel=\"noopener\">Leg p\u00e5 cyklen i trygt milj\u00f8 skal \u00f8ge trafiksikkerheden<\/a><\/h5>\n<p>&nbsp;<\/p><\/blockquote>\n<p><img loading=\"lazy\" decoding=\"async\" class=\"alignnone wp-image-25382 size-full\" src=\"https:\/\/kunmedierne.dk\/thy\/wp-content\/uploads\/sites\/2\/2026\/07\/kunthy-pris.jpg\" alt=\"\" width=\"1232\" height=\"821\" srcset=\"https:\/\/kunmedierne.dk\/thy\/wp-content\/uploads\/sites\/2\/2026\/07\/kunthy-pris.jpg 1232w, https:\/\/kunmedierne.dk\/thy\/wp-content\/uploads\/sites\/2\/2026\/07\/kunthy-pris-300x200.jpg 300w, https:\/\/kunmedierne.dk\/thy\/wp-content\/uploads\/sites\/2\/2026\/07\/kunthy-pris-1024x682.jpg 1024w, https:\/\/kunmedierne.dk\/thy\/wp-content\/uploads\/sites\/2\/2026\/07\/kunthy-pris-510x340.jpg 510w\" sizes=\"auto, (max-width: 1232px) 100vw, 1232px\" \/><\/p>\n","protected":false},"excerpt":{"rendered":"<p>HANSTHOLM: Tirsdag den 1. september blev lokalpolitiet i Thisted kaldt ud til en uanmeldt demonstration i Hanstholm. &#8211; Vi k\u00f8rte derud med en patrulje lidt over klokken seks her til morgen, fort\u00e6ller politikommiss\u00e6r Henrik Skriver Jensen fra lokalpolitiet i Thisted. Demonstrationen bestod af en r\u00e6kke traktorer, der havde taget opstilling i Hanstholm-rundk\u00f8rslen. Politiet tog kontakt [&hellip;]<\/p>\n","protected":false},"author":2507,"featured_media":0,"comment_status":"closed","ping_status":"closed","sticky":false,"template":"","format":"standard","meta":{"_acf_changed":false,"footnotes":""},"categories":[53,24],"tags":[],"class_list":["post-26668","post","type-post","status-publish","format-standard","hentry","category-53","category-lokalt"],"acf":[],"yoast_head":"<!-- This site is optimized with the Yoast SEO plugin v27.7 - https:\/\/yoast.com\/product\/yoast-seo-wordpress\/ -->\n<title>Traktorer indtog rundk\u00f8rsel: Politiet rykkede ud til uanmeldt demonstration i Hanstholm - Thy<\/title>\n<meta name=\"robots\" content=\"index, follow, max-snippet:-1, max-image-preview:large, max-video-preview:-1\" \/>\n<link rel=\"canonical\" href=\"https:\/\/kunmedierne.dk\/thy\/traktorer-indtog-rundkoersel-politiet-rykkede-ud-til-uanmeldt-demonstration-i-hanstholm\/\" \/>\n<meta property=\"og:locale\" content=\"da_DK\" \/>\n<meta property=\"og:type\" content=\"article\" \/>\n<meta property=\"og:title\" content=\"Traktorer indtog rundk\u00f8rsel: Politiet rykkede ud til uanmeldt demonstration i Hanstholm - Thy\" \/>\n<meta property=\"og:description\" content=\"HANSTHOLM: Tirsdag den 1. september blev lokalpolitiet i Thisted kaldt ud til en uanmeldt demonstration i Hanstholm. &#8211; Vi k\u00f8rte derud med en patrulje lidt over klokken seks her til morgen, fort\u00e6ller politikommiss\u00e6r Henrik Skriver Jensen fra lokalpolitiet i Thisted. Demonstrationen bestod af en r\u00e6kke traktorer, der havde taget opstilling i Hanstholm-rundk\u00f8rslen. Politiet tog kontakt [&hellip;]\" \/>\n<meta property=\"og:url\" content=\"https:\/\/kunmedierne.dk\/thy\/traktorer-indtog-rundkoersel-politiet-rykkede-ud-til-uanmeldt-demonstration-i-hanstholm\/\" \/>\n<meta property=\"og:site_name\" content=\"Thy\" \/>\n<meta property=\"article:published_time\" content=\"2026-09-01T08:33:15+00:00\" \/>\n<meta property=\"og:image\" content=\"https:\/\/kunmedierne.dk\/thy\/wp-content\/uploads\/sites\/2\/2026\/07\/kunthy-pris.jpg\" \/>\n<meta name=\"author\" content=\"Katrine Hedegaard\" \/>\n<meta name=\"twitter:card\" content=\"summary_large_image\" \/>\n<meta name=\"twitter:label1\" content=\"Skrevet af\" \/>\n\t<meta name=\"twitter:data1\" content=\"Katrine Hedegaard\" \/>\n\t<meta name=\"twitter:label2\" content=\"Estimeret l\u00e6setid\" \/>\n\t<meta name=\"twitter:data2\" content=\"1 minut\" \/>\n<script type=\"application\/ld+json\" class=\"yoast-schema-graph\">{\"@context\":\"https:\\\/\\\/schema.org\",\"@graph\":[{\"@type\":\"Article\",\"@id\":\"https:\\\/\\\/kunmedierne.dk\\\/thy\\\/traktorer-indtog-rundkoersel-politiet-rykkede-ud-til-uanmeldt-demonstration-i-hanstholm\\\/#article\",\"isPartOf\":{\"@id\":\"https:\\\/\\\/kunmedierne.dk\\\/thy\\\/traktorer-indtog-rundkoersel-politiet-rykkede-ud-til-uanmeldt-demonstration-i-hanstholm\\\/\"},\"author\":{\"name\":\"Katrine Hedegaard\",\"@id\":\"https:\\\/\\\/kunmedierne.dk\\\/thy\\\/#\\\/schema\\\/person\\\/b2e62a38069b12365e53e087a8709c64\"},\"headline\":\"Traktorer indtog rundk\u00f8rsel: Politiet rykkede ud til uanmeldt demonstration i Hanstholm\",\"datePublished\":\"2026-09-01T08:33:15+00:00\",\"mainEntityOfPage\":{\"@id\":\"https:\\\/\\\/kunmedierne.dk\\\/thy\\\/traktorer-indtog-rundkoersel-politiet-rykkede-ud-til-uanmeldt-demonstration-i-hanstholm\\\/\"},\"wordCount\":178,\"publisher\":{\"@id\":\"https:\\\/\\\/kunmedierne.dk\\\/thy\\\/#organization\"},\"image\":{\"@id\":\"https:\\\/\\\/kunmedierne.dk\\\/thy\\\/traktorer-indtog-rundkoersel-politiet-rykkede-ud-til-uanmeldt-demonstration-i-hanstholm\\\/#primaryimage\"},\"thumbnailUrl\":\"https:\\\/\\\/kunmedierne.dk\\\/thy\\\/wp-content\\\/uploads\\\/sites\\\/2\\\/2026\\\/07\\\/kunthy-pris.jpg\",\"articleSection\":[\"112\",\"Lokalt\"],\"inLanguage\":\"da-DK\"},{\"@type\":\"WebPage\",\"@id\":\"https:\\\/\\\/kunmedierne.dk\\\/thy\\\/traktorer-indtog-rundkoersel-politiet-rykkede-ud-til-uanmeldt-demonstration-i-hanstholm\\\/\",\"url\":\"https:\\\/\\\/kunmedierne.dk\\\/thy\\\/traktorer-indtog-rundkoersel-politiet-rykkede-ud-til-uanmeldt-demonstration-i-hanstholm\\\/\",\"name\":\"Traktorer indtog rundk\u00f8rsel: Politiet rykkede ud til uanmeldt demonstration i Hanstholm - Thy\",\"isPartOf\":{\"@id\":\"https:\\\/\\\/kunmedierne.dk\\\/thy\\\/#website\"},\"primaryImageOfPage\":{\"@id\":\"https:\\\/\\\/kunmedierne.dk\\\/thy\\\/traktorer-indtog-rundkoersel-politiet-rykkede-ud-til-uanmeldt-demonstration-i-hanstholm\\\/#primaryimage\"},\"image\":{\"@id\":\"https:\\\/\\\/kunmedierne.dk\\\/thy\\\/traktorer-indtog-rundkoersel-politiet-rykkede-ud-til-uanmeldt-demonstration-i-hanstholm\\\/#primaryimage\"},\"thumbnailUrl\":\"https:\\\/\\\/kunmedierne.dk\\\/thy\\\/wp-content\\\/uploads\\\/sites\\\/2\\\/2026\\\/07\\\/kunthy-pris.jpg\",\"datePublished\":\"2026-09-01T08:33:15+00:00\",\"breadcrumb\":{\"@id\":\"https:\\\/\\\/kunmedierne.dk\\\/thy\\\/traktorer-indtog-rundkoersel-politiet-rykkede-ud-til-uanmeldt-demonstration-i-hanstholm\\\/#breadcrumb\"},\"inLanguage\":\"da-DK\",\"potentialAction\":[{\"@type\":\"ReadAction\",\"target\":[\"https:\\\/\\\/kunmedierne.dk\\\/thy\\\/traktorer-indtog-rundkoersel-politiet-rykkede-ud-til-uanmeldt-demonstration-i-hanstholm\\\/\"]}]},{\"@type\":\"ImageObject\",\"inLanguage\":\"da-DK\",\"@id\":\"https:\\\/\\\/kunmedierne.dk\\\/thy\\\/traktorer-indtog-rundkoersel-politiet-rykkede-ud-til-uanmeldt-demonstration-i-hanstholm\\\/#primaryimage\",\"url\":\"https:\\\/\\\/kunmedierne.dk\\\/thy\\\/wp-content\\\/uploads\\\/sites\\\/2\\\/2026\\\/07\\\/kunthy-pris.jpg\",\"contentUrl\":\"https:\\\/\\\/kunmedierne.dk\\\/thy\\\/wp-content\\\/uploads\\\/sites\\\/2\\\/2026\\\/07\\\/kunthy-pris.jpg\",\"width\":1232,\"height\":821},{\"@type\":\"BreadcrumbList\",\"@id\":\"https:\\\/\\\/kunmedierne.dk\\\/thy\\\/traktorer-indtog-rundkoersel-politiet-rykkede-ud-til-uanmeldt-demonstration-i-hanstholm\\\/#breadcrumb\",\"itemListElement\":[{\"@type\":\"ListItem\",\"position\":1,\"name\":\"Home\",\"item\":\"https:\\\/\\\/kunmedierne.dk\\\/thy\\\/\"},{\"@type\":\"ListItem\",\"position\":2,\"name\":\"Traktorer indtog rundk\u00f8rsel: Politiet rykkede ud til uanmeldt demonstration i Hanstholm\"}]},{\"@type\":\"WebSite\",\"@id\":\"https:\\\/\\\/kunmedierne.dk\\\/thy\\\/#website\",\"url\":\"https:\\\/\\\/kunmedierne.dk\\\/thy\\\/\",\"name\":\"Thy\",\"description\":\"et netmedie med journalistik om livet i Thy\",\"publisher\":{\"@id\":\"https:\\\/\\\/kunmedierne.dk\\\/thy\\\/#organization\"},\"potentialAction\":[{\"@type\":\"SearchAction\",\"target\":{\"@type\":\"EntryPoint\",\"urlTemplate\":\"https:\\\/\\\/kunmedierne.dk\\\/thy\\\/?s={search_term_string}\"},\"query-input\":{\"@type\":\"PropertyValueSpecification\",\"valueRequired\":true,\"valueName\":\"search_term_string\"}}],\"inLanguage\":\"da-DK\"},{\"@type\":\"Organization\",\"@id\":\"https:\\\/\\\/kunmedierne.dk\\\/thy\\\/#organization\",\"name\":\"Thy\",\"url\":\"https:\\\/\\\/kunmedierne.dk\\\/thy\\\/\",\"logo\":{\"@type\":\"ImageObject\",\"inLanguage\":\"da-DK\",\"@id\":\"https:\\\/\\\/kunmedierne.dk\\\/thy\\\/#\\\/schema\\\/logo\\\/image\\\/\",\"url\":\"https:\\\/\\\/kunmedierne.dk\\\/thy\\\/wp-content\\\/uploads\\\/sites\\\/2\\\/2025\\\/04\\\/kunthy-logo.svg\",\"contentUrl\":\"https:\\\/\\\/kunmedierne.dk\\\/thy\\\/wp-content\\\/uploads\\\/sites\\\/2\\\/2025\\\/04\\\/kunthy-logo.svg\",\"caption\":\"Thy\"},\"image\":{\"@id\":\"https:\\\/\\\/kunmedierne.dk\\\/thy\\\/#\\\/schema\\\/logo\\\/image\\\/\"}},{\"@type\":\"Person\",\"@id\":\"https:\\\/\\\/kunmedierne.dk\\\/thy\\\/#\\\/schema\\\/person\\\/b2e62a38069b12365e53e087a8709c64\",\"name\":\"Katrine Hedegaard\",\"image\":{\"@type\":\"ImageObject\",\"inLanguage\":\"da-DK\",\"@id\":\"https:\\\/\\\/secure.gravatar.com\\\/avatar\\\/18a5c72fa9148052fd3ed5a58b40fc83cfdc9811090e6e6eec9539af058edcc0?s=96&d=mm&r=g\",\"url\":\"https:\\\/\\\/secure.gravatar.com\\\/avatar\\\/18a5c72fa9148052fd3ed5a58b40fc83cfdc9811090e6e6eec9539af058edcc0?s=96&d=mm&r=g\",\"contentUrl\":\"https:\\\/\\\/secure.gravatar.com\\\/avatar\\\/18a5c72fa9148052fd3ed5a58b40fc83cfdc9811090e6e6eec9539af058edcc0?s=96&d=mm&r=g\",\"caption\":\"Katrine Hedegaard\"},\"url\":\"https:\\\/\\\/kunmedierne.dk\\\/thy\\\/author\\\/katrine\\\/\"}]}<\/script>\n<!-- \/ Yoast SEO plugin. -->","yoast_head_json":{"title":"Traktorer indtog rundk\u00f8rsel: Politiet rykkede ud til uanmeldt demonstration i Hanstholm - Thy","robots":{"index":"index","follow":"follow","max-snippet":"max-snippet:-1","max-image-preview":"max-image-preview:large","max-video-preview":"max-video-preview:-1"},"canonical":"https:\/\/kunmedierne.dk\/thy\/traktorer-indtog-rundkoersel-politiet-rykkede-ud-til-uanmeldt-demonstration-i-hanstholm\/","og_locale":"da_DK","og_type":"article","og_title":"Traktorer indtog rundk\u00f8rsel: Politiet rykkede ud til uanmeldt demonstration i Hanstholm - Thy","og_description":"HANSTHOLM: Tirsdag den 1. september blev lokalpolitiet i Thisted kaldt ud til en uanmeldt demonstration i Hanstholm. &#8211; Vi k\u00f8rte derud med en patrulje lidt over klokken seks her til morgen, fort\u00e6ller politikommiss\u00e6r Henrik Skriver Jensen fra lokalpolitiet i Thisted. Demonstrationen bestod af en r\u00e6kke traktorer, der havde taget opstilling i Hanstholm-rundk\u00f8rslen. Politiet tog kontakt [&hellip;]","og_url":"https:\/\/kunmedierne.dk\/thy\/traktorer-indtog-rundkoersel-politiet-rykkede-ud-til-uanmeldt-demonstration-i-hanstholm\/","og_site_name":"Thy","article_published_time":"2026-09-01T08:33:15+00:00","og_image":[{"url":"https:\/\/kunmedierne.dk\/thy\/wp-content\/uploads\/sites\/2\/2026\/07\/kunthy-pris.jpg","type":"","width":"","height":""}],"author":"Katrine Hedegaard","twitter_card":"summary_large_image","twitter_misc":{"Skrevet af":"Katrine Hedegaard","Estimeret l\u00e6setid":"1 minut"},"schema":{"@context":"https:\/\/schema.org","@graph":[{"@type":"Article","@id":"https:\/\/kunmedierne.dk\/thy\/traktorer-indtog-rundkoersel-politiet-rykkede-ud-til-uanmeldt-demonstration-i-hanstholm\/#article","isPartOf":{"@id":"https:\/\/kunmedierne.dk\/thy\/traktorer-indtog-rundkoersel-politiet-rykkede-ud-til-uanmeldt-demonstration-i-hanstholm\/"},"author":{"name":"Katrine Hedegaard","@id":"https:\/\/kunmedierne.dk\/thy\/#\/schema\/person\/b2e62a38069b12365e53e087a8709c64"},"headline":"Traktorer indtog rundk\u00f8rsel: Politiet rykkede ud til uanmeldt demonstration i Hanstholm","datePublished":"2026-09-01T08:33:15+00:00","mainEntityOfPage":{"@id":"https:\/\/kunmedierne.dk\/thy\/traktorer-indtog-rundkoersel-politiet-rykkede-ud-til-uanmeldt-demonstration-i-hanstholm\/"},"wordCount":178,"publisher":{"@id":"https:\/\/kunmedierne.dk\/thy\/#organization"},"image":{"@id":"https:\/\/kunmedierne.dk\/thy\/traktorer-indtog-rundkoersel-politiet-rykkede-ud-til-uanmeldt-demonstration-i-hanstholm\/#primaryimage"},"thumbnailUrl":"https:\/\/kunmedierne.dk\/thy\/wp-content\/uploads\/sites\/2\/2026\/07\/kunthy-pris.jpg","articleSection":["112","Lokalt"],"inLanguage":"da-DK"},{"@type":"WebPage","@id":"https:\/\/kunmedierne.dk\/thy\/traktorer-indtog-rundkoersel-politiet-rykkede-ud-til-uanmeldt-demonstration-i-hanstholm\/","url":"https:\/\/kunmedierne.dk\/thy\/traktorer-indtog-rundkoersel-politiet-rykkede-ud-til-uanmeldt-demonstration-i-hanstholm\/","name":"Traktorer indtog rundk\u00f8rsel: Politiet rykkede ud til uanmeldt demonstration i Hanstholm - Thy","isPartOf":{"@id":"https:\/\/kunmedierne.dk\/thy\/#website"},"primaryImageOfPage":{"@id":"https:\/\/kunmedierne.dk\/thy\/traktorer-indtog-rundkoersel-politiet-rykkede-ud-til-uanmeldt-demonstration-i-hanstholm\/#primaryimage"},"image":{"@id":"https:\/\/kunmedierne.dk\/thy\/traktorer-indtog-rundkoersel-politiet-rykkede-ud-til-uanmeldt-demonstration-i-hanstholm\/#primaryimage"},"thumbnailUrl":"https:\/\/kunmedierne.dk\/thy\/wp-content\/uploads\/sites\/2\/2026\/07\/kunthy-pris.jpg","datePublished":"2026-09-01T08:33:15+00:00","breadcrumb":{"@id":"https:\/\/kunmedierne.dk\/thy\/traktorer-indtog-rundkoersel-politiet-rykkede-ud-til-uanmeldt-demonstration-i-hanstholm\/#breadcrumb"},"inLanguage":"da-DK","potentialAction":[{"@type":"ReadAction","target":["https:\/\/kunmedierne.dk\/thy\/traktorer-indtog-rundkoersel-politiet-rykkede-ud-til-uanmeldt-demonstration-i-hanstholm\/"]}]},{"@type":"ImageObject","inLanguage":"da-DK","@id":"https:\/\/kunmedierne.dk\/thy\/traktorer-indtog-rundkoersel-politiet-rykkede-ud-til-uanmeldt-demonstration-i-hanstholm\/#primaryimage","url":"https:\/\/kunmedierne.dk\/thy\/wp-content\/uploads\/sites\/2\/2026\/07\/kunthy-pris.jpg","contentUrl":"https:\/\/kunmedierne.dk\/thy\/wp-content\/uploads\/sites\/2\/2026\/07\/kunthy-pris.jpg","width":1232,"height":821},{"@type":"BreadcrumbList","@id":"https:\/\/kunmedierne.dk\/thy\/traktorer-indtog-rundkoersel-politiet-rykkede-ud-til-uanmeldt-demonstration-i-hanstholm\/#breadcrumb","itemListElement":[{"@type":"ListItem","position":1,"name":"Home","item":"https:\/\/kunmedierne.dk\/thy\/"},{"@type":"ListItem","position":2,"name":"Traktorer indtog rundk\u00f8rsel: Politiet rykkede ud til uanmeldt demonstration i Hanstholm"}]},{"@type":"WebSite","@id":"https:\/\/kunmedierne.dk\/thy\/#website","url":"https:\/\/kunmedierne.dk\/thy\/","name":"Thy","description":"et netmedie med journalistik om livet i Thy","publisher":{"@id":"https:\/\/kunmedierne.dk\/thy\/#organization"},"potentialAction":[{"@type":"SearchAction","target":{"@type":"EntryPoint","urlTemplate":"https:\/\/kunmedierne.dk\/thy\/?s={search_term_string}"},"query-input":{"@type":"PropertyValueSpecification","valueRequired":true,"valueName":"search_term_string"}}],"inLanguage":"da-DK"},{"@type":"Organization","@id":"https:\/\/kunmedierne.dk\/thy\/#organization","name":"Thy","url":"https:\/\/kunmedierne.dk\/thy\/","logo":{"@type":"ImageObject","inLanguage":"da-DK","@id":"https:\/\/kunmedierne.dk\/thy\/#\/schema\/logo\/image\/","url":"https:\/\/kunmedierne.dk\/thy\/wp-content\/uploads\/sites\/2\/2025\/04\/kunthy-logo.svg","contentUrl":"https:\/\/kunmedierne.dk\/thy\/wp-content\/uploads\/sites\/2\/2025\/04\/kunthy-logo.svg","caption":"Thy"},"image":{"@id":"https:\/\/kunmedierne.dk\/thy\/#\/schema\/logo\/image\/"}},{"@type":"Person","@id":"https:\/\/kunmedierne.dk\/thy\/#\/schema\/person\/b2e62a38069b12365e53e087a8709c64","name":"Katrine Hedegaard","image":{"@type":"ImageObject","inLanguage":"da-DK","@id":"https:\/\/secure.gravatar.com\/avatar\/18a5c72fa9148052fd3ed5a58b40fc83cfdc9811090e6e6eec9539af058edcc0?s=96&d=mm&r=g","url":"https:\/\/secure.gravatar.com\/avatar\/18a5c72fa9148052fd3ed5a58b40fc83cfdc9811090e6e6eec9539af058edcc0?s=96&d=mm&r=g","contentUrl":"https:\/\/secure.gravatar.com\/avatar\/18a5c72fa9148052fd3ed5a58b40fc83cfdc9811090e6e6eec9539af058edcc0?s=96&d=mm&r=g","caption":"Katrine Hedegaard"},"url":"https:\/\/kunmedierne.dk\/thy\/author\/katrine\/"}]}},"_links":{"self":[{"href":"https:\/\/kunmedierne.dk\/thy\/wp-json\/wp\/v2\/posts\/26668","targetHints":{"allow":["GET"]}}],"collection":[{"href":"https:\/\/kunmedierne.dk\/thy\/wp-json\/wp\/v2\/posts"}],"about":[{"href":"https:\/\/kunmedierne.dk\/thy\/wp-json\/wp\/v2\/types\/post"}],"author":[{"embeddable":true,"href":"https:\/\/kunmedierne.dk\/thy\/wp-json\/wp\/v2\/users\/2507"}],"replies":[{"embeddable":true,"href":"https:\/\/kunmedierne.dk\/thy\/wp-json\/wp\/v2\/comments?post=26668"}],"version-history":[{"count":5,"href":"https:\/\/kunmedierne.dk\/thy\/wp-json\/wp\/v2\/posts\/26668\/revisions"}],"predecessor-version":[{"id":26675,"href":"https:\/\/kunmedierne.dk\/thy\/wp-json\/wp\/v2\/posts\/26668\/revisions\/26675"}],"wp:attachment":[{"href":"https:\/\/kunmedierne.dk\/thy\/wp-json\/wp\/v2\/media?parent=26668"}],"wp:term":[{"taxonomy":"category","embeddable":true,"href":"https:\/\/kunmedierne.dk\/thy\/wp-json\/wp\/v2\/categories?post=26668"},{"taxonomy":"post_tag","embeddable":true,"href":"https:\/\/kunmedierne.dk\/thy\/wp-json\/wp\/v2\/tags?post=26668"}],"curies":[{"name":"wp","href":"https:\/\/api.w.org\/{rel}","templated":true}]}}