{"id":26659,"date":"2026-09-01T06:10:33","date_gmt":"2026-09-01T04:10:33","guid":{"rendered":"https:\/\/kunmedierne.dk\/thy\/?p=26659"},"modified":"2026-08-31T18:11:20","modified_gmt":"2026-08-31T16:11:20","slug":"401-mennesker-lever-i-hjemloeshed-i-region-nordjylland","status":"publish","type":"post","link":"https:\/\/kunmedierne.dk\/thy\/401-mennesker-lever-i-hjemloeshed-i-region-nordjylland\/","title":{"rendered":"401 mennesker lever i hjeml\u00f8shed i Region Nordjylland"},"content":{"rendered":"<p><strong>THY-MORS: <\/strong>Selv om antallet af hjeml\u00f8se i Region Nordjylland er faldet fra 433 ved den forrige hjeml\u00f8set\u00e6lling til nu 401 i en ny t\u00e6lling udf\u00f8rt af VIVE, Det Nationale Forsknings- og Analysecenter for Velf\u00e6rd, er tallet i f\u00f8lge Folkekirkens N\u00f8dhj\u00e6lp udtryk for et politisk svigt.<\/p>\n<a class=\"dvrt-link\" onClick=\"cdmtrack_click(685,jQuery(this));return false\" href=\"https:\/\/wensien.dk\/begravelse\/?gad_source=1&gclid=Cj0KCQjwtJ6_BhDWARIsAGanmKcWw6hbeoepGti1oApJGHln52gMbg8EBRZ86__3P1AJZ5dcsw4ZvNEaAk7JEALw_wcB\"><img decoding=\"async\" style=\"width:100%;\" src=\"https:\/\/kunmedierne.dk\/thy\/wp-content\/uploads\/sites\/2\/2025\/03\/wensien-stenhugger.jpg\"><\/a><script>cdmtrack_view(685);<\/script>\n<p>I Thisted og Mors\u00f8 kommuner lever der i f\u00f8lge VIVE&#8217;s nye t\u00e6lling henholdsvis 18 og seks mennesker i hjeml\u00f8shed, og tallene &#8211; ogs\u00e5 for Region Nordjylland &#8211; viser at hjeml\u00f8shed er en reel udfordring.<\/p>\n<p>&#8211; Noget af det mest bekymrende er, hvis vi begynder at betragte hjeml\u00f8shed som normalt. Det m\u00e5 vi aldrig g\u00f8re,\u201d siger Jonas Jakobsen, konstitueret chef for Kirkens Korsh\u00e6r, i en pressemeddelelse.<\/p>\n<p>&#8211; I et land, som Danmark, s\u00e5 skal vores menneskesyn v\u00e6re bedre, end at vi accepterer at nogle mennesker ikke kan f\u00e5 tag over hovedet, siger han.<\/p>\n<p>For Kirkens Korsh\u00e6r viser t\u00e6llingen, at der er behov for en ny politisk ambition om, at markant f\u00e6rre mennesker skal leve i hjeml\u00f8shed.<\/p>\n<a class=\"dvrt-link\" onClick=\"cdmtrack_click(685,jQuery(this));return false\" href=\"https:\/\/wensien.dk\/begravelse\/?gad_source=1&gclid=Cj0KCQjwtJ6_BhDWARIsAGanmKcWw6hbeoepGti1oApJGHln52gMbg8EBRZ86__3P1AJZ5dcsw4ZvNEaAk7JEALw_wcB\"><img decoding=\"async\" style=\"width:100%;\" src=\"https:\/\/kunmedierne.dk\/thy\/wp-content\/uploads\/sites\/2\/2025\/03\/wensien-stenhugger.jpg\"><\/a><script>cdmtrack_view(685);<\/script>\n<p>Derfor foresl\u00e5r organisationen en Hjeml\u00f8sereform 2.0 med fokus p\u00e5 forebyggelse, boliggaranti og flere veje til egen bolig. Reformen skal bygge videre p\u00e5 den nuv\u00e6rende hjeml\u00f8sereform, men lukke de huller, der fortsat efterlader tusindvis af mennesker i hjeml\u00f8shed.<\/p>\n<p>Med \u201cHjeml\u00f8sereform 2.0\u201d foresl\u00e5r Kirkens Korsh\u00e6r konkret en national boliggaranti, som skal sikre mennesker i hjeml\u00f8shed en passende bolig inden for tre m\u00e5neder og samtidig give kommunerne mulighed for igen at yde \u00f8konomisk st\u00f8tte til mennesker, der ikke har r\u00e5d til husleje og andre basale udgifter.<\/p>\n<a class=\"dvrt-link\" onClick=\"cdmtrack_click(25762,jQuery(this));return false\" href=\"https:\/\/www.facebook.com\/profile.php?id=100049901895340\"><img decoding=\"async\" style=\"width:100%;\" src=\"https:\/\/kunmedierne.dk\/thy\/wp-content\/uploads\/sites\/2\/2026\/08\/260831Morsoebil2Animation-3steps-1.gif\"><\/a><script>cdmtrack_view(25762);<\/script>\n<p>Desuden anbefales det, at kommunerne f\u00e5r bedre \u00f8konomiske muligheder for at tilbyde den n\u00f8dvendige bost\u00f8tte<\/p>\n<p>&#8211; Vi kender problemerne, og vi kender mange af l\u00f8sningerne. Nu kr\u00e6ver det politisk vilje at f\u00f8re dem ud i livet, siger Jonas Jakobsen.<\/p>\n","protected":false},"excerpt":{"rendered":"<p>THY-MORS: Selv om antallet af hjeml\u00f8se i Region Nordjylland er faldet fra 433 ved den forrige hjeml\u00f8set\u00e6lling til nu 401 i en ny t\u00e6lling udf\u00f8rt af VIVE, Det Nationale Forsknings- og Analysecenter for Velf\u00e6rd, er tallet i f\u00f8lge Folkekirkens N\u00f8dhj\u00e6lp udtryk for et politisk svigt. I Thisted og Mors\u00f8 kommuner lever der i f\u00f8lge VIVE&#8217;s [&hellip;]<\/p>\n","protected":false},"author":4535,"featured_media":0,"comment_status":"closed","ping_status":"closed","sticky":false,"template":"","format":"standard","meta":{"_acf_changed":false,"footnotes":""},"categories":[24],"tags":[38],"class_list":["post-26659","post","type-post","status-publish","format-standard","hentry","category-lokalt","tag-mennesker"],"acf":[],"yoast_head":"<!-- This site is optimized with the Yoast SEO plugin v27.7 - https:\/\/yoast.com\/product\/yoast-seo-wordpress\/ -->\n<title>401 mennesker lever i hjeml\u00f8shed i Region Nordjylland - Thy<\/title>\n<meta name=\"robots\" content=\"index, follow, max-snippet:-1, max-image-preview:large, max-video-preview:-1\" \/>\n<link rel=\"canonical\" href=\"https:\/\/kunmedierne.dk\/thy\/401-mennesker-lever-i-hjemloeshed-i-region-nordjylland\/\" \/>\n<meta property=\"og:locale\" content=\"da_DK\" \/>\n<meta property=\"og:type\" content=\"article\" \/>\n<meta property=\"og:title\" content=\"401 mennesker lever i hjeml\u00f8shed i Region Nordjylland - Thy\" \/>\n<meta property=\"og:description\" content=\"THY-MORS: Selv om antallet af hjeml\u00f8se i Region Nordjylland er faldet fra 433 ved den forrige hjeml\u00f8set\u00e6lling til nu 401 i en ny t\u00e6lling udf\u00f8rt af VIVE, Det Nationale Forsknings- og Analysecenter for Velf\u00e6rd, er tallet i f\u00f8lge Folkekirkens N\u00f8dhj\u00e6lp udtryk for et politisk svigt. I Thisted og Mors\u00f8 kommuner lever der i f\u00f8lge VIVE&#8217;s [&hellip;]\" \/>\n<meta property=\"og:url\" content=\"https:\/\/kunmedierne.dk\/thy\/401-mennesker-lever-i-hjemloeshed-i-region-nordjylland\/\" \/>\n<meta property=\"og:site_name\" content=\"Thy\" \/>\n<meta property=\"article:published_time\" content=\"2026-09-01T04:10:33+00:00\" \/>\n<meta name=\"author\" content=\"Jens Fogh Andersen\" \/>\n<meta name=\"twitter:card\" content=\"summary_large_image\" \/>\n<meta name=\"twitter:label1\" content=\"Skrevet af\" \/>\n\t<meta name=\"twitter:data1\" content=\"Jens Fogh Andersen\" \/>\n\t<meta name=\"twitter:label2\" content=\"Estimeret l\u00e6setid\" \/>\n\t<meta name=\"twitter:data2\" content=\"2 minutter\" \/>\n<script type=\"application\/ld+json\" class=\"yoast-schema-graph\">{\"@context\":\"https:\\\/\\\/schema.org\",\"@graph\":[{\"@type\":\"Article\",\"@id\":\"https:\\\/\\\/kunmedierne.dk\\\/thy\\\/401-mennesker-lever-i-hjemloeshed-i-region-nordjylland\\\/#article\",\"isPartOf\":{\"@id\":\"https:\\\/\\\/kunmedierne.dk\\\/thy\\\/401-mennesker-lever-i-hjemloeshed-i-region-nordjylland\\\/\"},\"author\":{\"name\":\"Jens Fogh Andersen\",\"@id\":\"https:\\\/\\\/kunmedierne.dk\\\/thy\\\/#\\\/schema\\\/person\\\/88f5be46809ca2a5533760eb574fef93\"},\"headline\":\"401 mennesker lever i hjeml\u00f8shed i Region Nordjylland\",\"datePublished\":\"2026-09-01T04:10:33+00:00\",\"mainEntityOfPage\":{\"@id\":\"https:\\\/\\\/kunmedierne.dk\\\/thy\\\/401-mennesker-lever-i-hjemloeshed-i-region-nordjylland\\\/\"},\"wordCount\":331,\"publisher\":{\"@id\":\"https:\\\/\\\/kunmedierne.dk\\\/thy\\\/#organization\"},\"keywords\":[\"Mennesker\"],\"articleSection\":[\"Lokalt\"],\"inLanguage\":\"da-DK\"},{\"@type\":\"WebPage\",\"@id\":\"https:\\\/\\\/kunmedierne.dk\\\/thy\\\/401-mennesker-lever-i-hjemloeshed-i-region-nordjylland\\\/\",\"url\":\"https:\\\/\\\/kunmedierne.dk\\\/thy\\\/401-mennesker-lever-i-hjemloeshed-i-region-nordjylland\\\/\",\"name\":\"401 mennesker lever i hjeml\u00f8shed i Region Nordjylland - Thy\",\"isPartOf\":{\"@id\":\"https:\\\/\\\/kunmedierne.dk\\\/thy\\\/#website\"},\"datePublished\":\"2026-09-01T04:10:33+00:00\",\"breadcrumb\":{\"@id\":\"https:\\\/\\\/kunmedierne.dk\\\/thy\\\/401-mennesker-lever-i-hjemloeshed-i-region-nordjylland\\\/#breadcrumb\"},\"inLanguage\":\"da-DK\",\"potentialAction\":[{\"@type\":\"ReadAction\",\"target\":[\"https:\\\/\\\/kunmedierne.dk\\\/thy\\\/401-mennesker-lever-i-hjemloeshed-i-region-nordjylland\\\/\"]}]},{\"@type\":\"BreadcrumbList\",\"@id\":\"https:\\\/\\\/kunmedierne.dk\\\/thy\\\/401-mennesker-lever-i-hjemloeshed-i-region-nordjylland\\\/#breadcrumb\",\"itemListElement\":[{\"@type\":\"ListItem\",\"position\":1,\"name\":\"Home\",\"item\":\"https:\\\/\\\/kunmedierne.dk\\\/thy\\\/\"},{\"@type\":\"ListItem\",\"position\":2,\"name\":\"401 mennesker lever i hjeml\u00f8shed i Region Nordjylland\"}]},{\"@type\":\"WebSite\",\"@id\":\"https:\\\/\\\/kunmedierne.dk\\\/thy\\\/#website\",\"url\":\"https:\\\/\\\/kunmedierne.dk\\\/thy\\\/\",\"name\":\"Thy\",\"description\":\"et netmedie med journalistik om livet i Thy\",\"publisher\":{\"@id\":\"https:\\\/\\\/kunmedierne.dk\\\/thy\\\/#organization\"},\"potentialAction\":[{\"@type\":\"SearchAction\",\"target\":{\"@type\":\"EntryPoint\",\"urlTemplate\":\"https:\\\/\\\/kunmedierne.dk\\\/thy\\\/?s={search_term_string}\"},\"query-input\":{\"@type\":\"PropertyValueSpecification\",\"valueRequired\":true,\"valueName\":\"search_term_string\"}}],\"inLanguage\":\"da-DK\"},{\"@type\":\"Organization\",\"@id\":\"https:\\\/\\\/kunmedierne.dk\\\/thy\\\/#organization\",\"name\":\"Thy\",\"url\":\"https:\\\/\\\/kunmedierne.dk\\\/thy\\\/\",\"logo\":{\"@type\":\"ImageObject\",\"inLanguage\":\"da-DK\",\"@id\":\"https:\\\/\\\/kunmedierne.dk\\\/thy\\\/#\\\/schema\\\/logo\\\/image\\\/\",\"url\":\"https:\\\/\\\/kunmedierne.dk\\\/thy\\\/wp-content\\\/uploads\\\/sites\\\/2\\\/2025\\\/04\\\/kunthy-logo.svg\",\"contentUrl\":\"https:\\\/\\\/kunmedierne.dk\\\/thy\\\/wp-content\\\/uploads\\\/sites\\\/2\\\/2025\\\/04\\\/kunthy-logo.svg\",\"caption\":\"Thy\"},\"image\":{\"@id\":\"https:\\\/\\\/kunmedierne.dk\\\/thy\\\/#\\\/schema\\\/logo\\\/image\\\/\"}},{\"@type\":\"Person\",\"@id\":\"https:\\\/\\\/kunmedierne.dk\\\/thy\\\/#\\\/schema\\\/person\\\/88f5be46809ca2a5533760eb574fef93\",\"name\":\"Jens Fogh Andersen\",\"image\":{\"@type\":\"ImageObject\",\"inLanguage\":\"da-DK\",\"@id\":\"https:\\\/\\\/secure.gravatar.com\\\/avatar\\\/2b367a4ef139b1c41dccc9ee7af926b81f8b4cca3359772e86c7fd5ced26c0a3?s=96&d=mm&r=g\",\"url\":\"https:\\\/\\\/secure.gravatar.com\\\/avatar\\\/2b367a4ef139b1c41dccc9ee7af926b81f8b4cca3359772e86c7fd5ced26c0a3?s=96&d=mm&r=g\",\"contentUrl\":\"https:\\\/\\\/secure.gravatar.com\\\/avatar\\\/2b367a4ef139b1c41dccc9ee7af926b81f8b4cca3359772e86c7fd5ced26c0a3?s=96&d=mm&r=g\",\"caption\":\"Jens Fogh Andersen\"},\"url\":\"https:\\\/\\\/kunmedierne.dk\\\/thy\\\/author\\\/jfa\\\/\"}]}<\/script>\n<!-- \/ Yoast SEO plugin. -->","yoast_head_json":{"title":"401 mennesker lever i hjeml\u00f8shed i Region Nordjylland - Thy","robots":{"index":"index","follow":"follow","max-snippet":"max-snippet:-1","max-image-preview":"max-image-preview:large","max-video-preview":"max-video-preview:-1"},"canonical":"https:\/\/kunmedierne.dk\/thy\/401-mennesker-lever-i-hjemloeshed-i-region-nordjylland\/","og_locale":"da_DK","og_type":"article","og_title":"401 mennesker lever i hjeml\u00f8shed i Region Nordjylland - Thy","og_description":"THY-MORS: Selv om antallet af hjeml\u00f8se i Region Nordjylland er faldet fra 433 ved den forrige hjeml\u00f8set\u00e6lling til nu 401 i en ny t\u00e6lling udf\u00f8rt af VIVE, Det Nationale Forsknings- og Analysecenter for Velf\u00e6rd, er tallet i f\u00f8lge Folkekirkens N\u00f8dhj\u00e6lp udtryk for et politisk svigt. I Thisted og Mors\u00f8 kommuner lever der i f\u00f8lge VIVE&#8217;s [&hellip;]","og_url":"https:\/\/kunmedierne.dk\/thy\/401-mennesker-lever-i-hjemloeshed-i-region-nordjylland\/","og_site_name":"Thy","article_published_time":"2026-09-01T04:10:33+00:00","author":"Jens Fogh Andersen","twitter_card":"summary_large_image","twitter_misc":{"Skrevet af":"Jens Fogh Andersen","Estimeret l\u00e6setid":"2 minutter"},"schema":{"@context":"https:\/\/schema.org","@graph":[{"@type":"Article","@id":"https:\/\/kunmedierne.dk\/thy\/401-mennesker-lever-i-hjemloeshed-i-region-nordjylland\/#article","isPartOf":{"@id":"https:\/\/kunmedierne.dk\/thy\/401-mennesker-lever-i-hjemloeshed-i-region-nordjylland\/"},"author":{"name":"Jens Fogh Andersen","@id":"https:\/\/kunmedierne.dk\/thy\/#\/schema\/person\/88f5be46809ca2a5533760eb574fef93"},"headline":"401 mennesker lever i hjeml\u00f8shed i Region Nordjylland","datePublished":"2026-09-01T04:10:33+00:00","mainEntityOfPage":{"@id":"https:\/\/kunmedierne.dk\/thy\/401-mennesker-lever-i-hjemloeshed-i-region-nordjylland\/"},"wordCount":331,"publisher":{"@id":"https:\/\/kunmedierne.dk\/thy\/#organization"},"keywords":["Mennesker"],"articleSection":["Lokalt"],"inLanguage":"da-DK"},{"@type":"WebPage","@id":"https:\/\/kunmedierne.dk\/thy\/401-mennesker-lever-i-hjemloeshed-i-region-nordjylland\/","url":"https:\/\/kunmedierne.dk\/thy\/401-mennesker-lever-i-hjemloeshed-i-region-nordjylland\/","name":"401 mennesker lever i hjeml\u00f8shed i Region Nordjylland - Thy","isPartOf":{"@id":"https:\/\/kunmedierne.dk\/thy\/#website"},"datePublished":"2026-09-01T04:10:33+00:00","breadcrumb":{"@id":"https:\/\/kunmedierne.dk\/thy\/401-mennesker-lever-i-hjemloeshed-i-region-nordjylland\/#breadcrumb"},"inLanguage":"da-DK","potentialAction":[{"@type":"ReadAction","target":["https:\/\/kunmedierne.dk\/thy\/401-mennesker-lever-i-hjemloeshed-i-region-nordjylland\/"]}]},{"@type":"BreadcrumbList","@id":"https:\/\/kunmedierne.dk\/thy\/401-mennesker-lever-i-hjemloeshed-i-region-nordjylland\/#breadcrumb","itemListElement":[{"@type":"ListItem","position":1,"name":"Home","item":"https:\/\/kunmedierne.dk\/thy\/"},{"@type":"ListItem","position":2,"name":"401 mennesker lever i hjeml\u00f8shed i Region Nordjylland"}]},{"@type":"WebSite","@id":"https:\/\/kunmedierne.dk\/thy\/#website","url":"https:\/\/kunmedierne.dk\/thy\/","name":"Thy","description":"et netmedie med journalistik om livet i Thy","publisher":{"@id":"https:\/\/kunmedierne.dk\/thy\/#organization"},"potentialAction":[{"@type":"SearchAction","target":{"@type":"EntryPoint","urlTemplate":"https:\/\/kunmedierne.dk\/thy\/?s={search_term_string}"},"query-input":{"@type":"PropertyValueSpecification","valueRequired":true,"valueName":"search_term_string"}}],"inLanguage":"da-DK"},{"@type":"Organization","@id":"https:\/\/kunmedierne.dk\/thy\/#organization","name":"Thy","url":"https:\/\/kunmedierne.dk\/thy\/","logo":{"@type":"ImageObject","inLanguage":"da-DK","@id":"https:\/\/kunmedierne.dk\/thy\/#\/schema\/logo\/image\/","url":"https:\/\/kunmedierne.dk\/thy\/wp-content\/uploads\/sites\/2\/2025\/04\/kunthy-logo.svg","contentUrl":"https:\/\/kunmedierne.dk\/thy\/wp-content\/uploads\/sites\/2\/2025\/04\/kunthy-logo.svg","caption":"Thy"},"image":{"@id":"https:\/\/kunmedierne.dk\/thy\/#\/schema\/logo\/image\/"}},{"@type":"Person","@id":"https:\/\/kunmedierne.dk\/thy\/#\/schema\/person\/88f5be46809ca2a5533760eb574fef93","name":"Jens Fogh Andersen","image":{"@type":"ImageObject","inLanguage":"da-DK","@id":"https:\/\/secure.gravatar.com\/avatar\/2b367a4ef139b1c41dccc9ee7af926b81f8b4cca3359772e86c7fd5ced26c0a3?s=96&d=mm&r=g","url":"https:\/\/secure.gravatar.com\/avatar\/2b367a4ef139b1c41dccc9ee7af926b81f8b4cca3359772e86c7fd5ced26c0a3?s=96&d=mm&r=g","contentUrl":"https:\/\/secure.gravatar.com\/avatar\/2b367a4ef139b1c41dccc9ee7af926b81f8b4cca3359772e86c7fd5ced26c0a3?s=96&d=mm&r=g","caption":"Jens Fogh Andersen"},"url":"https:\/\/kunmedierne.dk\/thy\/author\/jfa\/"}]}},"_links":{"self":[{"href":"https:\/\/kunmedierne.dk\/thy\/wp-json\/wp\/v2\/posts\/26659","targetHints":{"allow":["GET"]}}],"collection":[{"href":"https:\/\/kunmedierne.dk\/thy\/wp-json\/wp\/v2\/posts"}],"about":[{"href":"https:\/\/kunmedierne.dk\/thy\/wp-json\/wp\/v2\/types\/post"}],"author":[{"embeddable":true,"href":"https:\/\/kunmedierne.dk\/thy\/wp-json\/wp\/v2\/users\/4535"}],"replies":[{"embeddable":true,"href":"https:\/\/kunmedierne.dk\/thy\/wp-json\/wp\/v2\/comments?post=26659"}],"version-history":[{"count":4,"href":"https:\/\/kunmedierne.dk\/thy\/wp-json\/wp\/v2\/posts\/26659\/revisions"}],"predecessor-version":[{"id":26665,"href":"https:\/\/kunmedierne.dk\/thy\/wp-json\/wp\/v2\/posts\/26659\/revisions\/26665"}],"wp:attachment":[{"href":"https:\/\/kunmedierne.dk\/thy\/wp-json\/wp\/v2\/media?parent=26659"}],"wp:term":[{"taxonomy":"category","embeddable":true,"href":"https:\/\/kunmedierne.dk\/thy\/wp-json\/wp\/v2\/categories?post=26659"},{"taxonomy":"post_tag","embeddable":true,"href":"https:\/\/kunmedierne.dk\/thy\/wp-json\/wp\/v2\/tags?post=26659"}],"curies":[{"name":"wp","href":"https:\/\/api.w.org\/{rel}","templated":true}]}}