{"id":26630,"date":"2026-09-01T05:32:03","date_gmt":"2026-09-01T03:32:03","guid":{"rendered":"https:\/\/kunmedierne.dk\/thy\/?p=26630"},"modified":"2026-08-31T17:14:43","modified_gmt":"2026-08-31T15:14:43","slug":"leg-paa-cyklen-i-trygt-miljoe-skal-oege-trafiksikkerheden","status":"publish","type":"post","link":"https:\/\/kunmedierne.dk\/thy\/leg-paa-cyklen-i-trygt-miljoe-skal-oege-trafiksikkerheden\/","title":{"rendered":"Leg p\u00e5 cyklen i trygt milj\u00f8 skal \u00f8ge trafiksikkerheden"},"content":{"rendered":"<p><strong>SYDTHY:\u00a0<\/strong>\u00a0P\u00e5 Sydthy Friskole har en del af parkeringspladsen f\u00e5et nyt liv.<\/p>\n<p>Hvor der tidligere holdt biler, kan b\u00f8rnene i skolen og den tilh\u00f8rende b\u00f8rnehave nu \u00f8ve balance, trafikforst\u00e5else og cykelf\u00e6rdigheder p\u00e5 en ny cykelbane, som er etableret med st\u00f8tte fra GF Fonden, der sammen med mere end 400.000 medlemmer ejer GF Forsikring.<\/p>\n<a class=\"dvrt-link\" onClick=\"cdmtrack_click(683,jQuery(this));return false\" href=\"https:\/\/vester-begr.dk\/?utm_source=google&amp;utm_medium=advative&amp;gad_source=1&amp;gclid=Cj0KCQjwtJ6_BhDWARIsAGanmKfl-hGVVjCYiOgSKoGoxrow4kvXybZsnruKJYTslvqZDywT6a9PCQwaAmBjEALw_wcB\"><img decoding=\"async\" style=\"width:100%;\" src=\"https:\/\/kunmedierne.dk\/thy\/wp-content\/uploads\/sites\/2\/2025\/03\/260203VesterHoukaer-02022026.jpg\"><\/a><script>cdmtrack_view(683);<\/script>\n<p>M\u00e5let er enkelt: Flere b\u00f8rn skal kunne cykle \u2013 og de skal have de f\u00e6rdigheder, der skal til for at f\u00e6rdes sikkert i trafikken.<\/p>\n<p>Signe Bisgaard Kjeldsen, for\u00e6ldre p\u00e5 skolen, fort\u00e6ller om baggrunden for, at skolens st\u00f8tteforening har s\u00f8gt midlerne fra GF Fondens Trafiklegat:<\/p>\n<p>&#8211; Vi bor i et omr\u00e5de, hvor mange b\u00f8rn har langt til skole, hvor offentlig transport er en mangelvare, og de fleste b\u00f8rn hentes og bringes af skolebus eller af for\u00e6ldre i bil. Cykelstier er der heller ikke mange af, og de forskellige faktorer neds\u00e6tter ikke alene b\u00f8rnenes muligheder for at bruge deres cykler i naturlige rammer, men ogs\u00e5<br \/>\nderes cykelf\u00e6rdigheder samt trafikforst\u00e5else.<\/p>\n<p>&nbsp;<\/p>\n<p><strong>Cyklen skal f\u00f8re b\u00f8rnene ud i naturen<\/strong><br \/>\nSydthy Friskole og Naturb\u00f8rnehaven Muslingen ligger blot 500 meter fra Limfjorden, og \u00e9t af de store \u00f8nsker for cykelbanen er da ogs\u00e5, at den med tiden g\u00f8r det muligt for selv de mindste b\u00f8rn i b\u00f8rnehaven at komme med p\u00e5 cykelture til stranden.<\/p>\n<a class=\"dvrt-link\" onClick=\"cdmtrack_click(19682,jQuery(this));return false\" href=\"https:\/\/limfjordsteatret.dk\/\"><img decoding=\"async\" style=\"width:100%;\" src=\"https:\/\/kunmedierne.dk\/thy\/wp-content\/uploads\/sites\/2\/2026\/03\/aarskortLim_KunMors_1100x125.jpg\"><\/a><script>cdmtrack_view(19682);<\/script>\n<p>Den nye cykelbane i Visby er da ogs\u00e5 indrettet med b\u00e5de hajt\u00e6nder, fodg\u00e6ngerfelter, ensrettede baner og rundk\u00f8rsler, som giver b\u00f8rnene mulighed for at \u00f8ve sig i trafikrelaterede situationer gennem leg.<\/p>\n<p>Men vigtigst af alt f\u00e5r b\u00f8rnene mulighed for at \u00f8ve sig igen og igen.<\/p>\n<p><em>&#8211; <\/em>Det er s\u00e5 vigtigt, at b\u00f8rnenes institutioner og skoler skaber rammer, hvor de kan \u00f8ve sig og blive trygge p\u00e5 cyklen \u2013 is\u00e6r i landomr\u00e5derne og i de mindre byer. Og det er pr\u00e6cis det, de g\u00f8r her i Visby. Det er vigtigt, for hvis vi ikke f\u00e5r vores b\u00f8rn til at cykle, n\u00e5r de er sm\u00e5, s\u00e5 g\u00f8r de det heller ikke som teenagere eller voksne, siger Helle Nielsen, uddelingschef i GF Fonden, som har doneret banen.<\/p>\n<p>&nbsp;<\/p>\n<p><strong>Grejbank<\/strong><\/p>\n<p>Som en del af projektet har skolen ogs\u00e5 f\u00e5et en grejbank med pumper, lappegrej og v\u00e6rkt\u00f8j, s\u00e5 b\u00f8rnene kan l\u00e6re at vedligeholde og passe deres cykler.<\/p>\n<a class=\"dvrt-link\" onClick=\"cdmtrack_click(25762,jQuery(this));return false\" href=\"https:\/\/www.facebook.com\/profile.php?id=100049901895340\"><img decoding=\"async\" style=\"width:100%;\" src=\"https:\/\/kunmedierne.dk\/thy\/wp-content\/uploads\/sites\/2\/2026\/08\/260831Morsoebil2Animation-3steps-1.gif\"><\/a><script>cdmtrack_view(25762);<\/script>\n<p>Banen er \u00e5ben for lokale familier uden for skolens og b\u00f8rnehavens \u00e5bningstid, s\u00e5 endnu flere b\u00f8rn i omr\u00e5det kan f\u00e5 gl\u00e6de af den.<\/p>\n<p>Signe Bisgaard Kjeldsen:<\/p>\n<p>&#8211; Heldigvis elsker b\u00f8rnene at cykle, og der er et stort f\u00e6llesskab omkring det. Den gl\u00e6de er s\u00e5 god at have med som udgangspunkt, og den vil vi jo ogs\u00e5 gerne underst\u00f8tte, s\u00e5 de holder fast i den videre i livet.<\/p>\n","protected":false},"excerpt":{"rendered":"<p>SYDTHY:\u00a0\u00a0P\u00e5 Sydthy Friskole har en del af parkeringspladsen f\u00e5et nyt liv. Hvor der tidligere holdt biler, kan b\u00f8rnene i skolen og den tilh\u00f8rende b\u00f8rnehave nu \u00f8ve balance, trafikforst\u00e5else og cykelf\u00e6rdigheder p\u00e5 en ny cykelbane, som er etableret med st\u00f8tte fra GF Fonden, der sammen med mere end 400.000 medlemmer ejer GF Forsikring. M\u00e5let er enkelt: [&hellip;]<\/p>\n","protected":false},"author":1925,"featured_media":0,"comment_status":"closed","ping_status":"closed","sticky":false,"template":"","format":"standard","meta":{"_acf_changed":false,"footnotes":""},"categories":[24],"tags":[43,62],"class_list":["post-26630","post","type-post","status-publish","format-standard","hentry","category-lokalt","tag-skoler","tag-trafik"],"acf":[],"yoast_head":"<!-- This site is optimized with the Yoast SEO plugin v27.7 - https:\/\/yoast.com\/product\/yoast-seo-wordpress\/ -->\n<title>Leg p\u00e5 cyklen i trygt milj\u00f8 skal \u00f8ge trafiksikkerheden - Thy<\/title>\n<meta name=\"robots\" content=\"index, follow, max-snippet:-1, max-image-preview:large, max-video-preview:-1\" \/>\n<link rel=\"canonical\" href=\"https:\/\/kunmedierne.dk\/thy\/leg-paa-cyklen-i-trygt-miljoe-skal-oege-trafiksikkerheden\/\" \/>\n<meta property=\"og:locale\" content=\"da_DK\" \/>\n<meta property=\"og:type\" content=\"article\" \/>\n<meta property=\"og:title\" content=\"Leg p\u00e5 cyklen i trygt milj\u00f8 skal \u00f8ge trafiksikkerheden - Thy\" \/>\n<meta property=\"og:description\" content=\"SYDTHY:\u00a0\u00a0P\u00e5 Sydthy Friskole har en del af parkeringspladsen f\u00e5et nyt liv. Hvor der tidligere holdt biler, kan b\u00f8rnene i skolen og den tilh\u00f8rende b\u00f8rnehave nu \u00f8ve balance, trafikforst\u00e5else og cykelf\u00e6rdigheder p\u00e5 en ny cykelbane, som er etableret med st\u00f8tte fra GF Fonden, der sammen med mere end 400.000 medlemmer ejer GF Forsikring. M\u00e5let er enkelt: [&hellip;]\" \/>\n<meta property=\"og:url\" content=\"https:\/\/kunmedierne.dk\/thy\/leg-paa-cyklen-i-trygt-miljoe-skal-oege-trafiksikkerheden\/\" \/>\n<meta property=\"og:site_name\" content=\"Thy\" \/>\n<meta property=\"article:published_time\" content=\"2026-09-01T03:32:03+00:00\" \/>\n<meta name=\"author\" content=\"Lone L\u00e6rke Krog\" \/>\n<meta name=\"twitter:card\" content=\"summary_large_image\" \/>\n<meta name=\"twitter:label1\" content=\"Skrevet af\" \/>\n\t<meta name=\"twitter:data1\" content=\"Lone L\u00e6rke Krog\" \/>\n\t<meta name=\"twitter:label2\" content=\"Estimeret l\u00e6setid\" \/>\n\t<meta name=\"twitter:data2\" content=\"3 minutter\" \/>\n<script type=\"application\/ld+json\" class=\"yoast-schema-graph\">{\"@context\":\"https:\\\/\\\/schema.org\",\"@graph\":[{\"@type\":\"Article\",\"@id\":\"https:\\\/\\\/kunmedierne.dk\\\/thy\\\/leg-paa-cyklen-i-trygt-miljoe-skal-oege-trafiksikkerheden\\\/#article\",\"isPartOf\":{\"@id\":\"https:\\\/\\\/kunmedierne.dk\\\/thy\\\/leg-paa-cyklen-i-trygt-miljoe-skal-oege-trafiksikkerheden\\\/\"},\"author\":{\"name\":\"Lone L\u00e6rke Krog\",\"@id\":\"https:\\\/\\\/kunmedierne.dk\\\/thy\\\/#\\\/schema\\\/person\\\/d266634ba6550d075ecf540d63b245d2\"},\"headline\":\"Leg p\u00e5 cyklen i trygt milj\u00f8 skal \u00f8ge trafiksikkerheden\",\"datePublished\":\"2026-09-01T03:32:03+00:00\",\"mainEntityOfPage\":{\"@id\":\"https:\\\/\\\/kunmedierne.dk\\\/thy\\\/leg-paa-cyklen-i-trygt-miljoe-skal-oege-trafiksikkerheden\\\/\"},\"wordCount\":498,\"publisher\":{\"@id\":\"https:\\\/\\\/kunmedierne.dk\\\/thy\\\/#organization\"},\"keywords\":[\"Skoler\",\"Trafik\"],\"articleSection\":[\"Lokalt\"],\"inLanguage\":\"da-DK\"},{\"@type\":\"WebPage\",\"@id\":\"https:\\\/\\\/kunmedierne.dk\\\/thy\\\/leg-paa-cyklen-i-trygt-miljoe-skal-oege-trafiksikkerheden\\\/\",\"url\":\"https:\\\/\\\/kunmedierne.dk\\\/thy\\\/leg-paa-cyklen-i-trygt-miljoe-skal-oege-trafiksikkerheden\\\/\",\"name\":\"Leg p\u00e5 cyklen i trygt milj\u00f8 skal \u00f8ge trafiksikkerheden - Thy\",\"isPartOf\":{\"@id\":\"https:\\\/\\\/kunmedierne.dk\\\/thy\\\/#website\"},\"datePublished\":\"2026-09-01T03:32:03+00:00\",\"breadcrumb\":{\"@id\":\"https:\\\/\\\/kunmedierne.dk\\\/thy\\\/leg-paa-cyklen-i-trygt-miljoe-skal-oege-trafiksikkerheden\\\/#breadcrumb\"},\"inLanguage\":\"da-DK\",\"potentialAction\":[{\"@type\":\"ReadAction\",\"target\":[\"https:\\\/\\\/kunmedierne.dk\\\/thy\\\/leg-paa-cyklen-i-trygt-miljoe-skal-oege-trafiksikkerheden\\\/\"]}]},{\"@type\":\"BreadcrumbList\",\"@id\":\"https:\\\/\\\/kunmedierne.dk\\\/thy\\\/leg-paa-cyklen-i-trygt-miljoe-skal-oege-trafiksikkerheden\\\/#breadcrumb\",\"itemListElement\":[{\"@type\":\"ListItem\",\"position\":1,\"name\":\"Home\",\"item\":\"https:\\\/\\\/kunmedierne.dk\\\/thy\\\/\"},{\"@type\":\"ListItem\",\"position\":2,\"name\":\"Leg p\u00e5 cyklen i trygt milj\u00f8 skal \u00f8ge trafiksikkerheden\"}]},{\"@type\":\"WebSite\",\"@id\":\"https:\\\/\\\/kunmedierne.dk\\\/thy\\\/#website\",\"url\":\"https:\\\/\\\/kunmedierne.dk\\\/thy\\\/\",\"name\":\"Thy\",\"description\":\"et netmedie med journalistik om livet i Thy\",\"publisher\":{\"@id\":\"https:\\\/\\\/kunmedierne.dk\\\/thy\\\/#organization\"},\"potentialAction\":[{\"@type\":\"SearchAction\",\"target\":{\"@type\":\"EntryPoint\",\"urlTemplate\":\"https:\\\/\\\/kunmedierne.dk\\\/thy\\\/?s={search_term_string}\"},\"query-input\":{\"@type\":\"PropertyValueSpecification\",\"valueRequired\":true,\"valueName\":\"search_term_string\"}}],\"inLanguage\":\"da-DK\"},{\"@type\":\"Organization\",\"@id\":\"https:\\\/\\\/kunmedierne.dk\\\/thy\\\/#organization\",\"name\":\"Thy\",\"url\":\"https:\\\/\\\/kunmedierne.dk\\\/thy\\\/\",\"logo\":{\"@type\":\"ImageObject\",\"inLanguage\":\"da-DK\",\"@id\":\"https:\\\/\\\/kunmedierne.dk\\\/thy\\\/#\\\/schema\\\/logo\\\/image\\\/\",\"url\":\"https:\\\/\\\/kunmedierne.dk\\\/thy\\\/wp-content\\\/uploads\\\/sites\\\/2\\\/2025\\\/04\\\/kunthy-logo.svg\",\"contentUrl\":\"https:\\\/\\\/kunmedierne.dk\\\/thy\\\/wp-content\\\/uploads\\\/sites\\\/2\\\/2025\\\/04\\\/kunthy-logo.svg\",\"caption\":\"Thy\"},\"image\":{\"@id\":\"https:\\\/\\\/kunmedierne.dk\\\/thy\\\/#\\\/schema\\\/logo\\\/image\\\/\"}},{\"@type\":\"Person\",\"@id\":\"https:\\\/\\\/kunmedierne.dk\\\/thy\\\/#\\\/schema\\\/person\\\/d266634ba6550d075ecf540d63b245d2\",\"name\":\"Lone L\u00e6rke Krog\",\"image\":{\"@type\":\"ImageObject\",\"inLanguage\":\"da-DK\",\"@id\":\"https:\\\/\\\/secure.gravatar.com\\\/avatar\\\/496ddc7080e56b4ac64cfd4e56bd6d1ee396fa3db1923aa22f11346f60bb135b?s=96&d=mm&r=g\",\"url\":\"https:\\\/\\\/secure.gravatar.com\\\/avatar\\\/496ddc7080e56b4ac64cfd4e56bd6d1ee396fa3db1923aa22f11346f60bb135b?s=96&d=mm&r=g\",\"contentUrl\":\"https:\\\/\\\/secure.gravatar.com\\\/avatar\\\/496ddc7080e56b4ac64cfd4e56bd6d1ee396fa3db1923aa22f11346f60bb135b?s=96&d=mm&r=g\",\"caption\":\"Lone L\u00e6rke Krog\"},\"url\":\"https:\\\/\\\/kunmedierne.dk\\\/thy\\\/author\\\/llk\\\/\"}]}<\/script>\n<!-- \/ Yoast SEO plugin. -->","yoast_head_json":{"title":"Leg p\u00e5 cyklen i trygt milj\u00f8 skal \u00f8ge trafiksikkerheden - Thy","robots":{"index":"index","follow":"follow","max-snippet":"max-snippet:-1","max-image-preview":"max-image-preview:large","max-video-preview":"max-video-preview:-1"},"canonical":"https:\/\/kunmedierne.dk\/thy\/leg-paa-cyklen-i-trygt-miljoe-skal-oege-trafiksikkerheden\/","og_locale":"da_DK","og_type":"article","og_title":"Leg p\u00e5 cyklen i trygt milj\u00f8 skal \u00f8ge trafiksikkerheden - Thy","og_description":"SYDTHY:\u00a0\u00a0P\u00e5 Sydthy Friskole har en del af parkeringspladsen f\u00e5et nyt liv. Hvor der tidligere holdt biler, kan b\u00f8rnene i skolen og den tilh\u00f8rende b\u00f8rnehave nu \u00f8ve balance, trafikforst\u00e5else og cykelf\u00e6rdigheder p\u00e5 en ny cykelbane, som er etableret med st\u00f8tte fra GF Fonden, der sammen med mere end 400.000 medlemmer ejer GF Forsikring. M\u00e5let er enkelt: [&hellip;]","og_url":"https:\/\/kunmedierne.dk\/thy\/leg-paa-cyklen-i-trygt-miljoe-skal-oege-trafiksikkerheden\/","og_site_name":"Thy","article_published_time":"2026-09-01T03:32:03+00:00","author":"Lone L\u00e6rke Krog","twitter_card":"summary_large_image","twitter_misc":{"Skrevet af":"Lone L\u00e6rke Krog","Estimeret l\u00e6setid":"3 minutter"},"schema":{"@context":"https:\/\/schema.org","@graph":[{"@type":"Article","@id":"https:\/\/kunmedierne.dk\/thy\/leg-paa-cyklen-i-trygt-miljoe-skal-oege-trafiksikkerheden\/#article","isPartOf":{"@id":"https:\/\/kunmedierne.dk\/thy\/leg-paa-cyklen-i-trygt-miljoe-skal-oege-trafiksikkerheden\/"},"author":{"name":"Lone L\u00e6rke Krog","@id":"https:\/\/kunmedierne.dk\/thy\/#\/schema\/person\/d266634ba6550d075ecf540d63b245d2"},"headline":"Leg p\u00e5 cyklen i trygt milj\u00f8 skal \u00f8ge trafiksikkerheden","datePublished":"2026-09-01T03:32:03+00:00","mainEntityOfPage":{"@id":"https:\/\/kunmedierne.dk\/thy\/leg-paa-cyklen-i-trygt-miljoe-skal-oege-trafiksikkerheden\/"},"wordCount":498,"publisher":{"@id":"https:\/\/kunmedierne.dk\/thy\/#organization"},"keywords":["Skoler","Trafik"],"articleSection":["Lokalt"],"inLanguage":"da-DK"},{"@type":"WebPage","@id":"https:\/\/kunmedierne.dk\/thy\/leg-paa-cyklen-i-trygt-miljoe-skal-oege-trafiksikkerheden\/","url":"https:\/\/kunmedierne.dk\/thy\/leg-paa-cyklen-i-trygt-miljoe-skal-oege-trafiksikkerheden\/","name":"Leg p\u00e5 cyklen i trygt milj\u00f8 skal \u00f8ge trafiksikkerheden - Thy","isPartOf":{"@id":"https:\/\/kunmedierne.dk\/thy\/#website"},"datePublished":"2026-09-01T03:32:03+00:00","breadcrumb":{"@id":"https:\/\/kunmedierne.dk\/thy\/leg-paa-cyklen-i-trygt-miljoe-skal-oege-trafiksikkerheden\/#breadcrumb"},"inLanguage":"da-DK","potentialAction":[{"@type":"ReadAction","target":["https:\/\/kunmedierne.dk\/thy\/leg-paa-cyklen-i-trygt-miljoe-skal-oege-trafiksikkerheden\/"]}]},{"@type":"BreadcrumbList","@id":"https:\/\/kunmedierne.dk\/thy\/leg-paa-cyklen-i-trygt-miljoe-skal-oege-trafiksikkerheden\/#breadcrumb","itemListElement":[{"@type":"ListItem","position":1,"name":"Home","item":"https:\/\/kunmedierne.dk\/thy\/"},{"@type":"ListItem","position":2,"name":"Leg p\u00e5 cyklen i trygt milj\u00f8 skal \u00f8ge trafiksikkerheden"}]},{"@type":"WebSite","@id":"https:\/\/kunmedierne.dk\/thy\/#website","url":"https:\/\/kunmedierne.dk\/thy\/","name":"Thy","description":"et netmedie med journalistik om livet i Thy","publisher":{"@id":"https:\/\/kunmedierne.dk\/thy\/#organization"},"potentialAction":[{"@type":"SearchAction","target":{"@type":"EntryPoint","urlTemplate":"https:\/\/kunmedierne.dk\/thy\/?s={search_term_string}"},"query-input":{"@type":"PropertyValueSpecification","valueRequired":true,"valueName":"search_term_string"}}],"inLanguage":"da-DK"},{"@type":"Organization","@id":"https:\/\/kunmedierne.dk\/thy\/#organization","name":"Thy","url":"https:\/\/kunmedierne.dk\/thy\/","logo":{"@type":"ImageObject","inLanguage":"da-DK","@id":"https:\/\/kunmedierne.dk\/thy\/#\/schema\/logo\/image\/","url":"https:\/\/kunmedierne.dk\/thy\/wp-content\/uploads\/sites\/2\/2025\/04\/kunthy-logo.svg","contentUrl":"https:\/\/kunmedierne.dk\/thy\/wp-content\/uploads\/sites\/2\/2025\/04\/kunthy-logo.svg","caption":"Thy"},"image":{"@id":"https:\/\/kunmedierne.dk\/thy\/#\/schema\/logo\/image\/"}},{"@type":"Person","@id":"https:\/\/kunmedierne.dk\/thy\/#\/schema\/person\/d266634ba6550d075ecf540d63b245d2","name":"Lone L\u00e6rke Krog","image":{"@type":"ImageObject","inLanguage":"da-DK","@id":"https:\/\/secure.gravatar.com\/avatar\/496ddc7080e56b4ac64cfd4e56bd6d1ee396fa3db1923aa22f11346f60bb135b?s=96&d=mm&r=g","url":"https:\/\/secure.gravatar.com\/avatar\/496ddc7080e56b4ac64cfd4e56bd6d1ee396fa3db1923aa22f11346f60bb135b?s=96&d=mm&r=g","contentUrl":"https:\/\/secure.gravatar.com\/avatar\/496ddc7080e56b4ac64cfd4e56bd6d1ee396fa3db1923aa22f11346f60bb135b?s=96&d=mm&r=g","caption":"Lone L\u00e6rke Krog"},"url":"https:\/\/kunmedierne.dk\/thy\/author\/llk\/"}]}},"_links":{"self":[{"href":"https:\/\/kunmedierne.dk\/thy\/wp-json\/wp\/v2\/posts\/26630","targetHints":{"allow":["GET"]}}],"collection":[{"href":"https:\/\/kunmedierne.dk\/thy\/wp-json\/wp\/v2\/posts"}],"about":[{"href":"https:\/\/kunmedierne.dk\/thy\/wp-json\/wp\/v2\/types\/post"}],"author":[{"embeddable":true,"href":"https:\/\/kunmedierne.dk\/thy\/wp-json\/wp\/v2\/users\/1925"}],"replies":[{"embeddable":true,"href":"https:\/\/kunmedierne.dk\/thy\/wp-json\/wp\/v2\/comments?post=26630"}],"version-history":[{"count":2,"href":"https:\/\/kunmedierne.dk\/thy\/wp-json\/wp\/v2\/posts\/26630\/revisions"}],"predecessor-version":[{"id":26634,"href":"https:\/\/kunmedierne.dk\/thy\/wp-json\/wp\/v2\/posts\/26630\/revisions\/26634"}],"wp:attachment":[{"href":"https:\/\/kunmedierne.dk\/thy\/wp-json\/wp\/v2\/media?parent=26630"}],"wp:term":[{"taxonomy":"category","embeddable":true,"href":"https:\/\/kunmedierne.dk\/thy\/wp-json\/wp\/v2\/categories?post=26630"},{"taxonomy":"post_tag","embeddable":true,"href":"https:\/\/kunmedierne.dk\/thy\/wp-json\/wp\/v2\/tags?post=26630"}],"curies":[{"name":"wp","href":"https:\/\/api.w.org\/{rel}","templated":true}]}}