{"id":26628,"date":"2026-09-02T14:47:01","date_gmt":"2026-09-02T12:47:01","guid":{"rendered":"https:\/\/kunmedierne.dk\/thy\/?p=26628"},"modified":"2026-09-02T14:47:01","modified_gmt":"2026-09-02T12:47:01","slug":"thisted-kommune-mere-turisme-men-ikke-for-enhver-pris","status":"publish","type":"post","link":"https:\/\/kunmedierne.dk\/thy\/thisted-kommune-mere-turisme-men-ikke-for-enhver-pris\/","title":{"rendered":"<span>Thisted Kommune: <\/span>Mere turisme, men ikke for enhver pris"},"content":{"rendered":"<p><strong>THY:\u00a0<\/strong>Ambitionerne fejler ikke noget, n\u00e5r det g\u00e6lder mulighederne dels at tiltr\u00e6kke flere turister til Thisted Kommune, dels for at \u00f8ge oms\u00e6tningen fra turismen v\u00e6sentlig i de kommende \u00e5r.<\/p>\n<p>Derfor er der nu beskrevet ni pejlem\u00e6rker for, hvordan Thisted Kommune ser turistomr\u00e5det udvikle sig over de kommer for, hvordan det skal sker og hvordan udbyttet af \u00f8get turisme forventes at blive.<\/p>\n<a class=\"dvrt-link\" onClick=\"cdmtrack_click(7877,jQuery(this));return false\" href=\"https:\/\/kunmedierne.dk\/thy\/jobopslag-paa-kunthy-og-kunmors-bliver-vist-paa-begge-medier-til-samme-lave-pris\/\"><img decoding=\"async\" style=\"width:100%;\" src=\"https:\/\/kunmedierne.dk\/thy\/wp-content\/uploads\/sites\/2\/2025\/08\/jobannonce-kunmedierne.jpg\"><\/a><script>cdmtrack_view(7877);<\/script>\n<p>Pejlem\u00e6rkerne er sammen med en beskrivelse af det kommunale grundsyn for udviklingen af turismen netop godkendt af kommunens udvalg for erhverv, arbejdsmarked, turisme og landdistrikter.<\/p>\n<p>N\u00e6ste skridt er nu at lave konkrete beskrivelser af den indsats, der skal til for at sikre at en m\u00e5ls\u00e6tning om, dels at \u00f8ge oms\u00e6tningen p\u00e5 turisme i Thisted Kommune med 125 procent frem mod 2040, dels at fordoble det samlede turismetryk m\u00e5lt som antal turister i forhold til antal indbyggere fra 23 i 2026 til 46 i 2040.<\/p>\n<blockquote>\n<h4>Ni pejlem\u00e6rker for turismeindsatsen<\/h4>\n<h5>1: Turisterhvervet skal bidrage langt mere til v\u00e6rdiskabelse og lokal erhvervsudvikling i Thisted Kommune.<\/h5>\n<h5>2: Kommunen vil arbejde for mere hel\u00e5rsturisme og udvikle st\u00f8rre dele af kommunens geografi til turismeform\u00e5l.<\/h5>\n<h5>3: Turismen skal appellere til m\u00e5lgrupper, som kan v\u00e6re potentielle tilflyttere.<\/h5>\n<h5>4: Der skal tiltr\u00e6kkes flere og st\u00f8rre investeringer for at realisere st\u00f8rre oplevelses- og overnatningsprojekter.<\/h5>\n<h5>5: Lokalsamfundene skal inddrages i beslutningen om placering af fremtidige turismeprojekter.<\/h5>\n<h5>6: Kommune vil med en fast politisk kurs og med udpegning af konkrete fysiske arealer til oplevelses- og overnatningsform\u00e5l tiltr\u00e6kke og fastholde investorernes interesse.<\/h5>\n<h5>7: Udvikling og investeringer skal faciliteres i t\u00e6t samarbejde med Visit Nordvestkysten, Dansk Kyst og Naturturisme samt Partnerskab for Vestkystturisme.<\/h5>\n<h5>8: \u00d8konomisk, social, milj\u00f8- og naturm\u00e6ssig b\u00e6redygtighed prioriteres i alle tiltag.<\/h5>\n<h5>9: Med realisering af pejlem\u00e6rkerne tilstr\u00e6bes, at turismetrykket m\u00e5lt som antal turister i forhold til antal indbyggere stiger med 100% fra 23 i 2026 til 46 i 2040, samt at turismeoms\u00e6tningen \u00f8ges med 125%.<\/h5>\n<\/blockquote>\n<p>&nbsp;<\/p>\n<p>&#8211; B\u00e5de pejlem\u00e6rker og grundsyn er p\u00e5 plads. Begge dele er vendt og drejet og t\u00e6nkt p\u00e5 den lange bane, siger udvalgsformand Dorrit K\u00e6rgaard, DD, med tanke for, at udvalget en gang tidligere har haft sagen p\u00e5 dagsordenen, hvor det dengang blev besluttet at b\u00e5de pejlem\u00e6rker og tanker om turistudvikling skulle revideres. Efter udvalgets \u00f8nske er der nu fokus p\u00e5 b\u00e6redygtighed, hel\u00e5rsturisme, lokal erhvervsudvikling og beskrevet en overordnet m\u00e5ls\u00e6tning for indsatsen.<\/p>\n<a class=\"dvrt-link\" onClick=\"cdmtrack_click(1130,jQuery(this));return false\" href=\"https:\/\/www.thistedforsikring.dk\/?utm_source=partnerskaber&amp;utm_campaign=kun_thy\"><img decoding=\"async\" style=\"width:100%;\" src=\"https:\/\/kunmedierne.dk\/thy\/wp-content\/uploads\/sites\/2\/2025\/04\/260409KunThyThisted-For-1.png\"><\/a><script>cdmtrack_view(1130);<\/script>\n<p>Kommunen vil gerne have flere turister og flere overnattende turister.<\/p>\n<p>&#8211; P\u00e5 det punkt adskiller vi os ikke fra de fleste andre kommuner, men hvis vi vil de to ting m\u00e5 vi ogs\u00e5 v\u00e6re bevidste om, hvad det er for ting, de turister, vi gerne vil tiltr\u00e6kke flere af, s\u00f8ger n\u00e5r det kommer. Det er kvalitet og autentiske oplevelser ikke mindst i forhold til en stadig st\u00f8rre gruppe &#8220;friluftsturister&#8221;, siger Dorrit K\u00e6rgaard.<\/p>\n<p>Personlig mener hun, at kommunen har s\u00e5 meget at byde p\u00e5, at m\u00e5ls\u00e6tningen om at \u00f8ge oms\u00e6tningen p\u00e5 turisme med 125 procent frem mod 2040 ikke er ambiti\u00f8s nok, men at der er mulighed for at opn\u00e5 mere.<\/p>\n<p>Turister er mennesker med forskellige behov og udfordringen er, at d\u00e6kke flest mulige behov i respekt p\u00e5 kvalitet og b\u00e6redygtighed, siger Dorrit K\u00e6rgaard som mener, at begge dele kan tilgodeses ogs\u00e5 selv om der skal satses m\u00e5lrettet p\u00e5 et st\u00f8rre volumen.<\/p>\n<p>&#8211; Fire senge til B&amp;B-overnatning er fint og opleves som kvalitet af nogen, men taler vi muligheden for at tilbyde overnatning, skal der mere til f\u00f8r det for alvor rykker p\u00e5 de store liner, forklarer Dorrit Kj\u00e6rgaard om \u00e5rsagen til, at der i flere af de ni pejlem\u00e6rker peges p\u00e5, at der ses ind i en udvikling som kr\u00e6ver, at der tiltr\u00e6kkes investeringer til at realisere oplevelses- og overnatningsprojekter og at kommunen politisk skal medvirke til at udpege konkrete fysiske arealer til oplevelses- og overnatningsform\u00e5l for at tiltr\u00e6kke investorernes interesse.<\/p>\n<a class=\"dvrt-link\" onClick=\"cdmtrack_click(19682,jQuery(this));return false\" href=\"https:\/\/limfjordsteatret.dk\/\"><img decoding=\"async\" style=\"width:100%;\" src=\"https:\/\/kunmedierne.dk\/thy\/wp-content\/uploads\/sites\/2\/2026\/03\/aarskortLim_KunMors_1100x125.jpg\"><\/a><script>cdmtrack_view(19682);<\/script>\n<p>&#8211; Lykkes vi med at f\u00e5 flere p\u00e5 banen, som vil investere i turisterhvervet, mener jeg det er realistisk at opn\u00e5 de m\u00e5l, vi har opstillet. Vi har sat nogle pejlem\u00e6rker for udviklingen som klart beskriver, hvad det er for en udvikling, vi ser p\u00e5 omr\u00e5det, men ogs\u00e5, hvad vi ikke \u00f8nsker.<\/p>\n<p>Dorrit K\u00e6rgaard erkender, at kommunens kyststr\u00e6kninger og naturomr\u00e5der er underlagt en r\u00e6kke restriktioner, der begr\u00e6nser, hvordan de kan udnyttes.<\/p>\n<p>&#8211; Derfor skal vi ogs\u00e5 i h\u00f8jere grad se p\u00e5 muligheden af at udnytte de udviklingspotentialer, der findes de steder i Thy, hvor vi ikke er begr\u00e6nset af regler, siger Dorrit K\u00e6rgaard og peger p\u00e5, at den mulighed er der taget h\u00f8jde for i et af pejlem\u00e6rkerne.<\/p>\n<a class=\"dvrt-link\" onClick=\"cdmtrack_click(7877,jQuery(this));return false\" href=\"https:\/\/kunmedierne.dk\/thy\/jobopslag-paa-kunthy-og-kunmors-bliver-vist-paa-begge-medier-til-samme-lave-pris\/\"><img decoding=\"async\" style=\"width:100%;\" src=\"https:\/\/kunmedierne.dk\/thy\/wp-content\/uploads\/sites\/2\/2025\/08\/jobannonce-kunmedierne.jpg\"><\/a><script>cdmtrack_view(7877);<\/script>\n<p>Her understreges, at kommunen &#8220;vil inddrage lokalsamfundene i en proces, der kan underst\u00f8tte grundsyn og pejlem\u00e6rker, for at tr\u00e6kke p\u00e5 lokalsamfundenes udviklingsid\u00e9er og lokalkendskab samt for at indg\u00e5 i dialog om fysisk placering af projekterne.&#8221;<\/p>\n<p>&#8211; Nu er der lagt et spor ud for dem, der vil k\u00f8re i det, men udvikling af turisme har snitflader til den \u00f8vrige erhvervsudvikling i kommunen. Tingene m\u00e5 ikke st\u00e5 i vejen for hinanden, s\u00e5 i det videre arbejde skal andre kommunale forvaltninger inddrages og det samme skal eksterne akt\u00f8rer p\u00e5 omr\u00e5det, siger udvalgsformanden.<\/p>\n<p>P\u00e5 septembers m\u00f8de har Thisted Kommunalbestyrelse sagen p\u00e5 dagsordenen til orientering.<\/p>\n","protected":false},"excerpt":{"rendered":"<p>THY:\u00a0Ambitionerne fejler ikke noget, n\u00e5r det g\u00e6lder mulighederne dels at tiltr\u00e6kke flere turister til Thisted Kommune, dels for at \u00f8ge oms\u00e6tningen fra turismen v\u00e6sentlig i de kommende \u00e5r. Derfor er der nu beskrevet ni pejlem\u00e6rker for, hvordan Thisted Kommune ser turistomr\u00e5det udvikle sig over de kommer for, hvordan det skal sker og hvordan udbyttet af [&hellip;]<\/p>\n","protected":false},"author":4535,"featured_media":0,"comment_status":"closed","ping_status":"closed","sticky":false,"template":"","format":"standard","meta":{"_acf_changed":false,"footnotes":""},"categories":[24],"tags":[66],"class_list":["post-26628","post","type-post","status-publish","format-standard","hentry","category-lokalt","tag-turisme"],"acf":[],"yoast_head":"<!-- This site is optimized with the Yoast SEO plugin v27.7 - https:\/\/yoast.com\/product\/yoast-seo-wordpress\/ -->\n<title>Thisted Kommune: Mere turisme, men ikke for enhver pris - Thy<\/title>\n<meta name=\"robots\" content=\"index, follow, max-snippet:-1, max-image-preview:large, max-video-preview:-1\" \/>\n<link rel=\"canonical\" href=\"https:\/\/kunmedierne.dk\/thy\/thisted-kommune-mere-turisme-men-ikke-for-enhver-pris\/\" \/>\n<meta property=\"og:locale\" content=\"da_DK\" \/>\n<meta property=\"og:type\" content=\"article\" \/>\n<meta property=\"og:title\" content=\"Thisted Kommune: Mere turisme, men ikke for enhver pris - Thy\" \/>\n<meta property=\"og:description\" content=\"THY:\u00a0Ambitionerne fejler ikke noget, n\u00e5r det g\u00e6lder mulighederne dels at tiltr\u00e6kke flere turister til Thisted Kommune, dels for at \u00f8ge oms\u00e6tningen fra turismen v\u00e6sentlig i de kommende \u00e5r. Derfor er der nu beskrevet ni pejlem\u00e6rker for, hvordan Thisted Kommune ser turistomr\u00e5det udvikle sig over de kommer for, hvordan det skal sker og hvordan udbyttet af [&hellip;]\" \/>\n<meta property=\"og:url\" content=\"https:\/\/kunmedierne.dk\/thy\/thisted-kommune-mere-turisme-men-ikke-for-enhver-pris\/\" \/>\n<meta property=\"og:site_name\" content=\"Thy\" \/>\n<meta property=\"article:published_time\" content=\"2026-09-02T12:47:01+00:00\" \/>\n<meta name=\"author\" content=\"Jens Fogh Andersen\" \/>\n<meta name=\"twitter:card\" content=\"summary_large_image\" \/>\n<meta name=\"twitter:label1\" content=\"Skrevet af\" \/>\n\t<meta name=\"twitter:data1\" content=\"Jens Fogh Andersen\" \/>\n\t<meta name=\"twitter:label2\" content=\"Estimeret l\u00e6setid\" \/>\n\t<meta name=\"twitter:data2\" content=\"4 minutter\" \/>\n<script type=\"application\/ld+json\" class=\"yoast-schema-graph\">{\"@context\":\"https:\\\/\\\/schema.org\",\"@graph\":[{\"@type\":\"Article\",\"@id\":\"https:\\\/\\\/kunmedierne.dk\\\/thy\\\/thisted-kommune-mere-turisme-men-ikke-for-enhver-pris\\\/#article\",\"isPartOf\":{\"@id\":\"https:\\\/\\\/kunmedierne.dk\\\/thy\\\/thisted-kommune-mere-turisme-men-ikke-for-enhver-pris\\\/\"},\"author\":{\"name\":\"Jens Fogh Andersen\",\"@id\":\"https:\\\/\\\/kunmedierne.dk\\\/thy\\\/#\\\/schema\\\/person\\\/88f5be46809ca2a5533760eb574fef93\"},\"headline\":\"Thisted Kommune: Mere turisme, men ikke for enhver pris\",\"datePublished\":\"2026-09-02T12:47:01+00:00\",\"mainEntityOfPage\":{\"@id\":\"https:\\\/\\\/kunmedierne.dk\\\/thy\\\/thisted-kommune-mere-turisme-men-ikke-for-enhver-pris\\\/\"},\"wordCount\":919,\"publisher\":{\"@id\":\"https:\\\/\\\/kunmedierne.dk\\\/thy\\\/#organization\"},\"keywords\":[\"Turisme\"],\"articleSection\":[\"Lokalt\"],\"inLanguage\":\"da-DK\"},{\"@type\":\"WebPage\",\"@id\":\"https:\\\/\\\/kunmedierne.dk\\\/thy\\\/thisted-kommune-mere-turisme-men-ikke-for-enhver-pris\\\/\",\"url\":\"https:\\\/\\\/kunmedierne.dk\\\/thy\\\/thisted-kommune-mere-turisme-men-ikke-for-enhver-pris\\\/\",\"name\":\"Thisted Kommune: Mere turisme, men ikke for enhver pris - Thy\",\"isPartOf\":{\"@id\":\"https:\\\/\\\/kunmedierne.dk\\\/thy\\\/#website\"},\"datePublished\":\"2026-09-02T12:47:01+00:00\",\"breadcrumb\":{\"@id\":\"https:\\\/\\\/kunmedierne.dk\\\/thy\\\/thisted-kommune-mere-turisme-men-ikke-for-enhver-pris\\\/#breadcrumb\"},\"inLanguage\":\"da-DK\",\"potentialAction\":[{\"@type\":\"ReadAction\",\"target\":[\"https:\\\/\\\/kunmedierne.dk\\\/thy\\\/thisted-kommune-mere-turisme-men-ikke-for-enhver-pris\\\/\"]}]},{\"@type\":\"BreadcrumbList\",\"@id\":\"https:\\\/\\\/kunmedierne.dk\\\/thy\\\/thisted-kommune-mere-turisme-men-ikke-for-enhver-pris\\\/#breadcrumb\",\"itemListElement\":[{\"@type\":\"ListItem\",\"position\":1,\"name\":\"Home\",\"item\":\"https:\\\/\\\/kunmedierne.dk\\\/thy\\\/\"},{\"@type\":\"ListItem\",\"position\":2,\"name\":\"Thisted Kommune: Mere turisme, men ikke for enhver pris\"}]},{\"@type\":\"WebSite\",\"@id\":\"https:\\\/\\\/kunmedierne.dk\\\/thy\\\/#website\",\"url\":\"https:\\\/\\\/kunmedierne.dk\\\/thy\\\/\",\"name\":\"Thy\",\"description\":\"et netmedie med journalistik om livet i Thy\",\"publisher\":{\"@id\":\"https:\\\/\\\/kunmedierne.dk\\\/thy\\\/#organization\"},\"potentialAction\":[{\"@type\":\"SearchAction\",\"target\":{\"@type\":\"EntryPoint\",\"urlTemplate\":\"https:\\\/\\\/kunmedierne.dk\\\/thy\\\/?s={search_term_string}\"},\"query-input\":{\"@type\":\"PropertyValueSpecification\",\"valueRequired\":true,\"valueName\":\"search_term_string\"}}],\"inLanguage\":\"da-DK\"},{\"@type\":\"Organization\",\"@id\":\"https:\\\/\\\/kunmedierne.dk\\\/thy\\\/#organization\",\"name\":\"Thy\",\"url\":\"https:\\\/\\\/kunmedierne.dk\\\/thy\\\/\",\"logo\":{\"@type\":\"ImageObject\",\"inLanguage\":\"da-DK\",\"@id\":\"https:\\\/\\\/kunmedierne.dk\\\/thy\\\/#\\\/schema\\\/logo\\\/image\\\/\",\"url\":\"https:\\\/\\\/kunmedierne.dk\\\/thy\\\/wp-content\\\/uploads\\\/sites\\\/2\\\/2025\\\/04\\\/kunthy-logo.svg\",\"contentUrl\":\"https:\\\/\\\/kunmedierne.dk\\\/thy\\\/wp-content\\\/uploads\\\/sites\\\/2\\\/2025\\\/04\\\/kunthy-logo.svg\",\"caption\":\"Thy\"},\"image\":{\"@id\":\"https:\\\/\\\/kunmedierne.dk\\\/thy\\\/#\\\/schema\\\/logo\\\/image\\\/\"}},{\"@type\":\"Person\",\"@id\":\"https:\\\/\\\/kunmedierne.dk\\\/thy\\\/#\\\/schema\\\/person\\\/88f5be46809ca2a5533760eb574fef93\",\"name\":\"Jens Fogh Andersen\",\"image\":{\"@type\":\"ImageObject\",\"inLanguage\":\"da-DK\",\"@id\":\"https:\\\/\\\/secure.gravatar.com\\\/avatar\\\/2b367a4ef139b1c41dccc9ee7af926b81f8b4cca3359772e86c7fd5ced26c0a3?s=96&d=mm&r=g\",\"url\":\"https:\\\/\\\/secure.gravatar.com\\\/avatar\\\/2b367a4ef139b1c41dccc9ee7af926b81f8b4cca3359772e86c7fd5ced26c0a3?s=96&d=mm&r=g\",\"contentUrl\":\"https:\\\/\\\/secure.gravatar.com\\\/avatar\\\/2b367a4ef139b1c41dccc9ee7af926b81f8b4cca3359772e86c7fd5ced26c0a3?s=96&d=mm&r=g\",\"caption\":\"Jens Fogh Andersen\"},\"url\":\"https:\\\/\\\/kunmedierne.dk\\\/thy\\\/author\\\/jfa\\\/\"}]}<\/script>\n<!-- \/ Yoast SEO plugin. -->","yoast_head_json":{"title":"Thisted Kommune: Mere turisme, men ikke for enhver pris - Thy","robots":{"index":"index","follow":"follow","max-snippet":"max-snippet:-1","max-image-preview":"max-image-preview:large","max-video-preview":"max-video-preview:-1"},"canonical":"https:\/\/kunmedierne.dk\/thy\/thisted-kommune-mere-turisme-men-ikke-for-enhver-pris\/","og_locale":"da_DK","og_type":"article","og_title":"Thisted Kommune: Mere turisme, men ikke for enhver pris - Thy","og_description":"THY:\u00a0Ambitionerne fejler ikke noget, n\u00e5r det g\u00e6lder mulighederne dels at tiltr\u00e6kke flere turister til Thisted Kommune, dels for at \u00f8ge oms\u00e6tningen fra turismen v\u00e6sentlig i de kommende \u00e5r. Derfor er der nu beskrevet ni pejlem\u00e6rker for, hvordan Thisted Kommune ser turistomr\u00e5det udvikle sig over de kommer for, hvordan det skal sker og hvordan udbyttet af [&hellip;]","og_url":"https:\/\/kunmedierne.dk\/thy\/thisted-kommune-mere-turisme-men-ikke-for-enhver-pris\/","og_site_name":"Thy","article_published_time":"2026-09-02T12:47:01+00:00","author":"Jens Fogh Andersen","twitter_card":"summary_large_image","twitter_misc":{"Skrevet af":"Jens Fogh Andersen","Estimeret l\u00e6setid":"4 minutter"},"schema":{"@context":"https:\/\/schema.org","@graph":[{"@type":"Article","@id":"https:\/\/kunmedierne.dk\/thy\/thisted-kommune-mere-turisme-men-ikke-for-enhver-pris\/#article","isPartOf":{"@id":"https:\/\/kunmedierne.dk\/thy\/thisted-kommune-mere-turisme-men-ikke-for-enhver-pris\/"},"author":{"name":"Jens Fogh Andersen","@id":"https:\/\/kunmedierne.dk\/thy\/#\/schema\/person\/88f5be46809ca2a5533760eb574fef93"},"headline":"Thisted Kommune: Mere turisme, men ikke for enhver pris","datePublished":"2026-09-02T12:47:01+00:00","mainEntityOfPage":{"@id":"https:\/\/kunmedierne.dk\/thy\/thisted-kommune-mere-turisme-men-ikke-for-enhver-pris\/"},"wordCount":919,"publisher":{"@id":"https:\/\/kunmedierne.dk\/thy\/#organization"},"keywords":["Turisme"],"articleSection":["Lokalt"],"inLanguage":"da-DK"},{"@type":"WebPage","@id":"https:\/\/kunmedierne.dk\/thy\/thisted-kommune-mere-turisme-men-ikke-for-enhver-pris\/","url":"https:\/\/kunmedierne.dk\/thy\/thisted-kommune-mere-turisme-men-ikke-for-enhver-pris\/","name":"Thisted Kommune: Mere turisme, men ikke for enhver pris - Thy","isPartOf":{"@id":"https:\/\/kunmedierne.dk\/thy\/#website"},"datePublished":"2026-09-02T12:47:01+00:00","breadcrumb":{"@id":"https:\/\/kunmedierne.dk\/thy\/thisted-kommune-mere-turisme-men-ikke-for-enhver-pris\/#breadcrumb"},"inLanguage":"da-DK","potentialAction":[{"@type":"ReadAction","target":["https:\/\/kunmedierne.dk\/thy\/thisted-kommune-mere-turisme-men-ikke-for-enhver-pris\/"]}]},{"@type":"BreadcrumbList","@id":"https:\/\/kunmedierne.dk\/thy\/thisted-kommune-mere-turisme-men-ikke-for-enhver-pris\/#breadcrumb","itemListElement":[{"@type":"ListItem","position":1,"name":"Home","item":"https:\/\/kunmedierne.dk\/thy\/"},{"@type":"ListItem","position":2,"name":"Thisted Kommune: Mere turisme, men ikke for enhver pris"}]},{"@type":"WebSite","@id":"https:\/\/kunmedierne.dk\/thy\/#website","url":"https:\/\/kunmedierne.dk\/thy\/","name":"Thy","description":"et netmedie med journalistik om livet i Thy","publisher":{"@id":"https:\/\/kunmedierne.dk\/thy\/#organization"},"potentialAction":[{"@type":"SearchAction","target":{"@type":"EntryPoint","urlTemplate":"https:\/\/kunmedierne.dk\/thy\/?s={search_term_string}"},"query-input":{"@type":"PropertyValueSpecification","valueRequired":true,"valueName":"search_term_string"}}],"inLanguage":"da-DK"},{"@type":"Organization","@id":"https:\/\/kunmedierne.dk\/thy\/#organization","name":"Thy","url":"https:\/\/kunmedierne.dk\/thy\/","logo":{"@type":"ImageObject","inLanguage":"da-DK","@id":"https:\/\/kunmedierne.dk\/thy\/#\/schema\/logo\/image\/","url":"https:\/\/kunmedierne.dk\/thy\/wp-content\/uploads\/sites\/2\/2025\/04\/kunthy-logo.svg","contentUrl":"https:\/\/kunmedierne.dk\/thy\/wp-content\/uploads\/sites\/2\/2025\/04\/kunthy-logo.svg","caption":"Thy"},"image":{"@id":"https:\/\/kunmedierne.dk\/thy\/#\/schema\/logo\/image\/"}},{"@type":"Person","@id":"https:\/\/kunmedierne.dk\/thy\/#\/schema\/person\/88f5be46809ca2a5533760eb574fef93","name":"Jens Fogh Andersen","image":{"@type":"ImageObject","inLanguage":"da-DK","@id":"https:\/\/secure.gravatar.com\/avatar\/2b367a4ef139b1c41dccc9ee7af926b81f8b4cca3359772e86c7fd5ced26c0a3?s=96&d=mm&r=g","url":"https:\/\/secure.gravatar.com\/avatar\/2b367a4ef139b1c41dccc9ee7af926b81f8b4cca3359772e86c7fd5ced26c0a3?s=96&d=mm&r=g","contentUrl":"https:\/\/secure.gravatar.com\/avatar\/2b367a4ef139b1c41dccc9ee7af926b81f8b4cca3359772e86c7fd5ced26c0a3?s=96&d=mm&r=g","caption":"Jens Fogh Andersen"},"url":"https:\/\/kunmedierne.dk\/thy\/author\/jfa\/"}]}},"_links":{"self":[{"href":"https:\/\/kunmedierne.dk\/thy\/wp-json\/wp\/v2\/posts\/26628","targetHints":{"allow":["GET"]}}],"collection":[{"href":"https:\/\/kunmedierne.dk\/thy\/wp-json\/wp\/v2\/posts"}],"about":[{"href":"https:\/\/kunmedierne.dk\/thy\/wp-json\/wp\/v2\/types\/post"}],"author":[{"embeddable":true,"href":"https:\/\/kunmedierne.dk\/thy\/wp-json\/wp\/v2\/users\/4535"}],"replies":[{"embeddable":true,"href":"https:\/\/kunmedierne.dk\/thy\/wp-json\/wp\/v2\/comments?post=26628"}],"version-history":[{"count":8,"href":"https:\/\/kunmedierne.dk\/thy\/wp-json\/wp\/v2\/posts\/26628\/revisions"}],"predecessor-version":[{"id":26738,"href":"https:\/\/kunmedierne.dk\/thy\/wp-json\/wp\/v2\/posts\/26628\/revisions\/26738"}],"wp:attachment":[{"href":"https:\/\/kunmedierne.dk\/thy\/wp-json\/wp\/v2\/media?parent=26628"}],"wp:term":[{"taxonomy":"category","embeddable":true,"href":"https:\/\/kunmedierne.dk\/thy\/wp-json\/wp\/v2\/categories?post=26628"},{"taxonomy":"post_tag","embeddable":true,"href":"https:\/\/kunmedierne.dk\/thy\/wp-json\/wp\/v2\/tags?post=26628"}],"curies":[{"name":"wp","href":"https:\/\/api.w.org\/{rel}","templated":true}]}}