{"id":26626,"date":"2026-09-01T17:16:27","date_gmt":"2026-09-01T15:16:27","guid":{"rendered":"https:\/\/kunmedierne.dk\/thy\/?p=26626"},"modified":"2026-09-01T11:57:00","modified_gmt":"2026-09-01T09:57:00","slug":"ukrainere-i-thy-vi-vil-gerne-have-dem","status":"publish","type":"post","link":"https:\/\/kunmedierne.dk\/thy\/ukrainere-i-thy-vi-vil-gerne-have-dem\/","title":{"rendered":"<span>Ukrainere i Thy: <\/span>Vi vil gerne have dem"},"content":{"rendered":"<p><strong>THY:\u00a0<\/strong>Thisted Kommune har l\u00f8st opgave med at modtage sin del af de ukrainere, der er flygtet fra krigen i Ukraine og som i \u00f8jeblikket opholder sig i Danmark, fordi de har f\u00e5et midlertidig opholdstilladelse efter den s\u00e5kaldte &#8220;ukrainerlov&#8221;.<\/p>\n<p>&#8211; Vi vil gerne have ukrainerne, og hvad der har v\u00e6ret af problemer ved at modtage den, er l\u00f8st, siger Dorrit K\u00e6rgaard, DD, formand for kommunens udvalg for erhverv-, arbejdsmarked-, turisme- og landdistrikter. Udvalget fik p\u00e5 sit seneste m\u00f8de en orientering om, hvordan de ukrainske krigsflygtninge er fordelt blandt landets kommuner.<\/p>\n<a class=\"dvrt-link\" onClick=\"cdmtrack_click(685,jQuery(this));return false\" href=\"https:\/\/wensien.dk\/begravelse\/?gad_source=1&gclid=Cj0KCQjwtJ6_BhDWARIsAGanmKcWw6hbeoepGti1oApJGHln52gMbg8EBRZ86__3P1AJZ5dcsw4ZvNEaAk7JEALw_wcB\"><img decoding=\"async\" style=\"width:100%;\" src=\"https:\/\/kunmedierne.dk\/thy\/wp-content\/uploads\/sites\/2\/2025\/03\/wensien-stenhugger.jpg\"><\/a><script>cdmtrack_view(685);<\/script>\n<p>I f\u00f8lge de seneste tal fra Udl\u00e6ndingestyrelsen er Thisted Kommune tildelt 523 ukrainere med midlertidig opholdstilladelse og kan i en kommende tildelingsrunde f\u00e5 yderligere 70. Med udgangen af august var 70.672 ukrainere visiteret til en boligplacering i en af landets kommuner, viser styrelsens tal.<\/p>\n<p>&#8211; Som tingene ser ud lige nu, har vi ingen problemer med at modtage ukrainerne og finde bolig til dem. N\u00e5r det g\u00e6lder boliger, havde vi en midlertidig flaskehals omkring \u00e5rsskiftet 2025-26, men den er v\u00e6k, siger Dorrit K\u00e6rgaard.<\/p>\n<p>Udvalgsformanden fremh\u00e6ver ogs\u00e5, at der blandt de ukrainere, som allerede er i kommunen, er h\u00f8j aktivitet n\u00e5r det g\u00e6lder enten at v\u00e6re i arbejde eller deltage i uddannelses- eller praktikforl\u00f8b.<\/p>\n<p>&#8211; 100 procent af de ukrainere, som enten kan varetage et arbejde eller som kan deltage i undervisnings- eller praktikforl\u00f8b, g\u00f8r det. Det er vi stolte af, men det viser, at kommunens indsats p\u00e5 omr\u00e5det virker, siger Dorrit K\u00e6rgaard.<\/p>\n<a class=\"dvrt-link\" onClick=\"cdmtrack_click(25762,jQuery(this));return false\" href=\"https:\/\/www.facebook.com\/profile.php?id=100049901895340\"><img decoding=\"async\" style=\"width:100%;\" src=\"https:\/\/kunmedierne.dk\/thy\/wp-content\/uploads\/sites\/2\/2026\/08\/260831Morsoebil2Animation-3steps-1.gif\"><\/a><script>cdmtrack_view(25762);<\/script>\n<p>Udvalget blev orienteret om sagen stort set samtidig med, at en gruppe jyske borgmester 31. august holdt m\u00f8de med udl\u00e6ndinge- og integrationsminister Morgen B\u00f8dskov, S.<\/p>\n<p class=\"ArticleBody_paragraphNode__bagp_\">M\u00f8det kom efter, at fem jyske borgmestre havde kritiseret regeringen for at ville begr\u00e6nse antallet af ukrainere, som fremover kan s\u00f8ge midlertidig opholdstilladelse efter ukrainerloven. Udspillet fra regeringen kommer efter at flere kommuner i hovedstadsomr\u00e5det ser sig presset af antallet af ukrainske flygtninge.<\/p>\n<p>Borgmestrene fra Skive, Vesthimmerland, Lemvig, Br\u00f8nderslev og Frederikshavn ser anderledes p\u00e5 den sag. De vil gerne modtage flere ukrainske flygtninge, som kan medvirke til at d\u00e6kke kommunernes behov for arbejdskraft.<\/p>\n<p>Ogs\u00e5 Thisted Kommune mangler arbejdskraft og vil med m\u00e5lrettet rekruttering s\u00f8ge at tiltr\u00e6kke 3000 personer fra blandt andet Tyskland dels til at d\u00e6kke behovet for arbejdskraft, dels som del af indsatsen for at skabe \u00f8ge bos\u00e6tning i kommunen.<\/p>\n<a class=\"dvrt-link\" onClick=\"cdmtrack_click(683,jQuery(this));return false\" href=\"https:\/\/vester-begr.dk\/?utm_source=google&amp;utm_medium=advative&amp;gad_source=1&amp;gclid=Cj0KCQjwtJ6_BhDWARIsAGanmKfl-hGVVjCYiOgSKoGoxrow4kvXybZsnruKJYTslvqZDywT6a9PCQwaAmBjEALw_wcB\"><img decoding=\"async\" style=\"width:100%;\" src=\"https:\/\/kunmedierne.dk\/thy\/wp-content\/uploads\/sites\/2\/2025\/03\/260203VesterHoukaer-02022026.jpg\"><\/a><script>cdmtrack_view(683);<\/script>\n<p>Dorrit K\u00e6rgaard mener imidlertid ikke umiddelbart, at det er i gruppen af ukrainere med midlertidigt ophold i kommunen, at der skal rekrutteres fremtidig arbejdskr\u00e6ft.<\/p>\n<p>&#8211; I udgangspunktet m\u00e5 vi holde os til, at ukrainerne er her i kraft en en s\u00e6rlov, som er midlertidig. Vi m\u00e5 regne med, at de vender hjem, n\u00e5r krigen p\u00e5 et tidspunkt er slut, men selvf\u00f8lgelig kan vi ikke vide, om nogen af dem falder s\u00e5 godt til hos os, ogs\u00e5 n\u00e5r vi taler arbejde, at de v\u00e6lger at blive, siger Dorrit K\u00e6rgaard, som peger p\u00e5, at kommunens indsats for at tiltr\u00e6kke arbejdskraft og skabe bos\u00e6tning har et andet fokus.<\/p>\n<p>&#8211; Vi kender det fremtidige behov for arbejdskraft, og vi ved, det vil kr\u00e6ve en indsats for at d\u00e6kke det. Blandt andet ved at \u00f8ge interessen for at bos\u00e6tte sig i kommunen og her ser vi nok ind i en fremtid, hvor vi skal tiltr\u00e6kken repr\u00e6sentanter for en generation med en helt andet tilgang til, hvordan de vil se deres arbejds- og familieliv end det, vi hidtil har set.<\/p>\n","protected":false},"excerpt":{"rendered":"<p>THY:\u00a0Thisted Kommune har l\u00f8st opgave med at modtage sin del af de ukrainere, der er flygtet fra krigen i Ukraine og som i \u00f8jeblikket opholder sig i Danmark, fordi de har f\u00e5et midlertidig opholdstilladelse efter den s\u00e5kaldte &#8220;ukrainerlov&#8221;. &#8211; Vi vil gerne have ukrainerne, og hvad der har v\u00e6ret af problemer ved at modtage den, [&hellip;]<\/p>\n","protected":false},"author":4535,"featured_media":0,"comment_status":"closed","ping_status":"closed","sticky":false,"template":"","format":"standard","meta":{"_acf_changed":false,"footnotes":""},"categories":[24],"tags":[72],"class_list":["post-26626","post","type-post","status-publish","format-standard","hentry","category-lokalt","tag-arbejdsmarked"],"acf":[],"yoast_head":"<!-- This site is optimized with the Yoast SEO plugin v27.7 - https:\/\/yoast.com\/product\/yoast-seo-wordpress\/ -->\n<title>Ukrainere i Thy: Vi vil gerne have dem - Thy<\/title>\n<meta name=\"robots\" content=\"index, follow, max-snippet:-1, max-image-preview:large, max-video-preview:-1\" \/>\n<link rel=\"canonical\" href=\"https:\/\/kunmedierne.dk\/thy\/ukrainere-i-thy-vi-vil-gerne-have-dem\/\" \/>\n<meta property=\"og:locale\" content=\"da_DK\" \/>\n<meta property=\"og:type\" content=\"article\" \/>\n<meta property=\"og:title\" content=\"Ukrainere i Thy: Vi vil gerne have dem - Thy\" \/>\n<meta property=\"og:description\" content=\"THY:\u00a0Thisted Kommune har l\u00f8st opgave med at modtage sin del af de ukrainere, der er flygtet fra krigen i Ukraine og som i \u00f8jeblikket opholder sig i Danmark, fordi de har f\u00e5et midlertidig opholdstilladelse efter den s\u00e5kaldte &#8220;ukrainerlov&#8221;. &#8211; Vi vil gerne have ukrainerne, og hvad der har v\u00e6ret af problemer ved at modtage den, [&hellip;]\" \/>\n<meta property=\"og:url\" content=\"https:\/\/kunmedierne.dk\/thy\/ukrainere-i-thy-vi-vil-gerne-have-dem\/\" \/>\n<meta property=\"og:site_name\" content=\"Thy\" \/>\n<meta property=\"article:published_time\" content=\"2026-09-01T15:16:27+00:00\" \/>\n<meta name=\"author\" content=\"Jens Fogh Andersen\" \/>\n<meta name=\"twitter:card\" content=\"summary_large_image\" \/>\n<meta name=\"twitter:label1\" content=\"Skrevet af\" \/>\n\t<meta name=\"twitter:data1\" content=\"Jens Fogh Andersen\" \/>\n\t<meta name=\"twitter:label2\" content=\"Estimeret l\u00e6setid\" \/>\n\t<meta name=\"twitter:data2\" content=\"4 minutter\" \/>\n<script type=\"application\/ld+json\" class=\"yoast-schema-graph\">{\"@context\":\"https:\\\/\\\/schema.org\",\"@graph\":[{\"@type\":\"Article\",\"@id\":\"https:\\\/\\\/kunmedierne.dk\\\/thy\\\/ukrainere-i-thy-vi-vil-gerne-have-dem\\\/#article\",\"isPartOf\":{\"@id\":\"https:\\\/\\\/kunmedierne.dk\\\/thy\\\/ukrainere-i-thy-vi-vil-gerne-have-dem\\\/\"},\"author\":{\"name\":\"Jens Fogh Andersen\",\"@id\":\"https:\\\/\\\/kunmedierne.dk\\\/thy\\\/#\\\/schema\\\/person\\\/88f5be46809ca2a5533760eb574fef93\"},\"headline\":\"Ukrainere i Thy: Vi vil gerne have dem\",\"datePublished\":\"2026-09-01T15:16:27+00:00\",\"mainEntityOfPage\":{\"@id\":\"https:\\\/\\\/kunmedierne.dk\\\/thy\\\/ukrainere-i-thy-vi-vil-gerne-have-dem\\\/\"},\"wordCount\":612,\"publisher\":{\"@id\":\"https:\\\/\\\/kunmedierne.dk\\\/thy\\\/#organization\"},\"keywords\":[\"Arbejdsmarked\"],\"articleSection\":[\"Lokalt\"],\"inLanguage\":\"da-DK\"},{\"@type\":\"WebPage\",\"@id\":\"https:\\\/\\\/kunmedierne.dk\\\/thy\\\/ukrainere-i-thy-vi-vil-gerne-have-dem\\\/\",\"url\":\"https:\\\/\\\/kunmedierne.dk\\\/thy\\\/ukrainere-i-thy-vi-vil-gerne-have-dem\\\/\",\"name\":\"Ukrainere i Thy: Vi vil gerne have dem - Thy\",\"isPartOf\":{\"@id\":\"https:\\\/\\\/kunmedierne.dk\\\/thy\\\/#website\"},\"datePublished\":\"2026-09-01T15:16:27+00:00\",\"breadcrumb\":{\"@id\":\"https:\\\/\\\/kunmedierne.dk\\\/thy\\\/ukrainere-i-thy-vi-vil-gerne-have-dem\\\/#breadcrumb\"},\"inLanguage\":\"da-DK\",\"potentialAction\":[{\"@type\":\"ReadAction\",\"target\":[\"https:\\\/\\\/kunmedierne.dk\\\/thy\\\/ukrainere-i-thy-vi-vil-gerne-have-dem\\\/\"]}]},{\"@type\":\"BreadcrumbList\",\"@id\":\"https:\\\/\\\/kunmedierne.dk\\\/thy\\\/ukrainere-i-thy-vi-vil-gerne-have-dem\\\/#breadcrumb\",\"itemListElement\":[{\"@type\":\"ListItem\",\"position\":1,\"name\":\"Home\",\"item\":\"https:\\\/\\\/kunmedierne.dk\\\/thy\\\/\"},{\"@type\":\"ListItem\",\"position\":2,\"name\":\"Ukrainere i Thy: Vi vil gerne have dem\"}]},{\"@type\":\"WebSite\",\"@id\":\"https:\\\/\\\/kunmedierne.dk\\\/thy\\\/#website\",\"url\":\"https:\\\/\\\/kunmedierne.dk\\\/thy\\\/\",\"name\":\"Thy\",\"description\":\"et netmedie med journalistik om livet i Thy\",\"publisher\":{\"@id\":\"https:\\\/\\\/kunmedierne.dk\\\/thy\\\/#organization\"},\"potentialAction\":[{\"@type\":\"SearchAction\",\"target\":{\"@type\":\"EntryPoint\",\"urlTemplate\":\"https:\\\/\\\/kunmedierne.dk\\\/thy\\\/?s={search_term_string}\"},\"query-input\":{\"@type\":\"PropertyValueSpecification\",\"valueRequired\":true,\"valueName\":\"search_term_string\"}}],\"inLanguage\":\"da-DK\"},{\"@type\":\"Organization\",\"@id\":\"https:\\\/\\\/kunmedierne.dk\\\/thy\\\/#organization\",\"name\":\"Thy\",\"url\":\"https:\\\/\\\/kunmedierne.dk\\\/thy\\\/\",\"logo\":{\"@type\":\"ImageObject\",\"inLanguage\":\"da-DK\",\"@id\":\"https:\\\/\\\/kunmedierne.dk\\\/thy\\\/#\\\/schema\\\/logo\\\/image\\\/\",\"url\":\"https:\\\/\\\/kunmedierne.dk\\\/thy\\\/wp-content\\\/uploads\\\/sites\\\/2\\\/2025\\\/04\\\/kunthy-logo.svg\",\"contentUrl\":\"https:\\\/\\\/kunmedierne.dk\\\/thy\\\/wp-content\\\/uploads\\\/sites\\\/2\\\/2025\\\/04\\\/kunthy-logo.svg\",\"caption\":\"Thy\"},\"image\":{\"@id\":\"https:\\\/\\\/kunmedierne.dk\\\/thy\\\/#\\\/schema\\\/logo\\\/image\\\/\"}},{\"@type\":\"Person\",\"@id\":\"https:\\\/\\\/kunmedierne.dk\\\/thy\\\/#\\\/schema\\\/person\\\/88f5be46809ca2a5533760eb574fef93\",\"name\":\"Jens Fogh Andersen\",\"image\":{\"@type\":\"ImageObject\",\"inLanguage\":\"da-DK\",\"@id\":\"https:\\\/\\\/secure.gravatar.com\\\/avatar\\\/2b367a4ef139b1c41dccc9ee7af926b81f8b4cca3359772e86c7fd5ced26c0a3?s=96&d=mm&r=g\",\"url\":\"https:\\\/\\\/secure.gravatar.com\\\/avatar\\\/2b367a4ef139b1c41dccc9ee7af926b81f8b4cca3359772e86c7fd5ced26c0a3?s=96&d=mm&r=g\",\"contentUrl\":\"https:\\\/\\\/secure.gravatar.com\\\/avatar\\\/2b367a4ef139b1c41dccc9ee7af926b81f8b4cca3359772e86c7fd5ced26c0a3?s=96&d=mm&r=g\",\"caption\":\"Jens Fogh Andersen\"},\"url\":\"https:\\\/\\\/kunmedierne.dk\\\/thy\\\/author\\\/jfa\\\/\"}]}<\/script>\n<!-- \/ Yoast SEO plugin. -->","yoast_head_json":{"title":"Ukrainere i Thy: Vi vil gerne have dem - Thy","robots":{"index":"index","follow":"follow","max-snippet":"max-snippet:-1","max-image-preview":"max-image-preview:large","max-video-preview":"max-video-preview:-1"},"canonical":"https:\/\/kunmedierne.dk\/thy\/ukrainere-i-thy-vi-vil-gerne-have-dem\/","og_locale":"da_DK","og_type":"article","og_title":"Ukrainere i Thy: Vi vil gerne have dem - Thy","og_description":"THY:\u00a0Thisted Kommune har l\u00f8st opgave med at modtage sin del af de ukrainere, der er flygtet fra krigen i Ukraine og som i \u00f8jeblikket opholder sig i Danmark, fordi de har f\u00e5et midlertidig opholdstilladelse efter den s\u00e5kaldte &#8220;ukrainerlov&#8221;. &#8211; Vi vil gerne have ukrainerne, og hvad der har v\u00e6ret af problemer ved at modtage den, [&hellip;]","og_url":"https:\/\/kunmedierne.dk\/thy\/ukrainere-i-thy-vi-vil-gerne-have-dem\/","og_site_name":"Thy","article_published_time":"2026-09-01T15:16:27+00:00","author":"Jens Fogh Andersen","twitter_card":"summary_large_image","twitter_misc":{"Skrevet af":"Jens Fogh Andersen","Estimeret l\u00e6setid":"4 minutter"},"schema":{"@context":"https:\/\/schema.org","@graph":[{"@type":"Article","@id":"https:\/\/kunmedierne.dk\/thy\/ukrainere-i-thy-vi-vil-gerne-have-dem\/#article","isPartOf":{"@id":"https:\/\/kunmedierne.dk\/thy\/ukrainere-i-thy-vi-vil-gerne-have-dem\/"},"author":{"name":"Jens Fogh Andersen","@id":"https:\/\/kunmedierne.dk\/thy\/#\/schema\/person\/88f5be46809ca2a5533760eb574fef93"},"headline":"Ukrainere i Thy: Vi vil gerne have dem","datePublished":"2026-09-01T15:16:27+00:00","mainEntityOfPage":{"@id":"https:\/\/kunmedierne.dk\/thy\/ukrainere-i-thy-vi-vil-gerne-have-dem\/"},"wordCount":612,"publisher":{"@id":"https:\/\/kunmedierne.dk\/thy\/#organization"},"keywords":["Arbejdsmarked"],"articleSection":["Lokalt"],"inLanguage":"da-DK"},{"@type":"WebPage","@id":"https:\/\/kunmedierne.dk\/thy\/ukrainere-i-thy-vi-vil-gerne-have-dem\/","url":"https:\/\/kunmedierne.dk\/thy\/ukrainere-i-thy-vi-vil-gerne-have-dem\/","name":"Ukrainere i Thy: Vi vil gerne have dem - Thy","isPartOf":{"@id":"https:\/\/kunmedierne.dk\/thy\/#website"},"datePublished":"2026-09-01T15:16:27+00:00","breadcrumb":{"@id":"https:\/\/kunmedierne.dk\/thy\/ukrainere-i-thy-vi-vil-gerne-have-dem\/#breadcrumb"},"inLanguage":"da-DK","potentialAction":[{"@type":"ReadAction","target":["https:\/\/kunmedierne.dk\/thy\/ukrainere-i-thy-vi-vil-gerne-have-dem\/"]}]},{"@type":"BreadcrumbList","@id":"https:\/\/kunmedierne.dk\/thy\/ukrainere-i-thy-vi-vil-gerne-have-dem\/#breadcrumb","itemListElement":[{"@type":"ListItem","position":1,"name":"Home","item":"https:\/\/kunmedierne.dk\/thy\/"},{"@type":"ListItem","position":2,"name":"Ukrainere i Thy: Vi vil gerne have dem"}]},{"@type":"WebSite","@id":"https:\/\/kunmedierne.dk\/thy\/#website","url":"https:\/\/kunmedierne.dk\/thy\/","name":"Thy","description":"et netmedie med journalistik om livet i Thy","publisher":{"@id":"https:\/\/kunmedierne.dk\/thy\/#organization"},"potentialAction":[{"@type":"SearchAction","target":{"@type":"EntryPoint","urlTemplate":"https:\/\/kunmedierne.dk\/thy\/?s={search_term_string}"},"query-input":{"@type":"PropertyValueSpecification","valueRequired":true,"valueName":"search_term_string"}}],"inLanguage":"da-DK"},{"@type":"Organization","@id":"https:\/\/kunmedierne.dk\/thy\/#organization","name":"Thy","url":"https:\/\/kunmedierne.dk\/thy\/","logo":{"@type":"ImageObject","inLanguage":"da-DK","@id":"https:\/\/kunmedierne.dk\/thy\/#\/schema\/logo\/image\/","url":"https:\/\/kunmedierne.dk\/thy\/wp-content\/uploads\/sites\/2\/2025\/04\/kunthy-logo.svg","contentUrl":"https:\/\/kunmedierne.dk\/thy\/wp-content\/uploads\/sites\/2\/2025\/04\/kunthy-logo.svg","caption":"Thy"},"image":{"@id":"https:\/\/kunmedierne.dk\/thy\/#\/schema\/logo\/image\/"}},{"@type":"Person","@id":"https:\/\/kunmedierne.dk\/thy\/#\/schema\/person\/88f5be46809ca2a5533760eb574fef93","name":"Jens Fogh Andersen","image":{"@type":"ImageObject","inLanguage":"da-DK","@id":"https:\/\/secure.gravatar.com\/avatar\/2b367a4ef139b1c41dccc9ee7af926b81f8b4cca3359772e86c7fd5ced26c0a3?s=96&d=mm&r=g","url":"https:\/\/secure.gravatar.com\/avatar\/2b367a4ef139b1c41dccc9ee7af926b81f8b4cca3359772e86c7fd5ced26c0a3?s=96&d=mm&r=g","contentUrl":"https:\/\/secure.gravatar.com\/avatar\/2b367a4ef139b1c41dccc9ee7af926b81f8b4cca3359772e86c7fd5ced26c0a3?s=96&d=mm&r=g","caption":"Jens Fogh Andersen"},"url":"https:\/\/kunmedierne.dk\/thy\/author\/jfa\/"}]}},"_links":{"self":[{"href":"https:\/\/kunmedierne.dk\/thy\/wp-json\/wp\/v2\/posts\/26626","targetHints":{"allow":["GET"]}}],"collection":[{"href":"https:\/\/kunmedierne.dk\/thy\/wp-json\/wp\/v2\/posts"}],"about":[{"href":"https:\/\/kunmedierne.dk\/thy\/wp-json\/wp\/v2\/types\/post"}],"author":[{"embeddable":true,"href":"https:\/\/kunmedierne.dk\/thy\/wp-json\/wp\/v2\/users\/4535"}],"replies":[{"embeddable":true,"href":"https:\/\/kunmedierne.dk\/thy\/wp-json\/wp\/v2\/comments?post=26626"}],"version-history":[{"count":4,"href":"https:\/\/kunmedierne.dk\/thy\/wp-json\/wp\/v2\/posts\/26626\/revisions"}],"predecessor-version":[{"id":26679,"href":"https:\/\/kunmedierne.dk\/thy\/wp-json\/wp\/v2\/posts\/26626\/revisions\/26679"}],"wp:attachment":[{"href":"https:\/\/kunmedierne.dk\/thy\/wp-json\/wp\/v2\/media?parent=26626"}],"wp:term":[{"taxonomy":"category","embeddable":true,"href":"https:\/\/kunmedierne.dk\/thy\/wp-json\/wp\/v2\/categories?post=26626"},{"taxonomy":"post_tag","embeddable":true,"href":"https:\/\/kunmedierne.dk\/thy\/wp-json\/wp\/v2\/tags?post=26626"}],"curies":[{"name":"wp","href":"https:\/\/api.w.org\/{rel}","templated":true}]}}