{"id":26591,"date":"2026-08-31T13:08:11","date_gmt":"2026-08-31T11:08:11","guid":{"rendered":"https:\/\/kunmedierne.dk\/thy\/?p=26591"},"modified":"2026-08-31T13:08:11","modified_gmt":"2026-08-31T11:08:11","slug":"sparekasserne-i-thy-storebror-og-lillebror-viser-begge-paene-halvaarsregnskaber","status":"publish","type":"post","link":"https:\/\/kunmedierne.dk\/thy\/sparekasserne-i-thy-storebror-og-lillebror-viser-begge-paene-halvaarsregnskaber\/","title":{"rendered":"<span>Sparekasserne i Thy<\/span>: Storebror og lillebror viser begge p\u00e6ne halv\u00e5rsregnskaber"},"content":{"rendered":"<p><strong>THY:<\/strong> Sparekassen Thy har netop offentliggjort sit halv\u00e5rsregnskab for 2026, der viser 131,8 mio. kr. f\u00f8r skat.<\/p>\n<p>Det er en minimal nedgang fra de 132,7 mio. kr. , der stod i halv\u00e5rsregnskabet for koncernen i 2025.<\/p>\n<p>&#8211; Vi er meget tilfredse med udviklingen i f\u00f8rste halv\u00e5r. Vi f\u00f8lger de planer, vi har lagt, og vi kan se, at kunderne i stadig h\u00f8jere grad tilv\u00e6lger vores m\u00e5de at drive bank p\u00e5, samtidig med at vores eksisterende kunder bruger os til mere, siger direkt\u00f8r Ole Beith i en pressemeddelelse.<\/p>\n<a class=\"dvrt-link\" onClick=\"cdmtrack_click(685,jQuery(this));return false\" href=\"https:\/\/wensien.dk\/begravelse\/?gad_source=1&gclid=Cj0KCQjwtJ6_BhDWARIsAGanmKcWw6hbeoepGti1oApJGHln52gMbg8EBRZ86__3P1AJZ5dcsw4ZvNEaAk7JEALw_wcB\"><img decoding=\"async\" style=\"width:100%;\" src=\"https:\/\/kunmedierne.dk\/thy\/wp-content\/uploads\/sites\/2\/2025\/03\/wensien-stenhugger.jpg\"><\/a><script>cdmtrack_view(685);<\/script>\n<p>Sparekassen Thy oplever s\u00e6rligt tilgang af kunder fra de st\u00f8rste banker, hvilket if\u00f8lge Ole Beith understreger, at der fortsat er stor eftersp\u00f8rgsel efter n\u00e6rv\u00e6rende r\u00e5dgivning og lokale beslutninger.<\/p>\n<p>\u2013 Selvom banksektoren bliver mere koncentreret, oplever vi, at mange kunder s\u00f8ger et alternativ. De \u00f8nsker n\u00e6rhed, tilg\u00e6ngelighed og personlig r\u00e5dgivning. Det er klassiske sparekassev\u00e6rdier, som vi oplever stor eftersp\u00f8rgsel p\u00e5, afslutter Ole Beith.<\/p>\n<p>Sparekassen Thy er nu selv blandt Danmarks 15 st\u00f8rste banker.<\/p>\n<a class=\"dvrt-link\" onClick=\"cdmtrack_click(7877,jQuery(this));return false\" href=\"https:\/\/kunmedierne.dk\/thy\/jobopslag-paa-kunthy-og-kunmors-bliver-vist-paa-begge-medier-til-samme-lave-pris\/\"><img decoding=\"async\" style=\"width:100%;\" src=\"https:\/\/kunmedierne.dk\/thy\/wp-content\/uploads\/sites\/2\/2025\/08\/jobannonce-kunmedierne.jpg\"><\/a><script>cdmtrack_view(7877);<\/script>\n<p>Sparekassens samlede forretningsomfang udg\u00f8r ved halv\u00e5rets udgang 48,3 mia. kr., svarende til en\u00a0stigning p\u00e5 5% i forhold til 31. december 2025.<\/p>\n<p>S\u00f8nderh\u00e5-H\u00f8rsted Sparekasse er blandt de mindre selvst\u00e6ndige pengeinstitutter, hvilket ogs\u00e5 afspejler sig i tallene.<\/p>\n<p>Halv\u00e5rsregnskabet viser her et resultat p\u00e5 6,4 mio. kr. f\u00f8r skat &#8211; mod 6,2 mio. kr. i 1. halv\u00e5r 2025.<\/p>\n<p>&#8220;Taget det faldende renteniveau i betragtning vurderer ledelsen resultatet som v\u00e6rende tilfredsstillende&#8221;, st\u00e5r der i ledelsesberetningen fra S\u00f8nderh\u00e5-H\u00f8rsted Sparekasse.<\/p>\n<a class=\"dvrt-link\" onClick=\"cdmtrack_click(7877,jQuery(this));return false\" href=\"https:\/\/kunmedierne.dk\/thy\/jobopslag-paa-kunthy-og-kunmors-bliver-vist-paa-begge-medier-til-samme-lave-pris\/\"><img decoding=\"async\" style=\"width:100%;\" src=\"https:\/\/kunmedierne.dk\/thy\/wp-content\/uploads\/sites\/2\/2025\/08\/jobannonce-kunmedierne.jpg\"><\/a><script>cdmtrack_view(7877);<\/script>\n<p>Videre hedder det:<\/p>\n<p>&#8220;Sparekassens generelle \u00f8konomiske forhold m\u00e5 betegnes som stabile. Sparekassen er ikke involveret i store ejendomsprojekter og ingen brancher er overrepr\u00e6senterede, ligesom udl\u00e5nsportef\u00f8ljen overvejende bygger p\u00e5 private kunder.<\/p>\n<p>Forretningsomfang med kunderne \u2013 m\u00e5lt p\u00e5 udl\u00e5n og garantier &#8211; fordeler sig med 73,9% p\u00e5 privatkunder og 26,1% p\u00e5 erhvervskunder, heraf 9,0% p\u00e5 landbrug&#8221;.<\/p>\n<p>Udl\u00e5n er p\u00e5 404,8 mio. kr.<\/p>\n<p>S\u00f8nderh\u00e5-H\u00f8rsted Sparekasse har 16 heltidsansatte, og der planl\u00e6gges indretning af bedre arbejdspladser til dem.<\/p>\n<a class=\"dvrt-link\" onClick=\"cdmtrack_click(18790,jQuery(this));return false\" href=\"https:\/\/thymors.dk\/for-lokalsamfundet\/sponsorater\/?utm_source=kunthy&amp;utm_medium=annonce&amp;utm_campaign=sponsorater \"><img decoding=\"async\" style=\"width:100%;\" src=\"https:\/\/kunmedierne.dk\/thy\/wp-content\/uploads\/sites\/2\/2026\/03\/260407ThyMors-energi_faellesskab_generel-1.jpg\"><\/a><script>cdmtrack_view(18790);<\/script>\n<p>&#8211; P\u00e5 grund af de eksisterende fysiske rammer er utilstr\u00e6kkelige i forhold til antallet af medarbejdere, er der planer om at foretage en om- og tilbygning af Sparekassens ejendom i S\u00f8nderh\u00e5. Dette forventes igangsat i efter\u00e5ret 2026, fremg\u00e5r det af halv\u00e5rsrapporten.<\/p>\n<p>Sparekassen Thy havde 1. september sidste \u00e5r 314 medarbejdere og har 12 filialer udover domicilet i Thisted &#8211; senest har Sparekassen Thy \u00e5bnet en afdeling i Aalborg.<\/p>\n<p>&nbsp;<\/p>\n","protected":false},"excerpt":{"rendered":"<p>THY: Sparekassen Thy har netop offentliggjort sit halv\u00e5rsregnskab for 2026, der viser 131,8 mio. kr. f\u00f8r skat. Det er en minimal nedgang fra de 132,7 mio. kr. , der stod i halv\u00e5rsregnskabet for koncernen i 2025. &#8211; Vi er meget tilfredse med udviklingen i f\u00f8rste halv\u00e5r. Vi f\u00f8lger de planer, vi har lagt, og vi [&hellip;]<\/p>\n","protected":false},"author":1925,"featured_media":0,"comment_status":"closed","ping_status":"closed","sticky":false,"template":"","format":"standard","meta":{"_acf_changed":false,"footnotes":""},"categories":[24],"tags":[50,71],"class_list":["post-26591","post","type-post","status-publish","format-standard","hentry","category-lokalt","tag-erhverv","tag-oekonomi"],"acf":[],"yoast_head":"<!-- This site is optimized with the Yoast SEO plugin v27.7 - https:\/\/yoast.com\/product\/yoast-seo-wordpress\/ -->\n<title>Sparekasserne i Thy: Storebror og lillebror viser begge p\u00e6ne halv\u00e5rsregnskaber - Thy<\/title>\n<meta name=\"robots\" content=\"index, follow, max-snippet:-1, max-image-preview:large, max-video-preview:-1\" \/>\n<link rel=\"canonical\" href=\"https:\/\/kunmedierne.dk\/thy\/sparekasserne-i-thy-storebror-og-lillebror-viser-begge-paene-halvaarsregnskaber\/\" \/>\n<meta property=\"og:locale\" content=\"da_DK\" \/>\n<meta property=\"og:type\" content=\"article\" \/>\n<meta property=\"og:title\" content=\"Sparekasserne i Thy: Storebror og lillebror viser begge p\u00e6ne halv\u00e5rsregnskaber - Thy\" \/>\n<meta property=\"og:description\" content=\"THY: Sparekassen Thy har netop offentliggjort sit halv\u00e5rsregnskab for 2026, der viser 131,8 mio. kr. f\u00f8r skat. Det er en minimal nedgang fra de 132,7 mio. kr. , der stod i halv\u00e5rsregnskabet for koncernen i 2025. &#8211; Vi er meget tilfredse med udviklingen i f\u00f8rste halv\u00e5r. Vi f\u00f8lger de planer, vi har lagt, og vi [&hellip;]\" \/>\n<meta property=\"og:url\" content=\"https:\/\/kunmedierne.dk\/thy\/sparekasserne-i-thy-storebror-og-lillebror-viser-begge-paene-halvaarsregnskaber\/\" \/>\n<meta property=\"og:site_name\" content=\"Thy\" \/>\n<meta property=\"article:published_time\" content=\"2026-08-31T11:08:11+00:00\" \/>\n<meta name=\"author\" content=\"Lone L\u00e6rke Krog\" \/>\n<meta name=\"twitter:card\" content=\"summary_large_image\" \/>\n<meta name=\"twitter:label1\" content=\"Skrevet af\" \/>\n\t<meta name=\"twitter:data1\" content=\"Lone L\u00e6rke Krog\" \/>\n\t<meta name=\"twitter:label2\" content=\"Estimeret l\u00e6setid\" \/>\n\t<meta name=\"twitter:data2\" content=\"3 minutter\" \/>\n<script type=\"application\/ld+json\" class=\"yoast-schema-graph\">{\"@context\":\"https:\\\/\\\/schema.org\",\"@graph\":[{\"@type\":\"Article\",\"@id\":\"https:\\\/\\\/kunmedierne.dk\\\/thy\\\/sparekasserne-i-thy-storebror-og-lillebror-viser-begge-paene-halvaarsregnskaber\\\/#article\",\"isPartOf\":{\"@id\":\"https:\\\/\\\/kunmedierne.dk\\\/thy\\\/sparekasserne-i-thy-storebror-og-lillebror-viser-begge-paene-halvaarsregnskaber\\\/\"},\"author\":{\"name\":\"Lone L\u00e6rke Krog\",\"@id\":\"https:\\\/\\\/kunmedierne.dk\\\/thy\\\/#\\\/schema\\\/person\\\/d266634ba6550d075ecf540d63b245d2\"},\"headline\":\"Sparekasserne i Thy: Storebror og lillebror viser begge p\u00e6ne halv\u00e5rsregnskaber\",\"datePublished\":\"2026-08-31T11:08:11+00:00\",\"mainEntityOfPage\":{\"@id\":\"https:\\\/\\\/kunmedierne.dk\\\/thy\\\/sparekasserne-i-thy-storebror-og-lillebror-viser-begge-paene-halvaarsregnskaber\\\/\"},\"wordCount\":425,\"publisher\":{\"@id\":\"https:\\\/\\\/kunmedierne.dk\\\/thy\\\/#organization\"},\"keywords\":[\"Erhverv\",\"\u00d8konomi\"],\"articleSection\":[\"Lokalt\"],\"inLanguage\":\"da-DK\"},{\"@type\":\"WebPage\",\"@id\":\"https:\\\/\\\/kunmedierne.dk\\\/thy\\\/sparekasserne-i-thy-storebror-og-lillebror-viser-begge-paene-halvaarsregnskaber\\\/\",\"url\":\"https:\\\/\\\/kunmedierne.dk\\\/thy\\\/sparekasserne-i-thy-storebror-og-lillebror-viser-begge-paene-halvaarsregnskaber\\\/\",\"name\":\"Sparekasserne i Thy: Storebror og lillebror viser begge p\u00e6ne halv\u00e5rsregnskaber - Thy\",\"isPartOf\":{\"@id\":\"https:\\\/\\\/kunmedierne.dk\\\/thy\\\/#website\"},\"datePublished\":\"2026-08-31T11:08:11+00:00\",\"breadcrumb\":{\"@id\":\"https:\\\/\\\/kunmedierne.dk\\\/thy\\\/sparekasserne-i-thy-storebror-og-lillebror-viser-begge-paene-halvaarsregnskaber\\\/#breadcrumb\"},\"inLanguage\":\"da-DK\",\"potentialAction\":[{\"@type\":\"ReadAction\",\"target\":[\"https:\\\/\\\/kunmedierne.dk\\\/thy\\\/sparekasserne-i-thy-storebror-og-lillebror-viser-begge-paene-halvaarsregnskaber\\\/\"]}]},{\"@type\":\"BreadcrumbList\",\"@id\":\"https:\\\/\\\/kunmedierne.dk\\\/thy\\\/sparekasserne-i-thy-storebror-og-lillebror-viser-begge-paene-halvaarsregnskaber\\\/#breadcrumb\",\"itemListElement\":[{\"@type\":\"ListItem\",\"position\":1,\"name\":\"Home\",\"item\":\"https:\\\/\\\/kunmedierne.dk\\\/thy\\\/\"},{\"@type\":\"ListItem\",\"position\":2,\"name\":\"Sparekasserne i Thy: Storebror og lillebror viser begge p\u00e6ne halv\u00e5rsregnskaber\"}]},{\"@type\":\"WebSite\",\"@id\":\"https:\\\/\\\/kunmedierne.dk\\\/thy\\\/#website\",\"url\":\"https:\\\/\\\/kunmedierne.dk\\\/thy\\\/\",\"name\":\"Thy\",\"description\":\"et netmedie med journalistik om livet i Thy\",\"publisher\":{\"@id\":\"https:\\\/\\\/kunmedierne.dk\\\/thy\\\/#organization\"},\"potentialAction\":[{\"@type\":\"SearchAction\",\"target\":{\"@type\":\"EntryPoint\",\"urlTemplate\":\"https:\\\/\\\/kunmedierne.dk\\\/thy\\\/?s={search_term_string}\"},\"query-input\":{\"@type\":\"PropertyValueSpecification\",\"valueRequired\":true,\"valueName\":\"search_term_string\"}}],\"inLanguage\":\"da-DK\"},{\"@type\":\"Organization\",\"@id\":\"https:\\\/\\\/kunmedierne.dk\\\/thy\\\/#organization\",\"name\":\"Thy\",\"url\":\"https:\\\/\\\/kunmedierne.dk\\\/thy\\\/\",\"logo\":{\"@type\":\"ImageObject\",\"inLanguage\":\"da-DK\",\"@id\":\"https:\\\/\\\/kunmedierne.dk\\\/thy\\\/#\\\/schema\\\/logo\\\/image\\\/\",\"url\":\"https:\\\/\\\/kunmedierne.dk\\\/thy\\\/wp-content\\\/uploads\\\/sites\\\/2\\\/2025\\\/04\\\/kunthy-logo.svg\",\"contentUrl\":\"https:\\\/\\\/kunmedierne.dk\\\/thy\\\/wp-content\\\/uploads\\\/sites\\\/2\\\/2025\\\/04\\\/kunthy-logo.svg\",\"caption\":\"Thy\"},\"image\":{\"@id\":\"https:\\\/\\\/kunmedierne.dk\\\/thy\\\/#\\\/schema\\\/logo\\\/image\\\/\"}},{\"@type\":\"Person\",\"@id\":\"https:\\\/\\\/kunmedierne.dk\\\/thy\\\/#\\\/schema\\\/person\\\/d266634ba6550d075ecf540d63b245d2\",\"name\":\"Lone L\u00e6rke Krog\",\"image\":{\"@type\":\"ImageObject\",\"inLanguage\":\"da-DK\",\"@id\":\"https:\\\/\\\/secure.gravatar.com\\\/avatar\\\/496ddc7080e56b4ac64cfd4e56bd6d1ee396fa3db1923aa22f11346f60bb135b?s=96&d=mm&r=g\",\"url\":\"https:\\\/\\\/secure.gravatar.com\\\/avatar\\\/496ddc7080e56b4ac64cfd4e56bd6d1ee396fa3db1923aa22f11346f60bb135b?s=96&d=mm&r=g\",\"contentUrl\":\"https:\\\/\\\/secure.gravatar.com\\\/avatar\\\/496ddc7080e56b4ac64cfd4e56bd6d1ee396fa3db1923aa22f11346f60bb135b?s=96&d=mm&r=g\",\"caption\":\"Lone L\u00e6rke Krog\"},\"url\":\"https:\\\/\\\/kunmedierne.dk\\\/thy\\\/author\\\/llk\\\/\"}]}<\/script>\n<!-- \/ Yoast SEO plugin. -->","yoast_head_json":{"title":"Sparekasserne i Thy: Storebror og lillebror viser begge p\u00e6ne halv\u00e5rsregnskaber - Thy","robots":{"index":"index","follow":"follow","max-snippet":"max-snippet:-1","max-image-preview":"max-image-preview:large","max-video-preview":"max-video-preview:-1"},"canonical":"https:\/\/kunmedierne.dk\/thy\/sparekasserne-i-thy-storebror-og-lillebror-viser-begge-paene-halvaarsregnskaber\/","og_locale":"da_DK","og_type":"article","og_title":"Sparekasserne i Thy: Storebror og lillebror viser begge p\u00e6ne halv\u00e5rsregnskaber - Thy","og_description":"THY: Sparekassen Thy har netop offentliggjort sit halv\u00e5rsregnskab for 2026, der viser 131,8 mio. kr. f\u00f8r skat. Det er en minimal nedgang fra de 132,7 mio. kr. , der stod i halv\u00e5rsregnskabet for koncernen i 2025. &#8211; Vi er meget tilfredse med udviklingen i f\u00f8rste halv\u00e5r. Vi f\u00f8lger de planer, vi har lagt, og vi [&hellip;]","og_url":"https:\/\/kunmedierne.dk\/thy\/sparekasserne-i-thy-storebror-og-lillebror-viser-begge-paene-halvaarsregnskaber\/","og_site_name":"Thy","article_published_time":"2026-08-31T11:08:11+00:00","author":"Lone L\u00e6rke Krog","twitter_card":"summary_large_image","twitter_misc":{"Skrevet af":"Lone L\u00e6rke Krog","Estimeret l\u00e6setid":"3 minutter"},"schema":{"@context":"https:\/\/schema.org","@graph":[{"@type":"Article","@id":"https:\/\/kunmedierne.dk\/thy\/sparekasserne-i-thy-storebror-og-lillebror-viser-begge-paene-halvaarsregnskaber\/#article","isPartOf":{"@id":"https:\/\/kunmedierne.dk\/thy\/sparekasserne-i-thy-storebror-og-lillebror-viser-begge-paene-halvaarsregnskaber\/"},"author":{"name":"Lone L\u00e6rke Krog","@id":"https:\/\/kunmedierne.dk\/thy\/#\/schema\/person\/d266634ba6550d075ecf540d63b245d2"},"headline":"Sparekasserne i Thy: Storebror og lillebror viser begge p\u00e6ne halv\u00e5rsregnskaber","datePublished":"2026-08-31T11:08:11+00:00","mainEntityOfPage":{"@id":"https:\/\/kunmedierne.dk\/thy\/sparekasserne-i-thy-storebror-og-lillebror-viser-begge-paene-halvaarsregnskaber\/"},"wordCount":425,"publisher":{"@id":"https:\/\/kunmedierne.dk\/thy\/#organization"},"keywords":["Erhverv","\u00d8konomi"],"articleSection":["Lokalt"],"inLanguage":"da-DK"},{"@type":"WebPage","@id":"https:\/\/kunmedierne.dk\/thy\/sparekasserne-i-thy-storebror-og-lillebror-viser-begge-paene-halvaarsregnskaber\/","url":"https:\/\/kunmedierne.dk\/thy\/sparekasserne-i-thy-storebror-og-lillebror-viser-begge-paene-halvaarsregnskaber\/","name":"Sparekasserne i Thy: Storebror og lillebror viser begge p\u00e6ne halv\u00e5rsregnskaber - Thy","isPartOf":{"@id":"https:\/\/kunmedierne.dk\/thy\/#website"},"datePublished":"2026-08-31T11:08:11+00:00","breadcrumb":{"@id":"https:\/\/kunmedierne.dk\/thy\/sparekasserne-i-thy-storebror-og-lillebror-viser-begge-paene-halvaarsregnskaber\/#breadcrumb"},"inLanguage":"da-DK","potentialAction":[{"@type":"ReadAction","target":["https:\/\/kunmedierne.dk\/thy\/sparekasserne-i-thy-storebror-og-lillebror-viser-begge-paene-halvaarsregnskaber\/"]}]},{"@type":"BreadcrumbList","@id":"https:\/\/kunmedierne.dk\/thy\/sparekasserne-i-thy-storebror-og-lillebror-viser-begge-paene-halvaarsregnskaber\/#breadcrumb","itemListElement":[{"@type":"ListItem","position":1,"name":"Home","item":"https:\/\/kunmedierne.dk\/thy\/"},{"@type":"ListItem","position":2,"name":"Sparekasserne i Thy: Storebror og lillebror viser begge p\u00e6ne halv\u00e5rsregnskaber"}]},{"@type":"WebSite","@id":"https:\/\/kunmedierne.dk\/thy\/#website","url":"https:\/\/kunmedierne.dk\/thy\/","name":"Thy","description":"et netmedie med journalistik om livet i Thy","publisher":{"@id":"https:\/\/kunmedierne.dk\/thy\/#organization"},"potentialAction":[{"@type":"SearchAction","target":{"@type":"EntryPoint","urlTemplate":"https:\/\/kunmedierne.dk\/thy\/?s={search_term_string}"},"query-input":{"@type":"PropertyValueSpecification","valueRequired":true,"valueName":"search_term_string"}}],"inLanguage":"da-DK"},{"@type":"Organization","@id":"https:\/\/kunmedierne.dk\/thy\/#organization","name":"Thy","url":"https:\/\/kunmedierne.dk\/thy\/","logo":{"@type":"ImageObject","inLanguage":"da-DK","@id":"https:\/\/kunmedierne.dk\/thy\/#\/schema\/logo\/image\/","url":"https:\/\/kunmedierne.dk\/thy\/wp-content\/uploads\/sites\/2\/2025\/04\/kunthy-logo.svg","contentUrl":"https:\/\/kunmedierne.dk\/thy\/wp-content\/uploads\/sites\/2\/2025\/04\/kunthy-logo.svg","caption":"Thy"},"image":{"@id":"https:\/\/kunmedierne.dk\/thy\/#\/schema\/logo\/image\/"}},{"@type":"Person","@id":"https:\/\/kunmedierne.dk\/thy\/#\/schema\/person\/d266634ba6550d075ecf540d63b245d2","name":"Lone L\u00e6rke Krog","image":{"@type":"ImageObject","inLanguage":"da-DK","@id":"https:\/\/secure.gravatar.com\/avatar\/496ddc7080e56b4ac64cfd4e56bd6d1ee396fa3db1923aa22f11346f60bb135b?s=96&d=mm&r=g","url":"https:\/\/secure.gravatar.com\/avatar\/496ddc7080e56b4ac64cfd4e56bd6d1ee396fa3db1923aa22f11346f60bb135b?s=96&d=mm&r=g","contentUrl":"https:\/\/secure.gravatar.com\/avatar\/496ddc7080e56b4ac64cfd4e56bd6d1ee396fa3db1923aa22f11346f60bb135b?s=96&d=mm&r=g","caption":"Lone L\u00e6rke Krog"},"url":"https:\/\/kunmedierne.dk\/thy\/author\/llk\/"}]}},"_links":{"self":[{"href":"https:\/\/kunmedierne.dk\/thy\/wp-json\/wp\/v2\/posts\/26591","targetHints":{"allow":["GET"]}}],"collection":[{"href":"https:\/\/kunmedierne.dk\/thy\/wp-json\/wp\/v2\/posts"}],"about":[{"href":"https:\/\/kunmedierne.dk\/thy\/wp-json\/wp\/v2\/types\/post"}],"author":[{"embeddable":true,"href":"https:\/\/kunmedierne.dk\/thy\/wp-json\/wp\/v2\/users\/1925"}],"replies":[{"embeddable":true,"href":"https:\/\/kunmedierne.dk\/thy\/wp-json\/wp\/v2\/comments?post=26591"}],"version-history":[{"count":7,"href":"https:\/\/kunmedierne.dk\/thy\/wp-json\/wp\/v2\/posts\/26591\/revisions"}],"predecessor-version":[{"id":26621,"href":"https:\/\/kunmedierne.dk\/thy\/wp-json\/wp\/v2\/posts\/26591\/revisions\/26621"}],"wp:attachment":[{"href":"https:\/\/kunmedierne.dk\/thy\/wp-json\/wp\/v2\/media?parent=26591"}],"wp:term":[{"taxonomy":"category","embeddable":true,"href":"https:\/\/kunmedierne.dk\/thy\/wp-json\/wp\/v2\/categories?post=26591"},{"taxonomy":"post_tag","embeddable":true,"href":"https:\/\/kunmedierne.dk\/thy\/wp-json\/wp\/v2\/tags?post=26591"}],"curies":[{"name":"wp","href":"https:\/\/api.w.org\/{rel}","templated":true}]}}