{"id":26587,"date":"2026-08-31T17:29:51","date_gmt":"2026-08-31T15:29:51","guid":{"rendered":"https:\/\/kunmedierne.dk\/thy\/?p=26587"},"modified":"2026-08-31T14:00:19","modified_gmt":"2026-08-31T12:00:19","slug":"by-vicevaerter-i-sennels-de-vil-holde-byen-paen","status":"publish","type":"post","link":"https:\/\/kunmedierne.dk\/thy\/by-vicevaerter-i-sennels-de-vil-holde-byen-paen\/","title":{"rendered":"<span>By-vicev\u00e6rter i Sennels: <\/span>De vil holde byen p\u00e6n"},"content":{"rendered":"<p><strong>SENNELS: <\/strong>Lad os f\u00e5 lavet nogle af de opgaver, kommunen ikke kan overkomme.<\/p>\n<p>S\u00e5dan l\u00f8d opfordringen tilbage i midten af juli, da John Andersen p\u00e5 bytinget i Sennels f\u00f8rste gang satte ord p\u00e5 sin id\u00e9 om at danne en gruppe frivillige &#8220;by-vicev\u00e6rter&#8221;, som kan v\u00e6re med til at holde fin og veltrimmet. I hvert fald n\u00e5r det kommer til byen gr\u00f8nne omr\u00e5der og f\u00e6lles arealer.<\/p>\n<a class=\"dvrt-link\" onClick=\"cdmtrack_click(25762,jQuery(this));return false\" href=\"https:\/\/www.facebook.com\/profile.php?id=100049901895340\"><img decoding=\"async\" style=\"width:100%;\" src=\"https:\/\/kunmedierne.dk\/thy\/wp-content\/uploads\/sites\/2\/2026\/08\/260831Morsoebil2Animation-3steps-1.gif\"><\/a><script>cdmtrack_view(25762);<\/script>\n<p>Opfordringen blev vel modtaget, og for et par uger siden konstaterede John Andersen, at de f\u00f8rste vicev\u00e6rter, han er selv en af dem, var klar til at tage fat p\u00e5 opgaven med at holde Sennels b\u00e5de p\u00e6n og indbydende. Et af de f\u00f8rste resultater af indsatsen er allerede synligt. Nogle af byens b\u00e6nke har f\u00e5et en gang tiltr\u00e6nge maling, og flere st\u00e5r for tur.<\/p>\n<p>Skulle flere end de fem, som forel\u00f8big har sagt ja til en tjans som by-vicev\u00e6rt, have lyst, s\u00e5 er det bare at henvende sig. Og der er plads til b\u00e5de m\u00e6nd og kvinder p\u00e5 holdet.<\/p>\n<div id=\"attachment_26608\" style=\"width: 1546px\" class=\"wp-caption alignnone\"><img loading=\"lazy\" decoding=\"async\" aria-describedby=\"caption-attachment-26608\" class=\"wp-image-26608 size-full\" src=\"https:\/\/kunmedierne.dk\/thy\/wp-content\/uploads\/sites\/2\/2026\/08\/borde-og-baenke.jpg\" alt=\"\" width=\"1536\" height=\"1024\" srcset=\"https:\/\/kunmedierne.dk\/thy\/wp-content\/uploads\/sites\/2\/2026\/08\/borde-og-baenke.jpg 1536w, https:\/\/kunmedierne.dk\/thy\/wp-content\/uploads\/sites\/2\/2026\/08\/borde-og-baenke-300x200.jpg 300w, https:\/\/kunmedierne.dk\/thy\/wp-content\/uploads\/sites\/2\/2026\/08\/borde-og-baenke-1024x683.jpg 1024w, https:\/\/kunmedierne.dk\/thy\/wp-content\/uploads\/sites\/2\/2026\/08\/borde-og-baenke-510x340.jpg 510w\" sizes=\"auto, (max-width: 1536px) 100vw, 1536px\" \/><p id=\"caption-attachment-26608\" class=\"wp-caption-text\">Nogle af byens b\u00e6nke har f\u00e5et en gang maling som et af de f\u00f8rste synlige resultater af by-vicev\u00e6rternes arbejde. Privatfoto: John Andersen<\/p><\/div>\n<p>&nbsp;<\/p>\n<p>&#8211; Det hele er frivilligt, og det er min fornemmelse, at det er en opgave, som folk p\u00e5 tv\u00e6rs af alder godt vil tage sig tid til, siger John Andersen som en understregning af, at en by-vicev\u00e6rt ikke n\u00f8dvendigvis beh\u00f8ver at v\u00e6re det samme som en pensioneret borger. Selv bliver han 61 \u00e5r n\u00e6ste gang, arbejder lige nu som pedel 15 timer om ugen og er oprindelig uddannet slagter.<\/p>\n<a class=\"dvrt-link\" onClick=\"cdmtrack_click(19676,jQuery(this));return false\" href=\"https:\/\/www.jyskebank.dk\/kontakt\/afdelingsinfo?departmentid=11880\"><img decoding=\"async\" style=\"width:100%;\" src=\"https:\/\/kunmedierne.dk\/thy\/wp-content\/uploads\/sites\/2\/2026\/03\/260325JyskebankThyNy-1.jpg\"><\/a><script>cdmtrack_view(19676);<\/script>\n<p>I hans billede er by-vicev\u00e6rter folk som p\u00e5 tv\u00e6rs af alder er klar til at hj\u00e6lpe med at l\u00f8se opgaver i f\u00e6llesskab. I Sennels bliver det som en gruppe under borger- og udviklingsforeningen.<\/p>\n<p>&#8211; Tanken er, at gruppen kan byde ind med nogle opgaver &#8211; eller omvendt, at borgerforeningen har nogle opgaver, der skal klares. Nu skal vi lige finde ud af, hvordan tingene skal fungere i praksis, men ideen er, at den enkelte by-vicev\u00e6rt m\u00f8der, som det passer, frivilligt og uden m\u00f8depligt. Men helt overordnet handler det om, at vi skal hj\u00e6lpe hinanden, s\u00e5 Sennels ser p\u00e6n og indbydende ud for os, der bor her, men ogs\u00e5 for dem, som overvejer at flytte hertil, siger John Andersen.<\/p>\n<a class=\"dvrt-link\" onClick=\"cdmtrack_click(683,jQuery(this));return false\" href=\"https:\/\/vester-begr.dk\/?utm_source=google&amp;utm_medium=advative&amp;gad_source=1&amp;gclid=Cj0KCQjwtJ6_BhDWARIsAGanmKfl-hGVVjCYiOgSKoGoxrow4kvXybZsnruKJYTslvqZDywT6a9PCQwaAmBjEALw_wcB\"><img decoding=\"async\" style=\"width:100%;\" src=\"https:\/\/kunmedierne.dk\/thy\/wp-content\/uploads\/sites\/2\/2025\/03\/260203VesterHoukaer-02022026.jpg\"><\/a><script>cdmtrack_view(683);<\/script>\n<p>Han fort\u00e6ller, at det for ham ogs\u00e5 handler om at f\u00e5 en gruppe by-vicev\u00e6rter som ud over at l\u00f8se praktiske opgaver til gavn for byen ogs\u00e5 har det hyggeligt, n\u00e5r de m\u00f8des.<\/p>\n<p>&#8211; Sennels er en by, hvor rigtig mange melder sig frivilligt for at l\u00f8se forskellige opgaver. By-vicev\u00e6rterne er endnu et eksempel p\u00e5 det, og jeg er ret sikker p\u00e5, at vi f\u00e5r flere med p\u00e5 holdet, efterh\u00e5nden som resultaterne af vores arbejde begynder at v\u00e6re synlige. Det hele er stadig ret nyt, og vi skal lige have tid til at komme i gang, siger John Andersen og understreger, at m\u00e5let for indsatsens er byen pladser og gr\u00f8nne omr\u00e5der og andre steder, hvor folk f\u00e6rdes. S\u00e5 by-vicev\u00e6rterne holder ikke haver eller klipper folks h\u00e6kke.<\/p>\n","protected":false},"excerpt":{"rendered":"<p>SENNELS: Lad os f\u00e5 lavet nogle af de opgaver, kommunen ikke kan overkomme. S\u00e5dan l\u00f8d opfordringen tilbage i midten af juli, da John Andersen p\u00e5 bytinget i Sennels f\u00f8rste gang satte ord p\u00e5 sin id\u00e9 om at danne en gruppe frivillige &#8220;by-vicev\u00e6rter&#8221;, som kan v\u00e6re med til at holde fin og veltrimmet. I hvert fald [&hellip;]<\/p>\n","protected":false},"author":4535,"featured_media":0,"comment_status":"closed","ping_status":"closed","sticky":false,"template":"","format":"standard","meta":{"_acf_changed":false,"footnotes":""},"categories":[24],"tags":[38],"class_list":["post-26587","post","type-post","status-publish","format-standard","hentry","category-lokalt","tag-mennesker"],"acf":[],"yoast_head":"<!-- This site is optimized with the Yoast SEO plugin v27.7 - https:\/\/yoast.com\/product\/yoast-seo-wordpress\/ -->\n<title>By-vicev\u00e6rter i Sennels: De vil holde byen p\u00e6n - Thy<\/title>\n<meta name=\"robots\" content=\"index, follow, max-snippet:-1, max-image-preview:large, max-video-preview:-1\" \/>\n<link rel=\"canonical\" href=\"https:\/\/kunmedierne.dk\/thy\/by-vicevaerter-i-sennels-de-vil-holde-byen-paen\/\" \/>\n<meta property=\"og:locale\" content=\"da_DK\" \/>\n<meta property=\"og:type\" content=\"article\" \/>\n<meta property=\"og:title\" content=\"By-vicev\u00e6rter i Sennels: De vil holde byen p\u00e6n - Thy\" \/>\n<meta property=\"og:description\" content=\"SENNELS: Lad os f\u00e5 lavet nogle af de opgaver, kommunen ikke kan overkomme. S\u00e5dan l\u00f8d opfordringen tilbage i midten af juli, da John Andersen p\u00e5 bytinget i Sennels f\u00f8rste gang satte ord p\u00e5 sin id\u00e9 om at danne en gruppe frivillige &#8220;by-vicev\u00e6rter&#8221;, som kan v\u00e6re med til at holde fin og veltrimmet. I hvert fald [&hellip;]\" \/>\n<meta property=\"og:url\" content=\"https:\/\/kunmedierne.dk\/thy\/by-vicevaerter-i-sennels-de-vil-holde-byen-paen\/\" \/>\n<meta property=\"og:site_name\" content=\"Thy\" \/>\n<meta property=\"article:published_time\" content=\"2026-08-31T15:29:51+00:00\" \/>\n<meta property=\"og:image\" content=\"https:\/\/kunmedierne.dk\/thy\/wp-content\/uploads\/sites\/2\/2026\/08\/borde-og-baenke.jpg\" \/>\n<meta name=\"author\" content=\"Jens Fogh Andersen\" \/>\n<meta name=\"twitter:card\" content=\"summary_large_image\" \/>\n<meta name=\"twitter:label1\" content=\"Skrevet af\" \/>\n\t<meta name=\"twitter:data1\" content=\"Jens Fogh Andersen\" \/>\n\t<meta name=\"twitter:label2\" content=\"Estimeret l\u00e6setid\" \/>\n\t<meta name=\"twitter:data2\" content=\"3 minutter\" \/>\n<script type=\"application\/ld+json\" class=\"yoast-schema-graph\">{\"@context\":\"https:\\\/\\\/schema.org\",\"@graph\":[{\"@type\":\"Article\",\"@id\":\"https:\\\/\\\/kunmedierne.dk\\\/thy\\\/by-vicevaerter-i-sennels-de-vil-holde-byen-paen\\\/#article\",\"isPartOf\":{\"@id\":\"https:\\\/\\\/kunmedierne.dk\\\/thy\\\/by-vicevaerter-i-sennels-de-vil-holde-byen-paen\\\/\"},\"author\":{\"name\":\"Jens Fogh Andersen\",\"@id\":\"https:\\\/\\\/kunmedierne.dk\\\/thy\\\/#\\\/schema\\\/person\\\/88f5be46809ca2a5533760eb574fef93\"},\"headline\":\"By-vicev\u00e6rter i Sennels: De vil holde byen p\u00e6n\",\"datePublished\":\"2026-08-31T15:29:51+00:00\",\"mainEntityOfPage\":{\"@id\":\"https:\\\/\\\/kunmedierne.dk\\\/thy\\\/by-vicevaerter-i-sennels-de-vil-holde-byen-paen\\\/\"},\"wordCount\":578,\"publisher\":{\"@id\":\"https:\\\/\\\/kunmedierne.dk\\\/thy\\\/#organization\"},\"image\":{\"@id\":\"https:\\\/\\\/kunmedierne.dk\\\/thy\\\/by-vicevaerter-i-sennels-de-vil-holde-byen-paen\\\/#primaryimage\"},\"thumbnailUrl\":\"https:\\\/\\\/kunmedierne.dk\\\/thy\\\/wp-content\\\/uploads\\\/sites\\\/2\\\/2026\\\/08\\\/borde-og-baenke.jpg\",\"keywords\":[\"Mennesker\"],\"articleSection\":[\"Lokalt\"],\"inLanguage\":\"da-DK\"},{\"@type\":\"WebPage\",\"@id\":\"https:\\\/\\\/kunmedierne.dk\\\/thy\\\/by-vicevaerter-i-sennels-de-vil-holde-byen-paen\\\/\",\"url\":\"https:\\\/\\\/kunmedierne.dk\\\/thy\\\/by-vicevaerter-i-sennels-de-vil-holde-byen-paen\\\/\",\"name\":\"By-vicev\u00e6rter i Sennels: De vil holde byen p\u00e6n - Thy\",\"isPartOf\":{\"@id\":\"https:\\\/\\\/kunmedierne.dk\\\/thy\\\/#website\"},\"primaryImageOfPage\":{\"@id\":\"https:\\\/\\\/kunmedierne.dk\\\/thy\\\/by-vicevaerter-i-sennels-de-vil-holde-byen-paen\\\/#primaryimage\"},\"image\":{\"@id\":\"https:\\\/\\\/kunmedierne.dk\\\/thy\\\/by-vicevaerter-i-sennels-de-vil-holde-byen-paen\\\/#primaryimage\"},\"thumbnailUrl\":\"https:\\\/\\\/kunmedierne.dk\\\/thy\\\/wp-content\\\/uploads\\\/sites\\\/2\\\/2026\\\/08\\\/borde-og-baenke.jpg\",\"datePublished\":\"2026-08-31T15:29:51+00:00\",\"breadcrumb\":{\"@id\":\"https:\\\/\\\/kunmedierne.dk\\\/thy\\\/by-vicevaerter-i-sennels-de-vil-holde-byen-paen\\\/#breadcrumb\"},\"inLanguage\":\"da-DK\",\"potentialAction\":[{\"@type\":\"ReadAction\",\"target\":[\"https:\\\/\\\/kunmedierne.dk\\\/thy\\\/by-vicevaerter-i-sennels-de-vil-holde-byen-paen\\\/\"]}]},{\"@type\":\"ImageObject\",\"inLanguage\":\"da-DK\",\"@id\":\"https:\\\/\\\/kunmedierne.dk\\\/thy\\\/by-vicevaerter-i-sennels-de-vil-holde-byen-paen\\\/#primaryimage\",\"url\":\"https:\\\/\\\/kunmedierne.dk\\\/thy\\\/wp-content\\\/uploads\\\/sites\\\/2\\\/2026\\\/08\\\/borde-og-baenke.jpg\",\"contentUrl\":\"https:\\\/\\\/kunmedierne.dk\\\/thy\\\/wp-content\\\/uploads\\\/sites\\\/2\\\/2026\\\/08\\\/borde-og-baenke.jpg\",\"width\":1536,\"height\":1024,\"caption\":\"John Andersen og hans by-vicev\u00e6rter.\"},{\"@type\":\"BreadcrumbList\",\"@id\":\"https:\\\/\\\/kunmedierne.dk\\\/thy\\\/by-vicevaerter-i-sennels-de-vil-holde-byen-paen\\\/#breadcrumb\",\"itemListElement\":[{\"@type\":\"ListItem\",\"position\":1,\"name\":\"Home\",\"item\":\"https:\\\/\\\/kunmedierne.dk\\\/thy\\\/\"},{\"@type\":\"ListItem\",\"position\":2,\"name\":\"By-vicev\u00e6rter i Sennels: De vil holde byen p\u00e6n\"}]},{\"@type\":\"WebSite\",\"@id\":\"https:\\\/\\\/kunmedierne.dk\\\/thy\\\/#website\",\"url\":\"https:\\\/\\\/kunmedierne.dk\\\/thy\\\/\",\"name\":\"Thy\",\"description\":\"et netmedie med journalistik om livet i Thy\",\"publisher\":{\"@id\":\"https:\\\/\\\/kunmedierne.dk\\\/thy\\\/#organization\"},\"potentialAction\":[{\"@type\":\"SearchAction\",\"target\":{\"@type\":\"EntryPoint\",\"urlTemplate\":\"https:\\\/\\\/kunmedierne.dk\\\/thy\\\/?s={search_term_string}\"},\"query-input\":{\"@type\":\"PropertyValueSpecification\",\"valueRequired\":true,\"valueName\":\"search_term_string\"}}],\"inLanguage\":\"da-DK\"},{\"@type\":\"Organization\",\"@id\":\"https:\\\/\\\/kunmedierne.dk\\\/thy\\\/#organization\",\"name\":\"Thy\",\"url\":\"https:\\\/\\\/kunmedierne.dk\\\/thy\\\/\",\"logo\":{\"@type\":\"ImageObject\",\"inLanguage\":\"da-DK\",\"@id\":\"https:\\\/\\\/kunmedierne.dk\\\/thy\\\/#\\\/schema\\\/logo\\\/image\\\/\",\"url\":\"https:\\\/\\\/kunmedierne.dk\\\/thy\\\/wp-content\\\/uploads\\\/sites\\\/2\\\/2025\\\/04\\\/kunthy-logo.svg\",\"contentUrl\":\"https:\\\/\\\/kunmedierne.dk\\\/thy\\\/wp-content\\\/uploads\\\/sites\\\/2\\\/2025\\\/04\\\/kunthy-logo.svg\",\"caption\":\"Thy\"},\"image\":{\"@id\":\"https:\\\/\\\/kunmedierne.dk\\\/thy\\\/#\\\/schema\\\/logo\\\/image\\\/\"}},{\"@type\":\"Person\",\"@id\":\"https:\\\/\\\/kunmedierne.dk\\\/thy\\\/#\\\/schema\\\/person\\\/88f5be46809ca2a5533760eb574fef93\",\"name\":\"Jens Fogh Andersen\",\"image\":{\"@type\":\"ImageObject\",\"inLanguage\":\"da-DK\",\"@id\":\"https:\\\/\\\/secure.gravatar.com\\\/avatar\\\/2b367a4ef139b1c41dccc9ee7af926b81f8b4cca3359772e86c7fd5ced26c0a3?s=96&d=mm&r=g\",\"url\":\"https:\\\/\\\/secure.gravatar.com\\\/avatar\\\/2b367a4ef139b1c41dccc9ee7af926b81f8b4cca3359772e86c7fd5ced26c0a3?s=96&d=mm&r=g\",\"contentUrl\":\"https:\\\/\\\/secure.gravatar.com\\\/avatar\\\/2b367a4ef139b1c41dccc9ee7af926b81f8b4cca3359772e86c7fd5ced26c0a3?s=96&d=mm&r=g\",\"caption\":\"Jens Fogh Andersen\"},\"url\":\"https:\\\/\\\/kunmedierne.dk\\\/thy\\\/author\\\/jfa\\\/\"}]}<\/script>\n<!-- \/ Yoast SEO plugin. -->","yoast_head_json":{"title":"By-vicev\u00e6rter i Sennels: De vil holde byen p\u00e6n - Thy","robots":{"index":"index","follow":"follow","max-snippet":"max-snippet:-1","max-image-preview":"max-image-preview:large","max-video-preview":"max-video-preview:-1"},"canonical":"https:\/\/kunmedierne.dk\/thy\/by-vicevaerter-i-sennels-de-vil-holde-byen-paen\/","og_locale":"da_DK","og_type":"article","og_title":"By-vicev\u00e6rter i Sennels: De vil holde byen p\u00e6n - Thy","og_description":"SENNELS: Lad os f\u00e5 lavet nogle af de opgaver, kommunen ikke kan overkomme. S\u00e5dan l\u00f8d opfordringen tilbage i midten af juli, da John Andersen p\u00e5 bytinget i Sennels f\u00f8rste gang satte ord p\u00e5 sin id\u00e9 om at danne en gruppe frivillige &#8220;by-vicev\u00e6rter&#8221;, som kan v\u00e6re med til at holde fin og veltrimmet. I hvert fald [&hellip;]","og_url":"https:\/\/kunmedierne.dk\/thy\/by-vicevaerter-i-sennels-de-vil-holde-byen-paen\/","og_site_name":"Thy","article_published_time":"2026-08-31T15:29:51+00:00","og_image":[{"url":"https:\/\/kunmedierne.dk\/thy\/wp-content\/uploads\/sites\/2\/2026\/08\/borde-og-baenke.jpg","type":"","width":"","height":""}],"author":"Jens Fogh Andersen","twitter_card":"summary_large_image","twitter_misc":{"Skrevet af":"Jens Fogh Andersen","Estimeret l\u00e6setid":"3 minutter"},"schema":{"@context":"https:\/\/schema.org","@graph":[{"@type":"Article","@id":"https:\/\/kunmedierne.dk\/thy\/by-vicevaerter-i-sennels-de-vil-holde-byen-paen\/#article","isPartOf":{"@id":"https:\/\/kunmedierne.dk\/thy\/by-vicevaerter-i-sennels-de-vil-holde-byen-paen\/"},"author":{"name":"Jens Fogh Andersen","@id":"https:\/\/kunmedierne.dk\/thy\/#\/schema\/person\/88f5be46809ca2a5533760eb574fef93"},"headline":"By-vicev\u00e6rter i Sennels: De vil holde byen p\u00e6n","datePublished":"2026-08-31T15:29:51+00:00","mainEntityOfPage":{"@id":"https:\/\/kunmedierne.dk\/thy\/by-vicevaerter-i-sennels-de-vil-holde-byen-paen\/"},"wordCount":578,"publisher":{"@id":"https:\/\/kunmedierne.dk\/thy\/#organization"},"image":{"@id":"https:\/\/kunmedierne.dk\/thy\/by-vicevaerter-i-sennels-de-vil-holde-byen-paen\/#primaryimage"},"thumbnailUrl":"https:\/\/kunmedierne.dk\/thy\/wp-content\/uploads\/sites\/2\/2026\/08\/borde-og-baenke.jpg","keywords":["Mennesker"],"articleSection":["Lokalt"],"inLanguage":"da-DK"},{"@type":"WebPage","@id":"https:\/\/kunmedierne.dk\/thy\/by-vicevaerter-i-sennels-de-vil-holde-byen-paen\/","url":"https:\/\/kunmedierne.dk\/thy\/by-vicevaerter-i-sennels-de-vil-holde-byen-paen\/","name":"By-vicev\u00e6rter i Sennels: De vil holde byen p\u00e6n - Thy","isPartOf":{"@id":"https:\/\/kunmedierne.dk\/thy\/#website"},"primaryImageOfPage":{"@id":"https:\/\/kunmedierne.dk\/thy\/by-vicevaerter-i-sennels-de-vil-holde-byen-paen\/#primaryimage"},"image":{"@id":"https:\/\/kunmedierne.dk\/thy\/by-vicevaerter-i-sennels-de-vil-holde-byen-paen\/#primaryimage"},"thumbnailUrl":"https:\/\/kunmedierne.dk\/thy\/wp-content\/uploads\/sites\/2\/2026\/08\/borde-og-baenke.jpg","datePublished":"2026-08-31T15:29:51+00:00","breadcrumb":{"@id":"https:\/\/kunmedierne.dk\/thy\/by-vicevaerter-i-sennels-de-vil-holde-byen-paen\/#breadcrumb"},"inLanguage":"da-DK","potentialAction":[{"@type":"ReadAction","target":["https:\/\/kunmedierne.dk\/thy\/by-vicevaerter-i-sennels-de-vil-holde-byen-paen\/"]}]},{"@type":"ImageObject","inLanguage":"da-DK","@id":"https:\/\/kunmedierne.dk\/thy\/by-vicevaerter-i-sennels-de-vil-holde-byen-paen\/#primaryimage","url":"https:\/\/kunmedierne.dk\/thy\/wp-content\/uploads\/sites\/2\/2026\/08\/borde-og-baenke.jpg","contentUrl":"https:\/\/kunmedierne.dk\/thy\/wp-content\/uploads\/sites\/2\/2026\/08\/borde-og-baenke.jpg","width":1536,"height":1024,"caption":"John Andersen og hans by-vicev\u00e6rter."},{"@type":"BreadcrumbList","@id":"https:\/\/kunmedierne.dk\/thy\/by-vicevaerter-i-sennels-de-vil-holde-byen-paen\/#breadcrumb","itemListElement":[{"@type":"ListItem","position":1,"name":"Home","item":"https:\/\/kunmedierne.dk\/thy\/"},{"@type":"ListItem","position":2,"name":"By-vicev\u00e6rter i Sennels: De vil holde byen p\u00e6n"}]},{"@type":"WebSite","@id":"https:\/\/kunmedierne.dk\/thy\/#website","url":"https:\/\/kunmedierne.dk\/thy\/","name":"Thy","description":"et netmedie med journalistik om livet i Thy","publisher":{"@id":"https:\/\/kunmedierne.dk\/thy\/#organization"},"potentialAction":[{"@type":"SearchAction","target":{"@type":"EntryPoint","urlTemplate":"https:\/\/kunmedierne.dk\/thy\/?s={search_term_string}"},"query-input":{"@type":"PropertyValueSpecification","valueRequired":true,"valueName":"search_term_string"}}],"inLanguage":"da-DK"},{"@type":"Organization","@id":"https:\/\/kunmedierne.dk\/thy\/#organization","name":"Thy","url":"https:\/\/kunmedierne.dk\/thy\/","logo":{"@type":"ImageObject","inLanguage":"da-DK","@id":"https:\/\/kunmedierne.dk\/thy\/#\/schema\/logo\/image\/","url":"https:\/\/kunmedierne.dk\/thy\/wp-content\/uploads\/sites\/2\/2025\/04\/kunthy-logo.svg","contentUrl":"https:\/\/kunmedierne.dk\/thy\/wp-content\/uploads\/sites\/2\/2025\/04\/kunthy-logo.svg","caption":"Thy"},"image":{"@id":"https:\/\/kunmedierne.dk\/thy\/#\/schema\/logo\/image\/"}},{"@type":"Person","@id":"https:\/\/kunmedierne.dk\/thy\/#\/schema\/person\/88f5be46809ca2a5533760eb574fef93","name":"Jens Fogh Andersen","image":{"@type":"ImageObject","inLanguage":"da-DK","@id":"https:\/\/secure.gravatar.com\/avatar\/2b367a4ef139b1c41dccc9ee7af926b81f8b4cca3359772e86c7fd5ced26c0a3?s=96&d=mm&r=g","url":"https:\/\/secure.gravatar.com\/avatar\/2b367a4ef139b1c41dccc9ee7af926b81f8b4cca3359772e86c7fd5ced26c0a3?s=96&d=mm&r=g","contentUrl":"https:\/\/secure.gravatar.com\/avatar\/2b367a4ef139b1c41dccc9ee7af926b81f8b4cca3359772e86c7fd5ced26c0a3?s=96&d=mm&r=g","caption":"Jens Fogh Andersen"},"url":"https:\/\/kunmedierne.dk\/thy\/author\/jfa\/"}]}},"_links":{"self":[{"href":"https:\/\/kunmedierne.dk\/thy\/wp-json\/wp\/v2\/posts\/26587","targetHints":{"allow":["GET"]}}],"collection":[{"href":"https:\/\/kunmedierne.dk\/thy\/wp-json\/wp\/v2\/posts"}],"about":[{"href":"https:\/\/kunmedierne.dk\/thy\/wp-json\/wp\/v2\/types\/post"}],"author":[{"embeddable":true,"href":"https:\/\/kunmedierne.dk\/thy\/wp-json\/wp\/v2\/users\/4535"}],"replies":[{"embeddable":true,"href":"https:\/\/kunmedierne.dk\/thy\/wp-json\/wp\/v2\/comments?post=26587"}],"version-history":[{"count":7,"href":"https:\/\/kunmedierne.dk\/thy\/wp-json\/wp\/v2\/posts\/26587\/revisions"}],"predecessor-version":[{"id":26625,"href":"https:\/\/kunmedierne.dk\/thy\/wp-json\/wp\/v2\/posts\/26587\/revisions\/26625"}],"wp:attachment":[{"href":"https:\/\/kunmedierne.dk\/thy\/wp-json\/wp\/v2\/media?parent=26587"}],"wp:term":[{"taxonomy":"category","embeddable":true,"href":"https:\/\/kunmedierne.dk\/thy\/wp-json\/wp\/v2\/categories?post=26587"},{"taxonomy":"post_tag","embeddable":true,"href":"https:\/\/kunmedierne.dk\/thy\/wp-json\/wp\/v2\/tags?post=26587"}],"curies":[{"name":"wp","href":"https:\/\/api.w.org\/{rel}","templated":true}]}}