{"id":26585,"date":"2026-09-04T21:40:48","date_gmt":"2026-09-04T19:40:48","guid":{"rendered":"https:\/\/kunmedierne.dk\/thy\/?p=26585"},"modified":"2026-09-04T22:02:05","modified_gmt":"2026-09-04T20:02:05","slug":"sennels-spraenger-alle-rammer-indsamlig-til-koebmandsbutik-naar-22-mio-kroner","status":"publish","type":"post","link":"https:\/\/kunmedierne.dk\/thy\/sennels-spraenger-alle-rammer-indsamlig-til-koebmandsbutik-naar-22-mio-kroner\/","title":{"rendered":"<span>Sennels spr\u00e6nger alle rammer:<\/span> Indsamling til k\u00f8bmandsbutik n\u00e5r 2,2 mio. kroner"},"content":{"rendered":"<p><strong>SENNELS:\u00a0<\/strong>Det regnede &#8211; og det regnede ind imellem p\u00e6nt meget p\u00e5 de fremm\u00f8dte til \u00e5rets sidste udend\u00f8rs m\u00f8de i bytinget i Sennels.<\/p>\n<a class=\"dvrt-link\" onClick=\"cdmtrack_click(7877,jQuery(this));return false\" href=\"https:\/\/kunmedierne.dk\/thy\/jobopslag-paa-kunthy-og-kunmors-bliver-vist-paa-begge-medier-til-samme-lave-pris\/\"><img decoding=\"async\" style=\"width:100%;\" src=\"https:\/\/kunmedierne.dk\/thy\/wp-content\/uploads\/sites\/2\/2025\/08\/jobannonce-kunmedierne.jpg\"><\/a><script>cdmtrack_view(7877);<\/script>\n<p>Men trods regnen var der b\u00e5de portvin og kransekagekonfekt til de fremm\u00f8dte p\u00e5 bytinget. Det var der en grund til, for m\u00f8det blev brugt til at g\u00f8re status p\u00e5 resultatet at et par m\u00e5neders bestr\u00e6belser p\u00e5 at tegne anpartskapital i selskabet S\u00e6ln\u00e6s Invest ApS. Det er sat i verden med et bestemt form\u00e5l, nemlig at k\u00f8be den bygning, som huser byens dagligvareforretning for at stille den til r\u00e5dighed for en ny k\u00f8bmand. Alt sammen for at sikre, at Sennels fortsat har en dagligvareforretning.<\/p>\n<div id=\"attachment_26872\" style=\"width: 4383px\" class=\"wp-caption alignnone\"><img loading=\"lazy\" decoding=\"async\" aria-describedby=\"caption-attachment-26872\" class=\"wp-image-26872 size-full\" src=\"https:\/\/kunmedierne.dk\/thy\/wp-content\/uploads\/sites\/2\/2026\/09\/Sennels-22-mio05-kopier.jpg\" alt=\"\" width=\"4373\" height=\"2911\" srcset=\"https:\/\/kunmedierne.dk\/thy\/wp-content\/uploads\/sites\/2\/2026\/09\/Sennels-22-mio05-kopier.jpg 4373w, https:\/\/kunmedierne.dk\/thy\/wp-content\/uploads\/sites\/2\/2026\/09\/Sennels-22-mio05-kopier-300x200.jpg 300w, https:\/\/kunmedierne.dk\/thy\/wp-content\/uploads\/sites\/2\/2026\/09\/Sennels-22-mio05-kopier-1024x682.jpg 1024w, https:\/\/kunmedierne.dk\/thy\/wp-content\/uploads\/sites\/2\/2026\/09\/Sennels-22-mio05-kopier-510x339.jpg 510w\" sizes=\"auto, (max-width: 4373px) 100vw, 4373px\" \/><p id=\"caption-attachment-26872\" class=\"wp-caption-text\">Fredag 4. september var en s\u00e6rlig dag p\u00e5 bytinget, som blev orienteret om, at der er tegnet lokale anparter for 2,2 mio. kroner som et led i bestr\u00e6belserne for at fremtidssikre Sennels dagligvareforretning. Foto: Jens Fogh-Andersen<\/p><\/div>\n<p>&nbsp;<\/p>\n<p>Prisen p\u00e5 bygningen er tre millioner kroner, og straks efter klokken fem fredag eftermiddag lod Hans Votborg fra den lokale k\u00f8bmandsgruppe de fremm\u00f8dte p\u00e5 bytinget vide, at en mild pengeregn i den grad havde g\u00f8det jorden for de lokale bestr\u00e6belser for at sikre grundlaget for at bevare en levende dagligvareforretning i Sennels.<\/p>\n<a class=\"dvrt-link\" onClick=\"cdmtrack_click(7877,jQuery(this));return false\" href=\"https:\/\/kunmedierne.dk\/thy\/jobopslag-paa-kunthy-og-kunmors-bliver-vist-paa-begge-medier-til-samme-lave-pris\/\"><img decoding=\"async\" style=\"width:100%;\" src=\"https:\/\/kunmedierne.dk\/thy\/wp-content\/uploads\/sites\/2\/2025\/08\/jobannonce-kunmedierne.jpg\"><\/a><script>cdmtrack_view(7877);<\/script>\n<p>Muligheden er skabt, fordi der i de seneste par m\u00e5neder er tegnet lokale anparter for ikke mindre en 2,2 mio. kroner &#8211; et p\u00e6nt stykke over den 1,5 millioner, der var det forel\u00f8bige succeskriterie, da tegningen af anpartskapital blev skudt i gang p\u00e5 et borgerm\u00f8de i slutningen af juni.<\/p>\n<p>Det betyder, at S\u00e6ln\u00e6s Invest ApS lige nu &#8220;kun&#8221; er 800.000 kroner fra at have de tre millioner kroner, der er prisen for bygningen, som efter planen fortsat skal rumme Sennels dagligvarebutik.<\/p>\n<div id=\"attachment_26869\" style=\"width: 3476px\" class=\"wp-caption alignnone\"><img loading=\"lazy\" decoding=\"async\" aria-describedby=\"caption-attachment-26869\" class=\"wp-image-26869 size-full\" src=\"https:\/\/kunmedierne.dk\/thy\/wp-content\/uploads\/sites\/2\/2026\/09\/Sennels-22-mio02-kopier.jpg\" alt=\"\" width=\"3466\" height=\"2307\" srcset=\"https:\/\/kunmedierne.dk\/thy\/wp-content\/uploads\/sites\/2\/2026\/09\/Sennels-22-mio02-kopier.jpg 3466w, https:\/\/kunmedierne.dk\/thy\/wp-content\/uploads\/sites\/2\/2026\/09\/Sennels-22-mio02-kopier-300x200.jpg 300w, https:\/\/kunmedierne.dk\/thy\/wp-content\/uploads\/sites\/2\/2026\/09\/Sennels-22-mio02-kopier-1024x682.jpg 1024w, https:\/\/kunmedierne.dk\/thy\/wp-content\/uploads\/sites\/2\/2026\/09\/Sennels-22-mio02-kopier-510x339.jpg 510w\" sizes=\"auto, (max-width: 3466px) 100vw, 3466px\" \/><p id=\"caption-attachment-26869\" class=\"wp-caption-text\">Kransekagekonfekt kan sagtens nydes udend\u00f8rs &#8211; og under en pareply i regnvejr. Foto: Jens Fogh-Andersen<\/p><\/div>\n<p>&nbsp;<\/p>\n<p>&#8211; Selvf\u00f8lgelig er vi glade, konstaterer Hans Votborg, som efter at have meddelt bytinget, hvor mange penge der er kommet ind i anpartskapitel, stiger op i en lift som l\u00f8fter ham til toppen af det indsamlingsbarometer, som uge for uge bare har vist en st\u00f8t stigning, efterh\u00e5nden som de lokale tilsagn om anpartskapital er talt sammen. Faktisk er der kommet s\u00e5 mange, at det har v\u00e6ret n\u00f8dvendigt at forl\u00e6nge s\u00f8jlen, for at f\u00e5 det hele med. Ogs\u00e5 f\u00f8r de 2,2 mio. kroner var en realitet.<\/p>\n<div id=\"attachment_26874\" style=\"width: 4649px\" class=\"wp-caption alignnone\"><img loading=\"lazy\" decoding=\"async\" aria-describedby=\"caption-attachment-26874\" class=\"wp-image-26874 size-full\" src=\"https:\/\/kunmedierne.dk\/thy\/wp-content\/uploads\/sites\/2\/2026\/09\/Sennels-22-mio07-kopier.jpg\" alt=\"\" width=\"4639\" height=\"3088\" srcset=\"https:\/\/kunmedierne.dk\/thy\/wp-content\/uploads\/sites\/2\/2026\/09\/Sennels-22-mio07-kopier.jpg 4639w, https:\/\/kunmedierne.dk\/thy\/wp-content\/uploads\/sites\/2\/2026\/09\/Sennels-22-mio07-kopier-300x200.jpg 300w, https:\/\/kunmedierne.dk\/thy\/wp-content\/uploads\/sites\/2\/2026\/09\/Sennels-22-mio07-kopier-1024x682.jpg 1024w, https:\/\/kunmedierne.dk\/thy\/wp-content\/uploads\/sites\/2\/2026\/09\/Sennels-22-mio07-kopier-510x339.jpg 510w\" sizes=\"auto, (max-width: 4639px) 100vw, 4639px\" \/><p id=\"caption-attachment-26874\" class=\"wp-caption-text\">Bytingets m\u00f8de 4. september havde samlet langt over et halvt hundrede deltagere &#8211; og der var et vigtigt punkt til orientering for tinget, som normalt ikke tr\u00e6ffer beslutninger, der n\u00f8dvendigvis bliver f\u00f8rt ud i livet Men her handlede punktet om de 2,2 mio. kroner, der skal bane vej for at sikre byens dagligvareforretning. Foto: Jens Fogh-Andersen<\/p>\n<p><\/p><\/div>\n<p>Set fra b\u00e6nkene i bytinget er resultatet v\u00e6rd at fejre med b\u00e5de portvin og kransekagekonfekt. De fremm\u00f8dte er nemlig ikke i tvivl om, at hver tegnet anpart ogs\u00e5 er hj\u00e6lp til selvhj\u00e6lp. Dels vil det v\u00e6re sv\u00e6rt at forestille sig Sennels uden en dagligvareforretning, dels vil det f\u00e5 konsekvenser b\u00e5de for byens ejendomspriser og for interessen for at bos\u00e6tte sig i Sennels, hvis byen ser ind i en fremtid uden dagligvareforretning.<\/p>\n<p>I f\u00f8lge Hans Votborg har de 2,2 mio. kroner lagt en solid \u00f8konomisk bund under det videre arbejde for dels at bane vej for S\u00e6lnes Invests k\u00f8b af bygningen, hvor dagligvareforretningen ligger, dels for bestr\u00e6belserne for at finde en ny k\u00f8bmand, der skal f\u00f8re forretningen videre.<\/p>\n<div id=\"attachment_26873\" style=\"width: 3720px\" class=\"wp-caption alignnone\"><img loading=\"lazy\" decoding=\"async\" aria-describedby=\"caption-attachment-26873\" class=\"wp-image-26873 size-full\" src=\"https:\/\/kunmedierne.dk\/thy\/wp-content\/uploads\/sites\/2\/2026\/09\/Sennels-22-mio06-kopier.jpg\" alt=\"\" width=\"3710\" height=\"2469\" srcset=\"https:\/\/kunmedierne.dk\/thy\/wp-content\/uploads\/sites\/2\/2026\/09\/Sennels-22-mio06-kopier.jpg 3710w, https:\/\/kunmedierne.dk\/thy\/wp-content\/uploads\/sites\/2\/2026\/09\/Sennels-22-mio06-kopier-300x200.jpg 300w, https:\/\/kunmedierne.dk\/thy\/wp-content\/uploads\/sites\/2\/2026\/09\/Sennels-22-mio06-kopier-1024x681.jpg 1024w, https:\/\/kunmedierne.dk\/thy\/wp-content\/uploads\/sites\/2\/2026\/09\/Sennels-22-mio06-kopier-510x339.jpg 510w\" sizes=\"auto, (max-width: 3710px) 100vw, 3710px\" \/><p id=\"caption-attachment-26873\" class=\"wp-caption-text\">N\u00e5r bytinget m\u00f8des, er det som regel over en \u00f8l eller to, men p\u00e5 m\u00f8de 4. september var 2,2 mio. kroner en s\u00e6rlig anledning til at sk\u00e6nke b\u00e5de portvin og servere kansekagekonfekt. Foto: Jens Fogh-Andersen<\/p>\n<p><\/p><\/div>\n<p>&#8211; Sammen med Dagrofa skal vi nu afs\u00f8ge mulighederne for at skaffe de sidste 800.000 kroner, vi mangler i at kunne k\u00f8be bygningen. Vi h\u00e5ber p\u00e5 fondsst\u00f8tte og til december ved vi, om det lykkes, siger Hans Votborg og tilf\u00f8jer, at der allerede arbejdes p\u00e5 at finde den nye k\u00f8bmand til forretningen, siger han.<\/p>\n<a class=\"dvrt-link\" onClick=\"cdmtrack_click(18790,jQuery(this));return false\" href=\"https:\/\/thymors.dk\/for-lokalsamfundet\/sponsorater\/?utm_source=kunthy&amp;utm_medium=annonce&amp;utm_campaign=sponsorater\"><img decoding=\"async\" style=\"width:100%;\" src=\"https:\/\/kunmedierne.dk\/thy\/wp-content\/uploads\/sites\/2\/2026\/03\/260903ThyMorsfaellesskab-2_-1.gif\"><\/a><script>cdmtrack_view(18790);<\/script>\n<p>Inden Hans Votborg kunne g\u00f8re status p\u00e5 bytinget, m\u00e5tte han bede om to minutters ro. Mere var der s\u00e5dan set heller ikke brug for. Status var, at 355 anpartshavere fordelt p\u00e5 cirka 310 husstande i lokalomr\u00e5det tilsammen har tegnet anparter for i alt 2,2 mio. kroner.<\/p>\n<p>&#8211; Det er mange, sagde Hans Votborg, som p\u00e5 k\u00f8bmandsgruppens vegne takkede alle, private, firmaer og foreninger som i f\u00e6llesskab har gjort det muligt.<\/p>\n<div id=\"attachment_26876\" style=\"width: 3849px\" class=\"wp-caption alignnone\"><img loading=\"lazy\" decoding=\"async\" aria-describedby=\"caption-attachment-26876\" class=\"wp-image-26876 size-full\" src=\"https:\/\/kunmedierne.dk\/thy\/wp-content\/uploads\/sites\/2\/2026\/09\/Sennels-22-mio09-kopier.jpg\" alt=\"\" width=\"3839\" height=\"2555\" srcset=\"https:\/\/kunmedierne.dk\/thy\/wp-content\/uploads\/sites\/2\/2026\/09\/Sennels-22-mio09-kopier.jpg 3839w, https:\/\/kunmedierne.dk\/thy\/wp-content\/uploads\/sites\/2\/2026\/09\/Sennels-22-mio09-kopier-300x200.jpg 300w, https:\/\/kunmedierne.dk\/thy\/wp-content\/uploads\/sites\/2\/2026\/09\/Sennels-22-mio09-kopier-1024x682.jpg 1024w, https:\/\/kunmedierne.dk\/thy\/wp-content\/uploads\/sites\/2\/2026\/09\/Sennels-22-mio09-kopier-510x339.jpg 510w\" sizes=\"auto, (max-width: 3839px) 100vw, 3839px\" \/><p id=\"caption-attachment-26876\" class=\"wp-caption-text\">2,2 mio. kroner &#8211; det er v\u00e6rd at sk\u00e5le p\u00e5. I portvin. Foto: Jens Fogh-Andersen<\/p>\n<p><\/p><\/div>\n<p>Bytinget fik pr\u00e6senteret sagen n\u00e6rmest som et punkt til orientering, men ogs\u00e5 som et ekstraordin\u00e6rt punkt. For som flere gjorde opm\u00e6rksom p\u00e5, plejer traktementet til bytingets m\u00f8der at v\u00e6re en \u00f8l eller to, m\u00e5ske. Men ikke 4. september. Her var sagen om fremtiden for byens dagligvareforretning s\u00e5 ekstraordin\u00e6r, at det gav mening at servere b\u00e5de portvin og kransekagekonfekt. Begge dele tilsat en god sjat regn.<\/p>\n<a class=\"dvrt-link\" onClick=\"cdmtrack_click(7877,jQuery(this));return false\" href=\"https:\/\/kunmedierne.dk\/thy\/jobopslag-paa-kunthy-og-kunmors-bliver-vist-paa-begge-medier-til-samme-lave-pris\/\"><img decoding=\"async\" style=\"width:100%;\" src=\"https:\/\/kunmedierne.dk\/thy\/wp-content\/uploads\/sites\/2\/2025\/08\/jobannonce-kunmedierne.jpg\"><\/a><script>cdmtrack_view(7877);<\/script>\n<p>Og s\u00e5 fik bytinget &#8211; eller byr\u00e5det i Sennels &#8211; behandlet endnu en sag i et forum, hvor det i f\u00f8lge nogen af de fremm\u00f8dte er praksis, at de beslutninger, der tr\u00e6ffes, for de flestes vedkommende aldrig f\u00f8res ud i livet.<\/p>\n<p>M\u00e5ske derfor var sagen om dagligvareforretningens fremtid ikke en beslutningssag for tinget, men kun til orientering. For ingen beh\u00f8ver at v\u00e6re i tvivl om, at den beslutning, der er taget om at fremtidssikre forretningen, ogs\u00e5 skal gennemf\u00f8res til bedste for byen.<\/p>\n","protected":false},"excerpt":{"rendered":"<p>SENNELS:\u00a0Det regnede &#8211; og det regnede ind imellem p\u00e6nt meget p\u00e5 de fremm\u00f8dte til \u00e5rets sidste udend\u00f8rs m\u00f8de i bytinget i Sennels. Men trods regnen var der b\u00e5de portvin og kransekagekonfekt til de fremm\u00f8dte p\u00e5 bytinget. Det var der en grund til, for m\u00f8det blev brugt til at g\u00f8re status p\u00e5 resultatet at et par [&hellip;]<\/p>\n","protected":false},"author":4535,"featured_media":0,"comment_status":"closed","ping_status":"closed","sticky":false,"template":"","format":"standard","meta":{"_acf_changed":false,"footnotes":""},"categories":[24],"tags":[76],"class_list":["post-26585","post","type-post","status-publish","format-standard","hentry","category-lokalt","tag-handel"],"acf":[],"yoast_head":"<!-- This site is optimized with the Yoast SEO plugin v27.7 - https:\/\/yoast.com\/product\/yoast-seo-wordpress\/ -->\n<title>Sennels spr\u00e6nger alle rammer: Indsamling til k\u00f8bmandsbutik n\u00e5r 2,2 mio. kroner - Thy<\/title>\n<meta name=\"robots\" content=\"index, follow, max-snippet:-1, max-image-preview:large, max-video-preview:-1\" \/>\n<link rel=\"canonical\" href=\"https:\/\/kunmedierne.dk\/thy\/sennels-spraenger-alle-rammer-indsamlig-til-koebmandsbutik-naar-22-mio-kroner\/\" \/>\n<meta property=\"og:locale\" content=\"da_DK\" \/>\n<meta property=\"og:type\" content=\"article\" \/>\n<meta property=\"og:title\" content=\"Sennels spr\u00e6nger alle rammer: Indsamling til k\u00f8bmandsbutik n\u00e5r 2,2 mio. kroner - Thy\" \/>\n<meta property=\"og:description\" content=\"SENNELS:\u00a0Det regnede &#8211; og det regnede ind imellem p\u00e6nt meget p\u00e5 de fremm\u00f8dte til \u00e5rets sidste udend\u00f8rs m\u00f8de i bytinget i Sennels. Men trods regnen var der b\u00e5de portvin og kransekagekonfekt til de fremm\u00f8dte p\u00e5 bytinget. Det var der en grund til, for m\u00f8det blev brugt til at g\u00f8re status p\u00e5 resultatet at et par [&hellip;]\" \/>\n<meta property=\"og:url\" content=\"https:\/\/kunmedierne.dk\/thy\/sennels-spraenger-alle-rammer-indsamlig-til-koebmandsbutik-naar-22-mio-kroner\/\" \/>\n<meta property=\"og:site_name\" content=\"Thy\" \/>\n<meta property=\"article:published_time\" content=\"2026-09-04T19:40:48+00:00\" \/>\n<meta property=\"article:modified_time\" content=\"2026-09-04T20:02:05+00:00\" \/>\n<meta property=\"og:image\" content=\"https:\/\/kunmedierne.dk\/thy\/wp-content\/uploads\/sites\/2\/2026\/09\/Sennels-22-mio05-kopier.jpg\" \/>\n<meta name=\"author\" content=\"Jens Fogh Andersen\" \/>\n<meta name=\"twitter:card\" content=\"summary_large_image\" \/>\n<meta name=\"twitter:label1\" content=\"Skrevet af\" \/>\n\t<meta name=\"twitter:data1\" content=\"Jens Fogh Andersen\" \/>\n\t<meta name=\"twitter:label2\" content=\"Estimeret l\u00e6setid\" \/>\n\t<meta name=\"twitter:data2\" content=\"6 minutter\" \/>\n<script type=\"application\/ld+json\" class=\"yoast-schema-graph\">{\"@context\":\"https:\\\/\\\/schema.org\",\"@graph\":[{\"@type\":\"Article\",\"@id\":\"https:\\\/\\\/kunmedierne.dk\\\/thy\\\/sennels-spraenger-alle-rammer-indsamlig-til-koebmandsbutik-naar-22-mio-kroner\\\/#article\",\"isPartOf\":{\"@id\":\"https:\\\/\\\/kunmedierne.dk\\\/thy\\\/sennels-spraenger-alle-rammer-indsamlig-til-koebmandsbutik-naar-22-mio-kroner\\\/\"},\"author\":{\"name\":\"Jens Fogh Andersen\",\"@id\":\"https:\\\/\\\/kunmedierne.dk\\\/thy\\\/#\\\/schema\\\/person\\\/88f5be46809ca2a5533760eb574fef93\"},\"headline\":\"Sennels spr\u00e6nger alle rammer: Indsamling til k\u00f8bmandsbutik n\u00e5r 2,2 mio. kroner\",\"datePublished\":\"2026-09-04T19:40:48+00:00\",\"dateModified\":\"2026-09-04T20:02:05+00:00\",\"mainEntityOfPage\":{\"@id\":\"https:\\\/\\\/kunmedierne.dk\\\/thy\\\/sennels-spraenger-alle-rammer-indsamlig-til-koebmandsbutik-naar-22-mio-kroner\\\/\"},\"wordCount\":1006,\"publisher\":{\"@id\":\"https:\\\/\\\/kunmedierne.dk\\\/thy\\\/#organization\"},\"image\":{\"@id\":\"https:\\\/\\\/kunmedierne.dk\\\/thy\\\/sennels-spraenger-alle-rammer-indsamlig-til-koebmandsbutik-naar-22-mio-kroner\\\/#primaryimage\"},\"thumbnailUrl\":\"https:\\\/\\\/kunmedierne.dk\\\/thy\\\/wp-content\\\/uploads\\\/sites\\\/2\\\/2026\\\/09\\\/Sennels-22-mio05-kopier.jpg\",\"keywords\":[\"Handel\"],\"articleSection\":[\"Lokalt\"],\"inLanguage\":\"da-DK\"},{\"@type\":\"WebPage\",\"@id\":\"https:\\\/\\\/kunmedierne.dk\\\/thy\\\/sennels-spraenger-alle-rammer-indsamlig-til-koebmandsbutik-naar-22-mio-kroner\\\/\",\"url\":\"https:\\\/\\\/kunmedierne.dk\\\/thy\\\/sennels-spraenger-alle-rammer-indsamlig-til-koebmandsbutik-naar-22-mio-kroner\\\/\",\"name\":\"Sennels spr\u00e6nger alle rammer: Indsamling til k\u00f8bmandsbutik n\u00e5r 2,2 mio. kroner - Thy\",\"isPartOf\":{\"@id\":\"https:\\\/\\\/kunmedierne.dk\\\/thy\\\/#website\"},\"primaryImageOfPage\":{\"@id\":\"https:\\\/\\\/kunmedierne.dk\\\/thy\\\/sennels-spraenger-alle-rammer-indsamlig-til-koebmandsbutik-naar-22-mio-kroner\\\/#primaryimage\"},\"image\":{\"@id\":\"https:\\\/\\\/kunmedierne.dk\\\/thy\\\/sennels-spraenger-alle-rammer-indsamlig-til-koebmandsbutik-naar-22-mio-kroner\\\/#primaryimage\"},\"thumbnailUrl\":\"https:\\\/\\\/kunmedierne.dk\\\/thy\\\/wp-content\\\/uploads\\\/sites\\\/2\\\/2026\\\/09\\\/Sennels-22-mio05-kopier.jpg\",\"datePublished\":\"2026-09-04T19:40:48+00:00\",\"dateModified\":\"2026-09-04T20:02:05+00:00\",\"breadcrumb\":{\"@id\":\"https:\\\/\\\/kunmedierne.dk\\\/thy\\\/sennels-spraenger-alle-rammer-indsamlig-til-koebmandsbutik-naar-22-mio-kroner\\\/#breadcrumb\"},\"inLanguage\":\"da-DK\",\"potentialAction\":[{\"@type\":\"ReadAction\",\"target\":[\"https:\\\/\\\/kunmedierne.dk\\\/thy\\\/sennels-spraenger-alle-rammer-indsamlig-til-koebmandsbutik-naar-22-mio-kroner\\\/\"]}]},{\"@type\":\"ImageObject\",\"inLanguage\":\"da-DK\",\"@id\":\"https:\\\/\\\/kunmedierne.dk\\\/thy\\\/sennels-spraenger-alle-rammer-indsamlig-til-koebmandsbutik-naar-22-mio-kroner\\\/#primaryimage\",\"url\":\"https:\\\/\\\/kunmedierne.dk\\\/thy\\\/wp-content\\\/uploads\\\/sites\\\/2\\\/2026\\\/09\\\/Sennels-22-mio05-kopier.jpg\",\"contentUrl\":\"https:\\\/\\\/kunmedierne.dk\\\/thy\\\/wp-content\\\/uploads\\\/sites\\\/2\\\/2026\\\/09\\\/Sennels-22-mio05-kopier.jpg\",\"width\":4373,\"height\":2911,\"caption\":\"Sennels - 2,2 mio. kr. Foto: Jens Fogh-Andersen 040926\"},{\"@type\":\"BreadcrumbList\",\"@id\":\"https:\\\/\\\/kunmedierne.dk\\\/thy\\\/sennels-spraenger-alle-rammer-indsamlig-til-koebmandsbutik-naar-22-mio-kroner\\\/#breadcrumb\",\"itemListElement\":[{\"@type\":\"ListItem\",\"position\":1,\"name\":\"Home\",\"item\":\"https:\\\/\\\/kunmedierne.dk\\\/thy\\\/\"},{\"@type\":\"ListItem\",\"position\":2,\"name\":\"Sennels spr\u00e6nger alle rammer: Indsamling til k\u00f8bmandsbutik n\u00e5r 2,2 mio. kroner\"}]},{\"@type\":\"WebSite\",\"@id\":\"https:\\\/\\\/kunmedierne.dk\\\/thy\\\/#website\",\"url\":\"https:\\\/\\\/kunmedierne.dk\\\/thy\\\/\",\"name\":\"Thy\",\"description\":\"et netmedie med journalistik om livet i Thy\",\"publisher\":{\"@id\":\"https:\\\/\\\/kunmedierne.dk\\\/thy\\\/#organization\"},\"potentialAction\":[{\"@type\":\"SearchAction\",\"target\":{\"@type\":\"EntryPoint\",\"urlTemplate\":\"https:\\\/\\\/kunmedierne.dk\\\/thy\\\/?s={search_term_string}\"},\"query-input\":{\"@type\":\"PropertyValueSpecification\",\"valueRequired\":true,\"valueName\":\"search_term_string\"}}],\"inLanguage\":\"da-DK\"},{\"@type\":\"Organization\",\"@id\":\"https:\\\/\\\/kunmedierne.dk\\\/thy\\\/#organization\",\"name\":\"Thy\",\"url\":\"https:\\\/\\\/kunmedierne.dk\\\/thy\\\/\",\"logo\":{\"@type\":\"ImageObject\",\"inLanguage\":\"da-DK\",\"@id\":\"https:\\\/\\\/kunmedierne.dk\\\/thy\\\/#\\\/schema\\\/logo\\\/image\\\/\",\"url\":\"https:\\\/\\\/kunmedierne.dk\\\/thy\\\/wp-content\\\/uploads\\\/sites\\\/2\\\/2025\\\/04\\\/kunthy-logo.svg\",\"contentUrl\":\"https:\\\/\\\/kunmedierne.dk\\\/thy\\\/wp-content\\\/uploads\\\/sites\\\/2\\\/2025\\\/04\\\/kunthy-logo.svg\",\"caption\":\"Thy\"},\"image\":{\"@id\":\"https:\\\/\\\/kunmedierne.dk\\\/thy\\\/#\\\/schema\\\/logo\\\/image\\\/\"}},{\"@type\":\"Person\",\"@id\":\"https:\\\/\\\/kunmedierne.dk\\\/thy\\\/#\\\/schema\\\/person\\\/88f5be46809ca2a5533760eb574fef93\",\"name\":\"Jens Fogh Andersen\",\"image\":{\"@type\":\"ImageObject\",\"inLanguage\":\"da-DK\",\"@id\":\"https:\\\/\\\/secure.gravatar.com\\\/avatar\\\/2b367a4ef139b1c41dccc9ee7af926b81f8b4cca3359772e86c7fd5ced26c0a3?s=96&d=mm&r=g\",\"url\":\"https:\\\/\\\/secure.gravatar.com\\\/avatar\\\/2b367a4ef139b1c41dccc9ee7af926b81f8b4cca3359772e86c7fd5ced26c0a3?s=96&d=mm&r=g\",\"contentUrl\":\"https:\\\/\\\/secure.gravatar.com\\\/avatar\\\/2b367a4ef139b1c41dccc9ee7af926b81f8b4cca3359772e86c7fd5ced26c0a3?s=96&d=mm&r=g\",\"caption\":\"Jens Fogh Andersen\"},\"url\":\"https:\\\/\\\/kunmedierne.dk\\\/thy\\\/author\\\/jfa\\\/\"}]}<\/script>\n<!-- \/ Yoast SEO plugin. -->","yoast_head_json":{"title":"Sennels spr\u00e6nger alle rammer: Indsamling til k\u00f8bmandsbutik n\u00e5r 2,2 mio. kroner - Thy","robots":{"index":"index","follow":"follow","max-snippet":"max-snippet:-1","max-image-preview":"max-image-preview:large","max-video-preview":"max-video-preview:-1"},"canonical":"https:\/\/kunmedierne.dk\/thy\/sennels-spraenger-alle-rammer-indsamlig-til-koebmandsbutik-naar-22-mio-kroner\/","og_locale":"da_DK","og_type":"article","og_title":"Sennels spr\u00e6nger alle rammer: Indsamling til k\u00f8bmandsbutik n\u00e5r 2,2 mio. kroner - Thy","og_description":"SENNELS:\u00a0Det regnede &#8211; og det regnede ind imellem p\u00e6nt meget p\u00e5 de fremm\u00f8dte til \u00e5rets sidste udend\u00f8rs m\u00f8de i bytinget i Sennels. Men trods regnen var der b\u00e5de portvin og kransekagekonfekt til de fremm\u00f8dte p\u00e5 bytinget. Det var der en grund til, for m\u00f8det blev brugt til at g\u00f8re status p\u00e5 resultatet at et par [&hellip;]","og_url":"https:\/\/kunmedierne.dk\/thy\/sennels-spraenger-alle-rammer-indsamlig-til-koebmandsbutik-naar-22-mio-kroner\/","og_site_name":"Thy","article_published_time":"2026-09-04T19:40:48+00:00","article_modified_time":"2026-09-04T20:02:05+00:00","og_image":[{"url":"https:\/\/kunmedierne.dk\/thy\/wp-content\/uploads\/sites\/2\/2026\/09\/Sennels-22-mio05-kopier.jpg","type":"","width":"","height":""}],"author":"Jens Fogh Andersen","twitter_card":"summary_large_image","twitter_misc":{"Skrevet af":"Jens Fogh Andersen","Estimeret l\u00e6setid":"6 minutter"},"schema":{"@context":"https:\/\/schema.org","@graph":[{"@type":"Article","@id":"https:\/\/kunmedierne.dk\/thy\/sennels-spraenger-alle-rammer-indsamlig-til-koebmandsbutik-naar-22-mio-kroner\/#article","isPartOf":{"@id":"https:\/\/kunmedierne.dk\/thy\/sennels-spraenger-alle-rammer-indsamlig-til-koebmandsbutik-naar-22-mio-kroner\/"},"author":{"name":"Jens Fogh Andersen","@id":"https:\/\/kunmedierne.dk\/thy\/#\/schema\/person\/88f5be46809ca2a5533760eb574fef93"},"headline":"Sennels spr\u00e6nger alle rammer: Indsamling til k\u00f8bmandsbutik n\u00e5r 2,2 mio. kroner","datePublished":"2026-09-04T19:40:48+00:00","dateModified":"2026-09-04T20:02:05+00:00","mainEntityOfPage":{"@id":"https:\/\/kunmedierne.dk\/thy\/sennels-spraenger-alle-rammer-indsamlig-til-koebmandsbutik-naar-22-mio-kroner\/"},"wordCount":1006,"publisher":{"@id":"https:\/\/kunmedierne.dk\/thy\/#organization"},"image":{"@id":"https:\/\/kunmedierne.dk\/thy\/sennels-spraenger-alle-rammer-indsamlig-til-koebmandsbutik-naar-22-mio-kroner\/#primaryimage"},"thumbnailUrl":"https:\/\/kunmedierne.dk\/thy\/wp-content\/uploads\/sites\/2\/2026\/09\/Sennels-22-mio05-kopier.jpg","keywords":["Handel"],"articleSection":["Lokalt"],"inLanguage":"da-DK"},{"@type":"WebPage","@id":"https:\/\/kunmedierne.dk\/thy\/sennels-spraenger-alle-rammer-indsamlig-til-koebmandsbutik-naar-22-mio-kroner\/","url":"https:\/\/kunmedierne.dk\/thy\/sennels-spraenger-alle-rammer-indsamlig-til-koebmandsbutik-naar-22-mio-kroner\/","name":"Sennels spr\u00e6nger alle rammer: Indsamling til k\u00f8bmandsbutik n\u00e5r 2,2 mio. kroner - Thy","isPartOf":{"@id":"https:\/\/kunmedierne.dk\/thy\/#website"},"primaryImageOfPage":{"@id":"https:\/\/kunmedierne.dk\/thy\/sennels-spraenger-alle-rammer-indsamlig-til-koebmandsbutik-naar-22-mio-kroner\/#primaryimage"},"image":{"@id":"https:\/\/kunmedierne.dk\/thy\/sennels-spraenger-alle-rammer-indsamlig-til-koebmandsbutik-naar-22-mio-kroner\/#primaryimage"},"thumbnailUrl":"https:\/\/kunmedierne.dk\/thy\/wp-content\/uploads\/sites\/2\/2026\/09\/Sennels-22-mio05-kopier.jpg","datePublished":"2026-09-04T19:40:48+00:00","dateModified":"2026-09-04T20:02:05+00:00","breadcrumb":{"@id":"https:\/\/kunmedierne.dk\/thy\/sennels-spraenger-alle-rammer-indsamlig-til-koebmandsbutik-naar-22-mio-kroner\/#breadcrumb"},"inLanguage":"da-DK","potentialAction":[{"@type":"ReadAction","target":["https:\/\/kunmedierne.dk\/thy\/sennels-spraenger-alle-rammer-indsamlig-til-koebmandsbutik-naar-22-mio-kroner\/"]}]},{"@type":"ImageObject","inLanguage":"da-DK","@id":"https:\/\/kunmedierne.dk\/thy\/sennels-spraenger-alle-rammer-indsamlig-til-koebmandsbutik-naar-22-mio-kroner\/#primaryimage","url":"https:\/\/kunmedierne.dk\/thy\/wp-content\/uploads\/sites\/2\/2026\/09\/Sennels-22-mio05-kopier.jpg","contentUrl":"https:\/\/kunmedierne.dk\/thy\/wp-content\/uploads\/sites\/2\/2026\/09\/Sennels-22-mio05-kopier.jpg","width":4373,"height":2911,"caption":"Sennels - 2,2 mio. kr. Foto: Jens Fogh-Andersen 040926"},{"@type":"BreadcrumbList","@id":"https:\/\/kunmedierne.dk\/thy\/sennels-spraenger-alle-rammer-indsamlig-til-koebmandsbutik-naar-22-mio-kroner\/#breadcrumb","itemListElement":[{"@type":"ListItem","position":1,"name":"Home","item":"https:\/\/kunmedierne.dk\/thy\/"},{"@type":"ListItem","position":2,"name":"Sennels spr\u00e6nger alle rammer: Indsamling til k\u00f8bmandsbutik n\u00e5r 2,2 mio. kroner"}]},{"@type":"WebSite","@id":"https:\/\/kunmedierne.dk\/thy\/#website","url":"https:\/\/kunmedierne.dk\/thy\/","name":"Thy","description":"et netmedie med journalistik om livet i Thy","publisher":{"@id":"https:\/\/kunmedierne.dk\/thy\/#organization"},"potentialAction":[{"@type":"SearchAction","target":{"@type":"EntryPoint","urlTemplate":"https:\/\/kunmedierne.dk\/thy\/?s={search_term_string}"},"query-input":{"@type":"PropertyValueSpecification","valueRequired":true,"valueName":"search_term_string"}}],"inLanguage":"da-DK"},{"@type":"Organization","@id":"https:\/\/kunmedierne.dk\/thy\/#organization","name":"Thy","url":"https:\/\/kunmedierne.dk\/thy\/","logo":{"@type":"ImageObject","inLanguage":"da-DK","@id":"https:\/\/kunmedierne.dk\/thy\/#\/schema\/logo\/image\/","url":"https:\/\/kunmedierne.dk\/thy\/wp-content\/uploads\/sites\/2\/2025\/04\/kunthy-logo.svg","contentUrl":"https:\/\/kunmedierne.dk\/thy\/wp-content\/uploads\/sites\/2\/2025\/04\/kunthy-logo.svg","caption":"Thy"},"image":{"@id":"https:\/\/kunmedierne.dk\/thy\/#\/schema\/logo\/image\/"}},{"@type":"Person","@id":"https:\/\/kunmedierne.dk\/thy\/#\/schema\/person\/88f5be46809ca2a5533760eb574fef93","name":"Jens Fogh Andersen","image":{"@type":"ImageObject","inLanguage":"da-DK","@id":"https:\/\/secure.gravatar.com\/avatar\/2b367a4ef139b1c41dccc9ee7af926b81f8b4cca3359772e86c7fd5ced26c0a3?s=96&d=mm&r=g","url":"https:\/\/secure.gravatar.com\/avatar\/2b367a4ef139b1c41dccc9ee7af926b81f8b4cca3359772e86c7fd5ced26c0a3?s=96&d=mm&r=g","contentUrl":"https:\/\/secure.gravatar.com\/avatar\/2b367a4ef139b1c41dccc9ee7af926b81f8b4cca3359772e86c7fd5ced26c0a3?s=96&d=mm&r=g","caption":"Jens Fogh Andersen"},"url":"https:\/\/kunmedierne.dk\/thy\/author\/jfa\/"}]}},"_links":{"self":[{"href":"https:\/\/kunmedierne.dk\/thy\/wp-json\/wp\/v2\/posts\/26585","targetHints":{"allow":["GET"]}}],"collection":[{"href":"https:\/\/kunmedierne.dk\/thy\/wp-json\/wp\/v2\/posts"}],"about":[{"href":"https:\/\/kunmedierne.dk\/thy\/wp-json\/wp\/v2\/types\/post"}],"author":[{"embeddable":true,"href":"https:\/\/kunmedierne.dk\/thy\/wp-json\/wp\/v2\/users\/4535"}],"replies":[{"embeddable":true,"href":"https:\/\/kunmedierne.dk\/thy\/wp-json\/wp\/v2\/comments?post=26585"}],"version-history":[{"count":11,"href":"https:\/\/kunmedierne.dk\/thy\/wp-json\/wp\/v2\/posts\/26585\/revisions"}],"predecessor-version":[{"id":26888,"href":"https:\/\/kunmedierne.dk\/thy\/wp-json\/wp\/v2\/posts\/26585\/revisions\/26888"}],"wp:attachment":[{"href":"https:\/\/kunmedierne.dk\/thy\/wp-json\/wp\/v2\/media?parent=26585"}],"wp:term":[{"taxonomy":"category","embeddable":true,"href":"https:\/\/kunmedierne.dk\/thy\/wp-json\/wp\/v2\/categories?post=26585"},{"taxonomy":"post_tag","embeddable":true,"href":"https:\/\/kunmedierne.dk\/thy\/wp-json\/wp\/v2\/tags?post=26585"}],"curies":[{"name":"wp","href":"https:\/\/api.w.org\/{rel}","templated":true}]}}