{"id":26583,"date":"2026-08-31T18:35:33","date_gmt":"2026-08-31T16:35:33","guid":{"rendered":"https:\/\/kunmedierne.dk\/thy\/?p=26583"},"modified":"2026-08-31T17:15:29","modified_gmt":"2026-08-31T15:15:29","slug":"seniorboliger-i-tilsted-forberedelserne-kan-fortsaette","status":"publish","type":"post","link":"https:\/\/kunmedierne.dk\/thy\/seniorboliger-i-tilsted-forberedelserne-kan-fortsaette\/","title":{"rendered":"<span>Seniorboliger i Tilsted: <\/span>Forberedelserne kan forts\u00e6tte"},"content":{"rendered":"<p><strong>TILSTED:<\/strong> &#8211; Vi har hele tiden vidst, at der ville g\u00e5 op mod fire \u00e5r, fra vi begyndte at arbejde med planerne til vi kunne forvente at f\u00e5 en godkendelse, men da kommunalbestyrelsen i juni besluttede helt af lade v\u00e6re med at tage stilling til projektet f\u00f8r i 2027 eller m\u00e5ske senere, fordi der ikke var penge i budgettet, var vi afsk\u00e5ret fra at arbejde med planerne.<\/p>\n<p>Eskild Boeskov er et af medlemmerne i en arbejdsgruppe, som helt tilbage ved \u00e5rsskiftet 2023 &#8211; 2024 kontaktede Boligselskabet Viborg Amt for at dr\u00f8fte mulighederne for at opf\u00f8re et seniorbof\u00e6llesskab, &#8220;\u00c5dalen&#8221; p\u00e5 Silstrupvej i Tilsted som en afdeling under boligselskabet. Byggeriet omfatter 40 seniorboliger, som efter planen skal opf\u00f8res i to etaper med 20 boliger i hver.<\/p>\n<a class=\"dvrt-link\" onClick=\"cdmtrack_click(1130,jQuery(this));return false\" href=\"https:\/\/www.thistedforsikring.dk\/?utm_source=partnerskaber&amp;utm_campaign=kun_thy\"><img decoding=\"async\" style=\"width:100%;\" src=\"https:\/\/kunmedierne.dk\/thy\/wp-content\/uploads\/sites\/2\/2025\/04\/260409KunThyThisted-For-1.png\"><\/a><script>cdmtrack_view(1130);<\/script>\n<p>I juni i \u00e5r var tingene kommet s\u00e5 langt, at &#8220;\u00c5dalen&#8221; som det eneste af seks almene boligprojekter i kommunen var indstillet til at f\u00e5 forh\u00e5ndsgodkendelse til at opf\u00f8re de f\u00f8rste 20 af de planlagte 40 seniorboliger.<\/p>\n<p>Men i stedet for at f\u00f8lge forvaltningens indstilling sagde i f\u00f8rste omgang kommunens direktion og dern\u00e6st b\u00e5de udvalget for klima, milj\u00f8 og teknik samt \u00f8konomiudvalget &#8220;nej&#8221; &#8211; og det samme gjorde kommunalbestyrelsen, da den i juni i \u00e5r havde sagen p\u00e5 dagsordenen. Med henvisning til manglende penge p\u00e5 budgettet var beslutningen, at sagen skulle sagen genbehandles i 2027.<\/p>\n<div id=\"attachment_26636\" style=\"width: 490px\" class=\"wp-caption alignnone\"><img loading=\"lazy\" decoding=\"async\" aria-describedby=\"caption-attachment-26636\" class=\"wp-image-26636 size-full\" src=\"https:\/\/kunmedierne.dk\/thy\/wp-content\/uploads\/sites\/2\/2026\/08\/08_Eskild-Boeskov.jpg\" alt=\"\" width=\"480\" height=\"320\" srcset=\"https:\/\/kunmedierne.dk\/thy\/wp-content\/uploads\/sites\/2\/2026\/08\/08_Eskild-Boeskov.jpg 480w, https:\/\/kunmedierne.dk\/thy\/wp-content\/uploads\/sites\/2\/2026\/08\/08_Eskild-Boeskov-300x200.jpg 300w\" sizes=\"auto, (max-width: 480px) 100vw, 480px\" \/><p id=\"caption-attachment-26636\" class=\"wp-caption-text\">Eskild Boeskov er med i gruppen bag planerne om seniorbof\u00e6llesskabet &#8220;\u00c5dalen i Tilsted. Foto: Thisted Kommune.<\/p><\/div>\n<p>&nbsp;<\/p>\n<p>Nu er der imidlertid nyt i sagen. N\u00e5r udvalget for klima, milj\u00f8 og teknik m\u00f8des tirsdag 1. september, er &#8220;\u00c5dalen&#8221; igen p\u00e5 dagsordenen med samme indstilling, som der f\u00f8r sommerferien blev sagt &#8220;nej&#8221; til.<\/p>\n<a class=\"dvrt-link\" onClick=\"cdmtrack_click(19676,jQuery(this));return false\" href=\"https:\/\/www.jyskebank.dk\/kontakt\/afdelingsinfo?departmentid=11880\"><img decoding=\"async\" style=\"width:100%;\" src=\"https:\/\/kunmedierne.dk\/thy\/wp-content\/uploads\/sites\/2\/2026\/03\/260325JyskebankThyNy-1.jpg\"><\/a><script>cdmtrack_view(19676);<\/script>\n<p>Men p\u00e5 grund af nye oplysninger i sagen lyder indstillingen igen, at Thisted Kommune giver f\u00f8rste etape af &#8220;\u00c5dalen&#8221; en &#8220;positiv forh\u00e5ndstilkendegivelse&#8221;, som g\u00f8r det muligt at arbejde videre med projektet og lave det forel\u00f8bige budget for byggeriet ligesom arbejdet med at tilpasse s\u00e5vel den nuv\u00e6rende kommuneplan og lokalplanen for omr\u00e5det, s\u00e5 byggeriet kan rummes indenfor planerne.<\/p>\n<p>For Eskild Boeskov er det godt nyt. For hvis i f\u00f8rste omgang b\u00e5de udvalget for klima, milj\u00f8 og teknik samt \u00f8konomiudvalget samt senere i september ogs\u00e5 kommunalbestyrelsen siger &#8220;ja&#8221; til at forh\u00e5ndsgodkende byggeprojektet, er udsigt til et par \u00e5rs stilstand afl\u00f8st at muligheden f\u00f8r at arbejde videre med at udvikle planerne.<\/p>\n<p>&#8211; Forh\u00e5ndsgodkendelsen er helt n\u00f8dvendig for det videre arbejde b\u00e5de med lokalplaner, jordbundsunders\u00f8gelser og alle de andre ting, der skal v\u00e6re p\u00e5 plads, f\u00f8r det er muligt at bede kommunen om at godkende det forel\u00f8bige projekt for byggeriet, Eskild Boeskov om det videre arbejde frem mod den s\u00e5kaldte Skema A-godkendelse, hvor kommunen ud over en beskrivelse af byggeriet ogs\u00e5 skal tage stilling til et forel\u00f8bigt anl\u00e6gsregnskab og tage stilling til sp\u00f8rgsm\u00e5let om kommunalt tilskud til byggeriet. For &#8220;\u00c5dalen&#8221;s vedkommende et bel\u00f8b p\u00e5 4,925 mio. kroner.<\/p>\n<a class=\"dvrt-link\" onClick=\"cdmtrack_click(685,jQuery(this));return false\" href=\"https:\/\/wensien.dk\/begravelse\/?gad_source=1&gclid=Cj0KCQjwtJ6_BhDWARIsAGanmKcWw6hbeoepGti1oApJGHln52gMbg8EBRZ86__3P1AJZ5dcsw4ZvNEaAk7JEALw_wcB\"><img decoding=\"async\" style=\"width:100%;\" src=\"https:\/\/kunmedierne.dk\/thy\/wp-content\/uploads\/sites\/2\/2025\/03\/wensien-stenhugger.jpg\"><\/a><script>cdmtrack_view(685);<\/script>\n<p>Efter junis m\u00f8de i kommunalbestyrelsen var Eskild Boeskov til m\u00f8de med borgmester Niels J\u00f8rgen Pedersen, V.<\/p>\n<p>&#8211; Der var l\u00e6st op p\u00e5 sagen, og det viste sig, at de penge, der var brug for i forbindelse med en forh\u00e5ndsgodkendelse til &#8220;\u00c5dalen&#8221; var afsat til 2028\/29 &#8211; og derfor var der jo ingen grund til at udskyde behandlingen af sagen, konstaterer Eskild Boeskov.<\/p>\n<p>Derfor er der nu lagt op til en ny behandling af sagen. Denne gang med afs\u00e6t i, at vil v\u00e6re muligt at give en positiv forh\u00e5ndstilkendegivelse til byggeriet af de 20 seniorboliger, men ogs\u00e5 med en understregning af, at udbetaling af det kommunale grundkapitalindskud p\u00e5 4,925 mio. kroner tidligst sker med udgangen af 2028.<\/p>\n<p>&#8211; Med den tilkendegivelse f\u00e5r vi mulighed for at forberede en skema A-godkendelse i 2029\/29, og det passer med, at vi siden 2024 har arbejdet med, at det ville tage omkring fire \u00e5r at komme s\u00e5 langt, siger Eskild Boeskov.<\/p>\n<p>Han oplyser, at den usikkerhed, der har v\u00e6ret omkring tidsplanerne for byggeriet, ikke har p\u00e5virket forh\u00e5ndsinteressen. Der er fortsat 80 personer fordelt p\u00e5 60 husstande, som har vist interessen for en af de 20 boliger i f\u00f8rste etape af byggeriet.<\/p>\n","protected":false},"excerpt":{"rendered":"<p>TILSTED: &#8211; Vi har hele tiden vidst, at der ville g\u00e5 op mod fire \u00e5r, fra vi begyndte at arbejde med planerne til vi kunne forvente at f\u00e5 en godkendelse, men da kommunalbestyrelsen i juni besluttede helt af lade v\u00e6re med at tage stilling til projektet f\u00f8r i 2027 eller m\u00e5ske senere, fordi der ikke [&hellip;]<\/p>\n","protected":false},"author":4535,"featured_media":0,"comment_status":"closed","ping_status":"closed","sticky":false,"template":"","format":"standard","meta":{"_acf_changed":false,"footnotes":""},"categories":[24],"tags":[41,42],"class_list":["post-26583","post","type-post","status-publish","format-standard","hentry","category-lokalt","tag-boliger","tag-byggeri"],"acf":[],"yoast_head":"<!-- This site is optimized with the Yoast SEO plugin v27.7 - https:\/\/yoast.com\/product\/yoast-seo-wordpress\/ -->\n<title>Seniorboliger i Tilsted: Forberedelserne kan forts\u00e6tte - Thy<\/title>\n<meta name=\"robots\" content=\"index, follow, max-snippet:-1, max-image-preview:large, max-video-preview:-1\" \/>\n<link rel=\"canonical\" href=\"https:\/\/kunmedierne.dk\/thy\/seniorboliger-i-tilsted-forberedelserne-kan-fortsaette\/\" \/>\n<meta property=\"og:locale\" content=\"da_DK\" \/>\n<meta property=\"og:type\" content=\"article\" \/>\n<meta property=\"og:title\" content=\"Seniorboliger i Tilsted: Forberedelserne kan forts\u00e6tte - Thy\" \/>\n<meta property=\"og:description\" content=\"TILSTED: &#8211; Vi har hele tiden vidst, at der ville g\u00e5 op mod fire \u00e5r, fra vi begyndte at arbejde med planerne til vi kunne forvente at f\u00e5 en godkendelse, men da kommunalbestyrelsen i juni besluttede helt af lade v\u00e6re med at tage stilling til projektet f\u00f8r i 2027 eller m\u00e5ske senere, fordi der ikke [&hellip;]\" \/>\n<meta property=\"og:url\" content=\"https:\/\/kunmedierne.dk\/thy\/seniorboliger-i-tilsted-forberedelserne-kan-fortsaette\/\" \/>\n<meta property=\"og:site_name\" content=\"Thy\" \/>\n<meta property=\"article:published_time\" content=\"2026-08-31T16:35:33+00:00\" \/>\n<meta property=\"og:image\" content=\"https:\/\/kunmedierne.dk\/thy\/wp-content\/uploads\/sites\/2\/2026\/08\/08_Eskild-Boeskov.jpg\" \/>\n<meta name=\"author\" content=\"Jens Fogh Andersen\" \/>\n<meta name=\"twitter:card\" content=\"summary_large_image\" \/>\n<meta name=\"twitter:label1\" content=\"Skrevet af\" \/>\n\t<meta name=\"twitter:data1\" content=\"Jens Fogh Andersen\" \/>\n\t<meta name=\"twitter:label2\" content=\"Estimeret l\u00e6setid\" \/>\n\t<meta name=\"twitter:data2\" content=\"4 minutter\" \/>\n<script type=\"application\/ld+json\" class=\"yoast-schema-graph\">{\"@context\":\"https:\\\/\\\/schema.org\",\"@graph\":[{\"@type\":\"Article\",\"@id\":\"https:\\\/\\\/kunmedierne.dk\\\/thy\\\/seniorboliger-i-tilsted-forberedelserne-kan-fortsaette\\\/#article\",\"isPartOf\":{\"@id\":\"https:\\\/\\\/kunmedierne.dk\\\/thy\\\/seniorboliger-i-tilsted-forberedelserne-kan-fortsaette\\\/\"},\"author\":{\"name\":\"Jens Fogh Andersen\",\"@id\":\"https:\\\/\\\/kunmedierne.dk\\\/thy\\\/#\\\/schema\\\/person\\\/88f5be46809ca2a5533760eb574fef93\"},\"headline\":\"Seniorboliger i Tilsted: Forberedelserne kan forts\u00e6tte\",\"datePublished\":\"2026-08-31T16:35:33+00:00\",\"mainEntityOfPage\":{\"@id\":\"https:\\\/\\\/kunmedierne.dk\\\/thy\\\/seniorboliger-i-tilsted-forberedelserne-kan-fortsaette\\\/\"},\"wordCount\":718,\"publisher\":{\"@id\":\"https:\\\/\\\/kunmedierne.dk\\\/thy\\\/#organization\"},\"image\":{\"@id\":\"https:\\\/\\\/kunmedierne.dk\\\/thy\\\/seniorboliger-i-tilsted-forberedelserne-kan-fortsaette\\\/#primaryimage\"},\"thumbnailUrl\":\"https:\\\/\\\/kunmedierne.dk\\\/thy\\\/wp-content\\\/uploads\\\/sites\\\/2\\\/2026\\\/08\\\/08_Eskild-Boeskov.jpg\",\"keywords\":[\"Boliger\",\"Byggeri\"],\"articleSection\":[\"Lokalt\"],\"inLanguage\":\"da-DK\"},{\"@type\":\"WebPage\",\"@id\":\"https:\\\/\\\/kunmedierne.dk\\\/thy\\\/seniorboliger-i-tilsted-forberedelserne-kan-fortsaette\\\/\",\"url\":\"https:\\\/\\\/kunmedierne.dk\\\/thy\\\/seniorboliger-i-tilsted-forberedelserne-kan-fortsaette\\\/\",\"name\":\"Seniorboliger i Tilsted: Forberedelserne kan forts\u00e6tte - Thy\",\"isPartOf\":{\"@id\":\"https:\\\/\\\/kunmedierne.dk\\\/thy\\\/#website\"},\"primaryImageOfPage\":{\"@id\":\"https:\\\/\\\/kunmedierne.dk\\\/thy\\\/seniorboliger-i-tilsted-forberedelserne-kan-fortsaette\\\/#primaryimage\"},\"image\":{\"@id\":\"https:\\\/\\\/kunmedierne.dk\\\/thy\\\/seniorboliger-i-tilsted-forberedelserne-kan-fortsaette\\\/#primaryimage\"},\"thumbnailUrl\":\"https:\\\/\\\/kunmedierne.dk\\\/thy\\\/wp-content\\\/uploads\\\/sites\\\/2\\\/2026\\\/08\\\/08_Eskild-Boeskov.jpg\",\"datePublished\":\"2026-08-31T16:35:33+00:00\",\"breadcrumb\":{\"@id\":\"https:\\\/\\\/kunmedierne.dk\\\/thy\\\/seniorboliger-i-tilsted-forberedelserne-kan-fortsaette\\\/#breadcrumb\"},\"inLanguage\":\"da-DK\",\"potentialAction\":[{\"@type\":\"ReadAction\",\"target\":[\"https:\\\/\\\/kunmedierne.dk\\\/thy\\\/seniorboliger-i-tilsted-forberedelserne-kan-fortsaette\\\/\"]}]},{\"@type\":\"ImageObject\",\"inLanguage\":\"da-DK\",\"@id\":\"https:\\\/\\\/kunmedierne.dk\\\/thy\\\/seniorboliger-i-tilsted-forberedelserne-kan-fortsaette\\\/#primaryimage\",\"url\":\"https:\\\/\\\/kunmedierne.dk\\\/thy\\\/wp-content\\\/uploads\\\/sites\\\/2\\\/2026\\\/08\\\/08_Eskild-Boeskov.jpg\",\"contentUrl\":\"https:\\\/\\\/kunmedierne.dk\\\/thy\\\/wp-content\\\/uploads\\\/sites\\\/2\\\/2026\\\/08\\\/08_Eskild-Boeskov.jpg\",\"width\":480,\"height\":320,\"caption\":\"Eskild Boeskov\"},{\"@type\":\"BreadcrumbList\",\"@id\":\"https:\\\/\\\/kunmedierne.dk\\\/thy\\\/seniorboliger-i-tilsted-forberedelserne-kan-fortsaette\\\/#breadcrumb\",\"itemListElement\":[{\"@type\":\"ListItem\",\"position\":1,\"name\":\"Home\",\"item\":\"https:\\\/\\\/kunmedierne.dk\\\/thy\\\/\"},{\"@type\":\"ListItem\",\"position\":2,\"name\":\"Seniorboliger i Tilsted: Forberedelserne kan forts\u00e6tte\"}]},{\"@type\":\"WebSite\",\"@id\":\"https:\\\/\\\/kunmedierne.dk\\\/thy\\\/#website\",\"url\":\"https:\\\/\\\/kunmedierne.dk\\\/thy\\\/\",\"name\":\"Thy\",\"description\":\"et netmedie med journalistik om livet i Thy\",\"publisher\":{\"@id\":\"https:\\\/\\\/kunmedierne.dk\\\/thy\\\/#organization\"},\"potentialAction\":[{\"@type\":\"SearchAction\",\"target\":{\"@type\":\"EntryPoint\",\"urlTemplate\":\"https:\\\/\\\/kunmedierne.dk\\\/thy\\\/?s={search_term_string}\"},\"query-input\":{\"@type\":\"PropertyValueSpecification\",\"valueRequired\":true,\"valueName\":\"search_term_string\"}}],\"inLanguage\":\"da-DK\"},{\"@type\":\"Organization\",\"@id\":\"https:\\\/\\\/kunmedierne.dk\\\/thy\\\/#organization\",\"name\":\"Thy\",\"url\":\"https:\\\/\\\/kunmedierne.dk\\\/thy\\\/\",\"logo\":{\"@type\":\"ImageObject\",\"inLanguage\":\"da-DK\",\"@id\":\"https:\\\/\\\/kunmedierne.dk\\\/thy\\\/#\\\/schema\\\/logo\\\/image\\\/\",\"url\":\"https:\\\/\\\/kunmedierne.dk\\\/thy\\\/wp-content\\\/uploads\\\/sites\\\/2\\\/2025\\\/04\\\/kunthy-logo.svg\",\"contentUrl\":\"https:\\\/\\\/kunmedierne.dk\\\/thy\\\/wp-content\\\/uploads\\\/sites\\\/2\\\/2025\\\/04\\\/kunthy-logo.svg\",\"caption\":\"Thy\"},\"image\":{\"@id\":\"https:\\\/\\\/kunmedierne.dk\\\/thy\\\/#\\\/schema\\\/logo\\\/image\\\/\"}},{\"@type\":\"Person\",\"@id\":\"https:\\\/\\\/kunmedierne.dk\\\/thy\\\/#\\\/schema\\\/person\\\/88f5be46809ca2a5533760eb574fef93\",\"name\":\"Jens Fogh Andersen\",\"image\":{\"@type\":\"ImageObject\",\"inLanguage\":\"da-DK\",\"@id\":\"https:\\\/\\\/secure.gravatar.com\\\/avatar\\\/2b367a4ef139b1c41dccc9ee7af926b81f8b4cca3359772e86c7fd5ced26c0a3?s=96&d=mm&r=g\",\"url\":\"https:\\\/\\\/secure.gravatar.com\\\/avatar\\\/2b367a4ef139b1c41dccc9ee7af926b81f8b4cca3359772e86c7fd5ced26c0a3?s=96&d=mm&r=g\",\"contentUrl\":\"https:\\\/\\\/secure.gravatar.com\\\/avatar\\\/2b367a4ef139b1c41dccc9ee7af926b81f8b4cca3359772e86c7fd5ced26c0a3?s=96&d=mm&r=g\",\"caption\":\"Jens Fogh Andersen\"},\"url\":\"https:\\\/\\\/kunmedierne.dk\\\/thy\\\/author\\\/jfa\\\/\"}]}<\/script>\n<!-- \/ Yoast SEO plugin. -->","yoast_head_json":{"title":"Seniorboliger i Tilsted: Forberedelserne kan forts\u00e6tte - Thy","robots":{"index":"index","follow":"follow","max-snippet":"max-snippet:-1","max-image-preview":"max-image-preview:large","max-video-preview":"max-video-preview:-1"},"canonical":"https:\/\/kunmedierne.dk\/thy\/seniorboliger-i-tilsted-forberedelserne-kan-fortsaette\/","og_locale":"da_DK","og_type":"article","og_title":"Seniorboliger i Tilsted: Forberedelserne kan forts\u00e6tte - Thy","og_description":"TILSTED: &#8211; Vi har hele tiden vidst, at der ville g\u00e5 op mod fire \u00e5r, fra vi begyndte at arbejde med planerne til vi kunne forvente at f\u00e5 en godkendelse, men da kommunalbestyrelsen i juni besluttede helt af lade v\u00e6re med at tage stilling til projektet f\u00f8r i 2027 eller m\u00e5ske senere, fordi der ikke [&hellip;]","og_url":"https:\/\/kunmedierne.dk\/thy\/seniorboliger-i-tilsted-forberedelserne-kan-fortsaette\/","og_site_name":"Thy","article_published_time":"2026-08-31T16:35:33+00:00","og_image":[{"url":"https:\/\/kunmedierne.dk\/thy\/wp-content\/uploads\/sites\/2\/2026\/08\/08_Eskild-Boeskov.jpg","type":"","width":"","height":""}],"author":"Jens Fogh Andersen","twitter_card":"summary_large_image","twitter_misc":{"Skrevet af":"Jens Fogh Andersen","Estimeret l\u00e6setid":"4 minutter"},"schema":{"@context":"https:\/\/schema.org","@graph":[{"@type":"Article","@id":"https:\/\/kunmedierne.dk\/thy\/seniorboliger-i-tilsted-forberedelserne-kan-fortsaette\/#article","isPartOf":{"@id":"https:\/\/kunmedierne.dk\/thy\/seniorboliger-i-tilsted-forberedelserne-kan-fortsaette\/"},"author":{"name":"Jens Fogh Andersen","@id":"https:\/\/kunmedierne.dk\/thy\/#\/schema\/person\/88f5be46809ca2a5533760eb574fef93"},"headline":"Seniorboliger i Tilsted: Forberedelserne kan forts\u00e6tte","datePublished":"2026-08-31T16:35:33+00:00","mainEntityOfPage":{"@id":"https:\/\/kunmedierne.dk\/thy\/seniorboliger-i-tilsted-forberedelserne-kan-fortsaette\/"},"wordCount":718,"publisher":{"@id":"https:\/\/kunmedierne.dk\/thy\/#organization"},"image":{"@id":"https:\/\/kunmedierne.dk\/thy\/seniorboliger-i-tilsted-forberedelserne-kan-fortsaette\/#primaryimage"},"thumbnailUrl":"https:\/\/kunmedierne.dk\/thy\/wp-content\/uploads\/sites\/2\/2026\/08\/08_Eskild-Boeskov.jpg","keywords":["Boliger","Byggeri"],"articleSection":["Lokalt"],"inLanguage":"da-DK"},{"@type":"WebPage","@id":"https:\/\/kunmedierne.dk\/thy\/seniorboliger-i-tilsted-forberedelserne-kan-fortsaette\/","url":"https:\/\/kunmedierne.dk\/thy\/seniorboliger-i-tilsted-forberedelserne-kan-fortsaette\/","name":"Seniorboliger i Tilsted: Forberedelserne kan forts\u00e6tte - Thy","isPartOf":{"@id":"https:\/\/kunmedierne.dk\/thy\/#website"},"primaryImageOfPage":{"@id":"https:\/\/kunmedierne.dk\/thy\/seniorboliger-i-tilsted-forberedelserne-kan-fortsaette\/#primaryimage"},"image":{"@id":"https:\/\/kunmedierne.dk\/thy\/seniorboliger-i-tilsted-forberedelserne-kan-fortsaette\/#primaryimage"},"thumbnailUrl":"https:\/\/kunmedierne.dk\/thy\/wp-content\/uploads\/sites\/2\/2026\/08\/08_Eskild-Boeskov.jpg","datePublished":"2026-08-31T16:35:33+00:00","breadcrumb":{"@id":"https:\/\/kunmedierne.dk\/thy\/seniorboliger-i-tilsted-forberedelserne-kan-fortsaette\/#breadcrumb"},"inLanguage":"da-DK","potentialAction":[{"@type":"ReadAction","target":["https:\/\/kunmedierne.dk\/thy\/seniorboliger-i-tilsted-forberedelserne-kan-fortsaette\/"]}]},{"@type":"ImageObject","inLanguage":"da-DK","@id":"https:\/\/kunmedierne.dk\/thy\/seniorboliger-i-tilsted-forberedelserne-kan-fortsaette\/#primaryimage","url":"https:\/\/kunmedierne.dk\/thy\/wp-content\/uploads\/sites\/2\/2026\/08\/08_Eskild-Boeskov.jpg","contentUrl":"https:\/\/kunmedierne.dk\/thy\/wp-content\/uploads\/sites\/2\/2026\/08\/08_Eskild-Boeskov.jpg","width":480,"height":320,"caption":"Eskild Boeskov"},{"@type":"BreadcrumbList","@id":"https:\/\/kunmedierne.dk\/thy\/seniorboliger-i-tilsted-forberedelserne-kan-fortsaette\/#breadcrumb","itemListElement":[{"@type":"ListItem","position":1,"name":"Home","item":"https:\/\/kunmedierne.dk\/thy\/"},{"@type":"ListItem","position":2,"name":"Seniorboliger i Tilsted: Forberedelserne kan forts\u00e6tte"}]},{"@type":"WebSite","@id":"https:\/\/kunmedierne.dk\/thy\/#website","url":"https:\/\/kunmedierne.dk\/thy\/","name":"Thy","description":"et netmedie med journalistik om livet i Thy","publisher":{"@id":"https:\/\/kunmedierne.dk\/thy\/#organization"},"potentialAction":[{"@type":"SearchAction","target":{"@type":"EntryPoint","urlTemplate":"https:\/\/kunmedierne.dk\/thy\/?s={search_term_string}"},"query-input":{"@type":"PropertyValueSpecification","valueRequired":true,"valueName":"search_term_string"}}],"inLanguage":"da-DK"},{"@type":"Organization","@id":"https:\/\/kunmedierne.dk\/thy\/#organization","name":"Thy","url":"https:\/\/kunmedierne.dk\/thy\/","logo":{"@type":"ImageObject","inLanguage":"da-DK","@id":"https:\/\/kunmedierne.dk\/thy\/#\/schema\/logo\/image\/","url":"https:\/\/kunmedierne.dk\/thy\/wp-content\/uploads\/sites\/2\/2025\/04\/kunthy-logo.svg","contentUrl":"https:\/\/kunmedierne.dk\/thy\/wp-content\/uploads\/sites\/2\/2025\/04\/kunthy-logo.svg","caption":"Thy"},"image":{"@id":"https:\/\/kunmedierne.dk\/thy\/#\/schema\/logo\/image\/"}},{"@type":"Person","@id":"https:\/\/kunmedierne.dk\/thy\/#\/schema\/person\/88f5be46809ca2a5533760eb574fef93","name":"Jens Fogh Andersen","image":{"@type":"ImageObject","inLanguage":"da-DK","@id":"https:\/\/secure.gravatar.com\/avatar\/2b367a4ef139b1c41dccc9ee7af926b81f8b4cca3359772e86c7fd5ced26c0a3?s=96&d=mm&r=g","url":"https:\/\/secure.gravatar.com\/avatar\/2b367a4ef139b1c41dccc9ee7af926b81f8b4cca3359772e86c7fd5ced26c0a3?s=96&d=mm&r=g","contentUrl":"https:\/\/secure.gravatar.com\/avatar\/2b367a4ef139b1c41dccc9ee7af926b81f8b4cca3359772e86c7fd5ced26c0a3?s=96&d=mm&r=g","caption":"Jens Fogh Andersen"},"url":"https:\/\/kunmedierne.dk\/thy\/author\/jfa\/"}]}},"_links":{"self":[{"href":"https:\/\/kunmedierne.dk\/thy\/wp-json\/wp\/v2\/posts\/26583","targetHints":{"allow":["GET"]}}],"collection":[{"href":"https:\/\/kunmedierne.dk\/thy\/wp-json\/wp\/v2\/posts"}],"about":[{"href":"https:\/\/kunmedierne.dk\/thy\/wp-json\/wp\/v2\/types\/post"}],"author":[{"embeddable":true,"href":"https:\/\/kunmedierne.dk\/thy\/wp-json\/wp\/v2\/users\/4535"}],"replies":[{"embeddable":true,"href":"https:\/\/kunmedierne.dk\/thy\/wp-json\/wp\/v2\/comments?post=26583"}],"version-history":[{"count":5,"href":"https:\/\/kunmedierne.dk\/thy\/wp-json\/wp\/v2\/posts\/26583\/revisions"}],"predecessor-version":[{"id":26656,"href":"https:\/\/kunmedierne.dk\/thy\/wp-json\/wp\/v2\/posts\/26583\/revisions\/26656"}],"wp:attachment":[{"href":"https:\/\/kunmedierne.dk\/thy\/wp-json\/wp\/v2\/media?parent=26583"}],"wp:term":[{"taxonomy":"category","embeddable":true,"href":"https:\/\/kunmedierne.dk\/thy\/wp-json\/wp\/v2\/categories?post=26583"},{"taxonomy":"post_tag","embeddable":true,"href":"https:\/\/kunmedierne.dk\/thy\/wp-json\/wp\/v2\/tags?post=26583"}],"curies":[{"name":"wp","href":"https:\/\/api.w.org\/{rel}","templated":true}]}}